{"id":10211,"date":"2022-08-18T13:27:41","date_gmt":"2022-08-18T16:27:41","guid":{"rendered":"http:\/\/10.101.10.196\/www\/?p=10211"},"modified":"2022-09-07T09:25:08","modified_gmt":"2022-09-07T12:25:08","slug":"iniciaron-las-actividades-del-trayecto-tecnico-profesional-en-el-uso-de-plataformas-digitales-para-la-industria-4-0","status":"publish","type":"post","link":"https:\/\/www.fica.unsl.edu.ar\/index.php\/iniciaron-las-actividades-del-trayecto-tecnico-profesional-en-el-uso-de-plataformas-digitales-para-la-industria-4-0\/","title":{"rendered":"Iniciaron las actividades del Trayecto T\u00e9cnico Profesional en el uso de Plataformas Digitales para la Industria 4.0"},"content":{"rendered":"<p>Finalizadas las etapas de inscripciones y capacitaci\u00f3n docente, la FICA junto a la FCFMyN comenzaron en Villa Mercedes, el dictado del Trayecto T\u00e9cnico Profesional en el uso de Plataformas Digitales para la Industria 4.0. El acto de bienvenida, que se llev\u00f3 a cabo en el aula 10 del campus, estuvo a cargo del Decano de la FICA, Mgtr. Sergio Ribotta y la Coordinadora del Trayecto, Lic. Mariela Rosa, ante la presencia de autoridades de la FICA, equipo docente y estudiantes.<\/p>\n<p>Esta propuesta formativa fue presentada conjuntamente por la Facultad de Ciencias F\u00edsico Matem\u00e1ticas y Naturales (FCFMyN) y la Facultad de Ingenier\u00eda y Ciencias Agropecuarias (FICA) logrando la aprobaci\u00f3n de la Secretar\u00eda de Pol\u00edticas Universitarias (SPU). Fue creado para personas de 18 a\u00f1os en adelante que deben tener aprobado m\u00ednimamente, el segundo a\u00f1o del nivel secundario. La duraci\u00f3n de la cursada ser\u00e1 de 18 meses de forma presencial.<\/p>\n<p><img fetchpriority=\"high\" decoding=\"async\" class=\"aligncenter size-full wp-image-10213\" src=\"https:\/\/www.fica.unsl.edu.ar\/wp-content\/uploads\/2022\/08\/trayecto-inicio-02.jpg\" alt=\"\" width=\"1280\" height=\"960\" srcset=\"https:\/\/www.fica.unsl.edu.ar\/wp-content\/uploads\/2022\/08\/trayecto-inicio-02.jpg 1280w, https:\/\/www.fica.unsl.edu.ar\/wp-content\/uploads\/2022\/08\/trayecto-inicio-02-300x225.jpg 300w, https:\/\/www.fica.unsl.edu.ar\/wp-content\/uploads\/2022\/08\/trayecto-inicio-02-1024x768.jpg 1024w, https:\/\/www.fica.unsl.edu.ar\/wp-content\/uploads\/2022\/08\/trayecto-inicio-02-768x576.jpg 768w\" sizes=\"(max-width: 1280px) 100vw, 1280px\" \/><\/p>\n<p>Los lugares de dictado son\u00a0 en la ciudad de Villa Mercedes, precisamente en el campus de la FICA\u00a0 (Ruta Prov. N\u00ba 55 &#8211; Ex. 148) y en la ciudad de San Luis, en las aulas pertenecientes a la Facultad de Ciencias F\u00edsico Matem\u00e1ticas y Naturales (FCFMyN) de la UNSL. El estudiante que complete el Trayecto T\u00e9cnico Profesional obtendr\u00e1 la certificaci\u00f3n del IPAU-UNSL: \u201cT\u00e9cnico en uso de plataformas digitales para la Industria 4.0\u201d, acreditando 324 horas de formaci\u00f3n.<\/p>\n","protected":false},"excerpt":{"rendered":"<p>Finalizadas las etapas de inscripciones y capacitaci\u00f3n docente, la FICA junto a la FCFMyN comenzaron en Villa Mercedes, el dictado del Trayecto T\u00e9cnico Profesional en&hellip;<\/p>\n","protected":false},"author":9,"featured_media":10212,"comment_status":"closed","ping_status":"closed","sticky":false,"template":"","format":"standard","meta":{"_monsterinsights_skip_tracking":false,"_monsterinsights_sitenote_active":false,"_monsterinsights_sitenote_note":"","_monsterinsights_sitenote_category":0,"_joinchat":[],"footnotes":""},"categories":[19],"tags":[],"class_list":["post-10211","post","type-post","status-publish","format-standard","has-post-thumbnail","hentry","category-noticias"],"yoast_head":"<!-- This site is optimized with the Yoast SEO plugin v27.4 - https:\/\/yoast.com\/product\/yoast-seo-wordpress\/ -->\n<title>Iniciaron las actividades del Trayecto T\u00e9cnico Profesional en el uso de Plataformas Digitales para la Industria 4.0 - Facultad de Ingenier\u00eda y Ciencias Agropecuarias<\/title>\n<meta name=\"robots\" content=\"index, follow, max-snippet:-1, max-image-preview:large, max-video-preview:-1\" \/>\n<link rel=\"canonical\" href=\"https:\/\/www.fica.unsl.edu.ar\/index.php\/iniciaron-las-actividades-del-trayecto-tecnico-profesional-en-el-uso-de-plataformas-digitales-para-la-industria-4-0\/\" \/>\n<meta property=\"og:locale\" content=\"es_ES\" \/>\n<meta property=\"og:type\" content=\"article\" \/>\n<meta property=\"og:title\" content=\"Iniciaron las actividades del Trayecto T\u00e9cnico Profesional en el uso de Plataformas Digitales para la Industria 4.0 - Facultad de Ingenier\u00eda y Ciencias Agropecuarias\" \/>\n<meta property=\"og:description\" content=\"Finalizadas las etapas de inscripciones y capacitaci\u00f3n docente, la FICA junto a la FCFMyN comenzaron en Villa Mercedes, el dictado del Trayecto T\u00e9cnico Profesional en&hellip;\" \/>\n<meta property=\"og:url\" content=\"https:\/\/www.fica.unsl.edu.ar\/index.php\/iniciaron-las-actividades-del-trayecto-tecnico-profesional-en-el-uso-de-plataformas-digitales-para-la-industria-4-0\/\" \/>\n<meta property=\"og:site_name\" content=\"Facultad de Ingenier\u00eda y Ciencias Agropecuarias\" \/>\n<meta property=\"article:publisher\" content=\"https:\/\/www.facebook.com\/FICA.UNSL\/\" \/>\n<meta property=\"article:published_time\" content=\"2022-08-18T16:27:41+00:00\" \/>\n<meta property=\"article:modified_time\" content=\"2022-09-07T12:25:08+00:00\" \/>\n<meta property=\"og:image\" content=\"https:\/\/www.fica.unsl.edu.ar\/wp-content\/uploads\/2022\/08\/trayecto-inicio-front.jpg\" \/>\n\t<meta property=\"og:image:width\" content=\"1061\" \/>\n\t<meta property=\"og:image:height\" content=\"585\" \/>\n\t<meta property=\"og:image:type\" content=\"image\/jpeg\" \/>\n<meta name=\"author\" content=\"DATI\" \/>\n<meta name=\"twitter:card\" content=\"summary_large_image\" \/>\n<meta name=\"twitter:creator\" content=\"@FICAUNSL\" \/>\n<meta name=\"twitter:site\" content=\"@FICAUNSL\" \/>\n<meta name=\"twitter:label1\" content=\"Escrito por\" \/>\n\t<meta name=\"twitter:data1\" content=\"DATI\" \/>\n\t<meta name=\"twitter:label2\" content=\"Tiempo de lectura\" \/>\n\t<meta name=\"twitter:data2\" content=\"2 minutos\" \/>\n<script type=\"application\/ld+json\" class=\"yoast-schema-graph\">{\"@context\":\"https:\\\/\\\/schema.org\",\"@graph\":[{\"@type\":\"Article\",\"@id\":\"https:\\\/\\\/www.fica.unsl.edu.ar\\\/index.php\\\/iniciaron-las-actividades-del-trayecto-tecnico-profesional-en-el-uso-de-plataformas-digitales-para-la-industria-4-0\\\/#article\",\"isPartOf\":{\"@id\":\"https:\\\/\\\/www.fica.unsl.edu.ar\\\/index.php\\\/iniciaron-las-actividades-del-trayecto-tecnico-profesional-en-el-uso-de-plataformas-digitales-para-la-industria-4-0\\\/\"},\"author\":{\"name\":\"DATI\",\"@id\":\"https:\\\/\\\/www.fica.unsl.edu.ar\\\/#\\\/schema\\\/person\\\/6058f9c66301868d3a691b1f5d6c3544\"},\"headline\":\"Iniciaron las actividades del Trayecto T\u00e9cnico Profesional en el uso de Plataformas Digitales para la Industria 4.0\",\"datePublished\":\"2022-08-18T16:27:41+00:00\",\"dateModified\":\"2022-09-07T12:25:08+00:00\",\"mainEntityOfPage\":{\"@id\":\"https:\\\/\\\/www.fica.unsl.edu.ar\\\/index.php\\\/iniciaron-las-actividades-del-trayecto-tecnico-profesional-en-el-uso-de-plataformas-digitales-para-la-industria-4-0\\\/\"},\"wordCount\":251,\"publisher\":{\"@id\":\"https:\\\/\\\/www.fica.unsl.edu.ar\\\/#organization\"},\"image\":{\"@id\":\"https:\\\/\\\/www.fica.unsl.edu.ar\\\/index.php\\\/iniciaron-las-actividades-del-trayecto-tecnico-profesional-en-el-uso-de-plataformas-digitales-para-la-industria-4-0\\\/#primaryimage\"},\"thumbnailUrl\":\"https:\\\/\\\/www.fica.unsl.edu.ar\\\/wp-content\\\/uploads\\\/2022\\\/08\\\/trayecto-inicio-front.jpg\",\"articleSection\":[\"Noticias\"],\"inLanguage\":\"es-AR\"},{\"@type\":\"WebPage\",\"@id\":\"https:\\\/\\\/www.fica.unsl.edu.ar\\\/index.php\\\/iniciaron-las-actividades-del-trayecto-tecnico-profesional-en-el-uso-de-plataformas-digitales-para-la-industria-4-0\\\/\",\"url\":\"https:\\\/\\\/www.fica.unsl.edu.ar\\\/index.php\\\/iniciaron-las-actividades-del-trayecto-tecnico-profesional-en-el-uso-de-plataformas-digitales-para-la-industria-4-0\\\/\",\"name\":\"Iniciaron las actividades del Trayecto T\u00e9cnico Profesional en el uso de Plataformas Digitales para la Industria 4.0 - Facultad de Ingenier\u00eda y Ciencias Agropecuarias\",\"isPartOf\":{\"@id\":\"https:\\\/\\\/www.fica.unsl.edu.ar\\\/#website\"},\"primaryImageOfPage\":{\"@id\":\"https:\\\/\\\/www.fica.unsl.edu.ar\\\/index.php\\\/iniciaron-las-actividades-del-trayecto-tecnico-profesional-en-el-uso-de-plataformas-digitales-para-la-industria-4-0\\\/#primaryimage\"},\"image\":{\"@id\":\"https:\\\/\\\/www.fica.unsl.edu.ar\\\/index.php\\\/iniciaron-las-actividades-del-trayecto-tecnico-profesional-en-el-uso-de-plataformas-digitales-para-la-industria-4-0\\\/#primaryimage\"},\"thumbnailUrl\":\"https:\\\/\\\/www.fica.unsl.edu.ar\\\/wp-content\\\/uploads\\\/2022\\\/08\\\/trayecto-inicio-front.jpg\",\"datePublished\":\"2022-08-18T16:27:41+00:00\",\"dateModified\":\"2022-09-07T12:25:08+00:00\",\"inLanguage\":\"es-AR\",\"potentialAction\":[{\"@type\":\"ReadAction\",\"target\":[\"https:\\\/\\\/www.fica.unsl.edu.ar\\\/index.php\\\/iniciaron-las-actividades-del-trayecto-tecnico-profesional-en-el-uso-de-plataformas-digitales-para-la-industria-4-0\\\/\"]}]},{\"@type\":\"ImageObject\",\"inLanguage\":\"es-AR\",\"@id\":\"https:\\\/\\\/www.fica.unsl.edu.ar\\\/index.php\\\/iniciaron-las-actividades-del-trayecto-tecnico-profesional-en-el-uso-de-plataformas-digitales-para-la-industria-4-0\\\/#primaryimage\",\"url\":\"https:\\\/\\\/www.fica.unsl.edu.ar\\\/wp-content\\\/uploads\\\/2022\\\/08\\\/trayecto-inicio-front.jpg\",\"contentUrl\":\"https:\\\/\\\/www.fica.unsl.edu.ar\\\/wp-content\\\/uploads\\\/2022\\\/08\\\/trayecto-inicio-front.jpg\",\"width\":1061,\"height\":585},{\"@type\":\"WebSite\",\"@id\":\"https:\\\/\\\/www.fica.unsl.edu.ar\\\/#website\",\"url\":\"https:\\\/\\\/www.fica.unsl.edu.ar\\\/\",\"name\":\"Facultad de Ingenier\u00eda y Ciencias Agropecuarias\",\"description\":\"\",\"publisher\":{\"@id\":\"https:\\\/\\\/www.fica.unsl.edu.ar\\\/#organization\"},\"potentialAction\":[{\"@type\":\"SearchAction\",\"target\":{\"@type\":\"EntryPoint\",\"urlTemplate\":\"https:\\\/\\\/www.fica.unsl.edu.ar\\\/?s={search_term_string}\"},\"query-input\":{\"@type\":\"PropertyValueSpecification\",\"valueRequired\":true,\"valueName\":\"search_term_string\"}}],\"inLanguage\":\"es-AR\"},{\"@type\":\"Organization\",\"@id\":\"https:\\\/\\\/www.fica.unsl.edu.ar\\\/#organization\",\"name\":\"Facultad de Ingenier\u00eda y Ciencias Agropecuarias\",\"url\":\"https:\\\/\\\/www.fica.unsl.edu.ar\\\/\",\"logo\":{\"@type\":\"ImageObject\",\"inLanguage\":\"es-AR\",\"@id\":\"https:\\\/\\\/www.fica.unsl.edu.ar\\\/#\\\/schema\\\/logo\\\/image\\\/\",\"url\":\"https:\\\/\\\/www.fica.unsl.edu.ar\\\/wp-content\\\/uploads\\\/2021\\\/03\\\/LOGO-1.jpg\",\"contentUrl\":\"https:\\\/\\\/www.fica.unsl.edu.ar\\\/wp-content\\\/uploads\\\/2021\\\/03\\\/LOGO-1.jpg\",\"width\":463,\"height\":145,\"caption\":\"Facultad de Ingenier\u00eda y Ciencias Agropecuarias\"},\"image\":{\"@id\":\"https:\\\/\\\/www.fica.unsl.edu.ar\\\/#\\\/schema\\\/logo\\\/image\\\/\"},\"sameAs\":[\"https:\\\/\\\/www.facebook.com\\\/FICA.UNSL\\\/\",\"https:\\\/\\\/x.com\\\/FICAUNSL\",\"https:\\\/\\\/www.instagram.com\\\/fica.unsl\\\/\",\"https:\\\/\\\/www.youtube.com\\\/channel\\\/UCs2MM53gb2PyBrMySdtWZDQ\"]},{\"@type\":\"Person\",\"@id\":\"https:\\\/\\\/www.fica.unsl.edu.ar\\\/#\\\/schema\\\/person\\\/6058f9c66301868d3a691b1f5d6c3544\",\"name\":\"DATI\"}]}<\/script>\n<!-- \/ Yoast SEO plugin. -->","yoast_head_json":{"title":"Iniciaron las actividades del Trayecto T\u00e9cnico Profesional en el uso de Plataformas Digitales para la Industria 4.0 - Facultad de Ingenier\u00eda y Ciencias Agropecuarias","robots":{"index":"index","follow":"follow","max-snippet":"max-snippet:-1","max-image-preview":"max-image-preview:large","max-video-preview":"max-video-preview:-1"},"canonical":"https:\/\/www.fica.unsl.edu.ar\/index.php\/iniciaron-las-actividades-del-trayecto-tecnico-profesional-en-el-uso-de-plataformas-digitales-para-la-industria-4-0\/","og_locale":"es_ES","og_type":"article","og_title":"Iniciaron las actividades del Trayecto T\u00e9cnico Profesional en el uso de Plataformas Digitales para la Industria 4.0 - Facultad de Ingenier\u00eda y Ciencias Agropecuarias","og_description":"Finalizadas las etapas de inscripciones y capacitaci\u00f3n docente, la FICA junto a la FCFMyN comenzaron en Villa Mercedes, el dictado del Trayecto T\u00e9cnico Profesional en&hellip;","og_url":"https:\/\/www.fica.unsl.edu.ar\/index.php\/iniciaron-las-actividades-del-trayecto-tecnico-profesional-en-el-uso-de-plataformas-digitales-para-la-industria-4-0\/","og_site_name":"Facultad de Ingenier\u00eda y Ciencias Agropecuarias","article_publisher":"https:\/\/www.facebook.com\/FICA.UNSL\/","article_published_time":"2022-08-18T16:27:41+00:00","article_modified_time":"2022-09-07T12:25:08+00:00","og_image":[{"width":1061,"height":585,"url":"https:\/\/www.fica.unsl.edu.ar\/wp-content\/uploads\/2022\/08\/trayecto-inicio-front.jpg","type":"image\/jpeg"}],"author":"DATI","twitter_card":"summary_large_image","twitter_creator":"@FICAUNSL","twitter_site":"@FICAUNSL","twitter_misc":{"Escrito por":"DATI","Tiempo de lectura":"2 minutos"},"schema":{"@context":"https:\/\/schema.org","@graph":[{"@type":"Article","@id":"https:\/\/www.fica.unsl.edu.ar\/index.php\/iniciaron-las-actividades-del-trayecto-tecnico-profesional-en-el-uso-de-plataformas-digitales-para-la-industria-4-0\/#article","isPartOf":{"@id":"https:\/\/www.fica.unsl.edu.ar\/index.php\/iniciaron-las-actividades-del-trayecto-tecnico-profesional-en-el-uso-de-plataformas-digitales-para-la-industria-4-0\/"},"author":{"name":"DATI","@id":"https:\/\/www.fica.unsl.edu.ar\/#\/schema\/person\/6058f9c66301868d3a691b1f5d6c3544"},"headline":"Iniciaron las actividades del Trayecto T\u00e9cnico Profesional en el uso de Plataformas Digitales para la Industria 4.0","datePublished":"2022-08-18T16:27:41+00:00","dateModified":"2022-09-07T12:25:08+00:00","mainEntityOfPage":{"@id":"https:\/\/www.fica.unsl.edu.ar\/index.php\/iniciaron-las-actividades-del-trayecto-tecnico-profesional-en-el-uso-de-plataformas-digitales-para-la-industria-4-0\/"},"wordCount":251,"publisher":{"@id":"https:\/\/www.fica.unsl.edu.ar\/#organization"},"image":{"@id":"https:\/\/www.fica.unsl.edu.ar\/index.php\/iniciaron-las-actividades-del-trayecto-tecnico-profesional-en-el-uso-de-plataformas-digitales-para-la-industria-4-0\/#primaryimage"},"thumbnailUrl":"https:\/\/www.fica.unsl.edu.ar\/wp-content\/uploads\/2022\/08\/trayecto-inicio-front.jpg","articleSection":["Noticias"],"inLanguage":"es-AR"},{"@type":"WebPage","@id":"https:\/\/www.fica.unsl.edu.ar\/index.php\/iniciaron-las-actividades-del-trayecto-tecnico-profesional-en-el-uso-de-plataformas-digitales-para-la-industria-4-0\/","url":"https:\/\/www.fica.unsl.edu.ar\/index.php\/iniciaron-las-actividades-del-trayecto-tecnico-profesional-en-el-uso-de-plataformas-digitales-para-la-industria-4-0\/","name":"Iniciaron las actividades del Trayecto T\u00e9cnico Profesional en el uso de Plataformas Digitales para la Industria 4.0 - Facultad de Ingenier\u00eda y Ciencias Agropecuarias","isPartOf":{"@id":"https:\/\/www.fica.unsl.edu.ar\/#website"},"primaryImageOfPage":{"@id":"https:\/\/www.fica.unsl.edu.ar\/index.php\/iniciaron-las-actividades-del-trayecto-tecnico-profesional-en-el-uso-de-plataformas-digitales-para-la-industria-4-0\/#primaryimage"},"image":{"@id":"https:\/\/www.fica.unsl.edu.ar\/index.php\/iniciaron-las-actividades-del-trayecto-tecnico-profesional-en-el-uso-de-plataformas-digitales-para-la-industria-4-0\/#primaryimage"},"thumbnailUrl":"https:\/\/www.fica.unsl.edu.ar\/wp-content\/uploads\/2022\/08\/trayecto-inicio-front.jpg","datePublished":"2022-08-18T16:27:41+00:00","dateModified":"2022-09-07T12:25:08+00:00","inLanguage":"es-AR","potentialAction":[{"@type":"ReadAction","target":["https:\/\/www.fica.unsl.edu.ar\/index.php\/iniciaron-las-actividades-del-trayecto-tecnico-profesional-en-el-uso-de-plataformas-digitales-para-la-industria-4-0\/"]}]},{"@type":"ImageObject","inLanguage":"es-AR","@id":"https:\/\/www.fica.unsl.edu.ar\/index.php\/iniciaron-las-actividades-del-trayecto-tecnico-profesional-en-el-uso-de-plataformas-digitales-para-la-industria-4-0\/#primaryimage","url":"https:\/\/www.fica.unsl.edu.ar\/wp-content\/uploads\/2022\/08\/trayecto-inicio-front.jpg","contentUrl":"https:\/\/www.fica.unsl.edu.ar\/wp-content\/uploads\/2022\/08\/trayecto-inicio-front.jpg","width":1061,"height":585},{"@type":"WebSite","@id":"https:\/\/www.fica.unsl.edu.ar\/#website","url":"https:\/\/www.fica.unsl.edu.ar\/","name":"Facultad de Ingenier\u00eda y Ciencias Agropecuarias","description":"","publisher":{"@id":"https:\/\/www.fica.unsl.edu.ar\/#organization"},"potentialAction":[{"@type":"SearchAction","target":{"@type":"EntryPoint","urlTemplate":"https:\/\/www.fica.unsl.edu.ar\/?s={search_term_string}"},"query-input":{"@type":"PropertyValueSpecification","valueRequired":true,"valueName":"search_term_string"}}],"inLanguage":"es-AR"},{"@type":"Organization","@id":"https:\/\/www.fica.unsl.edu.ar\/#organization","name":"Facultad de Ingenier\u00eda y Ciencias Agropecuarias","url":"https:\/\/www.fica.unsl.edu.ar\/","logo":{"@type":"ImageObject","inLanguage":"es-AR","@id":"https:\/\/www.fica.unsl.edu.ar\/#\/schema\/logo\/image\/","url":"https:\/\/www.fica.unsl.edu.ar\/wp-content\/uploads\/2021\/03\/LOGO-1.jpg","contentUrl":"https:\/\/www.fica.unsl.edu.ar\/wp-content\/uploads\/2021\/03\/LOGO-1.jpg","width":463,"height":145,"caption":"Facultad de Ingenier\u00eda y Ciencias Agropecuarias"},"image":{"@id":"https:\/\/www.fica.unsl.edu.ar\/#\/schema\/logo\/image\/"},"sameAs":["https:\/\/www.facebook.com\/FICA.UNSL\/","https:\/\/x.com\/FICAUNSL","https:\/\/www.instagram.com\/fica.unsl\/","https:\/\/www.youtube.com\/channel\/UCs2MM53gb2PyBrMySdtWZDQ"]},{"@type":"Person","@id":"https:\/\/www.fica.unsl.edu.ar\/#\/schema\/person\/6058f9c66301868d3a691b1f5d6c3544","name":"DATI"}]}},"_links":{"self":[{"href":"https:\/\/www.fica.unsl.edu.ar\/index.php\/wp-json\/wp\/v2\/posts\/10211","targetHints":{"allow":["GET"]}}],"collection":[{"href":"https:\/\/www.fica.unsl.edu.ar\/index.php\/wp-json\/wp\/v2\/posts"}],"about":[{"href":"https:\/\/www.fica.unsl.edu.ar\/index.php\/wp-json\/wp\/v2\/types\/post"}],"author":[{"embeddable":true,"href":"https:\/\/www.fica.unsl.edu.ar\/index.php\/wp-json\/wp\/v2\/users\/9"}],"replies":[{"embeddable":true,"href":"https:\/\/www.fica.unsl.edu.ar\/index.php\/wp-json\/wp\/v2\/comments?post=10211"}],"version-history":[{"count":7,"href":"https:\/\/www.fica.unsl.edu.ar\/index.php\/wp-json\/wp\/v2\/posts\/10211\/revisions"}],"predecessor-version":[{"id":10221,"href":"https:\/\/www.fica.unsl.edu.ar\/index.php\/wp-json\/wp\/v2\/posts\/10211\/revisions\/10221"}],"wp:featuredmedia":[{"embeddable":true,"href":"https:\/\/www.fica.unsl.edu.ar\/index.php\/wp-json\/wp\/v2\/media\/10212"}],"wp:attachment":[{"href":"https:\/\/www.fica.unsl.edu.ar\/index.php\/wp-json\/wp\/v2\/media?parent=10211"}],"wp:term":[{"taxonomy":"category","embeddable":true,"href":"https:\/\/www.fica.unsl.edu.ar\/index.php\/wp-json\/wp\/v2\/categories?post=10211"},{"taxonomy":"post_tag","embeddable":true,"href":"https:\/\/www.fica.unsl.edu.ar\/index.php\/wp-json\/wp\/v2\/tags?post=10211"}],"curies":[{"name":"wp","href":"https:\/\/api.w.org\/{rel}","templated":true}]}}