{"id":10373,"date":"2022-09-01T10:55:21","date_gmt":"2022-09-01T13:55:21","guid":{"rendered":"http:\/\/10.101.10.196\/www\/?p=10373"},"modified":"2022-09-01T10:59:01","modified_gmt":"2022-09-01T13:59:01","slug":"villa-mercedes-se-prepara-para-la-segunda-edicion-expo-al-futuro","status":"publish","type":"post","link":"https:\/\/www.fica.unsl.edu.ar\/index.php\/villa-mercedes-se-prepara-para-la-segunda-edicion-expo-al-futuro\/","title":{"rendered":"Villa Mercedes se prepara para la segunda edici\u00f3n Expo Al Futuro"},"content":{"rendered":"<p>En la ma\u00f1ana del mi\u00e9rcoles 31 de agosto de 2022, la UNSL particip\u00f3 de una nueva reuni\u00f3n de trabajo preparativa para la segunda edici\u00f3n Expo Al Futuro, que se llevar\u00e1 a cabo el 14 y 15 de septiembre en la Casa de la Cultura.<\/p>\n<p>Participaron del encuentro las responsables de Ingreso de ambas facultades, Ing. Soledad Rocha (FICA) y la Sra. Silvina Becerra (FCEJS) acompa\u00f1adas por la Lic. Natalia Gualpa de la Subsecretar\u00eda de Comunicaci\u00f3n, Ceremonial y Protocolo FICA \u2013 FCEJS. En una primera instancia, la reuni\u00f3n se desarroll\u00f3 en el Teatro &#8220;El Viejo Mercado&#8221; y luego prosigui\u00f3 en la plaza del Sesquicentenario, espacio verde que ser\u00e1 la locaci\u00f3n principal donde estar\u00e1n distribuidas las carpas de las casas de estudios que, durante dos d\u00edas, compartir\u00e1n informaci\u00f3n sobre la oferta acad\u00e9mica de 2023, realizar\u00e1n actividades recreativas, charlas y mucho m\u00e1s.<\/p>\n<p>Esta actividad de promoci\u00f3n de carreras es impulsada por la Municipalidad de Villa Mercedes, de las cuales participar\u00e1n universidades p\u00fablicas y privadas junto a institutos terciarios de la provincia de San Luis y del pa\u00eds. Est\u00e1 destinada a estudiantes de los \u00faltimos a\u00f1os de las escuelas secundarias de toda la Provincia y al p\u00fablico en general, que podr\u00e1n acercarse y conocer las propuestas de las diferentes carreras que ofrece la Instituci\u00f3n.<\/p>\n<div class=\"gmedia_gallery phantom_module is_bot\" id=\"GmediaGallery_96\" data-gmid=\"96\" data-module=\"phantom\"><style type='text\/css' class='gmedia_module_style_import'>@import url('https:\/\/www.fica.unsl.edu.ar\/wp-content\/plugins\/grand-media\/module\/phantom\/css\/style.css') all;<\/style>    <div class=\"gmPhantom_Container noLightbox\" >\r\n                <div class=\"gmPhantom_thumbsWrapper gmPhantom_ThumbScale gmPhantom_LabelHover\">\r\n                        <div class=\"gmPhantom_ThumbContainer gmPhantom_ThumbLoader\" data-id=\"1313\" data-post_id=\"10378\" data-ratio=\"1.5\" data-type=\"image\" data-ext=\"jpg\" data-views=\"3\" data-likes=\"0\" data-cc=\"0\" data-post_link=\"https:\/\/www.fica.unsl.edu.ar\/index.php\/gmedia\/expo-reunion_3_-jpg\/\">\r\n                <a href=\"https:\/\/www.fica.unsl.edu.ar\/wp-content\/grand-media\/image\/expo-reunion_3_.jpg\" class=\"gmPhantom_Thumb\"><img decoding=\"async\" src=\"https:\/\/www.fica.unsl.edu.ar\/wp-content\/grand-media\/image\/thumb\/expo-reunion_3_.jpg\" data-src=\"https:\/\/www.fica.unsl.edu.ar\/wp-content\/grand-media\/image\/expo-reunion_3_.jpg\" alt=\"Expo-reunion (3)\"\/><\/a>\r\n                                    <div class=\"gmPhantom_ThumbLabel\"><span class=\"gmPhantom_ThumbLabel_title\">Expo-reunion (3)<\/span><\/div>\r\n                                    <div style=\"display:none;\" class=\"gmPhantom_Details\">\r\n                                            <div class=\"gmPhantom_description\">\r\n                            <div class=\"gmPhantom_title\">Expo-reunion (3)<\/div>\r\n                            <div class=\"gmPhantom_text\"><\/div>\r\n                        <\/div>\r\n                                                            <div class=\"gmPhantom_terms\">\r\n                                                    <div class=\"gmPhantom_other_terms\">\r\n                                <table class=\"gmPhantom_other_terms_table\">\r\n                                                                            <tr class=\"gmPhantom_term_row_album\">\r\n                                            <td class=\"gmPhantom_term_key\">Album<\/td>\r\n                                            <td class=\"gmPhantom_term_value\"><a href=\"\/index.php\/wp-json\/wp\/v2\/posts\/10373?gm96[album__in]=96\" class=\"gmPhantom_alb\">Expo Al Futuro -reunion-2022<\/a><\/td>\r\n                                        <\/tr>\r\n                                                                    <\/table>\r\n                            <\/div>\r\n                                                <\/div>\r\n                <\/div>\r\n                <\/div>            <div class=\"gmPhantom_ThumbContainer gmPhantom_ThumbLoader\" data-id=\"1312\" data-post_id=\"10377\" data-ratio=\"1.5\" data-type=\"image\" data-ext=\"jpg\" data-views=\"3\" data-likes=\"0\" data-cc=\"0\" data-post_link=\"https:\/\/www.fica.unsl.edu.ar\/index.php\/gmedia\/expo-reunion_2_-jpg\/\">\r\n                <a href=\"https:\/\/www.fica.unsl.edu.ar\/wp-content\/grand-media\/image\/expo-reunion_2_.jpg\" class=\"gmPhantom_Thumb\"><img decoding=\"async\" src=\"https:\/\/www.fica.unsl.edu.ar\/wp-content\/grand-media\/image\/thumb\/expo-reunion_2_.jpg\" data-src=\"https:\/\/www.fica.unsl.edu.ar\/wp-content\/grand-media\/image\/expo-reunion_2_.jpg\" alt=\"Expo-reunion (2)\"\/><\/a>\r\n                                    <div class=\"gmPhantom_ThumbLabel\"><span class=\"gmPhantom_ThumbLabel_title\">Expo-reunion (2)<\/span><\/div>\r\n                                    <div style=\"display:none;\" class=\"gmPhantom_Details\">\r\n                                            <div class=\"gmPhantom_description\">\r\n                            <div class=\"gmPhantom_title\">Expo-reunion (2)<\/div>\r\n                            <div class=\"gmPhantom_text\"><\/div>\r\n                        <\/div>\r\n                                                            <div class=\"gmPhantom_terms\">\r\n                                                    <div class=\"gmPhantom_other_terms\">\r\n                                <table class=\"gmPhantom_other_terms_table\">\r\n                                                                            <tr class=\"gmPhantom_term_row_album\">\r\n                                            <td class=\"gmPhantom_term_key\">Album<\/td>\r\n                                            <td class=\"gmPhantom_term_value\"><a href=\"\/index.php\/wp-json\/wp\/v2\/posts\/10373?gm96[album__in]=96\" class=\"gmPhantom_alb\">Expo Al Futuro -reunion-2022<\/a><\/td>\r\n                                        <\/tr>\r\n                                                                    <\/table>\r\n                            <\/div>\r\n                                                <\/div>\r\n                <\/div>\r\n                <\/div>            <div class=\"gmPhantom_ThumbContainer gmPhantom_ThumbLoader\" data-id=\"1311\" data-post_id=\"10376\" data-ratio=\"1.8133333333333\" data-type=\"image\" data-ext=\"jpg\" data-views=\"3\" data-likes=\"0\" data-cc=\"0\" data-post_link=\"https:\/\/www.fica.unsl.edu.ar\/index.php\/gmedia\/expo-front-jpg\/\">\r\n                <a href=\"https:\/\/www.fica.unsl.edu.ar\/wp-content\/grand-media\/image\/expo-front.jpg\" class=\"gmPhantom_Thumb\"><img decoding=\"async\" src=\"https:\/\/www.fica.unsl.edu.ar\/wp-content\/grand-media\/image\/thumb\/expo-front.jpg\" data-src=\"https:\/\/www.fica.unsl.edu.ar\/wp-content\/grand-media\/image\/expo-front.jpg\" alt=\"Expo-front\"\/><\/a>\r\n                                    <div class=\"gmPhantom_ThumbLabel\"><span class=\"gmPhantom_ThumbLabel_title\">Expo-front<\/span><\/div>\r\n                                    <div style=\"display:none;\" class=\"gmPhantom_Details\">\r\n                                            <div class=\"gmPhantom_description\">\r\n                            <div class=\"gmPhantom_title\">Expo-front<\/div>\r\n                            <div class=\"gmPhantom_text\"><\/div>\r\n                        <\/div>\r\n                                                            <div class=\"gmPhantom_terms\">\r\n                                                    <div class=\"gmPhantom_other_terms\">\r\n                                <table class=\"gmPhantom_other_terms_table\">\r\n                                                                            <tr class=\"gmPhantom_term_row_album\">\r\n                                            <td class=\"gmPhantom_term_key\">Album<\/td>\r\n                                            <td class=\"gmPhantom_term_value\"><a href=\"\/index.php\/wp-json\/wp\/v2\/posts\/10373?gm96[album__in]=96\" class=\"gmPhantom_alb\">Expo Al Futuro -reunion-2022<\/a><\/td>\r\n                                        <\/tr>\r\n                                                                    <\/table>\r\n                            <\/div>\r\n                                                <\/div>\r\n                <\/div>\r\n                <\/div>        <\/div>\r\n    <\/div>\r\n<\/div>\n","protected":false},"excerpt":{"rendered":"<p>En la ma\u00f1ana del mi\u00e9rcoles 31 de agosto de 2022, la UNSL particip\u00f3 de una nueva reuni\u00f3n de trabajo preparativa para la segunda edici\u00f3n Expo&hellip;<\/p>\n","protected":false},"author":9,"featured_media":10383,"comment_status":"closed","ping_status":"closed","sticky":false,"template":"","format":"standard","meta":{"_monsterinsights_skip_tracking":false,"_monsterinsights_sitenote_active":false,"_monsterinsights_sitenote_note":"","_monsterinsights_sitenote_category":0,"_joinchat":[],"footnotes":""},"categories":[19],"tags":[],"class_list":["post-10373","post","type-post","status-publish","format-standard","has-post-thumbnail","hentry","category-noticias"],"yoast_head":"<!-- This site is optimized with the Yoast SEO plugin v27.4 - https:\/\/yoast.com\/product\/yoast-seo-wordpress\/ -->\n<title>Villa Mercedes se prepara para la segunda edici\u00f3n Expo Al Futuro - Facultad de Ingenier\u00eda y Ciencias Agropecuarias<\/title>\n<meta name=\"robots\" content=\"index, follow, max-snippet:-1, max-image-preview:large, max-video-preview:-1\" \/>\n<link rel=\"canonical\" href=\"https:\/\/www.fica.unsl.edu.ar\/index.php\/villa-mercedes-se-prepara-para-la-segunda-edicion-expo-al-futuro\/\" \/>\n<meta property=\"og:locale\" content=\"es_ES\" \/>\n<meta property=\"og:type\" content=\"article\" \/>\n<meta property=\"og:title\" content=\"Villa Mercedes se prepara para la segunda edici\u00f3n Expo Al Futuro - Facultad de Ingenier\u00eda y Ciencias Agropecuarias\" \/>\n<meta property=\"og:description\" content=\"En la ma\u00f1ana del mi\u00e9rcoles 31 de agosto de 2022, la UNSL particip\u00f3 de una nueva reuni\u00f3n de trabajo preparativa para la segunda edici\u00f3n Expo&hellip;\" \/>\n<meta property=\"og:url\" content=\"https:\/\/www.fica.unsl.edu.ar\/index.php\/villa-mercedes-se-prepara-para-la-segunda-edicion-expo-al-futuro\/\" \/>\n<meta property=\"og:site_name\" content=\"Facultad de Ingenier\u00eda y Ciencias Agropecuarias\" \/>\n<meta property=\"article:publisher\" content=\"https:\/\/www.facebook.com\/FICA.UNSL\/\" \/>\n<meta property=\"article:published_time\" content=\"2022-09-01T13:55:21+00:00\" \/>\n<meta property=\"article:modified_time\" content=\"2022-09-01T13:59:01+00:00\" \/>\n<meta property=\"og:image\" content=\"https:\/\/www.fica.unsl.edu.ar\/wp-content\/uploads\/2022\/09\/expo-reunion-1.jpg\" \/>\n\t<meta property=\"og:image:width\" content=\"960\" \/>\n\t<meta property=\"og:image:height\" content=\"640\" \/>\n\t<meta property=\"og:image:type\" content=\"image\/jpeg\" \/>\n<meta name=\"author\" content=\"DATI\" \/>\n<meta name=\"twitter:card\" content=\"summary_large_image\" \/>\n<meta name=\"twitter:creator\" content=\"@FICAUNSL\" \/>\n<meta name=\"twitter:site\" content=\"@FICAUNSL\" \/>\n<meta name=\"twitter:label1\" content=\"Escrito por\" \/>\n\t<meta name=\"twitter:data1\" content=\"DATI\" \/>\n\t<meta name=\"twitter:label2\" content=\"Tiempo de lectura\" \/>\n\t<meta name=\"twitter:data2\" content=\"1 minuto\" \/>\n<script type=\"application\/ld+json\" class=\"yoast-schema-graph\">{\"@context\":\"https:\\\/\\\/schema.org\",\"@graph\":[{\"@type\":\"Article\",\"@id\":\"https:\\\/\\\/www.fica.unsl.edu.ar\\\/index.php\\\/villa-mercedes-se-prepara-para-la-segunda-edicion-expo-al-futuro\\\/#article\",\"isPartOf\":{\"@id\":\"https:\\\/\\\/www.fica.unsl.edu.ar\\\/index.php\\\/villa-mercedes-se-prepara-para-la-segunda-edicion-expo-al-futuro\\\/\"},\"author\":{\"name\":\"DATI\",\"@id\":\"https:\\\/\\\/www.fica.unsl.edu.ar\\\/#\\\/schema\\\/person\\\/6058f9c66301868d3a691b1f5d6c3544\"},\"headline\":\"Villa Mercedes se prepara para la segunda edici\u00f3n Expo Al Futuro\",\"datePublished\":\"2022-09-01T13:55:21+00:00\",\"dateModified\":\"2022-09-01T13:59:01+00:00\",\"mainEntityOfPage\":{\"@id\":\"https:\\\/\\\/www.fica.unsl.edu.ar\\\/index.php\\\/villa-mercedes-se-prepara-para-la-segunda-edicion-expo-al-futuro\\\/\"},\"wordCount\":242,\"publisher\":{\"@id\":\"https:\\\/\\\/www.fica.unsl.edu.ar\\\/#organization\"},\"image\":{\"@id\":\"https:\\\/\\\/www.fica.unsl.edu.ar\\\/index.php\\\/villa-mercedes-se-prepara-para-la-segunda-edicion-expo-al-futuro\\\/#primaryimage\"},\"thumbnailUrl\":\"https:\\\/\\\/www.fica.unsl.edu.ar\\\/wp-content\\\/uploads\\\/2022\\\/09\\\/expo-reunion-1.jpg\",\"articleSection\":[\"Noticias\"],\"inLanguage\":\"es-AR\"},{\"@type\":\"WebPage\",\"@id\":\"https:\\\/\\\/www.fica.unsl.edu.ar\\\/index.php\\\/villa-mercedes-se-prepara-para-la-segunda-edicion-expo-al-futuro\\\/\",\"url\":\"https:\\\/\\\/www.fica.unsl.edu.ar\\\/index.php\\\/villa-mercedes-se-prepara-para-la-segunda-edicion-expo-al-futuro\\\/\",\"name\":\"Villa Mercedes se prepara para la segunda edici\u00f3n Expo Al Futuro - Facultad de Ingenier\u00eda y Ciencias Agropecuarias\",\"isPartOf\":{\"@id\":\"https:\\\/\\\/www.fica.unsl.edu.ar\\\/#website\"},\"primaryImageOfPage\":{\"@id\":\"https:\\\/\\\/www.fica.unsl.edu.ar\\\/index.php\\\/villa-mercedes-se-prepara-para-la-segunda-edicion-expo-al-futuro\\\/#primaryimage\"},\"image\":{\"@id\":\"https:\\\/\\\/www.fica.unsl.edu.ar\\\/index.php\\\/villa-mercedes-se-prepara-para-la-segunda-edicion-expo-al-futuro\\\/#primaryimage\"},\"thumbnailUrl\":\"https:\\\/\\\/www.fica.unsl.edu.ar\\\/wp-content\\\/uploads\\\/2022\\\/09\\\/expo-reunion-1.jpg\",\"datePublished\":\"2022-09-01T13:55:21+00:00\",\"dateModified\":\"2022-09-01T13:59:01+00:00\",\"inLanguage\":\"es-AR\",\"potentialAction\":[{\"@type\":\"ReadAction\",\"target\":[\"https:\\\/\\\/www.fica.unsl.edu.ar\\\/index.php\\\/villa-mercedes-se-prepara-para-la-segunda-edicion-expo-al-futuro\\\/\"]}]},{\"@type\":\"ImageObject\",\"inLanguage\":\"es-AR\",\"@id\":\"https:\\\/\\\/www.fica.unsl.edu.ar\\\/index.php\\\/villa-mercedes-se-prepara-para-la-segunda-edicion-expo-al-futuro\\\/#primaryimage\",\"url\":\"https:\\\/\\\/www.fica.unsl.edu.ar\\\/wp-content\\\/uploads\\\/2022\\\/09\\\/expo-reunion-1.jpg\",\"contentUrl\":\"https:\\\/\\\/www.fica.unsl.edu.ar\\\/wp-content\\\/uploads\\\/2022\\\/09\\\/expo-reunion-1.jpg\",\"width\":960,\"height\":640},{\"@type\":\"WebSite\",\"@id\":\"https:\\\/\\\/www.fica.unsl.edu.ar\\\/#website\",\"url\":\"https:\\\/\\\/www.fica.unsl.edu.ar\\\/\",\"name\":\"Facultad de Ingenier\u00eda y Ciencias Agropecuarias\",\"description\":\"\",\"publisher\":{\"@id\":\"https:\\\/\\\/www.fica.unsl.edu.ar\\\/#organization\"},\"potentialAction\":[{\"@type\":\"SearchAction\",\"target\":{\"@type\":\"EntryPoint\",\"urlTemplate\":\"https:\\\/\\\/www.fica.unsl.edu.ar\\\/?s={search_term_string}\"},\"query-input\":{\"@type\":\"PropertyValueSpecification\",\"valueRequired\":true,\"valueName\":\"search_term_string\"}}],\"inLanguage\":\"es-AR\"},{\"@type\":\"Organization\",\"@id\":\"https:\\\/\\\/www.fica.unsl.edu.ar\\\/#organization\",\"name\":\"Facultad de Ingenier\u00eda y Ciencias Agropecuarias\",\"url\":\"https:\\\/\\\/www.fica.unsl.edu.ar\\\/\",\"logo\":{\"@type\":\"ImageObject\",\"inLanguage\":\"es-AR\",\"@id\":\"https:\\\/\\\/www.fica.unsl.edu.ar\\\/#\\\/schema\\\/logo\\\/image\\\/\",\"url\":\"https:\\\/\\\/www.fica.unsl.edu.ar\\\/wp-content\\\/uploads\\\/2021\\\/03\\\/LOGO-1.jpg\",\"contentUrl\":\"https:\\\/\\\/www.fica.unsl.edu.ar\\\/wp-content\\\/uploads\\\/2021\\\/03\\\/LOGO-1.jpg\",\"width\":463,\"height\":145,\"caption\":\"Facultad de Ingenier\u00eda y Ciencias Agropecuarias\"},\"image\":{\"@id\":\"https:\\\/\\\/www.fica.unsl.edu.ar\\\/#\\\/schema\\\/logo\\\/image\\\/\"},\"sameAs\":[\"https:\\\/\\\/www.facebook.com\\\/FICA.UNSL\\\/\",\"https:\\\/\\\/x.com\\\/FICAUNSL\",\"https:\\\/\\\/www.instagram.com\\\/fica.unsl\\\/\",\"https:\\\/\\\/www.youtube.com\\\/channel\\\/UCs2MM53gb2PyBrMySdtWZDQ\"]},{\"@type\":\"Person\",\"@id\":\"https:\\\/\\\/www.fica.unsl.edu.ar\\\/#\\\/schema\\\/person\\\/6058f9c66301868d3a691b1f5d6c3544\",\"name\":\"DATI\"}]}<\/script>\n<!-- \/ Yoast SEO plugin. -->","yoast_head_json":{"title":"Villa Mercedes se prepara para la segunda edici\u00f3n Expo Al Futuro - Facultad de Ingenier\u00eda y Ciencias Agropecuarias","robots":{"index":"index","follow":"follow","max-snippet":"max-snippet:-1","max-image-preview":"max-image-preview:large","max-video-preview":"max-video-preview:-1"},"canonical":"https:\/\/www.fica.unsl.edu.ar\/index.php\/villa-mercedes-se-prepara-para-la-segunda-edicion-expo-al-futuro\/","og_locale":"es_ES","og_type":"article","og_title":"Villa Mercedes se prepara para la segunda edici\u00f3n Expo Al Futuro - Facultad de Ingenier\u00eda y Ciencias Agropecuarias","og_description":"En la ma\u00f1ana del mi\u00e9rcoles 31 de agosto de 2022, la UNSL particip\u00f3 de una nueva reuni\u00f3n de trabajo preparativa para la segunda edici\u00f3n Expo&hellip;","og_url":"https:\/\/www.fica.unsl.edu.ar\/index.php\/villa-mercedes-se-prepara-para-la-segunda-edicion-expo-al-futuro\/","og_site_name":"Facultad de Ingenier\u00eda y Ciencias Agropecuarias","article_publisher":"https:\/\/www.facebook.com\/FICA.UNSL\/","article_published_time":"2022-09-01T13:55:21+00:00","article_modified_time":"2022-09-01T13:59:01+00:00","og_image":[{"width":960,"height":640,"url":"https:\/\/www.fica.unsl.edu.ar\/wp-content\/uploads\/2022\/09\/expo-reunion-1.jpg","type":"image\/jpeg"}],"author":"DATI","twitter_card":"summary_large_image","twitter_creator":"@FICAUNSL","twitter_site":"@FICAUNSL","twitter_misc":{"Escrito por":"DATI","Tiempo de lectura":"1 minuto"},"schema":{"@context":"https:\/\/schema.org","@graph":[{"@type":"Article","@id":"https:\/\/www.fica.unsl.edu.ar\/index.php\/villa-mercedes-se-prepara-para-la-segunda-edicion-expo-al-futuro\/#article","isPartOf":{"@id":"https:\/\/www.fica.unsl.edu.ar\/index.php\/villa-mercedes-se-prepara-para-la-segunda-edicion-expo-al-futuro\/"},"author":{"name":"DATI","@id":"https:\/\/www.fica.unsl.edu.ar\/#\/schema\/person\/6058f9c66301868d3a691b1f5d6c3544"},"headline":"Villa Mercedes se prepara para la segunda edici\u00f3n Expo Al Futuro","datePublished":"2022-09-01T13:55:21+00:00","dateModified":"2022-09-01T13:59:01+00:00","mainEntityOfPage":{"@id":"https:\/\/www.fica.unsl.edu.ar\/index.php\/villa-mercedes-se-prepara-para-la-segunda-edicion-expo-al-futuro\/"},"wordCount":242,"publisher":{"@id":"https:\/\/www.fica.unsl.edu.ar\/#organization"},"image":{"@id":"https:\/\/www.fica.unsl.edu.ar\/index.php\/villa-mercedes-se-prepara-para-la-segunda-edicion-expo-al-futuro\/#primaryimage"},"thumbnailUrl":"https:\/\/www.fica.unsl.edu.ar\/wp-content\/uploads\/2022\/09\/expo-reunion-1.jpg","articleSection":["Noticias"],"inLanguage":"es-AR"},{"@type":"WebPage","@id":"https:\/\/www.fica.unsl.edu.ar\/index.php\/villa-mercedes-se-prepara-para-la-segunda-edicion-expo-al-futuro\/","url":"https:\/\/www.fica.unsl.edu.ar\/index.php\/villa-mercedes-se-prepara-para-la-segunda-edicion-expo-al-futuro\/","name":"Villa Mercedes se prepara para la segunda edici\u00f3n Expo Al Futuro - Facultad de Ingenier\u00eda y Ciencias Agropecuarias","isPartOf":{"@id":"https:\/\/www.fica.unsl.edu.ar\/#website"},"primaryImageOfPage":{"@id":"https:\/\/www.fica.unsl.edu.ar\/index.php\/villa-mercedes-se-prepara-para-la-segunda-edicion-expo-al-futuro\/#primaryimage"},"image":{"@id":"https:\/\/www.fica.unsl.edu.ar\/index.php\/villa-mercedes-se-prepara-para-la-segunda-edicion-expo-al-futuro\/#primaryimage"},"thumbnailUrl":"https:\/\/www.fica.unsl.edu.ar\/wp-content\/uploads\/2022\/09\/expo-reunion-1.jpg","datePublished":"2022-09-01T13:55:21+00:00","dateModified":"2022-09-01T13:59:01+00:00","inLanguage":"es-AR","potentialAction":[{"@type":"ReadAction","target":["https:\/\/www.fica.unsl.edu.ar\/index.php\/villa-mercedes-se-prepara-para-la-segunda-edicion-expo-al-futuro\/"]}]},{"@type":"ImageObject","inLanguage":"es-AR","@id":"https:\/\/www.fica.unsl.edu.ar\/index.php\/villa-mercedes-se-prepara-para-la-segunda-edicion-expo-al-futuro\/#primaryimage","url":"https:\/\/www.fica.unsl.edu.ar\/wp-content\/uploads\/2022\/09\/expo-reunion-1.jpg","contentUrl":"https:\/\/www.fica.unsl.edu.ar\/wp-content\/uploads\/2022\/09\/expo-reunion-1.jpg","width":960,"height":640},{"@type":"WebSite","@id":"https:\/\/www.fica.unsl.edu.ar\/#website","url":"https:\/\/www.fica.unsl.edu.ar\/","name":"Facultad de Ingenier\u00eda y Ciencias Agropecuarias","description":"","publisher":{"@id":"https:\/\/www.fica.unsl.edu.ar\/#organization"},"potentialAction":[{"@type":"SearchAction","target":{"@type":"EntryPoint","urlTemplate":"https:\/\/www.fica.unsl.edu.ar\/?s={search_term_string}"},"query-input":{"@type":"PropertyValueSpecification","valueRequired":true,"valueName":"search_term_string"}}],"inLanguage":"es-AR"},{"@type":"Organization","@id":"https:\/\/www.fica.unsl.edu.ar\/#organization","name":"Facultad de Ingenier\u00eda y Ciencias Agropecuarias","url":"https:\/\/www.fica.unsl.edu.ar\/","logo":{"@type":"ImageObject","inLanguage":"es-AR","@id":"https:\/\/www.fica.unsl.edu.ar\/#\/schema\/logo\/image\/","url":"https:\/\/www.fica.unsl.edu.ar\/wp-content\/uploads\/2021\/03\/LOGO-1.jpg","contentUrl":"https:\/\/www.fica.unsl.edu.ar\/wp-content\/uploads\/2021\/03\/LOGO-1.jpg","width":463,"height":145,"caption":"Facultad de Ingenier\u00eda y Ciencias Agropecuarias"},"image":{"@id":"https:\/\/www.fica.unsl.edu.ar\/#\/schema\/logo\/image\/"},"sameAs":["https:\/\/www.facebook.com\/FICA.UNSL\/","https:\/\/x.com\/FICAUNSL","https:\/\/www.instagram.com\/fica.unsl\/","https:\/\/www.youtube.com\/channel\/UCs2MM53gb2PyBrMySdtWZDQ"]},{"@type":"Person","@id":"https:\/\/www.fica.unsl.edu.ar\/#\/schema\/person\/6058f9c66301868d3a691b1f5d6c3544","name":"DATI"}]}},"_links":{"self":[{"href":"https:\/\/www.fica.unsl.edu.ar\/index.php\/wp-json\/wp\/v2\/posts\/10373","targetHints":{"allow":["GET"]}}],"collection":[{"href":"https:\/\/www.fica.unsl.edu.ar\/index.php\/wp-json\/wp\/v2\/posts"}],"about":[{"href":"https:\/\/www.fica.unsl.edu.ar\/index.php\/wp-json\/wp\/v2\/types\/post"}],"author":[{"embeddable":true,"href":"https:\/\/www.fica.unsl.edu.ar\/index.php\/wp-json\/wp\/v2\/users\/9"}],"replies":[{"embeddable":true,"href":"https:\/\/www.fica.unsl.edu.ar\/index.php\/wp-json\/wp\/v2\/comments?post=10373"}],"version-history":[{"count":4,"href":"https:\/\/www.fica.unsl.edu.ar\/index.php\/wp-json\/wp\/v2\/posts\/10373\/revisions"}],"predecessor-version":[{"id":10382,"href":"https:\/\/www.fica.unsl.edu.ar\/index.php\/wp-json\/wp\/v2\/posts\/10373\/revisions\/10382"}],"wp:featuredmedia":[{"embeddable":true,"href":"https:\/\/www.fica.unsl.edu.ar\/index.php\/wp-json\/wp\/v2\/media\/10383"}],"wp:attachment":[{"href":"https:\/\/www.fica.unsl.edu.ar\/index.php\/wp-json\/wp\/v2\/media?parent=10373"}],"wp:term":[{"taxonomy":"category","embeddable":true,"href":"https:\/\/www.fica.unsl.edu.ar\/index.php\/wp-json\/wp\/v2\/categories?post=10373"},{"taxonomy":"post_tag","embeddable":true,"href":"https:\/\/www.fica.unsl.edu.ar\/index.php\/wp-json\/wp\/v2\/tags?post=10373"}],"curies":[{"name":"wp","href":"https:\/\/api.w.org\/{rel}","templated":true}]}}