{"id":10399,"date":"2022-09-05T12:10:25","date_gmt":"2022-09-05T15:10:25","guid":{"rendered":"http:\/\/10.101.10.196\/www\/?p=10399"},"modified":"2022-09-14T08:34:06","modified_gmt":"2022-09-14T11:34:06","slug":"inicio-trayecto-de-acompanamiento-mayores-de-25-anos-con-secundario-incompleto","status":"publish","type":"post","link":"https:\/\/www.fica.unsl.edu.ar\/index.php\/inicio-trayecto-de-acompanamiento-mayores-de-25-anos-con-secundario-incompleto\/","title":{"rendered":"Inicio trayecto de acompa\u00f1amiento: Mayores de 25 a\u00f1os con secundario incompleto"},"content":{"rendered":"<p class=\"lead text-justify text-dark\">La Secretar\u00eda Acad\u00e9mica informa que hoy 5 de septiembre y hasta el 28 de octubre inclusive, dar\u00e1 comienzo el Trayecto de Acompa\u00f1amiento, consultas virtuales y presenciales para estudiantes mayores de 25 a\u00f1os con secudario incompleto.<\/p>\n<p class=\"lead text-justify text-dark\">A continuaci\u00f3n, se informa m\u00f3dulos, d\u00eda y hora y link de acceso a los trayectos:<\/p>\n<p>M\u00f3dulo\u00a0<strong>Comprensi\u00f3n de textos y\u00a0Expresi\u00f3n Escrita<\/strong>:<\/p>\n<ul>\n<li><strong>Fecha y hora<\/strong>: Martes y Jueves de 19 a 21 hs.<\/li>\n<li><strong>Link<\/strong>:\u00a0<a href=\"https:\/\/classroom.google.com\/u\/0\/\">https:\/\/classroom.google.com\/u\/0\/<\/a><\/li>\n<li><strong>Clave de Classroom<\/strong>: ryg76tp<\/li>\n<li><strong>Material<\/strong>\n<ul>\n<li><a href=\"https:\/\/secretariaacademica.unsl.edu.ar\/static\/documentos\/1662383047.pdf\">Cartilla<\/a><\/li>\n<li><a href=\"https:\/\/secretariaacademica.unsl.edu.ar\/static\/documentos\/1662382814.pdf\">Programa<\/a><\/li>\n<\/ul>\n<\/li>\n<\/ul>\n<p>M\u00f3dulo\u00a0<strong>Matem\u00e1tica<\/strong>:<\/p>\n<ul>\n<li><strong>Lunes y Mi\u00e9rcoles<\/strong>\u00a0de 20:30 a 22:30 hs.\n<ul>\n<li><a href=\"https:\/\/meet.google.com\/rvs-zqmw-rgv\" target=\"_blank\" rel=\"noopener noreferrer\" data-saferedirecturl=\"https:\/\/www.google.com\/url?q=https:\/\/meet.google.com\/rvs-zqmw-rgv&amp;source=gmail&amp;ust=1662470757919000&amp;usg=AOvVaw3sztJW2RLDRSXihwqqxhCl\">https:\/\/meet.google.com\/rvs-<wbr \/>zqmw-rgv<\/a><\/li>\n<li><a href=\"https:\/\/meet.google.com\/xrs-xzez-zeh\" target=\"_blank\" rel=\"noopener noreferrer\" data-saferedirecturl=\"https:\/\/www.google.com\/url?q=https:\/\/meet.google.com\/xrs-xzez-zeh&amp;source=gmail&amp;ust=1662470757919000&amp;usg=AOvVaw3xBmAVayloJwRH5c7YdxOz\">https:\/\/meet.google.com\/xrs-<wbr \/>xzez-zeh<\/a><\/li>\n<\/ul>\n<\/li>\n<\/ul>\n<div dir=\"ltr\">\n<div dir=\"auto\">\n<div dir=\"auto\">\n<div dir=\"auto\">\n<div dir=\"auto\">\n<ul>\n<li dir=\"auto\"><strong>Lunes y Jueves<\/strong>\u00a0de 20:30 a 22:30 hs.\n<ul>\n<li dir=\"auto\"><a href=\"https:\/\/meet.google.com\/qdg-pxys-wbe\" target=\"_blank\" rel=\"noopener noreferrer\" data-saferedirecturl=\"https:\/\/www.google.com\/url?q=https:\/\/meet.google.com\/qdg-pxys-wbe&amp;source=gmail&amp;ust=1662470757919000&amp;usg=AOvVaw0G9bivFsIEGwdMzI9_CWQS\">https:\/\/meet.google.com\/qdg-<wbr \/>pxys-wbe<\/a><\/li>\n<li dir=\"auto\"><a href=\"https:\/\/meet.google.com\/jvf-mvqy-hxs\" target=\"_blank\" rel=\"noopener\" data-saferedirecturl=\"https:\/\/www.google.com\/url?q=https:\/\/meet.google.com\/jvf-mvqy-hxs&amp;source=gmail&amp;ust=1662470757919000&amp;usg=AOvVaw1HviVThmWFLTAPdNWzhPrj\">https:\/\/meet.google.com\/jvf-<wbr \/>mvqy-hxs<\/a><\/li>\n<\/ul>\n<\/li>\n<\/ul>\n<\/div>\n<\/div>\n<\/div>\n<\/div>\n<\/div>\n","protected":false},"excerpt":{"rendered":"<p>La Secretar\u00eda Acad\u00e9mica informa que hoy 5 de septiembre y hasta el 28 de octubre inclusive, dar\u00e1 comienzo el Trayecto de Acompa\u00f1amiento, consultas virtuales y&hellip;<\/p>\n","protected":false},"author":9,"featured_media":10401,"comment_status":"closed","ping_status":"closed","sticky":false,"template":"","format":"standard","meta":{"_monsterinsights_skip_tracking":false,"_monsterinsights_sitenote_active":false,"_monsterinsights_sitenote_note":"","_monsterinsights_sitenote_category":0,"_joinchat":[],"footnotes":""},"categories":[19],"tags":[],"class_list":["post-10399","post","type-post","status-publish","format-standard","has-post-thumbnail","hentry","category-noticias"],"yoast_head":"<!-- This site is optimized with the Yoast SEO plugin v27.4 - https:\/\/yoast.com\/product\/yoast-seo-wordpress\/ -->\n<title>Inicio trayecto de acompa\u00f1amiento: Mayores de 25 a\u00f1os con secundario incompleto - Facultad de Ingenier\u00eda y Ciencias Agropecuarias<\/title>\n<meta name=\"robots\" content=\"index, follow, max-snippet:-1, max-image-preview:large, max-video-preview:-1\" \/>\n<link rel=\"canonical\" href=\"https:\/\/www.fica.unsl.edu.ar\/index.php\/inicio-trayecto-de-acompanamiento-mayores-de-25-anos-con-secundario-incompleto\/\" \/>\n<meta property=\"og:locale\" content=\"es_ES\" \/>\n<meta property=\"og:type\" content=\"article\" \/>\n<meta property=\"og:title\" content=\"Inicio trayecto de acompa\u00f1amiento: Mayores de 25 a\u00f1os con secundario incompleto - Facultad de Ingenier\u00eda y Ciencias Agropecuarias\" \/>\n<meta property=\"og:description\" content=\"La Secretar\u00eda Acad\u00e9mica informa que hoy 5 de septiembre y hasta el 28 de octubre inclusive, dar\u00e1 comienzo el Trayecto de Acompa\u00f1amiento, consultas virtuales y&hellip;\" \/>\n<meta property=\"og:url\" content=\"https:\/\/www.fica.unsl.edu.ar\/index.php\/inicio-trayecto-de-acompanamiento-mayores-de-25-anos-con-secundario-incompleto\/\" \/>\n<meta property=\"og:site_name\" content=\"Facultad de Ingenier\u00eda y Ciencias Agropecuarias\" \/>\n<meta property=\"article:publisher\" content=\"https:\/\/www.facebook.com\/FICA.UNSL\/\" \/>\n<meta property=\"article:published_time\" content=\"2022-09-05T15:10:25+00:00\" \/>\n<meta property=\"article:modified_time\" content=\"2022-09-14T11:34:06+00:00\" \/>\n<meta property=\"og:image\" content=\"https:\/\/www.fica.unsl.edu.ar\/wp-content\/uploads\/2022\/09\/Mayores-de-25.png\" \/>\n\t<meta property=\"og:image:width\" content=\"609\" \/>\n\t<meta property=\"og:image:height\" content=\"406\" \/>\n\t<meta property=\"og:image:type\" content=\"image\/png\" \/>\n<meta name=\"author\" content=\"DATI\" \/>\n<meta name=\"twitter:card\" content=\"summary_large_image\" \/>\n<meta name=\"twitter:creator\" content=\"@FICAUNSL\" \/>\n<meta name=\"twitter:site\" content=\"@FICAUNSL\" \/>\n<meta name=\"twitter:label1\" content=\"Escrito por\" \/>\n\t<meta name=\"twitter:data1\" content=\"DATI\" \/>\n\t<meta name=\"twitter:label2\" content=\"Tiempo de lectura\" \/>\n\t<meta name=\"twitter:data2\" content=\"1 minuto\" \/>\n<script type=\"application\/ld+json\" class=\"yoast-schema-graph\">{\"@context\":\"https:\\\/\\\/schema.org\",\"@graph\":[{\"@type\":\"Article\",\"@id\":\"https:\\\/\\\/www.fica.unsl.edu.ar\\\/index.php\\\/inicio-trayecto-de-acompanamiento-mayores-de-25-anos-con-secundario-incompleto\\\/#article\",\"isPartOf\":{\"@id\":\"https:\\\/\\\/www.fica.unsl.edu.ar\\\/index.php\\\/inicio-trayecto-de-acompanamiento-mayores-de-25-anos-con-secundario-incompleto\\\/\"},\"author\":{\"name\":\"DATI\",\"@id\":\"https:\\\/\\\/www.fica.unsl.edu.ar\\\/#\\\/schema\\\/person\\\/6058f9c66301868d3a691b1f5d6c3544\"},\"headline\":\"Inicio trayecto de acompa\u00f1amiento: Mayores de 25 a\u00f1os con secundario incompleto\",\"datePublished\":\"2022-09-05T15:10:25+00:00\",\"dateModified\":\"2022-09-14T11:34:06+00:00\",\"mainEntityOfPage\":{\"@id\":\"https:\\\/\\\/www.fica.unsl.edu.ar\\\/index.php\\\/inicio-trayecto-de-acompanamiento-mayores-de-25-anos-con-secundario-incompleto\\\/\"},\"wordCount\":136,\"publisher\":{\"@id\":\"https:\\\/\\\/www.fica.unsl.edu.ar\\\/#organization\"},\"image\":{\"@id\":\"https:\\\/\\\/www.fica.unsl.edu.ar\\\/index.php\\\/inicio-trayecto-de-acompanamiento-mayores-de-25-anos-con-secundario-incompleto\\\/#primaryimage\"},\"thumbnailUrl\":\"https:\\\/\\\/www.fica.unsl.edu.ar\\\/wp-content\\\/uploads\\\/2022\\\/09\\\/Mayores-de-25.png\",\"articleSection\":[\"Noticias\"],\"inLanguage\":\"es-AR\"},{\"@type\":\"WebPage\",\"@id\":\"https:\\\/\\\/www.fica.unsl.edu.ar\\\/index.php\\\/inicio-trayecto-de-acompanamiento-mayores-de-25-anos-con-secundario-incompleto\\\/\",\"url\":\"https:\\\/\\\/www.fica.unsl.edu.ar\\\/index.php\\\/inicio-trayecto-de-acompanamiento-mayores-de-25-anos-con-secundario-incompleto\\\/\",\"name\":\"Inicio trayecto de acompa\u00f1amiento: Mayores de 25 a\u00f1os con secundario incompleto - Facultad de Ingenier\u00eda y Ciencias Agropecuarias\",\"isPartOf\":{\"@id\":\"https:\\\/\\\/www.fica.unsl.edu.ar\\\/#website\"},\"primaryImageOfPage\":{\"@id\":\"https:\\\/\\\/www.fica.unsl.edu.ar\\\/index.php\\\/inicio-trayecto-de-acompanamiento-mayores-de-25-anos-con-secundario-incompleto\\\/#primaryimage\"},\"image\":{\"@id\":\"https:\\\/\\\/www.fica.unsl.edu.ar\\\/index.php\\\/inicio-trayecto-de-acompanamiento-mayores-de-25-anos-con-secundario-incompleto\\\/#primaryimage\"},\"thumbnailUrl\":\"https:\\\/\\\/www.fica.unsl.edu.ar\\\/wp-content\\\/uploads\\\/2022\\\/09\\\/Mayores-de-25.png\",\"datePublished\":\"2022-09-05T15:10:25+00:00\",\"dateModified\":\"2022-09-14T11:34:06+00:00\",\"inLanguage\":\"es-AR\",\"potentialAction\":[{\"@type\":\"ReadAction\",\"target\":[\"https:\\\/\\\/www.fica.unsl.edu.ar\\\/index.php\\\/inicio-trayecto-de-acompanamiento-mayores-de-25-anos-con-secundario-incompleto\\\/\"]}]},{\"@type\":\"ImageObject\",\"inLanguage\":\"es-AR\",\"@id\":\"https:\\\/\\\/www.fica.unsl.edu.ar\\\/index.php\\\/inicio-trayecto-de-acompanamiento-mayores-de-25-anos-con-secundario-incompleto\\\/#primaryimage\",\"url\":\"https:\\\/\\\/www.fica.unsl.edu.ar\\\/wp-content\\\/uploads\\\/2022\\\/09\\\/Mayores-de-25.png\",\"contentUrl\":\"https:\\\/\\\/www.fica.unsl.edu.ar\\\/wp-content\\\/uploads\\\/2022\\\/09\\\/Mayores-de-25.png\",\"width\":609,\"height\":406},{\"@type\":\"WebSite\",\"@id\":\"https:\\\/\\\/www.fica.unsl.edu.ar\\\/#website\",\"url\":\"https:\\\/\\\/www.fica.unsl.edu.ar\\\/\",\"name\":\"Facultad de Ingenier\u00eda y Ciencias Agropecuarias\",\"description\":\"\",\"publisher\":{\"@id\":\"https:\\\/\\\/www.fica.unsl.edu.ar\\\/#organization\"},\"potentialAction\":[{\"@type\":\"SearchAction\",\"target\":{\"@type\":\"EntryPoint\",\"urlTemplate\":\"https:\\\/\\\/www.fica.unsl.edu.ar\\\/?s={search_term_string}\"},\"query-input\":{\"@type\":\"PropertyValueSpecification\",\"valueRequired\":true,\"valueName\":\"search_term_string\"}}],\"inLanguage\":\"es-AR\"},{\"@type\":\"Organization\",\"@id\":\"https:\\\/\\\/www.fica.unsl.edu.ar\\\/#organization\",\"name\":\"Facultad de Ingenier\u00eda y Ciencias Agropecuarias\",\"url\":\"https:\\\/\\\/www.fica.unsl.edu.ar\\\/\",\"logo\":{\"@type\":\"ImageObject\",\"inLanguage\":\"es-AR\",\"@id\":\"https:\\\/\\\/www.fica.unsl.edu.ar\\\/#\\\/schema\\\/logo\\\/image\\\/\",\"url\":\"https:\\\/\\\/www.fica.unsl.edu.ar\\\/wp-content\\\/uploads\\\/2021\\\/03\\\/LOGO-1.jpg\",\"contentUrl\":\"https:\\\/\\\/www.fica.unsl.edu.ar\\\/wp-content\\\/uploads\\\/2021\\\/03\\\/LOGO-1.jpg\",\"width\":463,\"height\":145,\"caption\":\"Facultad de Ingenier\u00eda y Ciencias Agropecuarias\"},\"image\":{\"@id\":\"https:\\\/\\\/www.fica.unsl.edu.ar\\\/#\\\/schema\\\/logo\\\/image\\\/\"},\"sameAs\":[\"https:\\\/\\\/www.facebook.com\\\/FICA.UNSL\\\/\",\"https:\\\/\\\/x.com\\\/FICAUNSL\",\"https:\\\/\\\/www.instagram.com\\\/fica.unsl\\\/\",\"https:\\\/\\\/www.youtube.com\\\/channel\\\/UCs2MM53gb2PyBrMySdtWZDQ\"]},{\"@type\":\"Person\",\"@id\":\"https:\\\/\\\/www.fica.unsl.edu.ar\\\/#\\\/schema\\\/person\\\/6058f9c66301868d3a691b1f5d6c3544\",\"name\":\"DATI\"}]}<\/script>\n<!-- \/ Yoast SEO plugin. -->","yoast_head_json":{"title":"Inicio trayecto de acompa\u00f1amiento: Mayores de 25 a\u00f1os con secundario incompleto - Facultad de Ingenier\u00eda y Ciencias Agropecuarias","robots":{"index":"index","follow":"follow","max-snippet":"max-snippet:-1","max-image-preview":"max-image-preview:large","max-video-preview":"max-video-preview:-1"},"canonical":"https:\/\/www.fica.unsl.edu.ar\/index.php\/inicio-trayecto-de-acompanamiento-mayores-de-25-anos-con-secundario-incompleto\/","og_locale":"es_ES","og_type":"article","og_title":"Inicio trayecto de acompa\u00f1amiento: Mayores de 25 a\u00f1os con secundario incompleto - Facultad de Ingenier\u00eda y Ciencias Agropecuarias","og_description":"La Secretar\u00eda Acad\u00e9mica informa que hoy 5 de septiembre y hasta el 28 de octubre inclusive, dar\u00e1 comienzo el Trayecto de Acompa\u00f1amiento, consultas virtuales y&hellip;","og_url":"https:\/\/www.fica.unsl.edu.ar\/index.php\/inicio-trayecto-de-acompanamiento-mayores-de-25-anos-con-secundario-incompleto\/","og_site_name":"Facultad de Ingenier\u00eda y Ciencias Agropecuarias","article_publisher":"https:\/\/www.facebook.com\/FICA.UNSL\/","article_published_time":"2022-09-05T15:10:25+00:00","article_modified_time":"2022-09-14T11:34:06+00:00","og_image":[{"width":609,"height":406,"url":"https:\/\/www.fica.unsl.edu.ar\/wp-content\/uploads\/2022\/09\/Mayores-de-25.png","type":"image\/png"}],"author":"DATI","twitter_card":"summary_large_image","twitter_creator":"@FICAUNSL","twitter_site":"@FICAUNSL","twitter_misc":{"Escrito por":"DATI","Tiempo de lectura":"1 minuto"},"schema":{"@context":"https:\/\/schema.org","@graph":[{"@type":"Article","@id":"https:\/\/www.fica.unsl.edu.ar\/index.php\/inicio-trayecto-de-acompanamiento-mayores-de-25-anos-con-secundario-incompleto\/#article","isPartOf":{"@id":"https:\/\/www.fica.unsl.edu.ar\/index.php\/inicio-trayecto-de-acompanamiento-mayores-de-25-anos-con-secundario-incompleto\/"},"author":{"name":"DATI","@id":"https:\/\/www.fica.unsl.edu.ar\/#\/schema\/person\/6058f9c66301868d3a691b1f5d6c3544"},"headline":"Inicio trayecto de acompa\u00f1amiento: Mayores de 25 a\u00f1os con secundario incompleto","datePublished":"2022-09-05T15:10:25+00:00","dateModified":"2022-09-14T11:34:06+00:00","mainEntityOfPage":{"@id":"https:\/\/www.fica.unsl.edu.ar\/index.php\/inicio-trayecto-de-acompanamiento-mayores-de-25-anos-con-secundario-incompleto\/"},"wordCount":136,"publisher":{"@id":"https:\/\/www.fica.unsl.edu.ar\/#organization"},"image":{"@id":"https:\/\/www.fica.unsl.edu.ar\/index.php\/inicio-trayecto-de-acompanamiento-mayores-de-25-anos-con-secundario-incompleto\/#primaryimage"},"thumbnailUrl":"https:\/\/www.fica.unsl.edu.ar\/wp-content\/uploads\/2022\/09\/Mayores-de-25.png","articleSection":["Noticias"],"inLanguage":"es-AR"},{"@type":"WebPage","@id":"https:\/\/www.fica.unsl.edu.ar\/index.php\/inicio-trayecto-de-acompanamiento-mayores-de-25-anos-con-secundario-incompleto\/","url":"https:\/\/www.fica.unsl.edu.ar\/index.php\/inicio-trayecto-de-acompanamiento-mayores-de-25-anos-con-secundario-incompleto\/","name":"Inicio trayecto de acompa\u00f1amiento: Mayores de 25 a\u00f1os con secundario incompleto - Facultad de Ingenier\u00eda y Ciencias Agropecuarias","isPartOf":{"@id":"https:\/\/www.fica.unsl.edu.ar\/#website"},"primaryImageOfPage":{"@id":"https:\/\/www.fica.unsl.edu.ar\/index.php\/inicio-trayecto-de-acompanamiento-mayores-de-25-anos-con-secundario-incompleto\/#primaryimage"},"image":{"@id":"https:\/\/www.fica.unsl.edu.ar\/index.php\/inicio-trayecto-de-acompanamiento-mayores-de-25-anos-con-secundario-incompleto\/#primaryimage"},"thumbnailUrl":"https:\/\/www.fica.unsl.edu.ar\/wp-content\/uploads\/2022\/09\/Mayores-de-25.png","datePublished":"2022-09-05T15:10:25+00:00","dateModified":"2022-09-14T11:34:06+00:00","inLanguage":"es-AR","potentialAction":[{"@type":"ReadAction","target":["https:\/\/www.fica.unsl.edu.ar\/index.php\/inicio-trayecto-de-acompanamiento-mayores-de-25-anos-con-secundario-incompleto\/"]}]},{"@type":"ImageObject","inLanguage":"es-AR","@id":"https:\/\/www.fica.unsl.edu.ar\/index.php\/inicio-trayecto-de-acompanamiento-mayores-de-25-anos-con-secundario-incompleto\/#primaryimage","url":"https:\/\/www.fica.unsl.edu.ar\/wp-content\/uploads\/2022\/09\/Mayores-de-25.png","contentUrl":"https:\/\/www.fica.unsl.edu.ar\/wp-content\/uploads\/2022\/09\/Mayores-de-25.png","width":609,"height":406},{"@type":"WebSite","@id":"https:\/\/www.fica.unsl.edu.ar\/#website","url":"https:\/\/www.fica.unsl.edu.ar\/","name":"Facultad de Ingenier\u00eda y Ciencias Agropecuarias","description":"","publisher":{"@id":"https:\/\/www.fica.unsl.edu.ar\/#organization"},"potentialAction":[{"@type":"SearchAction","target":{"@type":"EntryPoint","urlTemplate":"https:\/\/www.fica.unsl.edu.ar\/?s={search_term_string}"},"query-input":{"@type":"PropertyValueSpecification","valueRequired":true,"valueName":"search_term_string"}}],"inLanguage":"es-AR"},{"@type":"Organization","@id":"https:\/\/www.fica.unsl.edu.ar\/#organization","name":"Facultad de Ingenier\u00eda y Ciencias Agropecuarias","url":"https:\/\/www.fica.unsl.edu.ar\/","logo":{"@type":"ImageObject","inLanguage":"es-AR","@id":"https:\/\/www.fica.unsl.edu.ar\/#\/schema\/logo\/image\/","url":"https:\/\/www.fica.unsl.edu.ar\/wp-content\/uploads\/2021\/03\/LOGO-1.jpg","contentUrl":"https:\/\/www.fica.unsl.edu.ar\/wp-content\/uploads\/2021\/03\/LOGO-1.jpg","width":463,"height":145,"caption":"Facultad de Ingenier\u00eda y Ciencias Agropecuarias"},"image":{"@id":"https:\/\/www.fica.unsl.edu.ar\/#\/schema\/logo\/image\/"},"sameAs":["https:\/\/www.facebook.com\/FICA.UNSL\/","https:\/\/x.com\/FICAUNSL","https:\/\/www.instagram.com\/fica.unsl\/","https:\/\/www.youtube.com\/channel\/UCs2MM53gb2PyBrMySdtWZDQ"]},{"@type":"Person","@id":"https:\/\/www.fica.unsl.edu.ar\/#\/schema\/person\/6058f9c66301868d3a691b1f5d6c3544","name":"DATI"}]}},"_links":{"self":[{"href":"https:\/\/www.fica.unsl.edu.ar\/index.php\/wp-json\/wp\/v2\/posts\/10399","targetHints":{"allow":["GET"]}}],"collection":[{"href":"https:\/\/www.fica.unsl.edu.ar\/index.php\/wp-json\/wp\/v2\/posts"}],"about":[{"href":"https:\/\/www.fica.unsl.edu.ar\/index.php\/wp-json\/wp\/v2\/types\/post"}],"author":[{"embeddable":true,"href":"https:\/\/www.fica.unsl.edu.ar\/index.php\/wp-json\/wp\/v2\/users\/9"}],"replies":[{"embeddable":true,"href":"https:\/\/www.fica.unsl.edu.ar\/index.php\/wp-json\/wp\/v2\/comments?post=10399"}],"version-history":[{"count":2,"href":"https:\/\/www.fica.unsl.edu.ar\/index.php\/wp-json\/wp\/v2\/posts\/10399\/revisions"}],"predecessor-version":[{"id":10402,"href":"https:\/\/www.fica.unsl.edu.ar\/index.php\/wp-json\/wp\/v2\/posts\/10399\/revisions\/10402"}],"wp:featuredmedia":[{"embeddable":true,"href":"https:\/\/www.fica.unsl.edu.ar\/index.php\/wp-json\/wp\/v2\/media\/10401"}],"wp:attachment":[{"href":"https:\/\/www.fica.unsl.edu.ar\/index.php\/wp-json\/wp\/v2\/media?parent=10399"}],"wp:term":[{"taxonomy":"category","embeddable":true,"href":"https:\/\/www.fica.unsl.edu.ar\/index.php\/wp-json\/wp\/v2\/categories?post=10399"},{"taxonomy":"post_tag","embeddable":true,"href":"https:\/\/www.fica.unsl.edu.ar\/index.php\/wp-json\/wp\/v2\/tags?post=10399"}],"curies":[{"name":"wp","href":"https:\/\/api.w.org\/{rel}","templated":true}]}}