{"id":10425,"date":"2022-09-08T11:47:19","date_gmt":"2022-09-08T14:47:19","guid":{"rendered":"http:\/\/10.101.10.196\/www\/?p=10425"},"modified":"2022-09-08T11:47:19","modified_gmt":"2022-09-08T14:47:19","slug":"el-dr-hugo-juri-recibio-el-premio-defensa-de-la-educacion-publica","status":"publish","type":"post","link":"https:\/\/www.fica.unsl.edu.ar\/index.php\/el-dr-hugo-juri-recibio-el-premio-defensa-de-la-educacion-publica\/","title":{"rendered":"El Dr. Hugo Juri recibi\u00f3 el premio \u00abDefensa de la Educaci\u00f3n P\u00fablica\u00bb"},"content":{"rendered":"<p>Este 7 de septiembre, en la escuela fundada por el presidente Domingo Faustino Sarmiento en la localidad de San Francisco del Monte de Oro, la Universidad Nacional de San Luis (UNSL) entreg\u00f3 por sexta vez esta distinci\u00f3n honoraria especial en defensa de la educaci\u00f3n p\u00fablica.<\/p>\n<p>Desde el a\u00f1o 2017 la Instituci\u00f3n entrega un reconocimiento a las personalidades del \u00e1mbito acad\u00e9mico, cient\u00edfico, pol\u00edtico o cultural que se hayan destacado por sus contribuciones especiales en la defensa de la educaci\u00f3n p\u00fablica.<\/p>\n<p>Hoy recibi\u00f3 esta distinci\u00f3n el Dr. Hugo Juri ex rector y vicerrector de la Universidad Nacional de C\u00f3rdoba (UNC), ex ministro nacional de Educaci\u00f3n, ex presidente del Consejo Interuniversitario Nacional (CIN) y evaluador de la Comisi\u00f3n Nacional de Evaluaci\u00f3n y Acreditaci\u00f3n Universitaria (CONEAU).<\/p>\n<p><img fetchpriority=\"high\" decoding=\"async\" class=\"aligncenter size-full wp-image-10427\" src=\"https:\/\/www.fica.unsl.edu.ar\/wp-content\/uploads\/2022\/09\/Premio-en-Defensa-de-la-Educacion-Publica-Dr.-Hugo-Juri-1.jpg\" alt=\"\" width=\"1000\" height=\"667\" srcset=\"https:\/\/www.fica.unsl.edu.ar\/wp-content\/uploads\/2022\/09\/Premio-en-Defensa-de-la-Educacion-Publica-Dr.-Hugo-Juri-1.jpg 1000w, https:\/\/www.fica.unsl.edu.ar\/wp-content\/uploads\/2022\/09\/Premio-en-Defensa-de-la-Educacion-Publica-Dr.-Hugo-Juri-1-300x200.jpg 300w, https:\/\/www.fica.unsl.edu.ar\/wp-content\/uploads\/2022\/09\/Premio-en-Defensa-de-la-Educacion-Publica-Dr.-Hugo-Juri-1-768x512.jpg 768w\" sizes=\"(max-width: 1000px) 100vw, 1000px\" \/><\/p>\n<p>Acompa\u00f1aron a las autoridades de la Universidad, representantes del Municipio de San Francisco del Monte de Oro, docentes, nodocentes y las banderas de ceremonias de la Universidad y de escuelas secundarias. Durante toda su vida democr\u00e1tica, la UNSL se ha caracterizado por mantener una irrestricta defensa de la educaci\u00f3n p\u00fablica en todos sus niveles.<\/p>\n<p>Durante el acto, el primero en dirigirse al p\u00fablico fue el escribano de la UNSL, Juan Jos\u00e9 Laborda Ibarra, quien sostuvo que la Instituci\u00f3n dispuso en esta oportunidad a la distinci\u00f3n honoraria al Dr. Hugo Oscar Juri, reconocido m\u00e9dico, acad\u00e9mico, docente universitario, ex rector en dos (2) oportunidades de la Universidad Nacional de C\u00f3rdoba y tambi\u00e9n ex Ministro de Educaci\u00f3n de la Naci\u00f3n. \u00abTrayectoria destacada s\u00ed la hay (\u2026) La UNSL tambi\u00e9n decidi\u00f3 que la entrega de esta distinci\u00f3n se realice ac\u00e1, en un lugar emblem\u00e1tico de la educaci\u00f3n p\u00fablica argentina\u00bb, dijo y agreg\u00f3: \u00abVolver en cada septiembre a Domingo Faustino Sarmiento es volver al n\u00facleo en donde se origin\u00f3 el proyecto de una Naci\u00f3n y de una sociedad democr\u00e1tica casi inexistente en aquella \u00e9poca donde el habitante de estas tierras iba a ascender mediante la educaci\u00f3n p\u00fablica a la categor\u00eda de ciudadano, titular de derechos y obligaciones c\u00edvicas\u00bb.<\/p>\n<p>Luego se expres\u00f3 el intendente de la localidad, Jerem\u00edas Adri\u00e1n Vivas: \u00abEs un orgullo que a\u00f1o tras a\u00f1o elijan a este lugar para la entrega de un premio de algo tan importante como es la defensa de la educaci\u00f3n p\u00fablica y ac\u00e1 en San Francisco, donde tambi\u00e9n tenemos, adem\u00e1s de este Solar Hist\u00f3rico, a la educadora y gran visionaria Rosenda Quiroga que tambi\u00e9n fue una luchadora y una mujer que uni\u00f3 fuerzas y luch\u00f3 por la educaci\u00f3n\u00bb, dijo.<\/p>\n<p><img decoding=\"async\" class=\"aligncenter size-full wp-image-10428\" src=\"https:\/\/www.fica.unsl.edu.ar\/wp-content\/uploads\/2022\/09\/Premio-en-Defensa-de-la-Educacion-Publica-Dr.-Hugo-Juri-3.jpg\" alt=\"\" width=\"1000\" height=\"667\" srcset=\"https:\/\/www.fica.unsl.edu.ar\/wp-content\/uploads\/2022\/09\/Premio-en-Defensa-de-la-Educacion-Publica-Dr.-Hugo-Juri-3.jpg 1000w, https:\/\/www.fica.unsl.edu.ar\/wp-content\/uploads\/2022\/09\/Premio-en-Defensa-de-la-Educacion-Publica-Dr.-Hugo-Juri-3-300x200.jpg 300w, https:\/\/www.fica.unsl.edu.ar\/wp-content\/uploads\/2022\/09\/Premio-en-Defensa-de-la-Educacion-Publica-Dr.-Hugo-Juri-3-768x512.jpg 768w\" sizes=\"(max-width: 1000px) 100vw, 1000px\" \/><\/p>\n<p>Despu\u00e9s de la lectura de la resoluci\u00f3n que instituye el premio, el rector C.P.N. V\u00edctor Mori\u00f1igo le hizo entrega del reconocimiento al Dr. Hugo Oscar Juri quien sostuvo: \u00abEstoy absolutamente emocionado por muchas razones y el Rector sabe muy bien las relaciones diferentes que hemos tenido desde hace muchos a\u00f1os, pero siempre muy buenas, con la Universidad Nacional de San Luis (\u2026) Este es un homenaje demasiado generoso pero que pega profundamente en el alma estar aqu\u00ed donde a los 15 a\u00f1os un joven que hacia l\u00edo, como dec\u00eda el papa Francisco, lleg\u00f3 a fundar la primera escuelita de Sarmiento (\u2026) Es una cuesti\u00f3n extraordinaria lo que hizo Sarmiento quien pensaba ya a los 15 a\u00f1os en la importancia de la educaci\u00f3n para nuestro pa\u00eds y de ah\u00ed nunca dej\u00f3 de pensar en hacer esta Patria grande\u00bb.<\/p>\n<p>El rector C.P.N. V\u00edctor Mori\u00f1igo destac\u00f3 la trayectoria del acad\u00e9mico distinguido y sostuvo: \u00abQuerido Hugo Juri, espero que se haya sentido como en su casa en esta estad\u00eda, como en otras tantas que nos ha honrado con su visita, y como ya le hemos hecho saber queremos decirle p\u00fablicamente que usted hoy prestigia a nuestra querida Universidad Nacional de San Luis al aceptar este premio (\u2026) Ojala nosotros hayamos ayudado y aportado a la defensa de la educaci\u00f3n p\u00fablica que vos querido Hugo has transitado durante a\u00f1os\u00bb.<\/p>\n<p>El cierre del evento cont\u00f3 con una demostraci\u00f3n art\u00edstica de danza y m\u00fasica. Actu\u00f3 el grupo Estirpe Gaucha, ballet municipal a cargo de la profesora Silvina Nievas, y el grupo Reto\u00f1os de mi Tierra dirigido por el Prof. Ra\u00fal Lucero.<\/p>\n<div class=\"gmedia_gallery phantom_module is_bot\" id=\"GmediaGallery_97\" data-gmid=\"97\" data-module=\"phantom\"><style type='text\/css' class='gmedia_module_style_import'>@import url('https:\/\/www.fica.unsl.edu.ar\/wp-content\/plugins\/grand-media\/module\/phantom\/css\/style.css') all;<\/style>    <div class=\"gmPhantom_Container noLightbox\" >\r\n                <div class=\"gmPhantom_thumbsWrapper gmPhantom_ThumbScale gmPhantom_LabelHover\">\r\n                        <div class=\"gmPhantom_ThumbContainer gmPhantom_ThumbLoader\" data-id=\"1323\" data-post_id=\"10442\" data-ratio=\"1.5\" data-type=\"image\" data-ext=\"jpg\" data-views=\"1\" data-likes=\"0\" data-cc=\"0\" data-post_link=\"https:\/\/www.fica.unsl.edu.ar\/index.php\/gmedia\/hugo-juri-12-jpg\/\">\r\n                <a href=\"https:\/\/www.fica.unsl.edu.ar\/wp-content\/grand-media\/image\/Hugo-Juri--12.jpg\" class=\"gmPhantom_Thumb\"><img decoding=\"async\" src=\"https:\/\/www.fica.unsl.edu.ar\/wp-content\/grand-media\/image\/thumb\/Hugo-Juri--12.jpg\" data-src=\"https:\/\/www.fica.unsl.edu.ar\/wp-content\/grand-media\/image\/Hugo-Juri--12.jpg\" alt=\"Hugo-Juri--12\"\/><\/a>\r\n                                    <div class=\"gmPhantom_ThumbLabel\"><span class=\"gmPhantom_ThumbLabel_title\">Hugo-Juri--12<\/span><\/div>\r\n                                    <div style=\"display:none;\" class=\"gmPhantom_Details\">\r\n                                            <div class=\"gmPhantom_description\">\r\n                            <div class=\"gmPhantom_title\">Hugo-Juri--12<\/div>\r\n                            <div class=\"gmPhantom_text\"><\/div>\r\n                        <\/div>\r\n                                                            <div class=\"gmPhantom_terms\">\r\n                                                    <div class=\"gmPhantom_other_terms\">\r\n                                <table class=\"gmPhantom_other_terms_table\">\r\n                                                                            <tr class=\"gmPhantom_term_row_album\">\r\n                                            <td class=\"gmPhantom_term_key\">Album<\/td>\r\n                                            <td class=\"gmPhantom_term_value\"><a href=\"\/index.php\/wp-json\/wp\/v2\/posts\/10425?gm97[album__in]=97\" class=\"gmPhantom_alb\">Dr. Hugo Juri -RECONOCIMIENTO-2022<\/a><\/td>\r\n                                        <\/tr>\r\n                                                                    <\/table>\r\n                            <\/div>\r\n                                                <\/div>\r\n                <\/div>\r\n                <\/div>            <div class=\"gmPhantom_ThumbContainer gmPhantom_ThumbLoader\" data-id=\"1322\" data-post_id=\"10441\" data-ratio=\"1.5\" data-type=\"image\" data-ext=\"jpg\" data-views=\"0\" data-likes=\"0\" data-cc=\"0\" data-post_link=\"https:\/\/www.fica.unsl.edu.ar\/index.php\/gmedia\/hugo-juri-11-jpg\/\">\r\n                <a href=\"https:\/\/www.fica.unsl.edu.ar\/wp-content\/grand-media\/image\/Hugo-Juri--11.jpg\" class=\"gmPhantom_Thumb\"><img decoding=\"async\" src=\"https:\/\/www.fica.unsl.edu.ar\/wp-content\/grand-media\/image\/thumb\/Hugo-Juri--11.jpg\" data-src=\"https:\/\/www.fica.unsl.edu.ar\/wp-content\/grand-media\/image\/Hugo-Juri--11.jpg\" alt=\"Hugo-Juri--11\"\/><\/a>\r\n                                    <div class=\"gmPhantom_ThumbLabel\"><span class=\"gmPhantom_ThumbLabel_title\">Hugo-Juri--11<\/span><\/div>\r\n                                    <div style=\"display:none;\" class=\"gmPhantom_Details\">\r\n                                            <div class=\"gmPhantom_description\">\r\n                            <div class=\"gmPhantom_title\">Hugo-Juri--11<\/div>\r\n                            <div class=\"gmPhantom_text\"><\/div>\r\n                        <\/div>\r\n                                                            <div class=\"gmPhantom_terms\">\r\n                                                    <div class=\"gmPhantom_other_terms\">\r\n                                <table class=\"gmPhantom_other_terms_table\">\r\n                                                                            <tr class=\"gmPhantom_term_row_album\">\r\n                                            <td class=\"gmPhantom_term_key\">Album<\/td>\r\n                                            <td class=\"gmPhantom_term_value\"><a href=\"\/index.php\/wp-json\/wp\/v2\/posts\/10425?gm97[album__in]=97\" class=\"gmPhantom_alb\">Dr. Hugo Juri -RECONOCIMIENTO-2022<\/a><\/td>\r\n                                        <\/tr>\r\n                                                                    <\/table>\r\n                            <\/div>\r\n                                                <\/div>\r\n                <\/div>\r\n                <\/div>            <div class=\"gmPhantom_ThumbContainer gmPhantom_ThumbLoader\" data-id=\"1321\" data-post_id=\"10439\" data-ratio=\"1.5\" data-type=\"image\" data-ext=\"jpg\" data-views=\"0\" data-likes=\"0\" data-cc=\"0\" data-post_link=\"https:\/\/www.fica.unsl.edu.ar\/index.php\/gmedia\/hugo-juri-10-jpg\/\">\r\n                <a href=\"https:\/\/www.fica.unsl.edu.ar\/wp-content\/grand-media\/image\/Hugo-Juri--10.jpg\" class=\"gmPhantom_Thumb\"><img decoding=\"async\" src=\"https:\/\/www.fica.unsl.edu.ar\/wp-content\/grand-media\/image\/thumb\/Hugo-Juri--10.jpg\" data-src=\"https:\/\/www.fica.unsl.edu.ar\/wp-content\/grand-media\/image\/Hugo-Juri--10.jpg\" alt=\"Hugo-Juri--10\"\/><\/a>\r\n                                    <div class=\"gmPhantom_ThumbLabel\"><span class=\"gmPhantom_ThumbLabel_title\">Hugo-Juri--10<\/span><\/div>\r\n                                    <div style=\"display:none;\" class=\"gmPhantom_Details\">\r\n                                            <div class=\"gmPhantom_description\">\r\n                            <div class=\"gmPhantom_title\">Hugo-Juri--10<\/div>\r\n                            <div class=\"gmPhantom_text\"><\/div>\r\n                        <\/div>\r\n                                                            <div class=\"gmPhantom_terms\">\r\n                                                    <div class=\"gmPhantom_other_terms\">\r\n                                <table class=\"gmPhantom_other_terms_table\">\r\n                                                                            <tr class=\"gmPhantom_term_row_album\">\r\n                                            <td class=\"gmPhantom_term_key\">Album<\/td>\r\n                                            <td class=\"gmPhantom_term_value\"><a href=\"\/index.php\/wp-json\/wp\/v2\/posts\/10425?gm97[album__in]=97\" class=\"gmPhantom_alb\">Dr. Hugo Juri -RECONOCIMIENTO-2022<\/a><\/td>\r\n                                        <\/tr>\r\n                                                                    <\/table>\r\n                            <\/div>\r\n                                                <\/div>\r\n                <\/div>\r\n                <\/div>            <div class=\"gmPhantom_ThumbContainer gmPhantom_ThumbLoader\" data-id=\"1320\" data-post_id=\"10438\" data-ratio=\"1.5\" data-type=\"image\" data-ext=\"jpg\" data-views=\"0\" data-likes=\"0\" data-cc=\"0\" data-post_link=\"https:\/\/www.fica.unsl.edu.ar\/index.php\/gmedia\/hugo-juri-09-jpg\/\">\r\n                <a href=\"https:\/\/www.fica.unsl.edu.ar\/wp-content\/grand-media\/image\/Hugo-Juri--09.jpg\" class=\"gmPhantom_Thumb\"><img decoding=\"async\" src=\"https:\/\/www.fica.unsl.edu.ar\/wp-content\/grand-media\/image\/thumb\/Hugo-Juri--09.jpg\" data-src=\"https:\/\/www.fica.unsl.edu.ar\/wp-content\/grand-media\/image\/Hugo-Juri--09.jpg\" alt=\"Hugo-Juri--09\"\/><\/a>\r\n                                    <div class=\"gmPhantom_ThumbLabel\"><span class=\"gmPhantom_ThumbLabel_title\">Hugo-Juri--09<\/span><\/div>\r\n                                    <div style=\"display:none;\" class=\"gmPhantom_Details\">\r\n                                            <div class=\"gmPhantom_description\">\r\n                            <div class=\"gmPhantom_title\">Hugo-Juri--09<\/div>\r\n                            <div class=\"gmPhantom_text\"><\/div>\r\n                        <\/div>\r\n                                                            <div class=\"gmPhantom_terms\">\r\n                                                    <div class=\"gmPhantom_other_terms\">\r\n                                <table class=\"gmPhantom_other_terms_table\">\r\n                                                                            <tr class=\"gmPhantom_term_row_album\">\r\n                                            <td class=\"gmPhantom_term_key\">Album<\/td>\r\n                                            <td class=\"gmPhantom_term_value\"><a href=\"\/index.php\/wp-json\/wp\/v2\/posts\/10425?gm97[album__in]=97\" class=\"gmPhantom_alb\">Dr. Hugo Juri -RECONOCIMIENTO-2022<\/a><\/td>\r\n                                        <\/tr>\r\n                                                                    <\/table>\r\n                            <\/div>\r\n                                                <\/div>\r\n                <\/div>\r\n                <\/div>            <div class=\"gmPhantom_ThumbContainer gmPhantom_ThumbLoader\" data-id=\"1319\" data-post_id=\"10437\" data-ratio=\"1.5\" data-type=\"image\" data-ext=\"jpg\" data-views=\"0\" data-likes=\"0\" data-cc=\"0\" data-post_link=\"https:\/\/www.fica.unsl.edu.ar\/index.php\/gmedia\/hugo-juri-08-jpg\/\">\r\n                <a href=\"https:\/\/www.fica.unsl.edu.ar\/wp-content\/grand-media\/image\/Hugo-Juri--08.jpg\" class=\"gmPhantom_Thumb\"><img decoding=\"async\" src=\"https:\/\/www.fica.unsl.edu.ar\/wp-content\/grand-media\/image\/thumb\/Hugo-Juri--08.jpg\" data-src=\"https:\/\/www.fica.unsl.edu.ar\/wp-content\/grand-media\/image\/Hugo-Juri--08.jpg\" alt=\"Hugo-Juri--08\"\/><\/a>\r\n                                    <div class=\"gmPhantom_ThumbLabel\"><span class=\"gmPhantom_ThumbLabel_title\">Hugo-Juri--08<\/span><\/div>\r\n                                    <div style=\"display:none;\" class=\"gmPhantom_Details\">\r\n                                            <div class=\"gmPhantom_description\">\r\n                            <div class=\"gmPhantom_title\">Hugo-Juri--08<\/div>\r\n                            <div class=\"gmPhantom_text\"><\/div>\r\n                        <\/div>\r\n                                                            <div class=\"gmPhantom_terms\">\r\n                                                    <div class=\"gmPhantom_other_terms\">\r\n                                <table class=\"gmPhantom_other_terms_table\">\r\n                                                                            <tr class=\"gmPhantom_term_row_album\">\r\n                                            <td class=\"gmPhantom_term_key\">Album<\/td>\r\n                                            <td class=\"gmPhantom_term_value\"><a href=\"\/index.php\/wp-json\/wp\/v2\/posts\/10425?gm97[album__in]=97\" class=\"gmPhantom_alb\">Dr. Hugo Juri -RECONOCIMIENTO-2022<\/a><\/td>\r\n                                        <\/tr>\r\n                                                                    <\/table>\r\n                            <\/div>\r\n                                                <\/div>\r\n                <\/div>\r\n                <\/div>            <div class=\"gmPhantom_ThumbContainer gmPhantom_ThumbLoader\" data-id=\"1318\" data-post_id=\"10436\" data-ratio=\"1.5\" data-type=\"image\" data-ext=\"jpg\" data-views=\"0\" data-likes=\"0\" data-cc=\"0\" data-post_link=\"https:\/\/www.fica.unsl.edu.ar\/index.php\/gmedia\/hugo-juri-05-jpg\/\">\r\n                <a href=\"https:\/\/www.fica.unsl.edu.ar\/wp-content\/grand-media\/image\/Hugo-Juri--05.jpg\" class=\"gmPhantom_Thumb\"><img decoding=\"async\" src=\"https:\/\/www.fica.unsl.edu.ar\/wp-content\/grand-media\/image\/thumb\/Hugo-Juri--05.jpg\" data-src=\"https:\/\/www.fica.unsl.edu.ar\/wp-content\/grand-media\/image\/Hugo-Juri--05.jpg\" alt=\"Hugo-Juri--05\"\/><\/a>\r\n                                    <div class=\"gmPhantom_ThumbLabel\"><span class=\"gmPhantom_ThumbLabel_title\">Hugo-Juri--05<\/span><\/div>\r\n                                    <div style=\"display:none;\" class=\"gmPhantom_Details\">\r\n                                            <div class=\"gmPhantom_description\">\r\n                            <div class=\"gmPhantom_title\">Hugo-Juri--05<\/div>\r\n                            <div class=\"gmPhantom_text\"><\/div>\r\n                        <\/div>\r\n                                                            <div class=\"gmPhantom_terms\">\r\n                                                    <div class=\"gmPhantom_other_terms\">\r\n                                <table class=\"gmPhantom_other_terms_table\">\r\n                                                                            <tr class=\"gmPhantom_term_row_album\">\r\n                                            <td class=\"gmPhantom_term_key\">Album<\/td>\r\n                                            <td class=\"gmPhantom_term_value\"><a href=\"\/index.php\/wp-json\/wp\/v2\/posts\/10425?gm97[album__in]=97\" class=\"gmPhantom_alb\">Dr. Hugo Juri -RECONOCIMIENTO-2022<\/a><\/td>\r\n                                        <\/tr>\r\n                                                                    <\/table>\r\n                            <\/div>\r\n                                                <\/div>\r\n                <\/div>\r\n                <\/div>            <div class=\"gmPhantom_ThumbContainer gmPhantom_ThumbLoader\" data-id=\"1317\" data-post_id=\"10435\" data-ratio=\"1.5\" data-type=\"image\" data-ext=\"jpg\" data-views=\"0\" data-likes=\"0\" data-cc=\"0\" data-post_link=\"https:\/\/www.fica.unsl.edu.ar\/index.php\/gmedia\/hugo-juri-04-jpg\/\">\r\n                <a href=\"https:\/\/www.fica.unsl.edu.ar\/wp-content\/grand-media\/image\/Hugo-Juri--04.jpg\" class=\"gmPhantom_Thumb\"><img decoding=\"async\" src=\"https:\/\/www.fica.unsl.edu.ar\/wp-content\/grand-media\/image\/thumb\/Hugo-Juri--04.jpg\" data-src=\"https:\/\/www.fica.unsl.edu.ar\/wp-content\/grand-media\/image\/Hugo-Juri--04.jpg\" alt=\"Hugo-Juri--04\"\/><\/a>\r\n                                    <div class=\"gmPhantom_ThumbLabel\"><span class=\"gmPhantom_ThumbLabel_title\">Hugo-Juri--04<\/span><\/div>\r\n                                    <div style=\"display:none;\" class=\"gmPhantom_Details\">\r\n                                            <div class=\"gmPhantom_description\">\r\n                            <div class=\"gmPhantom_title\">Hugo-Juri--04<\/div>\r\n                            <div class=\"gmPhantom_text\"><\/div>\r\n                        <\/div>\r\n                                                            <div class=\"gmPhantom_terms\">\r\n                                                    <div class=\"gmPhantom_other_terms\">\r\n                                <table class=\"gmPhantom_other_terms_table\">\r\n                                                                            <tr class=\"gmPhantom_term_row_album\">\r\n                                            <td class=\"gmPhantom_term_key\">Album<\/td>\r\n                                            <td class=\"gmPhantom_term_value\"><a href=\"\/index.php\/wp-json\/wp\/v2\/posts\/10425?gm97[album__in]=97\" class=\"gmPhantom_alb\">Dr. Hugo Juri -RECONOCIMIENTO-2022<\/a><\/td>\r\n                                        <\/tr>\r\n                                                                    <\/table>\r\n                            <\/div>\r\n                                                <\/div>\r\n                <\/div>\r\n                <\/div>            <div class=\"gmPhantom_ThumbContainer gmPhantom_ThumbLoader\" data-id=\"1316\" data-post_id=\"10434\" data-ratio=\"1.7733333333333\" data-type=\"image\" data-ext=\"jpg\" data-views=\"0\" data-likes=\"0\" data-cc=\"0\" data-post_link=\"https:\/\/www.fica.unsl.edu.ar\/index.php\/gmedia\/hugo-juri-03-jpg\/\">\r\n                <a href=\"https:\/\/www.fica.unsl.edu.ar\/wp-content\/grand-media\/image\/Hugo-Juri--03.jpg\" class=\"gmPhantom_Thumb\"><img decoding=\"async\" src=\"https:\/\/www.fica.unsl.edu.ar\/wp-content\/grand-media\/image\/thumb\/Hugo-Juri--03.jpg\" data-src=\"https:\/\/www.fica.unsl.edu.ar\/wp-content\/grand-media\/image\/Hugo-Juri--03.jpg\" alt=\"Hugo-Juri--03\"\/><\/a>\r\n                                    <div class=\"gmPhantom_ThumbLabel\"><span class=\"gmPhantom_ThumbLabel_title\">Hugo-Juri--03<\/span><\/div>\r\n                                    <div style=\"display:none;\" class=\"gmPhantom_Details\">\r\n                                            <div class=\"gmPhantom_description\">\r\n                            <div class=\"gmPhantom_title\">Hugo-Juri--03<\/div>\r\n                            <div class=\"gmPhantom_text\"><\/div>\r\n                        <\/div>\r\n                                                            <div class=\"gmPhantom_terms\">\r\n                                                    <div class=\"gmPhantom_other_terms\">\r\n                                <table class=\"gmPhantom_other_terms_table\">\r\n                                                                            <tr class=\"gmPhantom_term_row_album\">\r\n                                            <td class=\"gmPhantom_term_key\">Album<\/td>\r\n                                            <td class=\"gmPhantom_term_value\"><a href=\"\/index.php\/wp-json\/wp\/v2\/posts\/10425?gm97[album__in]=97\" class=\"gmPhantom_alb\">Dr. Hugo Juri -RECONOCIMIENTO-2022<\/a><\/td>\r\n                                        <\/tr>\r\n                                                                    <\/table>\r\n                            <\/div>\r\n                                                <\/div>\r\n                <\/div>\r\n                <\/div>            <div class=\"gmPhantom_ThumbContainer gmPhantom_ThumbLoader\" data-id=\"1315\" data-post_id=\"10433\" data-ratio=\"1.7733333333333\" data-type=\"image\" data-ext=\"jpg\" data-views=\"0\" data-likes=\"0\" data-cc=\"0\" data-post_link=\"https:\/\/www.fica.unsl.edu.ar\/index.php\/gmedia\/hugo-juri-02-jpg\/\">\r\n                <a href=\"https:\/\/www.fica.unsl.edu.ar\/wp-content\/grand-media\/image\/Hugo-Juri--02.jpg\" class=\"gmPhantom_Thumb\"><img decoding=\"async\" src=\"https:\/\/www.fica.unsl.edu.ar\/wp-content\/grand-media\/image\/thumb\/Hugo-Juri--02.jpg\" data-src=\"https:\/\/www.fica.unsl.edu.ar\/wp-content\/grand-media\/image\/Hugo-Juri--02.jpg\" alt=\"Hugo-Juri--02\"\/><\/a>\r\n                                    <div class=\"gmPhantom_ThumbLabel\"><span class=\"gmPhantom_ThumbLabel_title\">Hugo-Juri--02<\/span><\/div>\r\n                                    <div style=\"display:none;\" class=\"gmPhantom_Details\">\r\n                                            <div class=\"gmPhantom_description\">\r\n                            <div class=\"gmPhantom_title\">Hugo-Juri--02<\/div>\r\n                            <div class=\"gmPhantom_text\"><\/div>\r\n                        <\/div>\r\n                                                            <div class=\"gmPhantom_terms\">\r\n                                                    <div class=\"gmPhantom_other_terms\">\r\n                                <table class=\"gmPhantom_other_terms_table\">\r\n                                                                            <tr class=\"gmPhantom_term_row_album\">\r\n                                            <td class=\"gmPhantom_term_key\">Album<\/td>\r\n                                            <td class=\"gmPhantom_term_value\"><a href=\"\/index.php\/wp-json\/wp\/v2\/posts\/10425?gm97[album__in]=97\" class=\"gmPhantom_alb\">Dr. Hugo Juri -RECONOCIMIENTO-2022<\/a><\/td>\r\n                                        <\/tr>\r\n                                                                    <\/table>\r\n                            <\/div>\r\n                                                <\/div>\r\n                <\/div>\r\n                <\/div>            <div class=\"gmPhantom_ThumbContainer gmPhantom_ThumbLoader\" data-id=\"1314\" data-post_id=\"10432\" data-ratio=\"1.7733333333333\" data-type=\"image\" data-ext=\"jpg\" data-views=\"0\" data-likes=\"0\" data-cc=\"0\" data-post_link=\"https:\/\/www.fica.unsl.edu.ar\/index.php\/gmedia\/hugo-juri-01-jpg\/\">\r\n                <a href=\"https:\/\/www.fica.unsl.edu.ar\/wp-content\/grand-media\/image\/Hugo-Juri--01.jpg\" class=\"gmPhantom_Thumb\"><img decoding=\"async\" src=\"https:\/\/www.fica.unsl.edu.ar\/wp-content\/grand-media\/image\/thumb\/Hugo-Juri--01.jpg\" data-src=\"https:\/\/www.fica.unsl.edu.ar\/wp-content\/grand-media\/image\/Hugo-Juri--01.jpg\" alt=\"Hugo-Juri--01\"\/><\/a>\r\n                                    <div class=\"gmPhantom_ThumbLabel\"><span class=\"gmPhantom_ThumbLabel_title\">Hugo-Juri--01<\/span><\/div>\r\n                                    <div style=\"display:none;\" class=\"gmPhantom_Details\">\r\n                                            <div class=\"gmPhantom_description\">\r\n                            <div class=\"gmPhantom_title\">Hugo-Juri--01<\/div>\r\n                            <div class=\"gmPhantom_text\"><\/div>\r\n                        <\/div>\r\n                                                            <div class=\"gmPhantom_terms\">\r\n                                                    <div class=\"gmPhantom_other_terms\">\r\n                                <table class=\"gmPhantom_other_terms_table\">\r\n                                                                            <tr class=\"gmPhantom_term_row_album\">\r\n                                            <td class=\"gmPhantom_term_key\">Album<\/td>\r\n                                            <td class=\"gmPhantom_term_value\"><a href=\"\/index.php\/wp-json\/wp\/v2\/posts\/10425?gm97[album__in]=97\" class=\"gmPhantom_alb\">Dr. Hugo Juri -RECONOCIMIENTO-2022<\/a><\/td>\r\n                                        <\/tr>\r\n                                                                    <\/table>\r\n                            <\/div>\r\n                                                <\/div>\r\n                <\/div>\r\n                <\/div>        <\/div>\r\n    <\/div>\r\n<\/div>\n<p><strong>FUENTE: PRENSA RECTORADO | UNSL<\/strong><\/p>\n","protected":false},"excerpt":{"rendered":"<p>Este 7 de septiembre, en la escuela fundada por el presidente Domingo Faustino Sarmiento en la localidad de San Francisco del Monte de Oro, la&hellip;<\/p>\n","protected":false},"author":9,"featured_media":10426,"comment_status":"closed","ping_status":"closed","sticky":false,"template":"","format":"standard","meta":{"_monsterinsights_skip_tracking":false,"_monsterinsights_sitenote_active":false,"_monsterinsights_sitenote_note":"","_monsterinsights_sitenote_category":0,"_joinchat":[],"footnotes":""},"categories":[19],"tags":[],"class_list":["post-10425","post","type-post","status-publish","format-standard","has-post-thumbnail","hentry","category-noticias"],"yoast_head":"<!-- This site is optimized with the Yoast SEO plugin v27.4 - https:\/\/yoast.com\/product\/yoast-seo-wordpress\/ -->\n<title>El Dr. Hugo Juri recibi\u00f3 el premio \u00abDefensa de la Educaci\u00f3n P\u00fablica\u00bb - Facultad de Ingenier\u00eda y Ciencias Agropecuarias<\/title>\n<meta name=\"robots\" content=\"index, follow, max-snippet:-1, max-image-preview:large, max-video-preview:-1\" \/>\n<link rel=\"canonical\" href=\"https:\/\/www.fica.unsl.edu.ar\/index.php\/el-dr-hugo-juri-recibio-el-premio-defensa-de-la-educacion-publica\/\" \/>\n<meta property=\"og:locale\" content=\"es_ES\" \/>\n<meta property=\"og:type\" content=\"article\" \/>\n<meta property=\"og:title\" content=\"El Dr. Hugo Juri recibi\u00f3 el premio \u00abDefensa de la Educaci\u00f3n P\u00fablica\u00bb - Facultad de Ingenier\u00eda y Ciencias Agropecuarias\" \/>\n<meta property=\"og:description\" content=\"Este 7 de septiembre, en la escuela fundada por el presidente Domingo Faustino Sarmiento en la localidad de San Francisco del Monte de Oro, la&hellip;\" \/>\n<meta property=\"og:url\" content=\"https:\/\/www.fica.unsl.edu.ar\/index.php\/el-dr-hugo-juri-recibio-el-premio-defensa-de-la-educacion-publica\/\" \/>\n<meta property=\"og:site_name\" content=\"Facultad de Ingenier\u00eda y Ciencias Agropecuarias\" \/>\n<meta property=\"article:publisher\" content=\"https:\/\/www.facebook.com\/FICA.UNSL\/\" \/>\n<meta property=\"article:published_time\" content=\"2022-09-08T14:47:19+00:00\" \/>\n<meta property=\"og:image\" content=\"https:\/\/www.fica.unsl.edu.ar\/wp-content\/uploads\/2022\/09\/Premio-en-Defensa-de-la-Educacion-Publica-Dr-front.jpg\" \/>\n\t<meta property=\"og:image:width\" content=\"1061\" \/>\n\t<meta property=\"og:image:height\" content=\"585\" \/>\n\t<meta property=\"og:image:type\" content=\"image\/jpeg\" \/>\n<meta name=\"author\" content=\"DATI\" \/>\n<meta name=\"twitter:card\" content=\"summary_large_image\" \/>\n<meta name=\"twitter:creator\" content=\"@FICAUNSL\" \/>\n<meta name=\"twitter:site\" content=\"@FICAUNSL\" \/>\n<meta name=\"twitter:label1\" content=\"Escrito por\" \/>\n\t<meta name=\"twitter:data1\" content=\"DATI\" \/>\n\t<meta name=\"twitter:label2\" content=\"Tiempo de lectura\" \/>\n\t<meta name=\"twitter:data2\" content=\"4 minutos\" \/>\n<script type=\"application\/ld+json\" class=\"yoast-schema-graph\">{\"@context\":\"https:\\\/\\\/schema.org\",\"@graph\":[{\"@type\":\"Article\",\"@id\":\"https:\\\/\\\/www.fica.unsl.edu.ar\\\/index.php\\\/el-dr-hugo-juri-recibio-el-premio-defensa-de-la-educacion-publica\\\/#article\",\"isPartOf\":{\"@id\":\"https:\\\/\\\/www.fica.unsl.edu.ar\\\/index.php\\\/el-dr-hugo-juri-recibio-el-premio-defensa-de-la-educacion-publica\\\/\"},\"author\":{\"name\":\"DATI\",\"@id\":\"https:\\\/\\\/www.fica.unsl.edu.ar\\\/#\\\/schema\\\/person\\\/6058f9c66301868d3a691b1f5d6c3544\"},\"headline\":\"El Dr. Hugo Juri recibi\u00f3 el premio \u00abDefensa de la Educaci\u00f3n P\u00fablica\u00bb\",\"datePublished\":\"2022-09-08T14:47:19+00:00\",\"mainEntityOfPage\":{\"@id\":\"https:\\\/\\\/www.fica.unsl.edu.ar\\\/index.php\\\/el-dr-hugo-juri-recibio-el-premio-defensa-de-la-educacion-publica\\\/\"},\"wordCount\":759,\"publisher\":{\"@id\":\"https:\\\/\\\/www.fica.unsl.edu.ar\\\/#organization\"},\"image\":{\"@id\":\"https:\\\/\\\/www.fica.unsl.edu.ar\\\/index.php\\\/el-dr-hugo-juri-recibio-el-premio-defensa-de-la-educacion-publica\\\/#primaryimage\"},\"thumbnailUrl\":\"https:\\\/\\\/www.fica.unsl.edu.ar\\\/wp-content\\\/uploads\\\/2022\\\/09\\\/Premio-en-Defensa-de-la-Educacion-Publica-Dr-front.jpg\",\"articleSection\":[\"Noticias\"],\"inLanguage\":\"es-AR\"},{\"@type\":\"WebPage\",\"@id\":\"https:\\\/\\\/www.fica.unsl.edu.ar\\\/index.php\\\/el-dr-hugo-juri-recibio-el-premio-defensa-de-la-educacion-publica\\\/\",\"url\":\"https:\\\/\\\/www.fica.unsl.edu.ar\\\/index.php\\\/el-dr-hugo-juri-recibio-el-premio-defensa-de-la-educacion-publica\\\/\",\"name\":\"El Dr. Hugo Juri recibi\u00f3 el premio \u00abDefensa de la Educaci\u00f3n P\u00fablica\u00bb - Facultad de Ingenier\u00eda y Ciencias Agropecuarias\",\"isPartOf\":{\"@id\":\"https:\\\/\\\/www.fica.unsl.edu.ar\\\/#website\"},\"primaryImageOfPage\":{\"@id\":\"https:\\\/\\\/www.fica.unsl.edu.ar\\\/index.php\\\/el-dr-hugo-juri-recibio-el-premio-defensa-de-la-educacion-publica\\\/#primaryimage\"},\"image\":{\"@id\":\"https:\\\/\\\/www.fica.unsl.edu.ar\\\/index.php\\\/el-dr-hugo-juri-recibio-el-premio-defensa-de-la-educacion-publica\\\/#primaryimage\"},\"thumbnailUrl\":\"https:\\\/\\\/www.fica.unsl.edu.ar\\\/wp-content\\\/uploads\\\/2022\\\/09\\\/Premio-en-Defensa-de-la-Educacion-Publica-Dr-front.jpg\",\"datePublished\":\"2022-09-08T14:47:19+00:00\",\"inLanguage\":\"es-AR\",\"potentialAction\":[{\"@type\":\"ReadAction\",\"target\":[\"https:\\\/\\\/www.fica.unsl.edu.ar\\\/index.php\\\/el-dr-hugo-juri-recibio-el-premio-defensa-de-la-educacion-publica\\\/\"]}]},{\"@type\":\"ImageObject\",\"inLanguage\":\"es-AR\",\"@id\":\"https:\\\/\\\/www.fica.unsl.edu.ar\\\/index.php\\\/el-dr-hugo-juri-recibio-el-premio-defensa-de-la-educacion-publica\\\/#primaryimage\",\"url\":\"https:\\\/\\\/www.fica.unsl.edu.ar\\\/wp-content\\\/uploads\\\/2022\\\/09\\\/Premio-en-Defensa-de-la-Educacion-Publica-Dr-front.jpg\",\"contentUrl\":\"https:\\\/\\\/www.fica.unsl.edu.ar\\\/wp-content\\\/uploads\\\/2022\\\/09\\\/Premio-en-Defensa-de-la-Educacion-Publica-Dr-front.jpg\",\"width\":1061,\"height\":585},{\"@type\":\"WebSite\",\"@id\":\"https:\\\/\\\/www.fica.unsl.edu.ar\\\/#website\",\"url\":\"https:\\\/\\\/www.fica.unsl.edu.ar\\\/\",\"name\":\"Facultad de Ingenier\u00eda y Ciencias Agropecuarias\",\"description\":\"\",\"publisher\":{\"@id\":\"https:\\\/\\\/www.fica.unsl.edu.ar\\\/#organization\"},\"potentialAction\":[{\"@type\":\"SearchAction\",\"target\":{\"@type\":\"EntryPoint\",\"urlTemplate\":\"https:\\\/\\\/www.fica.unsl.edu.ar\\\/?s={search_term_string}\"},\"query-input\":{\"@type\":\"PropertyValueSpecification\",\"valueRequired\":true,\"valueName\":\"search_term_string\"}}],\"inLanguage\":\"es-AR\"},{\"@type\":\"Organization\",\"@id\":\"https:\\\/\\\/www.fica.unsl.edu.ar\\\/#organization\",\"name\":\"Facultad de Ingenier\u00eda y Ciencias Agropecuarias\",\"url\":\"https:\\\/\\\/www.fica.unsl.edu.ar\\\/\",\"logo\":{\"@type\":\"ImageObject\",\"inLanguage\":\"es-AR\",\"@id\":\"https:\\\/\\\/www.fica.unsl.edu.ar\\\/#\\\/schema\\\/logo\\\/image\\\/\",\"url\":\"https:\\\/\\\/www.fica.unsl.edu.ar\\\/wp-content\\\/uploads\\\/2021\\\/03\\\/LOGO-1.jpg\",\"contentUrl\":\"https:\\\/\\\/www.fica.unsl.edu.ar\\\/wp-content\\\/uploads\\\/2021\\\/03\\\/LOGO-1.jpg\",\"width\":463,\"height\":145,\"caption\":\"Facultad de Ingenier\u00eda y Ciencias Agropecuarias\"},\"image\":{\"@id\":\"https:\\\/\\\/www.fica.unsl.edu.ar\\\/#\\\/schema\\\/logo\\\/image\\\/\"},\"sameAs\":[\"https:\\\/\\\/www.facebook.com\\\/FICA.UNSL\\\/\",\"https:\\\/\\\/x.com\\\/FICAUNSL\",\"https:\\\/\\\/www.instagram.com\\\/fica.unsl\\\/\",\"https:\\\/\\\/www.youtube.com\\\/channel\\\/UCs2MM53gb2PyBrMySdtWZDQ\"]},{\"@type\":\"Person\",\"@id\":\"https:\\\/\\\/www.fica.unsl.edu.ar\\\/#\\\/schema\\\/person\\\/6058f9c66301868d3a691b1f5d6c3544\",\"name\":\"DATI\"}]}<\/script>\n<!-- \/ Yoast SEO plugin. -->","yoast_head_json":{"title":"El Dr. Hugo Juri recibi\u00f3 el premio \u00abDefensa de la Educaci\u00f3n P\u00fablica\u00bb - Facultad de Ingenier\u00eda y Ciencias Agropecuarias","robots":{"index":"index","follow":"follow","max-snippet":"max-snippet:-1","max-image-preview":"max-image-preview:large","max-video-preview":"max-video-preview:-1"},"canonical":"https:\/\/www.fica.unsl.edu.ar\/index.php\/el-dr-hugo-juri-recibio-el-premio-defensa-de-la-educacion-publica\/","og_locale":"es_ES","og_type":"article","og_title":"El Dr. Hugo Juri recibi\u00f3 el premio \u00abDefensa de la Educaci\u00f3n P\u00fablica\u00bb - Facultad de Ingenier\u00eda y Ciencias Agropecuarias","og_description":"Este 7 de septiembre, en la escuela fundada por el presidente Domingo Faustino Sarmiento en la localidad de San Francisco del Monte de Oro, la&hellip;","og_url":"https:\/\/www.fica.unsl.edu.ar\/index.php\/el-dr-hugo-juri-recibio-el-premio-defensa-de-la-educacion-publica\/","og_site_name":"Facultad de Ingenier\u00eda y Ciencias Agropecuarias","article_publisher":"https:\/\/www.facebook.com\/FICA.UNSL\/","article_published_time":"2022-09-08T14:47:19+00:00","og_image":[{"width":1061,"height":585,"url":"https:\/\/www.fica.unsl.edu.ar\/wp-content\/uploads\/2022\/09\/Premio-en-Defensa-de-la-Educacion-Publica-Dr-front.jpg","type":"image\/jpeg"}],"author":"DATI","twitter_card":"summary_large_image","twitter_creator":"@FICAUNSL","twitter_site":"@FICAUNSL","twitter_misc":{"Escrito por":"DATI","Tiempo de lectura":"4 minutos"},"schema":{"@context":"https:\/\/schema.org","@graph":[{"@type":"Article","@id":"https:\/\/www.fica.unsl.edu.ar\/index.php\/el-dr-hugo-juri-recibio-el-premio-defensa-de-la-educacion-publica\/#article","isPartOf":{"@id":"https:\/\/www.fica.unsl.edu.ar\/index.php\/el-dr-hugo-juri-recibio-el-premio-defensa-de-la-educacion-publica\/"},"author":{"name":"DATI","@id":"https:\/\/www.fica.unsl.edu.ar\/#\/schema\/person\/6058f9c66301868d3a691b1f5d6c3544"},"headline":"El Dr. Hugo Juri recibi\u00f3 el premio \u00abDefensa de la Educaci\u00f3n P\u00fablica\u00bb","datePublished":"2022-09-08T14:47:19+00:00","mainEntityOfPage":{"@id":"https:\/\/www.fica.unsl.edu.ar\/index.php\/el-dr-hugo-juri-recibio-el-premio-defensa-de-la-educacion-publica\/"},"wordCount":759,"publisher":{"@id":"https:\/\/www.fica.unsl.edu.ar\/#organization"},"image":{"@id":"https:\/\/www.fica.unsl.edu.ar\/index.php\/el-dr-hugo-juri-recibio-el-premio-defensa-de-la-educacion-publica\/#primaryimage"},"thumbnailUrl":"https:\/\/www.fica.unsl.edu.ar\/wp-content\/uploads\/2022\/09\/Premio-en-Defensa-de-la-Educacion-Publica-Dr-front.jpg","articleSection":["Noticias"],"inLanguage":"es-AR"},{"@type":"WebPage","@id":"https:\/\/www.fica.unsl.edu.ar\/index.php\/el-dr-hugo-juri-recibio-el-premio-defensa-de-la-educacion-publica\/","url":"https:\/\/www.fica.unsl.edu.ar\/index.php\/el-dr-hugo-juri-recibio-el-premio-defensa-de-la-educacion-publica\/","name":"El Dr. Hugo Juri recibi\u00f3 el premio \u00abDefensa de la Educaci\u00f3n P\u00fablica\u00bb - Facultad de Ingenier\u00eda y Ciencias Agropecuarias","isPartOf":{"@id":"https:\/\/www.fica.unsl.edu.ar\/#website"},"primaryImageOfPage":{"@id":"https:\/\/www.fica.unsl.edu.ar\/index.php\/el-dr-hugo-juri-recibio-el-premio-defensa-de-la-educacion-publica\/#primaryimage"},"image":{"@id":"https:\/\/www.fica.unsl.edu.ar\/index.php\/el-dr-hugo-juri-recibio-el-premio-defensa-de-la-educacion-publica\/#primaryimage"},"thumbnailUrl":"https:\/\/www.fica.unsl.edu.ar\/wp-content\/uploads\/2022\/09\/Premio-en-Defensa-de-la-Educacion-Publica-Dr-front.jpg","datePublished":"2022-09-08T14:47:19+00:00","inLanguage":"es-AR","potentialAction":[{"@type":"ReadAction","target":["https:\/\/www.fica.unsl.edu.ar\/index.php\/el-dr-hugo-juri-recibio-el-premio-defensa-de-la-educacion-publica\/"]}]},{"@type":"ImageObject","inLanguage":"es-AR","@id":"https:\/\/www.fica.unsl.edu.ar\/index.php\/el-dr-hugo-juri-recibio-el-premio-defensa-de-la-educacion-publica\/#primaryimage","url":"https:\/\/www.fica.unsl.edu.ar\/wp-content\/uploads\/2022\/09\/Premio-en-Defensa-de-la-Educacion-Publica-Dr-front.jpg","contentUrl":"https:\/\/www.fica.unsl.edu.ar\/wp-content\/uploads\/2022\/09\/Premio-en-Defensa-de-la-Educacion-Publica-Dr-front.jpg","width":1061,"height":585},{"@type":"WebSite","@id":"https:\/\/www.fica.unsl.edu.ar\/#website","url":"https:\/\/www.fica.unsl.edu.ar\/","name":"Facultad de Ingenier\u00eda y Ciencias Agropecuarias","description":"","publisher":{"@id":"https:\/\/www.fica.unsl.edu.ar\/#organization"},"potentialAction":[{"@type":"SearchAction","target":{"@type":"EntryPoint","urlTemplate":"https:\/\/www.fica.unsl.edu.ar\/?s={search_term_string}"},"query-input":{"@type":"PropertyValueSpecification","valueRequired":true,"valueName":"search_term_string"}}],"inLanguage":"es-AR"},{"@type":"Organization","@id":"https:\/\/www.fica.unsl.edu.ar\/#organization","name":"Facultad de Ingenier\u00eda y Ciencias Agropecuarias","url":"https:\/\/www.fica.unsl.edu.ar\/","logo":{"@type":"ImageObject","inLanguage":"es-AR","@id":"https:\/\/www.fica.unsl.edu.ar\/#\/schema\/logo\/image\/","url":"https:\/\/www.fica.unsl.edu.ar\/wp-content\/uploads\/2021\/03\/LOGO-1.jpg","contentUrl":"https:\/\/www.fica.unsl.edu.ar\/wp-content\/uploads\/2021\/03\/LOGO-1.jpg","width":463,"height":145,"caption":"Facultad de Ingenier\u00eda y Ciencias Agropecuarias"},"image":{"@id":"https:\/\/www.fica.unsl.edu.ar\/#\/schema\/logo\/image\/"},"sameAs":["https:\/\/www.facebook.com\/FICA.UNSL\/","https:\/\/x.com\/FICAUNSL","https:\/\/www.instagram.com\/fica.unsl\/","https:\/\/www.youtube.com\/channel\/UCs2MM53gb2PyBrMySdtWZDQ"]},{"@type":"Person","@id":"https:\/\/www.fica.unsl.edu.ar\/#\/schema\/person\/6058f9c66301868d3a691b1f5d6c3544","name":"DATI"}]}},"_links":{"self":[{"href":"https:\/\/www.fica.unsl.edu.ar\/index.php\/wp-json\/wp\/v2\/posts\/10425","targetHints":{"allow":["GET"]}}],"collection":[{"href":"https:\/\/www.fica.unsl.edu.ar\/index.php\/wp-json\/wp\/v2\/posts"}],"about":[{"href":"https:\/\/www.fica.unsl.edu.ar\/index.php\/wp-json\/wp\/v2\/types\/post"}],"author":[{"embeddable":true,"href":"https:\/\/www.fica.unsl.edu.ar\/index.php\/wp-json\/wp\/v2\/users\/9"}],"replies":[{"embeddable":true,"href":"https:\/\/www.fica.unsl.edu.ar\/index.php\/wp-json\/wp\/v2\/comments?post=10425"}],"version-history":[{"count":4,"href":"https:\/\/www.fica.unsl.edu.ar\/index.php\/wp-json\/wp\/v2\/posts\/10425\/revisions"}],"predecessor-version":[{"id":10440,"href":"https:\/\/www.fica.unsl.edu.ar\/index.php\/wp-json\/wp\/v2\/posts\/10425\/revisions\/10440"}],"wp:featuredmedia":[{"embeddable":true,"href":"https:\/\/www.fica.unsl.edu.ar\/index.php\/wp-json\/wp\/v2\/media\/10426"}],"wp:attachment":[{"href":"https:\/\/www.fica.unsl.edu.ar\/index.php\/wp-json\/wp\/v2\/media?parent=10425"}],"wp:term":[{"taxonomy":"category","embeddable":true,"href":"https:\/\/www.fica.unsl.edu.ar\/index.php\/wp-json\/wp\/v2\/categories?post=10425"},{"taxonomy":"post_tag","embeddable":true,"href":"https:\/\/www.fica.unsl.edu.ar\/index.php\/wp-json\/wp\/v2\/tags?post=10425"}],"curies":[{"name":"wp","href":"https:\/\/api.w.org\/{rel}","templated":true}]}}