{"id":11527,"date":"2022-11-26T11:08:27","date_gmt":"2022-11-26T14:08:27","guid":{"rendered":"http:\/\/10.101.10.196\/www\/?p=11527"},"modified":"2022-12-26T09:09:27","modified_gmt":"2022-12-26T12:09:27","slug":"invitamos-a-escuelas-e-instituciones-educativas-a-las-jornadas-educativas-comunitarias-de-energias-renovables","status":"publish","type":"post","link":"https:\/\/www.fica.unsl.edu.ar\/index.php\/invitamos-a-escuelas-e-instituciones-educativas-a-las-jornadas-educativas-comunitarias-de-energias-renovables\/","title":{"rendered":"\u00a1Invitamos a escuelas e instituciones educativas a las Jornadas Educativas Comunitarias de Energ\u00edas Renovables!"},"content":{"rendered":"<p>En la primera semana de diciembre se llevar\u00e1 a cabo las <strong>Jornadas Educativas Comunitarias de Energ\u00edas Renovables<\/strong>, actividades libres y gratuitas que se realizan en el marco del proyecto apoyado por \u201c<strong>Construir Comunidad 2022\u201d de Fundaci\u00f3n Acindar<\/strong> e impulsado por Fundaci\u00f3n 500RPM y el<strong> Laboratorio de Tecnolog\u00edas Apropiadas (LabTA) de la FICA<\/strong>.<\/p>\n<p>Las jornadas son libres y gratuitas con inscripci\u00f3n previa. Aquellas instituciones interesadas deben comunicarse v\u00eda mail a guillermo@500rpm.org o por Whapp -mensaje- al 3512277015. Cada instituci\u00f3n educativa es responsable del traslado y coordinaci\u00f3n de sus participantes<\/p>\n<p>Cronograma<\/p>\n<ul>\n<li><strong>Lunes 5 diciembre FICA, Villa Mercedes. Mantenimiento de aerogenerador y actividades demostrativas de energ\u00eda e\u00f3lica.<\/strong><\/li>\n<li><strong>Martes 6 diciembre paraje Puerta del Sol. Mantenimiento de aerogenerador y actividades participativas de eficiencia energ\u00e9tica.<\/strong><\/li>\n<li><strong>Jueves 7 diciembre paraje Guanaco del Morro. Mantenimiento de aerogenerador y actividades comunitarias en Posta de Salud.<\/strong><\/li>\n<\/ul>\n<p>El proyecto tiene como foco fortalecer la dimensi\u00f3n comunitaria de una iniciativa en curso, que involucra dos parajes rurales -Puerta del Sol y Guanaco del Morro-, y brinda acceso a la electricidad para usos educativos y de salud mediante la participaci\u00f3n de escuelas t\u00e9cnicas, el Laboratorio de Tecnolog\u00edas Apropiadas de la Universidad Nacional de San Luis &#8211; Concejo Nacional de Ciencia y Tecnolog\u00eda (de aqu\u00ed en m\u00e1s: LabTA-UNSL-CONICET), y Fundaci\u00f3n 500RPM. La actual propuesta impulsa las siguientes acciones: i- capacitar a estudiantes, docentes y comunidad escolar en energ\u00edas renovables -solar y e\u00f3lica-, dando mantenimiento a los sistemas existentes; ii- explorar el potencial productivo local entre productores locales, iii- articular entre docentes y estudiantes universitarios y de escuelas t\u00e9cnicas urbanas, con instituciones rurales con necesidades concretas de acceso a la energ\u00eda.<\/p>\n<p>A trav\u00e9s de jornadas de trabajo comunitario, se realizar\u00e1 el mantenimiento del sistema h\u00edbrido solar-e\u00f3lico instalado en escuela rural Puertas del Sol, y del sistema e\u00f3lico instalado en Guanaco del Morro en talleres te\u00f3rico-pr\u00e1cticos de mantenimiento y operaci\u00f3n de los sistemas \u2013se fabricar\u00e1n componentes del aerogenerador-. Realizaremos charlas-taller con productores de los parajes rurales a modo de diagn\u00f3stico sobre necesidades productivas. Realizaremos capacitaciones en eficiencia energ\u00e9tica para estudiantes y docentes de las instituciones rurales y t\u00e9cnicas participantes.<\/p>\n<p>Articulan en la implementaci\u00f3n del proyecto: Fundaci\u00f3n 500RPM (referente en energ\u00edas renovables aplicadas al desarrollo rural y social); LabTA-UNSL-CONICET (Facultad de Ingenier\u00eda y Ciencias Agropecuarias); Municipalidad de San Jos\u00e9 del Morro; Escuela T\u00e9cnica Nro. 37 Ing. Germ\u00e1n Lallermant -Juana Koslay- y Escuela rural \u201cMaestra Florentina Carre\u00f1o\u201d. Participan: Escuela T\u00e9cnica de Quines, Escuela T\u00e9cnica No 15 Ing. Agust\u00edn Mercau \u2013Villa Mercedes-; Escuela T\u00e9cnica No 17 V Brigada A\u00e9rea -Villa Mercedes-; Escuela Digital Mahatma Dr. Ignacio Arieta 4936, B1766DQP Tablada, Provincia de Buenos Aires.<\/p>\n<p><img fetchpriority=\"high\" decoding=\"async\" class=\"aligncenter size-full wp-image-11529\" src=\"https:\/\/www.fica.unsl.edu.ar\/wp-content\/uploads\/2022\/11\/jornada-energia-renovables-01.jpg\" alt=\"\" width=\"1024\" height=\"1280\" srcset=\"https:\/\/www.fica.unsl.edu.ar\/wp-content\/uploads\/2022\/11\/jornada-energia-renovables-01.jpg 1024w, https:\/\/www.fica.unsl.edu.ar\/wp-content\/uploads\/2022\/11\/jornada-energia-renovables-01-240x300.jpg 240w, https:\/\/www.fica.unsl.edu.ar\/wp-content\/uploads\/2022\/11\/jornada-energia-renovables-01-819x1024.jpg 819w, https:\/\/www.fica.unsl.edu.ar\/wp-content\/uploads\/2022\/11\/jornada-energia-renovables-01-768x960.jpg 768w\" sizes=\"(max-width: 1024px) 100vw, 1024px\" \/><\/p>\n<p>&nbsp;<\/p>\n","protected":false},"excerpt":{"rendered":"<p>En la primera semana de diciembre se llevar\u00e1 a cabo las Jornadas Educativas Comunitarias de Energ\u00edas Renovables, actividades libres y gratuitas que se realizan en&hellip;<\/p>\n","protected":false},"author":9,"featured_media":11528,"comment_status":"closed","ping_status":"closed","sticky":false,"template":"","format":"standard","meta":{"_monsterinsights_skip_tracking":false,"_monsterinsights_sitenote_active":false,"_monsterinsights_sitenote_note":"","_monsterinsights_sitenote_category":0,"_joinchat":[],"footnotes":""},"categories":[19],"tags":[],"class_list":["post-11527","post","type-post","status-publish","format-standard","has-post-thumbnail","hentry","category-noticias"],"yoast_head":"<!-- This site is optimized with the Yoast SEO plugin v27.4 - https:\/\/yoast.com\/product\/yoast-seo-wordpress\/ -->\n<title>\u00a1Invitamos a escuelas e instituciones educativas a las Jornadas Educativas Comunitarias de Energ\u00edas Renovables! - Facultad de Ingenier\u00eda y Ciencias Agropecuarias<\/title>\n<meta name=\"robots\" content=\"index, follow, max-snippet:-1, max-image-preview:large, max-video-preview:-1\" \/>\n<link rel=\"canonical\" href=\"https:\/\/www.fica.unsl.edu.ar\/index.php\/invitamos-a-escuelas-e-instituciones-educativas-a-las-jornadas-educativas-comunitarias-de-energias-renovables\/\" \/>\n<meta property=\"og:locale\" content=\"es_ES\" \/>\n<meta property=\"og:type\" content=\"article\" \/>\n<meta property=\"og:title\" content=\"\u00a1Invitamos a escuelas e instituciones educativas a las Jornadas Educativas Comunitarias de Energ\u00edas Renovables! - Facultad de Ingenier\u00eda y Ciencias Agropecuarias\" \/>\n<meta property=\"og:description\" content=\"En la primera semana de diciembre se llevar\u00e1 a cabo las Jornadas Educativas Comunitarias de Energ\u00edas Renovables, actividades libres y gratuitas que se realizan en&hellip;\" \/>\n<meta property=\"og:url\" content=\"https:\/\/www.fica.unsl.edu.ar\/index.php\/invitamos-a-escuelas-e-instituciones-educativas-a-las-jornadas-educativas-comunitarias-de-energias-renovables\/\" \/>\n<meta property=\"og:site_name\" content=\"Facultad de Ingenier\u00eda y Ciencias Agropecuarias\" \/>\n<meta property=\"article:publisher\" content=\"https:\/\/www.facebook.com\/FICA.UNSL\/\" \/>\n<meta property=\"article:published_time\" content=\"2022-11-26T14:08:27+00:00\" \/>\n<meta property=\"article:modified_time\" content=\"2022-12-26T12:09:27+00:00\" \/>\n<meta property=\"og:image\" content=\"https:\/\/www.fica.unsl.edu.ar\/wp-content\/uploads\/2022\/11\/jornada-energia-renovables.jpg\" \/>\n\t<meta property=\"og:image:width\" content=\"1061\" \/>\n\t<meta property=\"og:image:height\" content=\"585\" \/>\n\t<meta property=\"og:image:type\" content=\"image\/jpeg\" \/>\n<meta name=\"author\" content=\"DATI\" \/>\n<meta name=\"twitter:card\" content=\"summary_large_image\" \/>\n<meta name=\"twitter:creator\" content=\"@FICAUNSL\" \/>\n<meta name=\"twitter:site\" content=\"@FICAUNSL\" \/>\n<meta name=\"twitter:label1\" content=\"Escrito por\" \/>\n\t<meta name=\"twitter:data1\" content=\"DATI\" \/>\n\t<meta name=\"twitter:label2\" content=\"Tiempo de lectura\" \/>\n\t<meta name=\"twitter:data2\" content=\"3 minutos\" \/>\n<script type=\"application\/ld+json\" class=\"yoast-schema-graph\">{\"@context\":\"https:\\\/\\\/schema.org\",\"@graph\":[{\"@type\":\"Article\",\"@id\":\"https:\\\/\\\/www.fica.unsl.edu.ar\\\/index.php\\\/invitamos-a-escuelas-e-instituciones-educativas-a-las-jornadas-educativas-comunitarias-de-energias-renovables\\\/#article\",\"isPartOf\":{\"@id\":\"https:\\\/\\\/www.fica.unsl.edu.ar\\\/index.php\\\/invitamos-a-escuelas-e-instituciones-educativas-a-las-jornadas-educativas-comunitarias-de-energias-renovables\\\/\"},\"author\":{\"name\":\"DATI\",\"@id\":\"https:\\\/\\\/www.fica.unsl.edu.ar\\\/#\\\/schema\\\/person\\\/6058f9c66301868d3a691b1f5d6c3544\"},\"headline\":\"\u00a1Invitamos a escuelas e instituciones educativas a las Jornadas Educativas Comunitarias de Energ\u00edas Renovables!\",\"datePublished\":\"2022-11-26T14:08:27+00:00\",\"dateModified\":\"2022-12-26T12:09:27+00:00\",\"mainEntityOfPage\":{\"@id\":\"https:\\\/\\\/www.fica.unsl.edu.ar\\\/index.php\\\/invitamos-a-escuelas-e-instituciones-educativas-a-las-jornadas-educativas-comunitarias-de-energias-renovables\\\/\"},\"wordCount\":481,\"publisher\":{\"@id\":\"https:\\\/\\\/www.fica.unsl.edu.ar\\\/#organization\"},\"image\":{\"@id\":\"https:\\\/\\\/www.fica.unsl.edu.ar\\\/index.php\\\/invitamos-a-escuelas-e-instituciones-educativas-a-las-jornadas-educativas-comunitarias-de-energias-renovables\\\/#primaryimage\"},\"thumbnailUrl\":\"https:\\\/\\\/www.fica.unsl.edu.ar\\\/wp-content\\\/uploads\\\/2022\\\/11\\\/jornada-energia-renovables.jpg\",\"articleSection\":[\"Noticias\"],\"inLanguage\":\"es-AR\"},{\"@type\":\"WebPage\",\"@id\":\"https:\\\/\\\/www.fica.unsl.edu.ar\\\/index.php\\\/invitamos-a-escuelas-e-instituciones-educativas-a-las-jornadas-educativas-comunitarias-de-energias-renovables\\\/\",\"url\":\"https:\\\/\\\/www.fica.unsl.edu.ar\\\/index.php\\\/invitamos-a-escuelas-e-instituciones-educativas-a-las-jornadas-educativas-comunitarias-de-energias-renovables\\\/\",\"name\":\"\u00a1Invitamos a escuelas e instituciones educativas a las Jornadas Educativas Comunitarias de Energ\u00edas Renovables! - Facultad de Ingenier\u00eda y Ciencias Agropecuarias\",\"isPartOf\":{\"@id\":\"https:\\\/\\\/www.fica.unsl.edu.ar\\\/#website\"},\"primaryImageOfPage\":{\"@id\":\"https:\\\/\\\/www.fica.unsl.edu.ar\\\/index.php\\\/invitamos-a-escuelas-e-instituciones-educativas-a-las-jornadas-educativas-comunitarias-de-energias-renovables\\\/#primaryimage\"},\"image\":{\"@id\":\"https:\\\/\\\/www.fica.unsl.edu.ar\\\/index.php\\\/invitamos-a-escuelas-e-instituciones-educativas-a-las-jornadas-educativas-comunitarias-de-energias-renovables\\\/#primaryimage\"},\"thumbnailUrl\":\"https:\\\/\\\/www.fica.unsl.edu.ar\\\/wp-content\\\/uploads\\\/2022\\\/11\\\/jornada-energia-renovables.jpg\",\"datePublished\":\"2022-11-26T14:08:27+00:00\",\"dateModified\":\"2022-12-26T12:09:27+00:00\",\"inLanguage\":\"es-AR\",\"potentialAction\":[{\"@type\":\"ReadAction\",\"target\":[\"https:\\\/\\\/www.fica.unsl.edu.ar\\\/index.php\\\/invitamos-a-escuelas-e-instituciones-educativas-a-las-jornadas-educativas-comunitarias-de-energias-renovables\\\/\"]}]},{\"@type\":\"ImageObject\",\"inLanguage\":\"es-AR\",\"@id\":\"https:\\\/\\\/www.fica.unsl.edu.ar\\\/index.php\\\/invitamos-a-escuelas-e-instituciones-educativas-a-las-jornadas-educativas-comunitarias-de-energias-renovables\\\/#primaryimage\",\"url\":\"https:\\\/\\\/www.fica.unsl.edu.ar\\\/wp-content\\\/uploads\\\/2022\\\/11\\\/jornada-energia-renovables.jpg\",\"contentUrl\":\"https:\\\/\\\/www.fica.unsl.edu.ar\\\/wp-content\\\/uploads\\\/2022\\\/11\\\/jornada-energia-renovables.jpg\",\"width\":1061,\"height\":585},{\"@type\":\"WebSite\",\"@id\":\"https:\\\/\\\/www.fica.unsl.edu.ar\\\/#website\",\"url\":\"https:\\\/\\\/www.fica.unsl.edu.ar\\\/\",\"name\":\"Facultad de Ingenier\u00eda y Ciencias Agropecuarias\",\"description\":\"\",\"publisher\":{\"@id\":\"https:\\\/\\\/www.fica.unsl.edu.ar\\\/#organization\"},\"potentialAction\":[{\"@type\":\"SearchAction\",\"target\":{\"@type\":\"EntryPoint\",\"urlTemplate\":\"https:\\\/\\\/www.fica.unsl.edu.ar\\\/?s={search_term_string}\"},\"query-input\":{\"@type\":\"PropertyValueSpecification\",\"valueRequired\":true,\"valueName\":\"search_term_string\"}}],\"inLanguage\":\"es-AR\"},{\"@type\":\"Organization\",\"@id\":\"https:\\\/\\\/www.fica.unsl.edu.ar\\\/#organization\",\"name\":\"Facultad de Ingenier\u00eda y Ciencias Agropecuarias\",\"url\":\"https:\\\/\\\/www.fica.unsl.edu.ar\\\/\",\"logo\":{\"@type\":\"ImageObject\",\"inLanguage\":\"es-AR\",\"@id\":\"https:\\\/\\\/www.fica.unsl.edu.ar\\\/#\\\/schema\\\/logo\\\/image\\\/\",\"url\":\"https:\\\/\\\/www.fica.unsl.edu.ar\\\/wp-content\\\/uploads\\\/2021\\\/03\\\/LOGO-1.jpg\",\"contentUrl\":\"https:\\\/\\\/www.fica.unsl.edu.ar\\\/wp-content\\\/uploads\\\/2021\\\/03\\\/LOGO-1.jpg\",\"width\":463,\"height\":145,\"caption\":\"Facultad de Ingenier\u00eda y Ciencias Agropecuarias\"},\"image\":{\"@id\":\"https:\\\/\\\/www.fica.unsl.edu.ar\\\/#\\\/schema\\\/logo\\\/image\\\/\"},\"sameAs\":[\"https:\\\/\\\/www.facebook.com\\\/FICA.UNSL\\\/\",\"https:\\\/\\\/x.com\\\/FICAUNSL\",\"https:\\\/\\\/www.instagram.com\\\/fica.unsl\\\/\",\"https:\\\/\\\/www.youtube.com\\\/channel\\\/UCs2MM53gb2PyBrMySdtWZDQ\"]},{\"@type\":\"Person\",\"@id\":\"https:\\\/\\\/www.fica.unsl.edu.ar\\\/#\\\/schema\\\/person\\\/6058f9c66301868d3a691b1f5d6c3544\",\"name\":\"DATI\"}]}<\/script>\n<!-- \/ Yoast SEO plugin. -->","yoast_head_json":{"title":"\u00a1Invitamos a escuelas e instituciones educativas a las Jornadas Educativas Comunitarias de Energ\u00edas Renovables! - Facultad de Ingenier\u00eda y Ciencias Agropecuarias","robots":{"index":"index","follow":"follow","max-snippet":"max-snippet:-1","max-image-preview":"max-image-preview:large","max-video-preview":"max-video-preview:-1"},"canonical":"https:\/\/www.fica.unsl.edu.ar\/index.php\/invitamos-a-escuelas-e-instituciones-educativas-a-las-jornadas-educativas-comunitarias-de-energias-renovables\/","og_locale":"es_ES","og_type":"article","og_title":"\u00a1Invitamos a escuelas e instituciones educativas a las Jornadas Educativas Comunitarias de Energ\u00edas Renovables! - Facultad de Ingenier\u00eda y Ciencias Agropecuarias","og_description":"En la primera semana de diciembre se llevar\u00e1 a cabo las Jornadas Educativas Comunitarias de Energ\u00edas Renovables, actividades libres y gratuitas que se realizan en&hellip;","og_url":"https:\/\/www.fica.unsl.edu.ar\/index.php\/invitamos-a-escuelas-e-instituciones-educativas-a-las-jornadas-educativas-comunitarias-de-energias-renovables\/","og_site_name":"Facultad de Ingenier\u00eda y Ciencias Agropecuarias","article_publisher":"https:\/\/www.facebook.com\/FICA.UNSL\/","article_published_time":"2022-11-26T14:08:27+00:00","article_modified_time":"2022-12-26T12:09:27+00:00","og_image":[{"width":1061,"height":585,"url":"https:\/\/www.fica.unsl.edu.ar\/wp-content\/uploads\/2022\/11\/jornada-energia-renovables.jpg","type":"image\/jpeg"}],"author":"DATI","twitter_card":"summary_large_image","twitter_creator":"@FICAUNSL","twitter_site":"@FICAUNSL","twitter_misc":{"Escrito por":"DATI","Tiempo de lectura":"3 minutos"},"schema":{"@context":"https:\/\/schema.org","@graph":[{"@type":"Article","@id":"https:\/\/www.fica.unsl.edu.ar\/index.php\/invitamos-a-escuelas-e-instituciones-educativas-a-las-jornadas-educativas-comunitarias-de-energias-renovables\/#article","isPartOf":{"@id":"https:\/\/www.fica.unsl.edu.ar\/index.php\/invitamos-a-escuelas-e-instituciones-educativas-a-las-jornadas-educativas-comunitarias-de-energias-renovables\/"},"author":{"name":"DATI","@id":"https:\/\/www.fica.unsl.edu.ar\/#\/schema\/person\/6058f9c66301868d3a691b1f5d6c3544"},"headline":"\u00a1Invitamos a escuelas e instituciones educativas a las Jornadas Educativas Comunitarias de Energ\u00edas Renovables!","datePublished":"2022-11-26T14:08:27+00:00","dateModified":"2022-12-26T12:09:27+00:00","mainEntityOfPage":{"@id":"https:\/\/www.fica.unsl.edu.ar\/index.php\/invitamos-a-escuelas-e-instituciones-educativas-a-las-jornadas-educativas-comunitarias-de-energias-renovables\/"},"wordCount":481,"publisher":{"@id":"https:\/\/www.fica.unsl.edu.ar\/#organization"},"image":{"@id":"https:\/\/www.fica.unsl.edu.ar\/index.php\/invitamos-a-escuelas-e-instituciones-educativas-a-las-jornadas-educativas-comunitarias-de-energias-renovables\/#primaryimage"},"thumbnailUrl":"https:\/\/www.fica.unsl.edu.ar\/wp-content\/uploads\/2022\/11\/jornada-energia-renovables.jpg","articleSection":["Noticias"],"inLanguage":"es-AR"},{"@type":"WebPage","@id":"https:\/\/www.fica.unsl.edu.ar\/index.php\/invitamos-a-escuelas-e-instituciones-educativas-a-las-jornadas-educativas-comunitarias-de-energias-renovables\/","url":"https:\/\/www.fica.unsl.edu.ar\/index.php\/invitamos-a-escuelas-e-instituciones-educativas-a-las-jornadas-educativas-comunitarias-de-energias-renovables\/","name":"\u00a1Invitamos a escuelas e instituciones educativas a las Jornadas Educativas Comunitarias de Energ\u00edas Renovables! - Facultad de Ingenier\u00eda y Ciencias Agropecuarias","isPartOf":{"@id":"https:\/\/www.fica.unsl.edu.ar\/#website"},"primaryImageOfPage":{"@id":"https:\/\/www.fica.unsl.edu.ar\/index.php\/invitamos-a-escuelas-e-instituciones-educativas-a-las-jornadas-educativas-comunitarias-de-energias-renovables\/#primaryimage"},"image":{"@id":"https:\/\/www.fica.unsl.edu.ar\/index.php\/invitamos-a-escuelas-e-instituciones-educativas-a-las-jornadas-educativas-comunitarias-de-energias-renovables\/#primaryimage"},"thumbnailUrl":"https:\/\/www.fica.unsl.edu.ar\/wp-content\/uploads\/2022\/11\/jornada-energia-renovables.jpg","datePublished":"2022-11-26T14:08:27+00:00","dateModified":"2022-12-26T12:09:27+00:00","inLanguage":"es-AR","potentialAction":[{"@type":"ReadAction","target":["https:\/\/www.fica.unsl.edu.ar\/index.php\/invitamos-a-escuelas-e-instituciones-educativas-a-las-jornadas-educativas-comunitarias-de-energias-renovables\/"]}]},{"@type":"ImageObject","inLanguage":"es-AR","@id":"https:\/\/www.fica.unsl.edu.ar\/index.php\/invitamos-a-escuelas-e-instituciones-educativas-a-las-jornadas-educativas-comunitarias-de-energias-renovables\/#primaryimage","url":"https:\/\/www.fica.unsl.edu.ar\/wp-content\/uploads\/2022\/11\/jornada-energia-renovables.jpg","contentUrl":"https:\/\/www.fica.unsl.edu.ar\/wp-content\/uploads\/2022\/11\/jornada-energia-renovables.jpg","width":1061,"height":585},{"@type":"WebSite","@id":"https:\/\/www.fica.unsl.edu.ar\/#website","url":"https:\/\/www.fica.unsl.edu.ar\/","name":"Facultad de Ingenier\u00eda y Ciencias Agropecuarias","description":"","publisher":{"@id":"https:\/\/www.fica.unsl.edu.ar\/#organization"},"potentialAction":[{"@type":"SearchAction","target":{"@type":"EntryPoint","urlTemplate":"https:\/\/www.fica.unsl.edu.ar\/?s={search_term_string}"},"query-input":{"@type":"PropertyValueSpecification","valueRequired":true,"valueName":"search_term_string"}}],"inLanguage":"es-AR"},{"@type":"Organization","@id":"https:\/\/www.fica.unsl.edu.ar\/#organization","name":"Facultad de Ingenier\u00eda y Ciencias Agropecuarias","url":"https:\/\/www.fica.unsl.edu.ar\/","logo":{"@type":"ImageObject","inLanguage":"es-AR","@id":"https:\/\/www.fica.unsl.edu.ar\/#\/schema\/logo\/image\/","url":"https:\/\/www.fica.unsl.edu.ar\/wp-content\/uploads\/2021\/03\/LOGO-1.jpg","contentUrl":"https:\/\/www.fica.unsl.edu.ar\/wp-content\/uploads\/2021\/03\/LOGO-1.jpg","width":463,"height":145,"caption":"Facultad de Ingenier\u00eda y Ciencias Agropecuarias"},"image":{"@id":"https:\/\/www.fica.unsl.edu.ar\/#\/schema\/logo\/image\/"},"sameAs":["https:\/\/www.facebook.com\/FICA.UNSL\/","https:\/\/x.com\/FICAUNSL","https:\/\/www.instagram.com\/fica.unsl\/","https:\/\/www.youtube.com\/channel\/UCs2MM53gb2PyBrMySdtWZDQ"]},{"@type":"Person","@id":"https:\/\/www.fica.unsl.edu.ar\/#\/schema\/person\/6058f9c66301868d3a691b1f5d6c3544","name":"DATI"}]}},"_links":{"self":[{"href":"https:\/\/www.fica.unsl.edu.ar\/index.php\/wp-json\/wp\/v2\/posts\/11527","targetHints":{"allow":["GET"]}}],"collection":[{"href":"https:\/\/www.fica.unsl.edu.ar\/index.php\/wp-json\/wp\/v2\/posts"}],"about":[{"href":"https:\/\/www.fica.unsl.edu.ar\/index.php\/wp-json\/wp\/v2\/types\/post"}],"author":[{"embeddable":true,"href":"https:\/\/www.fica.unsl.edu.ar\/index.php\/wp-json\/wp\/v2\/users\/9"}],"replies":[{"embeddable":true,"href":"https:\/\/www.fica.unsl.edu.ar\/index.php\/wp-json\/wp\/v2\/comments?post=11527"}],"version-history":[{"count":1,"href":"https:\/\/www.fica.unsl.edu.ar\/index.php\/wp-json\/wp\/v2\/posts\/11527\/revisions"}],"predecessor-version":[{"id":11530,"href":"https:\/\/www.fica.unsl.edu.ar\/index.php\/wp-json\/wp\/v2\/posts\/11527\/revisions\/11530"}],"wp:featuredmedia":[{"embeddable":true,"href":"https:\/\/www.fica.unsl.edu.ar\/index.php\/wp-json\/wp\/v2\/media\/11528"}],"wp:attachment":[{"href":"https:\/\/www.fica.unsl.edu.ar\/index.php\/wp-json\/wp\/v2\/media?parent=11527"}],"wp:term":[{"taxonomy":"category","embeddable":true,"href":"https:\/\/www.fica.unsl.edu.ar\/index.php\/wp-json\/wp\/v2\/categories?post=11527"},{"taxonomy":"post_tag","embeddable":true,"href":"https:\/\/www.fica.unsl.edu.ar\/index.php\/wp-json\/wp\/v2\/tags?post=11527"}],"curies":[{"name":"wp","href":"https:\/\/api.w.org\/{rel}","templated":true}]}}