{"id":12050,"date":"2022-12-16T12:57:49","date_gmt":"2022-12-16T15:57:49","guid":{"rendered":"http:\/\/10.101.10.196\/www\/?p=12050"},"modified":"2022-12-16T12:59:25","modified_gmt":"2022-12-16T15:59:25","slug":"confedi-docentes-culminaron-la-2-cohorte-de-la-formacion-de-capacitadores-con-perspectiva-de-genero","status":"publish","type":"post","link":"https:\/\/www.fica.unsl.edu.ar\/index.php\/confedi-docentes-culminaron-la-2-cohorte-de-la-formacion-de-capacitadores-con-perspectiva-de-genero\/","title":{"rendered":"CONFEDI: Docentes culminaron la 2\u00b0 cohorte de la formaci\u00f3n de capacitadores con perspectiva de g\u00e9nero"},"content":{"rendered":"<p>Junto a 80 personas de 54 facultades de todo el pa\u00eds, <strong>docentes de la FICA<\/strong> culminaron la <strong>2\u00b0 cohorte de la \u201cFormaci\u00f3n de capacitadoras\/es en la tem\u00e1tica de g\u00e9nero y en la implementaci\u00f3n de la Ley Micaela para las facultades de ingenier\u00eda\u201d<\/strong>, dictada de forma virtual y presencial por la <strong>Consejo Federal de Decanos de Ingenier\u00eda<\/strong> (CONFEDI), entre los meses de agosto y noviembres de 2023.<\/p>\n<p>En representaci\u00f3n de la FICA, <strong>aprobaron la capacitaci\u00f3n<\/strong> las docentes <strong>Vanina Bianciotti, Laura Aliaga, Viviana Gasull y Patricia Gimeno.<\/strong><\/p>\n<p>El objetivo de la propuesta, impulsada por el Consejo y llevada adelante por la Fundaci\u00f3n Micaela, fue brindar herramientas para conocer la Ley N\u00ba 27.499 (Ley Micaela Nacional), y las adhesiones de la Universidades y\/o Facultades de pertenencia, para avanzar en el desaf\u00edo de transversalizaci\u00f3n de la perspectiva de g\u00e9nero en las pol\u00edticas universitarias.<\/p>\n<p><img fetchpriority=\"high\" decoding=\"async\" class=\"aligncenter size-full wp-image-12052\" src=\"https:\/\/www.fica.unsl.edu.ar\/wp-content\/uploads\/2022\/12\/confedi-micaela-02.jpg\" alt=\"\" width=\"1333\" height=\"900\" srcset=\"https:\/\/www.fica.unsl.edu.ar\/wp-content\/uploads\/2022\/12\/confedi-micaela-02.jpg 1333w, https:\/\/www.fica.unsl.edu.ar\/wp-content\/uploads\/2022\/12\/confedi-micaela-02-300x203.jpg 300w, https:\/\/www.fica.unsl.edu.ar\/wp-content\/uploads\/2022\/12\/confedi-micaela-02-1024x691.jpg 1024w, https:\/\/www.fica.unsl.edu.ar\/wp-content\/uploads\/2022\/12\/confedi-micaela-02-768x519.jpg 768w\" sizes=\"(max-width: 1333px) 100vw, 1333px\" \/><br \/>\nDebido a que el CONFEDI considera que es fundamental capacitar a integrantes de la comunidad de las Facultades de Ingenier\u00eda como formadoras\/es, para que puedan asumir el compromiso de dise\u00f1ar, planificar y llevar adelante las propuestas de capacitaci\u00f3n en las diferentes \u00e1reas de la facultad, que luego se realizar\u00e1n acorde a lo dise\u00f1ado y planificado.<br \/>\nEl curso tuvo modalidad virtual\/presencial (120 horas). Comenz\u00f3 el 08\/08\/ 2022 culminando los d\u00edas 16 y 17 de noviembre del 2022, en forma presencial en C\u00f3rdoba.<\/p>\n<p>En el encuentro presencial de cierre de la capacitaci\u00f3n, estuvieron presentes el Presidente del CONFEDI y Decano de la Facultad de Ingenier\u00eda de la Universidad de Buenos Aires Alejandro Mart\u00ednez, el Decano anfitri\u00f3n y presidente de la comisi\u00f3n de Terminales y Actividades Reservadas Pablo Recabarren y el Rector de la Universidad Nacional de C\u00f3rdoba John Boretto.<br \/>\nDe forma virtual estuvieron presentes la Decana de la Facultad de Ciencias Exactas, Ingenier\u00eda y Agrimensura de la Universidad Nacional de Rosario y Presidenta de la Comisi\u00f3n de Ense\u00f1anza del Consejo Graciela Utges y la Secretaria General del Consejo y Decana de la Facultad de Ingenier\u00eda de la Universidad Nacional de Mar del Plata Ana del Valle S\u00e1nchez. Esta \u00faltima remarc\u00f3 la importancia de esta iniciativa cuyos pr\u00f3ximos pasos ser\u00e1n poner en marcha las propuestas desarrolladas en la capacitaci\u00f3n pensando en la transversalizaci\u00f3n de la perspectiva de g\u00e9nero en Ingenier\u00eda.<\/p>\n","protected":false},"excerpt":{"rendered":"<p>Junto a 80 personas de 54 facultades de todo el pa\u00eds, docentes de la FICA culminaron la 2\u00b0 cohorte de la \u201cFormaci\u00f3n de capacitadoras\/es en&hellip;<\/p>\n","protected":false},"author":9,"featured_media":12051,"comment_status":"closed","ping_status":"closed","sticky":false,"template":"","format":"standard","meta":{"_monsterinsights_skip_tracking":false,"_monsterinsights_sitenote_active":false,"_monsterinsights_sitenote_note":"","_monsterinsights_sitenote_category":0,"_joinchat":[],"footnotes":""},"categories":[19],"tags":[],"class_list":["post-12050","post","type-post","status-publish","format-standard","has-post-thumbnail","hentry","category-noticias"],"yoast_head":"<!-- This site is optimized with the Yoast SEO plugin v27.4 - https:\/\/yoast.com\/product\/yoast-seo-wordpress\/ -->\n<title>CONFEDI: Docentes culminaron la 2\u00b0 cohorte de la formaci\u00f3n de capacitadores con perspectiva de g\u00e9nero - Facultad de Ingenier\u00eda y Ciencias Agropecuarias<\/title>\n<meta name=\"robots\" content=\"index, follow, max-snippet:-1, max-image-preview:large, max-video-preview:-1\" \/>\n<link rel=\"canonical\" href=\"https:\/\/www.fica.unsl.edu.ar\/index.php\/confedi-docentes-culminaron-la-2-cohorte-de-la-formacion-de-capacitadores-con-perspectiva-de-genero\/\" \/>\n<meta property=\"og:locale\" content=\"es_ES\" \/>\n<meta property=\"og:type\" content=\"article\" \/>\n<meta property=\"og:title\" content=\"CONFEDI: Docentes culminaron la 2\u00b0 cohorte de la formaci\u00f3n de capacitadores con perspectiva de g\u00e9nero - Facultad de Ingenier\u00eda y Ciencias Agropecuarias\" \/>\n<meta property=\"og:description\" content=\"Junto a 80 personas de 54 facultades de todo el pa\u00eds, docentes de la FICA culminaron la 2\u00b0 cohorte de la \u201cFormaci\u00f3n de capacitadoras\/es en&hellip;\" \/>\n<meta property=\"og:url\" content=\"https:\/\/www.fica.unsl.edu.ar\/index.php\/confedi-docentes-culminaron-la-2-cohorte-de-la-formacion-de-capacitadores-con-perspectiva-de-genero\/\" \/>\n<meta property=\"og:site_name\" content=\"Facultad de Ingenier\u00eda y Ciencias Agropecuarias\" \/>\n<meta property=\"article:publisher\" content=\"https:\/\/www.facebook.com\/FICA.UNSL\/\" \/>\n<meta property=\"article:published_time\" content=\"2022-12-16T15:57:49+00:00\" \/>\n<meta property=\"article:modified_time\" content=\"2022-12-16T15:59:25+00:00\" \/>\n<meta property=\"og:image\" content=\"https:\/\/www.fica.unsl.edu.ar\/wp-content\/uploads\/2022\/12\/confedi-micaela.jpg\" \/>\n\t<meta property=\"og:image:width\" content=\"1061\" \/>\n\t<meta property=\"og:image:height\" content=\"585\" \/>\n\t<meta property=\"og:image:type\" content=\"image\/jpeg\" \/>\n<meta name=\"author\" content=\"DATI\" \/>\n<meta name=\"twitter:card\" content=\"summary_large_image\" \/>\n<meta name=\"twitter:creator\" content=\"@FICAUNSL\" \/>\n<meta name=\"twitter:site\" content=\"@FICAUNSL\" \/>\n<meta name=\"twitter:label1\" content=\"Escrito por\" \/>\n\t<meta name=\"twitter:data1\" content=\"DATI\" \/>\n\t<meta name=\"twitter:label2\" content=\"Tiempo de lectura\" \/>\n\t<meta name=\"twitter:data2\" content=\"2 minutos\" \/>\n<script type=\"application\/ld+json\" class=\"yoast-schema-graph\">{\"@context\":\"https:\\\/\\\/schema.org\",\"@graph\":[{\"@type\":\"Article\",\"@id\":\"https:\\\/\\\/www.fica.unsl.edu.ar\\\/index.php\\\/confedi-docentes-culminaron-la-2-cohorte-de-la-formacion-de-capacitadores-con-perspectiva-de-genero\\\/#article\",\"isPartOf\":{\"@id\":\"https:\\\/\\\/www.fica.unsl.edu.ar\\\/index.php\\\/confedi-docentes-culminaron-la-2-cohorte-de-la-formacion-de-capacitadores-con-perspectiva-de-genero\\\/\"},\"author\":{\"name\":\"DATI\",\"@id\":\"https:\\\/\\\/www.fica.unsl.edu.ar\\\/#\\\/schema\\\/person\\\/6058f9c66301868d3a691b1f5d6c3544\"},\"headline\":\"CONFEDI: Docentes culminaron la 2\u00b0 cohorte de la formaci\u00f3n de capacitadores con perspectiva de g\u00e9nero\",\"datePublished\":\"2022-12-16T15:57:49+00:00\",\"dateModified\":\"2022-12-16T15:59:25+00:00\",\"mainEntityOfPage\":{\"@id\":\"https:\\\/\\\/www.fica.unsl.edu.ar\\\/index.php\\\/confedi-docentes-culminaron-la-2-cohorte-de-la-formacion-de-capacitadores-con-perspectiva-de-genero\\\/\"},\"wordCount\":413,\"publisher\":{\"@id\":\"https:\\\/\\\/www.fica.unsl.edu.ar\\\/#organization\"},\"image\":{\"@id\":\"https:\\\/\\\/www.fica.unsl.edu.ar\\\/index.php\\\/confedi-docentes-culminaron-la-2-cohorte-de-la-formacion-de-capacitadores-con-perspectiva-de-genero\\\/#primaryimage\"},\"thumbnailUrl\":\"https:\\\/\\\/www.fica.unsl.edu.ar\\\/wp-content\\\/uploads\\\/2022\\\/12\\\/confedi-micaela.jpg\",\"articleSection\":[\"Noticias\"],\"inLanguage\":\"es-AR\"},{\"@type\":\"WebPage\",\"@id\":\"https:\\\/\\\/www.fica.unsl.edu.ar\\\/index.php\\\/confedi-docentes-culminaron-la-2-cohorte-de-la-formacion-de-capacitadores-con-perspectiva-de-genero\\\/\",\"url\":\"https:\\\/\\\/www.fica.unsl.edu.ar\\\/index.php\\\/confedi-docentes-culminaron-la-2-cohorte-de-la-formacion-de-capacitadores-con-perspectiva-de-genero\\\/\",\"name\":\"CONFEDI: Docentes culminaron la 2\u00b0 cohorte de la formaci\u00f3n de capacitadores con perspectiva de g\u00e9nero - Facultad de Ingenier\u00eda y Ciencias Agropecuarias\",\"isPartOf\":{\"@id\":\"https:\\\/\\\/www.fica.unsl.edu.ar\\\/#website\"},\"primaryImageOfPage\":{\"@id\":\"https:\\\/\\\/www.fica.unsl.edu.ar\\\/index.php\\\/confedi-docentes-culminaron-la-2-cohorte-de-la-formacion-de-capacitadores-con-perspectiva-de-genero\\\/#primaryimage\"},\"image\":{\"@id\":\"https:\\\/\\\/www.fica.unsl.edu.ar\\\/index.php\\\/confedi-docentes-culminaron-la-2-cohorte-de-la-formacion-de-capacitadores-con-perspectiva-de-genero\\\/#primaryimage\"},\"thumbnailUrl\":\"https:\\\/\\\/www.fica.unsl.edu.ar\\\/wp-content\\\/uploads\\\/2022\\\/12\\\/confedi-micaela.jpg\",\"datePublished\":\"2022-12-16T15:57:49+00:00\",\"dateModified\":\"2022-12-16T15:59:25+00:00\",\"inLanguage\":\"es-AR\",\"potentialAction\":[{\"@type\":\"ReadAction\",\"target\":[\"https:\\\/\\\/www.fica.unsl.edu.ar\\\/index.php\\\/confedi-docentes-culminaron-la-2-cohorte-de-la-formacion-de-capacitadores-con-perspectiva-de-genero\\\/\"]}]},{\"@type\":\"ImageObject\",\"inLanguage\":\"es-AR\",\"@id\":\"https:\\\/\\\/www.fica.unsl.edu.ar\\\/index.php\\\/confedi-docentes-culminaron-la-2-cohorte-de-la-formacion-de-capacitadores-con-perspectiva-de-genero\\\/#primaryimage\",\"url\":\"https:\\\/\\\/www.fica.unsl.edu.ar\\\/wp-content\\\/uploads\\\/2022\\\/12\\\/confedi-micaela.jpg\",\"contentUrl\":\"https:\\\/\\\/www.fica.unsl.edu.ar\\\/wp-content\\\/uploads\\\/2022\\\/12\\\/confedi-micaela.jpg\",\"width\":1061,\"height\":585},{\"@type\":\"WebSite\",\"@id\":\"https:\\\/\\\/www.fica.unsl.edu.ar\\\/#website\",\"url\":\"https:\\\/\\\/www.fica.unsl.edu.ar\\\/\",\"name\":\"Facultad de Ingenier\u00eda y Ciencias Agropecuarias\",\"description\":\"\",\"publisher\":{\"@id\":\"https:\\\/\\\/www.fica.unsl.edu.ar\\\/#organization\"},\"potentialAction\":[{\"@type\":\"SearchAction\",\"target\":{\"@type\":\"EntryPoint\",\"urlTemplate\":\"https:\\\/\\\/www.fica.unsl.edu.ar\\\/?s={search_term_string}\"},\"query-input\":{\"@type\":\"PropertyValueSpecification\",\"valueRequired\":true,\"valueName\":\"search_term_string\"}}],\"inLanguage\":\"es-AR\"},{\"@type\":\"Organization\",\"@id\":\"https:\\\/\\\/www.fica.unsl.edu.ar\\\/#organization\",\"name\":\"Facultad de Ingenier\u00eda y Ciencias Agropecuarias\",\"url\":\"https:\\\/\\\/www.fica.unsl.edu.ar\\\/\",\"logo\":{\"@type\":\"ImageObject\",\"inLanguage\":\"es-AR\",\"@id\":\"https:\\\/\\\/www.fica.unsl.edu.ar\\\/#\\\/schema\\\/logo\\\/image\\\/\",\"url\":\"https:\\\/\\\/www.fica.unsl.edu.ar\\\/wp-content\\\/uploads\\\/2021\\\/03\\\/LOGO-1.jpg\",\"contentUrl\":\"https:\\\/\\\/www.fica.unsl.edu.ar\\\/wp-content\\\/uploads\\\/2021\\\/03\\\/LOGO-1.jpg\",\"width\":463,\"height\":145,\"caption\":\"Facultad de Ingenier\u00eda y Ciencias Agropecuarias\"},\"image\":{\"@id\":\"https:\\\/\\\/www.fica.unsl.edu.ar\\\/#\\\/schema\\\/logo\\\/image\\\/\"},\"sameAs\":[\"https:\\\/\\\/www.facebook.com\\\/FICA.UNSL\\\/\",\"https:\\\/\\\/x.com\\\/FICAUNSL\",\"https:\\\/\\\/www.instagram.com\\\/fica.unsl\\\/\",\"https:\\\/\\\/www.youtube.com\\\/channel\\\/UCs2MM53gb2PyBrMySdtWZDQ\"]},{\"@type\":\"Person\",\"@id\":\"https:\\\/\\\/www.fica.unsl.edu.ar\\\/#\\\/schema\\\/person\\\/6058f9c66301868d3a691b1f5d6c3544\",\"name\":\"DATI\"}]}<\/script>\n<!-- \/ Yoast SEO plugin. -->","yoast_head_json":{"title":"CONFEDI: Docentes culminaron la 2\u00b0 cohorte de la formaci\u00f3n de capacitadores con perspectiva de g\u00e9nero - Facultad de Ingenier\u00eda y Ciencias Agropecuarias","robots":{"index":"index","follow":"follow","max-snippet":"max-snippet:-1","max-image-preview":"max-image-preview:large","max-video-preview":"max-video-preview:-1"},"canonical":"https:\/\/www.fica.unsl.edu.ar\/index.php\/confedi-docentes-culminaron-la-2-cohorte-de-la-formacion-de-capacitadores-con-perspectiva-de-genero\/","og_locale":"es_ES","og_type":"article","og_title":"CONFEDI: Docentes culminaron la 2\u00b0 cohorte de la formaci\u00f3n de capacitadores con perspectiva de g\u00e9nero - Facultad de Ingenier\u00eda y Ciencias Agropecuarias","og_description":"Junto a 80 personas de 54 facultades de todo el pa\u00eds, docentes de la FICA culminaron la 2\u00b0 cohorte de la \u201cFormaci\u00f3n de capacitadoras\/es en&hellip;","og_url":"https:\/\/www.fica.unsl.edu.ar\/index.php\/confedi-docentes-culminaron-la-2-cohorte-de-la-formacion-de-capacitadores-con-perspectiva-de-genero\/","og_site_name":"Facultad de Ingenier\u00eda y Ciencias Agropecuarias","article_publisher":"https:\/\/www.facebook.com\/FICA.UNSL\/","article_published_time":"2022-12-16T15:57:49+00:00","article_modified_time":"2022-12-16T15:59:25+00:00","og_image":[{"width":1061,"height":585,"url":"https:\/\/www.fica.unsl.edu.ar\/wp-content\/uploads\/2022\/12\/confedi-micaela.jpg","type":"image\/jpeg"}],"author":"DATI","twitter_card":"summary_large_image","twitter_creator":"@FICAUNSL","twitter_site":"@FICAUNSL","twitter_misc":{"Escrito por":"DATI","Tiempo de lectura":"2 minutos"},"schema":{"@context":"https:\/\/schema.org","@graph":[{"@type":"Article","@id":"https:\/\/www.fica.unsl.edu.ar\/index.php\/confedi-docentes-culminaron-la-2-cohorte-de-la-formacion-de-capacitadores-con-perspectiva-de-genero\/#article","isPartOf":{"@id":"https:\/\/www.fica.unsl.edu.ar\/index.php\/confedi-docentes-culminaron-la-2-cohorte-de-la-formacion-de-capacitadores-con-perspectiva-de-genero\/"},"author":{"name":"DATI","@id":"https:\/\/www.fica.unsl.edu.ar\/#\/schema\/person\/6058f9c66301868d3a691b1f5d6c3544"},"headline":"CONFEDI: Docentes culminaron la 2\u00b0 cohorte de la formaci\u00f3n de capacitadores con perspectiva de g\u00e9nero","datePublished":"2022-12-16T15:57:49+00:00","dateModified":"2022-12-16T15:59:25+00:00","mainEntityOfPage":{"@id":"https:\/\/www.fica.unsl.edu.ar\/index.php\/confedi-docentes-culminaron-la-2-cohorte-de-la-formacion-de-capacitadores-con-perspectiva-de-genero\/"},"wordCount":413,"publisher":{"@id":"https:\/\/www.fica.unsl.edu.ar\/#organization"},"image":{"@id":"https:\/\/www.fica.unsl.edu.ar\/index.php\/confedi-docentes-culminaron-la-2-cohorte-de-la-formacion-de-capacitadores-con-perspectiva-de-genero\/#primaryimage"},"thumbnailUrl":"https:\/\/www.fica.unsl.edu.ar\/wp-content\/uploads\/2022\/12\/confedi-micaela.jpg","articleSection":["Noticias"],"inLanguage":"es-AR"},{"@type":"WebPage","@id":"https:\/\/www.fica.unsl.edu.ar\/index.php\/confedi-docentes-culminaron-la-2-cohorte-de-la-formacion-de-capacitadores-con-perspectiva-de-genero\/","url":"https:\/\/www.fica.unsl.edu.ar\/index.php\/confedi-docentes-culminaron-la-2-cohorte-de-la-formacion-de-capacitadores-con-perspectiva-de-genero\/","name":"CONFEDI: Docentes culminaron la 2\u00b0 cohorte de la formaci\u00f3n de capacitadores con perspectiva de g\u00e9nero - Facultad de Ingenier\u00eda y Ciencias Agropecuarias","isPartOf":{"@id":"https:\/\/www.fica.unsl.edu.ar\/#website"},"primaryImageOfPage":{"@id":"https:\/\/www.fica.unsl.edu.ar\/index.php\/confedi-docentes-culminaron-la-2-cohorte-de-la-formacion-de-capacitadores-con-perspectiva-de-genero\/#primaryimage"},"image":{"@id":"https:\/\/www.fica.unsl.edu.ar\/index.php\/confedi-docentes-culminaron-la-2-cohorte-de-la-formacion-de-capacitadores-con-perspectiva-de-genero\/#primaryimage"},"thumbnailUrl":"https:\/\/www.fica.unsl.edu.ar\/wp-content\/uploads\/2022\/12\/confedi-micaela.jpg","datePublished":"2022-12-16T15:57:49+00:00","dateModified":"2022-12-16T15:59:25+00:00","inLanguage":"es-AR","potentialAction":[{"@type":"ReadAction","target":["https:\/\/www.fica.unsl.edu.ar\/index.php\/confedi-docentes-culminaron-la-2-cohorte-de-la-formacion-de-capacitadores-con-perspectiva-de-genero\/"]}]},{"@type":"ImageObject","inLanguage":"es-AR","@id":"https:\/\/www.fica.unsl.edu.ar\/index.php\/confedi-docentes-culminaron-la-2-cohorte-de-la-formacion-de-capacitadores-con-perspectiva-de-genero\/#primaryimage","url":"https:\/\/www.fica.unsl.edu.ar\/wp-content\/uploads\/2022\/12\/confedi-micaela.jpg","contentUrl":"https:\/\/www.fica.unsl.edu.ar\/wp-content\/uploads\/2022\/12\/confedi-micaela.jpg","width":1061,"height":585},{"@type":"WebSite","@id":"https:\/\/www.fica.unsl.edu.ar\/#website","url":"https:\/\/www.fica.unsl.edu.ar\/","name":"Facultad de Ingenier\u00eda y Ciencias Agropecuarias","description":"","publisher":{"@id":"https:\/\/www.fica.unsl.edu.ar\/#organization"},"potentialAction":[{"@type":"SearchAction","target":{"@type":"EntryPoint","urlTemplate":"https:\/\/www.fica.unsl.edu.ar\/?s={search_term_string}"},"query-input":{"@type":"PropertyValueSpecification","valueRequired":true,"valueName":"search_term_string"}}],"inLanguage":"es-AR"},{"@type":"Organization","@id":"https:\/\/www.fica.unsl.edu.ar\/#organization","name":"Facultad de Ingenier\u00eda y Ciencias Agropecuarias","url":"https:\/\/www.fica.unsl.edu.ar\/","logo":{"@type":"ImageObject","inLanguage":"es-AR","@id":"https:\/\/www.fica.unsl.edu.ar\/#\/schema\/logo\/image\/","url":"https:\/\/www.fica.unsl.edu.ar\/wp-content\/uploads\/2021\/03\/LOGO-1.jpg","contentUrl":"https:\/\/www.fica.unsl.edu.ar\/wp-content\/uploads\/2021\/03\/LOGO-1.jpg","width":463,"height":145,"caption":"Facultad de Ingenier\u00eda y Ciencias Agropecuarias"},"image":{"@id":"https:\/\/www.fica.unsl.edu.ar\/#\/schema\/logo\/image\/"},"sameAs":["https:\/\/www.facebook.com\/FICA.UNSL\/","https:\/\/x.com\/FICAUNSL","https:\/\/www.instagram.com\/fica.unsl\/","https:\/\/www.youtube.com\/channel\/UCs2MM53gb2PyBrMySdtWZDQ"]},{"@type":"Person","@id":"https:\/\/www.fica.unsl.edu.ar\/#\/schema\/person\/6058f9c66301868d3a691b1f5d6c3544","name":"DATI"}]}},"_links":{"self":[{"href":"https:\/\/www.fica.unsl.edu.ar\/index.php\/wp-json\/wp\/v2\/posts\/12050","targetHints":{"allow":["GET"]}}],"collection":[{"href":"https:\/\/www.fica.unsl.edu.ar\/index.php\/wp-json\/wp\/v2\/posts"}],"about":[{"href":"https:\/\/www.fica.unsl.edu.ar\/index.php\/wp-json\/wp\/v2\/types\/post"}],"author":[{"embeddable":true,"href":"https:\/\/www.fica.unsl.edu.ar\/index.php\/wp-json\/wp\/v2\/users\/9"}],"replies":[{"embeddable":true,"href":"https:\/\/www.fica.unsl.edu.ar\/index.php\/wp-json\/wp\/v2\/comments?post=12050"}],"version-history":[{"count":1,"href":"https:\/\/www.fica.unsl.edu.ar\/index.php\/wp-json\/wp\/v2\/posts\/12050\/revisions"}],"predecessor-version":[{"id":12053,"href":"https:\/\/www.fica.unsl.edu.ar\/index.php\/wp-json\/wp\/v2\/posts\/12050\/revisions\/12053"}],"wp:featuredmedia":[{"embeddable":true,"href":"https:\/\/www.fica.unsl.edu.ar\/index.php\/wp-json\/wp\/v2\/media\/12051"}],"wp:attachment":[{"href":"https:\/\/www.fica.unsl.edu.ar\/index.php\/wp-json\/wp\/v2\/media?parent=12050"}],"wp:term":[{"taxonomy":"category","embeddable":true,"href":"https:\/\/www.fica.unsl.edu.ar\/index.php\/wp-json\/wp\/v2\/categories?post=12050"},{"taxonomy":"post_tag","embeddable":true,"href":"https:\/\/www.fica.unsl.edu.ar\/index.php\/wp-json\/wp\/v2\/tags?post=12050"}],"curies":[{"name":"wp","href":"https:\/\/api.w.org\/{rel}","templated":true}]}}