{"id":12144,"date":"2022-12-21T08:52:49","date_gmt":"2022-12-21T11:52:49","guid":{"rendered":"http:\/\/10.101.10.196\/www\/?p=12144"},"modified":"2022-12-26T08:54:56","modified_gmt":"2022-12-26T11:54:56","slug":"nuevos-agentes-de-la-unsl-alcanzaron-la-planta-permanente","status":"publish","type":"post","link":"https:\/\/www.fica.unsl.edu.ar\/index.php\/nuevos-agentes-de-la-unsl-alcanzaron-la-planta-permanente\/","title":{"rendered":"Nuevos agentes de la UNSL alcanzaron la planta permanente"},"content":{"rendered":"<p><strong>El anuncio se realiz\u00f3 mediante una reuni\u00f3n informativa entre el personal nodocentes con autoridades de la Universidad Nacional de San Luis (UNSL), de la Asociaci\u00f3n del Personal de la Universidad (APUNSL) y de la Oficina de Pol\u00edticas y Gesti\u00f3n del Personal Nodocente. Son 38 los agentes que se efectivizaron en la planta permanente de la Instituci\u00f3n.<\/strong><\/p>\n<p>El rector C.P.N. V\u00edctor Mori\u00f1igo lo anunci\u00f3 este 20 de diciembre en el Microcine. Lo acompa\u00f1aron el secretario General de APUNSL, Tec. Omar Quinteros, el secretario General de la UNSL, Dr. Ra\u00fal Gil, y la responsable de la Oficina de Pol\u00edticas y Gesti\u00f3n del Personal Nodocente, Tec. Marcela Kordich.<\/p>\n<figure class=\"wp-block-image\"><img decoding=\"async\" class=\"wp-image-77976\" src=\"https:\/\/www.noticias.unsl.edu.ar\/wp-content\/uploads\/2022\/12\/221220-Pases-a-Planta-permanete-3-3.jpg\" sizes=\"(max-width: 1000px) 100vw, 1000px\" srcset=\"https:\/\/www.noticias.unsl.edu.ar\/wp-content\/uploads\/2022\/12\/221220-Pases-a-Planta-permanete-3-3.jpg 1000w, https:\/\/www.noticias.unsl.edu.ar\/wp-content\/uploads\/2022\/12\/221220-Pases-a-Planta-permanete-3-3-300x200.jpg 300w\" alt=\"\" \/><\/figure>\n<p>En sus palabras felicit\u00f3 a los agentes en nombre de la Universidad.\u00a0<em>\u00abEst\u00e1n ac\u00e1 dando un paso del contrato, est\u00e1n dando un paso a una oportunidad para formar parte de la planta permanente. Eso hace, que con derechos plenos, se ejecute en plenitud el convenio colectivo de trabajo (\u2026) Esto implica para ustedes dos (2) grandes ventajas: tener el derecho salarial a una categor\u00eda 7 y una estabilidad del empleo p\u00fablico\u00bb<\/em>, dijo el Rector.<\/p>\n<p>El Tec. Omar Quinteros expres\u00f3 que este es un motivo de festejo.<em>\u00a0\u00abLos quiero felicitar porque esto que hoy la Universidad les reconoce a ustedes es porque han venido haciendo las cosas bien, y creo que esto los pone en un doble compromiso de seguir transitando en el camino que ven\u00edan y redoblando los esfuerzos (\u2026) Ustedes tienen que ser el efecto multiplicador para que otros compa\u00f1eros que hoy no les toco este beneficio, la pr\u00f3xima les va a tocar\u00bb,<\/em>\u00a0explic\u00f3.<\/p>\n<figure class=\"wp-block-image\"><img decoding=\"async\" class=\"wp-image-77975\" src=\"https:\/\/www.noticias.unsl.edu.ar\/wp-content\/uploads\/2022\/12\/221220-Pases-a-Planta-permanete-2-2.jpg\" sizes=\"(max-width: 1000px) 100vw, 1000px\" srcset=\"https:\/\/www.noticias.unsl.edu.ar\/wp-content\/uploads\/2022\/12\/221220-Pases-a-Planta-permanete-2-2.jpg 1000w, https:\/\/www.noticias.unsl.edu.ar\/wp-content\/uploads\/2022\/12\/221220-Pases-a-Planta-permanete-2-2-300x200.jpg 300w\" alt=\"\" \/><\/figure>\n<p>Seguidamente se explic\u00f3 un cronograma que los agentes deber\u00e1n cumplimentar para la correcta efectivizaci\u00f3n del pase a la planta permanente. Del\u00a0<strong>1 al 5 de febrero del 2023\u00a0<\/strong>ser\u00e1 el periodo de presentaci\u00f3n de una propuesta de mejora para que la comisi\u00f3n lo eval\u00fae. Del\u00a0<strong>6 al 10 de febrero<\/strong>\u00a0ser\u00e1 la evaluaci\u00f3n de las propuestas. Del\u00a0<strong>13 al 17 de febrero<\/strong>\u00a0habr\u00e1 una instancia de entrevistas y defensa de la propuesta.\u00a0<em>\u00abVamos a tener nuevamente una oportunidad de juntarnos en forma individual y que ustedes puedan explicarnos y defender sus trabajos\u00bb<\/em>, sostuvo Kordich.<\/p>\n<p>Del<strong>\u00a022 al 24 de febrero<\/strong>\u00a0se abrir\u00e1 la instancia de correcci\u00f3n y mejora de las propuestas con las recomendaciones que hubiesen y el\u00a0<strong>1 de marzo<\/strong>\u00a0ser\u00e1 la designaci\u00f3n definitiva para quienes hayan cumplido satisfactoriamente con estos requisitos.<\/p>\n<figure class=\"wp-block-image\"><img decoding=\"async\" class=\"wp-image-77979\" src=\"https:\/\/www.noticias.unsl.edu.ar\/wp-content\/uploads\/2022\/12\/221220-Pases-a-Planta-permanete-9-9.jpg\" sizes=\"(max-width: 1000px) 100vw, 1000px\" srcset=\"https:\/\/www.noticias.unsl.edu.ar\/wp-content\/uploads\/2022\/12\/221220-Pases-a-Planta-permanete-9-9.jpg 1000w, https:\/\/www.noticias.unsl.edu.ar\/wp-content\/uploads\/2022\/12\/221220-Pases-a-Planta-permanete-9-9-300x200.jpg 300w\" alt=\"\" \/><\/figure>\n<p><em>\u00abLa falta de presentaci\u00f3n en tiempo y forma de los puntos seg\u00fan el cronograma establecido va a ocasionar una demora en su designaci\u00f3n como efectivo en el pase a planta\u00bb<\/em>, inform\u00f3 la responsable de la Oficina de Pol\u00edticas y Gesti\u00f3n del Personal Nodocente.<\/p>\n<p>&nbsp;<\/p>\n<p>FUENTE: PRENSA RECTORADO<\/p>\n","protected":false},"excerpt":{"rendered":"<p>El anuncio se realiz\u00f3 mediante una reuni\u00f3n informativa entre el personal nodocentes con autoridades de la Universidad Nacional de San Luis (UNSL), de la Asociaci\u00f3n&hellip;<\/p>\n","protected":false},"author":9,"featured_media":12148,"comment_status":"closed","ping_status":"closed","sticky":false,"template":"","format":"standard","meta":{"_monsterinsights_skip_tracking":false,"_monsterinsights_sitenote_active":false,"_monsterinsights_sitenote_note":"","_monsterinsights_sitenote_category":0,"_joinchat":[],"footnotes":""},"categories":[19],"tags":[],"class_list":["post-12144","post","type-post","status-publish","format-standard","has-post-thumbnail","hentry","category-noticias"],"yoast_head":"<!-- This site is optimized with the Yoast SEO plugin v27.4 - https:\/\/yoast.com\/product\/yoast-seo-wordpress\/ -->\n<title>Nuevos agentes de la UNSL alcanzaron la planta permanente - Facultad de Ingenier\u00eda y Ciencias Agropecuarias<\/title>\n<meta name=\"robots\" content=\"index, follow, max-snippet:-1, max-image-preview:large, max-video-preview:-1\" \/>\n<link rel=\"canonical\" href=\"https:\/\/www.fica.unsl.edu.ar\/index.php\/nuevos-agentes-de-la-unsl-alcanzaron-la-planta-permanente\/\" \/>\n<meta property=\"og:locale\" content=\"es_ES\" \/>\n<meta property=\"og:type\" content=\"article\" \/>\n<meta property=\"og:title\" content=\"Nuevos agentes de la UNSL alcanzaron la planta permanente - Facultad de Ingenier\u00eda y Ciencias Agropecuarias\" \/>\n<meta property=\"og:description\" content=\"El anuncio se realiz\u00f3 mediante una reuni\u00f3n informativa entre el personal nodocentes con autoridades de la Universidad Nacional de San Luis (UNSL), de la Asociaci\u00f3n&hellip;\" \/>\n<meta property=\"og:url\" content=\"https:\/\/www.fica.unsl.edu.ar\/index.php\/nuevos-agentes-de-la-unsl-alcanzaron-la-planta-permanente\/\" \/>\n<meta property=\"og:site_name\" content=\"Facultad de Ingenier\u00eda y Ciencias Agropecuarias\" \/>\n<meta property=\"article:publisher\" content=\"https:\/\/www.facebook.com\/FICA.UNSL\/\" \/>\n<meta property=\"article:published_time\" content=\"2022-12-21T11:52:49+00:00\" \/>\n<meta property=\"article:modified_time\" content=\"2022-12-26T11:54:56+00:00\" \/>\n<meta property=\"og:image\" content=\"https:\/\/www.fica.unsl.edu.ar\/wp-content\/uploads\/2022\/12\/221220-Pases-a-Planta-permanete-6-6-1000x600-1.jpg\" \/>\n\t<meta property=\"og:image:width\" content=\"1000\" \/>\n\t<meta property=\"og:image:height\" content=\"600\" \/>\n\t<meta property=\"og:image:type\" content=\"image\/jpeg\" \/>\n<meta name=\"author\" content=\"DATI\" \/>\n<meta name=\"twitter:card\" content=\"summary_large_image\" \/>\n<meta name=\"twitter:creator\" content=\"@FICAUNSL\" \/>\n<meta name=\"twitter:site\" content=\"@FICAUNSL\" \/>\n<meta name=\"twitter:label1\" content=\"Escrito por\" \/>\n\t<meta name=\"twitter:data1\" content=\"DATI\" \/>\n\t<meta name=\"twitter:label2\" content=\"Tiempo de lectura\" \/>\n\t<meta name=\"twitter:data2\" content=\"3 minutos\" \/>\n<script type=\"application\/ld+json\" class=\"yoast-schema-graph\">{\"@context\":\"https:\\\/\\\/schema.org\",\"@graph\":[{\"@type\":\"Article\",\"@id\":\"https:\\\/\\\/www.fica.unsl.edu.ar\\\/index.php\\\/nuevos-agentes-de-la-unsl-alcanzaron-la-planta-permanente\\\/#article\",\"isPartOf\":{\"@id\":\"https:\\\/\\\/www.fica.unsl.edu.ar\\\/index.php\\\/nuevos-agentes-de-la-unsl-alcanzaron-la-planta-permanente\\\/\"},\"author\":{\"name\":\"DATI\",\"@id\":\"https:\\\/\\\/www.fica.unsl.edu.ar\\\/#\\\/schema\\\/person\\\/6058f9c66301868d3a691b1f5d6c3544\"},\"headline\":\"Nuevos agentes de la UNSL alcanzaron la planta permanente\",\"datePublished\":\"2022-12-21T11:52:49+00:00\",\"dateModified\":\"2022-12-26T11:54:56+00:00\",\"mainEntityOfPage\":{\"@id\":\"https:\\\/\\\/www.fica.unsl.edu.ar\\\/index.php\\\/nuevos-agentes-de-la-unsl-alcanzaron-la-planta-permanente\\\/\"},\"wordCount\":466,\"publisher\":{\"@id\":\"https:\\\/\\\/www.fica.unsl.edu.ar\\\/#organization\"},\"image\":{\"@id\":\"https:\\\/\\\/www.fica.unsl.edu.ar\\\/index.php\\\/nuevos-agentes-de-la-unsl-alcanzaron-la-planta-permanente\\\/#primaryimage\"},\"thumbnailUrl\":\"https:\\\/\\\/www.fica.unsl.edu.ar\\\/wp-content\\\/uploads\\\/2022\\\/12\\\/221220-Pases-a-Planta-permanete-6-6-1000x600-1.jpg\",\"articleSection\":[\"Noticias\"],\"inLanguage\":\"es-AR\"},{\"@type\":\"WebPage\",\"@id\":\"https:\\\/\\\/www.fica.unsl.edu.ar\\\/index.php\\\/nuevos-agentes-de-la-unsl-alcanzaron-la-planta-permanente\\\/\",\"url\":\"https:\\\/\\\/www.fica.unsl.edu.ar\\\/index.php\\\/nuevos-agentes-de-la-unsl-alcanzaron-la-planta-permanente\\\/\",\"name\":\"Nuevos agentes de la UNSL alcanzaron la planta permanente - Facultad de Ingenier\u00eda y Ciencias Agropecuarias\",\"isPartOf\":{\"@id\":\"https:\\\/\\\/www.fica.unsl.edu.ar\\\/#website\"},\"primaryImageOfPage\":{\"@id\":\"https:\\\/\\\/www.fica.unsl.edu.ar\\\/index.php\\\/nuevos-agentes-de-la-unsl-alcanzaron-la-planta-permanente\\\/#primaryimage\"},\"image\":{\"@id\":\"https:\\\/\\\/www.fica.unsl.edu.ar\\\/index.php\\\/nuevos-agentes-de-la-unsl-alcanzaron-la-planta-permanente\\\/#primaryimage\"},\"thumbnailUrl\":\"https:\\\/\\\/www.fica.unsl.edu.ar\\\/wp-content\\\/uploads\\\/2022\\\/12\\\/221220-Pases-a-Planta-permanete-6-6-1000x600-1.jpg\",\"datePublished\":\"2022-12-21T11:52:49+00:00\",\"dateModified\":\"2022-12-26T11:54:56+00:00\",\"inLanguage\":\"es-AR\",\"potentialAction\":[{\"@type\":\"ReadAction\",\"target\":[\"https:\\\/\\\/www.fica.unsl.edu.ar\\\/index.php\\\/nuevos-agentes-de-la-unsl-alcanzaron-la-planta-permanente\\\/\"]}]},{\"@type\":\"ImageObject\",\"inLanguage\":\"es-AR\",\"@id\":\"https:\\\/\\\/www.fica.unsl.edu.ar\\\/index.php\\\/nuevos-agentes-de-la-unsl-alcanzaron-la-planta-permanente\\\/#primaryimage\",\"url\":\"https:\\\/\\\/www.fica.unsl.edu.ar\\\/wp-content\\\/uploads\\\/2022\\\/12\\\/221220-Pases-a-Planta-permanete-6-6-1000x600-1.jpg\",\"contentUrl\":\"https:\\\/\\\/www.fica.unsl.edu.ar\\\/wp-content\\\/uploads\\\/2022\\\/12\\\/221220-Pases-a-Planta-permanete-6-6-1000x600-1.jpg\",\"width\":1000,\"height\":600},{\"@type\":\"WebSite\",\"@id\":\"https:\\\/\\\/www.fica.unsl.edu.ar\\\/#website\",\"url\":\"https:\\\/\\\/www.fica.unsl.edu.ar\\\/\",\"name\":\"Facultad de Ingenier\u00eda y Ciencias Agropecuarias\",\"description\":\"\",\"publisher\":{\"@id\":\"https:\\\/\\\/www.fica.unsl.edu.ar\\\/#organization\"},\"potentialAction\":[{\"@type\":\"SearchAction\",\"target\":{\"@type\":\"EntryPoint\",\"urlTemplate\":\"https:\\\/\\\/www.fica.unsl.edu.ar\\\/?s={search_term_string}\"},\"query-input\":{\"@type\":\"PropertyValueSpecification\",\"valueRequired\":true,\"valueName\":\"search_term_string\"}}],\"inLanguage\":\"es-AR\"},{\"@type\":\"Organization\",\"@id\":\"https:\\\/\\\/www.fica.unsl.edu.ar\\\/#organization\",\"name\":\"Facultad de Ingenier\u00eda y Ciencias Agropecuarias\",\"url\":\"https:\\\/\\\/www.fica.unsl.edu.ar\\\/\",\"logo\":{\"@type\":\"ImageObject\",\"inLanguage\":\"es-AR\",\"@id\":\"https:\\\/\\\/www.fica.unsl.edu.ar\\\/#\\\/schema\\\/logo\\\/image\\\/\",\"url\":\"https:\\\/\\\/www.fica.unsl.edu.ar\\\/wp-content\\\/uploads\\\/2021\\\/03\\\/LOGO-1.jpg\",\"contentUrl\":\"https:\\\/\\\/www.fica.unsl.edu.ar\\\/wp-content\\\/uploads\\\/2021\\\/03\\\/LOGO-1.jpg\",\"width\":463,\"height\":145,\"caption\":\"Facultad de Ingenier\u00eda y Ciencias Agropecuarias\"},\"image\":{\"@id\":\"https:\\\/\\\/www.fica.unsl.edu.ar\\\/#\\\/schema\\\/logo\\\/image\\\/\"},\"sameAs\":[\"https:\\\/\\\/www.facebook.com\\\/FICA.UNSL\\\/\",\"https:\\\/\\\/x.com\\\/FICAUNSL\",\"https:\\\/\\\/www.instagram.com\\\/fica.unsl\\\/\",\"https:\\\/\\\/www.youtube.com\\\/channel\\\/UCs2MM53gb2PyBrMySdtWZDQ\"]},{\"@type\":\"Person\",\"@id\":\"https:\\\/\\\/www.fica.unsl.edu.ar\\\/#\\\/schema\\\/person\\\/6058f9c66301868d3a691b1f5d6c3544\",\"name\":\"DATI\"}]}<\/script>\n<!-- \/ Yoast SEO plugin. -->","yoast_head_json":{"title":"Nuevos agentes de la UNSL alcanzaron la planta permanente - Facultad de Ingenier\u00eda y Ciencias Agropecuarias","robots":{"index":"index","follow":"follow","max-snippet":"max-snippet:-1","max-image-preview":"max-image-preview:large","max-video-preview":"max-video-preview:-1"},"canonical":"https:\/\/www.fica.unsl.edu.ar\/index.php\/nuevos-agentes-de-la-unsl-alcanzaron-la-planta-permanente\/","og_locale":"es_ES","og_type":"article","og_title":"Nuevos agentes de la UNSL alcanzaron la planta permanente - Facultad de Ingenier\u00eda y Ciencias Agropecuarias","og_description":"El anuncio se realiz\u00f3 mediante una reuni\u00f3n informativa entre el personal nodocentes con autoridades de la Universidad Nacional de San Luis (UNSL), de la Asociaci\u00f3n&hellip;","og_url":"https:\/\/www.fica.unsl.edu.ar\/index.php\/nuevos-agentes-de-la-unsl-alcanzaron-la-planta-permanente\/","og_site_name":"Facultad de Ingenier\u00eda y Ciencias Agropecuarias","article_publisher":"https:\/\/www.facebook.com\/FICA.UNSL\/","article_published_time":"2022-12-21T11:52:49+00:00","article_modified_time":"2022-12-26T11:54:56+00:00","og_image":[{"width":1000,"height":600,"url":"https:\/\/www.fica.unsl.edu.ar\/wp-content\/uploads\/2022\/12\/221220-Pases-a-Planta-permanete-6-6-1000x600-1.jpg","type":"image\/jpeg"}],"author":"DATI","twitter_card":"summary_large_image","twitter_creator":"@FICAUNSL","twitter_site":"@FICAUNSL","twitter_misc":{"Escrito por":"DATI","Tiempo de lectura":"3 minutos"},"schema":{"@context":"https:\/\/schema.org","@graph":[{"@type":"Article","@id":"https:\/\/www.fica.unsl.edu.ar\/index.php\/nuevos-agentes-de-la-unsl-alcanzaron-la-planta-permanente\/#article","isPartOf":{"@id":"https:\/\/www.fica.unsl.edu.ar\/index.php\/nuevos-agentes-de-la-unsl-alcanzaron-la-planta-permanente\/"},"author":{"name":"DATI","@id":"https:\/\/www.fica.unsl.edu.ar\/#\/schema\/person\/6058f9c66301868d3a691b1f5d6c3544"},"headline":"Nuevos agentes de la UNSL alcanzaron la planta permanente","datePublished":"2022-12-21T11:52:49+00:00","dateModified":"2022-12-26T11:54:56+00:00","mainEntityOfPage":{"@id":"https:\/\/www.fica.unsl.edu.ar\/index.php\/nuevos-agentes-de-la-unsl-alcanzaron-la-planta-permanente\/"},"wordCount":466,"publisher":{"@id":"https:\/\/www.fica.unsl.edu.ar\/#organization"},"image":{"@id":"https:\/\/www.fica.unsl.edu.ar\/index.php\/nuevos-agentes-de-la-unsl-alcanzaron-la-planta-permanente\/#primaryimage"},"thumbnailUrl":"https:\/\/www.fica.unsl.edu.ar\/wp-content\/uploads\/2022\/12\/221220-Pases-a-Planta-permanete-6-6-1000x600-1.jpg","articleSection":["Noticias"],"inLanguage":"es-AR"},{"@type":"WebPage","@id":"https:\/\/www.fica.unsl.edu.ar\/index.php\/nuevos-agentes-de-la-unsl-alcanzaron-la-planta-permanente\/","url":"https:\/\/www.fica.unsl.edu.ar\/index.php\/nuevos-agentes-de-la-unsl-alcanzaron-la-planta-permanente\/","name":"Nuevos agentes de la UNSL alcanzaron la planta permanente - Facultad de Ingenier\u00eda y Ciencias Agropecuarias","isPartOf":{"@id":"https:\/\/www.fica.unsl.edu.ar\/#website"},"primaryImageOfPage":{"@id":"https:\/\/www.fica.unsl.edu.ar\/index.php\/nuevos-agentes-de-la-unsl-alcanzaron-la-planta-permanente\/#primaryimage"},"image":{"@id":"https:\/\/www.fica.unsl.edu.ar\/index.php\/nuevos-agentes-de-la-unsl-alcanzaron-la-planta-permanente\/#primaryimage"},"thumbnailUrl":"https:\/\/www.fica.unsl.edu.ar\/wp-content\/uploads\/2022\/12\/221220-Pases-a-Planta-permanete-6-6-1000x600-1.jpg","datePublished":"2022-12-21T11:52:49+00:00","dateModified":"2022-12-26T11:54:56+00:00","inLanguage":"es-AR","potentialAction":[{"@type":"ReadAction","target":["https:\/\/www.fica.unsl.edu.ar\/index.php\/nuevos-agentes-de-la-unsl-alcanzaron-la-planta-permanente\/"]}]},{"@type":"ImageObject","inLanguage":"es-AR","@id":"https:\/\/www.fica.unsl.edu.ar\/index.php\/nuevos-agentes-de-la-unsl-alcanzaron-la-planta-permanente\/#primaryimage","url":"https:\/\/www.fica.unsl.edu.ar\/wp-content\/uploads\/2022\/12\/221220-Pases-a-Planta-permanete-6-6-1000x600-1.jpg","contentUrl":"https:\/\/www.fica.unsl.edu.ar\/wp-content\/uploads\/2022\/12\/221220-Pases-a-Planta-permanete-6-6-1000x600-1.jpg","width":1000,"height":600},{"@type":"WebSite","@id":"https:\/\/www.fica.unsl.edu.ar\/#website","url":"https:\/\/www.fica.unsl.edu.ar\/","name":"Facultad de Ingenier\u00eda y Ciencias Agropecuarias","description":"","publisher":{"@id":"https:\/\/www.fica.unsl.edu.ar\/#organization"},"potentialAction":[{"@type":"SearchAction","target":{"@type":"EntryPoint","urlTemplate":"https:\/\/www.fica.unsl.edu.ar\/?s={search_term_string}"},"query-input":{"@type":"PropertyValueSpecification","valueRequired":true,"valueName":"search_term_string"}}],"inLanguage":"es-AR"},{"@type":"Organization","@id":"https:\/\/www.fica.unsl.edu.ar\/#organization","name":"Facultad de Ingenier\u00eda y Ciencias Agropecuarias","url":"https:\/\/www.fica.unsl.edu.ar\/","logo":{"@type":"ImageObject","inLanguage":"es-AR","@id":"https:\/\/www.fica.unsl.edu.ar\/#\/schema\/logo\/image\/","url":"https:\/\/www.fica.unsl.edu.ar\/wp-content\/uploads\/2021\/03\/LOGO-1.jpg","contentUrl":"https:\/\/www.fica.unsl.edu.ar\/wp-content\/uploads\/2021\/03\/LOGO-1.jpg","width":463,"height":145,"caption":"Facultad de Ingenier\u00eda y Ciencias Agropecuarias"},"image":{"@id":"https:\/\/www.fica.unsl.edu.ar\/#\/schema\/logo\/image\/"},"sameAs":["https:\/\/www.facebook.com\/FICA.UNSL\/","https:\/\/x.com\/FICAUNSL","https:\/\/www.instagram.com\/fica.unsl\/","https:\/\/www.youtube.com\/channel\/UCs2MM53gb2PyBrMySdtWZDQ"]},{"@type":"Person","@id":"https:\/\/www.fica.unsl.edu.ar\/#\/schema\/person\/6058f9c66301868d3a691b1f5d6c3544","name":"DATI"}]}},"_links":{"self":[{"href":"https:\/\/www.fica.unsl.edu.ar\/index.php\/wp-json\/wp\/v2\/posts\/12144","targetHints":{"allow":["GET"]}}],"collection":[{"href":"https:\/\/www.fica.unsl.edu.ar\/index.php\/wp-json\/wp\/v2\/posts"}],"about":[{"href":"https:\/\/www.fica.unsl.edu.ar\/index.php\/wp-json\/wp\/v2\/types\/post"}],"author":[{"embeddable":true,"href":"https:\/\/www.fica.unsl.edu.ar\/index.php\/wp-json\/wp\/v2\/users\/9"}],"replies":[{"embeddable":true,"href":"https:\/\/www.fica.unsl.edu.ar\/index.php\/wp-json\/wp\/v2\/comments?post=12144"}],"version-history":[{"count":1,"href":"https:\/\/www.fica.unsl.edu.ar\/index.php\/wp-json\/wp\/v2\/posts\/12144\/revisions"}],"predecessor-version":[{"id":12149,"href":"https:\/\/www.fica.unsl.edu.ar\/index.php\/wp-json\/wp\/v2\/posts\/12144\/revisions\/12149"}],"wp:featuredmedia":[{"embeddable":true,"href":"https:\/\/www.fica.unsl.edu.ar\/index.php\/wp-json\/wp\/v2\/media\/12148"}],"wp:attachment":[{"href":"https:\/\/www.fica.unsl.edu.ar\/index.php\/wp-json\/wp\/v2\/media?parent=12144"}],"wp:term":[{"taxonomy":"category","embeddable":true,"href":"https:\/\/www.fica.unsl.edu.ar\/index.php\/wp-json\/wp\/v2\/categories?post=12144"},{"taxonomy":"post_tag","embeddable":true,"href":"https:\/\/www.fica.unsl.edu.ar\/index.php\/wp-json\/wp\/v2\/tags?post=12144"}],"curies":[{"name":"wp","href":"https:\/\/api.w.org\/{rel}","templated":true}]}}