{"id":12233,"date":"2023-02-02T22:05:50","date_gmt":"2023-02-03T01:05:50","guid":{"rendered":"http:\/\/10.101.10.196\/www\/?p=12233"},"modified":"2023-02-06T11:09:14","modified_gmt":"2023-02-06T14:09:14","slug":"llamado-a-la-realizacion-de-cursos-de-posgrado-conjunto-entre-universidades-de-augm","status":"publish","type":"post","link":"https:\/\/www.fica.unsl.edu.ar\/index.php\/llamado-a-la-realizacion-de-cursos-de-posgrado-conjunto-entre-universidades-de-augm\/","title":{"rendered":"Llamado a la realizaci\u00f3n de cursos de posgrado conjunto entre universidades de AUGM"},"content":{"rendered":"<p><strong>Se dictar\u00e1n en formato online y\/o h\u00edbridos, considerando actividades lectivas sincr\u00f3nicas y asincr\u00f3nicas, y asimismo podr\u00e1n incluir actividades presenciales. Convocatoria abierta hasta finales de marzo.<\/strong><\/p>\n<p>La presente propuesta se enmarca en una serie de iniciativas que, en los \u00faltimos a\u00f1os, se han estado llevando a cabo desde la Comisi\u00f3n de Posgrado y el\u00a0<a href=\"https:\/\/grupomontevideo.org\/espo\/\">Espacio de Posgrado<\/a>\u00a0(EsPO) de la Asociaci\u00f3n de Universidades Grupo Montevideo (AUGM). Su fin ha sido proyectar la cooperaci\u00f3n entre las universidades miembros m\u00e1s all\u00e1 del \u00e1mbito de la movilidad estudiantil que, desde hace largo tiempo, se desarrolla exitosamente a trav\u00e9s del\u00a0<a href=\"https:\/\/grupomontevideo.org\/escalaposgrado\/\">Programa Escala de Posgrado<\/a>.<\/p>\n<p>El llamado est\u00e1 abierto a propuestas para elaborar e impartir cursos de posgrado conjuntos entre, al menos, tres (3) universidades miembro de la Asociaci\u00f3n de diferentes pa\u00edses en el marco de la plataforma AUGM.<\/p>\n<p>Por tratarse de una experiencia piloto, para este concurso, se estima oportuno priorizar y fijar una serie de ejes de relevancia regional a los cuales deber\u00e1n atenerse las propuestas. M\u00e1s all\u00e1 de esto se atender\u00e1n otras propuestas que demuestren ser de relevancia para la regi\u00f3n y tengan car\u00e1cter original e innovador.<\/p>\n<p><strong>Los ejes prioritarios ser\u00e1n:<\/strong><\/p>\n<p>Sustentabilidad\/Desarrollo Sostenible.<br \/>\nTem\u00e1ticas afines a los Comit\u00e9s Acad\u00e9micos y N\u00facleos Disciplinarios.<br \/>\nDerechos Humanos.<br \/>\nInclusi\u00f3n social.<br \/>\nBiociencias y Biomedicina.<br \/>\nPatrimonio cultural, historia e identidad Latinoamericana.<\/p>\n<p>Las universidades participantes deber\u00e1n presentar un presupuesto con los gastos implicados en la preparaci\u00f3n e impartici\u00f3n de los cursos, incluyendo las actividades presenciales en el caso de que est\u00e9n planificadas, e indicando los aportes que corresponder\u00e1n a cada instituci\u00f3n y\/o aportes complementarios provenientes de otras fuentes a destacar.<\/p>\n<p>Cada propuesta deber\u00e1 estar acompa\u00f1ada de una carta de respaldo firmada por los Delegados Institucionales en la Comisi\u00f3n Permanente de Posgrado de las universidades participantes, explicitando su apoyo al proyecto a desarrollar e indicando los compromisos de \u00edndole acad\u00e9mica y\/o financiera que correspondan en cada caso. En particular, cada instituci\u00f3n deber\u00e1 declarar expl\u00edcitamente que reconocer\u00e1 a los\/as estudiantes participantes en los cursos los cr\u00e9ditos tomados en el marco de este programa.<\/p>\n<p>Quienes quieran postular deber\u00e1n hacerlo a trav\u00e9s del siguiente\u00a0<a href=\"https:\/\/docs.google.com\/forms\/d\/e\/1FAIpQLSfM7PzCVVaa7dVuXhfe7PvQyGiP7r-m_V-uGXmTE5wdzo5Kkg\/viewform\">formulario online<\/a>.<\/p>\n<p>Fuente: Prensa Rectorado<\/p>\n","protected":false},"excerpt":{"rendered":"<p>Se dictar\u00e1n en formato online y\/o h\u00edbridos, considerando actividades lectivas sincr\u00f3nicas y asincr\u00f3nicas, y asimismo podr\u00e1n incluir actividades presenciales. Convocatoria abierta hasta finales de marzo.&hellip;<\/p>\n","protected":false},"author":9,"featured_media":7525,"comment_status":"closed","ping_status":"closed","sticky":false,"template":"","format":"standard","meta":{"_monsterinsights_skip_tracking":false,"_monsterinsights_sitenote_active":false,"_monsterinsights_sitenote_note":"","_monsterinsights_sitenote_category":0,"_joinchat":[],"footnotes":""},"categories":[19],"tags":[],"class_list":["post-12233","post","type-post","status-publish","format-standard","has-post-thumbnail","hentry","category-noticias"],"yoast_head":"<!-- This site is optimized with the Yoast SEO plugin v27.4 - https:\/\/yoast.com\/product\/yoast-seo-wordpress\/ -->\n<title>Llamado a la realizaci\u00f3n de cursos de posgrado conjunto entre universidades de AUGM - Facultad de Ingenier\u00eda y Ciencias Agropecuarias<\/title>\n<meta name=\"robots\" content=\"index, follow, max-snippet:-1, max-image-preview:large, max-video-preview:-1\" \/>\n<link rel=\"canonical\" href=\"https:\/\/www.fica.unsl.edu.ar\/index.php\/llamado-a-la-realizacion-de-cursos-de-posgrado-conjunto-entre-universidades-de-augm\/\" \/>\n<meta property=\"og:locale\" content=\"es_ES\" \/>\n<meta property=\"og:type\" content=\"article\" \/>\n<meta property=\"og:title\" content=\"Llamado a la realizaci\u00f3n de cursos de posgrado conjunto entre universidades de AUGM - Facultad de Ingenier\u00eda y Ciencias Agropecuarias\" \/>\n<meta property=\"og:description\" content=\"Se dictar\u00e1n en formato online y\/o h\u00edbridos, considerando actividades lectivas sincr\u00f3nicas y asincr\u00f3nicas, y asimismo podr\u00e1n incluir actividades presenciales. Convocatoria abierta hasta finales de marzo.&hellip;\" \/>\n<meta property=\"og:url\" content=\"https:\/\/www.fica.unsl.edu.ar\/index.php\/llamado-a-la-realizacion-de-cursos-de-posgrado-conjunto-entre-universidades-de-augm\/\" \/>\n<meta property=\"og:site_name\" content=\"Facultad de Ingenier\u00eda y Ciencias Agropecuarias\" \/>\n<meta property=\"article:publisher\" content=\"https:\/\/www.facebook.com\/FICA.UNSL\/\" \/>\n<meta property=\"article:published_time\" content=\"2023-02-03T01:05:50+00:00\" \/>\n<meta property=\"article:modified_time\" content=\"2023-02-06T14:09:14+00:00\" \/>\n<meta property=\"og:image\" content=\"https:\/\/www.fica.unsl.edu.ar\/wp-content\/uploads\/2021\/11\/AUGM-26.jpg\" \/>\n\t<meta property=\"og:image:width\" content=\"1061\" \/>\n\t<meta property=\"og:image:height\" content=\"600\" \/>\n\t<meta property=\"og:image:type\" content=\"image\/jpeg\" \/>\n<meta name=\"author\" content=\"DATI\" \/>\n<meta name=\"twitter:card\" content=\"summary_large_image\" \/>\n<meta name=\"twitter:creator\" content=\"@FICAUNSL\" \/>\n<meta name=\"twitter:site\" content=\"@FICAUNSL\" \/>\n<meta name=\"twitter:label1\" content=\"Escrito por\" \/>\n\t<meta name=\"twitter:data1\" content=\"DATI\" \/>\n\t<meta name=\"twitter:label2\" content=\"Tiempo de lectura\" \/>\n\t<meta name=\"twitter:data2\" content=\"2 minutos\" \/>\n<script type=\"application\/ld+json\" class=\"yoast-schema-graph\">{\"@context\":\"https:\\\/\\\/schema.org\",\"@graph\":[{\"@type\":\"Article\",\"@id\":\"https:\\\/\\\/www.fica.unsl.edu.ar\\\/index.php\\\/llamado-a-la-realizacion-de-cursos-de-posgrado-conjunto-entre-universidades-de-augm\\\/#article\",\"isPartOf\":{\"@id\":\"https:\\\/\\\/www.fica.unsl.edu.ar\\\/index.php\\\/llamado-a-la-realizacion-de-cursos-de-posgrado-conjunto-entre-universidades-de-augm\\\/\"},\"author\":{\"name\":\"DATI\",\"@id\":\"https:\\\/\\\/www.fica.unsl.edu.ar\\\/#\\\/schema\\\/person\\\/6058f9c66301868d3a691b1f5d6c3544\"},\"headline\":\"Llamado a la realizaci\u00f3n de cursos de posgrado conjunto entre universidades de AUGM\",\"datePublished\":\"2023-02-03T01:05:50+00:00\",\"dateModified\":\"2023-02-06T14:09:14+00:00\",\"mainEntityOfPage\":{\"@id\":\"https:\\\/\\\/www.fica.unsl.edu.ar\\\/index.php\\\/llamado-a-la-realizacion-de-cursos-de-posgrado-conjunto-entre-universidades-de-augm\\\/\"},\"wordCount\":401,\"publisher\":{\"@id\":\"https:\\\/\\\/www.fica.unsl.edu.ar\\\/#organization\"},\"image\":{\"@id\":\"https:\\\/\\\/www.fica.unsl.edu.ar\\\/index.php\\\/llamado-a-la-realizacion-de-cursos-de-posgrado-conjunto-entre-universidades-de-augm\\\/#primaryimage\"},\"thumbnailUrl\":\"https:\\\/\\\/www.fica.unsl.edu.ar\\\/wp-content\\\/uploads\\\/2021\\\/11\\\/AUGM-26.jpg\",\"articleSection\":[\"Noticias\"],\"inLanguage\":\"es-AR\"},{\"@type\":\"WebPage\",\"@id\":\"https:\\\/\\\/www.fica.unsl.edu.ar\\\/index.php\\\/llamado-a-la-realizacion-de-cursos-de-posgrado-conjunto-entre-universidades-de-augm\\\/\",\"url\":\"https:\\\/\\\/www.fica.unsl.edu.ar\\\/index.php\\\/llamado-a-la-realizacion-de-cursos-de-posgrado-conjunto-entre-universidades-de-augm\\\/\",\"name\":\"Llamado a la realizaci\u00f3n de cursos de posgrado conjunto entre universidades de AUGM - Facultad de Ingenier\u00eda y Ciencias Agropecuarias\",\"isPartOf\":{\"@id\":\"https:\\\/\\\/www.fica.unsl.edu.ar\\\/#website\"},\"primaryImageOfPage\":{\"@id\":\"https:\\\/\\\/www.fica.unsl.edu.ar\\\/index.php\\\/llamado-a-la-realizacion-de-cursos-de-posgrado-conjunto-entre-universidades-de-augm\\\/#primaryimage\"},\"image\":{\"@id\":\"https:\\\/\\\/www.fica.unsl.edu.ar\\\/index.php\\\/llamado-a-la-realizacion-de-cursos-de-posgrado-conjunto-entre-universidades-de-augm\\\/#primaryimage\"},\"thumbnailUrl\":\"https:\\\/\\\/www.fica.unsl.edu.ar\\\/wp-content\\\/uploads\\\/2021\\\/11\\\/AUGM-26.jpg\",\"datePublished\":\"2023-02-03T01:05:50+00:00\",\"dateModified\":\"2023-02-06T14:09:14+00:00\",\"inLanguage\":\"es-AR\",\"potentialAction\":[{\"@type\":\"ReadAction\",\"target\":[\"https:\\\/\\\/www.fica.unsl.edu.ar\\\/index.php\\\/llamado-a-la-realizacion-de-cursos-de-posgrado-conjunto-entre-universidades-de-augm\\\/\"]}]},{\"@type\":\"ImageObject\",\"inLanguage\":\"es-AR\",\"@id\":\"https:\\\/\\\/www.fica.unsl.edu.ar\\\/index.php\\\/llamado-a-la-realizacion-de-cursos-de-posgrado-conjunto-entre-universidades-de-augm\\\/#primaryimage\",\"url\":\"https:\\\/\\\/www.fica.unsl.edu.ar\\\/wp-content\\\/uploads\\\/2021\\\/11\\\/AUGM-26.jpg\",\"contentUrl\":\"https:\\\/\\\/www.fica.unsl.edu.ar\\\/wp-content\\\/uploads\\\/2021\\\/11\\\/AUGM-26.jpg\",\"width\":1061,\"height\":600},{\"@type\":\"WebSite\",\"@id\":\"https:\\\/\\\/www.fica.unsl.edu.ar\\\/#website\",\"url\":\"https:\\\/\\\/www.fica.unsl.edu.ar\\\/\",\"name\":\"Facultad de Ingenier\u00eda y Ciencias Agropecuarias\",\"description\":\"\",\"publisher\":{\"@id\":\"https:\\\/\\\/www.fica.unsl.edu.ar\\\/#organization\"},\"potentialAction\":[{\"@type\":\"SearchAction\",\"target\":{\"@type\":\"EntryPoint\",\"urlTemplate\":\"https:\\\/\\\/www.fica.unsl.edu.ar\\\/?s={search_term_string}\"},\"query-input\":{\"@type\":\"PropertyValueSpecification\",\"valueRequired\":true,\"valueName\":\"search_term_string\"}}],\"inLanguage\":\"es-AR\"},{\"@type\":\"Organization\",\"@id\":\"https:\\\/\\\/www.fica.unsl.edu.ar\\\/#organization\",\"name\":\"Facultad de Ingenier\u00eda y Ciencias Agropecuarias\",\"url\":\"https:\\\/\\\/www.fica.unsl.edu.ar\\\/\",\"logo\":{\"@type\":\"ImageObject\",\"inLanguage\":\"es-AR\",\"@id\":\"https:\\\/\\\/www.fica.unsl.edu.ar\\\/#\\\/schema\\\/logo\\\/image\\\/\",\"url\":\"https:\\\/\\\/www.fica.unsl.edu.ar\\\/wp-content\\\/uploads\\\/2021\\\/03\\\/LOGO-1.jpg\",\"contentUrl\":\"https:\\\/\\\/www.fica.unsl.edu.ar\\\/wp-content\\\/uploads\\\/2021\\\/03\\\/LOGO-1.jpg\",\"width\":463,\"height\":145,\"caption\":\"Facultad de Ingenier\u00eda y Ciencias Agropecuarias\"},\"image\":{\"@id\":\"https:\\\/\\\/www.fica.unsl.edu.ar\\\/#\\\/schema\\\/logo\\\/image\\\/\"},\"sameAs\":[\"https:\\\/\\\/www.facebook.com\\\/FICA.UNSL\\\/\",\"https:\\\/\\\/x.com\\\/FICAUNSL\",\"https:\\\/\\\/www.instagram.com\\\/fica.unsl\\\/\",\"https:\\\/\\\/www.youtube.com\\\/channel\\\/UCs2MM53gb2PyBrMySdtWZDQ\"]},{\"@type\":\"Person\",\"@id\":\"https:\\\/\\\/www.fica.unsl.edu.ar\\\/#\\\/schema\\\/person\\\/6058f9c66301868d3a691b1f5d6c3544\",\"name\":\"DATI\"}]}<\/script>\n<!-- \/ Yoast SEO plugin. -->","yoast_head_json":{"title":"Llamado a la realizaci\u00f3n de cursos de posgrado conjunto entre universidades de AUGM - Facultad de Ingenier\u00eda y Ciencias Agropecuarias","robots":{"index":"index","follow":"follow","max-snippet":"max-snippet:-1","max-image-preview":"max-image-preview:large","max-video-preview":"max-video-preview:-1"},"canonical":"https:\/\/www.fica.unsl.edu.ar\/index.php\/llamado-a-la-realizacion-de-cursos-de-posgrado-conjunto-entre-universidades-de-augm\/","og_locale":"es_ES","og_type":"article","og_title":"Llamado a la realizaci\u00f3n de cursos de posgrado conjunto entre universidades de AUGM - Facultad de Ingenier\u00eda y Ciencias Agropecuarias","og_description":"Se dictar\u00e1n en formato online y\/o h\u00edbridos, considerando actividades lectivas sincr\u00f3nicas y asincr\u00f3nicas, y asimismo podr\u00e1n incluir actividades presenciales. Convocatoria abierta hasta finales de marzo.&hellip;","og_url":"https:\/\/www.fica.unsl.edu.ar\/index.php\/llamado-a-la-realizacion-de-cursos-de-posgrado-conjunto-entre-universidades-de-augm\/","og_site_name":"Facultad de Ingenier\u00eda y Ciencias Agropecuarias","article_publisher":"https:\/\/www.facebook.com\/FICA.UNSL\/","article_published_time":"2023-02-03T01:05:50+00:00","article_modified_time":"2023-02-06T14:09:14+00:00","og_image":[{"width":1061,"height":600,"url":"https:\/\/www.fica.unsl.edu.ar\/wp-content\/uploads\/2021\/11\/AUGM-26.jpg","type":"image\/jpeg"}],"author":"DATI","twitter_card":"summary_large_image","twitter_creator":"@FICAUNSL","twitter_site":"@FICAUNSL","twitter_misc":{"Escrito por":"DATI","Tiempo de lectura":"2 minutos"},"schema":{"@context":"https:\/\/schema.org","@graph":[{"@type":"Article","@id":"https:\/\/www.fica.unsl.edu.ar\/index.php\/llamado-a-la-realizacion-de-cursos-de-posgrado-conjunto-entre-universidades-de-augm\/#article","isPartOf":{"@id":"https:\/\/www.fica.unsl.edu.ar\/index.php\/llamado-a-la-realizacion-de-cursos-de-posgrado-conjunto-entre-universidades-de-augm\/"},"author":{"name":"DATI","@id":"https:\/\/www.fica.unsl.edu.ar\/#\/schema\/person\/6058f9c66301868d3a691b1f5d6c3544"},"headline":"Llamado a la realizaci\u00f3n de cursos de posgrado conjunto entre universidades de AUGM","datePublished":"2023-02-03T01:05:50+00:00","dateModified":"2023-02-06T14:09:14+00:00","mainEntityOfPage":{"@id":"https:\/\/www.fica.unsl.edu.ar\/index.php\/llamado-a-la-realizacion-de-cursos-de-posgrado-conjunto-entre-universidades-de-augm\/"},"wordCount":401,"publisher":{"@id":"https:\/\/www.fica.unsl.edu.ar\/#organization"},"image":{"@id":"https:\/\/www.fica.unsl.edu.ar\/index.php\/llamado-a-la-realizacion-de-cursos-de-posgrado-conjunto-entre-universidades-de-augm\/#primaryimage"},"thumbnailUrl":"https:\/\/www.fica.unsl.edu.ar\/wp-content\/uploads\/2021\/11\/AUGM-26.jpg","articleSection":["Noticias"],"inLanguage":"es-AR"},{"@type":"WebPage","@id":"https:\/\/www.fica.unsl.edu.ar\/index.php\/llamado-a-la-realizacion-de-cursos-de-posgrado-conjunto-entre-universidades-de-augm\/","url":"https:\/\/www.fica.unsl.edu.ar\/index.php\/llamado-a-la-realizacion-de-cursos-de-posgrado-conjunto-entre-universidades-de-augm\/","name":"Llamado a la realizaci\u00f3n de cursos de posgrado conjunto entre universidades de AUGM - Facultad de Ingenier\u00eda y Ciencias Agropecuarias","isPartOf":{"@id":"https:\/\/www.fica.unsl.edu.ar\/#website"},"primaryImageOfPage":{"@id":"https:\/\/www.fica.unsl.edu.ar\/index.php\/llamado-a-la-realizacion-de-cursos-de-posgrado-conjunto-entre-universidades-de-augm\/#primaryimage"},"image":{"@id":"https:\/\/www.fica.unsl.edu.ar\/index.php\/llamado-a-la-realizacion-de-cursos-de-posgrado-conjunto-entre-universidades-de-augm\/#primaryimage"},"thumbnailUrl":"https:\/\/www.fica.unsl.edu.ar\/wp-content\/uploads\/2021\/11\/AUGM-26.jpg","datePublished":"2023-02-03T01:05:50+00:00","dateModified":"2023-02-06T14:09:14+00:00","inLanguage":"es-AR","potentialAction":[{"@type":"ReadAction","target":["https:\/\/www.fica.unsl.edu.ar\/index.php\/llamado-a-la-realizacion-de-cursos-de-posgrado-conjunto-entre-universidades-de-augm\/"]}]},{"@type":"ImageObject","inLanguage":"es-AR","@id":"https:\/\/www.fica.unsl.edu.ar\/index.php\/llamado-a-la-realizacion-de-cursos-de-posgrado-conjunto-entre-universidades-de-augm\/#primaryimage","url":"https:\/\/www.fica.unsl.edu.ar\/wp-content\/uploads\/2021\/11\/AUGM-26.jpg","contentUrl":"https:\/\/www.fica.unsl.edu.ar\/wp-content\/uploads\/2021\/11\/AUGM-26.jpg","width":1061,"height":600},{"@type":"WebSite","@id":"https:\/\/www.fica.unsl.edu.ar\/#website","url":"https:\/\/www.fica.unsl.edu.ar\/","name":"Facultad de Ingenier\u00eda y Ciencias Agropecuarias","description":"","publisher":{"@id":"https:\/\/www.fica.unsl.edu.ar\/#organization"},"potentialAction":[{"@type":"SearchAction","target":{"@type":"EntryPoint","urlTemplate":"https:\/\/www.fica.unsl.edu.ar\/?s={search_term_string}"},"query-input":{"@type":"PropertyValueSpecification","valueRequired":true,"valueName":"search_term_string"}}],"inLanguage":"es-AR"},{"@type":"Organization","@id":"https:\/\/www.fica.unsl.edu.ar\/#organization","name":"Facultad de Ingenier\u00eda y Ciencias Agropecuarias","url":"https:\/\/www.fica.unsl.edu.ar\/","logo":{"@type":"ImageObject","inLanguage":"es-AR","@id":"https:\/\/www.fica.unsl.edu.ar\/#\/schema\/logo\/image\/","url":"https:\/\/www.fica.unsl.edu.ar\/wp-content\/uploads\/2021\/03\/LOGO-1.jpg","contentUrl":"https:\/\/www.fica.unsl.edu.ar\/wp-content\/uploads\/2021\/03\/LOGO-1.jpg","width":463,"height":145,"caption":"Facultad de Ingenier\u00eda y Ciencias Agropecuarias"},"image":{"@id":"https:\/\/www.fica.unsl.edu.ar\/#\/schema\/logo\/image\/"},"sameAs":["https:\/\/www.facebook.com\/FICA.UNSL\/","https:\/\/x.com\/FICAUNSL","https:\/\/www.instagram.com\/fica.unsl\/","https:\/\/www.youtube.com\/channel\/UCs2MM53gb2PyBrMySdtWZDQ"]},{"@type":"Person","@id":"https:\/\/www.fica.unsl.edu.ar\/#\/schema\/person\/6058f9c66301868d3a691b1f5d6c3544","name":"DATI"}]}},"_links":{"self":[{"href":"https:\/\/www.fica.unsl.edu.ar\/index.php\/wp-json\/wp\/v2\/posts\/12233","targetHints":{"allow":["GET"]}}],"collection":[{"href":"https:\/\/www.fica.unsl.edu.ar\/index.php\/wp-json\/wp\/v2\/posts"}],"about":[{"href":"https:\/\/www.fica.unsl.edu.ar\/index.php\/wp-json\/wp\/v2\/types\/post"}],"author":[{"embeddable":true,"href":"https:\/\/www.fica.unsl.edu.ar\/index.php\/wp-json\/wp\/v2\/users\/9"}],"replies":[{"embeddable":true,"href":"https:\/\/www.fica.unsl.edu.ar\/index.php\/wp-json\/wp\/v2\/comments?post=12233"}],"version-history":[{"count":1,"href":"https:\/\/www.fica.unsl.edu.ar\/index.php\/wp-json\/wp\/v2\/posts\/12233\/revisions"}],"predecessor-version":[{"id":12234,"href":"https:\/\/www.fica.unsl.edu.ar\/index.php\/wp-json\/wp\/v2\/posts\/12233\/revisions\/12234"}],"wp:featuredmedia":[{"embeddable":true,"href":"https:\/\/www.fica.unsl.edu.ar\/index.php\/wp-json\/wp\/v2\/media\/7525"}],"wp:attachment":[{"href":"https:\/\/www.fica.unsl.edu.ar\/index.php\/wp-json\/wp\/v2\/media?parent=12233"}],"wp:term":[{"taxonomy":"category","embeddable":true,"href":"https:\/\/www.fica.unsl.edu.ar\/index.php\/wp-json\/wp\/v2\/categories?post=12233"},{"taxonomy":"post_tag","embeddable":true,"href":"https:\/\/www.fica.unsl.edu.ar\/index.php\/wp-json\/wp\/v2\/tags?post=12233"}],"curies":[{"name":"wp","href":"https:\/\/api.w.org\/{rel}","templated":true}]}}