{"id":12241,"date":"2023-02-05T10:15:19","date_gmt":"2023-02-05T13:15:19","guid":{"rendered":"http:\/\/10.101.10.196\/www\/?p=12241"},"modified":"2023-02-14T09:35:05","modified_gmt":"2023-02-14T12:35:05","slug":"mas-de-2000-ingresantes-vivieron-la-fiesta-estudiantil-en-san-luis","status":"publish","type":"post","link":"https:\/\/www.fica.unsl.edu.ar\/index.php\/mas-de-2000-ingresantes-vivieron-la-fiesta-estudiantil-en-san-luis\/","title":{"rendered":"M\u00e1s de 2000 ingresantes vivieron la fiesta estudiantil en San Luis"},"content":{"rendered":"<p><strong>La Universidad Nacional de San Luis (UNSL) recibi\u00f3 a sus ingresantes este lunes 6 de febrero en la sede San Luis. El evento se realiz\u00f3 con un corte de calles y convoc\u00f3 a miles de personas que recorrieron stands informativos y vivieron la fiesta universitaria preparada para recibir a ingresantes de cinco (5) facultades situadas en esta ciudad. <\/strong>En las sedes <strong>Villa Mercedes<\/strong> y Villa de Merlo el <strong>acto de bienvenida<\/strong> se realizar\u00e1 <strong>el pr\u00f3ximo lunes 13 de febrero.<\/strong><\/p>\n<p>Las actividades comenzaron a las 18:00 horas. La log\u00edstica implic\u00f3 el corte de calles en Avenida Espa\u00f1a y San Mart\u00edn, y calle Italia y Avenida Ej\u00e9rcito de los Andes. Las Unidades Acad\u00e9micas presentaron su propuesta acad\u00e9mica en stands. Tambi\u00e9n se inform\u00f3 sobre becas universitarias, deportes, canales de comunicaci\u00f3n institucionales, redes sociales oficiales, entre otros.<\/p>\n<figure class=\"wp-block-image\"><img decoding=\"async\" class=\"wp-image-78377\" src=\"https:\/\/www.noticias.unsl.edu.ar\/wp-content\/uploads\/2023\/02\/230206-Ingreso-UNSL-47-de-61-47.jpg\" sizes=\"(max-width: 1000px) 100vw, 1000px\" srcset=\"https:\/\/www.noticias.unsl.edu.ar\/wp-content\/uploads\/2023\/02\/230206-Ingreso-UNSL-47-de-61-47.jpg 1000w, https:\/\/www.noticias.unsl.edu.ar\/wp-content\/uploads\/2023\/02\/230206-Ingreso-UNSL-47-de-61-47-300x200.jpg 300w\" alt=\"\" \/><\/figure>\n<p>El evento cont\u00f3 con un escenario central en la explanada del Rectorado. Abri\u00f3 el acto las palabras del rector de la UNSL, C.P.N. V\u00edctor Mori\u00f1igo quien dio un mensaje de lo que significa para la Universidad recibir hoy a estudiantes a compartir con la UNSL el futuro de sus vidas.\u00a0<em>\u00abQuiero decirles que ojala encontremos r\u00e1pido y juntos el camino de todos ustedes de cara al futuro de lo que vienen a buscar a nivel disciplinar con la carrera que han elegido (\u2026) Nuestro compromiso es formarlos en la cuesti\u00f3n \u00e9tica, en la vida ciudadana y como personas, formarse en el esp\u00edritu cr\u00edtico y salir de aqu\u00ed como ciudadanos con valores\u00bb<\/em>, dijo.<\/p>\n<p>El Rector invit\u00f3 a subir al escenario a decanos y decanas. Luego lo hicieron las autoridades de las secretar\u00edas acad\u00e9micas de Rectorado y Facultades, y realiz\u00f3 diferentes sorteos entre los estudiantes del p\u00fablico.<\/p>\n<figure class=\"wp-block-image\"><img decoding=\"async\" class=\"wp-image-78378\" src=\"https:\/\/www.noticias.unsl.edu.ar\/wp-content\/uploads\/2023\/02\/230206-Ingreso-UNSL-53-de-61-53.jpg\" sizes=\"(max-width: 1000px) 100vw, 1000px\" srcset=\"https:\/\/www.noticias.unsl.edu.ar\/wp-content\/uploads\/2023\/02\/230206-Ingreso-UNSL-53-de-61-53.jpg 1000w, https:\/\/www.noticias.unsl.edu.ar\/wp-content\/uploads\/2023\/02\/230206-Ingreso-UNSL-53-de-61-53-300x200.jpg 300w\" alt=\"\" \/><\/figure>\n<p>Hoy, transitando el camino a los 50 a\u00f1os de su creaci\u00f3n, la prestigiosa Instituci\u00f3n sigue trabajando en brindar nuevas herramientas que fortalezcan y acompa\u00f1en al crecimiento del pa\u00eds impulsando a los futuros profesionales a crear y transferir conocimiento, y tambi\u00e9n a adaptarse a las nuevas tecnolog\u00edas y a la ciencia.<\/p>\n<p><em>\u00abEl personal docente y nodocente nos hace una Universidad distintiva, una Universidad que todav\u00eda conoce y reconoce a los estudiantes por su nombre y una Universidad que en el \u00e1mbito p\u00fablico y privado de la educaci\u00f3n superior siempre est\u00e1 en los primeros lugares de los ranking, pero sin embargo hay cosas que los ranking no miden y es el valor social que tienen los que nos elijen\u00bb<\/em>, sostuvo.<\/p>\n<figure class=\"wp-block-image\"><img decoding=\"async\" class=\"wp-image-78373\" src=\"https:\/\/www.noticias.unsl.edu.ar\/wp-content\/uploads\/2023\/02\/230206-Ingreso-UNSL-13-de-61-13.jpg\" sizes=\"(max-width: 1000px) 100vw, 1000px\" srcset=\"https:\/\/www.noticias.unsl.edu.ar\/wp-content\/uploads\/2023\/02\/230206-Ingreso-UNSL-13-de-61-13.jpg 1000w, https:\/\/www.noticias.unsl.edu.ar\/wp-content\/uploads\/2023\/02\/230206-Ingreso-UNSL-13-de-61-13-300x200.jpg 300w\" alt=\"\" \/><\/figure>\n<p>El discurso del Rector estuvo acompa\u00f1ado por un interprete de lenguas de se\u00f1as. Luego de la bienvenida oficial toc\u00f3 la banda\u00a0<em>Los Manyines de Cuyo<\/em>\u00a0que levant\u00f3 el fervor estudiantil y cerr\u00f3 el evento.<\/p>\n<p><strong>Dato<\/strong><\/p>\n<p>En las sedes Villa Mercedes y Villa de Merlo el acto de bienvenida se realizar\u00e1 el pr\u00f3ximo lunes 13 de febrero.<\/p>\n<p>Fuente: <strong>Prensa Rectorado<\/strong><\/p>\n","protected":false},"excerpt":{"rendered":"<p>La Universidad Nacional de San Luis (UNSL) recibi\u00f3 a sus ingresantes este lunes 6 de febrero en la sede San Luis. El evento se realiz\u00f3&hellip;<\/p>\n","protected":false},"author":9,"featured_media":12242,"comment_status":"closed","ping_status":"closed","sticky":false,"template":"","format":"standard","meta":{"_monsterinsights_skip_tracking":false,"_monsterinsights_sitenote_active":false,"_monsterinsights_sitenote_note":"","_monsterinsights_sitenote_category":0,"_joinchat":[],"footnotes":""},"categories":[19],"tags":[],"class_list":["post-12241","post","type-post","status-publish","format-standard","has-post-thumbnail","hentry","category-noticias"],"yoast_head":"<!-- This site is optimized with the Yoast SEO plugin v27.4 - https:\/\/yoast.com\/product\/yoast-seo-wordpress\/ -->\n<title>M\u00e1s de 2000 ingresantes vivieron la fiesta estudiantil en San Luis - Facultad de Ingenier\u00eda y Ciencias Agropecuarias<\/title>\n<meta name=\"robots\" content=\"index, follow, max-snippet:-1, max-image-preview:large, max-video-preview:-1\" \/>\n<link rel=\"canonical\" href=\"https:\/\/www.fica.unsl.edu.ar\/index.php\/mas-de-2000-ingresantes-vivieron-la-fiesta-estudiantil-en-san-luis\/\" \/>\n<meta property=\"og:locale\" content=\"es_ES\" \/>\n<meta property=\"og:type\" content=\"article\" \/>\n<meta property=\"og:title\" content=\"M\u00e1s de 2000 ingresantes vivieron la fiesta estudiantil en San Luis - Facultad de Ingenier\u00eda y Ciencias Agropecuarias\" \/>\n<meta property=\"og:description\" content=\"La Universidad Nacional de San Luis (UNSL) recibi\u00f3 a sus ingresantes este lunes 6 de febrero en la sede San Luis. El evento se realiz\u00f3&hellip;\" \/>\n<meta property=\"og:url\" content=\"https:\/\/www.fica.unsl.edu.ar\/index.php\/mas-de-2000-ingresantes-vivieron-la-fiesta-estudiantil-en-san-luis\/\" \/>\n<meta property=\"og:site_name\" content=\"Facultad de Ingenier\u00eda y Ciencias Agropecuarias\" \/>\n<meta property=\"article:publisher\" content=\"https:\/\/www.facebook.com\/FICA.UNSL\/\" \/>\n<meta property=\"article:published_time\" content=\"2023-02-05T13:15:19+00:00\" \/>\n<meta property=\"article:modified_time\" content=\"2023-02-14T12:35:05+00:00\" \/>\n<meta property=\"og:image\" content=\"https:\/\/www.fica.unsl.edu.ar\/wp-content\/uploads\/2023\/02\/bienvenida-unsl-fica-front.jpg\" \/>\n\t<meta property=\"og:image:width\" content=\"1061\" \/>\n\t<meta property=\"og:image:height\" content=\"585\" \/>\n\t<meta property=\"og:image:type\" content=\"image\/jpeg\" \/>\n<meta name=\"author\" content=\"DATI\" \/>\n<meta name=\"twitter:card\" content=\"summary_large_image\" \/>\n<meta name=\"twitter:creator\" content=\"@FICAUNSL\" \/>\n<meta name=\"twitter:site\" content=\"@FICAUNSL\" \/>\n<meta name=\"twitter:label1\" content=\"Escrito por\" \/>\n\t<meta name=\"twitter:data1\" content=\"DATI\" \/>\n\t<meta name=\"twitter:label2\" content=\"Tiempo de lectura\" \/>\n\t<meta name=\"twitter:data2\" content=\"3 minutos\" \/>\n<script type=\"application\/ld+json\" class=\"yoast-schema-graph\">{\"@context\":\"https:\\\/\\\/schema.org\",\"@graph\":[{\"@type\":\"Article\",\"@id\":\"https:\\\/\\\/www.fica.unsl.edu.ar\\\/index.php\\\/mas-de-2000-ingresantes-vivieron-la-fiesta-estudiantil-en-san-luis\\\/#article\",\"isPartOf\":{\"@id\":\"https:\\\/\\\/www.fica.unsl.edu.ar\\\/index.php\\\/mas-de-2000-ingresantes-vivieron-la-fiesta-estudiantil-en-san-luis\\\/\"},\"author\":{\"name\":\"DATI\",\"@id\":\"https:\\\/\\\/www.fica.unsl.edu.ar\\\/#\\\/schema\\\/person\\\/6058f9c66301868d3a691b1f5d6c3544\"},\"headline\":\"M\u00e1s de 2000 ingresantes vivieron la fiesta estudiantil en San Luis\",\"datePublished\":\"2023-02-05T13:15:19+00:00\",\"dateModified\":\"2023-02-14T12:35:05+00:00\",\"mainEntityOfPage\":{\"@id\":\"https:\\\/\\\/www.fica.unsl.edu.ar\\\/index.php\\\/mas-de-2000-ingresantes-vivieron-la-fiesta-estudiantil-en-san-luis\\\/\"},\"wordCount\":492,\"publisher\":{\"@id\":\"https:\\\/\\\/www.fica.unsl.edu.ar\\\/#organization\"},\"image\":{\"@id\":\"https:\\\/\\\/www.fica.unsl.edu.ar\\\/index.php\\\/mas-de-2000-ingresantes-vivieron-la-fiesta-estudiantil-en-san-luis\\\/#primaryimage\"},\"thumbnailUrl\":\"https:\\\/\\\/www.fica.unsl.edu.ar\\\/wp-content\\\/uploads\\\/2023\\\/02\\\/bienvenida-unsl-fica-front.jpg\",\"articleSection\":[\"Noticias\"],\"inLanguage\":\"es-AR\"},{\"@type\":\"WebPage\",\"@id\":\"https:\\\/\\\/www.fica.unsl.edu.ar\\\/index.php\\\/mas-de-2000-ingresantes-vivieron-la-fiesta-estudiantil-en-san-luis\\\/\",\"url\":\"https:\\\/\\\/www.fica.unsl.edu.ar\\\/index.php\\\/mas-de-2000-ingresantes-vivieron-la-fiesta-estudiantil-en-san-luis\\\/\",\"name\":\"M\u00e1s de 2000 ingresantes vivieron la fiesta estudiantil en San Luis - Facultad de Ingenier\u00eda y Ciencias Agropecuarias\",\"isPartOf\":{\"@id\":\"https:\\\/\\\/www.fica.unsl.edu.ar\\\/#website\"},\"primaryImageOfPage\":{\"@id\":\"https:\\\/\\\/www.fica.unsl.edu.ar\\\/index.php\\\/mas-de-2000-ingresantes-vivieron-la-fiesta-estudiantil-en-san-luis\\\/#primaryimage\"},\"image\":{\"@id\":\"https:\\\/\\\/www.fica.unsl.edu.ar\\\/index.php\\\/mas-de-2000-ingresantes-vivieron-la-fiesta-estudiantil-en-san-luis\\\/#primaryimage\"},\"thumbnailUrl\":\"https:\\\/\\\/www.fica.unsl.edu.ar\\\/wp-content\\\/uploads\\\/2023\\\/02\\\/bienvenida-unsl-fica-front.jpg\",\"datePublished\":\"2023-02-05T13:15:19+00:00\",\"dateModified\":\"2023-02-14T12:35:05+00:00\",\"inLanguage\":\"es-AR\",\"potentialAction\":[{\"@type\":\"ReadAction\",\"target\":[\"https:\\\/\\\/www.fica.unsl.edu.ar\\\/index.php\\\/mas-de-2000-ingresantes-vivieron-la-fiesta-estudiantil-en-san-luis\\\/\"]}]},{\"@type\":\"ImageObject\",\"inLanguage\":\"es-AR\",\"@id\":\"https:\\\/\\\/www.fica.unsl.edu.ar\\\/index.php\\\/mas-de-2000-ingresantes-vivieron-la-fiesta-estudiantil-en-san-luis\\\/#primaryimage\",\"url\":\"https:\\\/\\\/www.fica.unsl.edu.ar\\\/wp-content\\\/uploads\\\/2023\\\/02\\\/bienvenida-unsl-fica-front.jpg\",\"contentUrl\":\"https:\\\/\\\/www.fica.unsl.edu.ar\\\/wp-content\\\/uploads\\\/2023\\\/02\\\/bienvenida-unsl-fica-front.jpg\",\"width\":1061,\"height\":585},{\"@type\":\"WebSite\",\"@id\":\"https:\\\/\\\/www.fica.unsl.edu.ar\\\/#website\",\"url\":\"https:\\\/\\\/www.fica.unsl.edu.ar\\\/\",\"name\":\"Facultad de Ingenier\u00eda y Ciencias Agropecuarias\",\"description\":\"\",\"publisher\":{\"@id\":\"https:\\\/\\\/www.fica.unsl.edu.ar\\\/#organization\"},\"potentialAction\":[{\"@type\":\"SearchAction\",\"target\":{\"@type\":\"EntryPoint\",\"urlTemplate\":\"https:\\\/\\\/www.fica.unsl.edu.ar\\\/?s={search_term_string}\"},\"query-input\":{\"@type\":\"PropertyValueSpecification\",\"valueRequired\":true,\"valueName\":\"search_term_string\"}}],\"inLanguage\":\"es-AR\"},{\"@type\":\"Organization\",\"@id\":\"https:\\\/\\\/www.fica.unsl.edu.ar\\\/#organization\",\"name\":\"Facultad de Ingenier\u00eda y Ciencias Agropecuarias\",\"url\":\"https:\\\/\\\/www.fica.unsl.edu.ar\\\/\",\"logo\":{\"@type\":\"ImageObject\",\"inLanguage\":\"es-AR\",\"@id\":\"https:\\\/\\\/www.fica.unsl.edu.ar\\\/#\\\/schema\\\/logo\\\/image\\\/\",\"url\":\"https:\\\/\\\/www.fica.unsl.edu.ar\\\/wp-content\\\/uploads\\\/2021\\\/03\\\/LOGO-1.jpg\",\"contentUrl\":\"https:\\\/\\\/www.fica.unsl.edu.ar\\\/wp-content\\\/uploads\\\/2021\\\/03\\\/LOGO-1.jpg\",\"width\":463,\"height\":145,\"caption\":\"Facultad de Ingenier\u00eda y Ciencias Agropecuarias\"},\"image\":{\"@id\":\"https:\\\/\\\/www.fica.unsl.edu.ar\\\/#\\\/schema\\\/logo\\\/image\\\/\"},\"sameAs\":[\"https:\\\/\\\/www.facebook.com\\\/FICA.UNSL\\\/\",\"https:\\\/\\\/x.com\\\/FICAUNSL\",\"https:\\\/\\\/www.instagram.com\\\/fica.unsl\\\/\",\"https:\\\/\\\/www.youtube.com\\\/channel\\\/UCs2MM53gb2PyBrMySdtWZDQ\"]},{\"@type\":\"Person\",\"@id\":\"https:\\\/\\\/www.fica.unsl.edu.ar\\\/#\\\/schema\\\/person\\\/6058f9c66301868d3a691b1f5d6c3544\",\"name\":\"DATI\"}]}<\/script>\n<!-- \/ Yoast SEO plugin. -->","yoast_head_json":{"title":"M\u00e1s de 2000 ingresantes vivieron la fiesta estudiantil en San Luis - Facultad de Ingenier\u00eda y Ciencias Agropecuarias","robots":{"index":"index","follow":"follow","max-snippet":"max-snippet:-1","max-image-preview":"max-image-preview:large","max-video-preview":"max-video-preview:-1"},"canonical":"https:\/\/www.fica.unsl.edu.ar\/index.php\/mas-de-2000-ingresantes-vivieron-la-fiesta-estudiantil-en-san-luis\/","og_locale":"es_ES","og_type":"article","og_title":"M\u00e1s de 2000 ingresantes vivieron la fiesta estudiantil en San Luis - Facultad de Ingenier\u00eda y Ciencias Agropecuarias","og_description":"La Universidad Nacional de San Luis (UNSL) recibi\u00f3 a sus ingresantes este lunes 6 de febrero en la sede San Luis. El evento se realiz\u00f3&hellip;","og_url":"https:\/\/www.fica.unsl.edu.ar\/index.php\/mas-de-2000-ingresantes-vivieron-la-fiesta-estudiantil-en-san-luis\/","og_site_name":"Facultad de Ingenier\u00eda y Ciencias Agropecuarias","article_publisher":"https:\/\/www.facebook.com\/FICA.UNSL\/","article_published_time":"2023-02-05T13:15:19+00:00","article_modified_time":"2023-02-14T12:35:05+00:00","og_image":[{"width":1061,"height":585,"url":"https:\/\/www.fica.unsl.edu.ar\/wp-content\/uploads\/2023\/02\/bienvenida-unsl-fica-front.jpg","type":"image\/jpeg"}],"author":"DATI","twitter_card":"summary_large_image","twitter_creator":"@FICAUNSL","twitter_site":"@FICAUNSL","twitter_misc":{"Escrito por":"DATI","Tiempo de lectura":"3 minutos"},"schema":{"@context":"https:\/\/schema.org","@graph":[{"@type":"Article","@id":"https:\/\/www.fica.unsl.edu.ar\/index.php\/mas-de-2000-ingresantes-vivieron-la-fiesta-estudiantil-en-san-luis\/#article","isPartOf":{"@id":"https:\/\/www.fica.unsl.edu.ar\/index.php\/mas-de-2000-ingresantes-vivieron-la-fiesta-estudiantil-en-san-luis\/"},"author":{"name":"DATI","@id":"https:\/\/www.fica.unsl.edu.ar\/#\/schema\/person\/6058f9c66301868d3a691b1f5d6c3544"},"headline":"M\u00e1s de 2000 ingresantes vivieron la fiesta estudiantil en San Luis","datePublished":"2023-02-05T13:15:19+00:00","dateModified":"2023-02-14T12:35:05+00:00","mainEntityOfPage":{"@id":"https:\/\/www.fica.unsl.edu.ar\/index.php\/mas-de-2000-ingresantes-vivieron-la-fiesta-estudiantil-en-san-luis\/"},"wordCount":492,"publisher":{"@id":"https:\/\/www.fica.unsl.edu.ar\/#organization"},"image":{"@id":"https:\/\/www.fica.unsl.edu.ar\/index.php\/mas-de-2000-ingresantes-vivieron-la-fiesta-estudiantil-en-san-luis\/#primaryimage"},"thumbnailUrl":"https:\/\/www.fica.unsl.edu.ar\/wp-content\/uploads\/2023\/02\/bienvenida-unsl-fica-front.jpg","articleSection":["Noticias"],"inLanguage":"es-AR"},{"@type":"WebPage","@id":"https:\/\/www.fica.unsl.edu.ar\/index.php\/mas-de-2000-ingresantes-vivieron-la-fiesta-estudiantil-en-san-luis\/","url":"https:\/\/www.fica.unsl.edu.ar\/index.php\/mas-de-2000-ingresantes-vivieron-la-fiesta-estudiantil-en-san-luis\/","name":"M\u00e1s de 2000 ingresantes vivieron la fiesta estudiantil en San Luis - Facultad de Ingenier\u00eda y Ciencias Agropecuarias","isPartOf":{"@id":"https:\/\/www.fica.unsl.edu.ar\/#website"},"primaryImageOfPage":{"@id":"https:\/\/www.fica.unsl.edu.ar\/index.php\/mas-de-2000-ingresantes-vivieron-la-fiesta-estudiantil-en-san-luis\/#primaryimage"},"image":{"@id":"https:\/\/www.fica.unsl.edu.ar\/index.php\/mas-de-2000-ingresantes-vivieron-la-fiesta-estudiantil-en-san-luis\/#primaryimage"},"thumbnailUrl":"https:\/\/www.fica.unsl.edu.ar\/wp-content\/uploads\/2023\/02\/bienvenida-unsl-fica-front.jpg","datePublished":"2023-02-05T13:15:19+00:00","dateModified":"2023-02-14T12:35:05+00:00","inLanguage":"es-AR","potentialAction":[{"@type":"ReadAction","target":["https:\/\/www.fica.unsl.edu.ar\/index.php\/mas-de-2000-ingresantes-vivieron-la-fiesta-estudiantil-en-san-luis\/"]}]},{"@type":"ImageObject","inLanguage":"es-AR","@id":"https:\/\/www.fica.unsl.edu.ar\/index.php\/mas-de-2000-ingresantes-vivieron-la-fiesta-estudiantil-en-san-luis\/#primaryimage","url":"https:\/\/www.fica.unsl.edu.ar\/wp-content\/uploads\/2023\/02\/bienvenida-unsl-fica-front.jpg","contentUrl":"https:\/\/www.fica.unsl.edu.ar\/wp-content\/uploads\/2023\/02\/bienvenida-unsl-fica-front.jpg","width":1061,"height":585},{"@type":"WebSite","@id":"https:\/\/www.fica.unsl.edu.ar\/#website","url":"https:\/\/www.fica.unsl.edu.ar\/","name":"Facultad de Ingenier\u00eda y Ciencias Agropecuarias","description":"","publisher":{"@id":"https:\/\/www.fica.unsl.edu.ar\/#organization"},"potentialAction":[{"@type":"SearchAction","target":{"@type":"EntryPoint","urlTemplate":"https:\/\/www.fica.unsl.edu.ar\/?s={search_term_string}"},"query-input":{"@type":"PropertyValueSpecification","valueRequired":true,"valueName":"search_term_string"}}],"inLanguage":"es-AR"},{"@type":"Organization","@id":"https:\/\/www.fica.unsl.edu.ar\/#organization","name":"Facultad de Ingenier\u00eda y Ciencias Agropecuarias","url":"https:\/\/www.fica.unsl.edu.ar\/","logo":{"@type":"ImageObject","inLanguage":"es-AR","@id":"https:\/\/www.fica.unsl.edu.ar\/#\/schema\/logo\/image\/","url":"https:\/\/www.fica.unsl.edu.ar\/wp-content\/uploads\/2021\/03\/LOGO-1.jpg","contentUrl":"https:\/\/www.fica.unsl.edu.ar\/wp-content\/uploads\/2021\/03\/LOGO-1.jpg","width":463,"height":145,"caption":"Facultad de Ingenier\u00eda y Ciencias Agropecuarias"},"image":{"@id":"https:\/\/www.fica.unsl.edu.ar\/#\/schema\/logo\/image\/"},"sameAs":["https:\/\/www.facebook.com\/FICA.UNSL\/","https:\/\/x.com\/FICAUNSL","https:\/\/www.instagram.com\/fica.unsl\/","https:\/\/www.youtube.com\/channel\/UCs2MM53gb2PyBrMySdtWZDQ"]},{"@type":"Person","@id":"https:\/\/www.fica.unsl.edu.ar\/#\/schema\/person\/6058f9c66301868d3a691b1f5d6c3544","name":"DATI"}]}},"_links":{"self":[{"href":"https:\/\/www.fica.unsl.edu.ar\/index.php\/wp-json\/wp\/v2\/posts\/12241","targetHints":{"allow":["GET"]}}],"collection":[{"href":"https:\/\/www.fica.unsl.edu.ar\/index.php\/wp-json\/wp\/v2\/posts"}],"about":[{"href":"https:\/\/www.fica.unsl.edu.ar\/index.php\/wp-json\/wp\/v2\/types\/post"}],"author":[{"embeddable":true,"href":"https:\/\/www.fica.unsl.edu.ar\/index.php\/wp-json\/wp\/v2\/users\/9"}],"replies":[{"embeddable":true,"href":"https:\/\/www.fica.unsl.edu.ar\/index.php\/wp-json\/wp\/v2\/comments?post=12241"}],"version-history":[{"count":1,"href":"https:\/\/www.fica.unsl.edu.ar\/index.php\/wp-json\/wp\/v2\/posts\/12241\/revisions"}],"predecessor-version":[{"id":12243,"href":"https:\/\/www.fica.unsl.edu.ar\/index.php\/wp-json\/wp\/v2\/posts\/12241\/revisions\/12243"}],"wp:featuredmedia":[{"embeddable":true,"href":"https:\/\/www.fica.unsl.edu.ar\/index.php\/wp-json\/wp\/v2\/media\/12242"}],"wp:attachment":[{"href":"https:\/\/www.fica.unsl.edu.ar\/index.php\/wp-json\/wp\/v2\/media?parent=12241"}],"wp:term":[{"taxonomy":"category","embeddable":true,"href":"https:\/\/www.fica.unsl.edu.ar\/index.php\/wp-json\/wp\/v2\/categories?post=12241"},{"taxonomy":"post_tag","embeddable":true,"href":"https:\/\/www.fica.unsl.edu.ar\/index.php\/wp-json\/wp\/v2\/tags?post=12241"}],"curies":[{"name":"wp","href":"https:\/\/api.w.org\/{rel}","templated":true}]}}