{"id":12247,"date":"2023-02-04T10:54:48","date_gmt":"2023-02-04T13:54:48","guid":{"rendered":"http:\/\/10.101.10.196\/www\/?p=12247"},"modified":"2023-02-08T10:57:30","modified_gmt":"2023-02-08T13:57:30","slug":"inscripciones-para-cursos-de-capacitacion-docente","status":"publish","type":"post","link":"https:\/\/www.fica.unsl.edu.ar\/index.php\/inscripciones-para-cursos-de-capacitacion-docente\/","title":{"rendered":"Inscripciones para cursos de capacitaci\u00f3n docente"},"content":{"rendered":"<p>Actualmente se encuentran abiertas las inscripciones a <strong>11 cursos virtuales de Capacitaci\u00f3n Docente<\/strong>, que la <strong>UNSL<\/strong> comenzar\u00e1 a <strong>dictar<\/strong> a fines de febrero con la aprobaci\u00f3n del <strong>Instituto Nacional de Formaci\u00f3n Docente (INFoD)<\/strong>. Los mismos ser\u00e1n <strong>gratuitos<\/strong> y destinados a <strong>educadores de nivel inicial, primario, secundario y superior<\/strong>. Se otorgar\u00e1 certificaci\u00f3n.<\/p>\n<p>La propuesta se conforma de la siguiente manera:<\/p>\n<p><strong>Inclusi\u00f3n: construir propuestas educativas para tod@s<\/strong><br \/>\nDestinado a docentes de nivel\u00a0 inicial, primario y secundario.<br \/>\nInscripci\u00f3n hasta el 26 de febrero. Inicia el 1 de marzo.<br \/>\nPor consultas escribir al siguiente mail:\u00a0<a href=\"https:\/\/ammasi@unsl.edu.ar\/\">ammasi@unsl.edu.ar<\/a><br \/>\nM\u00e1s informaci\u00f3n e inscripci\u00f3n en el siguiente\u00a0<a href=\"https:\/\/nuestraescuela.infd.edu.ar\/catalogo.cgi?wAccion=oferta_view&amp;oferta_id=237\">enlace<\/a>.<\/p>\n<p><strong>Gamificaci\u00f3n: herramientas digitales para aprender jugando<\/strong><br \/>\nDestinado a docentes de nivel primario, secundario y superior.<br \/>\nInscripci\u00f3n hasta el 16 de febrero. Inicia el 22 de febrero.<br \/>\nPor consultas escribir al siguiente mail:\u00a0<a href=\"https:\/\/www.noticias.unsl.edu.ar\/08\/02\/2023\/inscripciones-para-cursos-de-capacitacion-docente\/mdeluca@email.unsl.edu.ar\">mdeluca@email.unsl.edu.ar<\/a><br \/>\nM\u00e1s informaci\u00f3n e inscripci\u00f3n en el siguiente\u00a0<a href=\"https:\/\/nuestraescuela.infd.edu.ar\/catalogo.cgi?wAccion=oferta_view&amp;oferta_id=238\">enlace<\/a>.<\/p>\n<p><strong>Dise\u00f1o y elaboraci\u00f3n de recursos educativos digitales abiertos y accesibles<\/strong><br \/>\nDestinado a docentes de nivel inicial, primario, secundario y superior.<br \/>\nInscripci\u00f3n hasta el 27 de marzo. Inicia el 1 de abril.<br \/>\nPor consultas escribir al siguiente mail:\u00a0<a href=\"mailto:mezuniga@email.unsl.edu.ar,\">mezuniga@email.unsl.edu.ar<\/a><br \/>\nM\u00e1s informaci\u00f3n e inscripci\u00f3n en el siguiente\u00a0<a href=\"https:\/\/nuestraescuela.infd.edu.ar\/catalogo.cgi?wAccion=oferta_view&amp;oferta_id=239\">enlace<\/a>.<\/p>\n<p><strong>Investigar las pr\u00e1cticas docentes<br \/>\n<\/strong>Destinado a docentes de nivel superior.<br \/>\nInscripci\u00f3n hasta el 27 de marzo. Inicia el 3 de abril.<br \/>\nPor consultas escribir al siguiente mail:\u00a0<a href=\"mailto:mezuniga@email.unsl.edu.ar,\">mezuniga@email.unsl.edu.ar<\/a><br \/>\nM\u00e1s informaci\u00f3n e inscripci\u00f3n en el siguiente\u00a0<a href=\"https:\/\/nuestraescuela.infd.edu.ar\/catalogo.cgi?wAccion=oferta_view&amp;oferta_id=240\">enlace<\/a>.<\/p>\n<p><strong>Habilidades comunicativas como facilitadoras del aprendizaje de la lectura y escritura<\/strong><br \/>\nDestinado a docentes de nivel inicial y primario.<br \/>\nInscripci\u00f3n hasta el 2 de marzo. Inicia el 6 de marzo.<br \/>\nPor consultas escribir al siguiente mail:\u00a0<a href=\"mailto:mezuniga@email.unsl.edu.ar,\">dluengo@email.unsl.edu.ar\u200b<\/a><br \/>\nM\u00e1s informaci\u00f3n e inscripci\u00f3n en el siguiente\u00a0<a href=\"https:\/\/nuestraescuela.infd.edu.ar\/catalogo.cgi?wAccion=oferta_view&amp;oferta_id=241\">enlace<\/a>.<\/p>\n<figure><\/figure>\n<p><strong>Medio ambiente y educaci\u00f3n ambiental un abordaje conceptual. Implicancias y derivaciones did\u00e1cticas<\/strong><br \/>\nDestinado a docentes de nivel inicial y primario.<br \/>\nInscripci\u00f3n hasta el 15 de febrero. Inicia el 20 de febrero.<br \/>\nPor consultas escribir al siguiente mail:\u00a0<a href=\"mailto:mezuniga@email.unsl.edu.ar,\">cortiz@email.unsl.edu.ar<\/a><br \/>\nM\u00e1s informaci\u00f3n e inscripci\u00f3n en el siguiente\u00a0<a href=\"https:\/\/nuestraescuela.infd.edu.ar\/catalogo.cgi?wAccion=oferta_view&amp;oferta_id=242\">enlace<\/a>.<\/p>\n<p><strong>Pensar la escuela secundaria despu\u00e9s de la pandemia. Construcci\u00f3n de propuestas de intervenci\u00f3n situadas<\/strong><br \/>\nDestinado a docentes de nivel secundario.<br \/>\nInscripci\u00f3n hasta el 15 de marzo. Inicia el 20 de marzo.<br \/>\nPor consultas escribir al siguiente mail:\u00a0<a href=\"mailto:mezuniga@email.unsl.edu.ar,\">programanuestraescuelasanluis@gmail.com<\/a><br \/>\nM\u00e1s informaci\u00f3n e inscripci\u00f3n en el siguiente\u00a0<a href=\"https:\/\/nuestraescuela.infd.edu.ar\/catalogo.cgi?wAccion=oferta_view&amp;oferta_id=243\">enlace<\/a>.<\/p>\n<p><strong>Estrategias colectivas para la accesibilidad en el espacio educativo<br \/>\n<\/strong>Destinado a docentes de nivel inicial, primario, secundario y superior.<br \/>\nInscripci\u00f3n hasta el 31 de marzo. Inicia el 5 de abril.<br \/>\nPor consultas escribir al siguiente mail:\u00a0<a href=\"mailto:mezuniga@email.unsl.edu.ar,\">mezuniga@email.unsl.edu.ar<\/a><br \/>\nM\u00e1s informaci\u00f3n e inscripci\u00f3n en el siguiente\u00a0<a href=\"https:\/\/nuestraescuela.infd.edu.ar\/catalogo.cgi?wAccion=oferta_view&amp;oferta_id=244\">enlace<\/a>.<\/p>\n<p><strong>Programaci\u00f3n para el desarrollo de habilidades del pensamiento<\/strong><br \/>\nDestinado a docentes de nivel primario y secundario.<br \/>\nInscripci\u00f3n hasta el 15 de marzo. Inicia el 20 de marzo.<br \/>\nPor consultas escribir al siguiente mail:\u00a0<a href=\"mailto:mezuniga@email.unsl.edu.ar,\">ne.programacion.unsl@gmail.com<\/a><br \/>\nM\u00e1s informaci\u00f3n e inscripci\u00f3n en el siguiente\u00a0<a href=\"https:\/\/nuestraescuela.infd.edu.ar\/catalogo.cgi?wAccion=oferta_view&amp;oferta_id=245\">enlace<\/a>.<\/p>\n<p><strong>La educaci\u00f3n de las ni\u00f1as y las j\u00f3venes en ciencias, tecnolog\u00eda, ingenier\u00eda y matem\u00e1ticas (STEM)<\/strong><br \/>\nDestinado a docentes de nivel primario y secundario.<br \/>\nInscripci\u00f3n hasta el 29 de marzo. Inicia el 3 de abril.<br \/>\nPor consultas escribir al siguiente mail:\u00a0<a href=\"mailto:e.stem.unsl@gmail.com\">ne.stem.unsl@gmail.com<\/a><br \/>\nM\u00e1s informaci\u00f3n e inscripci\u00f3n en el siguiente\u00a0<a href=\"https:\/\/nuestraescuela.infd.edu.ar\/catalogo.cgi?wAccion=oferta_view&amp;oferta_id=246\">enlace<\/a>.<\/p>\n<p><strong>Ense\u00f1ando desde y para la diversidad en educaci\u00f3n sexual integral<br \/>\n<\/strong>Destinado a docentes de nivel inicial y primario.<br \/>\nInscripci\u00f3n hasta el 22 de marzo. Inicia el 27 de marzo.<br \/>\nPor consultas escribir al siguiente mail:\u00a0<a href=\"mailto:e.stem.unsl@gmail.com\">Eticarorg@gmail.com<\/a><br \/>\nM\u00e1s informaci\u00f3n e inscripci\u00f3n en el siguiente\u00a0<a href=\"https:\/\/nuestraescuela.infd.edu.ar\/catalogo.cgi?wAccion=oferta_view&amp;oferta_id=247\">enlace<\/a>.<\/p>\n<div class=\"gmedia_gallery phantom_module is_bot\" id=\"GmediaGallery_130\" data-gmid=\"130\" data-module=\"phantom\"><style type='text\/css' class='gmedia_module_style_import'>@import url('https:\/\/www.fica.unsl.edu.ar\/wp-content\/plugins\/grand-media\/module\/phantom\/css\/style.css') all;<\/style>    <div class=\"gmPhantom_Container noLightbox\" >\r\n                <div class=\"gmPhantom_thumbsWrapper gmPhantom_ThumbScale gmPhantom_LabelHover\">\r\n                        <div class=\"gmPhantom_ThumbContainer gmPhantom_ThumbLoader\" data-id=\"1817\" data-post_id=\"12259\" data-ratio=\"0.70754716981132\" data-type=\"image\" data-ext=\"png\" data-views=\"87\" data-likes=\"0\" data-cc=\"0\" data-post_link=\"https:\/\/www.fica.unsl.edu.ar\/index.php\/gmedia\/11-ense_ando-desde-y-para-la-diversidad-png\/\">\r\n                <a href=\"https:\/\/www.fica.unsl.edu.ar\/wp-content\/grand-media\/image\/11-Ense_ando-desde-y-para-la-diversidad.png\" class=\"gmPhantom_Thumb\"><img decoding=\"async\" src=\"https:\/\/www.fica.unsl.edu.ar\/wp-content\/grand-media\/image\/thumb\/11-Ense_ando-desde-y-para-la-diversidad.png\" data-src=\"https:\/\/www.fica.unsl.edu.ar\/wp-content\/grand-media\/image\/11-Ense_ando-desde-y-para-la-diversidad.png\" alt=\"11-Ense\u00f1ando-desde-y-para-la-diversidad\"\/><\/a>\r\n                                    <div class=\"gmPhantom_ThumbLabel\"><span class=\"gmPhantom_ThumbLabel_title\">11-Ense\u00f1ando-desde-y-para-la-diversidad<\/span><\/div>\r\n                                    <div style=\"display:none;\" class=\"gmPhantom_Details\">\r\n                                            <div class=\"gmPhantom_description\">\r\n                            <div class=\"gmPhantom_title\">11-Ense\u00f1ando-desde-y-para-la-diversidad<\/div>\r\n                            <div class=\"gmPhantom_text\"><\/div>\r\n                        <\/div>\r\n                                                            <div class=\"gmPhantom_terms\">\r\n                                                    <div class=\"gmPhantom_other_terms\">\r\n                                <table class=\"gmPhantom_other_terms_table\">\r\n                                                                            <tr class=\"gmPhantom_term_row_album\">\r\n                                            <td class=\"gmPhantom_term_key\">Album<\/td>\r\n                                            <td class=\"gmPhantom_term_value\"><a href=\"\/index.php\/wp-json\/wp\/v2\/posts\/12247?gm130[album__in]=130\" class=\"gmPhantom_alb\">cursos-unsl-docentes-2023<\/a><\/td>\r\n                                        <\/tr>\r\n                                                                    <\/table>\r\n                            <\/div>\r\n                                                <\/div>\r\n                <\/div>\r\n                <\/div>            <div class=\"gmPhantom_ThumbContainer gmPhantom_ThumbLoader\" data-id=\"1816\" data-post_id=\"12258\" data-ratio=\"0.70754716981132\" data-type=\"image\" data-ext=\"png\" data-views=\"60\" data-likes=\"0\" data-cc=\"0\" data-post_link=\"https:\/\/www.fica.unsl.edu.ar\/index.php\/gmedia\/10-la-educacion-de-las-ni_as-png\/\">\r\n                <a href=\"https:\/\/www.fica.unsl.edu.ar\/wp-content\/grand-media\/image\/10-La-Educacion-de-las-ni_as.png\" class=\"gmPhantom_Thumb\"><img decoding=\"async\" src=\"https:\/\/www.fica.unsl.edu.ar\/wp-content\/grand-media\/image\/thumb\/10-La-Educacion-de-las-ni_as.png\" data-src=\"https:\/\/www.fica.unsl.edu.ar\/wp-content\/grand-media\/image\/10-La-Educacion-de-las-ni_as.png\" alt=\"10-La-Educacion-de-las-ni\u00f1as\"\/><\/a>\r\n                                    <div class=\"gmPhantom_ThumbLabel\"><span class=\"gmPhantom_ThumbLabel_title\">10-La-Educacion-de-las-ni\u00f1as<\/span><\/div>\r\n                                    <div style=\"display:none;\" class=\"gmPhantom_Details\">\r\n                                            <div class=\"gmPhantom_description\">\r\n                            <div class=\"gmPhantom_title\">10-La-Educacion-de-las-ni\u00f1as<\/div>\r\n                            <div class=\"gmPhantom_text\"><\/div>\r\n                        <\/div>\r\n                                                            <div class=\"gmPhantom_terms\">\r\n                                                    <div class=\"gmPhantom_other_terms\">\r\n                                <table class=\"gmPhantom_other_terms_table\">\r\n                                                                            <tr class=\"gmPhantom_term_row_album\">\r\n                                            <td class=\"gmPhantom_term_key\">Album<\/td>\r\n                                            <td class=\"gmPhantom_term_value\"><a href=\"\/index.php\/wp-json\/wp\/v2\/posts\/12247?gm130[album__in]=130\" class=\"gmPhantom_alb\">cursos-unsl-docentes-2023<\/a><\/td>\r\n                                        <\/tr>\r\n                                                                    <\/table>\r\n                            <\/div>\r\n                                                <\/div>\r\n                <\/div>\r\n                <\/div>            <div class=\"gmPhantom_ThumbContainer gmPhantom_ThumbLoader\" data-id=\"1815\" data-post_id=\"12257\" data-ratio=\"0.70754716981132\" data-type=\"image\" data-ext=\"png\" data-views=\"54\" data-likes=\"0\" data-cc=\"0\" data-post_link=\"https:\/\/www.fica.unsl.edu.ar\/index.php\/gmedia\/09-programacion-para-el-desarrollo-png\/\">\r\n                <a href=\"https:\/\/www.fica.unsl.edu.ar\/wp-content\/grand-media\/image\/09-Programacion-para-el-desarrollo.png\" class=\"gmPhantom_Thumb\"><img decoding=\"async\" src=\"https:\/\/www.fica.unsl.edu.ar\/wp-content\/grand-media\/image\/thumb\/09-Programacion-para-el-desarrollo.png\" data-src=\"https:\/\/www.fica.unsl.edu.ar\/wp-content\/grand-media\/image\/09-Programacion-para-el-desarrollo.png\" alt=\"09-Programacion-para-el-desarrollo\"\/><\/a>\r\n                                    <div class=\"gmPhantom_ThumbLabel\"><span class=\"gmPhantom_ThumbLabel_title\">09-Programacion-para-el-desarrollo<\/span><\/div>\r\n                                    <div style=\"display:none;\" class=\"gmPhantom_Details\">\r\n                                            <div class=\"gmPhantom_description\">\r\n                            <div class=\"gmPhantom_title\">09-Programacion-para-el-desarrollo<\/div>\r\n                            <div class=\"gmPhantom_text\"><\/div>\r\n                        <\/div>\r\n                                                            <div class=\"gmPhantom_terms\">\r\n                                                    <div class=\"gmPhantom_other_terms\">\r\n                                <table class=\"gmPhantom_other_terms_table\">\r\n                                                                            <tr class=\"gmPhantom_term_row_album\">\r\n                                            <td class=\"gmPhantom_term_key\">Album<\/td>\r\n                                            <td class=\"gmPhantom_term_value\"><a href=\"\/index.php\/wp-json\/wp\/v2\/posts\/12247?gm130[album__in]=130\" class=\"gmPhantom_alb\">cursos-unsl-docentes-2023<\/a><\/td>\r\n                                        <\/tr>\r\n                                                                    <\/table>\r\n                            <\/div>\r\n                                                <\/div>\r\n                <\/div>\r\n                <\/div>            <div class=\"gmPhantom_ThumbContainer gmPhantom_ThumbLoader\" data-id=\"1814\" data-post_id=\"12256\" data-ratio=\"0.70754716981132\" data-type=\"image\" data-ext=\"png\" data-views=\"55\" data-likes=\"0\" data-cc=\"0\" data-post_link=\"https:\/\/www.fica.unsl.edu.ar\/index.php\/gmedia\/08-estrategias-colectivas-para-la-accesibilidad-en-el-espacio-educativo-1-png\/\">\r\n                <a href=\"https:\/\/www.fica.unsl.edu.ar\/wp-content\/grand-media\/image\/08-Estrategias-colectivas-para-la-accesibilidad-en-el-espacio-educativo-1.png\" class=\"gmPhantom_Thumb\"><img decoding=\"async\" src=\"https:\/\/www.fica.unsl.edu.ar\/wp-content\/grand-media\/image\/thumb\/08-Estrategias-colectivas-para-la-accesibilidad-en-el-espacio-educativo-1.png\" data-src=\"https:\/\/www.fica.unsl.edu.ar\/wp-content\/grand-media\/image\/08-Estrategias-colectivas-para-la-accesibilidad-en-el-espacio-educativo-1.png\" alt=\"08-Estrategias-colectivas-para-la-accesibilidad-en-el-espacio-educativo-1\"\/><\/a>\r\n                                    <div class=\"gmPhantom_ThumbLabel\"><span class=\"gmPhantom_ThumbLabel_title\">08-Estrategias-colectivas-para-la-accesibilidad-en-el-espacio-educativo-1<\/span><\/div>\r\n                                    <div style=\"display:none;\" class=\"gmPhantom_Details\">\r\n                                            <div class=\"gmPhantom_description\">\r\n                            <div class=\"gmPhantom_title\">08-Estrategias-colectivas-para-la-accesibilidad-en-el-espacio-educativo-1<\/div>\r\n                            <div class=\"gmPhantom_text\"><\/div>\r\n                        <\/div>\r\n                                                            <div class=\"gmPhantom_terms\">\r\n                                                    <div class=\"gmPhantom_other_terms\">\r\n                                <table class=\"gmPhantom_other_terms_table\">\r\n                                                                            <tr class=\"gmPhantom_term_row_album\">\r\n                                            <td class=\"gmPhantom_term_key\">Album<\/td>\r\n                                            <td class=\"gmPhantom_term_value\"><a href=\"\/index.php\/wp-json\/wp\/v2\/posts\/12247?gm130[album__in]=130\" class=\"gmPhantom_alb\">cursos-unsl-docentes-2023<\/a><\/td>\r\n                                        <\/tr>\r\n                                                                    <\/table>\r\n                            <\/div>\r\n                                                <\/div>\r\n                <\/div>\r\n                <\/div>            <div class=\"gmPhantom_ThumbContainer gmPhantom_ThumbLoader\" data-id=\"1813\" data-post_id=\"12255\" data-ratio=\"0.70754716981132\" data-type=\"image\" data-ext=\"png\" data-views=\"56\" data-likes=\"0\" data-cc=\"0\" data-post_link=\"https:\/\/www.fica.unsl.edu.ar\/index.php\/gmedia\/07-medio-ambiente-png\/\">\r\n                <a href=\"https:\/\/www.fica.unsl.edu.ar\/wp-content\/grand-media\/image\/07-Medio-ambiente.png\" class=\"gmPhantom_Thumb\"><img decoding=\"async\" src=\"https:\/\/www.fica.unsl.edu.ar\/wp-content\/grand-media\/image\/thumb\/07-Medio-ambiente.png\" data-src=\"https:\/\/www.fica.unsl.edu.ar\/wp-content\/grand-media\/image\/07-Medio-ambiente.png\" alt=\"07-Medio-ambiente\"\/><\/a>\r\n                                    <div class=\"gmPhantom_ThumbLabel\"><span class=\"gmPhantom_ThumbLabel_title\">07-Medio-ambiente<\/span><\/div>\r\n                                    <div style=\"display:none;\" class=\"gmPhantom_Details\">\r\n                                            <div class=\"gmPhantom_description\">\r\n                            <div class=\"gmPhantom_title\">07-Medio-ambiente<\/div>\r\n                            <div class=\"gmPhantom_text\"><\/div>\r\n                        <\/div>\r\n                                                            <div class=\"gmPhantom_terms\">\r\n                                                    <div class=\"gmPhantom_other_terms\">\r\n                                <table class=\"gmPhantom_other_terms_table\">\r\n                                                                            <tr class=\"gmPhantom_term_row_album\">\r\n                                            <td class=\"gmPhantom_term_key\">Album<\/td>\r\n                                            <td class=\"gmPhantom_term_value\"><a href=\"\/index.php\/wp-json\/wp\/v2\/posts\/12247?gm130[album__in]=130\" class=\"gmPhantom_alb\">cursos-unsl-docentes-2023<\/a><\/td>\r\n                                        <\/tr>\r\n                                                                    <\/table>\r\n                            <\/div>\r\n                                                <\/div>\r\n                <\/div>\r\n                <\/div>            <div class=\"gmPhantom_ThumbContainer gmPhantom_ThumbLoader\" data-id=\"1812\" data-post_id=\"12254\" data-ratio=\"0.70754716981132\" data-type=\"image\" data-ext=\"png\" data-views=\"46\" data-likes=\"0\" data-cc=\"0\" data-post_link=\"https:\/\/www.fica.unsl.edu.ar\/index.php\/gmedia\/06-medio-ambiente-png\/\">\r\n                <a href=\"https:\/\/www.fica.unsl.edu.ar\/wp-content\/grand-media\/image\/06-Medio-ambiente.png\" class=\"gmPhantom_Thumb\"><img decoding=\"async\" src=\"https:\/\/www.fica.unsl.edu.ar\/wp-content\/grand-media\/image\/thumb\/06-Medio-ambiente.png\" data-src=\"https:\/\/www.fica.unsl.edu.ar\/wp-content\/grand-media\/image\/06-Medio-ambiente.png\" alt=\"06-Medio-ambiente\"\/><\/a>\r\n                                    <div class=\"gmPhantom_ThumbLabel\"><span class=\"gmPhantom_ThumbLabel_title\">06-Medio-ambiente<\/span><\/div>\r\n                                    <div style=\"display:none;\" class=\"gmPhantom_Details\">\r\n                                            <div class=\"gmPhantom_description\">\r\n                            <div class=\"gmPhantom_title\">06-Medio-ambiente<\/div>\r\n                            <div class=\"gmPhantom_text\"><\/div>\r\n                        <\/div>\r\n                                                            <div class=\"gmPhantom_terms\">\r\n                                                    <div class=\"gmPhantom_other_terms\">\r\n                                <table class=\"gmPhantom_other_terms_table\">\r\n                                                                            <tr class=\"gmPhantom_term_row_album\">\r\n                                            <td class=\"gmPhantom_term_key\">Album<\/td>\r\n                                            <td class=\"gmPhantom_term_value\"><a href=\"\/index.php\/wp-json\/wp\/v2\/posts\/12247?gm130[album__in]=130\" class=\"gmPhantom_alb\">cursos-unsl-docentes-2023<\/a><\/td>\r\n                                        <\/tr>\r\n                                                                    <\/table>\r\n                            <\/div>\r\n                                                <\/div>\r\n                <\/div>\r\n                <\/div>            <div class=\"gmPhantom_ThumbContainer gmPhantom_ThumbLoader\" data-id=\"1811\" data-post_id=\"12253\" data-ratio=\"0.70754716981132\" data-type=\"image\" data-ext=\"png\" data-views=\"50\" data-likes=\"0\" data-cc=\"0\" data-post_link=\"https:\/\/www.fica.unsl.edu.ar\/index.php\/gmedia\/05-habilidades-comunicativas-png\/\">\r\n                <a href=\"https:\/\/www.fica.unsl.edu.ar\/wp-content\/grand-media\/image\/05-Habilidades-comunicativas.png\" class=\"gmPhantom_Thumb\"><img decoding=\"async\" src=\"https:\/\/www.fica.unsl.edu.ar\/wp-content\/grand-media\/image\/thumb\/05-Habilidades-comunicativas.png\" data-src=\"https:\/\/www.fica.unsl.edu.ar\/wp-content\/grand-media\/image\/05-Habilidades-comunicativas.png\" alt=\"05-Habilidades-comunicativas\"\/><\/a>\r\n                                    <div class=\"gmPhantom_ThumbLabel\"><span class=\"gmPhantom_ThumbLabel_title\">05-Habilidades-comunicativas<\/span><\/div>\r\n                                    <div style=\"display:none;\" class=\"gmPhantom_Details\">\r\n                                            <div class=\"gmPhantom_description\">\r\n                            <div class=\"gmPhantom_title\">05-Habilidades-comunicativas<\/div>\r\n                            <div class=\"gmPhantom_text\"><\/div>\r\n                        <\/div>\r\n                                                            <div class=\"gmPhantom_terms\">\r\n                                                    <div class=\"gmPhantom_other_terms\">\r\n                                <table class=\"gmPhantom_other_terms_table\">\r\n                                                                            <tr class=\"gmPhantom_term_row_album\">\r\n                                            <td class=\"gmPhantom_term_key\">Album<\/td>\r\n                                            <td class=\"gmPhantom_term_value\"><a href=\"\/index.php\/wp-json\/wp\/v2\/posts\/12247?gm130[album__in]=130\" class=\"gmPhantom_alb\">cursos-unsl-docentes-2023<\/a><\/td>\r\n                                        <\/tr>\r\n                                                                    <\/table>\r\n                            <\/div>\r\n                                                <\/div>\r\n                <\/div>\r\n                <\/div>            <div class=\"gmPhantom_ThumbContainer gmPhantom_ThumbLoader\" data-id=\"1810\" data-post_id=\"12252\" data-ratio=\"0.70754716981132\" data-type=\"image\" data-ext=\"png\" data-views=\"45\" data-likes=\"0\" data-cc=\"0\" data-post_link=\"https:\/\/www.fica.unsl.edu.ar\/index.php\/gmedia\/04-investigar-practicas-docentes-png\/\">\r\n                <a href=\"https:\/\/www.fica.unsl.edu.ar\/wp-content\/grand-media\/image\/04-Investigar-practicas-docentes.png\" class=\"gmPhantom_Thumb\"><img decoding=\"async\" src=\"https:\/\/www.fica.unsl.edu.ar\/wp-content\/grand-media\/image\/thumb\/04-Investigar-practicas-docentes.png\" data-src=\"https:\/\/www.fica.unsl.edu.ar\/wp-content\/grand-media\/image\/04-Investigar-practicas-docentes.png\" alt=\"04-Investigar-practicas-docentes\"\/><\/a>\r\n                                    <div class=\"gmPhantom_ThumbLabel\"><span class=\"gmPhantom_ThumbLabel_title\">04-Investigar-practicas-docentes<\/span><\/div>\r\n                                    <div style=\"display:none;\" class=\"gmPhantom_Details\">\r\n                                            <div class=\"gmPhantom_description\">\r\n                            <div class=\"gmPhantom_title\">04-Investigar-practicas-docentes<\/div>\r\n                            <div class=\"gmPhantom_text\"><\/div>\r\n                        <\/div>\r\n                                                            <div class=\"gmPhantom_terms\">\r\n                                                    <div class=\"gmPhantom_other_terms\">\r\n                                <table class=\"gmPhantom_other_terms_table\">\r\n                                                                            <tr class=\"gmPhantom_term_row_album\">\r\n                                            <td class=\"gmPhantom_term_key\">Album<\/td>\r\n                                            <td class=\"gmPhantom_term_value\"><a href=\"\/index.php\/wp-json\/wp\/v2\/posts\/12247?gm130[album__in]=130\" class=\"gmPhantom_alb\">cursos-unsl-docentes-2023<\/a><\/td>\r\n                                        <\/tr>\r\n                                                                    <\/table>\r\n                            <\/div>\r\n                                                <\/div>\r\n                <\/div>\r\n                <\/div>            <div class=\"gmPhantom_ThumbContainer gmPhantom_ThumbLoader\" data-id=\"1809\" data-post_id=\"12251\" data-ratio=\"0.70754716981132\" data-type=\"image\" data-ext=\"png\" data-views=\"50\" data-likes=\"0\" data-cc=\"0\" data-post_link=\"https:\/\/www.fica.unsl.edu.ar\/index.php\/gmedia\/03-dise_o-y-elaboracion-png\/\">\r\n                <a href=\"https:\/\/www.fica.unsl.edu.ar\/wp-content\/grand-media\/image\/03-Dise_o-y-elaboracion.png\" class=\"gmPhantom_Thumb\"><img decoding=\"async\" src=\"https:\/\/www.fica.unsl.edu.ar\/wp-content\/grand-media\/image\/thumb\/03-Dise_o-y-elaboracion.png\" data-src=\"https:\/\/www.fica.unsl.edu.ar\/wp-content\/grand-media\/image\/03-Dise_o-y-elaboracion.png\" alt=\"03-Dise\u00f1o-y-elaboracion\"\/><\/a>\r\n                                    <div class=\"gmPhantom_ThumbLabel\"><span class=\"gmPhantom_ThumbLabel_title\">03-Dise\u00f1o-y-elaboracion<\/span><\/div>\r\n                                    <div style=\"display:none;\" class=\"gmPhantom_Details\">\r\n                                            <div class=\"gmPhantom_description\">\r\n                            <div class=\"gmPhantom_title\">03-Dise\u00f1o-y-elaboracion<\/div>\r\n                            <div class=\"gmPhantom_text\"><\/div>\r\n                        <\/div>\r\n                                                            <div class=\"gmPhantom_terms\">\r\n                                                    <div class=\"gmPhantom_other_terms\">\r\n                                <table class=\"gmPhantom_other_terms_table\">\r\n                                                                            <tr class=\"gmPhantom_term_row_album\">\r\n                                            <td class=\"gmPhantom_term_key\">Album<\/td>\r\n                                            <td class=\"gmPhantom_term_value\"><a href=\"\/index.php\/wp-json\/wp\/v2\/posts\/12247?gm130[album__in]=130\" class=\"gmPhantom_alb\">cursos-unsl-docentes-2023<\/a><\/td>\r\n                                        <\/tr>\r\n                                                                    <\/table>\r\n                            <\/div>\r\n                                                <\/div>\r\n                <\/div>\r\n                <\/div>            <div class=\"gmPhantom_ThumbContainer gmPhantom_ThumbLoader\" data-id=\"1808\" data-post_id=\"12250\" data-ratio=\"0.70754716981132\" data-type=\"image\" data-ext=\"png\" data-views=\"54\" data-likes=\"0\" data-cc=\"0\" data-post_link=\"https:\/\/www.fica.unsl.edu.ar\/index.php\/gmedia\/02-gamificacion-herramientas-digitales-png\/\">\r\n                <a href=\"https:\/\/www.fica.unsl.edu.ar\/wp-content\/grand-media\/image\/02-Gamificacion-herramientas-digitales.png\" class=\"gmPhantom_Thumb\"><img decoding=\"async\" src=\"https:\/\/www.fica.unsl.edu.ar\/wp-content\/grand-media\/image\/thumb\/02-Gamificacion-herramientas-digitales.png\" data-src=\"https:\/\/www.fica.unsl.edu.ar\/wp-content\/grand-media\/image\/02-Gamificacion-herramientas-digitales.png\" alt=\"02-Gamificacion-herramientas-digitales\"\/><\/a>\r\n                                    <div class=\"gmPhantom_ThumbLabel\"><span class=\"gmPhantom_ThumbLabel_title\">02-Gamificacion-herramientas-digitales<\/span><\/div>\r\n                                    <div style=\"display:none;\" class=\"gmPhantom_Details\">\r\n                                            <div class=\"gmPhantom_description\">\r\n                            <div class=\"gmPhantom_title\">02-Gamificacion-herramientas-digitales<\/div>\r\n                            <div class=\"gmPhantom_text\"><\/div>\r\n                        <\/div>\r\n                                                            <div class=\"gmPhantom_terms\">\r\n                                                    <div class=\"gmPhantom_other_terms\">\r\n                                <table class=\"gmPhantom_other_terms_table\">\r\n                                                                            <tr class=\"gmPhantom_term_row_album\">\r\n                                            <td class=\"gmPhantom_term_key\">Album<\/td>\r\n                                            <td class=\"gmPhantom_term_value\"><a href=\"\/index.php\/wp-json\/wp\/v2\/posts\/12247?gm130[album__in]=130\" class=\"gmPhantom_alb\">cursos-unsl-docentes-2023<\/a><\/td>\r\n                                        <\/tr>\r\n                                                                    <\/table>\r\n                            <\/div>\r\n                                                <\/div>\r\n                <\/div>\r\n                <\/div>            <div class=\"gmPhantom_ThumbContainer gmPhantom_ThumbLoader\" data-id=\"1807\" data-post_id=\"12249\" data-ratio=\"0.70754716981132\" data-type=\"image\" data-ext=\"png\" data-views=\"60\" data-likes=\"0\" data-cc=\"0\" data-post_link=\"https:\/\/www.fica.unsl.edu.ar\/index.php\/gmedia\/01-inclusion-construir-propuestas-png\/\">\r\n                <a href=\"https:\/\/www.fica.unsl.edu.ar\/wp-content\/grand-media\/image\/01-Inclusion-Construir-propuestas.png\" class=\"gmPhantom_Thumb\"><img decoding=\"async\" src=\"https:\/\/www.fica.unsl.edu.ar\/wp-content\/grand-media\/image\/thumb\/01-Inclusion-Construir-propuestas.png\" data-src=\"https:\/\/www.fica.unsl.edu.ar\/wp-content\/grand-media\/image\/01-Inclusion-Construir-propuestas.png\" alt=\"01-Inclusion-Construir-propuestas\"\/><\/a>\r\n                                    <div class=\"gmPhantom_ThumbLabel\"><span class=\"gmPhantom_ThumbLabel_title\">01-Inclusion-Construir-propuestas<\/span><\/div>\r\n                                    <div style=\"display:none;\" class=\"gmPhantom_Details\">\r\n                                            <div class=\"gmPhantom_description\">\r\n                            <div class=\"gmPhantom_title\">01-Inclusion-Construir-propuestas<\/div>\r\n                            <div class=\"gmPhantom_text\"><\/div>\r\n                        <\/div>\r\n                                                            <div class=\"gmPhantom_terms\">\r\n                                                    <div class=\"gmPhantom_other_terms\">\r\n                                <table class=\"gmPhantom_other_terms_table\">\r\n                                                                            <tr class=\"gmPhantom_term_row_album\">\r\n                                            <td class=\"gmPhantom_term_key\">Album<\/td>\r\n                                            <td class=\"gmPhantom_term_value\"><a href=\"\/index.php\/wp-json\/wp\/v2\/posts\/12247?gm130[album__in]=130\" class=\"gmPhantom_alb\">cursos-unsl-docentes-2023<\/a><\/td>\r\n                                        <\/tr>\r\n                                                                    <\/table>\r\n                            <\/div>\r\n                                                <\/div>\r\n                <\/div>\r\n                <\/div>        <\/div>\r\n    <\/div>\r\n<\/div>\n<p>&nbsp;<\/p>\n","protected":false},"excerpt":{"rendered":"<p>Actualmente se encuentran abiertas las inscripciones a 11 cursos virtuales de Capacitaci\u00f3n Docente, que la UNSL comenzar\u00e1 a dictar a fines de febrero con la&hellip;<\/p>\n","protected":false},"author":9,"featured_media":12260,"comment_status":"closed","ping_status":"closed","sticky":false,"template":"","format":"standard","meta":{"_monsterinsights_skip_tracking":false,"_monsterinsights_sitenote_active":false,"_monsterinsights_sitenote_note":"","_monsterinsights_sitenote_category":0,"_joinchat":[],"footnotes":""},"categories":[19],"tags":[],"class_list":["post-12247","post","type-post","status-publish","format-standard","has-post-thumbnail","hentry","category-noticias"],"yoast_head":"<!-- This site is optimized with the Yoast SEO plugin v27.4 - https:\/\/yoast.com\/product\/yoast-seo-wordpress\/ -->\n<title>Inscripciones para cursos de capacitaci\u00f3n docente - Facultad de Ingenier\u00eda y Ciencias Agropecuarias<\/title>\n<meta name=\"robots\" content=\"index, follow, max-snippet:-1, max-image-preview:large, max-video-preview:-1\" \/>\n<link rel=\"canonical\" href=\"https:\/\/www.fica.unsl.edu.ar\/index.php\/inscripciones-para-cursos-de-capacitacion-docente\/\" \/>\n<meta property=\"og:locale\" content=\"es_ES\" \/>\n<meta property=\"og:type\" content=\"article\" \/>\n<meta property=\"og:title\" content=\"Inscripciones para cursos de capacitaci\u00f3n docente - Facultad de Ingenier\u00eda y Ciencias Agropecuarias\" \/>\n<meta property=\"og:description\" content=\"Actualmente se encuentran abiertas las inscripciones a 11 cursos virtuales de Capacitaci\u00f3n Docente, que la UNSL comenzar\u00e1 a dictar a fines de febrero con la&hellip;\" \/>\n<meta property=\"og:url\" content=\"https:\/\/www.fica.unsl.edu.ar\/index.php\/inscripciones-para-cursos-de-capacitacion-docente\/\" \/>\n<meta property=\"og:site_name\" content=\"Facultad de Ingenier\u00eda y Ciencias Agropecuarias\" \/>\n<meta property=\"article:publisher\" content=\"https:\/\/www.facebook.com\/FICA.UNSL\/\" \/>\n<meta property=\"article:published_time\" content=\"2023-02-04T13:54:48+00:00\" \/>\n<meta property=\"article:modified_time\" content=\"2023-02-08T13:57:30+00:00\" \/>\n<meta property=\"og:image\" content=\"https:\/\/www.fica.unsl.edu.ar\/wp-content\/uploads\/2023\/02\/210603-Rectorado-Cartel-y-Cajero-3-2-1000x600-1.jpg\" \/>\n\t<meta property=\"og:image:width\" content=\"1000\" \/>\n\t<meta property=\"og:image:height\" content=\"600\" \/>\n\t<meta property=\"og:image:type\" content=\"image\/jpeg\" \/>\n<meta name=\"author\" content=\"DATI\" \/>\n<meta name=\"twitter:card\" content=\"summary_large_image\" \/>\n<meta name=\"twitter:creator\" content=\"@FICAUNSL\" \/>\n<meta name=\"twitter:site\" content=\"@FICAUNSL\" \/>\n<meta name=\"twitter:label1\" content=\"Escrito por\" \/>\n\t<meta name=\"twitter:data1\" content=\"DATI\" \/>\n\t<meta name=\"twitter:label2\" content=\"Tiempo de lectura\" \/>\n\t<meta name=\"twitter:data2\" content=\"3 minutos\" \/>\n<script type=\"application\/ld+json\" class=\"yoast-schema-graph\">{\"@context\":\"https:\\\/\\\/schema.org\",\"@graph\":[{\"@type\":\"Article\",\"@id\":\"https:\\\/\\\/www.fica.unsl.edu.ar\\\/index.php\\\/inscripciones-para-cursos-de-capacitacion-docente\\\/#article\",\"isPartOf\":{\"@id\":\"https:\\\/\\\/www.fica.unsl.edu.ar\\\/index.php\\\/inscripciones-para-cursos-de-capacitacion-docente\\\/\"},\"author\":{\"name\":\"DATI\",\"@id\":\"https:\\\/\\\/www.fica.unsl.edu.ar\\\/#\\\/schema\\\/person\\\/6058f9c66301868d3a691b1f5d6c3544\"},\"headline\":\"Inscripciones para cursos de capacitaci\u00f3n docente\",\"datePublished\":\"2023-02-04T13:54:48+00:00\",\"dateModified\":\"2023-02-08T13:57:30+00:00\",\"mainEntityOfPage\":{\"@id\":\"https:\\\/\\\/www.fica.unsl.edu.ar\\\/index.php\\\/inscripciones-para-cursos-de-capacitacion-docente\\\/\"},\"wordCount\":635,\"publisher\":{\"@id\":\"https:\\\/\\\/www.fica.unsl.edu.ar\\\/#organization\"},\"image\":{\"@id\":\"https:\\\/\\\/www.fica.unsl.edu.ar\\\/index.php\\\/inscripciones-para-cursos-de-capacitacion-docente\\\/#primaryimage\"},\"thumbnailUrl\":\"https:\\\/\\\/www.fica.unsl.edu.ar\\\/wp-content\\\/uploads\\\/2023\\\/02\\\/210603-Rectorado-Cartel-y-Cajero-3-2-1000x600-1.jpg\",\"articleSection\":[\"Noticias\"],\"inLanguage\":\"es-AR\"},{\"@type\":\"WebPage\",\"@id\":\"https:\\\/\\\/www.fica.unsl.edu.ar\\\/index.php\\\/inscripciones-para-cursos-de-capacitacion-docente\\\/\",\"url\":\"https:\\\/\\\/www.fica.unsl.edu.ar\\\/index.php\\\/inscripciones-para-cursos-de-capacitacion-docente\\\/\",\"name\":\"Inscripciones para cursos de capacitaci\u00f3n docente - Facultad de Ingenier\u00eda y Ciencias Agropecuarias\",\"isPartOf\":{\"@id\":\"https:\\\/\\\/www.fica.unsl.edu.ar\\\/#website\"},\"primaryImageOfPage\":{\"@id\":\"https:\\\/\\\/www.fica.unsl.edu.ar\\\/index.php\\\/inscripciones-para-cursos-de-capacitacion-docente\\\/#primaryimage\"},\"image\":{\"@id\":\"https:\\\/\\\/www.fica.unsl.edu.ar\\\/index.php\\\/inscripciones-para-cursos-de-capacitacion-docente\\\/#primaryimage\"},\"thumbnailUrl\":\"https:\\\/\\\/www.fica.unsl.edu.ar\\\/wp-content\\\/uploads\\\/2023\\\/02\\\/210603-Rectorado-Cartel-y-Cajero-3-2-1000x600-1.jpg\",\"datePublished\":\"2023-02-04T13:54:48+00:00\",\"dateModified\":\"2023-02-08T13:57:30+00:00\",\"inLanguage\":\"es-AR\",\"potentialAction\":[{\"@type\":\"ReadAction\",\"target\":[\"https:\\\/\\\/www.fica.unsl.edu.ar\\\/index.php\\\/inscripciones-para-cursos-de-capacitacion-docente\\\/\"]}]},{\"@type\":\"ImageObject\",\"inLanguage\":\"es-AR\",\"@id\":\"https:\\\/\\\/www.fica.unsl.edu.ar\\\/index.php\\\/inscripciones-para-cursos-de-capacitacion-docente\\\/#primaryimage\",\"url\":\"https:\\\/\\\/www.fica.unsl.edu.ar\\\/wp-content\\\/uploads\\\/2023\\\/02\\\/210603-Rectorado-Cartel-y-Cajero-3-2-1000x600-1.jpg\",\"contentUrl\":\"https:\\\/\\\/www.fica.unsl.edu.ar\\\/wp-content\\\/uploads\\\/2023\\\/02\\\/210603-Rectorado-Cartel-y-Cajero-3-2-1000x600-1.jpg\",\"width\":1000,\"height\":600},{\"@type\":\"WebSite\",\"@id\":\"https:\\\/\\\/www.fica.unsl.edu.ar\\\/#website\",\"url\":\"https:\\\/\\\/www.fica.unsl.edu.ar\\\/\",\"name\":\"Facultad de Ingenier\u00eda y Ciencias Agropecuarias\",\"description\":\"\",\"publisher\":{\"@id\":\"https:\\\/\\\/www.fica.unsl.edu.ar\\\/#organization\"},\"potentialAction\":[{\"@type\":\"SearchAction\",\"target\":{\"@type\":\"EntryPoint\",\"urlTemplate\":\"https:\\\/\\\/www.fica.unsl.edu.ar\\\/?s={search_term_string}\"},\"query-input\":{\"@type\":\"PropertyValueSpecification\",\"valueRequired\":true,\"valueName\":\"search_term_string\"}}],\"inLanguage\":\"es-AR\"},{\"@type\":\"Organization\",\"@id\":\"https:\\\/\\\/www.fica.unsl.edu.ar\\\/#organization\",\"name\":\"Facultad de Ingenier\u00eda y Ciencias Agropecuarias\",\"url\":\"https:\\\/\\\/www.fica.unsl.edu.ar\\\/\",\"logo\":{\"@type\":\"ImageObject\",\"inLanguage\":\"es-AR\",\"@id\":\"https:\\\/\\\/www.fica.unsl.edu.ar\\\/#\\\/schema\\\/logo\\\/image\\\/\",\"url\":\"https:\\\/\\\/www.fica.unsl.edu.ar\\\/wp-content\\\/uploads\\\/2021\\\/03\\\/LOGO-1.jpg\",\"contentUrl\":\"https:\\\/\\\/www.fica.unsl.edu.ar\\\/wp-content\\\/uploads\\\/2021\\\/03\\\/LOGO-1.jpg\",\"width\":463,\"height\":145,\"caption\":\"Facultad de Ingenier\u00eda y Ciencias Agropecuarias\"},\"image\":{\"@id\":\"https:\\\/\\\/www.fica.unsl.edu.ar\\\/#\\\/schema\\\/logo\\\/image\\\/\"},\"sameAs\":[\"https:\\\/\\\/www.facebook.com\\\/FICA.UNSL\\\/\",\"https:\\\/\\\/x.com\\\/FICAUNSL\",\"https:\\\/\\\/www.instagram.com\\\/fica.unsl\\\/\",\"https:\\\/\\\/www.youtube.com\\\/channel\\\/UCs2MM53gb2PyBrMySdtWZDQ\"]},{\"@type\":\"Person\",\"@id\":\"https:\\\/\\\/www.fica.unsl.edu.ar\\\/#\\\/schema\\\/person\\\/6058f9c66301868d3a691b1f5d6c3544\",\"name\":\"DATI\"}]}<\/script>\n<!-- \/ Yoast SEO plugin. -->","yoast_head_json":{"title":"Inscripciones para cursos de capacitaci\u00f3n docente - Facultad de Ingenier\u00eda y Ciencias Agropecuarias","robots":{"index":"index","follow":"follow","max-snippet":"max-snippet:-1","max-image-preview":"max-image-preview:large","max-video-preview":"max-video-preview:-1"},"canonical":"https:\/\/www.fica.unsl.edu.ar\/index.php\/inscripciones-para-cursos-de-capacitacion-docente\/","og_locale":"es_ES","og_type":"article","og_title":"Inscripciones para cursos de capacitaci\u00f3n docente - Facultad de Ingenier\u00eda y Ciencias Agropecuarias","og_description":"Actualmente se encuentran abiertas las inscripciones a 11 cursos virtuales de Capacitaci\u00f3n Docente, que la UNSL comenzar\u00e1 a dictar a fines de febrero con la&hellip;","og_url":"https:\/\/www.fica.unsl.edu.ar\/index.php\/inscripciones-para-cursos-de-capacitacion-docente\/","og_site_name":"Facultad de Ingenier\u00eda y Ciencias Agropecuarias","article_publisher":"https:\/\/www.facebook.com\/FICA.UNSL\/","article_published_time":"2023-02-04T13:54:48+00:00","article_modified_time":"2023-02-08T13:57:30+00:00","og_image":[{"width":1000,"height":600,"url":"https:\/\/www.fica.unsl.edu.ar\/wp-content\/uploads\/2023\/02\/210603-Rectorado-Cartel-y-Cajero-3-2-1000x600-1.jpg","type":"image\/jpeg"}],"author":"DATI","twitter_card":"summary_large_image","twitter_creator":"@FICAUNSL","twitter_site":"@FICAUNSL","twitter_misc":{"Escrito por":"DATI","Tiempo de lectura":"3 minutos"},"schema":{"@context":"https:\/\/schema.org","@graph":[{"@type":"Article","@id":"https:\/\/www.fica.unsl.edu.ar\/index.php\/inscripciones-para-cursos-de-capacitacion-docente\/#article","isPartOf":{"@id":"https:\/\/www.fica.unsl.edu.ar\/index.php\/inscripciones-para-cursos-de-capacitacion-docente\/"},"author":{"name":"DATI","@id":"https:\/\/www.fica.unsl.edu.ar\/#\/schema\/person\/6058f9c66301868d3a691b1f5d6c3544"},"headline":"Inscripciones para cursos de capacitaci\u00f3n docente","datePublished":"2023-02-04T13:54:48+00:00","dateModified":"2023-02-08T13:57:30+00:00","mainEntityOfPage":{"@id":"https:\/\/www.fica.unsl.edu.ar\/index.php\/inscripciones-para-cursos-de-capacitacion-docente\/"},"wordCount":635,"publisher":{"@id":"https:\/\/www.fica.unsl.edu.ar\/#organization"},"image":{"@id":"https:\/\/www.fica.unsl.edu.ar\/index.php\/inscripciones-para-cursos-de-capacitacion-docente\/#primaryimage"},"thumbnailUrl":"https:\/\/www.fica.unsl.edu.ar\/wp-content\/uploads\/2023\/02\/210603-Rectorado-Cartel-y-Cajero-3-2-1000x600-1.jpg","articleSection":["Noticias"],"inLanguage":"es-AR"},{"@type":"WebPage","@id":"https:\/\/www.fica.unsl.edu.ar\/index.php\/inscripciones-para-cursos-de-capacitacion-docente\/","url":"https:\/\/www.fica.unsl.edu.ar\/index.php\/inscripciones-para-cursos-de-capacitacion-docente\/","name":"Inscripciones para cursos de capacitaci\u00f3n docente - Facultad de Ingenier\u00eda y Ciencias Agropecuarias","isPartOf":{"@id":"https:\/\/www.fica.unsl.edu.ar\/#website"},"primaryImageOfPage":{"@id":"https:\/\/www.fica.unsl.edu.ar\/index.php\/inscripciones-para-cursos-de-capacitacion-docente\/#primaryimage"},"image":{"@id":"https:\/\/www.fica.unsl.edu.ar\/index.php\/inscripciones-para-cursos-de-capacitacion-docente\/#primaryimage"},"thumbnailUrl":"https:\/\/www.fica.unsl.edu.ar\/wp-content\/uploads\/2023\/02\/210603-Rectorado-Cartel-y-Cajero-3-2-1000x600-1.jpg","datePublished":"2023-02-04T13:54:48+00:00","dateModified":"2023-02-08T13:57:30+00:00","inLanguage":"es-AR","potentialAction":[{"@type":"ReadAction","target":["https:\/\/www.fica.unsl.edu.ar\/index.php\/inscripciones-para-cursos-de-capacitacion-docente\/"]}]},{"@type":"ImageObject","inLanguage":"es-AR","@id":"https:\/\/www.fica.unsl.edu.ar\/index.php\/inscripciones-para-cursos-de-capacitacion-docente\/#primaryimage","url":"https:\/\/www.fica.unsl.edu.ar\/wp-content\/uploads\/2023\/02\/210603-Rectorado-Cartel-y-Cajero-3-2-1000x600-1.jpg","contentUrl":"https:\/\/www.fica.unsl.edu.ar\/wp-content\/uploads\/2023\/02\/210603-Rectorado-Cartel-y-Cajero-3-2-1000x600-1.jpg","width":1000,"height":600},{"@type":"WebSite","@id":"https:\/\/www.fica.unsl.edu.ar\/#website","url":"https:\/\/www.fica.unsl.edu.ar\/","name":"Facultad de Ingenier\u00eda y Ciencias Agropecuarias","description":"","publisher":{"@id":"https:\/\/www.fica.unsl.edu.ar\/#organization"},"potentialAction":[{"@type":"SearchAction","target":{"@type":"EntryPoint","urlTemplate":"https:\/\/www.fica.unsl.edu.ar\/?s={search_term_string}"},"query-input":{"@type":"PropertyValueSpecification","valueRequired":true,"valueName":"search_term_string"}}],"inLanguage":"es-AR"},{"@type":"Organization","@id":"https:\/\/www.fica.unsl.edu.ar\/#organization","name":"Facultad de Ingenier\u00eda y Ciencias Agropecuarias","url":"https:\/\/www.fica.unsl.edu.ar\/","logo":{"@type":"ImageObject","inLanguage":"es-AR","@id":"https:\/\/www.fica.unsl.edu.ar\/#\/schema\/logo\/image\/","url":"https:\/\/www.fica.unsl.edu.ar\/wp-content\/uploads\/2021\/03\/LOGO-1.jpg","contentUrl":"https:\/\/www.fica.unsl.edu.ar\/wp-content\/uploads\/2021\/03\/LOGO-1.jpg","width":463,"height":145,"caption":"Facultad de Ingenier\u00eda y Ciencias Agropecuarias"},"image":{"@id":"https:\/\/www.fica.unsl.edu.ar\/#\/schema\/logo\/image\/"},"sameAs":["https:\/\/www.facebook.com\/FICA.UNSL\/","https:\/\/x.com\/FICAUNSL","https:\/\/www.instagram.com\/fica.unsl\/","https:\/\/www.youtube.com\/channel\/UCs2MM53gb2PyBrMySdtWZDQ"]},{"@type":"Person","@id":"https:\/\/www.fica.unsl.edu.ar\/#\/schema\/person\/6058f9c66301868d3a691b1f5d6c3544","name":"DATI"}]}},"_links":{"self":[{"href":"https:\/\/www.fica.unsl.edu.ar\/index.php\/wp-json\/wp\/v2\/posts\/12247","targetHints":{"allow":["GET"]}}],"collection":[{"href":"https:\/\/www.fica.unsl.edu.ar\/index.php\/wp-json\/wp\/v2\/posts"}],"about":[{"href":"https:\/\/www.fica.unsl.edu.ar\/index.php\/wp-json\/wp\/v2\/types\/post"}],"author":[{"embeddable":true,"href":"https:\/\/www.fica.unsl.edu.ar\/index.php\/wp-json\/wp\/v2\/users\/9"}],"replies":[{"embeddable":true,"href":"https:\/\/www.fica.unsl.edu.ar\/index.php\/wp-json\/wp\/v2\/comments?post=12247"}],"version-history":[{"count":1,"href":"https:\/\/www.fica.unsl.edu.ar\/index.php\/wp-json\/wp\/v2\/posts\/12247\/revisions"}],"predecessor-version":[{"id":12261,"href":"https:\/\/www.fica.unsl.edu.ar\/index.php\/wp-json\/wp\/v2\/posts\/12247\/revisions\/12261"}],"wp:featuredmedia":[{"embeddable":true,"href":"https:\/\/www.fica.unsl.edu.ar\/index.php\/wp-json\/wp\/v2\/media\/12260"}],"wp:attachment":[{"href":"https:\/\/www.fica.unsl.edu.ar\/index.php\/wp-json\/wp\/v2\/media?parent=12247"}],"wp:term":[{"taxonomy":"category","embeddable":true,"href":"https:\/\/www.fica.unsl.edu.ar\/index.php\/wp-json\/wp\/v2\/categories?post=12247"},{"taxonomy":"post_tag","embeddable":true,"href":"https:\/\/www.fica.unsl.edu.ar\/index.php\/wp-json\/wp\/v2\/tags?post=12247"}],"curies":[{"name":"wp","href":"https:\/\/api.w.org\/{rel}","templated":true}]}}