{"id":12471,"date":"2023-02-17T10:59:23","date_gmt":"2023-02-17T13:59:23","guid":{"rendered":"http:\/\/10.101.10.196\/www\/?p=12471"},"modified":"2023-03-15T09:39:25","modified_gmt":"2023-03-15T12:39:25","slug":"fundacion-acindar-abre-una-nueva-convocatoria-de-ingeniamos","status":"publish","type":"post","link":"https:\/\/www.fica.unsl.edu.ar\/index.php\/fundacion-acindar-abre-una-nueva-convocatoria-de-ingeniamos\/","title":{"rendered":"Fundaci\u00f3n Acindar abre una nueva convocatoria de \u201cIngeniamos\u201d"},"content":{"rendered":"<p>En el marco de la nueva<strong> convocatoria \u201cIngeniamos<\/strong>\u201d, la <strong>Fundaci\u00f3n Acindar<\/strong> invita a instituciones educativas y organizaciones sociales a presentar proyectos que promuevan las <strong>Ciencias, Tecnolog\u00eda, Ingenier\u00eda y Matem\u00e1ticas (CTIM)<\/strong> en las comunidades donde la empresa est\u00e1 presente: <strong>Villa Mercedes (San Luis)<\/strong>, Villa Constituci\u00f3n (Santa F\u00e9), San Nicol\u00e1s y La Matanza (Buenos Aires).<\/p>\n<p>La Fundaci\u00f3n Acindar convoca a desarrollar proyectos que promuevan vocaciones en ingenier\u00eda y ciencias, difundan el rol de la ciencia y la tecnolog\u00eda para la soluci\u00f3n de problem\u00e1ticas actuales y promuevan la diversidad de g\u00e9neros en estos \u00e1mbitos.<\/p>\n<p>La fecha l\u00edmite de env\u00edo del formulario es el 20 de abril de 2023 inclusive, por correo electr\u00f3nico a <a href=\"mailto:fundacion.acindar@arcelormittal.com.ar\">fundacion.acindar@arcelormittal.com.ar<\/a>. Se realizar\u00e1 una charla informativa el mi\u00e9rcoles 15 de marzo a las 9.30 hs en forma virtual, inscripciones en en este<strong> <a href=\"https:\/\/forms.office.com\/e\/s9VWCbTAZ5\" target=\"_blank\" rel=\"noopener\">enlace<\/a>.<\/strong><\/p>\n<p>La edici\u00f3n 2023 de esta convocatoria est\u00e1 destinada a financiar proyectos que promuevan las CTIM (ciencias, tecnolog\u00eda, ingenier\u00eda y matem\u00e1ticas) en las comunidades donde estamos presentes. La propuesta est\u00e1 destinada a escuelas t\u00e9cnicas de Villa Constituci\u00f3n, instituciones de nivel superior (universitario y no universitario) y organizaciones de la sociedad civil orientadas a la promoci\u00f3n de la ciencia y la tecnolog\u00eda.<\/p>\n<p>El programa Ingeniamos de Fundaci\u00f3n Acindar busca despertar vocaciones tempranas por la ingenier\u00eda, difundir la profesi\u00f3n ingenieril y el rol de la ingenier\u00eda como respuesta a las problem\u00e1ticas actuales, colaborar en una mejor articulaci\u00f3n curricular entre universidades y escuelas secundarias (que permita mayores posibilidades de ingreso y permanencia de los estudiantes universitarios en los primeros a\u00f1os) y promover la igualdad de g\u00e9nero en las ciencias e ingenier\u00edas.<\/p>\n<p>Se financiar\u00e1 exclusivamente iniciativas destinadas a trabajar en las localizaciones donde ArcelorMittal Acindar tiene plantas productivas: Villa Mercedes (San Luis), Villa Constituci\u00f3n (Santa Fe), San Nicol\u00e1s y La Matanza (Buenos Aires).<\/p>\n<p>&nbsp;<\/p>\n<h3 style=\"text-align: center;\"><strong><a href=\"https:\/\/fundacionacindar.org.ar\/apertura-convocatoria-ingeniamos-2023\/\" target=\"_blank\" rel=\"noopener\">BASES<\/a><\/strong><\/h3>\n","protected":false},"excerpt":{"rendered":"<p>En el marco de la nueva convocatoria \u201cIngeniamos\u201d, la Fundaci\u00f3n Acindar invita a instituciones educativas y organizaciones sociales a presentar proyectos que promuevan las Ciencias,&hellip;<\/p>\n","protected":false},"author":9,"featured_media":12472,"comment_status":"closed","ping_status":"closed","sticky":false,"template":"","format":"standard","meta":{"_monsterinsights_skip_tracking":false,"_monsterinsights_sitenote_active":false,"_monsterinsights_sitenote_note":"","_monsterinsights_sitenote_category":0,"_joinchat":[],"footnotes":""},"categories":[19],"tags":[],"class_list":["post-12471","post","type-post","status-publish","format-standard","has-post-thumbnail","hentry","category-noticias"],"yoast_head":"<!-- This site is optimized with the Yoast SEO plugin v27.4 - https:\/\/yoast.com\/product\/yoast-seo-wordpress\/ -->\n<title>Fundaci\u00f3n Acindar abre una nueva convocatoria de \u201cIngeniamos\u201d - Facultad de Ingenier\u00eda y Ciencias Agropecuarias<\/title>\n<meta name=\"robots\" content=\"index, follow, max-snippet:-1, max-image-preview:large, max-video-preview:-1\" \/>\n<link rel=\"canonical\" href=\"https:\/\/www.fica.unsl.edu.ar\/index.php\/fundacion-acindar-abre-una-nueva-convocatoria-de-ingeniamos\/\" \/>\n<meta property=\"og:locale\" content=\"es_ES\" \/>\n<meta property=\"og:type\" content=\"article\" \/>\n<meta property=\"og:title\" content=\"Fundaci\u00f3n Acindar abre una nueva convocatoria de \u201cIngeniamos\u201d - Facultad de Ingenier\u00eda y Ciencias Agropecuarias\" \/>\n<meta property=\"og:description\" content=\"En el marco de la nueva convocatoria \u201cIngeniamos\u201d, la Fundaci\u00f3n Acindar invita a instituciones educativas y organizaciones sociales a presentar proyectos que promuevan las Ciencias,&hellip;\" \/>\n<meta property=\"og:url\" content=\"https:\/\/www.fica.unsl.edu.ar\/index.php\/fundacion-acindar-abre-una-nueva-convocatoria-de-ingeniamos\/\" \/>\n<meta property=\"og:site_name\" content=\"Facultad de Ingenier\u00eda y Ciencias Agropecuarias\" \/>\n<meta property=\"article:publisher\" content=\"https:\/\/www.facebook.com\/FICA.UNSL\/\" \/>\n<meta property=\"article:published_time\" content=\"2023-02-17T13:59:23+00:00\" \/>\n<meta property=\"article:modified_time\" content=\"2023-03-15T12:39:25+00:00\" \/>\n<meta property=\"og:image\" content=\"https:\/\/www.fica.unsl.edu.ar\/wp-content\/uploads\/2023\/02\/acindar-2023.jpg\" \/>\n\t<meta property=\"og:image:width\" content=\"1061\" \/>\n\t<meta property=\"og:image:height\" content=\"585\" \/>\n\t<meta property=\"og:image:type\" content=\"image\/jpeg\" \/>\n<meta name=\"author\" content=\"DATI\" \/>\n<meta name=\"twitter:card\" content=\"summary_large_image\" \/>\n<meta name=\"twitter:creator\" content=\"@FICAUNSL\" \/>\n<meta name=\"twitter:site\" content=\"@FICAUNSL\" \/>\n<meta name=\"twitter:label1\" content=\"Escrito por\" \/>\n\t<meta name=\"twitter:data1\" content=\"DATI\" \/>\n\t<meta name=\"twitter:label2\" content=\"Tiempo de lectura\" \/>\n\t<meta name=\"twitter:data2\" content=\"2 minutos\" \/>\n<script type=\"application\/ld+json\" class=\"yoast-schema-graph\">{\"@context\":\"https:\\\/\\\/schema.org\",\"@graph\":[{\"@type\":\"Article\",\"@id\":\"https:\\\/\\\/www.fica.unsl.edu.ar\\\/index.php\\\/fundacion-acindar-abre-una-nueva-convocatoria-de-ingeniamos\\\/#article\",\"isPartOf\":{\"@id\":\"https:\\\/\\\/www.fica.unsl.edu.ar\\\/index.php\\\/fundacion-acindar-abre-una-nueva-convocatoria-de-ingeniamos\\\/\"},\"author\":{\"name\":\"DATI\",\"@id\":\"https:\\\/\\\/www.fica.unsl.edu.ar\\\/#\\\/schema\\\/person\\\/6058f9c66301868d3a691b1f5d6c3544\"},\"headline\":\"Fundaci\u00f3n Acindar abre una nueva convocatoria de \u201cIngeniamos\u201d\",\"datePublished\":\"2023-02-17T13:59:23+00:00\",\"dateModified\":\"2023-03-15T12:39:25+00:00\",\"mainEntityOfPage\":{\"@id\":\"https:\\\/\\\/www.fica.unsl.edu.ar\\\/index.php\\\/fundacion-acindar-abre-una-nueva-convocatoria-de-ingeniamos\\\/\"},\"wordCount\":336,\"publisher\":{\"@id\":\"https:\\\/\\\/www.fica.unsl.edu.ar\\\/#organization\"},\"image\":{\"@id\":\"https:\\\/\\\/www.fica.unsl.edu.ar\\\/index.php\\\/fundacion-acindar-abre-una-nueva-convocatoria-de-ingeniamos\\\/#primaryimage\"},\"thumbnailUrl\":\"https:\\\/\\\/www.fica.unsl.edu.ar\\\/wp-content\\\/uploads\\\/2023\\\/02\\\/acindar-2023.jpg\",\"articleSection\":[\"Noticias\"],\"inLanguage\":\"es-AR\"},{\"@type\":\"WebPage\",\"@id\":\"https:\\\/\\\/www.fica.unsl.edu.ar\\\/index.php\\\/fundacion-acindar-abre-una-nueva-convocatoria-de-ingeniamos\\\/\",\"url\":\"https:\\\/\\\/www.fica.unsl.edu.ar\\\/index.php\\\/fundacion-acindar-abre-una-nueva-convocatoria-de-ingeniamos\\\/\",\"name\":\"Fundaci\u00f3n Acindar abre una nueva convocatoria de \u201cIngeniamos\u201d - Facultad de Ingenier\u00eda y Ciencias Agropecuarias\",\"isPartOf\":{\"@id\":\"https:\\\/\\\/www.fica.unsl.edu.ar\\\/#website\"},\"primaryImageOfPage\":{\"@id\":\"https:\\\/\\\/www.fica.unsl.edu.ar\\\/index.php\\\/fundacion-acindar-abre-una-nueva-convocatoria-de-ingeniamos\\\/#primaryimage\"},\"image\":{\"@id\":\"https:\\\/\\\/www.fica.unsl.edu.ar\\\/index.php\\\/fundacion-acindar-abre-una-nueva-convocatoria-de-ingeniamos\\\/#primaryimage\"},\"thumbnailUrl\":\"https:\\\/\\\/www.fica.unsl.edu.ar\\\/wp-content\\\/uploads\\\/2023\\\/02\\\/acindar-2023.jpg\",\"datePublished\":\"2023-02-17T13:59:23+00:00\",\"dateModified\":\"2023-03-15T12:39:25+00:00\",\"inLanguage\":\"es-AR\",\"potentialAction\":[{\"@type\":\"ReadAction\",\"target\":[\"https:\\\/\\\/www.fica.unsl.edu.ar\\\/index.php\\\/fundacion-acindar-abre-una-nueva-convocatoria-de-ingeniamos\\\/\"]}]},{\"@type\":\"ImageObject\",\"inLanguage\":\"es-AR\",\"@id\":\"https:\\\/\\\/www.fica.unsl.edu.ar\\\/index.php\\\/fundacion-acindar-abre-una-nueva-convocatoria-de-ingeniamos\\\/#primaryimage\",\"url\":\"https:\\\/\\\/www.fica.unsl.edu.ar\\\/wp-content\\\/uploads\\\/2023\\\/02\\\/acindar-2023.jpg\",\"contentUrl\":\"https:\\\/\\\/www.fica.unsl.edu.ar\\\/wp-content\\\/uploads\\\/2023\\\/02\\\/acindar-2023.jpg\",\"width\":1061,\"height\":585},{\"@type\":\"WebSite\",\"@id\":\"https:\\\/\\\/www.fica.unsl.edu.ar\\\/#website\",\"url\":\"https:\\\/\\\/www.fica.unsl.edu.ar\\\/\",\"name\":\"Facultad de Ingenier\u00eda y Ciencias Agropecuarias\",\"description\":\"\",\"publisher\":{\"@id\":\"https:\\\/\\\/www.fica.unsl.edu.ar\\\/#organization\"},\"potentialAction\":[{\"@type\":\"SearchAction\",\"target\":{\"@type\":\"EntryPoint\",\"urlTemplate\":\"https:\\\/\\\/www.fica.unsl.edu.ar\\\/?s={search_term_string}\"},\"query-input\":{\"@type\":\"PropertyValueSpecification\",\"valueRequired\":true,\"valueName\":\"search_term_string\"}}],\"inLanguage\":\"es-AR\"},{\"@type\":\"Organization\",\"@id\":\"https:\\\/\\\/www.fica.unsl.edu.ar\\\/#organization\",\"name\":\"Facultad de Ingenier\u00eda y Ciencias Agropecuarias\",\"url\":\"https:\\\/\\\/www.fica.unsl.edu.ar\\\/\",\"logo\":{\"@type\":\"ImageObject\",\"inLanguage\":\"es-AR\",\"@id\":\"https:\\\/\\\/www.fica.unsl.edu.ar\\\/#\\\/schema\\\/logo\\\/image\\\/\",\"url\":\"https:\\\/\\\/www.fica.unsl.edu.ar\\\/wp-content\\\/uploads\\\/2021\\\/03\\\/LOGO-1.jpg\",\"contentUrl\":\"https:\\\/\\\/www.fica.unsl.edu.ar\\\/wp-content\\\/uploads\\\/2021\\\/03\\\/LOGO-1.jpg\",\"width\":463,\"height\":145,\"caption\":\"Facultad de Ingenier\u00eda y Ciencias Agropecuarias\"},\"image\":{\"@id\":\"https:\\\/\\\/www.fica.unsl.edu.ar\\\/#\\\/schema\\\/logo\\\/image\\\/\"},\"sameAs\":[\"https:\\\/\\\/www.facebook.com\\\/FICA.UNSL\\\/\",\"https:\\\/\\\/x.com\\\/FICAUNSL\",\"https:\\\/\\\/www.instagram.com\\\/fica.unsl\\\/\",\"https:\\\/\\\/www.youtube.com\\\/channel\\\/UCs2MM53gb2PyBrMySdtWZDQ\"]},{\"@type\":\"Person\",\"@id\":\"https:\\\/\\\/www.fica.unsl.edu.ar\\\/#\\\/schema\\\/person\\\/6058f9c66301868d3a691b1f5d6c3544\",\"name\":\"DATI\"}]}<\/script>\n<!-- \/ Yoast SEO plugin. -->","yoast_head_json":{"title":"Fundaci\u00f3n Acindar abre una nueva convocatoria de \u201cIngeniamos\u201d - Facultad de Ingenier\u00eda y Ciencias Agropecuarias","robots":{"index":"index","follow":"follow","max-snippet":"max-snippet:-1","max-image-preview":"max-image-preview:large","max-video-preview":"max-video-preview:-1"},"canonical":"https:\/\/www.fica.unsl.edu.ar\/index.php\/fundacion-acindar-abre-una-nueva-convocatoria-de-ingeniamos\/","og_locale":"es_ES","og_type":"article","og_title":"Fundaci\u00f3n Acindar abre una nueva convocatoria de \u201cIngeniamos\u201d - Facultad de Ingenier\u00eda y Ciencias Agropecuarias","og_description":"En el marco de la nueva convocatoria \u201cIngeniamos\u201d, la Fundaci\u00f3n Acindar invita a instituciones educativas y organizaciones sociales a presentar proyectos que promuevan las Ciencias,&hellip;","og_url":"https:\/\/www.fica.unsl.edu.ar\/index.php\/fundacion-acindar-abre-una-nueva-convocatoria-de-ingeniamos\/","og_site_name":"Facultad de Ingenier\u00eda y Ciencias Agropecuarias","article_publisher":"https:\/\/www.facebook.com\/FICA.UNSL\/","article_published_time":"2023-02-17T13:59:23+00:00","article_modified_time":"2023-03-15T12:39:25+00:00","og_image":[{"width":1061,"height":585,"url":"https:\/\/www.fica.unsl.edu.ar\/wp-content\/uploads\/2023\/02\/acindar-2023.jpg","type":"image\/jpeg"}],"author":"DATI","twitter_card":"summary_large_image","twitter_creator":"@FICAUNSL","twitter_site":"@FICAUNSL","twitter_misc":{"Escrito por":"DATI","Tiempo de lectura":"2 minutos"},"schema":{"@context":"https:\/\/schema.org","@graph":[{"@type":"Article","@id":"https:\/\/www.fica.unsl.edu.ar\/index.php\/fundacion-acindar-abre-una-nueva-convocatoria-de-ingeniamos\/#article","isPartOf":{"@id":"https:\/\/www.fica.unsl.edu.ar\/index.php\/fundacion-acindar-abre-una-nueva-convocatoria-de-ingeniamos\/"},"author":{"name":"DATI","@id":"https:\/\/www.fica.unsl.edu.ar\/#\/schema\/person\/6058f9c66301868d3a691b1f5d6c3544"},"headline":"Fundaci\u00f3n Acindar abre una nueva convocatoria de \u201cIngeniamos\u201d","datePublished":"2023-02-17T13:59:23+00:00","dateModified":"2023-03-15T12:39:25+00:00","mainEntityOfPage":{"@id":"https:\/\/www.fica.unsl.edu.ar\/index.php\/fundacion-acindar-abre-una-nueva-convocatoria-de-ingeniamos\/"},"wordCount":336,"publisher":{"@id":"https:\/\/www.fica.unsl.edu.ar\/#organization"},"image":{"@id":"https:\/\/www.fica.unsl.edu.ar\/index.php\/fundacion-acindar-abre-una-nueva-convocatoria-de-ingeniamos\/#primaryimage"},"thumbnailUrl":"https:\/\/www.fica.unsl.edu.ar\/wp-content\/uploads\/2023\/02\/acindar-2023.jpg","articleSection":["Noticias"],"inLanguage":"es-AR"},{"@type":"WebPage","@id":"https:\/\/www.fica.unsl.edu.ar\/index.php\/fundacion-acindar-abre-una-nueva-convocatoria-de-ingeniamos\/","url":"https:\/\/www.fica.unsl.edu.ar\/index.php\/fundacion-acindar-abre-una-nueva-convocatoria-de-ingeniamos\/","name":"Fundaci\u00f3n Acindar abre una nueva convocatoria de \u201cIngeniamos\u201d - Facultad de Ingenier\u00eda y Ciencias Agropecuarias","isPartOf":{"@id":"https:\/\/www.fica.unsl.edu.ar\/#website"},"primaryImageOfPage":{"@id":"https:\/\/www.fica.unsl.edu.ar\/index.php\/fundacion-acindar-abre-una-nueva-convocatoria-de-ingeniamos\/#primaryimage"},"image":{"@id":"https:\/\/www.fica.unsl.edu.ar\/index.php\/fundacion-acindar-abre-una-nueva-convocatoria-de-ingeniamos\/#primaryimage"},"thumbnailUrl":"https:\/\/www.fica.unsl.edu.ar\/wp-content\/uploads\/2023\/02\/acindar-2023.jpg","datePublished":"2023-02-17T13:59:23+00:00","dateModified":"2023-03-15T12:39:25+00:00","inLanguage":"es-AR","potentialAction":[{"@type":"ReadAction","target":["https:\/\/www.fica.unsl.edu.ar\/index.php\/fundacion-acindar-abre-una-nueva-convocatoria-de-ingeniamos\/"]}]},{"@type":"ImageObject","inLanguage":"es-AR","@id":"https:\/\/www.fica.unsl.edu.ar\/index.php\/fundacion-acindar-abre-una-nueva-convocatoria-de-ingeniamos\/#primaryimage","url":"https:\/\/www.fica.unsl.edu.ar\/wp-content\/uploads\/2023\/02\/acindar-2023.jpg","contentUrl":"https:\/\/www.fica.unsl.edu.ar\/wp-content\/uploads\/2023\/02\/acindar-2023.jpg","width":1061,"height":585},{"@type":"WebSite","@id":"https:\/\/www.fica.unsl.edu.ar\/#website","url":"https:\/\/www.fica.unsl.edu.ar\/","name":"Facultad de Ingenier\u00eda y Ciencias Agropecuarias","description":"","publisher":{"@id":"https:\/\/www.fica.unsl.edu.ar\/#organization"},"potentialAction":[{"@type":"SearchAction","target":{"@type":"EntryPoint","urlTemplate":"https:\/\/www.fica.unsl.edu.ar\/?s={search_term_string}"},"query-input":{"@type":"PropertyValueSpecification","valueRequired":true,"valueName":"search_term_string"}}],"inLanguage":"es-AR"},{"@type":"Organization","@id":"https:\/\/www.fica.unsl.edu.ar\/#organization","name":"Facultad de Ingenier\u00eda y Ciencias Agropecuarias","url":"https:\/\/www.fica.unsl.edu.ar\/","logo":{"@type":"ImageObject","inLanguage":"es-AR","@id":"https:\/\/www.fica.unsl.edu.ar\/#\/schema\/logo\/image\/","url":"https:\/\/www.fica.unsl.edu.ar\/wp-content\/uploads\/2021\/03\/LOGO-1.jpg","contentUrl":"https:\/\/www.fica.unsl.edu.ar\/wp-content\/uploads\/2021\/03\/LOGO-1.jpg","width":463,"height":145,"caption":"Facultad de Ingenier\u00eda y Ciencias Agropecuarias"},"image":{"@id":"https:\/\/www.fica.unsl.edu.ar\/#\/schema\/logo\/image\/"},"sameAs":["https:\/\/www.facebook.com\/FICA.UNSL\/","https:\/\/x.com\/FICAUNSL","https:\/\/www.instagram.com\/fica.unsl\/","https:\/\/www.youtube.com\/channel\/UCs2MM53gb2PyBrMySdtWZDQ"]},{"@type":"Person","@id":"https:\/\/www.fica.unsl.edu.ar\/#\/schema\/person\/6058f9c66301868d3a691b1f5d6c3544","name":"DATI"}]}},"_links":{"self":[{"href":"https:\/\/www.fica.unsl.edu.ar\/index.php\/wp-json\/wp\/v2\/posts\/12471","targetHints":{"allow":["GET"]}}],"collection":[{"href":"https:\/\/www.fica.unsl.edu.ar\/index.php\/wp-json\/wp\/v2\/posts"}],"about":[{"href":"https:\/\/www.fica.unsl.edu.ar\/index.php\/wp-json\/wp\/v2\/types\/post"}],"author":[{"embeddable":true,"href":"https:\/\/www.fica.unsl.edu.ar\/index.php\/wp-json\/wp\/v2\/users\/9"}],"replies":[{"embeddable":true,"href":"https:\/\/www.fica.unsl.edu.ar\/index.php\/wp-json\/wp\/v2\/comments?post=12471"}],"version-history":[{"count":2,"href":"https:\/\/www.fica.unsl.edu.ar\/index.php\/wp-json\/wp\/v2\/posts\/12471\/revisions"}],"predecessor-version":[{"id":12474,"href":"https:\/\/www.fica.unsl.edu.ar\/index.php\/wp-json\/wp\/v2\/posts\/12471\/revisions\/12474"}],"wp:featuredmedia":[{"embeddable":true,"href":"https:\/\/www.fica.unsl.edu.ar\/index.php\/wp-json\/wp\/v2\/media\/12472"}],"wp:attachment":[{"href":"https:\/\/www.fica.unsl.edu.ar\/index.php\/wp-json\/wp\/v2\/media?parent=12471"}],"wp:term":[{"taxonomy":"category","embeddable":true,"href":"https:\/\/www.fica.unsl.edu.ar\/index.php\/wp-json\/wp\/v2\/categories?post=12471"},{"taxonomy":"post_tag","embeddable":true,"href":"https:\/\/www.fica.unsl.edu.ar\/index.php\/wp-json\/wp\/v2\/tags?post=12471"}],"curies":[{"name":"wp","href":"https:\/\/api.w.org\/{rel}","templated":true}]}}