{"id":12491,"date":"2023-02-24T12:36:23","date_gmt":"2023-02-24T15:36:23","guid":{"rendered":"http:\/\/10.101.10.196\/www\/?p=12491"},"modified":"2023-03-15T09:39:03","modified_gmt":"2023-03-15T12:39:03","slug":"dos-proyectos-de-la-fica-lograron-la-financiacion-de-la-agencia-idi","status":"publish","type":"post","link":"https:\/\/www.fica.unsl.edu.ar\/index.php\/dos-proyectos-de-la-fica-lograron-la-financiacion-de-la-agencia-idi\/","title":{"rendered":"Dos proyectos de la FICA lograron la financiaci\u00f3n de la AGENCIA I+D+i"},"content":{"rendered":"<p>La <strong>Agencia Nacional de Promoci\u00f3n de la Investigaci\u00f3n, el Desarrollo Tecnol\u00f3gico y la Innovaci\u00f3n<\/strong> (AGENCIA I+D+i), <strong>seleccion\u00f3 dos proyectos<\/strong> presentados por <strong>docentes investigadores de la FICA<\/strong> en el marco de la convocatoria Proyectos de Investigaci\u00f3n Cient\u00edfica y Tecnol\u00f3gica <strong>(PICT) 2022.<\/strong><\/p>\n<p>Se trata de las propuestas dirigidas por la <strong>Dra. Laura Rodr\u00edguez<\/strong> (\u201cCaptura selectiva de CO2 en centrales t\u00e9rmicas empleando absorbentes s\u00f3lidos. Estudio experimental y te\u00f3rico\u201d) y el <strong>Dr. Luis Avila<\/strong> (\u201cAprendizaje Autom\u00e1tico y Toma de Decisiones para la Gesti\u00f3n de Microrredes Inteligentes&#8221;).<\/p>\n<p>La AGENCIA I+D+i, a trav\u00e9s del Fondo para la Investigaci\u00f3n Cient\u00edfica y Tecnol\u00f3gica (FONCyT), convoca cada a\u00f1o, a la presentaci\u00f3n proyectos de investigaci\u00f3n cient\u00edfica y tecnol\u00f3gica para la adjudicaci\u00f3n de subsidios a instituciones de investigaci\u00f3n p\u00fablicas o privadas sin fines de lucro, para brindar apoyo al trabajo cotidiano de m\u00e1s de 30 mil investigadores, becarios y becarias del pa\u00eds.<\/p>\n<p><strong>Sobre los proyectos. <\/strong><\/p>\n<p><strong><em>\u201cCaptura selectiva de CO2 en centrales t\u00e9rmicas empleando absorbentes s\u00f3lidos. Estudio experimental y te\u00f3rico\u201d<\/em><\/strong>.<\/p>\n<p>La Dra. Laura Rodr\u00edguez destac\u00f3 que este proyecto es llevado adelante junto con investigadores del Instituto Balseiro. El objetivo del proyecto es contribuir al avance del conocimiento cient\u00edfico sobre tecnolog\u00edas de captura de CO2, tendientes a la descarbonizaci\u00f3n de la matriz energ\u00e9tica, como lo son los procesos de absorci\u00f3n\/regeneraci\u00f3n de CO2 en materiales s\u00f3lidos. \u201cLa posibilidad de obtener este financiamiento para nuestras investigaciones es muy importante porque permite afianzar y fortalecer el trabajo que se viene realizando en nuestro <strong>Laboratorio de An\u00e1lisis de Reactores y Procesos Asistido por Computadora (LARPAC)<\/strong> que funciona en la FICA-UNSL, y en el que nos nucleamos un grupo de investigadores j\u00f3venes y becarios de CONICET con lugar de trabajo principalmente en INTEQUI, pero tambi\u00e9n en PLAPIQUI y la propia UNSL. Nuestros aportes est\u00e1n enfocados en la generaci\u00f3n de conocimiento cient\u00edfico y tecnol\u00f3gico en el \u00e1rea de modelado, simulaci\u00f3n y dise\u00f1o de reactores y procesos qu\u00edmicos, para dar soluci\u00f3n a problemas medioambientales\u201d, expres\u00f3 la Dra. Rodr\u00edguez.<\/p>\n<p><strong><em>\u201cAprendizaje Autom\u00e1tico y Toma de Decisiones para la Gesti\u00f3n de Microrredes Inteligentes&#8221;<\/em><\/strong>.<\/p>\n<p>Bajo la direcci\u00f3n del Dr. Luis Avila, este proyecto realizado en el \u00e1rea de Tecnolog\u00eda inform\u00e1tica de las Comunicaciones y Electr\u00f3nica, tiene como objetivo el desarrollo de modelos, metodolog\u00edas y algoritmos basados en Sistemas Inteligentes para la gesti\u00f3n de Redes El\u00e9ctricas Inteligentes (smart grids). Debido a la complejidad inherente a la toma de decisiones en estos sistemas sociot\u00e9cnicos complejos, se busca investigar la capacidad de las t\u00e9cnicas de inteligencia artificial para desarrollar sistemas que puedan percibir, aprender y tomar decisiones sobre la operaci\u00f3n de los mismos.<\/p>\n<p>El Dr. Avila es profesor del Departamento de Ingenier\u00eda en la catedra Sistemas Inteligentes e investigador del Conicet. El monto otorgado servir\u00e1 para compra de equipamiento y atender a la formaci\u00f3n de recursos humanos.<\/p>\n","protected":false},"excerpt":{"rendered":"<p>La Agencia Nacional de Promoci\u00f3n de la Investigaci\u00f3n, el Desarrollo Tecnol\u00f3gico y la Innovaci\u00f3n (AGENCIA I+D+i), seleccion\u00f3 dos proyectos presentados por docentes investigadores de la&hellip;<\/p>\n","protected":false},"author":9,"featured_media":12492,"comment_status":"closed","ping_status":"closed","sticky":false,"template":"","format":"standard","meta":{"_monsterinsights_skip_tracking":false,"_monsterinsights_sitenote_active":false,"_monsterinsights_sitenote_note":"","_monsterinsights_sitenote_category":0,"_joinchat":[],"footnotes":""},"categories":[19],"tags":[],"class_list":["post-12491","post","type-post","status-publish","format-standard","has-post-thumbnail","hentry","category-noticias"],"yoast_head":"<!-- This site is optimized with the Yoast SEO plugin v27.4 - https:\/\/yoast.com\/product\/yoast-seo-wordpress\/ -->\n<title>Dos proyectos de la FICA lograron la financiaci\u00f3n de la AGENCIA I+D+i - Facultad de Ingenier\u00eda y Ciencias Agropecuarias<\/title>\n<meta name=\"robots\" content=\"index, follow, max-snippet:-1, max-image-preview:large, max-video-preview:-1\" \/>\n<link rel=\"canonical\" href=\"https:\/\/www.fica.unsl.edu.ar\/index.php\/dos-proyectos-de-la-fica-lograron-la-financiacion-de-la-agencia-idi\/\" \/>\n<meta property=\"og:locale\" content=\"es_ES\" \/>\n<meta property=\"og:type\" content=\"article\" \/>\n<meta property=\"og:title\" content=\"Dos proyectos de la FICA lograron la financiaci\u00f3n de la AGENCIA I+D+i - Facultad de Ingenier\u00eda y Ciencias Agropecuarias\" \/>\n<meta property=\"og:description\" content=\"La Agencia Nacional de Promoci\u00f3n de la Investigaci\u00f3n, el Desarrollo Tecnol\u00f3gico y la Innovaci\u00f3n (AGENCIA I+D+i), seleccion\u00f3 dos proyectos presentados por docentes investigadores de la&hellip;\" \/>\n<meta property=\"og:url\" content=\"https:\/\/www.fica.unsl.edu.ar\/index.php\/dos-proyectos-de-la-fica-lograron-la-financiacion-de-la-agencia-idi\/\" \/>\n<meta property=\"og:site_name\" content=\"Facultad de Ingenier\u00eda y Ciencias Agropecuarias\" \/>\n<meta property=\"article:publisher\" content=\"https:\/\/www.facebook.com\/FICA.UNSL\/\" \/>\n<meta property=\"article:published_time\" content=\"2023-02-24T15:36:23+00:00\" \/>\n<meta property=\"article:modified_time\" content=\"2023-03-15T12:39:03+00:00\" \/>\n<meta property=\"og:image\" content=\"https:\/\/www.fica.unsl.edu.ar\/wp-content\/uploads\/2023\/02\/picts.jpg\" \/>\n\t<meta property=\"og:image:width\" content=\"1061\" \/>\n\t<meta property=\"og:image:height\" content=\"585\" \/>\n\t<meta property=\"og:image:type\" content=\"image\/jpeg\" \/>\n<meta name=\"author\" content=\"DATI\" \/>\n<meta name=\"twitter:card\" content=\"summary_large_image\" \/>\n<meta name=\"twitter:creator\" content=\"@FICAUNSL\" \/>\n<meta name=\"twitter:site\" content=\"@FICAUNSL\" \/>\n<meta name=\"twitter:label1\" content=\"Escrito por\" \/>\n\t<meta name=\"twitter:data1\" content=\"DATI\" \/>\n\t<meta name=\"twitter:label2\" content=\"Tiempo de lectura\" \/>\n\t<meta name=\"twitter:data2\" content=\"3 minutos\" \/>\n<script type=\"application\/ld+json\" class=\"yoast-schema-graph\">{\"@context\":\"https:\\\/\\\/schema.org\",\"@graph\":[{\"@type\":\"Article\",\"@id\":\"https:\\\/\\\/www.fica.unsl.edu.ar\\\/index.php\\\/dos-proyectos-de-la-fica-lograron-la-financiacion-de-la-agencia-idi\\\/#article\",\"isPartOf\":{\"@id\":\"https:\\\/\\\/www.fica.unsl.edu.ar\\\/index.php\\\/dos-proyectos-de-la-fica-lograron-la-financiacion-de-la-agencia-idi\\\/\"},\"author\":{\"name\":\"DATI\",\"@id\":\"https:\\\/\\\/www.fica.unsl.edu.ar\\\/#\\\/schema\\\/person\\\/6058f9c66301868d3a691b1f5d6c3544\"},\"headline\":\"Dos proyectos de la FICA lograron la financiaci\u00f3n de la AGENCIA I+D+i\",\"datePublished\":\"2023-02-24T15:36:23+00:00\",\"dateModified\":\"2023-03-15T12:39:03+00:00\",\"mainEntityOfPage\":{\"@id\":\"https:\\\/\\\/www.fica.unsl.edu.ar\\\/index.php\\\/dos-proyectos-de-la-fica-lograron-la-financiacion-de-la-agencia-idi\\\/\"},\"wordCount\":532,\"publisher\":{\"@id\":\"https:\\\/\\\/www.fica.unsl.edu.ar\\\/#organization\"},\"image\":{\"@id\":\"https:\\\/\\\/www.fica.unsl.edu.ar\\\/index.php\\\/dos-proyectos-de-la-fica-lograron-la-financiacion-de-la-agencia-idi\\\/#primaryimage\"},\"thumbnailUrl\":\"https:\\\/\\\/www.fica.unsl.edu.ar\\\/wp-content\\\/uploads\\\/2023\\\/02\\\/picts.jpg\",\"articleSection\":[\"Noticias\"],\"inLanguage\":\"es-AR\"},{\"@type\":\"WebPage\",\"@id\":\"https:\\\/\\\/www.fica.unsl.edu.ar\\\/index.php\\\/dos-proyectos-de-la-fica-lograron-la-financiacion-de-la-agencia-idi\\\/\",\"url\":\"https:\\\/\\\/www.fica.unsl.edu.ar\\\/index.php\\\/dos-proyectos-de-la-fica-lograron-la-financiacion-de-la-agencia-idi\\\/\",\"name\":\"Dos proyectos de la FICA lograron la financiaci\u00f3n de la AGENCIA I+D+i - Facultad de Ingenier\u00eda y Ciencias Agropecuarias\",\"isPartOf\":{\"@id\":\"https:\\\/\\\/www.fica.unsl.edu.ar\\\/#website\"},\"primaryImageOfPage\":{\"@id\":\"https:\\\/\\\/www.fica.unsl.edu.ar\\\/index.php\\\/dos-proyectos-de-la-fica-lograron-la-financiacion-de-la-agencia-idi\\\/#primaryimage\"},\"image\":{\"@id\":\"https:\\\/\\\/www.fica.unsl.edu.ar\\\/index.php\\\/dos-proyectos-de-la-fica-lograron-la-financiacion-de-la-agencia-idi\\\/#primaryimage\"},\"thumbnailUrl\":\"https:\\\/\\\/www.fica.unsl.edu.ar\\\/wp-content\\\/uploads\\\/2023\\\/02\\\/picts.jpg\",\"datePublished\":\"2023-02-24T15:36:23+00:00\",\"dateModified\":\"2023-03-15T12:39:03+00:00\",\"inLanguage\":\"es-AR\",\"potentialAction\":[{\"@type\":\"ReadAction\",\"target\":[\"https:\\\/\\\/www.fica.unsl.edu.ar\\\/index.php\\\/dos-proyectos-de-la-fica-lograron-la-financiacion-de-la-agencia-idi\\\/\"]}]},{\"@type\":\"ImageObject\",\"inLanguage\":\"es-AR\",\"@id\":\"https:\\\/\\\/www.fica.unsl.edu.ar\\\/index.php\\\/dos-proyectos-de-la-fica-lograron-la-financiacion-de-la-agencia-idi\\\/#primaryimage\",\"url\":\"https:\\\/\\\/www.fica.unsl.edu.ar\\\/wp-content\\\/uploads\\\/2023\\\/02\\\/picts.jpg\",\"contentUrl\":\"https:\\\/\\\/www.fica.unsl.edu.ar\\\/wp-content\\\/uploads\\\/2023\\\/02\\\/picts.jpg\",\"width\":1061,\"height\":585},{\"@type\":\"WebSite\",\"@id\":\"https:\\\/\\\/www.fica.unsl.edu.ar\\\/#website\",\"url\":\"https:\\\/\\\/www.fica.unsl.edu.ar\\\/\",\"name\":\"Facultad de Ingenier\u00eda y Ciencias Agropecuarias\",\"description\":\"\",\"publisher\":{\"@id\":\"https:\\\/\\\/www.fica.unsl.edu.ar\\\/#organization\"},\"potentialAction\":[{\"@type\":\"SearchAction\",\"target\":{\"@type\":\"EntryPoint\",\"urlTemplate\":\"https:\\\/\\\/www.fica.unsl.edu.ar\\\/?s={search_term_string}\"},\"query-input\":{\"@type\":\"PropertyValueSpecification\",\"valueRequired\":true,\"valueName\":\"search_term_string\"}}],\"inLanguage\":\"es-AR\"},{\"@type\":\"Organization\",\"@id\":\"https:\\\/\\\/www.fica.unsl.edu.ar\\\/#organization\",\"name\":\"Facultad de Ingenier\u00eda y Ciencias Agropecuarias\",\"url\":\"https:\\\/\\\/www.fica.unsl.edu.ar\\\/\",\"logo\":{\"@type\":\"ImageObject\",\"inLanguage\":\"es-AR\",\"@id\":\"https:\\\/\\\/www.fica.unsl.edu.ar\\\/#\\\/schema\\\/logo\\\/image\\\/\",\"url\":\"https:\\\/\\\/www.fica.unsl.edu.ar\\\/wp-content\\\/uploads\\\/2021\\\/03\\\/LOGO-1.jpg\",\"contentUrl\":\"https:\\\/\\\/www.fica.unsl.edu.ar\\\/wp-content\\\/uploads\\\/2021\\\/03\\\/LOGO-1.jpg\",\"width\":463,\"height\":145,\"caption\":\"Facultad de Ingenier\u00eda y Ciencias Agropecuarias\"},\"image\":{\"@id\":\"https:\\\/\\\/www.fica.unsl.edu.ar\\\/#\\\/schema\\\/logo\\\/image\\\/\"},\"sameAs\":[\"https:\\\/\\\/www.facebook.com\\\/FICA.UNSL\\\/\",\"https:\\\/\\\/x.com\\\/FICAUNSL\",\"https:\\\/\\\/www.instagram.com\\\/fica.unsl\\\/\",\"https:\\\/\\\/www.youtube.com\\\/channel\\\/UCs2MM53gb2PyBrMySdtWZDQ\"]},{\"@type\":\"Person\",\"@id\":\"https:\\\/\\\/www.fica.unsl.edu.ar\\\/#\\\/schema\\\/person\\\/6058f9c66301868d3a691b1f5d6c3544\",\"name\":\"DATI\"}]}<\/script>\n<!-- \/ Yoast SEO plugin. -->","yoast_head_json":{"title":"Dos proyectos de la FICA lograron la financiaci\u00f3n de la AGENCIA I+D+i - Facultad de Ingenier\u00eda y Ciencias Agropecuarias","robots":{"index":"index","follow":"follow","max-snippet":"max-snippet:-1","max-image-preview":"max-image-preview:large","max-video-preview":"max-video-preview:-1"},"canonical":"https:\/\/www.fica.unsl.edu.ar\/index.php\/dos-proyectos-de-la-fica-lograron-la-financiacion-de-la-agencia-idi\/","og_locale":"es_ES","og_type":"article","og_title":"Dos proyectos de la FICA lograron la financiaci\u00f3n de la AGENCIA I+D+i - Facultad de Ingenier\u00eda y Ciencias Agropecuarias","og_description":"La Agencia Nacional de Promoci\u00f3n de la Investigaci\u00f3n, el Desarrollo Tecnol\u00f3gico y la Innovaci\u00f3n (AGENCIA I+D+i), seleccion\u00f3 dos proyectos presentados por docentes investigadores de la&hellip;","og_url":"https:\/\/www.fica.unsl.edu.ar\/index.php\/dos-proyectos-de-la-fica-lograron-la-financiacion-de-la-agencia-idi\/","og_site_name":"Facultad de Ingenier\u00eda y Ciencias Agropecuarias","article_publisher":"https:\/\/www.facebook.com\/FICA.UNSL\/","article_published_time":"2023-02-24T15:36:23+00:00","article_modified_time":"2023-03-15T12:39:03+00:00","og_image":[{"width":1061,"height":585,"url":"https:\/\/www.fica.unsl.edu.ar\/wp-content\/uploads\/2023\/02\/picts.jpg","type":"image\/jpeg"}],"author":"DATI","twitter_card":"summary_large_image","twitter_creator":"@FICAUNSL","twitter_site":"@FICAUNSL","twitter_misc":{"Escrito por":"DATI","Tiempo de lectura":"3 minutos"},"schema":{"@context":"https:\/\/schema.org","@graph":[{"@type":"Article","@id":"https:\/\/www.fica.unsl.edu.ar\/index.php\/dos-proyectos-de-la-fica-lograron-la-financiacion-de-la-agencia-idi\/#article","isPartOf":{"@id":"https:\/\/www.fica.unsl.edu.ar\/index.php\/dos-proyectos-de-la-fica-lograron-la-financiacion-de-la-agencia-idi\/"},"author":{"name":"DATI","@id":"https:\/\/www.fica.unsl.edu.ar\/#\/schema\/person\/6058f9c66301868d3a691b1f5d6c3544"},"headline":"Dos proyectos de la FICA lograron la financiaci\u00f3n de la AGENCIA I+D+i","datePublished":"2023-02-24T15:36:23+00:00","dateModified":"2023-03-15T12:39:03+00:00","mainEntityOfPage":{"@id":"https:\/\/www.fica.unsl.edu.ar\/index.php\/dos-proyectos-de-la-fica-lograron-la-financiacion-de-la-agencia-idi\/"},"wordCount":532,"publisher":{"@id":"https:\/\/www.fica.unsl.edu.ar\/#organization"},"image":{"@id":"https:\/\/www.fica.unsl.edu.ar\/index.php\/dos-proyectos-de-la-fica-lograron-la-financiacion-de-la-agencia-idi\/#primaryimage"},"thumbnailUrl":"https:\/\/www.fica.unsl.edu.ar\/wp-content\/uploads\/2023\/02\/picts.jpg","articleSection":["Noticias"],"inLanguage":"es-AR"},{"@type":"WebPage","@id":"https:\/\/www.fica.unsl.edu.ar\/index.php\/dos-proyectos-de-la-fica-lograron-la-financiacion-de-la-agencia-idi\/","url":"https:\/\/www.fica.unsl.edu.ar\/index.php\/dos-proyectos-de-la-fica-lograron-la-financiacion-de-la-agencia-idi\/","name":"Dos proyectos de la FICA lograron la financiaci\u00f3n de la AGENCIA I+D+i - Facultad de Ingenier\u00eda y Ciencias Agropecuarias","isPartOf":{"@id":"https:\/\/www.fica.unsl.edu.ar\/#website"},"primaryImageOfPage":{"@id":"https:\/\/www.fica.unsl.edu.ar\/index.php\/dos-proyectos-de-la-fica-lograron-la-financiacion-de-la-agencia-idi\/#primaryimage"},"image":{"@id":"https:\/\/www.fica.unsl.edu.ar\/index.php\/dos-proyectos-de-la-fica-lograron-la-financiacion-de-la-agencia-idi\/#primaryimage"},"thumbnailUrl":"https:\/\/www.fica.unsl.edu.ar\/wp-content\/uploads\/2023\/02\/picts.jpg","datePublished":"2023-02-24T15:36:23+00:00","dateModified":"2023-03-15T12:39:03+00:00","inLanguage":"es-AR","potentialAction":[{"@type":"ReadAction","target":["https:\/\/www.fica.unsl.edu.ar\/index.php\/dos-proyectos-de-la-fica-lograron-la-financiacion-de-la-agencia-idi\/"]}]},{"@type":"ImageObject","inLanguage":"es-AR","@id":"https:\/\/www.fica.unsl.edu.ar\/index.php\/dos-proyectos-de-la-fica-lograron-la-financiacion-de-la-agencia-idi\/#primaryimage","url":"https:\/\/www.fica.unsl.edu.ar\/wp-content\/uploads\/2023\/02\/picts.jpg","contentUrl":"https:\/\/www.fica.unsl.edu.ar\/wp-content\/uploads\/2023\/02\/picts.jpg","width":1061,"height":585},{"@type":"WebSite","@id":"https:\/\/www.fica.unsl.edu.ar\/#website","url":"https:\/\/www.fica.unsl.edu.ar\/","name":"Facultad de Ingenier\u00eda y Ciencias Agropecuarias","description":"","publisher":{"@id":"https:\/\/www.fica.unsl.edu.ar\/#organization"},"potentialAction":[{"@type":"SearchAction","target":{"@type":"EntryPoint","urlTemplate":"https:\/\/www.fica.unsl.edu.ar\/?s={search_term_string}"},"query-input":{"@type":"PropertyValueSpecification","valueRequired":true,"valueName":"search_term_string"}}],"inLanguage":"es-AR"},{"@type":"Organization","@id":"https:\/\/www.fica.unsl.edu.ar\/#organization","name":"Facultad de Ingenier\u00eda y Ciencias Agropecuarias","url":"https:\/\/www.fica.unsl.edu.ar\/","logo":{"@type":"ImageObject","inLanguage":"es-AR","@id":"https:\/\/www.fica.unsl.edu.ar\/#\/schema\/logo\/image\/","url":"https:\/\/www.fica.unsl.edu.ar\/wp-content\/uploads\/2021\/03\/LOGO-1.jpg","contentUrl":"https:\/\/www.fica.unsl.edu.ar\/wp-content\/uploads\/2021\/03\/LOGO-1.jpg","width":463,"height":145,"caption":"Facultad de Ingenier\u00eda y Ciencias Agropecuarias"},"image":{"@id":"https:\/\/www.fica.unsl.edu.ar\/#\/schema\/logo\/image\/"},"sameAs":["https:\/\/www.facebook.com\/FICA.UNSL\/","https:\/\/x.com\/FICAUNSL","https:\/\/www.instagram.com\/fica.unsl\/","https:\/\/www.youtube.com\/channel\/UCs2MM53gb2PyBrMySdtWZDQ"]},{"@type":"Person","@id":"https:\/\/www.fica.unsl.edu.ar\/#\/schema\/person\/6058f9c66301868d3a691b1f5d6c3544","name":"DATI"}]}},"_links":{"self":[{"href":"https:\/\/www.fica.unsl.edu.ar\/index.php\/wp-json\/wp\/v2\/posts\/12491","targetHints":{"allow":["GET"]}}],"collection":[{"href":"https:\/\/www.fica.unsl.edu.ar\/index.php\/wp-json\/wp\/v2\/posts"}],"about":[{"href":"https:\/\/www.fica.unsl.edu.ar\/index.php\/wp-json\/wp\/v2\/types\/post"}],"author":[{"embeddable":true,"href":"https:\/\/www.fica.unsl.edu.ar\/index.php\/wp-json\/wp\/v2\/users\/9"}],"replies":[{"embeddable":true,"href":"https:\/\/www.fica.unsl.edu.ar\/index.php\/wp-json\/wp\/v2\/comments?post=12491"}],"version-history":[{"count":2,"href":"https:\/\/www.fica.unsl.edu.ar\/index.php\/wp-json\/wp\/v2\/posts\/12491\/revisions"}],"predecessor-version":[{"id":12494,"href":"https:\/\/www.fica.unsl.edu.ar\/index.php\/wp-json\/wp\/v2\/posts\/12491\/revisions\/12494"}],"wp:featuredmedia":[{"embeddable":true,"href":"https:\/\/www.fica.unsl.edu.ar\/index.php\/wp-json\/wp\/v2\/media\/12492"}],"wp:attachment":[{"href":"https:\/\/www.fica.unsl.edu.ar\/index.php\/wp-json\/wp\/v2\/media?parent=12491"}],"wp:term":[{"taxonomy":"category","embeddable":true,"href":"https:\/\/www.fica.unsl.edu.ar\/index.php\/wp-json\/wp\/v2\/categories?post=12491"},{"taxonomy":"post_tag","embeddable":true,"href":"https:\/\/www.fica.unsl.edu.ar\/index.php\/wp-json\/wp\/v2\/tags?post=12491"}],"curies":[{"name":"wp","href":"https:\/\/api.w.org\/{rel}","templated":true}]}}