{"id":12512,"date":"2023-02-28T13:10:00","date_gmt":"2023-02-28T16:10:00","guid":{"rendered":"http:\/\/10.101.10.196\/www\/?p=12512"},"modified":"2023-03-15T09:38:59","modified_gmt":"2023-03-15T12:38:59","slug":"ley-para-la-recuperacion-del-sector-tema-central-en-la-primera-reunion-de-la-mesa-frutihorticola","status":"publish","type":"post","link":"https:\/\/www.fica.unsl.edu.ar\/index.php\/ley-para-la-recuperacion-del-sector-tema-central-en-la-primera-reunion-de-la-mesa-frutihorticola\/","title":{"rendered":"Ley para la recuperaci\u00f3n del sector, tema central en la primera reuni\u00f3n de la Mesa Frutihort\u00edcola"},"content":{"rendered":"<p>La ley <strong>\u201cR\u00e9gimen para la Recuperaci\u00f3n de la Producci\u00f3n Frutihort\u00edcola Provincial\u201d<\/strong> aprobada en diciembre pasado, que permite al gobierno de la provincial destinar aportes a los productores, fue el<strong> tema central<\/strong> que se debati\u00f3 en la primera reuni\u00f3n del a\u00f1o de la <strong>Mesa Frutihort\u00edcola Provincial<\/strong>.<\/p>\n<p>Este primer encuentro tuvo lugar el lunes 28 de febrero de 2023, en el <strong>aula magna del Edificio del Departamento de Ciencias Agropecuarias de la FICA<\/strong>. Cont\u00f3 con la participaci\u00f3n de representantes del Programa Frutihort\u00edcola del Ministerio de Producci\u00f3n de San Luis, docentes e investigadores de la FICA, funcionarios de San Luis Agua, profesionales del INTI y referentes de otros organismos que conforman la Mesa y que trabajan en conjunto para desarrollo del sector frutihort\u00edcola de la provincia.<\/p>\n<p>Cecilia Lartigue, subdirectora del Departamento de Ciencias Agropecuarias de la FICA explic\u00f3 que la Mesa est\u00e1 coordinada por el gobierno de la provincia y que el aporte de la UNSL se relaciona con la parte acad\u00e9mica y de investigaci\u00f3n. \u201cA trav\u00e9s de los trabajos que surgen de las reuniones se obtienen lineamientos para las futuras pol\u00edticas del sector\u201d, indic\u00f3.<\/p>\n<p><img fetchpriority=\"high\" decoding=\"async\" class=\"aligncenter wp-image-12513 size-full\" src=\"https:\/\/www.fica.unsl.edu.ar\/wp-content\/uploads\/2023\/02\/mesa-01-2023.jpg\" alt=\"\" width=\"1061\" height=\"585\" srcset=\"https:\/\/www.fica.unsl.edu.ar\/wp-content\/uploads\/2023\/02\/mesa-01-2023.jpg 1061w, https:\/\/www.fica.unsl.edu.ar\/wp-content\/uploads\/2023\/02\/mesa-01-2023-300x165.jpg 300w, https:\/\/www.fica.unsl.edu.ar\/wp-content\/uploads\/2023\/02\/mesa-01-2023-1024x565.jpg 1024w, https:\/\/www.fica.unsl.edu.ar\/wp-content\/uploads\/2023\/02\/mesa-01-2023-768x423.jpg 768w\" sizes=\"(max-width: 1061px) 100vw, 1061px\" \/><\/p>\n<p>Fernando Videla, jefe del programa de Campo, perteneciente al ministerio de Producci\u00f3n de la provincia, se\u00f1al\u00f3 que la idea de esta primera reuni\u00f3n es \u201cponernos de acuerdo para consensuar una agenda de trabajo para todo el a\u00f1o\u201d, y destac\u00f3 que, desde el ministerio de Provincial \u201cel principal objetivo es seguir desarrollando a algo que se ven\u00eda trabajando desde hace tiempo y que ha sido consensuado con la mayor\u00eda de los sectores que es la Le Frutihort\u00edcola provincia\u201d. La citada ley, aprobada por la Legislatura provincial a fines del a\u00f1o pasado, autoriza al gobierno a brindar aportes a los productores del sector. El prop\u00f3sito es la recuperaci\u00f3n de la producci\u00f3n frutihort\u00edcola provincial y, en consecuencia, promover una utilizaci\u00f3n m\u00e1s efectiva de los recursos, fortalecer el mercado interno, generar nuevos puestos de empleo, entre otros objetivos.<\/p>\n<p>\u201cLa ley es unos de los temas centrales -remarc\u00f3 Videla-, aunque en la elaboraci\u00f3n de la agenda de trabajo surgen otros que tambi\u00e9n que son importantes y se van analizando. Todos ser\u00e1n tratados en los encuentros peri\u00f3dicos que se programar\u00e1n para el presente a\u00f1o\u201d, puntualiz\u00f3 el jefe de programa. Por \u00faltimo, resalt\u00f3 que el gobierno y la UNSL, \u201cnos debemos a la sociedad, y en ese sentido, el prop\u00f3sito es trabajar mancomunadamente para brindarle a la sociedad un panorama sobre el destino de las pol\u00edticas provinciales y nacionales que sean importantes para el sector, como por ejemplo los vinculados con adelantos tecnol\u00f3gicos que se puedan implementar para lograr una producci\u00f3n adecuada y sustentable a trav\u00e9s del tiempo\u201d.<\/p>\n","protected":false},"excerpt":{"rendered":"<p>La ley \u201cR\u00e9gimen para la Recuperaci\u00f3n de la Producci\u00f3n Frutihort\u00edcola Provincial\u201d aprobada en diciembre pasado, que permite al gobierno de la provincial destinar aportes a&hellip;<\/p>\n","protected":false},"author":9,"featured_media":12514,"comment_status":"closed","ping_status":"closed","sticky":false,"template":"","format":"standard","meta":{"_monsterinsights_skip_tracking":false,"_monsterinsights_sitenote_active":false,"_monsterinsights_sitenote_note":"","_monsterinsights_sitenote_category":0,"_joinchat":[],"footnotes":""},"categories":[19],"tags":[],"class_list":["post-12512","post","type-post","status-publish","format-standard","has-post-thumbnail","hentry","category-noticias"],"yoast_head":"<!-- This site is optimized with the Yoast SEO plugin v27.4 - https:\/\/yoast.com\/product\/yoast-seo-wordpress\/ -->\n<title>Ley para la recuperaci\u00f3n del sector, tema central en la primera reuni\u00f3n de la Mesa Frutihort\u00edcola - Facultad de Ingenier\u00eda y Ciencias Agropecuarias<\/title>\n<meta name=\"robots\" content=\"index, follow, max-snippet:-1, max-image-preview:large, max-video-preview:-1\" \/>\n<link rel=\"canonical\" href=\"https:\/\/www.fica.unsl.edu.ar\/index.php\/ley-para-la-recuperacion-del-sector-tema-central-en-la-primera-reunion-de-la-mesa-frutihorticola\/\" \/>\n<meta property=\"og:locale\" content=\"es_ES\" \/>\n<meta property=\"og:type\" content=\"article\" \/>\n<meta property=\"og:title\" content=\"Ley para la recuperaci\u00f3n del sector, tema central en la primera reuni\u00f3n de la Mesa Frutihort\u00edcola - Facultad de Ingenier\u00eda y Ciencias Agropecuarias\" \/>\n<meta property=\"og:description\" content=\"La ley \u201cR\u00e9gimen para la Recuperaci\u00f3n de la Producci\u00f3n Frutihort\u00edcola Provincial\u201d aprobada en diciembre pasado, que permite al gobierno de la provincial destinar aportes a&hellip;\" \/>\n<meta property=\"og:url\" content=\"https:\/\/www.fica.unsl.edu.ar\/index.php\/ley-para-la-recuperacion-del-sector-tema-central-en-la-primera-reunion-de-la-mesa-frutihorticola\/\" \/>\n<meta property=\"og:site_name\" content=\"Facultad de Ingenier\u00eda y Ciencias Agropecuarias\" \/>\n<meta property=\"article:publisher\" content=\"https:\/\/www.facebook.com\/FICA.UNSL\/\" \/>\n<meta property=\"article:published_time\" content=\"2023-02-28T16:10:00+00:00\" \/>\n<meta property=\"article:modified_time\" content=\"2023-03-15T12:38:59+00:00\" \/>\n<meta property=\"og:image\" content=\"https:\/\/www.fica.unsl.edu.ar\/wp-content\/uploads\/2023\/02\/mesa-front-2023.jpg\" \/>\n\t<meta property=\"og:image:width\" content=\"1061\" \/>\n\t<meta property=\"og:image:height\" content=\"585\" \/>\n\t<meta property=\"og:image:type\" content=\"image\/jpeg\" \/>\n<meta name=\"author\" content=\"DATI\" \/>\n<meta name=\"twitter:card\" content=\"summary_large_image\" \/>\n<meta name=\"twitter:creator\" content=\"@FICAUNSL\" \/>\n<meta name=\"twitter:site\" content=\"@FICAUNSL\" \/>\n<meta name=\"twitter:label1\" content=\"Escrito por\" \/>\n\t<meta name=\"twitter:data1\" content=\"DATI\" \/>\n\t<meta name=\"twitter:label2\" content=\"Tiempo de lectura\" \/>\n\t<meta name=\"twitter:data2\" content=\"3 minutos\" \/>\n<script type=\"application\/ld+json\" class=\"yoast-schema-graph\">{\"@context\":\"https:\\\/\\\/schema.org\",\"@graph\":[{\"@type\":\"Article\",\"@id\":\"https:\\\/\\\/www.fica.unsl.edu.ar\\\/index.php\\\/ley-para-la-recuperacion-del-sector-tema-central-en-la-primera-reunion-de-la-mesa-frutihorticola\\\/#article\",\"isPartOf\":{\"@id\":\"https:\\\/\\\/www.fica.unsl.edu.ar\\\/index.php\\\/ley-para-la-recuperacion-del-sector-tema-central-en-la-primera-reunion-de-la-mesa-frutihorticola\\\/\"},\"author\":{\"name\":\"DATI\",\"@id\":\"https:\\\/\\\/www.fica.unsl.edu.ar\\\/#\\\/schema\\\/person\\\/6058f9c66301868d3a691b1f5d6c3544\"},\"headline\":\"Ley para la recuperaci\u00f3n del sector, tema central en la primera reuni\u00f3n de la Mesa Frutihort\u00edcola\",\"datePublished\":\"2023-02-28T16:10:00+00:00\",\"dateModified\":\"2023-03-15T12:38:59+00:00\",\"mainEntityOfPage\":{\"@id\":\"https:\\\/\\\/www.fica.unsl.edu.ar\\\/index.php\\\/ley-para-la-recuperacion-del-sector-tema-central-en-la-primera-reunion-de-la-mesa-frutihorticola\\\/\"},\"wordCount\":490,\"publisher\":{\"@id\":\"https:\\\/\\\/www.fica.unsl.edu.ar\\\/#organization\"},\"image\":{\"@id\":\"https:\\\/\\\/www.fica.unsl.edu.ar\\\/index.php\\\/ley-para-la-recuperacion-del-sector-tema-central-en-la-primera-reunion-de-la-mesa-frutihorticola\\\/#primaryimage\"},\"thumbnailUrl\":\"https:\\\/\\\/www.fica.unsl.edu.ar\\\/wp-content\\\/uploads\\\/2023\\\/02\\\/mesa-front-2023.jpg\",\"articleSection\":[\"Noticias\"],\"inLanguage\":\"es-AR\"},{\"@type\":\"WebPage\",\"@id\":\"https:\\\/\\\/www.fica.unsl.edu.ar\\\/index.php\\\/ley-para-la-recuperacion-del-sector-tema-central-en-la-primera-reunion-de-la-mesa-frutihorticola\\\/\",\"url\":\"https:\\\/\\\/www.fica.unsl.edu.ar\\\/index.php\\\/ley-para-la-recuperacion-del-sector-tema-central-en-la-primera-reunion-de-la-mesa-frutihorticola\\\/\",\"name\":\"Ley para la recuperaci\u00f3n del sector, tema central en la primera reuni\u00f3n de la Mesa Frutihort\u00edcola - Facultad de Ingenier\u00eda y Ciencias Agropecuarias\",\"isPartOf\":{\"@id\":\"https:\\\/\\\/www.fica.unsl.edu.ar\\\/#website\"},\"primaryImageOfPage\":{\"@id\":\"https:\\\/\\\/www.fica.unsl.edu.ar\\\/index.php\\\/ley-para-la-recuperacion-del-sector-tema-central-en-la-primera-reunion-de-la-mesa-frutihorticola\\\/#primaryimage\"},\"image\":{\"@id\":\"https:\\\/\\\/www.fica.unsl.edu.ar\\\/index.php\\\/ley-para-la-recuperacion-del-sector-tema-central-en-la-primera-reunion-de-la-mesa-frutihorticola\\\/#primaryimage\"},\"thumbnailUrl\":\"https:\\\/\\\/www.fica.unsl.edu.ar\\\/wp-content\\\/uploads\\\/2023\\\/02\\\/mesa-front-2023.jpg\",\"datePublished\":\"2023-02-28T16:10:00+00:00\",\"dateModified\":\"2023-03-15T12:38:59+00:00\",\"inLanguage\":\"es-AR\",\"potentialAction\":[{\"@type\":\"ReadAction\",\"target\":[\"https:\\\/\\\/www.fica.unsl.edu.ar\\\/index.php\\\/ley-para-la-recuperacion-del-sector-tema-central-en-la-primera-reunion-de-la-mesa-frutihorticola\\\/\"]}]},{\"@type\":\"ImageObject\",\"inLanguage\":\"es-AR\",\"@id\":\"https:\\\/\\\/www.fica.unsl.edu.ar\\\/index.php\\\/ley-para-la-recuperacion-del-sector-tema-central-en-la-primera-reunion-de-la-mesa-frutihorticola\\\/#primaryimage\",\"url\":\"https:\\\/\\\/www.fica.unsl.edu.ar\\\/wp-content\\\/uploads\\\/2023\\\/02\\\/mesa-front-2023.jpg\",\"contentUrl\":\"https:\\\/\\\/www.fica.unsl.edu.ar\\\/wp-content\\\/uploads\\\/2023\\\/02\\\/mesa-front-2023.jpg\",\"width\":1061,\"height\":585},{\"@type\":\"WebSite\",\"@id\":\"https:\\\/\\\/www.fica.unsl.edu.ar\\\/#website\",\"url\":\"https:\\\/\\\/www.fica.unsl.edu.ar\\\/\",\"name\":\"Facultad de Ingenier\u00eda y Ciencias Agropecuarias\",\"description\":\"\",\"publisher\":{\"@id\":\"https:\\\/\\\/www.fica.unsl.edu.ar\\\/#organization\"},\"potentialAction\":[{\"@type\":\"SearchAction\",\"target\":{\"@type\":\"EntryPoint\",\"urlTemplate\":\"https:\\\/\\\/www.fica.unsl.edu.ar\\\/?s={search_term_string}\"},\"query-input\":{\"@type\":\"PropertyValueSpecification\",\"valueRequired\":true,\"valueName\":\"search_term_string\"}}],\"inLanguage\":\"es-AR\"},{\"@type\":\"Organization\",\"@id\":\"https:\\\/\\\/www.fica.unsl.edu.ar\\\/#organization\",\"name\":\"Facultad de Ingenier\u00eda y Ciencias Agropecuarias\",\"url\":\"https:\\\/\\\/www.fica.unsl.edu.ar\\\/\",\"logo\":{\"@type\":\"ImageObject\",\"inLanguage\":\"es-AR\",\"@id\":\"https:\\\/\\\/www.fica.unsl.edu.ar\\\/#\\\/schema\\\/logo\\\/image\\\/\",\"url\":\"https:\\\/\\\/www.fica.unsl.edu.ar\\\/wp-content\\\/uploads\\\/2021\\\/03\\\/LOGO-1.jpg\",\"contentUrl\":\"https:\\\/\\\/www.fica.unsl.edu.ar\\\/wp-content\\\/uploads\\\/2021\\\/03\\\/LOGO-1.jpg\",\"width\":463,\"height\":145,\"caption\":\"Facultad de Ingenier\u00eda y Ciencias Agropecuarias\"},\"image\":{\"@id\":\"https:\\\/\\\/www.fica.unsl.edu.ar\\\/#\\\/schema\\\/logo\\\/image\\\/\"},\"sameAs\":[\"https:\\\/\\\/www.facebook.com\\\/FICA.UNSL\\\/\",\"https:\\\/\\\/x.com\\\/FICAUNSL\",\"https:\\\/\\\/www.instagram.com\\\/fica.unsl\\\/\",\"https:\\\/\\\/www.youtube.com\\\/channel\\\/UCs2MM53gb2PyBrMySdtWZDQ\"]},{\"@type\":\"Person\",\"@id\":\"https:\\\/\\\/www.fica.unsl.edu.ar\\\/#\\\/schema\\\/person\\\/6058f9c66301868d3a691b1f5d6c3544\",\"name\":\"DATI\"}]}<\/script>\n<!-- \/ Yoast SEO plugin. -->","yoast_head_json":{"title":"Ley para la recuperaci\u00f3n del sector, tema central en la primera reuni\u00f3n de la Mesa Frutihort\u00edcola - Facultad de Ingenier\u00eda y Ciencias Agropecuarias","robots":{"index":"index","follow":"follow","max-snippet":"max-snippet:-1","max-image-preview":"max-image-preview:large","max-video-preview":"max-video-preview:-1"},"canonical":"https:\/\/www.fica.unsl.edu.ar\/index.php\/ley-para-la-recuperacion-del-sector-tema-central-en-la-primera-reunion-de-la-mesa-frutihorticola\/","og_locale":"es_ES","og_type":"article","og_title":"Ley para la recuperaci\u00f3n del sector, tema central en la primera reuni\u00f3n de la Mesa Frutihort\u00edcola - Facultad de Ingenier\u00eda y Ciencias Agropecuarias","og_description":"La ley \u201cR\u00e9gimen para la Recuperaci\u00f3n de la Producci\u00f3n Frutihort\u00edcola Provincial\u201d aprobada en diciembre pasado, que permite al gobierno de la provincial destinar aportes a&hellip;","og_url":"https:\/\/www.fica.unsl.edu.ar\/index.php\/ley-para-la-recuperacion-del-sector-tema-central-en-la-primera-reunion-de-la-mesa-frutihorticola\/","og_site_name":"Facultad de Ingenier\u00eda y Ciencias Agropecuarias","article_publisher":"https:\/\/www.facebook.com\/FICA.UNSL\/","article_published_time":"2023-02-28T16:10:00+00:00","article_modified_time":"2023-03-15T12:38:59+00:00","og_image":[{"width":1061,"height":585,"url":"https:\/\/www.fica.unsl.edu.ar\/wp-content\/uploads\/2023\/02\/mesa-front-2023.jpg","type":"image\/jpeg"}],"author":"DATI","twitter_card":"summary_large_image","twitter_creator":"@FICAUNSL","twitter_site":"@FICAUNSL","twitter_misc":{"Escrito por":"DATI","Tiempo de lectura":"3 minutos"},"schema":{"@context":"https:\/\/schema.org","@graph":[{"@type":"Article","@id":"https:\/\/www.fica.unsl.edu.ar\/index.php\/ley-para-la-recuperacion-del-sector-tema-central-en-la-primera-reunion-de-la-mesa-frutihorticola\/#article","isPartOf":{"@id":"https:\/\/www.fica.unsl.edu.ar\/index.php\/ley-para-la-recuperacion-del-sector-tema-central-en-la-primera-reunion-de-la-mesa-frutihorticola\/"},"author":{"name":"DATI","@id":"https:\/\/www.fica.unsl.edu.ar\/#\/schema\/person\/6058f9c66301868d3a691b1f5d6c3544"},"headline":"Ley para la recuperaci\u00f3n del sector, tema central en la primera reuni\u00f3n de la Mesa Frutihort\u00edcola","datePublished":"2023-02-28T16:10:00+00:00","dateModified":"2023-03-15T12:38:59+00:00","mainEntityOfPage":{"@id":"https:\/\/www.fica.unsl.edu.ar\/index.php\/ley-para-la-recuperacion-del-sector-tema-central-en-la-primera-reunion-de-la-mesa-frutihorticola\/"},"wordCount":490,"publisher":{"@id":"https:\/\/www.fica.unsl.edu.ar\/#organization"},"image":{"@id":"https:\/\/www.fica.unsl.edu.ar\/index.php\/ley-para-la-recuperacion-del-sector-tema-central-en-la-primera-reunion-de-la-mesa-frutihorticola\/#primaryimage"},"thumbnailUrl":"https:\/\/www.fica.unsl.edu.ar\/wp-content\/uploads\/2023\/02\/mesa-front-2023.jpg","articleSection":["Noticias"],"inLanguage":"es-AR"},{"@type":"WebPage","@id":"https:\/\/www.fica.unsl.edu.ar\/index.php\/ley-para-la-recuperacion-del-sector-tema-central-en-la-primera-reunion-de-la-mesa-frutihorticola\/","url":"https:\/\/www.fica.unsl.edu.ar\/index.php\/ley-para-la-recuperacion-del-sector-tema-central-en-la-primera-reunion-de-la-mesa-frutihorticola\/","name":"Ley para la recuperaci\u00f3n del sector, tema central en la primera reuni\u00f3n de la Mesa Frutihort\u00edcola - Facultad de Ingenier\u00eda y Ciencias Agropecuarias","isPartOf":{"@id":"https:\/\/www.fica.unsl.edu.ar\/#website"},"primaryImageOfPage":{"@id":"https:\/\/www.fica.unsl.edu.ar\/index.php\/ley-para-la-recuperacion-del-sector-tema-central-en-la-primera-reunion-de-la-mesa-frutihorticola\/#primaryimage"},"image":{"@id":"https:\/\/www.fica.unsl.edu.ar\/index.php\/ley-para-la-recuperacion-del-sector-tema-central-en-la-primera-reunion-de-la-mesa-frutihorticola\/#primaryimage"},"thumbnailUrl":"https:\/\/www.fica.unsl.edu.ar\/wp-content\/uploads\/2023\/02\/mesa-front-2023.jpg","datePublished":"2023-02-28T16:10:00+00:00","dateModified":"2023-03-15T12:38:59+00:00","inLanguage":"es-AR","potentialAction":[{"@type":"ReadAction","target":["https:\/\/www.fica.unsl.edu.ar\/index.php\/ley-para-la-recuperacion-del-sector-tema-central-en-la-primera-reunion-de-la-mesa-frutihorticola\/"]}]},{"@type":"ImageObject","inLanguage":"es-AR","@id":"https:\/\/www.fica.unsl.edu.ar\/index.php\/ley-para-la-recuperacion-del-sector-tema-central-en-la-primera-reunion-de-la-mesa-frutihorticola\/#primaryimage","url":"https:\/\/www.fica.unsl.edu.ar\/wp-content\/uploads\/2023\/02\/mesa-front-2023.jpg","contentUrl":"https:\/\/www.fica.unsl.edu.ar\/wp-content\/uploads\/2023\/02\/mesa-front-2023.jpg","width":1061,"height":585},{"@type":"WebSite","@id":"https:\/\/www.fica.unsl.edu.ar\/#website","url":"https:\/\/www.fica.unsl.edu.ar\/","name":"Facultad de Ingenier\u00eda y Ciencias Agropecuarias","description":"","publisher":{"@id":"https:\/\/www.fica.unsl.edu.ar\/#organization"},"potentialAction":[{"@type":"SearchAction","target":{"@type":"EntryPoint","urlTemplate":"https:\/\/www.fica.unsl.edu.ar\/?s={search_term_string}"},"query-input":{"@type":"PropertyValueSpecification","valueRequired":true,"valueName":"search_term_string"}}],"inLanguage":"es-AR"},{"@type":"Organization","@id":"https:\/\/www.fica.unsl.edu.ar\/#organization","name":"Facultad de Ingenier\u00eda y Ciencias Agropecuarias","url":"https:\/\/www.fica.unsl.edu.ar\/","logo":{"@type":"ImageObject","inLanguage":"es-AR","@id":"https:\/\/www.fica.unsl.edu.ar\/#\/schema\/logo\/image\/","url":"https:\/\/www.fica.unsl.edu.ar\/wp-content\/uploads\/2021\/03\/LOGO-1.jpg","contentUrl":"https:\/\/www.fica.unsl.edu.ar\/wp-content\/uploads\/2021\/03\/LOGO-1.jpg","width":463,"height":145,"caption":"Facultad de Ingenier\u00eda y Ciencias Agropecuarias"},"image":{"@id":"https:\/\/www.fica.unsl.edu.ar\/#\/schema\/logo\/image\/"},"sameAs":["https:\/\/www.facebook.com\/FICA.UNSL\/","https:\/\/x.com\/FICAUNSL","https:\/\/www.instagram.com\/fica.unsl\/","https:\/\/www.youtube.com\/channel\/UCs2MM53gb2PyBrMySdtWZDQ"]},{"@type":"Person","@id":"https:\/\/www.fica.unsl.edu.ar\/#\/schema\/person\/6058f9c66301868d3a691b1f5d6c3544","name":"DATI"}]}},"_links":{"self":[{"href":"https:\/\/www.fica.unsl.edu.ar\/index.php\/wp-json\/wp\/v2\/posts\/12512","targetHints":{"allow":["GET"]}}],"collection":[{"href":"https:\/\/www.fica.unsl.edu.ar\/index.php\/wp-json\/wp\/v2\/posts"}],"about":[{"href":"https:\/\/www.fica.unsl.edu.ar\/index.php\/wp-json\/wp\/v2\/types\/post"}],"author":[{"embeddable":true,"href":"https:\/\/www.fica.unsl.edu.ar\/index.php\/wp-json\/wp\/v2\/users\/9"}],"replies":[{"embeddable":true,"href":"https:\/\/www.fica.unsl.edu.ar\/index.php\/wp-json\/wp\/v2\/comments?post=12512"}],"version-history":[{"count":2,"href":"https:\/\/www.fica.unsl.edu.ar\/index.php\/wp-json\/wp\/v2\/posts\/12512\/revisions"}],"predecessor-version":[{"id":12516,"href":"https:\/\/www.fica.unsl.edu.ar\/index.php\/wp-json\/wp\/v2\/posts\/12512\/revisions\/12516"}],"wp:featuredmedia":[{"embeddable":true,"href":"https:\/\/www.fica.unsl.edu.ar\/index.php\/wp-json\/wp\/v2\/media\/12514"}],"wp:attachment":[{"href":"https:\/\/www.fica.unsl.edu.ar\/index.php\/wp-json\/wp\/v2\/media?parent=12512"}],"wp:term":[{"taxonomy":"category","embeddable":true,"href":"https:\/\/www.fica.unsl.edu.ar\/index.php\/wp-json\/wp\/v2\/categories?post=12512"},{"taxonomy":"post_tag","embeddable":true,"href":"https:\/\/www.fica.unsl.edu.ar\/index.php\/wp-json\/wp\/v2\/tags?post=12512"}],"curies":[{"name":"wp","href":"https:\/\/api.w.org\/{rel}","templated":true}]}}