{"id":12517,"date":"2023-03-11T13:42:24","date_gmt":"2023-03-11T16:42:24","guid":{"rendered":"http:\/\/10.101.10.196\/www\/?p=12517"},"modified":"2023-03-15T11:48:47","modified_gmt":"2023-03-15T14:48:47","slug":"concurso-desafio-innovadores-emprendedores-de-san-luis-al-mundo-edicion-2023","status":"publish","type":"post","link":"https:\/\/www.fica.unsl.edu.ar\/index.php\/concurso-desafio-innovadores-emprendedores-de-san-luis-al-mundo-edicion-2023\/","title":{"rendered":"Concurso Desaf\u00edo \u201cInnovadores emprendedores: de San Luis al mundo | edici\u00f3n 2023"},"content":{"rendered":"<p>La Agencia de Ciencia, Tecnolog\u00eda y Sociedad San Luis del gobierno provincial, organiza la primera edici\u00f3n del Concurso Desaf\u00edo <strong>\u201cInnovadores emprendedores: de San Luis al mundo | edici\u00f3n 2023\u201d<\/strong>, el cual busca promover la expansi\u00f3n de la cultura innovadora en la provincia entre los j\u00f3venes sanluise\u00f1os, incentivar la generaci\u00f3n de nuevas soluciones y emprendimientos innovadores, e impulsar el desarrollo de habilidades del futuro como creatividad, innovaci\u00f3n y trabajo colaborativo.<\/p>\n<p>El Concurso<strong> busca premiar a j\u00f3venes de entre 13 y 24 a\u00f1os<\/strong> que desarrollen ideas innovadoras (nuevos productos, servicios o procesos) para resolver problem\u00e1ticas actuales, destacados por su altura inventiva, novedad u originalidad, que demuestren mejoras con respecto a las soluciones ya existentes.\u00a0Hasta el mi\u00e9rcoles 22 de marzo, los interesados podr\u00e1n inscribirse, completando con sus datos el formulario online publicado en el sitio innovadores.sanluis.gov.ar.\u00a0Desde el mi\u00e9rcoles 29 de marzo al mi\u00e9rcoles 12 de abril, en una segunda etapa, podr\u00e1n subir el enlace a YouTube del video explicando su propuesta.<\/p>\n<p>En esta edici\u00f3n, la organizaci\u00f3n del desaf\u00edo, valorar\u00e1 propuestas que puedan enmarcarse en los Objetivos de Desarrollo Sostenible as\u00ed como en los siguientes Vectores Estrat\u00e9gicos Provinciales comprendidos en el Plan Nacional de Ciencia, Tecnolog\u00eda e Innovaci\u00f3n Argentina 2030: Salud, Agroindustria, Ambiente, Econom\u00eda del Conocimiento y Cultura y Turismo.<\/p>\n<h3 style=\"text-align: center;\"><strong><a href=\"https:\/\/innovadores.sanluis.gov.ar\/\" target=\"_blank\" rel=\"noopener\">BASES<\/a><\/strong><\/h3>\n","protected":false},"excerpt":{"rendered":"<p>La Agencia de Ciencia, Tecnolog\u00eda y Sociedad San Luis del gobierno provincial, organiza la primera edici\u00f3n del Concurso Desaf\u00edo \u201cInnovadores emprendedores: de San Luis al&hellip;<\/p>\n","protected":false},"author":9,"featured_media":12518,"comment_status":"closed","ping_status":"closed","sticky":false,"template":"","format":"standard","meta":{"_monsterinsights_skip_tracking":false,"_monsterinsights_sitenote_active":false,"_monsterinsights_sitenote_note":"","_monsterinsights_sitenote_category":0,"_joinchat":[],"footnotes":""},"categories":[19],"tags":[],"class_list":["post-12517","post","type-post","status-publish","format-standard","has-post-thumbnail","hentry","category-noticias"],"yoast_head":"<!-- This site is optimized with the Yoast SEO plugin v27.4 - https:\/\/yoast.com\/product\/yoast-seo-wordpress\/ -->\n<title>Concurso Desaf\u00edo \u201cInnovadores emprendedores: de San Luis al mundo | edici\u00f3n 2023 - Facultad de Ingenier\u00eda y Ciencias Agropecuarias<\/title>\n<meta name=\"robots\" content=\"index, follow, max-snippet:-1, max-image-preview:large, max-video-preview:-1\" \/>\n<link rel=\"canonical\" href=\"https:\/\/www.fica.unsl.edu.ar\/index.php\/concurso-desafio-innovadores-emprendedores-de-san-luis-al-mundo-edicion-2023\/\" \/>\n<meta property=\"og:locale\" content=\"es_ES\" \/>\n<meta property=\"og:type\" content=\"article\" \/>\n<meta property=\"og:title\" content=\"Concurso Desaf\u00edo \u201cInnovadores emprendedores: de San Luis al mundo | edici\u00f3n 2023 - Facultad de Ingenier\u00eda y Ciencias Agropecuarias\" \/>\n<meta property=\"og:description\" content=\"La Agencia de Ciencia, Tecnolog\u00eda y Sociedad San Luis del gobierno provincial, organiza la primera edici\u00f3n del Concurso Desaf\u00edo \u201cInnovadores emprendedores: de San Luis al&hellip;\" \/>\n<meta property=\"og:url\" content=\"https:\/\/www.fica.unsl.edu.ar\/index.php\/concurso-desafio-innovadores-emprendedores-de-san-luis-al-mundo-edicion-2023\/\" \/>\n<meta property=\"og:site_name\" content=\"Facultad de Ingenier\u00eda y Ciencias Agropecuarias\" \/>\n<meta property=\"article:publisher\" content=\"https:\/\/www.facebook.com\/FICA.UNSL\/\" \/>\n<meta property=\"article:published_time\" content=\"2023-03-11T16:42:24+00:00\" \/>\n<meta property=\"article:modified_time\" content=\"2023-03-15T14:48:47+00:00\" \/>\n<meta property=\"og:image\" content=\"https:\/\/www.fica.unsl.edu.ar\/wp-content\/uploads\/2023\/02\/convocatoria-inovadores.jpg\" \/>\n\t<meta property=\"og:image:width\" content=\"1061\" \/>\n\t<meta property=\"og:image:height\" content=\"585\" \/>\n\t<meta property=\"og:image:type\" content=\"image\/jpeg\" \/>\n<meta name=\"author\" content=\"DATI\" \/>\n<meta name=\"twitter:card\" content=\"summary_large_image\" \/>\n<meta name=\"twitter:creator\" content=\"@FICAUNSL\" \/>\n<meta name=\"twitter:site\" content=\"@FICAUNSL\" \/>\n<meta name=\"twitter:label1\" content=\"Escrito por\" \/>\n\t<meta name=\"twitter:data1\" content=\"DATI\" \/>\n\t<meta name=\"twitter:label2\" content=\"Tiempo de lectura\" \/>\n\t<meta name=\"twitter:data2\" content=\"1 minuto\" \/>\n<script type=\"application\/ld+json\" class=\"yoast-schema-graph\">{\"@context\":\"https:\\\/\\\/schema.org\",\"@graph\":[{\"@type\":\"Article\",\"@id\":\"https:\\\/\\\/www.fica.unsl.edu.ar\\\/index.php\\\/concurso-desafio-innovadores-emprendedores-de-san-luis-al-mundo-edicion-2023\\\/#article\",\"isPartOf\":{\"@id\":\"https:\\\/\\\/www.fica.unsl.edu.ar\\\/index.php\\\/concurso-desafio-innovadores-emprendedores-de-san-luis-al-mundo-edicion-2023\\\/\"},\"author\":{\"name\":\"DATI\",\"@id\":\"https:\\\/\\\/www.fica.unsl.edu.ar\\\/#\\\/schema\\\/person\\\/6058f9c66301868d3a691b1f5d6c3544\"},\"headline\":\"Concurso Desaf\u00edo \u201cInnovadores emprendedores: de San Luis al mundo | edici\u00f3n 2023\",\"datePublished\":\"2023-03-11T16:42:24+00:00\",\"dateModified\":\"2023-03-15T14:48:47+00:00\",\"mainEntityOfPage\":{\"@id\":\"https:\\\/\\\/www.fica.unsl.edu.ar\\\/index.php\\\/concurso-desafio-innovadores-emprendedores-de-san-luis-al-mundo-edicion-2023\\\/\"},\"wordCount\":240,\"publisher\":{\"@id\":\"https:\\\/\\\/www.fica.unsl.edu.ar\\\/#organization\"},\"image\":{\"@id\":\"https:\\\/\\\/www.fica.unsl.edu.ar\\\/index.php\\\/concurso-desafio-innovadores-emprendedores-de-san-luis-al-mundo-edicion-2023\\\/#primaryimage\"},\"thumbnailUrl\":\"https:\\\/\\\/www.fica.unsl.edu.ar\\\/wp-content\\\/uploads\\\/2023\\\/02\\\/convocatoria-inovadores.jpg\",\"articleSection\":[\"Noticias\"],\"inLanguage\":\"es-AR\"},{\"@type\":\"WebPage\",\"@id\":\"https:\\\/\\\/www.fica.unsl.edu.ar\\\/index.php\\\/concurso-desafio-innovadores-emprendedores-de-san-luis-al-mundo-edicion-2023\\\/\",\"url\":\"https:\\\/\\\/www.fica.unsl.edu.ar\\\/index.php\\\/concurso-desafio-innovadores-emprendedores-de-san-luis-al-mundo-edicion-2023\\\/\",\"name\":\"Concurso Desaf\u00edo \u201cInnovadores emprendedores: de San Luis al mundo | edici\u00f3n 2023 - Facultad de Ingenier\u00eda y Ciencias Agropecuarias\",\"isPartOf\":{\"@id\":\"https:\\\/\\\/www.fica.unsl.edu.ar\\\/#website\"},\"primaryImageOfPage\":{\"@id\":\"https:\\\/\\\/www.fica.unsl.edu.ar\\\/index.php\\\/concurso-desafio-innovadores-emprendedores-de-san-luis-al-mundo-edicion-2023\\\/#primaryimage\"},\"image\":{\"@id\":\"https:\\\/\\\/www.fica.unsl.edu.ar\\\/index.php\\\/concurso-desafio-innovadores-emprendedores-de-san-luis-al-mundo-edicion-2023\\\/#primaryimage\"},\"thumbnailUrl\":\"https:\\\/\\\/www.fica.unsl.edu.ar\\\/wp-content\\\/uploads\\\/2023\\\/02\\\/convocatoria-inovadores.jpg\",\"datePublished\":\"2023-03-11T16:42:24+00:00\",\"dateModified\":\"2023-03-15T14:48:47+00:00\",\"inLanguage\":\"es-AR\",\"potentialAction\":[{\"@type\":\"ReadAction\",\"target\":[\"https:\\\/\\\/www.fica.unsl.edu.ar\\\/index.php\\\/concurso-desafio-innovadores-emprendedores-de-san-luis-al-mundo-edicion-2023\\\/\"]}]},{\"@type\":\"ImageObject\",\"inLanguage\":\"es-AR\",\"@id\":\"https:\\\/\\\/www.fica.unsl.edu.ar\\\/index.php\\\/concurso-desafio-innovadores-emprendedores-de-san-luis-al-mundo-edicion-2023\\\/#primaryimage\",\"url\":\"https:\\\/\\\/www.fica.unsl.edu.ar\\\/wp-content\\\/uploads\\\/2023\\\/02\\\/convocatoria-inovadores.jpg\",\"contentUrl\":\"https:\\\/\\\/www.fica.unsl.edu.ar\\\/wp-content\\\/uploads\\\/2023\\\/02\\\/convocatoria-inovadores.jpg\",\"width\":1061,\"height\":585},{\"@type\":\"WebSite\",\"@id\":\"https:\\\/\\\/www.fica.unsl.edu.ar\\\/#website\",\"url\":\"https:\\\/\\\/www.fica.unsl.edu.ar\\\/\",\"name\":\"Facultad de Ingenier\u00eda y Ciencias Agropecuarias\",\"description\":\"\",\"publisher\":{\"@id\":\"https:\\\/\\\/www.fica.unsl.edu.ar\\\/#organization\"},\"potentialAction\":[{\"@type\":\"SearchAction\",\"target\":{\"@type\":\"EntryPoint\",\"urlTemplate\":\"https:\\\/\\\/www.fica.unsl.edu.ar\\\/?s={search_term_string}\"},\"query-input\":{\"@type\":\"PropertyValueSpecification\",\"valueRequired\":true,\"valueName\":\"search_term_string\"}}],\"inLanguage\":\"es-AR\"},{\"@type\":\"Organization\",\"@id\":\"https:\\\/\\\/www.fica.unsl.edu.ar\\\/#organization\",\"name\":\"Facultad de Ingenier\u00eda y Ciencias Agropecuarias\",\"url\":\"https:\\\/\\\/www.fica.unsl.edu.ar\\\/\",\"logo\":{\"@type\":\"ImageObject\",\"inLanguage\":\"es-AR\",\"@id\":\"https:\\\/\\\/www.fica.unsl.edu.ar\\\/#\\\/schema\\\/logo\\\/image\\\/\",\"url\":\"https:\\\/\\\/www.fica.unsl.edu.ar\\\/wp-content\\\/uploads\\\/2021\\\/03\\\/LOGO-1.jpg\",\"contentUrl\":\"https:\\\/\\\/www.fica.unsl.edu.ar\\\/wp-content\\\/uploads\\\/2021\\\/03\\\/LOGO-1.jpg\",\"width\":463,\"height\":145,\"caption\":\"Facultad de Ingenier\u00eda y Ciencias Agropecuarias\"},\"image\":{\"@id\":\"https:\\\/\\\/www.fica.unsl.edu.ar\\\/#\\\/schema\\\/logo\\\/image\\\/\"},\"sameAs\":[\"https:\\\/\\\/www.facebook.com\\\/FICA.UNSL\\\/\",\"https:\\\/\\\/x.com\\\/FICAUNSL\",\"https:\\\/\\\/www.instagram.com\\\/fica.unsl\\\/\",\"https:\\\/\\\/www.youtube.com\\\/channel\\\/UCs2MM53gb2PyBrMySdtWZDQ\"]},{\"@type\":\"Person\",\"@id\":\"https:\\\/\\\/www.fica.unsl.edu.ar\\\/#\\\/schema\\\/person\\\/6058f9c66301868d3a691b1f5d6c3544\",\"name\":\"DATI\"}]}<\/script>\n<!-- \/ Yoast SEO plugin. -->","yoast_head_json":{"title":"Concurso Desaf\u00edo \u201cInnovadores emprendedores: de San Luis al mundo | edici\u00f3n 2023 - Facultad de Ingenier\u00eda y Ciencias Agropecuarias","robots":{"index":"index","follow":"follow","max-snippet":"max-snippet:-1","max-image-preview":"max-image-preview:large","max-video-preview":"max-video-preview:-1"},"canonical":"https:\/\/www.fica.unsl.edu.ar\/index.php\/concurso-desafio-innovadores-emprendedores-de-san-luis-al-mundo-edicion-2023\/","og_locale":"es_ES","og_type":"article","og_title":"Concurso Desaf\u00edo \u201cInnovadores emprendedores: de San Luis al mundo | edici\u00f3n 2023 - Facultad de Ingenier\u00eda y Ciencias Agropecuarias","og_description":"La Agencia de Ciencia, Tecnolog\u00eda y Sociedad San Luis del gobierno provincial, organiza la primera edici\u00f3n del Concurso Desaf\u00edo \u201cInnovadores emprendedores: de San Luis al&hellip;","og_url":"https:\/\/www.fica.unsl.edu.ar\/index.php\/concurso-desafio-innovadores-emprendedores-de-san-luis-al-mundo-edicion-2023\/","og_site_name":"Facultad de Ingenier\u00eda y Ciencias Agropecuarias","article_publisher":"https:\/\/www.facebook.com\/FICA.UNSL\/","article_published_time":"2023-03-11T16:42:24+00:00","article_modified_time":"2023-03-15T14:48:47+00:00","og_image":[{"width":1061,"height":585,"url":"https:\/\/www.fica.unsl.edu.ar\/wp-content\/uploads\/2023\/02\/convocatoria-inovadores.jpg","type":"image\/jpeg"}],"author":"DATI","twitter_card":"summary_large_image","twitter_creator":"@FICAUNSL","twitter_site":"@FICAUNSL","twitter_misc":{"Escrito por":"DATI","Tiempo de lectura":"1 minuto"},"schema":{"@context":"https:\/\/schema.org","@graph":[{"@type":"Article","@id":"https:\/\/www.fica.unsl.edu.ar\/index.php\/concurso-desafio-innovadores-emprendedores-de-san-luis-al-mundo-edicion-2023\/#article","isPartOf":{"@id":"https:\/\/www.fica.unsl.edu.ar\/index.php\/concurso-desafio-innovadores-emprendedores-de-san-luis-al-mundo-edicion-2023\/"},"author":{"name":"DATI","@id":"https:\/\/www.fica.unsl.edu.ar\/#\/schema\/person\/6058f9c66301868d3a691b1f5d6c3544"},"headline":"Concurso Desaf\u00edo \u201cInnovadores emprendedores: de San Luis al mundo | edici\u00f3n 2023","datePublished":"2023-03-11T16:42:24+00:00","dateModified":"2023-03-15T14:48:47+00:00","mainEntityOfPage":{"@id":"https:\/\/www.fica.unsl.edu.ar\/index.php\/concurso-desafio-innovadores-emprendedores-de-san-luis-al-mundo-edicion-2023\/"},"wordCount":240,"publisher":{"@id":"https:\/\/www.fica.unsl.edu.ar\/#organization"},"image":{"@id":"https:\/\/www.fica.unsl.edu.ar\/index.php\/concurso-desafio-innovadores-emprendedores-de-san-luis-al-mundo-edicion-2023\/#primaryimage"},"thumbnailUrl":"https:\/\/www.fica.unsl.edu.ar\/wp-content\/uploads\/2023\/02\/convocatoria-inovadores.jpg","articleSection":["Noticias"],"inLanguage":"es-AR"},{"@type":"WebPage","@id":"https:\/\/www.fica.unsl.edu.ar\/index.php\/concurso-desafio-innovadores-emprendedores-de-san-luis-al-mundo-edicion-2023\/","url":"https:\/\/www.fica.unsl.edu.ar\/index.php\/concurso-desafio-innovadores-emprendedores-de-san-luis-al-mundo-edicion-2023\/","name":"Concurso Desaf\u00edo \u201cInnovadores emprendedores: de San Luis al mundo | edici\u00f3n 2023 - Facultad de Ingenier\u00eda y Ciencias Agropecuarias","isPartOf":{"@id":"https:\/\/www.fica.unsl.edu.ar\/#website"},"primaryImageOfPage":{"@id":"https:\/\/www.fica.unsl.edu.ar\/index.php\/concurso-desafio-innovadores-emprendedores-de-san-luis-al-mundo-edicion-2023\/#primaryimage"},"image":{"@id":"https:\/\/www.fica.unsl.edu.ar\/index.php\/concurso-desafio-innovadores-emprendedores-de-san-luis-al-mundo-edicion-2023\/#primaryimage"},"thumbnailUrl":"https:\/\/www.fica.unsl.edu.ar\/wp-content\/uploads\/2023\/02\/convocatoria-inovadores.jpg","datePublished":"2023-03-11T16:42:24+00:00","dateModified":"2023-03-15T14:48:47+00:00","inLanguage":"es-AR","potentialAction":[{"@type":"ReadAction","target":["https:\/\/www.fica.unsl.edu.ar\/index.php\/concurso-desafio-innovadores-emprendedores-de-san-luis-al-mundo-edicion-2023\/"]}]},{"@type":"ImageObject","inLanguage":"es-AR","@id":"https:\/\/www.fica.unsl.edu.ar\/index.php\/concurso-desafio-innovadores-emprendedores-de-san-luis-al-mundo-edicion-2023\/#primaryimage","url":"https:\/\/www.fica.unsl.edu.ar\/wp-content\/uploads\/2023\/02\/convocatoria-inovadores.jpg","contentUrl":"https:\/\/www.fica.unsl.edu.ar\/wp-content\/uploads\/2023\/02\/convocatoria-inovadores.jpg","width":1061,"height":585},{"@type":"WebSite","@id":"https:\/\/www.fica.unsl.edu.ar\/#website","url":"https:\/\/www.fica.unsl.edu.ar\/","name":"Facultad de Ingenier\u00eda y Ciencias Agropecuarias","description":"","publisher":{"@id":"https:\/\/www.fica.unsl.edu.ar\/#organization"},"potentialAction":[{"@type":"SearchAction","target":{"@type":"EntryPoint","urlTemplate":"https:\/\/www.fica.unsl.edu.ar\/?s={search_term_string}"},"query-input":{"@type":"PropertyValueSpecification","valueRequired":true,"valueName":"search_term_string"}}],"inLanguage":"es-AR"},{"@type":"Organization","@id":"https:\/\/www.fica.unsl.edu.ar\/#organization","name":"Facultad de Ingenier\u00eda y Ciencias Agropecuarias","url":"https:\/\/www.fica.unsl.edu.ar\/","logo":{"@type":"ImageObject","inLanguage":"es-AR","@id":"https:\/\/www.fica.unsl.edu.ar\/#\/schema\/logo\/image\/","url":"https:\/\/www.fica.unsl.edu.ar\/wp-content\/uploads\/2021\/03\/LOGO-1.jpg","contentUrl":"https:\/\/www.fica.unsl.edu.ar\/wp-content\/uploads\/2021\/03\/LOGO-1.jpg","width":463,"height":145,"caption":"Facultad de Ingenier\u00eda y Ciencias Agropecuarias"},"image":{"@id":"https:\/\/www.fica.unsl.edu.ar\/#\/schema\/logo\/image\/"},"sameAs":["https:\/\/www.facebook.com\/FICA.UNSL\/","https:\/\/x.com\/FICAUNSL","https:\/\/www.instagram.com\/fica.unsl\/","https:\/\/www.youtube.com\/channel\/UCs2MM53gb2PyBrMySdtWZDQ"]},{"@type":"Person","@id":"https:\/\/www.fica.unsl.edu.ar\/#\/schema\/person\/6058f9c66301868d3a691b1f5d6c3544","name":"DATI"}]}},"_links":{"self":[{"href":"https:\/\/www.fica.unsl.edu.ar\/index.php\/wp-json\/wp\/v2\/posts\/12517","targetHints":{"allow":["GET"]}}],"collection":[{"href":"https:\/\/www.fica.unsl.edu.ar\/index.php\/wp-json\/wp\/v2\/posts"}],"about":[{"href":"https:\/\/www.fica.unsl.edu.ar\/index.php\/wp-json\/wp\/v2\/types\/post"}],"author":[{"embeddable":true,"href":"https:\/\/www.fica.unsl.edu.ar\/index.php\/wp-json\/wp\/v2\/users\/9"}],"replies":[{"embeddable":true,"href":"https:\/\/www.fica.unsl.edu.ar\/index.php\/wp-json\/wp\/v2\/comments?post=12517"}],"version-history":[{"count":1,"href":"https:\/\/www.fica.unsl.edu.ar\/index.php\/wp-json\/wp\/v2\/posts\/12517\/revisions"}],"predecessor-version":[{"id":12519,"href":"https:\/\/www.fica.unsl.edu.ar\/index.php\/wp-json\/wp\/v2\/posts\/12517\/revisions\/12519"}],"wp:featuredmedia":[{"embeddable":true,"href":"https:\/\/www.fica.unsl.edu.ar\/index.php\/wp-json\/wp\/v2\/media\/12518"}],"wp:attachment":[{"href":"https:\/\/www.fica.unsl.edu.ar\/index.php\/wp-json\/wp\/v2\/media?parent=12517"}],"wp:term":[{"taxonomy":"category","embeddable":true,"href":"https:\/\/www.fica.unsl.edu.ar\/index.php\/wp-json\/wp\/v2\/categories?post=12517"},{"taxonomy":"post_tag","embeddable":true,"href":"https:\/\/www.fica.unsl.edu.ar\/index.php\/wp-json\/wp\/v2\/tags?post=12517"}],"curies":[{"name":"wp","href":"https:\/\/api.w.org\/{rel}","templated":true}]}}