{"id":12530,"date":"2023-03-02T10:20:08","date_gmt":"2023-03-02T13:20:08","guid":{"rendered":"http:\/\/10.101.10.196\/www\/?p=12530"},"modified":"2023-03-15T09:38:44","modified_gmt":"2023-03-15T12:38:44","slug":"instituciones-de-villa-mercedes-se-suman-a-la-semana-de-la-ingenieria-semana-fica-2023","status":"publish","type":"post","link":"https:\/\/www.fica.unsl.edu.ar\/index.php\/instituciones-de-villa-mercedes-se-suman-a-la-semana-de-la-ingenieria-semana-fica-2023\/","title":{"rendered":"Instituciones de Villa Mercedes se suman a la \u201cSemana de la Ingenier\u00eda. Semana FICA 2023\u201d"},"content":{"rendered":"<p>Tras una exitosa primera edici\u00f3n, la FICA comenz\u00f3 los preparativos para la <strong>\u201cSemana de la Ingenier\u00eda &#8211; Semana FICA 2023\u201d<\/strong>. En la ma\u00f1ana del mi\u00e9rcoles 1\u00b0 de febrero la <strong>Comisi\u00f3n Organizadora<\/strong>, encabezada por el Decano, Mgtr. Sergio Ribotta, se <strong>reuni\u00f3 con representantes de la municipalidad de Villa Mercedes<\/strong>.<\/p>\n<p>\u201cHemos tenido una reuni\u00f3n para la organizaci\u00f3n de la Semana de la Ingenier\u00eda Semana FICA, que tendr\u00e1 una particularidad para este 2023, ya que el a\u00f1o pasado surgi\u00f3 la idea de realizar actividades en conjunto con la Municipalidad. Esta idea surgi\u00f3 en un encuentro que mantuvimos en los festejos de 2022, con la participaci\u00f3n varias instituciones relacionadas con la formaci\u00f3n de Ingenieros\u201d, anticip\u00f3 el decano de la FICA, Sergio Ribotta.<\/p>\n<p><img fetchpriority=\"high\" decoding=\"async\" class=\"aligncenter size-full wp-image-12533\" src=\"https:\/\/www.fica.unsl.edu.ar\/wp-content\/uploads\/2023\/03\/semana-de-la-ingenieria-2023-02-.jpg\" alt=\"\" width=\"1061\" height=\"585\" srcset=\"https:\/\/www.fica.unsl.edu.ar\/wp-content\/uploads\/2023\/03\/semana-de-la-ingenieria-2023-02-.jpg 1061w, https:\/\/www.fica.unsl.edu.ar\/wp-content\/uploads\/2023\/03\/semana-de-la-ingenieria-2023-02--300x165.jpg 300w, https:\/\/www.fica.unsl.edu.ar\/wp-content\/uploads\/2023\/03\/semana-de-la-ingenieria-2023-02--1024x565.jpg 1024w, https:\/\/www.fica.unsl.edu.ar\/wp-content\/uploads\/2023\/03\/semana-de-la-ingenieria-2023-02--768x423.jpg 768w\" sizes=\"(max-width: 1061px) 100vw, 1061px\" \/><\/p>\n<p>La reuni\u00f3n cont\u00f3 con la presencia de la Secretaria General de la Municipalidad, Mgtr. Silvina Galetto y el Jefe del Programa J\u00f3venes Profesionales, Abg. Mart\u00edn P\u00e9rez Ranieri<\/p>\n<p>Una de las propuestas que surgi\u00f3 en la primera reuni\u00f3n fue la organizaci\u00f3n de dos jornadas en la plaza del Sesquicentenario y en Casa de la Cultura para que cada una de las instituciones exponga sus actividades, relacionadas con la formaci\u00f3n de ingenieros o t\u00e9cnicos. En principio, se realizar\u00e1n el 5 y 6 de junio.<\/p>\n<p>Estas jornadas se suman a las actividades que cada una de las instituciones o unidades acad\u00e9micas organice en sus propios lugares. \u201cDe todas maneras, la Comisi\u00f3n, que coordina Javier Carletto, para las actividades de la Semana Ingenier\u00eda- Semana FICA, va estar precisando las actividades y dar\u00e1 a conocer el cronograma definitivo en los pr\u00f3ximos d\u00edas\u201d, adelant\u00f3 el decano.<\/p>\n<p>Por otra parte, remarc\u00f3 que la Semana de la Ingenier\u00eda tiene, desde el a\u00f1o pasado, su propia Revista dedicada a la publicaci\u00f3n de art\u00edculos y res\u00famenes de investigaciones de Extensi\u00f3n y Vinculaci\u00f3n. \u201cHan surgido tem\u00e1ticas nuevas con relaci\u00f3n a algunos cap\u00edtulos que vamos a ir difundiendo, como por ejemplo \u2018Mujeres e Ingenier\u00eda\u2019, que es un tema que tiene como pol\u00edtica el Confedi (Consejo Federal de Decanos de Ingenier\u00eda). Por eso, pedimos previamente autorizaci\u00f3n para poder utilizar su nombre e incluirlo en la revista, lo cual nos fue otorgado\u201d.<\/p>\n<p>Con el objeto de avanzar en la organizaci\u00f3n con las otras instituciones\u00a0se formar\u00e1 una comisi\u00f3n integrada por representantes de la FICA,\u00a0la UNViMe, del Colegio de Ingenieros y de agrupaciones estudiantiles, para delinear las actividades que se organizaran en conjunto.\u00a0\u00a0Por la FICA la integrar\u00e1n el Ing. Javier Carletto (Secretario de Planeamiento) y la Ing. Mariana Saber (Coordinadora de extensi\u00f3n vinculaci\u00f3n y transferencia)<\/p>\n<p>El 6 de junio de 2022 se celebra el D\u00eda de la Ingenier\u00eda Argentina, en conmemoraci\u00f3n a los 12 primeros ingenieros que se recibieron en la Universidad de Buenos Aires en el a\u00f1o 1870, donde el Ing. Luis Augusto Huergo es el m\u00e1s reconocido de esta promoci\u00f3n.<\/p>\n<p>&nbsp;<\/p>\n","protected":false},"excerpt":{"rendered":"<p>Tras una exitosa primera edici\u00f3n, la FICA comenz\u00f3 los preparativos para la \u201cSemana de la Ingenier\u00eda &#8211; Semana FICA 2023\u201d. En la ma\u00f1ana del mi\u00e9rcoles&hellip;<\/p>\n","protected":false},"author":9,"featured_media":12532,"comment_status":"closed","ping_status":"closed","sticky":false,"template":"","format":"standard","meta":{"_monsterinsights_skip_tracking":false,"_monsterinsights_sitenote_active":false,"_monsterinsights_sitenote_note":"","_monsterinsights_sitenote_category":0,"_joinchat":[],"footnotes":""},"categories":[19],"tags":[],"class_list":["post-12530","post","type-post","status-publish","format-standard","has-post-thumbnail","hentry","category-noticias"],"yoast_head":"<!-- This site is optimized with the Yoast SEO plugin v27.4 - https:\/\/yoast.com\/product\/yoast-seo-wordpress\/ -->\n<title>Instituciones de Villa Mercedes se suman a la \u201cSemana de la Ingenier\u00eda. Semana FICA 2023\u201d - Facultad de Ingenier\u00eda y Ciencias Agropecuarias<\/title>\n<meta name=\"robots\" content=\"index, follow, max-snippet:-1, max-image-preview:large, max-video-preview:-1\" \/>\n<link rel=\"canonical\" href=\"https:\/\/www.fica.unsl.edu.ar\/index.php\/instituciones-de-villa-mercedes-se-suman-a-la-semana-de-la-ingenieria-semana-fica-2023\/\" \/>\n<meta property=\"og:locale\" content=\"es_ES\" \/>\n<meta property=\"og:type\" content=\"article\" \/>\n<meta property=\"og:title\" content=\"Instituciones de Villa Mercedes se suman a la \u201cSemana de la Ingenier\u00eda. Semana FICA 2023\u201d - Facultad de Ingenier\u00eda y Ciencias Agropecuarias\" \/>\n<meta property=\"og:description\" content=\"Tras una exitosa primera edici\u00f3n, la FICA comenz\u00f3 los preparativos para la \u201cSemana de la Ingenier\u00eda &#8211; Semana FICA 2023\u201d. En la ma\u00f1ana del mi\u00e9rcoles&hellip;\" \/>\n<meta property=\"og:url\" content=\"https:\/\/www.fica.unsl.edu.ar\/index.php\/instituciones-de-villa-mercedes-se-suman-a-la-semana-de-la-ingenieria-semana-fica-2023\/\" \/>\n<meta property=\"og:site_name\" content=\"Facultad de Ingenier\u00eda y Ciencias Agropecuarias\" \/>\n<meta property=\"article:publisher\" content=\"https:\/\/www.facebook.com\/FICA.UNSL\/\" \/>\n<meta property=\"article:published_time\" content=\"2023-03-02T13:20:08+00:00\" \/>\n<meta property=\"article:modified_time\" content=\"2023-03-15T12:38:44+00:00\" \/>\n<meta property=\"og:image\" content=\"https:\/\/www.fica.unsl.edu.ar\/wp-content\/uploads\/2023\/03\/semana-de-la-ingenieria-2023-front.jpg\" \/>\n\t<meta property=\"og:image:width\" content=\"1061\" \/>\n\t<meta property=\"og:image:height\" content=\"585\" \/>\n\t<meta property=\"og:image:type\" content=\"image\/jpeg\" \/>\n<meta name=\"author\" content=\"DATI\" \/>\n<meta name=\"twitter:card\" content=\"summary_large_image\" \/>\n<meta name=\"twitter:creator\" content=\"@FICAUNSL\" \/>\n<meta name=\"twitter:site\" content=\"@FICAUNSL\" \/>\n<meta name=\"twitter:label1\" content=\"Escrito por\" \/>\n\t<meta name=\"twitter:data1\" content=\"DATI\" \/>\n\t<meta name=\"twitter:label2\" content=\"Tiempo de lectura\" \/>\n\t<meta name=\"twitter:data2\" content=\"3 minutos\" \/>\n<script type=\"application\/ld+json\" class=\"yoast-schema-graph\">{\"@context\":\"https:\\\/\\\/schema.org\",\"@graph\":[{\"@type\":\"Article\",\"@id\":\"https:\\\/\\\/www.fica.unsl.edu.ar\\\/index.php\\\/instituciones-de-villa-mercedes-se-suman-a-la-semana-de-la-ingenieria-semana-fica-2023\\\/#article\",\"isPartOf\":{\"@id\":\"https:\\\/\\\/www.fica.unsl.edu.ar\\\/index.php\\\/instituciones-de-villa-mercedes-se-suman-a-la-semana-de-la-ingenieria-semana-fica-2023\\\/\"},\"author\":{\"name\":\"DATI\",\"@id\":\"https:\\\/\\\/www.fica.unsl.edu.ar\\\/#\\\/schema\\\/person\\\/6058f9c66301868d3a691b1f5d6c3544\"},\"headline\":\"Instituciones de Villa Mercedes se suman a la \u201cSemana de la Ingenier\u00eda. Semana FICA 2023\u201d\",\"datePublished\":\"2023-03-02T13:20:08+00:00\",\"dateModified\":\"2023-03-15T12:38:44+00:00\",\"mainEntityOfPage\":{\"@id\":\"https:\\\/\\\/www.fica.unsl.edu.ar\\\/index.php\\\/instituciones-de-villa-mercedes-se-suman-a-la-semana-de-la-ingenieria-semana-fica-2023\\\/\"},\"wordCount\":513,\"publisher\":{\"@id\":\"https:\\\/\\\/www.fica.unsl.edu.ar\\\/#organization\"},\"image\":{\"@id\":\"https:\\\/\\\/www.fica.unsl.edu.ar\\\/index.php\\\/instituciones-de-villa-mercedes-se-suman-a-la-semana-de-la-ingenieria-semana-fica-2023\\\/#primaryimage\"},\"thumbnailUrl\":\"https:\\\/\\\/www.fica.unsl.edu.ar\\\/wp-content\\\/uploads\\\/2023\\\/03\\\/semana-de-la-ingenieria-2023-front.jpg\",\"articleSection\":[\"Noticias\"],\"inLanguage\":\"es-AR\"},{\"@type\":\"WebPage\",\"@id\":\"https:\\\/\\\/www.fica.unsl.edu.ar\\\/index.php\\\/instituciones-de-villa-mercedes-se-suman-a-la-semana-de-la-ingenieria-semana-fica-2023\\\/\",\"url\":\"https:\\\/\\\/www.fica.unsl.edu.ar\\\/index.php\\\/instituciones-de-villa-mercedes-se-suman-a-la-semana-de-la-ingenieria-semana-fica-2023\\\/\",\"name\":\"Instituciones de Villa Mercedes se suman a la \u201cSemana de la Ingenier\u00eda. Semana FICA 2023\u201d - Facultad de Ingenier\u00eda y Ciencias Agropecuarias\",\"isPartOf\":{\"@id\":\"https:\\\/\\\/www.fica.unsl.edu.ar\\\/#website\"},\"primaryImageOfPage\":{\"@id\":\"https:\\\/\\\/www.fica.unsl.edu.ar\\\/index.php\\\/instituciones-de-villa-mercedes-se-suman-a-la-semana-de-la-ingenieria-semana-fica-2023\\\/#primaryimage\"},\"image\":{\"@id\":\"https:\\\/\\\/www.fica.unsl.edu.ar\\\/index.php\\\/instituciones-de-villa-mercedes-se-suman-a-la-semana-de-la-ingenieria-semana-fica-2023\\\/#primaryimage\"},\"thumbnailUrl\":\"https:\\\/\\\/www.fica.unsl.edu.ar\\\/wp-content\\\/uploads\\\/2023\\\/03\\\/semana-de-la-ingenieria-2023-front.jpg\",\"datePublished\":\"2023-03-02T13:20:08+00:00\",\"dateModified\":\"2023-03-15T12:38:44+00:00\",\"inLanguage\":\"es-AR\",\"potentialAction\":[{\"@type\":\"ReadAction\",\"target\":[\"https:\\\/\\\/www.fica.unsl.edu.ar\\\/index.php\\\/instituciones-de-villa-mercedes-se-suman-a-la-semana-de-la-ingenieria-semana-fica-2023\\\/\"]}]},{\"@type\":\"ImageObject\",\"inLanguage\":\"es-AR\",\"@id\":\"https:\\\/\\\/www.fica.unsl.edu.ar\\\/index.php\\\/instituciones-de-villa-mercedes-se-suman-a-la-semana-de-la-ingenieria-semana-fica-2023\\\/#primaryimage\",\"url\":\"https:\\\/\\\/www.fica.unsl.edu.ar\\\/wp-content\\\/uploads\\\/2023\\\/03\\\/semana-de-la-ingenieria-2023-front.jpg\",\"contentUrl\":\"https:\\\/\\\/www.fica.unsl.edu.ar\\\/wp-content\\\/uploads\\\/2023\\\/03\\\/semana-de-la-ingenieria-2023-front.jpg\",\"width\":1061,\"height\":585},{\"@type\":\"WebSite\",\"@id\":\"https:\\\/\\\/www.fica.unsl.edu.ar\\\/#website\",\"url\":\"https:\\\/\\\/www.fica.unsl.edu.ar\\\/\",\"name\":\"Facultad de Ingenier\u00eda y Ciencias Agropecuarias\",\"description\":\"\",\"publisher\":{\"@id\":\"https:\\\/\\\/www.fica.unsl.edu.ar\\\/#organization\"},\"potentialAction\":[{\"@type\":\"SearchAction\",\"target\":{\"@type\":\"EntryPoint\",\"urlTemplate\":\"https:\\\/\\\/www.fica.unsl.edu.ar\\\/?s={search_term_string}\"},\"query-input\":{\"@type\":\"PropertyValueSpecification\",\"valueRequired\":true,\"valueName\":\"search_term_string\"}}],\"inLanguage\":\"es-AR\"},{\"@type\":\"Organization\",\"@id\":\"https:\\\/\\\/www.fica.unsl.edu.ar\\\/#organization\",\"name\":\"Facultad de Ingenier\u00eda y Ciencias Agropecuarias\",\"url\":\"https:\\\/\\\/www.fica.unsl.edu.ar\\\/\",\"logo\":{\"@type\":\"ImageObject\",\"inLanguage\":\"es-AR\",\"@id\":\"https:\\\/\\\/www.fica.unsl.edu.ar\\\/#\\\/schema\\\/logo\\\/image\\\/\",\"url\":\"https:\\\/\\\/www.fica.unsl.edu.ar\\\/wp-content\\\/uploads\\\/2021\\\/03\\\/LOGO-1.jpg\",\"contentUrl\":\"https:\\\/\\\/www.fica.unsl.edu.ar\\\/wp-content\\\/uploads\\\/2021\\\/03\\\/LOGO-1.jpg\",\"width\":463,\"height\":145,\"caption\":\"Facultad de Ingenier\u00eda y Ciencias Agropecuarias\"},\"image\":{\"@id\":\"https:\\\/\\\/www.fica.unsl.edu.ar\\\/#\\\/schema\\\/logo\\\/image\\\/\"},\"sameAs\":[\"https:\\\/\\\/www.facebook.com\\\/FICA.UNSL\\\/\",\"https:\\\/\\\/x.com\\\/FICAUNSL\",\"https:\\\/\\\/www.instagram.com\\\/fica.unsl\\\/\",\"https:\\\/\\\/www.youtube.com\\\/channel\\\/UCs2MM53gb2PyBrMySdtWZDQ\"]},{\"@type\":\"Person\",\"@id\":\"https:\\\/\\\/www.fica.unsl.edu.ar\\\/#\\\/schema\\\/person\\\/6058f9c66301868d3a691b1f5d6c3544\",\"name\":\"DATI\"}]}<\/script>\n<!-- \/ Yoast SEO plugin. -->","yoast_head_json":{"title":"Instituciones de Villa Mercedes se suman a la \u201cSemana de la Ingenier\u00eda. Semana FICA 2023\u201d - Facultad de Ingenier\u00eda y Ciencias Agropecuarias","robots":{"index":"index","follow":"follow","max-snippet":"max-snippet:-1","max-image-preview":"max-image-preview:large","max-video-preview":"max-video-preview:-1"},"canonical":"https:\/\/www.fica.unsl.edu.ar\/index.php\/instituciones-de-villa-mercedes-se-suman-a-la-semana-de-la-ingenieria-semana-fica-2023\/","og_locale":"es_ES","og_type":"article","og_title":"Instituciones de Villa Mercedes se suman a la \u201cSemana de la Ingenier\u00eda. Semana FICA 2023\u201d - Facultad de Ingenier\u00eda y Ciencias Agropecuarias","og_description":"Tras una exitosa primera edici\u00f3n, la FICA comenz\u00f3 los preparativos para la \u201cSemana de la Ingenier\u00eda &#8211; Semana FICA 2023\u201d. En la ma\u00f1ana del mi\u00e9rcoles&hellip;","og_url":"https:\/\/www.fica.unsl.edu.ar\/index.php\/instituciones-de-villa-mercedes-se-suman-a-la-semana-de-la-ingenieria-semana-fica-2023\/","og_site_name":"Facultad de Ingenier\u00eda y Ciencias Agropecuarias","article_publisher":"https:\/\/www.facebook.com\/FICA.UNSL\/","article_published_time":"2023-03-02T13:20:08+00:00","article_modified_time":"2023-03-15T12:38:44+00:00","og_image":[{"width":1061,"height":585,"url":"https:\/\/www.fica.unsl.edu.ar\/wp-content\/uploads\/2023\/03\/semana-de-la-ingenieria-2023-front.jpg","type":"image\/jpeg"}],"author":"DATI","twitter_card":"summary_large_image","twitter_creator":"@FICAUNSL","twitter_site":"@FICAUNSL","twitter_misc":{"Escrito por":"DATI","Tiempo de lectura":"3 minutos"},"schema":{"@context":"https:\/\/schema.org","@graph":[{"@type":"Article","@id":"https:\/\/www.fica.unsl.edu.ar\/index.php\/instituciones-de-villa-mercedes-se-suman-a-la-semana-de-la-ingenieria-semana-fica-2023\/#article","isPartOf":{"@id":"https:\/\/www.fica.unsl.edu.ar\/index.php\/instituciones-de-villa-mercedes-se-suman-a-la-semana-de-la-ingenieria-semana-fica-2023\/"},"author":{"name":"DATI","@id":"https:\/\/www.fica.unsl.edu.ar\/#\/schema\/person\/6058f9c66301868d3a691b1f5d6c3544"},"headline":"Instituciones de Villa Mercedes se suman a la \u201cSemana de la Ingenier\u00eda. Semana FICA 2023\u201d","datePublished":"2023-03-02T13:20:08+00:00","dateModified":"2023-03-15T12:38:44+00:00","mainEntityOfPage":{"@id":"https:\/\/www.fica.unsl.edu.ar\/index.php\/instituciones-de-villa-mercedes-se-suman-a-la-semana-de-la-ingenieria-semana-fica-2023\/"},"wordCount":513,"publisher":{"@id":"https:\/\/www.fica.unsl.edu.ar\/#organization"},"image":{"@id":"https:\/\/www.fica.unsl.edu.ar\/index.php\/instituciones-de-villa-mercedes-se-suman-a-la-semana-de-la-ingenieria-semana-fica-2023\/#primaryimage"},"thumbnailUrl":"https:\/\/www.fica.unsl.edu.ar\/wp-content\/uploads\/2023\/03\/semana-de-la-ingenieria-2023-front.jpg","articleSection":["Noticias"],"inLanguage":"es-AR"},{"@type":"WebPage","@id":"https:\/\/www.fica.unsl.edu.ar\/index.php\/instituciones-de-villa-mercedes-se-suman-a-la-semana-de-la-ingenieria-semana-fica-2023\/","url":"https:\/\/www.fica.unsl.edu.ar\/index.php\/instituciones-de-villa-mercedes-se-suman-a-la-semana-de-la-ingenieria-semana-fica-2023\/","name":"Instituciones de Villa Mercedes se suman a la \u201cSemana de la Ingenier\u00eda. Semana FICA 2023\u201d - Facultad de Ingenier\u00eda y Ciencias Agropecuarias","isPartOf":{"@id":"https:\/\/www.fica.unsl.edu.ar\/#website"},"primaryImageOfPage":{"@id":"https:\/\/www.fica.unsl.edu.ar\/index.php\/instituciones-de-villa-mercedes-se-suman-a-la-semana-de-la-ingenieria-semana-fica-2023\/#primaryimage"},"image":{"@id":"https:\/\/www.fica.unsl.edu.ar\/index.php\/instituciones-de-villa-mercedes-se-suman-a-la-semana-de-la-ingenieria-semana-fica-2023\/#primaryimage"},"thumbnailUrl":"https:\/\/www.fica.unsl.edu.ar\/wp-content\/uploads\/2023\/03\/semana-de-la-ingenieria-2023-front.jpg","datePublished":"2023-03-02T13:20:08+00:00","dateModified":"2023-03-15T12:38:44+00:00","inLanguage":"es-AR","potentialAction":[{"@type":"ReadAction","target":["https:\/\/www.fica.unsl.edu.ar\/index.php\/instituciones-de-villa-mercedes-se-suman-a-la-semana-de-la-ingenieria-semana-fica-2023\/"]}]},{"@type":"ImageObject","inLanguage":"es-AR","@id":"https:\/\/www.fica.unsl.edu.ar\/index.php\/instituciones-de-villa-mercedes-se-suman-a-la-semana-de-la-ingenieria-semana-fica-2023\/#primaryimage","url":"https:\/\/www.fica.unsl.edu.ar\/wp-content\/uploads\/2023\/03\/semana-de-la-ingenieria-2023-front.jpg","contentUrl":"https:\/\/www.fica.unsl.edu.ar\/wp-content\/uploads\/2023\/03\/semana-de-la-ingenieria-2023-front.jpg","width":1061,"height":585},{"@type":"WebSite","@id":"https:\/\/www.fica.unsl.edu.ar\/#website","url":"https:\/\/www.fica.unsl.edu.ar\/","name":"Facultad de Ingenier\u00eda y Ciencias Agropecuarias","description":"","publisher":{"@id":"https:\/\/www.fica.unsl.edu.ar\/#organization"},"potentialAction":[{"@type":"SearchAction","target":{"@type":"EntryPoint","urlTemplate":"https:\/\/www.fica.unsl.edu.ar\/?s={search_term_string}"},"query-input":{"@type":"PropertyValueSpecification","valueRequired":true,"valueName":"search_term_string"}}],"inLanguage":"es-AR"},{"@type":"Organization","@id":"https:\/\/www.fica.unsl.edu.ar\/#organization","name":"Facultad de Ingenier\u00eda y Ciencias Agropecuarias","url":"https:\/\/www.fica.unsl.edu.ar\/","logo":{"@type":"ImageObject","inLanguage":"es-AR","@id":"https:\/\/www.fica.unsl.edu.ar\/#\/schema\/logo\/image\/","url":"https:\/\/www.fica.unsl.edu.ar\/wp-content\/uploads\/2021\/03\/LOGO-1.jpg","contentUrl":"https:\/\/www.fica.unsl.edu.ar\/wp-content\/uploads\/2021\/03\/LOGO-1.jpg","width":463,"height":145,"caption":"Facultad de Ingenier\u00eda y Ciencias Agropecuarias"},"image":{"@id":"https:\/\/www.fica.unsl.edu.ar\/#\/schema\/logo\/image\/"},"sameAs":["https:\/\/www.facebook.com\/FICA.UNSL\/","https:\/\/x.com\/FICAUNSL","https:\/\/www.instagram.com\/fica.unsl\/","https:\/\/www.youtube.com\/channel\/UCs2MM53gb2PyBrMySdtWZDQ"]},{"@type":"Person","@id":"https:\/\/www.fica.unsl.edu.ar\/#\/schema\/person\/6058f9c66301868d3a691b1f5d6c3544","name":"DATI"}]}},"_links":{"self":[{"href":"https:\/\/www.fica.unsl.edu.ar\/index.php\/wp-json\/wp\/v2\/posts\/12530","targetHints":{"allow":["GET"]}}],"collection":[{"href":"https:\/\/www.fica.unsl.edu.ar\/index.php\/wp-json\/wp\/v2\/posts"}],"about":[{"href":"https:\/\/www.fica.unsl.edu.ar\/index.php\/wp-json\/wp\/v2\/types\/post"}],"author":[{"embeddable":true,"href":"https:\/\/www.fica.unsl.edu.ar\/index.php\/wp-json\/wp\/v2\/users\/9"}],"replies":[{"embeddable":true,"href":"https:\/\/www.fica.unsl.edu.ar\/index.php\/wp-json\/wp\/v2\/comments?post=12530"}],"version-history":[{"count":1,"href":"https:\/\/www.fica.unsl.edu.ar\/index.php\/wp-json\/wp\/v2\/posts\/12530\/revisions"}],"predecessor-version":[{"id":12534,"href":"https:\/\/www.fica.unsl.edu.ar\/index.php\/wp-json\/wp\/v2\/posts\/12530\/revisions\/12534"}],"wp:featuredmedia":[{"embeddable":true,"href":"https:\/\/www.fica.unsl.edu.ar\/index.php\/wp-json\/wp\/v2\/media\/12532"}],"wp:attachment":[{"href":"https:\/\/www.fica.unsl.edu.ar\/index.php\/wp-json\/wp\/v2\/media?parent=12530"}],"wp:term":[{"taxonomy":"category","embeddable":true,"href":"https:\/\/www.fica.unsl.edu.ar\/index.php\/wp-json\/wp\/v2\/categories?post=12530"},{"taxonomy":"post_tag","embeddable":true,"href":"https:\/\/www.fica.unsl.edu.ar\/index.php\/wp-json\/wp\/v2\/tags?post=12530"}],"curies":[{"name":"wp","href":"https:\/\/api.w.org\/{rel}","templated":true}]}}