{"id":12582,"date":"2023-03-07T12:12:58","date_gmt":"2023-03-07T15:12:58","guid":{"rendered":"http:\/\/10.101.10.196\/www\/?p=12582"},"modified":"2023-03-09T08:54:00","modified_gmt":"2023-03-09T11:54:00","slug":"8m-primera-reunion-de-la-red-de-mujeres-estudiantes-de-ingenieria-de-la-fica","status":"publish","type":"post","link":"https:\/\/www.fica.unsl.edu.ar\/index.php\/8m-primera-reunion-de-la-red-de-mujeres-estudiantes-de-ingenieria-de-la-fica\/","title":{"rendered":"8M: primera reuni\u00f3n de la \u201cRed de Mujeres Estudiantes de Ingenier\u00eda\u201d de la FICA"},"content":{"rendered":"<p>En el marco de la conmemoraci\u00f3n del <strong>D\u00eda Internacional de la Mujer<\/strong>, el programa <strong>\u201cMujeres en la Ingenier\u00eda\u201d<\/strong> invita a <strong>las estudiantes<\/strong> de todas las carreras de Ingenier\u00eda de la FICA, a participar del encuentro <strong>\u201cRed de Mujeres Estudiantes de Ingenier\u00eda\u201d<\/strong>, que se realizar\u00e1 este <strong>mi\u00e9rcoles 8 de marzo a las 16.30 horas en el aula 17 del Campus Universitario<\/strong>.<\/p>\n<p>Este encuentro informal tiene la finalidad de establecer un v\u00ednculo acad\u00e9mico y social entre las estudiantes que transitan los diferentes a\u00f1os de sus carreras de la FICA. El\u00a0programa <strong>\u201cMujeres en la Ingenier\u00eda\u201d <\/strong>es coordinado por la<strong> Secretar\u00eda Acad\u00e9mica de la FICA.\u00a0<\/strong><\/p>\n<p><img fetchpriority=\"high\" decoding=\"async\" class=\"aligncenter size-full wp-image-12587\" src=\"https:\/\/www.fica.unsl.edu.ar\/wp-content\/uploads\/2023\/03\/flyer-red-de-mujeres.jpg\" alt=\"\" width=\"1080\" height=\"1350\" srcset=\"https:\/\/www.fica.unsl.edu.ar\/wp-content\/uploads\/2023\/03\/flyer-red-de-mujeres.jpg 1080w, https:\/\/www.fica.unsl.edu.ar\/wp-content\/uploads\/2023\/03\/flyer-red-de-mujeres-240x300.jpg 240w, https:\/\/www.fica.unsl.edu.ar\/wp-content\/uploads\/2023\/03\/flyer-red-de-mujeres-819x1024.jpg 819w, https:\/\/www.fica.unsl.edu.ar\/wp-content\/uploads\/2023\/03\/flyer-red-de-mujeres-768x960.jpg 768w\" sizes=\"(max-width: 1080px) 100vw, 1080px\" \/><\/p>\n","protected":false},"excerpt":{"rendered":"<p>En el marco de la conmemoraci\u00f3n del D\u00eda Internacional de la Mujer, el programa \u201cMujeres en la Ingenier\u00eda\u201d invita a las estudiantes de todas las&hellip;<\/p>\n","protected":false},"author":9,"featured_media":12586,"comment_status":"closed","ping_status":"closed","sticky":false,"template":"","format":"standard","meta":{"_monsterinsights_skip_tracking":false,"_monsterinsights_sitenote_active":false,"_monsterinsights_sitenote_note":"","_monsterinsights_sitenote_category":0,"_joinchat":[],"footnotes":""},"categories":[19],"tags":[],"class_list":["post-12582","post","type-post","status-publish","format-standard","has-post-thumbnail","hentry","category-noticias"],"yoast_head":"<!-- This site is optimized with the Yoast SEO plugin v27.4 - https:\/\/yoast.com\/product\/yoast-seo-wordpress\/ -->\n<title>8M: primera reuni\u00f3n de la \u201cRed de Mujeres Estudiantes de Ingenier\u00eda\u201d de la FICA - Facultad de Ingenier\u00eda y Ciencias Agropecuarias<\/title>\n<meta name=\"robots\" content=\"index, follow, max-snippet:-1, max-image-preview:large, max-video-preview:-1\" \/>\n<link rel=\"canonical\" href=\"https:\/\/www.fica.unsl.edu.ar\/index.php\/8m-primera-reunion-de-la-red-de-mujeres-estudiantes-de-ingenieria-de-la-fica\/\" \/>\n<meta property=\"og:locale\" content=\"es_ES\" \/>\n<meta property=\"og:type\" content=\"article\" \/>\n<meta property=\"og:title\" content=\"8M: primera reuni\u00f3n de la \u201cRed de Mujeres Estudiantes de Ingenier\u00eda\u201d de la FICA - Facultad de Ingenier\u00eda y Ciencias Agropecuarias\" \/>\n<meta property=\"og:description\" content=\"En el marco de la conmemoraci\u00f3n del D\u00eda Internacional de la Mujer, el programa \u201cMujeres en la Ingenier\u00eda\u201d invita a las estudiantes de todas las&hellip;\" \/>\n<meta property=\"og:url\" content=\"https:\/\/www.fica.unsl.edu.ar\/index.php\/8m-primera-reunion-de-la-red-de-mujeres-estudiantes-de-ingenieria-de-la-fica\/\" \/>\n<meta property=\"og:site_name\" content=\"Facultad de Ingenier\u00eda y Ciencias Agropecuarias\" \/>\n<meta property=\"article:publisher\" content=\"https:\/\/www.facebook.com\/FICA.UNSL\/\" \/>\n<meta property=\"article:published_time\" content=\"2023-03-07T15:12:58+00:00\" \/>\n<meta property=\"article:modified_time\" content=\"2023-03-09T11:54:00+00:00\" \/>\n<meta property=\"og:image\" content=\"https:\/\/www.fica.unsl.edu.ar\/wp-content\/uploads\/2023\/03\/flyer-red-de-mujeres-front.jpg\" \/>\n\t<meta property=\"og:image:width\" content=\"1061\" \/>\n\t<meta property=\"og:image:height\" content=\"585\" \/>\n\t<meta property=\"og:image:type\" content=\"image\/jpeg\" \/>\n<meta name=\"author\" content=\"DATI\" \/>\n<meta name=\"twitter:card\" content=\"summary_large_image\" \/>\n<meta name=\"twitter:creator\" content=\"@FICAUNSL\" \/>\n<meta name=\"twitter:site\" content=\"@FICAUNSL\" \/>\n<meta name=\"twitter:label1\" content=\"Escrito por\" \/>\n\t<meta name=\"twitter:data1\" content=\"DATI\" \/>\n\t<meta name=\"twitter:label2\" content=\"Tiempo de lectura\" \/>\n\t<meta name=\"twitter:data2\" content=\"1 minuto\" \/>\n<script type=\"application\/ld+json\" class=\"yoast-schema-graph\">{\"@context\":\"https:\\\/\\\/schema.org\",\"@graph\":[{\"@type\":\"Article\",\"@id\":\"https:\\\/\\\/www.fica.unsl.edu.ar\\\/index.php\\\/8m-primera-reunion-de-la-red-de-mujeres-estudiantes-de-ingenieria-de-la-fica\\\/#article\",\"isPartOf\":{\"@id\":\"https:\\\/\\\/www.fica.unsl.edu.ar\\\/index.php\\\/8m-primera-reunion-de-la-red-de-mujeres-estudiantes-de-ingenieria-de-la-fica\\\/\"},\"author\":{\"name\":\"DATI\",\"@id\":\"https:\\\/\\\/www.fica.unsl.edu.ar\\\/#\\\/schema\\\/person\\\/6058f9c66301868d3a691b1f5d6c3544\"},\"headline\":\"8M: primera reuni\u00f3n de la \u201cRed de Mujeres Estudiantes de Ingenier\u00eda\u201d de la FICA\",\"datePublished\":\"2023-03-07T15:12:58+00:00\",\"dateModified\":\"2023-03-09T11:54:00+00:00\",\"mainEntityOfPage\":{\"@id\":\"https:\\\/\\\/www.fica.unsl.edu.ar\\\/index.php\\\/8m-primera-reunion-de-la-red-de-mujeres-estudiantes-de-ingenieria-de-la-fica\\\/\"},\"wordCount\":127,\"publisher\":{\"@id\":\"https:\\\/\\\/www.fica.unsl.edu.ar\\\/#organization\"},\"image\":{\"@id\":\"https:\\\/\\\/www.fica.unsl.edu.ar\\\/index.php\\\/8m-primera-reunion-de-la-red-de-mujeres-estudiantes-de-ingenieria-de-la-fica\\\/#primaryimage\"},\"thumbnailUrl\":\"https:\\\/\\\/www.fica.unsl.edu.ar\\\/wp-content\\\/uploads\\\/2023\\\/03\\\/flyer-red-de-mujeres-front.jpg\",\"articleSection\":[\"Noticias\"],\"inLanguage\":\"es-AR\"},{\"@type\":\"WebPage\",\"@id\":\"https:\\\/\\\/www.fica.unsl.edu.ar\\\/index.php\\\/8m-primera-reunion-de-la-red-de-mujeres-estudiantes-de-ingenieria-de-la-fica\\\/\",\"url\":\"https:\\\/\\\/www.fica.unsl.edu.ar\\\/index.php\\\/8m-primera-reunion-de-la-red-de-mujeres-estudiantes-de-ingenieria-de-la-fica\\\/\",\"name\":\"8M: primera reuni\u00f3n de la \u201cRed de Mujeres Estudiantes de Ingenier\u00eda\u201d de la FICA - Facultad de Ingenier\u00eda y Ciencias Agropecuarias\",\"isPartOf\":{\"@id\":\"https:\\\/\\\/www.fica.unsl.edu.ar\\\/#website\"},\"primaryImageOfPage\":{\"@id\":\"https:\\\/\\\/www.fica.unsl.edu.ar\\\/index.php\\\/8m-primera-reunion-de-la-red-de-mujeres-estudiantes-de-ingenieria-de-la-fica\\\/#primaryimage\"},\"image\":{\"@id\":\"https:\\\/\\\/www.fica.unsl.edu.ar\\\/index.php\\\/8m-primera-reunion-de-la-red-de-mujeres-estudiantes-de-ingenieria-de-la-fica\\\/#primaryimage\"},\"thumbnailUrl\":\"https:\\\/\\\/www.fica.unsl.edu.ar\\\/wp-content\\\/uploads\\\/2023\\\/03\\\/flyer-red-de-mujeres-front.jpg\",\"datePublished\":\"2023-03-07T15:12:58+00:00\",\"dateModified\":\"2023-03-09T11:54:00+00:00\",\"inLanguage\":\"es-AR\",\"potentialAction\":[{\"@type\":\"ReadAction\",\"target\":[\"https:\\\/\\\/www.fica.unsl.edu.ar\\\/index.php\\\/8m-primera-reunion-de-la-red-de-mujeres-estudiantes-de-ingenieria-de-la-fica\\\/\"]}]},{\"@type\":\"ImageObject\",\"inLanguage\":\"es-AR\",\"@id\":\"https:\\\/\\\/www.fica.unsl.edu.ar\\\/index.php\\\/8m-primera-reunion-de-la-red-de-mujeres-estudiantes-de-ingenieria-de-la-fica\\\/#primaryimage\",\"url\":\"https:\\\/\\\/www.fica.unsl.edu.ar\\\/wp-content\\\/uploads\\\/2023\\\/03\\\/flyer-red-de-mujeres-front.jpg\",\"contentUrl\":\"https:\\\/\\\/www.fica.unsl.edu.ar\\\/wp-content\\\/uploads\\\/2023\\\/03\\\/flyer-red-de-mujeres-front.jpg\",\"width\":1061,\"height\":585},{\"@type\":\"WebSite\",\"@id\":\"https:\\\/\\\/www.fica.unsl.edu.ar\\\/#website\",\"url\":\"https:\\\/\\\/www.fica.unsl.edu.ar\\\/\",\"name\":\"Facultad de Ingenier\u00eda y Ciencias Agropecuarias\",\"description\":\"\",\"publisher\":{\"@id\":\"https:\\\/\\\/www.fica.unsl.edu.ar\\\/#organization\"},\"potentialAction\":[{\"@type\":\"SearchAction\",\"target\":{\"@type\":\"EntryPoint\",\"urlTemplate\":\"https:\\\/\\\/www.fica.unsl.edu.ar\\\/?s={search_term_string}\"},\"query-input\":{\"@type\":\"PropertyValueSpecification\",\"valueRequired\":true,\"valueName\":\"search_term_string\"}}],\"inLanguage\":\"es-AR\"},{\"@type\":\"Organization\",\"@id\":\"https:\\\/\\\/www.fica.unsl.edu.ar\\\/#organization\",\"name\":\"Facultad de Ingenier\u00eda y Ciencias Agropecuarias\",\"url\":\"https:\\\/\\\/www.fica.unsl.edu.ar\\\/\",\"logo\":{\"@type\":\"ImageObject\",\"inLanguage\":\"es-AR\",\"@id\":\"https:\\\/\\\/www.fica.unsl.edu.ar\\\/#\\\/schema\\\/logo\\\/image\\\/\",\"url\":\"https:\\\/\\\/www.fica.unsl.edu.ar\\\/wp-content\\\/uploads\\\/2021\\\/03\\\/LOGO-1.jpg\",\"contentUrl\":\"https:\\\/\\\/www.fica.unsl.edu.ar\\\/wp-content\\\/uploads\\\/2021\\\/03\\\/LOGO-1.jpg\",\"width\":463,\"height\":145,\"caption\":\"Facultad de Ingenier\u00eda y Ciencias Agropecuarias\"},\"image\":{\"@id\":\"https:\\\/\\\/www.fica.unsl.edu.ar\\\/#\\\/schema\\\/logo\\\/image\\\/\"},\"sameAs\":[\"https:\\\/\\\/www.facebook.com\\\/FICA.UNSL\\\/\",\"https:\\\/\\\/x.com\\\/FICAUNSL\",\"https:\\\/\\\/www.instagram.com\\\/fica.unsl\\\/\",\"https:\\\/\\\/www.youtube.com\\\/channel\\\/UCs2MM53gb2PyBrMySdtWZDQ\"]},{\"@type\":\"Person\",\"@id\":\"https:\\\/\\\/www.fica.unsl.edu.ar\\\/#\\\/schema\\\/person\\\/6058f9c66301868d3a691b1f5d6c3544\",\"name\":\"DATI\"}]}<\/script>\n<!-- \/ Yoast SEO plugin. -->","yoast_head_json":{"title":"8M: primera reuni\u00f3n de la \u201cRed de Mujeres Estudiantes de Ingenier\u00eda\u201d de la FICA - Facultad de Ingenier\u00eda y Ciencias Agropecuarias","robots":{"index":"index","follow":"follow","max-snippet":"max-snippet:-1","max-image-preview":"max-image-preview:large","max-video-preview":"max-video-preview:-1"},"canonical":"https:\/\/www.fica.unsl.edu.ar\/index.php\/8m-primera-reunion-de-la-red-de-mujeres-estudiantes-de-ingenieria-de-la-fica\/","og_locale":"es_ES","og_type":"article","og_title":"8M: primera reuni\u00f3n de la \u201cRed de Mujeres Estudiantes de Ingenier\u00eda\u201d de la FICA - Facultad de Ingenier\u00eda y Ciencias Agropecuarias","og_description":"En el marco de la conmemoraci\u00f3n del D\u00eda Internacional de la Mujer, el programa \u201cMujeres en la Ingenier\u00eda\u201d invita a las estudiantes de todas las&hellip;","og_url":"https:\/\/www.fica.unsl.edu.ar\/index.php\/8m-primera-reunion-de-la-red-de-mujeres-estudiantes-de-ingenieria-de-la-fica\/","og_site_name":"Facultad de Ingenier\u00eda y Ciencias Agropecuarias","article_publisher":"https:\/\/www.facebook.com\/FICA.UNSL\/","article_published_time":"2023-03-07T15:12:58+00:00","article_modified_time":"2023-03-09T11:54:00+00:00","og_image":[{"width":1061,"height":585,"url":"https:\/\/www.fica.unsl.edu.ar\/wp-content\/uploads\/2023\/03\/flyer-red-de-mujeres-front.jpg","type":"image\/jpeg"}],"author":"DATI","twitter_card":"summary_large_image","twitter_creator":"@FICAUNSL","twitter_site":"@FICAUNSL","twitter_misc":{"Escrito por":"DATI","Tiempo de lectura":"1 minuto"},"schema":{"@context":"https:\/\/schema.org","@graph":[{"@type":"Article","@id":"https:\/\/www.fica.unsl.edu.ar\/index.php\/8m-primera-reunion-de-la-red-de-mujeres-estudiantes-de-ingenieria-de-la-fica\/#article","isPartOf":{"@id":"https:\/\/www.fica.unsl.edu.ar\/index.php\/8m-primera-reunion-de-la-red-de-mujeres-estudiantes-de-ingenieria-de-la-fica\/"},"author":{"name":"DATI","@id":"https:\/\/www.fica.unsl.edu.ar\/#\/schema\/person\/6058f9c66301868d3a691b1f5d6c3544"},"headline":"8M: primera reuni\u00f3n de la \u201cRed de Mujeres Estudiantes de Ingenier\u00eda\u201d de la FICA","datePublished":"2023-03-07T15:12:58+00:00","dateModified":"2023-03-09T11:54:00+00:00","mainEntityOfPage":{"@id":"https:\/\/www.fica.unsl.edu.ar\/index.php\/8m-primera-reunion-de-la-red-de-mujeres-estudiantes-de-ingenieria-de-la-fica\/"},"wordCount":127,"publisher":{"@id":"https:\/\/www.fica.unsl.edu.ar\/#organization"},"image":{"@id":"https:\/\/www.fica.unsl.edu.ar\/index.php\/8m-primera-reunion-de-la-red-de-mujeres-estudiantes-de-ingenieria-de-la-fica\/#primaryimage"},"thumbnailUrl":"https:\/\/www.fica.unsl.edu.ar\/wp-content\/uploads\/2023\/03\/flyer-red-de-mujeres-front.jpg","articleSection":["Noticias"],"inLanguage":"es-AR"},{"@type":"WebPage","@id":"https:\/\/www.fica.unsl.edu.ar\/index.php\/8m-primera-reunion-de-la-red-de-mujeres-estudiantes-de-ingenieria-de-la-fica\/","url":"https:\/\/www.fica.unsl.edu.ar\/index.php\/8m-primera-reunion-de-la-red-de-mujeres-estudiantes-de-ingenieria-de-la-fica\/","name":"8M: primera reuni\u00f3n de la \u201cRed de Mujeres Estudiantes de Ingenier\u00eda\u201d de la FICA - Facultad de Ingenier\u00eda y Ciencias Agropecuarias","isPartOf":{"@id":"https:\/\/www.fica.unsl.edu.ar\/#website"},"primaryImageOfPage":{"@id":"https:\/\/www.fica.unsl.edu.ar\/index.php\/8m-primera-reunion-de-la-red-de-mujeres-estudiantes-de-ingenieria-de-la-fica\/#primaryimage"},"image":{"@id":"https:\/\/www.fica.unsl.edu.ar\/index.php\/8m-primera-reunion-de-la-red-de-mujeres-estudiantes-de-ingenieria-de-la-fica\/#primaryimage"},"thumbnailUrl":"https:\/\/www.fica.unsl.edu.ar\/wp-content\/uploads\/2023\/03\/flyer-red-de-mujeres-front.jpg","datePublished":"2023-03-07T15:12:58+00:00","dateModified":"2023-03-09T11:54:00+00:00","inLanguage":"es-AR","potentialAction":[{"@type":"ReadAction","target":["https:\/\/www.fica.unsl.edu.ar\/index.php\/8m-primera-reunion-de-la-red-de-mujeres-estudiantes-de-ingenieria-de-la-fica\/"]}]},{"@type":"ImageObject","inLanguage":"es-AR","@id":"https:\/\/www.fica.unsl.edu.ar\/index.php\/8m-primera-reunion-de-la-red-de-mujeres-estudiantes-de-ingenieria-de-la-fica\/#primaryimage","url":"https:\/\/www.fica.unsl.edu.ar\/wp-content\/uploads\/2023\/03\/flyer-red-de-mujeres-front.jpg","contentUrl":"https:\/\/www.fica.unsl.edu.ar\/wp-content\/uploads\/2023\/03\/flyer-red-de-mujeres-front.jpg","width":1061,"height":585},{"@type":"WebSite","@id":"https:\/\/www.fica.unsl.edu.ar\/#website","url":"https:\/\/www.fica.unsl.edu.ar\/","name":"Facultad de Ingenier\u00eda y Ciencias Agropecuarias","description":"","publisher":{"@id":"https:\/\/www.fica.unsl.edu.ar\/#organization"},"potentialAction":[{"@type":"SearchAction","target":{"@type":"EntryPoint","urlTemplate":"https:\/\/www.fica.unsl.edu.ar\/?s={search_term_string}"},"query-input":{"@type":"PropertyValueSpecification","valueRequired":true,"valueName":"search_term_string"}}],"inLanguage":"es-AR"},{"@type":"Organization","@id":"https:\/\/www.fica.unsl.edu.ar\/#organization","name":"Facultad de Ingenier\u00eda y Ciencias Agropecuarias","url":"https:\/\/www.fica.unsl.edu.ar\/","logo":{"@type":"ImageObject","inLanguage":"es-AR","@id":"https:\/\/www.fica.unsl.edu.ar\/#\/schema\/logo\/image\/","url":"https:\/\/www.fica.unsl.edu.ar\/wp-content\/uploads\/2021\/03\/LOGO-1.jpg","contentUrl":"https:\/\/www.fica.unsl.edu.ar\/wp-content\/uploads\/2021\/03\/LOGO-1.jpg","width":463,"height":145,"caption":"Facultad de Ingenier\u00eda y Ciencias Agropecuarias"},"image":{"@id":"https:\/\/www.fica.unsl.edu.ar\/#\/schema\/logo\/image\/"},"sameAs":["https:\/\/www.facebook.com\/FICA.UNSL\/","https:\/\/x.com\/FICAUNSL","https:\/\/www.instagram.com\/fica.unsl\/","https:\/\/www.youtube.com\/channel\/UCs2MM53gb2PyBrMySdtWZDQ"]},{"@type":"Person","@id":"https:\/\/www.fica.unsl.edu.ar\/#\/schema\/person\/6058f9c66301868d3a691b1f5d6c3544","name":"DATI"}]}},"_links":{"self":[{"href":"https:\/\/www.fica.unsl.edu.ar\/index.php\/wp-json\/wp\/v2\/posts\/12582","targetHints":{"allow":["GET"]}}],"collection":[{"href":"https:\/\/www.fica.unsl.edu.ar\/index.php\/wp-json\/wp\/v2\/posts"}],"about":[{"href":"https:\/\/www.fica.unsl.edu.ar\/index.php\/wp-json\/wp\/v2\/types\/post"}],"author":[{"embeddable":true,"href":"https:\/\/www.fica.unsl.edu.ar\/index.php\/wp-json\/wp\/v2\/users\/9"}],"replies":[{"embeddable":true,"href":"https:\/\/www.fica.unsl.edu.ar\/index.php\/wp-json\/wp\/v2\/comments?post=12582"}],"version-history":[{"count":4,"href":"https:\/\/www.fica.unsl.edu.ar\/index.php\/wp-json\/wp\/v2\/posts\/12582\/revisions"}],"predecessor-version":[{"id":12590,"href":"https:\/\/www.fica.unsl.edu.ar\/index.php\/wp-json\/wp\/v2\/posts\/12582\/revisions\/12590"}],"wp:featuredmedia":[{"embeddable":true,"href":"https:\/\/www.fica.unsl.edu.ar\/index.php\/wp-json\/wp\/v2\/media\/12586"}],"wp:attachment":[{"href":"https:\/\/www.fica.unsl.edu.ar\/index.php\/wp-json\/wp\/v2\/media?parent=12582"}],"wp:term":[{"taxonomy":"category","embeddable":true,"href":"https:\/\/www.fica.unsl.edu.ar\/index.php\/wp-json\/wp\/v2\/categories?post=12582"},{"taxonomy":"post_tag","embeddable":true,"href":"https:\/\/www.fica.unsl.edu.ar\/index.php\/wp-json\/wp\/v2\/tags?post=12582"}],"curies":[{"name":"wp","href":"https:\/\/api.w.org\/{rel}","templated":true}]}}