{"id":12592,"date":"2023-03-07T00:51:29","date_gmt":"2023-03-07T03:51:29","guid":{"rendered":"http:\/\/10.101.10.196\/www\/?p=12592"},"modified":"2023-03-15T09:38:32","modified_gmt":"2023-03-15T12:38:32","slug":"la-comision-asesora-de-extension-universitaria-rectoral-caex-se-reunio-en-villa-mercedes","status":"publish","type":"post","link":"https:\/\/www.fica.unsl.edu.ar\/index.php\/la-comision-asesora-de-extension-universitaria-rectoral-caex-se-reunio-en-villa-mercedes\/","title":{"rendered":"La Comisi\u00f3n Asesora de Extensi\u00f3n Universitaria Rectoral (CAEX) se reuni\u00f3 en Villa Mercedes"},"content":{"rendered":"<p>El d\u00eda lunes 6 de marzo de 2023 se llev\u00f3 a cabo la\u00a0<strong>segunda reuni\u00f3n<\/strong>\u00a0del a\u00f1o de la\u00a0<strong>Comisi\u00f3n Asesora de Extensi\u00f3n Universitaria Rectoral (CAEX)<\/strong>, en la Sala del Consejo Directivo del<strong>\u00a0Centro Universitario Villa Mercedes de la UNSL<\/strong>.<\/p>\n<p>Con la presencia de las\/os Secretarias\/os de Extensi\u00f3n Universitaria de las distintas Facultades, este encuentro tuvo la finalidad de dar continuidad al an\u00e1lisis de las distintas propuestas formativas y diplomaturas.<\/p>\n<p>Estuvieron presentes el Secretario de Extensi\u00f3n Universitaria de Rectorado,<strong>\u00a0Abg. Manuel Castillo<\/strong>\u00a0y las y los Secretarios de Extensi\u00f3n Universitaria de las unidades acad\u00e9micas de la UNSL: \u00a0<strong>Esp. Agustina Generoso<\/strong>\u00a0(FTU), el\u00a0<strong>Farm. Manuel Solari<\/strong>\u00a0(FQBYF), la\u00a0<strong>Lic. Carina Luna<\/strong>\u00a0(FCS), el\u00a0<strong>Mgtr. Vicente Fusco<\/strong>\u00a0(FCFMyN), la\u00a0<strong>Mgtr. Bel\u00e9n Piola<\/strong>\u00a0(FAPSI),\u00a0<strong>Lic. Luciana Melto<\/strong>\u00a0(FCH), la\u00a0<strong>Ing. Mariana Saber<\/strong>\u00a0(FICA) y la\u00a0<strong>Lic. Elizabeth del Valle Magallanes<\/strong>\u00a0(FCEJS).<\/p>\n<p><img fetchpriority=\"high\" decoding=\"async\" class=\"aligncenter size-large wp-image-10964\" src=\"https:\/\/www.fcejs.unsl.edu.ar\/wp-content\/uploads\/2023\/03\/caex-reunion-vm-front-03-1024x575.jpg\" sizes=\"(max-width: 843px) 100vw, 843px\" srcset=\"https:\/\/www.fcejs.unsl.edu.ar\/wp-content\/uploads\/2023\/03\/caex-reunion-vm-front-03-1024x575.jpg 1024w, https:\/\/www.fcejs.unsl.edu.ar\/wp-content\/uploads\/2023\/03\/caex-reunion-vm-front-03-300x168.jpg 300w, https:\/\/www.fcejs.unsl.edu.ar\/wp-content\/uploads\/2023\/03\/caex-reunion-vm-front-03-768x431.jpg 768w, https:\/\/www.fcejs.unsl.edu.ar\/wp-content\/uploads\/2023\/03\/caex-reunion-vm-front-03.jpg 1152w\" alt=\"\" width=\"843\" height=\"473\" \/><\/p>\n<p>A lo largo del encuentro, la CAEX recibi\u00f3 las visitas del Vicerrector, Mgtr. H\u00e9ctor Flores, de la Decana, Mgtr. Roxanna Camiletti y Vicedecana, Esp. Hilda Maggi.<\/p>\n<p>La CAEX est\u00e1 integrada por les autoridades de las distintas Secretar\u00edas de Extensi\u00f3n de la UNSL, y tiene el objetivo de lograr un mejor funcionamiento y coordinaci\u00f3n en relaci\u00f3n a las pol\u00edticas de extensi\u00f3n en el \u00e1mbito universitario promoviendo en esta ocasi\u00f3n las actividades extensionistas que se est\u00e1n llevando a cabo.<\/p>\n","protected":false},"excerpt":{"rendered":"<p>El d\u00eda lunes 6 de marzo de 2023 se llev\u00f3 a cabo la\u00a0segunda reuni\u00f3n\u00a0del a\u00f1o de la\u00a0Comisi\u00f3n Asesora de Extensi\u00f3n Universitaria Rectoral (CAEX), en la&hellip;<\/p>\n","protected":false},"author":9,"featured_media":12593,"comment_status":"closed","ping_status":"closed","sticky":false,"template":"","format":"standard","meta":{"_monsterinsights_skip_tracking":false,"_monsterinsights_sitenote_active":false,"_monsterinsights_sitenote_note":"","_monsterinsights_sitenote_category":0,"_joinchat":[],"footnotes":""},"categories":[19],"tags":[],"class_list":["post-12592","post","type-post","status-publish","format-standard","has-post-thumbnail","hentry","category-noticias"],"yoast_head":"<!-- This site is optimized with the Yoast SEO plugin v27.4 - https:\/\/yoast.com\/product\/yoast-seo-wordpress\/ -->\n<title>La Comisi\u00f3n Asesora de Extensi\u00f3n Universitaria Rectoral (CAEX) se reuni\u00f3 en Villa Mercedes - Facultad de Ingenier\u00eda y Ciencias Agropecuarias<\/title>\n<meta name=\"robots\" content=\"index, follow, max-snippet:-1, max-image-preview:large, max-video-preview:-1\" \/>\n<link rel=\"canonical\" href=\"https:\/\/www.fica.unsl.edu.ar\/index.php\/la-comision-asesora-de-extension-universitaria-rectoral-caex-se-reunio-en-villa-mercedes\/\" \/>\n<meta property=\"og:locale\" content=\"es_ES\" \/>\n<meta property=\"og:type\" content=\"article\" \/>\n<meta property=\"og:title\" content=\"La Comisi\u00f3n Asesora de Extensi\u00f3n Universitaria Rectoral (CAEX) se reuni\u00f3 en Villa Mercedes - Facultad de Ingenier\u00eda y Ciencias Agropecuarias\" \/>\n<meta property=\"og:description\" content=\"El d\u00eda lunes 6 de marzo de 2023 se llev\u00f3 a cabo la\u00a0segunda reuni\u00f3n\u00a0del a\u00f1o de la\u00a0Comisi\u00f3n Asesora de Extensi\u00f3n Universitaria Rectoral (CAEX), en la&hellip;\" \/>\n<meta property=\"og:url\" content=\"https:\/\/www.fica.unsl.edu.ar\/index.php\/la-comision-asesora-de-extension-universitaria-rectoral-caex-se-reunio-en-villa-mercedes\/\" \/>\n<meta property=\"og:site_name\" content=\"Facultad de Ingenier\u00eda y Ciencias Agropecuarias\" \/>\n<meta property=\"article:publisher\" content=\"https:\/\/www.facebook.com\/FICA.UNSL\/\" \/>\n<meta property=\"article:published_time\" content=\"2023-03-07T03:51:29+00:00\" \/>\n<meta property=\"article:modified_time\" content=\"2023-03-15T12:38:32+00:00\" \/>\n<meta property=\"og:image\" content=\"https:\/\/www.fica.unsl.edu.ar\/wp-content\/uploads\/2023\/03\/caex-reunion-vm-front.jpg\" \/>\n\t<meta property=\"og:image:width\" content=\"1152\" \/>\n\t<meta property=\"og:image:height\" content=\"647\" \/>\n\t<meta property=\"og:image:type\" content=\"image\/jpeg\" \/>\n<meta name=\"author\" content=\"DATI\" \/>\n<meta name=\"twitter:card\" content=\"summary_large_image\" \/>\n<meta name=\"twitter:creator\" content=\"@FICAUNSL\" \/>\n<meta name=\"twitter:site\" content=\"@FICAUNSL\" \/>\n<meta name=\"twitter:label1\" content=\"Escrito por\" \/>\n\t<meta name=\"twitter:data1\" content=\"DATI\" \/>\n\t<meta name=\"twitter:label2\" content=\"Tiempo de lectura\" \/>\n\t<meta name=\"twitter:data2\" content=\"2 minutos\" \/>\n<script type=\"application\/ld+json\" class=\"yoast-schema-graph\">{\"@context\":\"https:\\\/\\\/schema.org\",\"@graph\":[{\"@type\":\"Article\",\"@id\":\"https:\\\/\\\/www.fica.unsl.edu.ar\\\/index.php\\\/la-comision-asesora-de-extension-universitaria-rectoral-caex-se-reunio-en-villa-mercedes\\\/#article\",\"isPartOf\":{\"@id\":\"https:\\\/\\\/www.fica.unsl.edu.ar\\\/index.php\\\/la-comision-asesora-de-extension-universitaria-rectoral-caex-se-reunio-en-villa-mercedes\\\/\"},\"author\":{\"name\":\"DATI\",\"@id\":\"https:\\\/\\\/www.fica.unsl.edu.ar\\\/#\\\/schema\\\/person\\\/6058f9c66301868d3a691b1f5d6c3544\"},\"headline\":\"La Comisi\u00f3n Asesora de Extensi\u00f3n Universitaria Rectoral (CAEX) se reuni\u00f3 en Villa Mercedes\",\"datePublished\":\"2023-03-07T03:51:29+00:00\",\"dateModified\":\"2023-03-15T12:38:32+00:00\",\"mainEntityOfPage\":{\"@id\":\"https:\\\/\\\/www.fica.unsl.edu.ar\\\/index.php\\\/la-comision-asesora-de-extension-universitaria-rectoral-caex-se-reunio-en-villa-mercedes\\\/\"},\"wordCount\":250,\"publisher\":{\"@id\":\"https:\\\/\\\/www.fica.unsl.edu.ar\\\/#organization\"},\"image\":{\"@id\":\"https:\\\/\\\/www.fica.unsl.edu.ar\\\/index.php\\\/la-comision-asesora-de-extension-universitaria-rectoral-caex-se-reunio-en-villa-mercedes\\\/#primaryimage\"},\"thumbnailUrl\":\"https:\\\/\\\/www.fica.unsl.edu.ar\\\/wp-content\\\/uploads\\\/2023\\\/03\\\/caex-reunion-vm-front.jpg\",\"articleSection\":[\"Noticias\"],\"inLanguage\":\"es-AR\"},{\"@type\":\"WebPage\",\"@id\":\"https:\\\/\\\/www.fica.unsl.edu.ar\\\/index.php\\\/la-comision-asesora-de-extension-universitaria-rectoral-caex-se-reunio-en-villa-mercedes\\\/\",\"url\":\"https:\\\/\\\/www.fica.unsl.edu.ar\\\/index.php\\\/la-comision-asesora-de-extension-universitaria-rectoral-caex-se-reunio-en-villa-mercedes\\\/\",\"name\":\"La Comisi\u00f3n Asesora de Extensi\u00f3n Universitaria Rectoral (CAEX) se reuni\u00f3 en Villa Mercedes - Facultad de Ingenier\u00eda y Ciencias Agropecuarias\",\"isPartOf\":{\"@id\":\"https:\\\/\\\/www.fica.unsl.edu.ar\\\/#website\"},\"primaryImageOfPage\":{\"@id\":\"https:\\\/\\\/www.fica.unsl.edu.ar\\\/index.php\\\/la-comision-asesora-de-extension-universitaria-rectoral-caex-se-reunio-en-villa-mercedes\\\/#primaryimage\"},\"image\":{\"@id\":\"https:\\\/\\\/www.fica.unsl.edu.ar\\\/index.php\\\/la-comision-asesora-de-extension-universitaria-rectoral-caex-se-reunio-en-villa-mercedes\\\/#primaryimage\"},\"thumbnailUrl\":\"https:\\\/\\\/www.fica.unsl.edu.ar\\\/wp-content\\\/uploads\\\/2023\\\/03\\\/caex-reunion-vm-front.jpg\",\"datePublished\":\"2023-03-07T03:51:29+00:00\",\"dateModified\":\"2023-03-15T12:38:32+00:00\",\"inLanguage\":\"es-AR\",\"potentialAction\":[{\"@type\":\"ReadAction\",\"target\":[\"https:\\\/\\\/www.fica.unsl.edu.ar\\\/index.php\\\/la-comision-asesora-de-extension-universitaria-rectoral-caex-se-reunio-en-villa-mercedes\\\/\"]}]},{\"@type\":\"ImageObject\",\"inLanguage\":\"es-AR\",\"@id\":\"https:\\\/\\\/www.fica.unsl.edu.ar\\\/index.php\\\/la-comision-asesora-de-extension-universitaria-rectoral-caex-se-reunio-en-villa-mercedes\\\/#primaryimage\",\"url\":\"https:\\\/\\\/www.fica.unsl.edu.ar\\\/wp-content\\\/uploads\\\/2023\\\/03\\\/caex-reunion-vm-front.jpg\",\"contentUrl\":\"https:\\\/\\\/www.fica.unsl.edu.ar\\\/wp-content\\\/uploads\\\/2023\\\/03\\\/caex-reunion-vm-front.jpg\",\"width\":1152,\"height\":647},{\"@type\":\"WebSite\",\"@id\":\"https:\\\/\\\/www.fica.unsl.edu.ar\\\/#website\",\"url\":\"https:\\\/\\\/www.fica.unsl.edu.ar\\\/\",\"name\":\"Facultad de Ingenier\u00eda y Ciencias Agropecuarias\",\"description\":\"\",\"publisher\":{\"@id\":\"https:\\\/\\\/www.fica.unsl.edu.ar\\\/#organization\"},\"potentialAction\":[{\"@type\":\"SearchAction\",\"target\":{\"@type\":\"EntryPoint\",\"urlTemplate\":\"https:\\\/\\\/www.fica.unsl.edu.ar\\\/?s={search_term_string}\"},\"query-input\":{\"@type\":\"PropertyValueSpecification\",\"valueRequired\":true,\"valueName\":\"search_term_string\"}}],\"inLanguage\":\"es-AR\"},{\"@type\":\"Organization\",\"@id\":\"https:\\\/\\\/www.fica.unsl.edu.ar\\\/#organization\",\"name\":\"Facultad de Ingenier\u00eda y Ciencias Agropecuarias\",\"url\":\"https:\\\/\\\/www.fica.unsl.edu.ar\\\/\",\"logo\":{\"@type\":\"ImageObject\",\"inLanguage\":\"es-AR\",\"@id\":\"https:\\\/\\\/www.fica.unsl.edu.ar\\\/#\\\/schema\\\/logo\\\/image\\\/\",\"url\":\"https:\\\/\\\/www.fica.unsl.edu.ar\\\/wp-content\\\/uploads\\\/2021\\\/03\\\/LOGO-1.jpg\",\"contentUrl\":\"https:\\\/\\\/www.fica.unsl.edu.ar\\\/wp-content\\\/uploads\\\/2021\\\/03\\\/LOGO-1.jpg\",\"width\":463,\"height\":145,\"caption\":\"Facultad de Ingenier\u00eda y Ciencias Agropecuarias\"},\"image\":{\"@id\":\"https:\\\/\\\/www.fica.unsl.edu.ar\\\/#\\\/schema\\\/logo\\\/image\\\/\"},\"sameAs\":[\"https:\\\/\\\/www.facebook.com\\\/FICA.UNSL\\\/\",\"https:\\\/\\\/x.com\\\/FICAUNSL\",\"https:\\\/\\\/www.instagram.com\\\/fica.unsl\\\/\",\"https:\\\/\\\/www.youtube.com\\\/channel\\\/UCs2MM53gb2PyBrMySdtWZDQ\"]},{\"@type\":\"Person\",\"@id\":\"https:\\\/\\\/www.fica.unsl.edu.ar\\\/#\\\/schema\\\/person\\\/6058f9c66301868d3a691b1f5d6c3544\",\"name\":\"DATI\"}]}<\/script>\n<!-- \/ Yoast SEO plugin. -->","yoast_head_json":{"title":"La Comisi\u00f3n Asesora de Extensi\u00f3n Universitaria Rectoral (CAEX) se reuni\u00f3 en Villa Mercedes - Facultad de Ingenier\u00eda y Ciencias Agropecuarias","robots":{"index":"index","follow":"follow","max-snippet":"max-snippet:-1","max-image-preview":"max-image-preview:large","max-video-preview":"max-video-preview:-1"},"canonical":"https:\/\/www.fica.unsl.edu.ar\/index.php\/la-comision-asesora-de-extension-universitaria-rectoral-caex-se-reunio-en-villa-mercedes\/","og_locale":"es_ES","og_type":"article","og_title":"La Comisi\u00f3n Asesora de Extensi\u00f3n Universitaria Rectoral (CAEX) se reuni\u00f3 en Villa Mercedes - Facultad de Ingenier\u00eda y Ciencias Agropecuarias","og_description":"El d\u00eda lunes 6 de marzo de 2023 se llev\u00f3 a cabo la\u00a0segunda reuni\u00f3n\u00a0del a\u00f1o de la\u00a0Comisi\u00f3n Asesora de Extensi\u00f3n Universitaria Rectoral (CAEX), en la&hellip;","og_url":"https:\/\/www.fica.unsl.edu.ar\/index.php\/la-comision-asesora-de-extension-universitaria-rectoral-caex-se-reunio-en-villa-mercedes\/","og_site_name":"Facultad de Ingenier\u00eda y Ciencias Agropecuarias","article_publisher":"https:\/\/www.facebook.com\/FICA.UNSL\/","article_published_time":"2023-03-07T03:51:29+00:00","article_modified_time":"2023-03-15T12:38:32+00:00","og_image":[{"width":1152,"height":647,"url":"https:\/\/www.fica.unsl.edu.ar\/wp-content\/uploads\/2023\/03\/caex-reunion-vm-front.jpg","type":"image\/jpeg"}],"author":"DATI","twitter_card":"summary_large_image","twitter_creator":"@FICAUNSL","twitter_site":"@FICAUNSL","twitter_misc":{"Escrito por":"DATI","Tiempo de lectura":"2 minutos"},"schema":{"@context":"https:\/\/schema.org","@graph":[{"@type":"Article","@id":"https:\/\/www.fica.unsl.edu.ar\/index.php\/la-comision-asesora-de-extension-universitaria-rectoral-caex-se-reunio-en-villa-mercedes\/#article","isPartOf":{"@id":"https:\/\/www.fica.unsl.edu.ar\/index.php\/la-comision-asesora-de-extension-universitaria-rectoral-caex-se-reunio-en-villa-mercedes\/"},"author":{"name":"DATI","@id":"https:\/\/www.fica.unsl.edu.ar\/#\/schema\/person\/6058f9c66301868d3a691b1f5d6c3544"},"headline":"La Comisi\u00f3n Asesora de Extensi\u00f3n Universitaria Rectoral (CAEX) se reuni\u00f3 en Villa Mercedes","datePublished":"2023-03-07T03:51:29+00:00","dateModified":"2023-03-15T12:38:32+00:00","mainEntityOfPage":{"@id":"https:\/\/www.fica.unsl.edu.ar\/index.php\/la-comision-asesora-de-extension-universitaria-rectoral-caex-se-reunio-en-villa-mercedes\/"},"wordCount":250,"publisher":{"@id":"https:\/\/www.fica.unsl.edu.ar\/#organization"},"image":{"@id":"https:\/\/www.fica.unsl.edu.ar\/index.php\/la-comision-asesora-de-extension-universitaria-rectoral-caex-se-reunio-en-villa-mercedes\/#primaryimage"},"thumbnailUrl":"https:\/\/www.fica.unsl.edu.ar\/wp-content\/uploads\/2023\/03\/caex-reunion-vm-front.jpg","articleSection":["Noticias"],"inLanguage":"es-AR"},{"@type":"WebPage","@id":"https:\/\/www.fica.unsl.edu.ar\/index.php\/la-comision-asesora-de-extension-universitaria-rectoral-caex-se-reunio-en-villa-mercedes\/","url":"https:\/\/www.fica.unsl.edu.ar\/index.php\/la-comision-asesora-de-extension-universitaria-rectoral-caex-se-reunio-en-villa-mercedes\/","name":"La Comisi\u00f3n Asesora de Extensi\u00f3n Universitaria Rectoral (CAEX) se reuni\u00f3 en Villa Mercedes - Facultad de Ingenier\u00eda y Ciencias Agropecuarias","isPartOf":{"@id":"https:\/\/www.fica.unsl.edu.ar\/#website"},"primaryImageOfPage":{"@id":"https:\/\/www.fica.unsl.edu.ar\/index.php\/la-comision-asesora-de-extension-universitaria-rectoral-caex-se-reunio-en-villa-mercedes\/#primaryimage"},"image":{"@id":"https:\/\/www.fica.unsl.edu.ar\/index.php\/la-comision-asesora-de-extension-universitaria-rectoral-caex-se-reunio-en-villa-mercedes\/#primaryimage"},"thumbnailUrl":"https:\/\/www.fica.unsl.edu.ar\/wp-content\/uploads\/2023\/03\/caex-reunion-vm-front.jpg","datePublished":"2023-03-07T03:51:29+00:00","dateModified":"2023-03-15T12:38:32+00:00","inLanguage":"es-AR","potentialAction":[{"@type":"ReadAction","target":["https:\/\/www.fica.unsl.edu.ar\/index.php\/la-comision-asesora-de-extension-universitaria-rectoral-caex-se-reunio-en-villa-mercedes\/"]}]},{"@type":"ImageObject","inLanguage":"es-AR","@id":"https:\/\/www.fica.unsl.edu.ar\/index.php\/la-comision-asesora-de-extension-universitaria-rectoral-caex-se-reunio-en-villa-mercedes\/#primaryimage","url":"https:\/\/www.fica.unsl.edu.ar\/wp-content\/uploads\/2023\/03\/caex-reunion-vm-front.jpg","contentUrl":"https:\/\/www.fica.unsl.edu.ar\/wp-content\/uploads\/2023\/03\/caex-reunion-vm-front.jpg","width":1152,"height":647},{"@type":"WebSite","@id":"https:\/\/www.fica.unsl.edu.ar\/#website","url":"https:\/\/www.fica.unsl.edu.ar\/","name":"Facultad de Ingenier\u00eda y Ciencias Agropecuarias","description":"","publisher":{"@id":"https:\/\/www.fica.unsl.edu.ar\/#organization"},"potentialAction":[{"@type":"SearchAction","target":{"@type":"EntryPoint","urlTemplate":"https:\/\/www.fica.unsl.edu.ar\/?s={search_term_string}"},"query-input":{"@type":"PropertyValueSpecification","valueRequired":true,"valueName":"search_term_string"}}],"inLanguage":"es-AR"},{"@type":"Organization","@id":"https:\/\/www.fica.unsl.edu.ar\/#organization","name":"Facultad de Ingenier\u00eda y Ciencias Agropecuarias","url":"https:\/\/www.fica.unsl.edu.ar\/","logo":{"@type":"ImageObject","inLanguage":"es-AR","@id":"https:\/\/www.fica.unsl.edu.ar\/#\/schema\/logo\/image\/","url":"https:\/\/www.fica.unsl.edu.ar\/wp-content\/uploads\/2021\/03\/LOGO-1.jpg","contentUrl":"https:\/\/www.fica.unsl.edu.ar\/wp-content\/uploads\/2021\/03\/LOGO-1.jpg","width":463,"height":145,"caption":"Facultad de Ingenier\u00eda y Ciencias Agropecuarias"},"image":{"@id":"https:\/\/www.fica.unsl.edu.ar\/#\/schema\/logo\/image\/"},"sameAs":["https:\/\/www.facebook.com\/FICA.UNSL\/","https:\/\/x.com\/FICAUNSL","https:\/\/www.instagram.com\/fica.unsl\/","https:\/\/www.youtube.com\/channel\/UCs2MM53gb2PyBrMySdtWZDQ"]},{"@type":"Person","@id":"https:\/\/www.fica.unsl.edu.ar\/#\/schema\/person\/6058f9c66301868d3a691b1f5d6c3544","name":"DATI"}]}},"_links":{"self":[{"href":"https:\/\/www.fica.unsl.edu.ar\/index.php\/wp-json\/wp\/v2\/posts\/12592","targetHints":{"allow":["GET"]}}],"collection":[{"href":"https:\/\/www.fica.unsl.edu.ar\/index.php\/wp-json\/wp\/v2\/posts"}],"about":[{"href":"https:\/\/www.fica.unsl.edu.ar\/index.php\/wp-json\/wp\/v2\/types\/post"}],"author":[{"embeddable":true,"href":"https:\/\/www.fica.unsl.edu.ar\/index.php\/wp-json\/wp\/v2\/users\/9"}],"replies":[{"embeddable":true,"href":"https:\/\/www.fica.unsl.edu.ar\/index.php\/wp-json\/wp\/v2\/comments?post=12592"}],"version-history":[{"count":1,"href":"https:\/\/www.fica.unsl.edu.ar\/index.php\/wp-json\/wp\/v2\/posts\/12592\/revisions"}],"predecessor-version":[{"id":12594,"href":"https:\/\/www.fica.unsl.edu.ar\/index.php\/wp-json\/wp\/v2\/posts\/12592\/revisions\/12594"}],"wp:featuredmedia":[{"embeddable":true,"href":"https:\/\/www.fica.unsl.edu.ar\/index.php\/wp-json\/wp\/v2\/media\/12593"}],"wp:attachment":[{"href":"https:\/\/www.fica.unsl.edu.ar\/index.php\/wp-json\/wp\/v2\/media?parent=12592"}],"wp:term":[{"taxonomy":"category","embeddable":true,"href":"https:\/\/www.fica.unsl.edu.ar\/index.php\/wp-json\/wp\/v2\/categories?post=12592"},{"taxonomy":"post_tag","embeddable":true,"href":"https:\/\/www.fica.unsl.edu.ar\/index.php\/wp-json\/wp\/v2\/tags?post=12592"}],"curies":[{"name":"wp","href":"https:\/\/api.w.org\/{rel}","templated":true}]}}