{"id":13064,"date":"2023-04-21T11:58:20","date_gmt":"2023-04-21T14:58:20","guid":{"rendered":"http:\/\/10.101.10.196\/www\/?p=13064"},"modified":"2023-04-21T11:58:20","modified_gmt":"2023-04-21T14:58:20","slug":"estudiantes-participaron-de-la-charla-sobre-eficiencia-energetica-de-ashrae","status":"publish","type":"post","link":"https:\/\/www.fica.unsl.edu.ar\/index.php\/estudiantes-participaron-de-la-charla-sobre-eficiencia-energetica-de-ashrae\/","title":{"rendered":"Estudiantes participaron de la charla sobre Eficiencia Energ\u00e9tica de ASHRAE"},"content":{"rendered":"<p>Como parte de las actividades del III Congreso de Eficiencia Energ\u00e9tica de ASHRAE que se realiza en San Luis, en la tarde de ayer jueves 20 de abril, disertantes experimentados brindaron a estudiantes de la FICA una charla sobre la Eficiencia Energ\u00e9tica.<\/p>\n<p>Este encuentro, realizado en el aula de 16, cont\u00f3 con las palabras de bienvenidas de la Directora de la carrera de Ingenier\u00eda Industrial, Mgtr. Eugenia Rimini (coordinadora de la charla) y del Vicedecano de la FICA, Dr. Federico Serra.<\/p>\n<p>Los ponentes trataron temas relacionados a la eficiencia energ\u00e9tica, el confort t\u00e9rmico y dise\u00f1o de edificios eficientes, operaci\u00f3n y mantenimiento de Sistemas &amp; Auditor\u00edas Energ\u00e9ticas; y sobre la Ashrae \u201cBuilding Eq\u201d Building Labeling Program And Energy Related Programs.<\/p>\n<p>El ASHRAE es una sociedad t\u00e9cnica de prestigio internacional compuesta por personas\/voluntarios, en la actualidad 54.000, sin fines de lucro. La misma se dedica a la difusi\u00f3n y generaci\u00f3n de normas te\u00f3ricas y pr\u00e1cticas para la aplicaci\u00f3n de conocimientos de primer nivel, en la ejecuci\u00f3n de obras, proyectos, an\u00e1lisis energ\u00e9ticos y resoluci\u00f3n de problemas.<\/p>\n<p>Los resultados de sus esfuerzos es que los ingenieros, arquitectos, t\u00e9cnicos especialistas, desarrolladores y gente relacionada con esta industria est\u00e9n en mejores condiciones de mantener ambientes interiores m\u00e1s seguros, eficientes y productivos al mismo tiempo que se proteja y preserve el ambiente exterior, para beneficio de las generaciones que nos sucedan.<\/p>\n<p><img fetchpriority=\"high\" decoding=\"async\" class=\"aligncenter size-full wp-image-13066\" src=\"https:\/\/www.fica.unsl.edu.ar\/wp-content\/uploads\/2023\/04\/charla02.jpg\" alt=\"\" width=\"1061\" height=\"585\" srcset=\"https:\/\/www.fica.unsl.edu.ar\/wp-content\/uploads\/2023\/04\/charla02.jpg 1061w, https:\/\/www.fica.unsl.edu.ar\/wp-content\/uploads\/2023\/04\/charla02-300x165.jpg 300w, https:\/\/www.fica.unsl.edu.ar\/wp-content\/uploads\/2023\/04\/charla02-1024x565.jpg 1024w, https:\/\/www.fica.unsl.edu.ar\/wp-content\/uploads\/2023\/04\/charla02-768x423.jpg 768w\" sizes=\"(max-width: 1061px) 100vw, 1061px\" \/><\/p>\n<p>&nbsp;<\/p>\n","protected":false},"excerpt":{"rendered":"<p>Como parte de las actividades del III Congreso de Eficiencia Energ\u00e9tica de ASHRAE que se realiza en San Luis, en la tarde de ayer jueves&hellip;<\/p>\n","protected":false},"author":9,"featured_media":13065,"comment_status":"closed","ping_status":"closed","sticky":false,"template":"","format":"standard","meta":{"_monsterinsights_skip_tracking":false,"_monsterinsights_sitenote_active":false,"_monsterinsights_sitenote_note":"","_monsterinsights_sitenote_category":0,"_joinchat":[],"footnotes":""},"categories":[19],"tags":[],"class_list":["post-13064","post","type-post","status-publish","format-standard","has-post-thumbnail","hentry","category-noticias"],"yoast_head":"<!-- This site is optimized with the Yoast SEO plugin v27.4 - https:\/\/yoast.com\/product\/yoast-seo-wordpress\/ -->\n<title>Estudiantes participaron de la charla sobre Eficiencia Energ\u00e9tica de ASHRAE - Facultad de Ingenier\u00eda y Ciencias Agropecuarias<\/title>\n<meta name=\"robots\" content=\"index, follow, max-snippet:-1, max-image-preview:large, max-video-preview:-1\" \/>\n<link rel=\"canonical\" href=\"https:\/\/www.fica.unsl.edu.ar\/index.php\/estudiantes-participaron-de-la-charla-sobre-eficiencia-energetica-de-ashrae\/\" \/>\n<meta property=\"og:locale\" content=\"es_ES\" \/>\n<meta property=\"og:type\" content=\"article\" \/>\n<meta property=\"og:title\" content=\"Estudiantes participaron de la charla sobre Eficiencia Energ\u00e9tica de ASHRAE - Facultad de Ingenier\u00eda y Ciencias Agropecuarias\" \/>\n<meta property=\"og:description\" content=\"Como parte de las actividades del III Congreso de Eficiencia Energ\u00e9tica de ASHRAE que se realiza en San Luis, en la tarde de ayer jueves&hellip;\" \/>\n<meta property=\"og:url\" content=\"https:\/\/www.fica.unsl.edu.ar\/index.php\/estudiantes-participaron-de-la-charla-sobre-eficiencia-energetica-de-ashrae\/\" \/>\n<meta property=\"og:site_name\" content=\"Facultad de Ingenier\u00eda y Ciencias Agropecuarias\" \/>\n<meta property=\"article:publisher\" content=\"https:\/\/www.facebook.com\/FICA.UNSL\/\" \/>\n<meta property=\"article:published_time\" content=\"2023-04-21T14:58:20+00:00\" \/>\n<meta property=\"og:image\" content=\"https:\/\/www.fica.unsl.edu.ar\/wp-content\/uploads\/2023\/04\/charla.jpg\" \/>\n\t<meta property=\"og:image:width\" content=\"1061\" \/>\n\t<meta property=\"og:image:height\" content=\"585\" \/>\n\t<meta property=\"og:image:type\" content=\"image\/jpeg\" \/>\n<meta name=\"author\" content=\"DATI\" \/>\n<meta name=\"twitter:card\" content=\"summary_large_image\" \/>\n<meta name=\"twitter:creator\" content=\"@FICAUNSL\" \/>\n<meta name=\"twitter:site\" content=\"@FICAUNSL\" \/>\n<meta name=\"twitter:label1\" content=\"Escrito por\" \/>\n\t<meta name=\"twitter:data1\" content=\"DATI\" \/>\n\t<meta name=\"twitter:label2\" content=\"Tiempo de lectura\" \/>\n\t<meta name=\"twitter:data2\" content=\"2 minutos\" \/>\n<script type=\"application\/ld+json\" class=\"yoast-schema-graph\">{\"@context\":\"https:\\\/\\\/schema.org\",\"@graph\":[{\"@type\":\"Article\",\"@id\":\"https:\\\/\\\/www.fica.unsl.edu.ar\\\/index.php\\\/estudiantes-participaron-de-la-charla-sobre-eficiencia-energetica-de-ashrae\\\/#article\",\"isPartOf\":{\"@id\":\"https:\\\/\\\/www.fica.unsl.edu.ar\\\/index.php\\\/estudiantes-participaron-de-la-charla-sobre-eficiencia-energetica-de-ashrae\\\/\"},\"author\":{\"name\":\"DATI\",\"@id\":\"https:\\\/\\\/www.fica.unsl.edu.ar\\\/#\\\/schema\\\/person\\\/6058f9c66301868d3a691b1f5d6c3544\"},\"headline\":\"Estudiantes participaron de la charla sobre Eficiencia Energ\u00e9tica de ASHRAE\",\"datePublished\":\"2023-04-21T14:58:20+00:00\",\"mainEntityOfPage\":{\"@id\":\"https:\\\/\\\/www.fica.unsl.edu.ar\\\/index.php\\\/estudiantes-participaron-de-la-charla-sobre-eficiencia-energetica-de-ashrae\\\/\"},\"wordCount\":256,\"publisher\":{\"@id\":\"https:\\\/\\\/www.fica.unsl.edu.ar\\\/#organization\"},\"image\":{\"@id\":\"https:\\\/\\\/www.fica.unsl.edu.ar\\\/index.php\\\/estudiantes-participaron-de-la-charla-sobre-eficiencia-energetica-de-ashrae\\\/#primaryimage\"},\"thumbnailUrl\":\"https:\\\/\\\/www.fica.unsl.edu.ar\\\/wp-content\\\/uploads\\\/2023\\\/04\\\/charla.jpg\",\"articleSection\":[\"Noticias\"],\"inLanguage\":\"es-AR\"},{\"@type\":\"WebPage\",\"@id\":\"https:\\\/\\\/www.fica.unsl.edu.ar\\\/index.php\\\/estudiantes-participaron-de-la-charla-sobre-eficiencia-energetica-de-ashrae\\\/\",\"url\":\"https:\\\/\\\/www.fica.unsl.edu.ar\\\/index.php\\\/estudiantes-participaron-de-la-charla-sobre-eficiencia-energetica-de-ashrae\\\/\",\"name\":\"Estudiantes participaron de la charla sobre Eficiencia Energ\u00e9tica de ASHRAE - Facultad de Ingenier\u00eda y Ciencias Agropecuarias\",\"isPartOf\":{\"@id\":\"https:\\\/\\\/www.fica.unsl.edu.ar\\\/#website\"},\"primaryImageOfPage\":{\"@id\":\"https:\\\/\\\/www.fica.unsl.edu.ar\\\/index.php\\\/estudiantes-participaron-de-la-charla-sobre-eficiencia-energetica-de-ashrae\\\/#primaryimage\"},\"image\":{\"@id\":\"https:\\\/\\\/www.fica.unsl.edu.ar\\\/index.php\\\/estudiantes-participaron-de-la-charla-sobre-eficiencia-energetica-de-ashrae\\\/#primaryimage\"},\"thumbnailUrl\":\"https:\\\/\\\/www.fica.unsl.edu.ar\\\/wp-content\\\/uploads\\\/2023\\\/04\\\/charla.jpg\",\"datePublished\":\"2023-04-21T14:58:20+00:00\",\"inLanguage\":\"es-AR\",\"potentialAction\":[{\"@type\":\"ReadAction\",\"target\":[\"https:\\\/\\\/www.fica.unsl.edu.ar\\\/index.php\\\/estudiantes-participaron-de-la-charla-sobre-eficiencia-energetica-de-ashrae\\\/\"]}]},{\"@type\":\"ImageObject\",\"inLanguage\":\"es-AR\",\"@id\":\"https:\\\/\\\/www.fica.unsl.edu.ar\\\/index.php\\\/estudiantes-participaron-de-la-charla-sobre-eficiencia-energetica-de-ashrae\\\/#primaryimage\",\"url\":\"https:\\\/\\\/www.fica.unsl.edu.ar\\\/wp-content\\\/uploads\\\/2023\\\/04\\\/charla.jpg\",\"contentUrl\":\"https:\\\/\\\/www.fica.unsl.edu.ar\\\/wp-content\\\/uploads\\\/2023\\\/04\\\/charla.jpg\",\"width\":1061,\"height\":585},{\"@type\":\"WebSite\",\"@id\":\"https:\\\/\\\/www.fica.unsl.edu.ar\\\/#website\",\"url\":\"https:\\\/\\\/www.fica.unsl.edu.ar\\\/\",\"name\":\"Facultad de Ingenier\u00eda y Ciencias Agropecuarias\",\"description\":\"\",\"publisher\":{\"@id\":\"https:\\\/\\\/www.fica.unsl.edu.ar\\\/#organization\"},\"potentialAction\":[{\"@type\":\"SearchAction\",\"target\":{\"@type\":\"EntryPoint\",\"urlTemplate\":\"https:\\\/\\\/www.fica.unsl.edu.ar\\\/?s={search_term_string}\"},\"query-input\":{\"@type\":\"PropertyValueSpecification\",\"valueRequired\":true,\"valueName\":\"search_term_string\"}}],\"inLanguage\":\"es-AR\"},{\"@type\":\"Organization\",\"@id\":\"https:\\\/\\\/www.fica.unsl.edu.ar\\\/#organization\",\"name\":\"Facultad de Ingenier\u00eda y Ciencias Agropecuarias\",\"url\":\"https:\\\/\\\/www.fica.unsl.edu.ar\\\/\",\"logo\":{\"@type\":\"ImageObject\",\"inLanguage\":\"es-AR\",\"@id\":\"https:\\\/\\\/www.fica.unsl.edu.ar\\\/#\\\/schema\\\/logo\\\/image\\\/\",\"url\":\"https:\\\/\\\/www.fica.unsl.edu.ar\\\/wp-content\\\/uploads\\\/2021\\\/03\\\/LOGO-1.jpg\",\"contentUrl\":\"https:\\\/\\\/www.fica.unsl.edu.ar\\\/wp-content\\\/uploads\\\/2021\\\/03\\\/LOGO-1.jpg\",\"width\":463,\"height\":145,\"caption\":\"Facultad de Ingenier\u00eda y Ciencias Agropecuarias\"},\"image\":{\"@id\":\"https:\\\/\\\/www.fica.unsl.edu.ar\\\/#\\\/schema\\\/logo\\\/image\\\/\"},\"sameAs\":[\"https:\\\/\\\/www.facebook.com\\\/FICA.UNSL\\\/\",\"https:\\\/\\\/x.com\\\/FICAUNSL\",\"https:\\\/\\\/www.instagram.com\\\/fica.unsl\\\/\",\"https:\\\/\\\/www.youtube.com\\\/channel\\\/UCs2MM53gb2PyBrMySdtWZDQ\"]},{\"@type\":\"Person\",\"@id\":\"https:\\\/\\\/www.fica.unsl.edu.ar\\\/#\\\/schema\\\/person\\\/6058f9c66301868d3a691b1f5d6c3544\",\"name\":\"DATI\"}]}<\/script>\n<!-- \/ Yoast SEO plugin. -->","yoast_head_json":{"title":"Estudiantes participaron de la charla sobre Eficiencia Energ\u00e9tica de ASHRAE - Facultad de Ingenier\u00eda y Ciencias Agropecuarias","robots":{"index":"index","follow":"follow","max-snippet":"max-snippet:-1","max-image-preview":"max-image-preview:large","max-video-preview":"max-video-preview:-1"},"canonical":"https:\/\/www.fica.unsl.edu.ar\/index.php\/estudiantes-participaron-de-la-charla-sobre-eficiencia-energetica-de-ashrae\/","og_locale":"es_ES","og_type":"article","og_title":"Estudiantes participaron de la charla sobre Eficiencia Energ\u00e9tica de ASHRAE - Facultad de Ingenier\u00eda y Ciencias Agropecuarias","og_description":"Como parte de las actividades del III Congreso de Eficiencia Energ\u00e9tica de ASHRAE que se realiza en San Luis, en la tarde de ayer jueves&hellip;","og_url":"https:\/\/www.fica.unsl.edu.ar\/index.php\/estudiantes-participaron-de-la-charla-sobre-eficiencia-energetica-de-ashrae\/","og_site_name":"Facultad de Ingenier\u00eda y Ciencias Agropecuarias","article_publisher":"https:\/\/www.facebook.com\/FICA.UNSL\/","article_published_time":"2023-04-21T14:58:20+00:00","og_image":[{"width":1061,"height":585,"url":"https:\/\/www.fica.unsl.edu.ar\/wp-content\/uploads\/2023\/04\/charla.jpg","type":"image\/jpeg"}],"author":"DATI","twitter_card":"summary_large_image","twitter_creator":"@FICAUNSL","twitter_site":"@FICAUNSL","twitter_misc":{"Escrito por":"DATI","Tiempo de lectura":"2 minutos"},"schema":{"@context":"https:\/\/schema.org","@graph":[{"@type":"Article","@id":"https:\/\/www.fica.unsl.edu.ar\/index.php\/estudiantes-participaron-de-la-charla-sobre-eficiencia-energetica-de-ashrae\/#article","isPartOf":{"@id":"https:\/\/www.fica.unsl.edu.ar\/index.php\/estudiantes-participaron-de-la-charla-sobre-eficiencia-energetica-de-ashrae\/"},"author":{"name":"DATI","@id":"https:\/\/www.fica.unsl.edu.ar\/#\/schema\/person\/6058f9c66301868d3a691b1f5d6c3544"},"headline":"Estudiantes participaron de la charla sobre Eficiencia Energ\u00e9tica de ASHRAE","datePublished":"2023-04-21T14:58:20+00:00","mainEntityOfPage":{"@id":"https:\/\/www.fica.unsl.edu.ar\/index.php\/estudiantes-participaron-de-la-charla-sobre-eficiencia-energetica-de-ashrae\/"},"wordCount":256,"publisher":{"@id":"https:\/\/www.fica.unsl.edu.ar\/#organization"},"image":{"@id":"https:\/\/www.fica.unsl.edu.ar\/index.php\/estudiantes-participaron-de-la-charla-sobre-eficiencia-energetica-de-ashrae\/#primaryimage"},"thumbnailUrl":"https:\/\/www.fica.unsl.edu.ar\/wp-content\/uploads\/2023\/04\/charla.jpg","articleSection":["Noticias"],"inLanguage":"es-AR"},{"@type":"WebPage","@id":"https:\/\/www.fica.unsl.edu.ar\/index.php\/estudiantes-participaron-de-la-charla-sobre-eficiencia-energetica-de-ashrae\/","url":"https:\/\/www.fica.unsl.edu.ar\/index.php\/estudiantes-participaron-de-la-charla-sobre-eficiencia-energetica-de-ashrae\/","name":"Estudiantes participaron de la charla sobre Eficiencia Energ\u00e9tica de ASHRAE - Facultad de Ingenier\u00eda y Ciencias Agropecuarias","isPartOf":{"@id":"https:\/\/www.fica.unsl.edu.ar\/#website"},"primaryImageOfPage":{"@id":"https:\/\/www.fica.unsl.edu.ar\/index.php\/estudiantes-participaron-de-la-charla-sobre-eficiencia-energetica-de-ashrae\/#primaryimage"},"image":{"@id":"https:\/\/www.fica.unsl.edu.ar\/index.php\/estudiantes-participaron-de-la-charla-sobre-eficiencia-energetica-de-ashrae\/#primaryimage"},"thumbnailUrl":"https:\/\/www.fica.unsl.edu.ar\/wp-content\/uploads\/2023\/04\/charla.jpg","datePublished":"2023-04-21T14:58:20+00:00","inLanguage":"es-AR","potentialAction":[{"@type":"ReadAction","target":["https:\/\/www.fica.unsl.edu.ar\/index.php\/estudiantes-participaron-de-la-charla-sobre-eficiencia-energetica-de-ashrae\/"]}]},{"@type":"ImageObject","inLanguage":"es-AR","@id":"https:\/\/www.fica.unsl.edu.ar\/index.php\/estudiantes-participaron-de-la-charla-sobre-eficiencia-energetica-de-ashrae\/#primaryimage","url":"https:\/\/www.fica.unsl.edu.ar\/wp-content\/uploads\/2023\/04\/charla.jpg","contentUrl":"https:\/\/www.fica.unsl.edu.ar\/wp-content\/uploads\/2023\/04\/charla.jpg","width":1061,"height":585},{"@type":"WebSite","@id":"https:\/\/www.fica.unsl.edu.ar\/#website","url":"https:\/\/www.fica.unsl.edu.ar\/","name":"Facultad de Ingenier\u00eda y Ciencias Agropecuarias","description":"","publisher":{"@id":"https:\/\/www.fica.unsl.edu.ar\/#organization"},"potentialAction":[{"@type":"SearchAction","target":{"@type":"EntryPoint","urlTemplate":"https:\/\/www.fica.unsl.edu.ar\/?s={search_term_string}"},"query-input":{"@type":"PropertyValueSpecification","valueRequired":true,"valueName":"search_term_string"}}],"inLanguage":"es-AR"},{"@type":"Organization","@id":"https:\/\/www.fica.unsl.edu.ar\/#organization","name":"Facultad de Ingenier\u00eda y Ciencias Agropecuarias","url":"https:\/\/www.fica.unsl.edu.ar\/","logo":{"@type":"ImageObject","inLanguage":"es-AR","@id":"https:\/\/www.fica.unsl.edu.ar\/#\/schema\/logo\/image\/","url":"https:\/\/www.fica.unsl.edu.ar\/wp-content\/uploads\/2021\/03\/LOGO-1.jpg","contentUrl":"https:\/\/www.fica.unsl.edu.ar\/wp-content\/uploads\/2021\/03\/LOGO-1.jpg","width":463,"height":145,"caption":"Facultad de Ingenier\u00eda y Ciencias Agropecuarias"},"image":{"@id":"https:\/\/www.fica.unsl.edu.ar\/#\/schema\/logo\/image\/"},"sameAs":["https:\/\/www.facebook.com\/FICA.UNSL\/","https:\/\/x.com\/FICAUNSL","https:\/\/www.instagram.com\/fica.unsl\/","https:\/\/www.youtube.com\/channel\/UCs2MM53gb2PyBrMySdtWZDQ"]},{"@type":"Person","@id":"https:\/\/www.fica.unsl.edu.ar\/#\/schema\/person\/6058f9c66301868d3a691b1f5d6c3544","name":"DATI"}]}},"_links":{"self":[{"href":"https:\/\/www.fica.unsl.edu.ar\/index.php\/wp-json\/wp\/v2\/posts\/13064","targetHints":{"allow":["GET"]}}],"collection":[{"href":"https:\/\/www.fica.unsl.edu.ar\/index.php\/wp-json\/wp\/v2\/posts"}],"about":[{"href":"https:\/\/www.fica.unsl.edu.ar\/index.php\/wp-json\/wp\/v2\/types\/post"}],"author":[{"embeddable":true,"href":"https:\/\/www.fica.unsl.edu.ar\/index.php\/wp-json\/wp\/v2\/users\/9"}],"replies":[{"embeddable":true,"href":"https:\/\/www.fica.unsl.edu.ar\/index.php\/wp-json\/wp\/v2\/comments?post=13064"}],"version-history":[{"count":1,"href":"https:\/\/www.fica.unsl.edu.ar\/index.php\/wp-json\/wp\/v2\/posts\/13064\/revisions"}],"predecessor-version":[{"id":13067,"href":"https:\/\/www.fica.unsl.edu.ar\/index.php\/wp-json\/wp\/v2\/posts\/13064\/revisions\/13067"}],"wp:featuredmedia":[{"embeddable":true,"href":"https:\/\/www.fica.unsl.edu.ar\/index.php\/wp-json\/wp\/v2\/media\/13065"}],"wp:attachment":[{"href":"https:\/\/www.fica.unsl.edu.ar\/index.php\/wp-json\/wp\/v2\/media?parent=13064"}],"wp:term":[{"taxonomy":"category","embeddable":true,"href":"https:\/\/www.fica.unsl.edu.ar\/index.php\/wp-json\/wp\/v2\/categories?post=13064"},{"taxonomy":"post_tag","embeddable":true,"href":"https:\/\/www.fica.unsl.edu.ar\/index.php\/wp-json\/wp\/v2\/tags?post=13064"}],"curies":[{"name":"wp","href":"https:\/\/api.w.org\/{rel}","templated":true}]}}