{"id":13132,"date":"2023-04-25T14:07:01","date_gmt":"2023-04-25T17:07:01","guid":{"rendered":"http:\/\/10.101.10.196\/www\/?p=13132"},"modified":"2023-05-08T10:59:57","modified_gmt":"2023-05-08T13:59:57","slug":"la-fica-fue-convocada-a-participar-del-laboratorio-de-ideas-de-la-municipalidad-de-villa-mercedes","status":"publish","type":"post","link":"https:\/\/www.fica.unsl.edu.ar\/index.php\/la-fica-fue-convocada-a-participar-del-laboratorio-de-ideas-de-la-municipalidad-de-villa-mercedes\/","title":{"rendered":"La FICA fue convocada a participar del Laboratorio de Ideas de la Municipalidad de Villa Mercedes"},"content":{"rendered":"<p>En una reuni\u00f3n llevada a cabo con representantes del<strong> Programa J\u00f3venes Profesionales<\/strong> perteneciente a la Secretaria General de Municipalidad de Villa Mercedes, <strong>la FICA fue convocada a participar del \u201cLaboratorio Ideas\u201d, propuesta destinada a futuros profesionales.<\/strong><\/p>\n<p>En representaci\u00f3n de la Facultad, estuvieron presentes el Decano, <strong>Mgtr. Sergio Ribotta<\/strong>, el Vice Decano, <strong>Dr. Federico Serra<\/strong>, la Secretaria Acad\u00e9mica, <strong>Ing. Patricia Gimeno<\/strong> y el Secretario de Planeamiento, <strong>Mgtr. Javier Carletto<\/strong>,<\/p>\n<p>El &#8220;Laboratorio de Ideas&#8221; recabar\u00e1 las ideas en mente de los estudiantes avanzados vinculada a tu futuro profesional que se relacione con la Tecnolog\u00eda, el Dise\u00f1o y\/o la Comunicaci\u00f3n, como tambi\u00e9n saber qu\u00e9 est\u00e1n necesitando para poder comenzar a desarrollarla. Adem\u00e1s, busca interesados en participar de equipos trabajo para llevar adelante proyectos o desarrollar ideas en estas \u00e1reas.<\/p>\n<p>Ser\u00e1 un espacio de trabajo en donde las y los futuros profesionales de la ciudad podr\u00e1n encontrarse para dise\u00f1ar su inserci\u00f3n laboral a trav\u00e9s del desarrollo de ideas en su fase inicial. A trav\u00e9s del Programa J\u00f3venes Profesionales, se pondr\u00e1 a disposici\u00f3n un abanico de recursos de distinta naturaleza, como, por ejemplo, asesor\u00eda, capacitaciones, espacio f\u00edsico con d\u00edas y horario de trabajo y financiamiento.<\/p>\n<p>Los estudiantes que deseen participar deber\u00e1n completar el siguiente formulario hasta el 5 de mayo y ante cualquier consulta contactarse a <a href=\"mailto:jovenesprofesionalesvmj@gmail.com\">jovenesprofesionalesvmj@gmail.com<\/a><\/p>\n<p>&nbsp;<\/p>\n<h3 style=\"text-align: center;\"><strong><span style=\"color: #0000ff;\"><a style=\"color: #0000ff;\" href=\"https:\/\/docs.google.com\/forms\/d\/e\/1FAIpQLScxx7IJiae4OVoppCYSp807xway7qsNaLA3iQOc9Rtq5KpZzA\/viewform\" target=\"_blank\" rel=\"noopener\">FORMULARIO DE INSCRIPCI\u00d3N<\/a><\/span><\/strong><\/h3>\n","protected":false},"excerpt":{"rendered":"<p>En una reuni\u00f3n llevada a cabo con representantes del Programa J\u00f3venes Profesionales perteneciente a la Secretaria General de Municipalidad de Villa Mercedes, la FICA fue&hellip;<\/p>\n","protected":false},"author":9,"featured_media":13133,"comment_status":"closed","ping_status":"closed","sticky":false,"template":"","format":"standard","meta":{"_monsterinsights_skip_tracking":false,"_monsterinsights_sitenote_active":false,"_monsterinsights_sitenote_note":"","_monsterinsights_sitenote_category":0,"_joinchat":[],"footnotes":""},"categories":[19],"tags":[],"class_list":["post-13132","post","type-post","status-publish","format-standard","has-post-thumbnail","hentry","category-noticias"],"yoast_head":"<!-- This site is optimized with the Yoast SEO plugin v27.4 - https:\/\/yoast.com\/product\/yoast-seo-wordpress\/ -->\n<title>La FICA fue convocada a participar del Laboratorio de Ideas de la Municipalidad de Villa Mercedes - Facultad de Ingenier\u00eda y Ciencias Agropecuarias<\/title>\n<meta name=\"robots\" content=\"index, follow, max-snippet:-1, max-image-preview:large, max-video-preview:-1\" \/>\n<link rel=\"canonical\" href=\"https:\/\/www.fica.unsl.edu.ar\/index.php\/la-fica-fue-convocada-a-participar-del-laboratorio-de-ideas-de-la-municipalidad-de-villa-mercedes\/\" \/>\n<meta property=\"og:locale\" content=\"es_ES\" \/>\n<meta property=\"og:type\" content=\"article\" \/>\n<meta property=\"og:title\" content=\"La FICA fue convocada a participar del Laboratorio de Ideas de la Municipalidad de Villa Mercedes - Facultad de Ingenier\u00eda y Ciencias Agropecuarias\" \/>\n<meta property=\"og:description\" content=\"En una reuni\u00f3n llevada a cabo con representantes del Programa J\u00f3venes Profesionales perteneciente a la Secretaria General de Municipalidad de Villa Mercedes, la FICA fue&hellip;\" \/>\n<meta property=\"og:url\" content=\"https:\/\/www.fica.unsl.edu.ar\/index.php\/la-fica-fue-convocada-a-participar-del-laboratorio-de-ideas-de-la-municipalidad-de-villa-mercedes\/\" \/>\n<meta property=\"og:site_name\" content=\"Facultad de Ingenier\u00eda y Ciencias Agropecuarias\" \/>\n<meta property=\"article:publisher\" content=\"https:\/\/www.facebook.com\/FICA.UNSL\/\" \/>\n<meta property=\"article:published_time\" content=\"2023-04-25T17:07:01+00:00\" \/>\n<meta property=\"article:modified_time\" content=\"2023-05-08T13:59:57+00:00\" \/>\n<meta property=\"og:image\" content=\"https:\/\/www.fica.unsl.edu.ar\/wp-content\/uploads\/2023\/04\/vmlab.jpg\" \/>\n\t<meta property=\"og:image:width\" content=\"1061\" \/>\n\t<meta property=\"og:image:height\" content=\"585\" \/>\n\t<meta property=\"og:image:type\" content=\"image\/jpeg\" \/>\n<meta name=\"author\" content=\"DATI\" \/>\n<meta name=\"twitter:card\" content=\"summary_large_image\" \/>\n<meta name=\"twitter:creator\" content=\"@FICAUNSL\" \/>\n<meta name=\"twitter:site\" content=\"@FICAUNSL\" \/>\n<meta name=\"twitter:label1\" content=\"Escrito por\" \/>\n\t<meta name=\"twitter:data1\" content=\"DATI\" \/>\n\t<meta name=\"twitter:label2\" content=\"Tiempo de lectura\" \/>\n\t<meta name=\"twitter:data2\" content=\"1 minuto\" \/>\n<script type=\"application\/ld+json\" class=\"yoast-schema-graph\">{\"@context\":\"https:\\\/\\\/schema.org\",\"@graph\":[{\"@type\":\"Article\",\"@id\":\"https:\\\/\\\/www.fica.unsl.edu.ar\\\/index.php\\\/la-fica-fue-convocada-a-participar-del-laboratorio-de-ideas-de-la-municipalidad-de-villa-mercedes\\\/#article\",\"isPartOf\":{\"@id\":\"https:\\\/\\\/www.fica.unsl.edu.ar\\\/index.php\\\/la-fica-fue-convocada-a-participar-del-laboratorio-de-ideas-de-la-municipalidad-de-villa-mercedes\\\/\"},\"author\":{\"name\":\"DATI\",\"@id\":\"https:\\\/\\\/www.fica.unsl.edu.ar\\\/#\\\/schema\\\/person\\\/6058f9c66301868d3a691b1f5d6c3544\"},\"headline\":\"La FICA fue convocada a participar del Laboratorio de Ideas de la Municipalidad de Villa Mercedes\",\"datePublished\":\"2023-04-25T17:07:01+00:00\",\"dateModified\":\"2023-05-08T13:59:57+00:00\",\"mainEntityOfPage\":{\"@id\":\"https:\\\/\\\/www.fica.unsl.edu.ar\\\/index.php\\\/la-fica-fue-convocada-a-participar-del-laboratorio-de-ideas-de-la-municipalidad-de-villa-mercedes\\\/\"},\"wordCount\":256,\"publisher\":{\"@id\":\"https:\\\/\\\/www.fica.unsl.edu.ar\\\/#organization\"},\"image\":{\"@id\":\"https:\\\/\\\/www.fica.unsl.edu.ar\\\/index.php\\\/la-fica-fue-convocada-a-participar-del-laboratorio-de-ideas-de-la-municipalidad-de-villa-mercedes\\\/#primaryimage\"},\"thumbnailUrl\":\"https:\\\/\\\/www.fica.unsl.edu.ar\\\/wp-content\\\/uploads\\\/2023\\\/04\\\/vmlab.jpg\",\"articleSection\":[\"Noticias\"],\"inLanguage\":\"es-AR\"},{\"@type\":\"WebPage\",\"@id\":\"https:\\\/\\\/www.fica.unsl.edu.ar\\\/index.php\\\/la-fica-fue-convocada-a-participar-del-laboratorio-de-ideas-de-la-municipalidad-de-villa-mercedes\\\/\",\"url\":\"https:\\\/\\\/www.fica.unsl.edu.ar\\\/index.php\\\/la-fica-fue-convocada-a-participar-del-laboratorio-de-ideas-de-la-municipalidad-de-villa-mercedes\\\/\",\"name\":\"La FICA fue convocada a participar del Laboratorio de Ideas de la Municipalidad de Villa Mercedes - Facultad de Ingenier\u00eda y Ciencias Agropecuarias\",\"isPartOf\":{\"@id\":\"https:\\\/\\\/www.fica.unsl.edu.ar\\\/#website\"},\"primaryImageOfPage\":{\"@id\":\"https:\\\/\\\/www.fica.unsl.edu.ar\\\/index.php\\\/la-fica-fue-convocada-a-participar-del-laboratorio-de-ideas-de-la-municipalidad-de-villa-mercedes\\\/#primaryimage\"},\"image\":{\"@id\":\"https:\\\/\\\/www.fica.unsl.edu.ar\\\/index.php\\\/la-fica-fue-convocada-a-participar-del-laboratorio-de-ideas-de-la-municipalidad-de-villa-mercedes\\\/#primaryimage\"},\"thumbnailUrl\":\"https:\\\/\\\/www.fica.unsl.edu.ar\\\/wp-content\\\/uploads\\\/2023\\\/04\\\/vmlab.jpg\",\"datePublished\":\"2023-04-25T17:07:01+00:00\",\"dateModified\":\"2023-05-08T13:59:57+00:00\",\"inLanguage\":\"es-AR\",\"potentialAction\":[{\"@type\":\"ReadAction\",\"target\":[\"https:\\\/\\\/www.fica.unsl.edu.ar\\\/index.php\\\/la-fica-fue-convocada-a-participar-del-laboratorio-de-ideas-de-la-municipalidad-de-villa-mercedes\\\/\"]}]},{\"@type\":\"ImageObject\",\"inLanguage\":\"es-AR\",\"@id\":\"https:\\\/\\\/www.fica.unsl.edu.ar\\\/index.php\\\/la-fica-fue-convocada-a-participar-del-laboratorio-de-ideas-de-la-municipalidad-de-villa-mercedes\\\/#primaryimage\",\"url\":\"https:\\\/\\\/www.fica.unsl.edu.ar\\\/wp-content\\\/uploads\\\/2023\\\/04\\\/vmlab.jpg\",\"contentUrl\":\"https:\\\/\\\/www.fica.unsl.edu.ar\\\/wp-content\\\/uploads\\\/2023\\\/04\\\/vmlab.jpg\",\"width\":1061,\"height\":585},{\"@type\":\"WebSite\",\"@id\":\"https:\\\/\\\/www.fica.unsl.edu.ar\\\/#website\",\"url\":\"https:\\\/\\\/www.fica.unsl.edu.ar\\\/\",\"name\":\"Facultad de Ingenier\u00eda y Ciencias Agropecuarias\",\"description\":\"\",\"publisher\":{\"@id\":\"https:\\\/\\\/www.fica.unsl.edu.ar\\\/#organization\"},\"potentialAction\":[{\"@type\":\"SearchAction\",\"target\":{\"@type\":\"EntryPoint\",\"urlTemplate\":\"https:\\\/\\\/www.fica.unsl.edu.ar\\\/?s={search_term_string}\"},\"query-input\":{\"@type\":\"PropertyValueSpecification\",\"valueRequired\":true,\"valueName\":\"search_term_string\"}}],\"inLanguage\":\"es-AR\"},{\"@type\":\"Organization\",\"@id\":\"https:\\\/\\\/www.fica.unsl.edu.ar\\\/#organization\",\"name\":\"Facultad de Ingenier\u00eda y Ciencias Agropecuarias\",\"url\":\"https:\\\/\\\/www.fica.unsl.edu.ar\\\/\",\"logo\":{\"@type\":\"ImageObject\",\"inLanguage\":\"es-AR\",\"@id\":\"https:\\\/\\\/www.fica.unsl.edu.ar\\\/#\\\/schema\\\/logo\\\/image\\\/\",\"url\":\"https:\\\/\\\/www.fica.unsl.edu.ar\\\/wp-content\\\/uploads\\\/2021\\\/03\\\/LOGO-1.jpg\",\"contentUrl\":\"https:\\\/\\\/www.fica.unsl.edu.ar\\\/wp-content\\\/uploads\\\/2021\\\/03\\\/LOGO-1.jpg\",\"width\":463,\"height\":145,\"caption\":\"Facultad de Ingenier\u00eda y Ciencias Agropecuarias\"},\"image\":{\"@id\":\"https:\\\/\\\/www.fica.unsl.edu.ar\\\/#\\\/schema\\\/logo\\\/image\\\/\"},\"sameAs\":[\"https:\\\/\\\/www.facebook.com\\\/FICA.UNSL\\\/\",\"https:\\\/\\\/x.com\\\/FICAUNSL\",\"https:\\\/\\\/www.instagram.com\\\/fica.unsl\\\/\",\"https:\\\/\\\/www.youtube.com\\\/channel\\\/UCs2MM53gb2PyBrMySdtWZDQ\"]},{\"@type\":\"Person\",\"@id\":\"https:\\\/\\\/www.fica.unsl.edu.ar\\\/#\\\/schema\\\/person\\\/6058f9c66301868d3a691b1f5d6c3544\",\"name\":\"DATI\"}]}<\/script>\n<!-- \/ Yoast SEO plugin. -->","yoast_head_json":{"title":"La FICA fue convocada a participar del Laboratorio de Ideas de la Municipalidad de Villa Mercedes - Facultad de Ingenier\u00eda y Ciencias Agropecuarias","robots":{"index":"index","follow":"follow","max-snippet":"max-snippet:-1","max-image-preview":"max-image-preview:large","max-video-preview":"max-video-preview:-1"},"canonical":"https:\/\/www.fica.unsl.edu.ar\/index.php\/la-fica-fue-convocada-a-participar-del-laboratorio-de-ideas-de-la-municipalidad-de-villa-mercedes\/","og_locale":"es_ES","og_type":"article","og_title":"La FICA fue convocada a participar del Laboratorio de Ideas de la Municipalidad de Villa Mercedes - Facultad de Ingenier\u00eda y Ciencias Agropecuarias","og_description":"En una reuni\u00f3n llevada a cabo con representantes del Programa J\u00f3venes Profesionales perteneciente a la Secretaria General de Municipalidad de Villa Mercedes, la FICA fue&hellip;","og_url":"https:\/\/www.fica.unsl.edu.ar\/index.php\/la-fica-fue-convocada-a-participar-del-laboratorio-de-ideas-de-la-municipalidad-de-villa-mercedes\/","og_site_name":"Facultad de Ingenier\u00eda y Ciencias Agropecuarias","article_publisher":"https:\/\/www.facebook.com\/FICA.UNSL\/","article_published_time":"2023-04-25T17:07:01+00:00","article_modified_time":"2023-05-08T13:59:57+00:00","og_image":[{"width":1061,"height":585,"url":"https:\/\/www.fica.unsl.edu.ar\/wp-content\/uploads\/2023\/04\/vmlab.jpg","type":"image\/jpeg"}],"author":"DATI","twitter_card":"summary_large_image","twitter_creator":"@FICAUNSL","twitter_site":"@FICAUNSL","twitter_misc":{"Escrito por":"DATI","Tiempo de lectura":"1 minuto"},"schema":{"@context":"https:\/\/schema.org","@graph":[{"@type":"Article","@id":"https:\/\/www.fica.unsl.edu.ar\/index.php\/la-fica-fue-convocada-a-participar-del-laboratorio-de-ideas-de-la-municipalidad-de-villa-mercedes\/#article","isPartOf":{"@id":"https:\/\/www.fica.unsl.edu.ar\/index.php\/la-fica-fue-convocada-a-participar-del-laboratorio-de-ideas-de-la-municipalidad-de-villa-mercedes\/"},"author":{"name":"DATI","@id":"https:\/\/www.fica.unsl.edu.ar\/#\/schema\/person\/6058f9c66301868d3a691b1f5d6c3544"},"headline":"La FICA fue convocada a participar del Laboratorio de Ideas de la Municipalidad de Villa Mercedes","datePublished":"2023-04-25T17:07:01+00:00","dateModified":"2023-05-08T13:59:57+00:00","mainEntityOfPage":{"@id":"https:\/\/www.fica.unsl.edu.ar\/index.php\/la-fica-fue-convocada-a-participar-del-laboratorio-de-ideas-de-la-municipalidad-de-villa-mercedes\/"},"wordCount":256,"publisher":{"@id":"https:\/\/www.fica.unsl.edu.ar\/#organization"},"image":{"@id":"https:\/\/www.fica.unsl.edu.ar\/index.php\/la-fica-fue-convocada-a-participar-del-laboratorio-de-ideas-de-la-municipalidad-de-villa-mercedes\/#primaryimage"},"thumbnailUrl":"https:\/\/www.fica.unsl.edu.ar\/wp-content\/uploads\/2023\/04\/vmlab.jpg","articleSection":["Noticias"],"inLanguage":"es-AR"},{"@type":"WebPage","@id":"https:\/\/www.fica.unsl.edu.ar\/index.php\/la-fica-fue-convocada-a-participar-del-laboratorio-de-ideas-de-la-municipalidad-de-villa-mercedes\/","url":"https:\/\/www.fica.unsl.edu.ar\/index.php\/la-fica-fue-convocada-a-participar-del-laboratorio-de-ideas-de-la-municipalidad-de-villa-mercedes\/","name":"La FICA fue convocada a participar del Laboratorio de Ideas de la Municipalidad de Villa Mercedes - Facultad de Ingenier\u00eda y Ciencias Agropecuarias","isPartOf":{"@id":"https:\/\/www.fica.unsl.edu.ar\/#website"},"primaryImageOfPage":{"@id":"https:\/\/www.fica.unsl.edu.ar\/index.php\/la-fica-fue-convocada-a-participar-del-laboratorio-de-ideas-de-la-municipalidad-de-villa-mercedes\/#primaryimage"},"image":{"@id":"https:\/\/www.fica.unsl.edu.ar\/index.php\/la-fica-fue-convocada-a-participar-del-laboratorio-de-ideas-de-la-municipalidad-de-villa-mercedes\/#primaryimage"},"thumbnailUrl":"https:\/\/www.fica.unsl.edu.ar\/wp-content\/uploads\/2023\/04\/vmlab.jpg","datePublished":"2023-04-25T17:07:01+00:00","dateModified":"2023-05-08T13:59:57+00:00","inLanguage":"es-AR","potentialAction":[{"@type":"ReadAction","target":["https:\/\/www.fica.unsl.edu.ar\/index.php\/la-fica-fue-convocada-a-participar-del-laboratorio-de-ideas-de-la-municipalidad-de-villa-mercedes\/"]}]},{"@type":"ImageObject","inLanguage":"es-AR","@id":"https:\/\/www.fica.unsl.edu.ar\/index.php\/la-fica-fue-convocada-a-participar-del-laboratorio-de-ideas-de-la-municipalidad-de-villa-mercedes\/#primaryimage","url":"https:\/\/www.fica.unsl.edu.ar\/wp-content\/uploads\/2023\/04\/vmlab.jpg","contentUrl":"https:\/\/www.fica.unsl.edu.ar\/wp-content\/uploads\/2023\/04\/vmlab.jpg","width":1061,"height":585},{"@type":"WebSite","@id":"https:\/\/www.fica.unsl.edu.ar\/#website","url":"https:\/\/www.fica.unsl.edu.ar\/","name":"Facultad de Ingenier\u00eda y Ciencias Agropecuarias","description":"","publisher":{"@id":"https:\/\/www.fica.unsl.edu.ar\/#organization"},"potentialAction":[{"@type":"SearchAction","target":{"@type":"EntryPoint","urlTemplate":"https:\/\/www.fica.unsl.edu.ar\/?s={search_term_string}"},"query-input":{"@type":"PropertyValueSpecification","valueRequired":true,"valueName":"search_term_string"}}],"inLanguage":"es-AR"},{"@type":"Organization","@id":"https:\/\/www.fica.unsl.edu.ar\/#organization","name":"Facultad de Ingenier\u00eda y Ciencias Agropecuarias","url":"https:\/\/www.fica.unsl.edu.ar\/","logo":{"@type":"ImageObject","inLanguage":"es-AR","@id":"https:\/\/www.fica.unsl.edu.ar\/#\/schema\/logo\/image\/","url":"https:\/\/www.fica.unsl.edu.ar\/wp-content\/uploads\/2021\/03\/LOGO-1.jpg","contentUrl":"https:\/\/www.fica.unsl.edu.ar\/wp-content\/uploads\/2021\/03\/LOGO-1.jpg","width":463,"height":145,"caption":"Facultad de Ingenier\u00eda y Ciencias Agropecuarias"},"image":{"@id":"https:\/\/www.fica.unsl.edu.ar\/#\/schema\/logo\/image\/"},"sameAs":["https:\/\/www.facebook.com\/FICA.UNSL\/","https:\/\/x.com\/FICAUNSL","https:\/\/www.instagram.com\/fica.unsl\/","https:\/\/www.youtube.com\/channel\/UCs2MM53gb2PyBrMySdtWZDQ"]},{"@type":"Person","@id":"https:\/\/www.fica.unsl.edu.ar\/#\/schema\/person\/6058f9c66301868d3a691b1f5d6c3544","name":"DATI"}]}},"_links":{"self":[{"href":"https:\/\/www.fica.unsl.edu.ar\/index.php\/wp-json\/wp\/v2\/posts\/13132","targetHints":{"allow":["GET"]}}],"collection":[{"href":"https:\/\/www.fica.unsl.edu.ar\/index.php\/wp-json\/wp\/v2\/posts"}],"about":[{"href":"https:\/\/www.fica.unsl.edu.ar\/index.php\/wp-json\/wp\/v2\/types\/post"}],"author":[{"embeddable":true,"href":"https:\/\/www.fica.unsl.edu.ar\/index.php\/wp-json\/wp\/v2\/users\/9"}],"replies":[{"embeddable":true,"href":"https:\/\/www.fica.unsl.edu.ar\/index.php\/wp-json\/wp\/v2\/comments?post=13132"}],"version-history":[{"count":2,"href":"https:\/\/www.fica.unsl.edu.ar\/index.php\/wp-json\/wp\/v2\/posts\/13132\/revisions"}],"predecessor-version":[{"id":13178,"href":"https:\/\/www.fica.unsl.edu.ar\/index.php\/wp-json\/wp\/v2\/posts\/13132\/revisions\/13178"}],"wp:featuredmedia":[{"embeddable":true,"href":"https:\/\/www.fica.unsl.edu.ar\/index.php\/wp-json\/wp\/v2\/media\/13133"}],"wp:attachment":[{"href":"https:\/\/www.fica.unsl.edu.ar\/index.php\/wp-json\/wp\/v2\/media?parent=13132"}],"wp:term":[{"taxonomy":"category","embeddable":true,"href":"https:\/\/www.fica.unsl.edu.ar\/index.php\/wp-json\/wp\/v2\/categories?post=13132"},{"taxonomy":"post_tag","embeddable":true,"href":"https:\/\/www.fica.unsl.edu.ar\/index.php\/wp-json\/wp\/v2\/tags?post=13132"}],"curies":[{"name":"wp","href":"https:\/\/api.w.org\/{rel}","templated":true}]}}