{"id":13194,"date":"2023-05-08T13:50:40","date_gmt":"2023-05-08T16:50:40","guid":{"rendered":"http:\/\/10.101.10.196\/www\/?p=13194"},"modified":"2023-05-24T09:32:09","modified_gmt":"2023-05-24T12:32:09","slug":"2023-arfitec","status":"publish","type":"post","link":"https:\/\/www.fica.unsl.edu.ar\/index.php\/2023-arfitec\/","title":{"rendered":"Hasta el 22 de mayo de 2023 permanecer\u00e1 abierta la convocatoria del programa ARFITEC"},"content":{"rendered":"<p>El Ministerio de Ciencia, Tecnolog\u00eda e Innovaci\u00f3n (MINCyT) anuncia que, <strong>hasta el 22 de mayo de 2023<\/strong>, permanecer\u00e1 abierta la convocatoria 2023 del<strong> programa \u201cArgentina Francia Ingenier\u00edas Tecnolog\u00eda\u201d (ARFITEC).<\/strong><\/p>\n<p>Este programa propone crear y consolidar v\u00ednculos de cooperaci\u00f3n duraderos entre las instituciones de ense\u00f1anza superior argentinas y francesas responsables de la formaci\u00f3n de ingenieros de ambos pa\u00edses.<\/p>\n<p>Esta convocatoria es impulsada por el MINCyT junto con el Ministerio de Educaci\u00f3n, por la Argentina, y el Ministerio para Europa y de Asuntos Exteriores de Francia junto al Ministerio de Educaci\u00f3n Superior y de Investigaci\u00f3n de dicho pa\u00eds; con el apoyo de la Embajada de Francia en la Argentina y de la Conferencia de Directores de las Escuelas Francesas de Ingenieros (CDEFI).<\/p>\n<p>Los proyectos tendr\u00e1n una duraci\u00f3n de tres (3) a\u00f1os y se implementar\u00e1n a trav\u00e9s de diferentes tipos de acciones. Entre ellas:<\/p>\n<ul>\n<li>Actividades acad\u00e9micas y proyectos colaborativos que involucren a estudiantes, docentes e investigadores de la red binacional;<\/li>\n<li>Estrategias para la innovaci\u00f3n curricular, el reconocimiento acad\u00e9mico y acciones tendientes a la implementaci\u00f3n de esquemas de doble titulaci\u00f3n;<\/li>\n<li>Organizaci\u00f3n de seminarios y cursos conjuntos;<\/li>\n<li>Implementaci\u00f3n de proyectos conjuntos de investigaci\u00f3n;<\/li>\n<li>Articulaci\u00f3n con otras instituciones cient\u00edficas, acad\u00e9micas y\/o profesionales;<\/li>\n<li>Acciones y actividades mediadas por el uso de herramientas virtuales, con el objetivo de fomentar una internacionalizaci\u00f3n m\u00e1s inclusiva;<\/li>\n<li>Vinculaci\u00f3n con los Objetivos de Desarrollo Sostenible &#8211; Agenda 2030.<\/li>\n<\/ul>\n<p>MINCyT financia un (1) subsidio de movilidad internacional al\/a docente-investigador\/a que sea Coordinador\/a Acad\u00e9mico\/a General argentino\/a de cada proyecto que resulte seleccionado, destinado a cubrir los gastos de traslado entre Argentina y Francia, alojamiento y manutenci\u00f3n por un per\u00edodo no mayor a tres (3) meses. Ser docente-investigador\/a implica el ejercicio de la docencia y asimismo, participar de actividades de investigaci\u00f3n vinculadas al proyecto que se propone en el marco de esta convocatoria.<\/p>\n<p>El objetivo de estas misiones es que las comunidades cient\u00edficas de las instituciones de educaci\u00f3n superior de origen y de destino se vean beneficiadas con experiencias de transferencia de conocimientos, innovaci\u00f3n tecnol\u00f3gica y vinculaci\u00f3n con el sector productivo.<\/p>\n<p>Presentaciones<\/p>\n<p>La convocatoria est\u00e1 destinada a carreras de grado de ingenier\u00eda dictadas en universidades nacionales de gesti\u00f3n p\u00fablica. Las presentaciones quedar\u00e1n a cargo del\/a coordinador\/a general de la red de universidades franco-argentinas que se constituya para la postulaci\u00f3n, quien deber\u00e1 registrarse en https:\/\/piesci.siu.edu.ar\/ y luego dirigirse a https:\/\/piesci.siu.edu.ar\/arfitec2023, seg\u00fan lo indicado en las Bases de la Convocatoria.<\/p>\n<p>&nbsp;<\/p>\n<p>Para m\u00e1s informaci\u00f3n, pod\u00e9s consultar el Anexo a las bases.<\/p>\n<ul>\n<li>Contacto<\/li>\n<li>Direcci\u00f3n Nacional de Promoci\u00f3n de la Pol\u00edtica Cient\u00edfica \u2013 MINCyT<\/li>\n<li>Marcos Leotta<\/li>\n<li>Correo electr\u00f3nico: mleotta@mincyt.gob.ar<\/li>\n<\/ul>\n<p><strong>DESCARGAS<\/strong><\/p>\n<p><span style=\"color: #0000ff;\"><a style=\"color: #0000ff;\" href=\"https:\/\/www.argentina.gob.ar\/sites\/default\/files\/2023\/04\/bases_vii_arfitec_2023_v._educacion.docx\" target=\"_blank\" rel=\"noopener\">Bases y condiciones\u00a0<\/a><\/span><\/p>\n<p><span style=\"color: #0000ff;\"><a style=\"color: #0000ff;\" href=\"https:\/\/www.argentina.gob.ar\/sites\/default\/files\/2023\/04\/arfitec_7a_bases_2023_anexo_ii_ve_0.pdf\" target=\"_blank\" rel=\"noopener\">Anexo\u00a0<\/a><\/span><\/p>\n","protected":false},"excerpt":{"rendered":"<p>El Ministerio de Ciencia, Tecnolog\u00eda e Innovaci\u00f3n (MINCyT) anuncia que, hasta el 22 de mayo de 2023, permanecer\u00e1 abierta la convocatoria 2023 del programa \u201cArgentina&hellip;<\/p>\n","protected":false},"author":9,"featured_media":13195,"comment_status":"closed","ping_status":"closed","sticky":false,"template":"","format":"standard","meta":{"_monsterinsights_skip_tracking":false,"_monsterinsights_sitenote_active":false,"_monsterinsights_sitenote_note":"","_monsterinsights_sitenote_category":0,"_joinchat":[],"footnotes":""},"categories":[19],"tags":[],"class_list":["post-13194","post","type-post","status-publish","format-standard","has-post-thumbnail","hentry","category-noticias"],"yoast_head":"<!-- This site is optimized with the Yoast SEO plugin v27.4 - https:\/\/yoast.com\/product\/yoast-seo-wordpress\/ -->\n<title>Hasta el 22 de mayo de 2023 permanecer\u00e1 abierta la convocatoria del programa ARFITEC - Facultad de Ingenier\u00eda y Ciencias Agropecuarias<\/title>\n<meta name=\"robots\" content=\"index, follow, max-snippet:-1, max-image-preview:large, max-video-preview:-1\" \/>\n<link rel=\"canonical\" href=\"https:\/\/www.fica.unsl.edu.ar\/index.php\/2023-arfitec\/\" \/>\n<meta property=\"og:locale\" content=\"es_ES\" \/>\n<meta property=\"og:type\" content=\"article\" \/>\n<meta property=\"og:title\" content=\"Hasta el 22 de mayo de 2023 permanecer\u00e1 abierta la convocatoria del programa ARFITEC - Facultad de Ingenier\u00eda y Ciencias Agropecuarias\" \/>\n<meta property=\"og:description\" content=\"El Ministerio de Ciencia, Tecnolog\u00eda e Innovaci\u00f3n (MINCyT) anuncia que, hasta el 22 de mayo de 2023, permanecer\u00e1 abierta la convocatoria 2023 del programa \u201cArgentina&hellip;\" \/>\n<meta property=\"og:url\" content=\"https:\/\/www.fica.unsl.edu.ar\/index.php\/2023-arfitec\/\" \/>\n<meta property=\"og:site_name\" content=\"Facultad de Ingenier\u00eda y Ciencias Agropecuarias\" \/>\n<meta property=\"article:publisher\" content=\"https:\/\/www.facebook.com\/FICA.UNSL\/\" \/>\n<meta property=\"article:published_time\" content=\"2023-05-08T16:50:40+00:00\" \/>\n<meta property=\"article:modified_time\" content=\"2023-05-24T12:32:09+00:00\" \/>\n<meta property=\"og:image\" content=\"https:\/\/www.fica.unsl.edu.ar\/wp-content\/uploads\/2023\/05\/arfitec.jpg\" \/>\n\t<meta property=\"og:image:width\" content=\"1061\" \/>\n\t<meta property=\"og:image:height\" content=\"585\" \/>\n\t<meta property=\"og:image:type\" content=\"image\/jpeg\" \/>\n<meta name=\"author\" content=\"DATI\" \/>\n<meta name=\"twitter:card\" content=\"summary_large_image\" \/>\n<meta name=\"twitter:creator\" content=\"@FICAUNSL\" \/>\n<meta name=\"twitter:site\" content=\"@FICAUNSL\" \/>\n<meta name=\"twitter:label1\" content=\"Escrito por\" \/>\n\t<meta name=\"twitter:data1\" content=\"DATI\" \/>\n\t<meta name=\"twitter:label2\" content=\"Tiempo de lectura\" \/>\n\t<meta name=\"twitter:data2\" content=\"2 minutos\" \/>\n<script type=\"application\/ld+json\" class=\"yoast-schema-graph\">{\"@context\":\"https:\\\/\\\/schema.org\",\"@graph\":[{\"@type\":\"Article\",\"@id\":\"https:\\\/\\\/www.fica.unsl.edu.ar\\\/index.php\\\/2023-arfitec\\\/#article\",\"isPartOf\":{\"@id\":\"https:\\\/\\\/www.fica.unsl.edu.ar\\\/index.php\\\/2023-arfitec\\\/\"},\"author\":{\"name\":\"DATI\",\"@id\":\"https:\\\/\\\/www.fica.unsl.edu.ar\\\/#\\\/schema\\\/person\\\/6058f9c66301868d3a691b1f5d6c3544\"},\"headline\":\"Hasta el 22 de mayo de 2023 permanecer\u00e1 abierta la convocatoria del programa ARFITEC\",\"datePublished\":\"2023-05-08T16:50:40+00:00\",\"dateModified\":\"2023-05-24T12:32:09+00:00\",\"mainEntityOfPage\":{\"@id\":\"https:\\\/\\\/www.fica.unsl.edu.ar\\\/index.php\\\/2023-arfitec\\\/\"},\"wordCount\":504,\"publisher\":{\"@id\":\"https:\\\/\\\/www.fica.unsl.edu.ar\\\/#organization\"},\"image\":{\"@id\":\"https:\\\/\\\/www.fica.unsl.edu.ar\\\/index.php\\\/2023-arfitec\\\/#primaryimage\"},\"thumbnailUrl\":\"https:\\\/\\\/www.fica.unsl.edu.ar\\\/wp-content\\\/uploads\\\/2023\\\/05\\\/arfitec.jpg\",\"articleSection\":[\"Noticias\"],\"inLanguage\":\"es-AR\"},{\"@type\":\"WebPage\",\"@id\":\"https:\\\/\\\/www.fica.unsl.edu.ar\\\/index.php\\\/2023-arfitec\\\/\",\"url\":\"https:\\\/\\\/www.fica.unsl.edu.ar\\\/index.php\\\/2023-arfitec\\\/\",\"name\":\"Hasta el 22 de mayo de 2023 permanecer\u00e1 abierta la convocatoria del programa ARFITEC - Facultad de Ingenier\u00eda y Ciencias Agropecuarias\",\"isPartOf\":{\"@id\":\"https:\\\/\\\/www.fica.unsl.edu.ar\\\/#website\"},\"primaryImageOfPage\":{\"@id\":\"https:\\\/\\\/www.fica.unsl.edu.ar\\\/index.php\\\/2023-arfitec\\\/#primaryimage\"},\"image\":{\"@id\":\"https:\\\/\\\/www.fica.unsl.edu.ar\\\/index.php\\\/2023-arfitec\\\/#primaryimage\"},\"thumbnailUrl\":\"https:\\\/\\\/www.fica.unsl.edu.ar\\\/wp-content\\\/uploads\\\/2023\\\/05\\\/arfitec.jpg\",\"datePublished\":\"2023-05-08T16:50:40+00:00\",\"dateModified\":\"2023-05-24T12:32:09+00:00\",\"inLanguage\":\"es-AR\",\"potentialAction\":[{\"@type\":\"ReadAction\",\"target\":[\"https:\\\/\\\/www.fica.unsl.edu.ar\\\/index.php\\\/2023-arfitec\\\/\"]}]},{\"@type\":\"ImageObject\",\"inLanguage\":\"es-AR\",\"@id\":\"https:\\\/\\\/www.fica.unsl.edu.ar\\\/index.php\\\/2023-arfitec\\\/#primaryimage\",\"url\":\"https:\\\/\\\/www.fica.unsl.edu.ar\\\/wp-content\\\/uploads\\\/2023\\\/05\\\/arfitec.jpg\",\"contentUrl\":\"https:\\\/\\\/www.fica.unsl.edu.ar\\\/wp-content\\\/uploads\\\/2023\\\/05\\\/arfitec.jpg\",\"width\":1061,\"height\":585},{\"@type\":\"WebSite\",\"@id\":\"https:\\\/\\\/www.fica.unsl.edu.ar\\\/#website\",\"url\":\"https:\\\/\\\/www.fica.unsl.edu.ar\\\/\",\"name\":\"Facultad de Ingenier\u00eda y Ciencias Agropecuarias\",\"description\":\"\",\"publisher\":{\"@id\":\"https:\\\/\\\/www.fica.unsl.edu.ar\\\/#organization\"},\"potentialAction\":[{\"@type\":\"SearchAction\",\"target\":{\"@type\":\"EntryPoint\",\"urlTemplate\":\"https:\\\/\\\/www.fica.unsl.edu.ar\\\/?s={search_term_string}\"},\"query-input\":{\"@type\":\"PropertyValueSpecification\",\"valueRequired\":true,\"valueName\":\"search_term_string\"}}],\"inLanguage\":\"es-AR\"},{\"@type\":\"Organization\",\"@id\":\"https:\\\/\\\/www.fica.unsl.edu.ar\\\/#organization\",\"name\":\"Facultad de Ingenier\u00eda y Ciencias Agropecuarias\",\"url\":\"https:\\\/\\\/www.fica.unsl.edu.ar\\\/\",\"logo\":{\"@type\":\"ImageObject\",\"inLanguage\":\"es-AR\",\"@id\":\"https:\\\/\\\/www.fica.unsl.edu.ar\\\/#\\\/schema\\\/logo\\\/image\\\/\",\"url\":\"https:\\\/\\\/www.fica.unsl.edu.ar\\\/wp-content\\\/uploads\\\/2021\\\/03\\\/LOGO-1.jpg\",\"contentUrl\":\"https:\\\/\\\/www.fica.unsl.edu.ar\\\/wp-content\\\/uploads\\\/2021\\\/03\\\/LOGO-1.jpg\",\"width\":463,\"height\":145,\"caption\":\"Facultad de Ingenier\u00eda y Ciencias Agropecuarias\"},\"image\":{\"@id\":\"https:\\\/\\\/www.fica.unsl.edu.ar\\\/#\\\/schema\\\/logo\\\/image\\\/\"},\"sameAs\":[\"https:\\\/\\\/www.facebook.com\\\/FICA.UNSL\\\/\",\"https:\\\/\\\/x.com\\\/FICAUNSL\",\"https:\\\/\\\/www.instagram.com\\\/fica.unsl\\\/\",\"https:\\\/\\\/www.youtube.com\\\/channel\\\/UCs2MM53gb2PyBrMySdtWZDQ\"]},{\"@type\":\"Person\",\"@id\":\"https:\\\/\\\/www.fica.unsl.edu.ar\\\/#\\\/schema\\\/person\\\/6058f9c66301868d3a691b1f5d6c3544\",\"name\":\"DATI\"}]}<\/script>\n<!-- \/ Yoast SEO plugin. -->","yoast_head_json":{"title":"Hasta el 22 de mayo de 2023 permanecer\u00e1 abierta la convocatoria del programa ARFITEC - Facultad de Ingenier\u00eda y Ciencias Agropecuarias","robots":{"index":"index","follow":"follow","max-snippet":"max-snippet:-1","max-image-preview":"max-image-preview:large","max-video-preview":"max-video-preview:-1"},"canonical":"https:\/\/www.fica.unsl.edu.ar\/index.php\/2023-arfitec\/","og_locale":"es_ES","og_type":"article","og_title":"Hasta el 22 de mayo de 2023 permanecer\u00e1 abierta la convocatoria del programa ARFITEC - Facultad de Ingenier\u00eda y Ciencias Agropecuarias","og_description":"El Ministerio de Ciencia, Tecnolog\u00eda e Innovaci\u00f3n (MINCyT) anuncia que, hasta el 22 de mayo de 2023, permanecer\u00e1 abierta la convocatoria 2023 del programa \u201cArgentina&hellip;","og_url":"https:\/\/www.fica.unsl.edu.ar\/index.php\/2023-arfitec\/","og_site_name":"Facultad de Ingenier\u00eda y Ciencias Agropecuarias","article_publisher":"https:\/\/www.facebook.com\/FICA.UNSL\/","article_published_time":"2023-05-08T16:50:40+00:00","article_modified_time":"2023-05-24T12:32:09+00:00","og_image":[{"width":1061,"height":585,"url":"https:\/\/www.fica.unsl.edu.ar\/wp-content\/uploads\/2023\/05\/arfitec.jpg","type":"image\/jpeg"}],"author":"DATI","twitter_card":"summary_large_image","twitter_creator":"@FICAUNSL","twitter_site":"@FICAUNSL","twitter_misc":{"Escrito por":"DATI","Tiempo de lectura":"2 minutos"},"schema":{"@context":"https:\/\/schema.org","@graph":[{"@type":"Article","@id":"https:\/\/www.fica.unsl.edu.ar\/index.php\/2023-arfitec\/#article","isPartOf":{"@id":"https:\/\/www.fica.unsl.edu.ar\/index.php\/2023-arfitec\/"},"author":{"name":"DATI","@id":"https:\/\/www.fica.unsl.edu.ar\/#\/schema\/person\/6058f9c66301868d3a691b1f5d6c3544"},"headline":"Hasta el 22 de mayo de 2023 permanecer\u00e1 abierta la convocatoria del programa ARFITEC","datePublished":"2023-05-08T16:50:40+00:00","dateModified":"2023-05-24T12:32:09+00:00","mainEntityOfPage":{"@id":"https:\/\/www.fica.unsl.edu.ar\/index.php\/2023-arfitec\/"},"wordCount":504,"publisher":{"@id":"https:\/\/www.fica.unsl.edu.ar\/#organization"},"image":{"@id":"https:\/\/www.fica.unsl.edu.ar\/index.php\/2023-arfitec\/#primaryimage"},"thumbnailUrl":"https:\/\/www.fica.unsl.edu.ar\/wp-content\/uploads\/2023\/05\/arfitec.jpg","articleSection":["Noticias"],"inLanguage":"es-AR"},{"@type":"WebPage","@id":"https:\/\/www.fica.unsl.edu.ar\/index.php\/2023-arfitec\/","url":"https:\/\/www.fica.unsl.edu.ar\/index.php\/2023-arfitec\/","name":"Hasta el 22 de mayo de 2023 permanecer\u00e1 abierta la convocatoria del programa ARFITEC - Facultad de Ingenier\u00eda y Ciencias Agropecuarias","isPartOf":{"@id":"https:\/\/www.fica.unsl.edu.ar\/#website"},"primaryImageOfPage":{"@id":"https:\/\/www.fica.unsl.edu.ar\/index.php\/2023-arfitec\/#primaryimage"},"image":{"@id":"https:\/\/www.fica.unsl.edu.ar\/index.php\/2023-arfitec\/#primaryimage"},"thumbnailUrl":"https:\/\/www.fica.unsl.edu.ar\/wp-content\/uploads\/2023\/05\/arfitec.jpg","datePublished":"2023-05-08T16:50:40+00:00","dateModified":"2023-05-24T12:32:09+00:00","inLanguage":"es-AR","potentialAction":[{"@type":"ReadAction","target":["https:\/\/www.fica.unsl.edu.ar\/index.php\/2023-arfitec\/"]}]},{"@type":"ImageObject","inLanguage":"es-AR","@id":"https:\/\/www.fica.unsl.edu.ar\/index.php\/2023-arfitec\/#primaryimage","url":"https:\/\/www.fica.unsl.edu.ar\/wp-content\/uploads\/2023\/05\/arfitec.jpg","contentUrl":"https:\/\/www.fica.unsl.edu.ar\/wp-content\/uploads\/2023\/05\/arfitec.jpg","width":1061,"height":585},{"@type":"WebSite","@id":"https:\/\/www.fica.unsl.edu.ar\/#website","url":"https:\/\/www.fica.unsl.edu.ar\/","name":"Facultad de Ingenier\u00eda y Ciencias Agropecuarias","description":"","publisher":{"@id":"https:\/\/www.fica.unsl.edu.ar\/#organization"},"potentialAction":[{"@type":"SearchAction","target":{"@type":"EntryPoint","urlTemplate":"https:\/\/www.fica.unsl.edu.ar\/?s={search_term_string}"},"query-input":{"@type":"PropertyValueSpecification","valueRequired":true,"valueName":"search_term_string"}}],"inLanguage":"es-AR"},{"@type":"Organization","@id":"https:\/\/www.fica.unsl.edu.ar\/#organization","name":"Facultad de Ingenier\u00eda y Ciencias Agropecuarias","url":"https:\/\/www.fica.unsl.edu.ar\/","logo":{"@type":"ImageObject","inLanguage":"es-AR","@id":"https:\/\/www.fica.unsl.edu.ar\/#\/schema\/logo\/image\/","url":"https:\/\/www.fica.unsl.edu.ar\/wp-content\/uploads\/2021\/03\/LOGO-1.jpg","contentUrl":"https:\/\/www.fica.unsl.edu.ar\/wp-content\/uploads\/2021\/03\/LOGO-1.jpg","width":463,"height":145,"caption":"Facultad de Ingenier\u00eda y Ciencias Agropecuarias"},"image":{"@id":"https:\/\/www.fica.unsl.edu.ar\/#\/schema\/logo\/image\/"},"sameAs":["https:\/\/www.facebook.com\/FICA.UNSL\/","https:\/\/x.com\/FICAUNSL","https:\/\/www.instagram.com\/fica.unsl\/","https:\/\/www.youtube.com\/channel\/UCs2MM53gb2PyBrMySdtWZDQ"]},{"@type":"Person","@id":"https:\/\/www.fica.unsl.edu.ar\/#\/schema\/person\/6058f9c66301868d3a691b1f5d6c3544","name":"DATI"}]}},"_links":{"self":[{"href":"https:\/\/www.fica.unsl.edu.ar\/index.php\/wp-json\/wp\/v2\/posts\/13194","targetHints":{"allow":["GET"]}}],"collection":[{"href":"https:\/\/www.fica.unsl.edu.ar\/index.php\/wp-json\/wp\/v2\/posts"}],"about":[{"href":"https:\/\/www.fica.unsl.edu.ar\/index.php\/wp-json\/wp\/v2\/types\/post"}],"author":[{"embeddable":true,"href":"https:\/\/www.fica.unsl.edu.ar\/index.php\/wp-json\/wp\/v2\/users\/9"}],"replies":[{"embeddable":true,"href":"https:\/\/www.fica.unsl.edu.ar\/index.php\/wp-json\/wp\/v2\/comments?post=13194"}],"version-history":[{"count":1,"href":"https:\/\/www.fica.unsl.edu.ar\/index.php\/wp-json\/wp\/v2\/posts\/13194\/revisions"}],"predecessor-version":[{"id":13196,"href":"https:\/\/www.fica.unsl.edu.ar\/index.php\/wp-json\/wp\/v2\/posts\/13194\/revisions\/13196"}],"wp:featuredmedia":[{"embeddable":true,"href":"https:\/\/www.fica.unsl.edu.ar\/index.php\/wp-json\/wp\/v2\/media\/13195"}],"wp:attachment":[{"href":"https:\/\/www.fica.unsl.edu.ar\/index.php\/wp-json\/wp\/v2\/media?parent=13194"}],"wp:term":[{"taxonomy":"category","embeddable":true,"href":"https:\/\/www.fica.unsl.edu.ar\/index.php\/wp-json\/wp\/v2\/categories?post=13194"},{"taxonomy":"post_tag","embeddable":true,"href":"https:\/\/www.fica.unsl.edu.ar\/index.php\/wp-json\/wp\/v2\/tags?post=13194"}],"curies":[{"name":"wp","href":"https:\/\/api.w.org\/{rel}","templated":true}]}}