{"id":13198,"date":"2023-05-08T13:57:54","date_gmt":"2023-05-08T16:57:54","guid":{"rendered":"http:\/\/10.101.10.196\/www\/?p=13198"},"modified":"2023-05-31T09:42:21","modified_gmt":"2023-05-31T12:42:21","slug":"asisten-a-docentes-en-el-uso-de-tecnologias-para-propositos-educativos","status":"publish","type":"post","link":"https:\/\/www.fica.unsl.edu.ar\/index.php\/asisten-a-docentes-en-el-uso-de-tecnologias-para-propositos-educativos\/","title":{"rendered":"Asisten a docentes en el uso de tecnolog\u00edas para prop\u00f3sitos educativos"},"content":{"rendered":"<p>A estas acciones las lleva adelante el Laboratorio de Educaci\u00f3n Mediada por Tecnolog\u00edas (LEMET) situado en el Campus Universitario sede Villa Mercedes. Existe desde el a\u00f1o 2013 y el equipo completo tiene experiencia y capacitaci\u00f3n en Educaci\u00f3n Mediada por Tecnolog\u00edas.<\/p>\n<p>Desde su creaci\u00f3n funciona en la oficina del \u00c1rea de Idiomas de la Facultad de Ingenier\u00eda y Ciencias Agropecuarias (FICA). Su directora, la Mgtr. Adriana Mallo, expresa que este Laboratorio es \u00fatil para los docentes ya que pueden encontrar asesoramiento, acompa\u00f1amiento y capacitaci\u00f3n cuando deciden transformar sus materiales did\u00e1cticos o reformular sus asignaturas mediante el uso de las tecnolog\u00edas.<\/p>\n<p>Especialmente dictan cursos de capacitaci\u00f3n sobre educaci\u00f3n mediada por tecnolog\u00edas; mantienen y administran la Plataforma Educativa Moodle para FICA y FCEJS, y asesoran a estudiantes y docentes respecto al uso de dicha plataforma. Tambi\u00e9n capacitan a docentes en el uso y aplicaci\u00f3n de herramientas digitales para la creaci\u00f3n de materiales did\u00e1cticos digitales y de aulas interactivas; dictan asignaturas virtuales y\/o semipresenciales y producen material did\u00e1ctico digital necesario.<\/p>\n<p>Este Laboratorio surgi\u00f3 en el marco de un proyecto de investigaci\u00f3n consolidado titulado: Las Nuevas Tecnolog\u00edas de la Informaci\u00f3n y la Comunicaci\u00f3n en Educaci\u00f3n Superior y tiene el objetivo de capacitar y asesorar a docentes de las facultades de Ingenier\u00eda y Ciencias Agropecuarias (FICA) y Ciencias Econ\u00f3micas, Jur\u00eddicas y Sociales (FCEJS); y otras instituciones del medio.<\/p>\n<p><img decoding=\"async\" src=\"https:\/\/www.noticias.unsl.edu.ar\/wp-content\/uploads\/2023\/05\/230403-Laboratorio-de-Educaci%C3%B3n-Medida-por-Tecnolog%C3%ADa-Dra.-Adriana-Mallo-7-de-12.jpg\" \/><\/p>\n<p>Est\u00e1 integrado por ocho (8) profesionales, siete (7) de ellos son docentes de ambas Facultades, en diferentes disciplinas como idioma extranjero, administraci\u00f3n de empresas e historia, formados y capacitados en el uso de las tecnolog\u00edas de la informaci\u00f3n y comunicaci\u00f3n en educaci\u00f3n. Adem\u00e1s, cuenta con un t\u00e9cnico inform\u00e1tico que dise\u00f1a y administra la p\u00e1gina del LEMET, administra y actualiza la Plataforma Moodle y asiste a docentes que trabajan con la modalidad desde el punto de vista t\u00e9cnico.<\/p>\n<p>\u00abEn la actualidad, es indispensable actualizar la metodolog\u00eda de ense\u00f1anza, incorporar t\u00e9cnicas did\u00e1cticas que produzcan aprendizajes significativos y producir contenidos y materiales interesantes para los estudiantes\u00bb, expres\u00f3 Mallo.<\/p>\n<p>Para lograrlo, agreg\u00f3 que es necesario crear materiales multimediales e hipermediales y asesorar a aquellos\/as docentes que no cuenten con una capacitaci\u00f3n necesaria. \u00abMuchos docentes que asistieron a los cursos que hemos dictado a trav\u00e9s del LEMET pudieron afrontar el uso de la ense\u00f1anza a trav\u00e9s de la virtualidad cuando se declar\u00f3 la pandemia por Covid-19\u00bb, dijo.<\/p>\n<p><img decoding=\"async\" src=\"https:\/\/www.noticias.unsl.edu.ar\/wp-content\/uploads\/2023\/05\/230403-Laboratorio-de-Educaci%C3%B3n-Medida-por-Tecnolog%C3%ADa-Dra.-Adriana-Mallo-3-de-12.jpg\" \/><\/p>\n<p>Seg\u00fan expres\u00f3 su Directora, el Laboratorio ampl\u00eda las convocatorias de sus cursos de capacitaci\u00f3n a instituciones educativas de la comunidad, tanto de nivel superior como de nivel medio. En este sentido, las tareas trascienden e impactan en otros \u00e1mbitos de la sociedad educativa.<\/p>\n<p>\u00abA trav\u00e9s de estas capacitaciones, los docentes pueden mejorar sus propuestas did\u00e1cticas mediante la inclusi\u00f3n de herramientas tecnol\u00f3gicas disruptivas e innovadoras. Esto impacta positivamente en los procesos de ense\u00f1anza y aprendizaje de los estudiantes, a la vez que aporta experiencias de calidad a las instituciones\u00bb, concluy\u00f3.<\/p>\n<p><img decoding=\"async\" src=\"https:\/\/scontent.faep6-1.fna.fbcdn.net\/v\/t39.30808-6\/346040951_765515175229482_3570409421985996896_n.jpg?_nc_cat=111&amp;ccb=1-7&amp;_nc_sid=730e14&amp;_nc_eui2=AeHyoIdJe6v6hoSA_NEY6MR9YEcaRkvY7uJgRxpGS9ju4vcXUt5brXA-MIWYkNWSTUQ&amp;_nc_ohc=JK9RBNLe05kAX8T_9ZV&amp;_nc_ht=scontent.faep6-1.fna&amp;oh=00_AfBvPdEfiFhJHKPe2C9pPNfCfUVv94j53guQqTWkojqh9g&amp;oe=645E6924\" alt=\"Puede ser una imagen de 2 personas, personas estudiando y texto\" \/><\/p>\n","protected":false},"excerpt":{"rendered":"<p>A estas acciones las lleva adelante el Laboratorio de Educaci\u00f3n Mediada por Tecnolog\u00edas (LEMET) situado en el Campus Universitario sede Villa Mercedes. Existe desde el&hellip;<\/p>\n","protected":false},"author":9,"featured_media":13199,"comment_status":"closed","ping_status":"closed","sticky":false,"template":"","format":"standard","meta":{"_monsterinsights_skip_tracking":false,"_monsterinsights_sitenote_active":false,"_monsterinsights_sitenote_note":"","_monsterinsights_sitenote_category":0,"_joinchat":[],"footnotes":""},"categories":[19],"tags":[],"class_list":["post-13198","post","type-post","status-publish","format-standard","has-post-thumbnail","hentry","category-noticias"],"yoast_head":"<!-- This site is optimized with the Yoast SEO plugin v27.4 - https:\/\/yoast.com\/product\/yoast-seo-wordpress\/ -->\n<title>Asisten a docentes en el uso de tecnolog\u00edas para prop\u00f3sitos educativos - Facultad de Ingenier\u00eda y Ciencias Agropecuarias<\/title>\n<meta name=\"robots\" content=\"index, follow, max-snippet:-1, max-image-preview:large, max-video-preview:-1\" \/>\n<link rel=\"canonical\" href=\"https:\/\/www.fica.unsl.edu.ar\/index.php\/asisten-a-docentes-en-el-uso-de-tecnologias-para-propositos-educativos\/\" \/>\n<meta property=\"og:locale\" content=\"es_ES\" \/>\n<meta property=\"og:type\" content=\"article\" \/>\n<meta property=\"og:title\" content=\"Asisten a docentes en el uso de tecnolog\u00edas para prop\u00f3sitos educativos - Facultad de Ingenier\u00eda y Ciencias Agropecuarias\" \/>\n<meta property=\"og:description\" content=\"A estas acciones las lleva adelante el Laboratorio de Educaci\u00f3n Mediada por Tecnolog\u00edas (LEMET) situado en el Campus Universitario sede Villa Mercedes. Existe desde el&hellip;\" \/>\n<meta property=\"og:url\" content=\"https:\/\/www.fica.unsl.edu.ar\/index.php\/asisten-a-docentes-en-el-uso-de-tecnologias-para-propositos-educativos\/\" \/>\n<meta property=\"og:site_name\" content=\"Facultad de Ingenier\u00eda y Ciencias Agropecuarias\" \/>\n<meta property=\"article:publisher\" content=\"https:\/\/www.facebook.com\/FICA.UNSL\/\" \/>\n<meta property=\"article:published_time\" content=\"2023-05-08T16:57:54+00:00\" \/>\n<meta property=\"article:modified_time\" content=\"2023-05-31T12:42:21+00:00\" \/>\n<meta property=\"og:image\" content=\"https:\/\/www.fica.unsl.edu.ar\/wp-content\/uploads\/2023\/05\/LEMET.jpg\" \/>\n\t<meta property=\"og:image:width\" content=\"1061\" \/>\n\t<meta property=\"og:image:height\" content=\"585\" \/>\n\t<meta property=\"og:image:type\" content=\"image\/jpeg\" \/>\n<meta name=\"author\" content=\"DATI\" \/>\n<meta name=\"twitter:card\" content=\"summary_large_image\" \/>\n<meta name=\"twitter:creator\" content=\"@FICAUNSL\" \/>\n<meta name=\"twitter:site\" content=\"@FICAUNSL\" \/>\n<meta name=\"twitter:label1\" content=\"Escrito por\" \/>\n\t<meta name=\"twitter:data1\" content=\"DATI\" \/>\n\t<meta name=\"twitter:label2\" content=\"Tiempo de lectura\" \/>\n\t<meta name=\"twitter:data2\" content=\"3 minutos\" \/>\n<script type=\"application\/ld+json\" class=\"yoast-schema-graph\">{\"@context\":\"https:\\\/\\\/schema.org\",\"@graph\":[{\"@type\":\"Article\",\"@id\":\"https:\\\/\\\/www.fica.unsl.edu.ar\\\/index.php\\\/asisten-a-docentes-en-el-uso-de-tecnologias-para-propositos-educativos\\\/#article\",\"isPartOf\":{\"@id\":\"https:\\\/\\\/www.fica.unsl.edu.ar\\\/index.php\\\/asisten-a-docentes-en-el-uso-de-tecnologias-para-propositos-educativos\\\/\"},\"author\":{\"name\":\"DATI\",\"@id\":\"https:\\\/\\\/www.fica.unsl.edu.ar\\\/#\\\/schema\\\/person\\\/6058f9c66301868d3a691b1f5d6c3544\"},\"headline\":\"Asisten a docentes en el uso de tecnolog\u00edas para prop\u00f3sitos educativos\",\"datePublished\":\"2023-05-08T16:57:54+00:00\",\"dateModified\":\"2023-05-31T12:42:21+00:00\",\"mainEntityOfPage\":{\"@id\":\"https:\\\/\\\/www.fica.unsl.edu.ar\\\/index.php\\\/asisten-a-docentes-en-el-uso-de-tecnologias-para-propositos-educativos\\\/\"},\"wordCount\":540,\"publisher\":{\"@id\":\"https:\\\/\\\/www.fica.unsl.edu.ar\\\/#organization\"},\"image\":{\"@id\":\"https:\\\/\\\/www.fica.unsl.edu.ar\\\/index.php\\\/asisten-a-docentes-en-el-uso-de-tecnologias-para-propositos-educativos\\\/#primaryimage\"},\"thumbnailUrl\":\"https:\\\/\\\/www.fica.unsl.edu.ar\\\/wp-content\\\/uploads\\\/2023\\\/05\\\/LEMET.jpg\",\"articleSection\":[\"Noticias\"],\"inLanguage\":\"es-AR\"},{\"@type\":\"WebPage\",\"@id\":\"https:\\\/\\\/www.fica.unsl.edu.ar\\\/index.php\\\/asisten-a-docentes-en-el-uso-de-tecnologias-para-propositos-educativos\\\/\",\"url\":\"https:\\\/\\\/www.fica.unsl.edu.ar\\\/index.php\\\/asisten-a-docentes-en-el-uso-de-tecnologias-para-propositos-educativos\\\/\",\"name\":\"Asisten a docentes en el uso de tecnolog\u00edas para prop\u00f3sitos educativos - Facultad de Ingenier\u00eda y Ciencias Agropecuarias\",\"isPartOf\":{\"@id\":\"https:\\\/\\\/www.fica.unsl.edu.ar\\\/#website\"},\"primaryImageOfPage\":{\"@id\":\"https:\\\/\\\/www.fica.unsl.edu.ar\\\/index.php\\\/asisten-a-docentes-en-el-uso-de-tecnologias-para-propositos-educativos\\\/#primaryimage\"},\"image\":{\"@id\":\"https:\\\/\\\/www.fica.unsl.edu.ar\\\/index.php\\\/asisten-a-docentes-en-el-uso-de-tecnologias-para-propositos-educativos\\\/#primaryimage\"},\"thumbnailUrl\":\"https:\\\/\\\/www.fica.unsl.edu.ar\\\/wp-content\\\/uploads\\\/2023\\\/05\\\/LEMET.jpg\",\"datePublished\":\"2023-05-08T16:57:54+00:00\",\"dateModified\":\"2023-05-31T12:42:21+00:00\",\"inLanguage\":\"es-AR\",\"potentialAction\":[{\"@type\":\"ReadAction\",\"target\":[\"https:\\\/\\\/www.fica.unsl.edu.ar\\\/index.php\\\/asisten-a-docentes-en-el-uso-de-tecnologias-para-propositos-educativos\\\/\"]}]},{\"@type\":\"ImageObject\",\"inLanguage\":\"es-AR\",\"@id\":\"https:\\\/\\\/www.fica.unsl.edu.ar\\\/index.php\\\/asisten-a-docentes-en-el-uso-de-tecnologias-para-propositos-educativos\\\/#primaryimage\",\"url\":\"https:\\\/\\\/www.fica.unsl.edu.ar\\\/wp-content\\\/uploads\\\/2023\\\/05\\\/LEMET.jpg\",\"contentUrl\":\"https:\\\/\\\/www.fica.unsl.edu.ar\\\/wp-content\\\/uploads\\\/2023\\\/05\\\/LEMET.jpg\",\"width\":1061,\"height\":585},{\"@type\":\"WebSite\",\"@id\":\"https:\\\/\\\/www.fica.unsl.edu.ar\\\/#website\",\"url\":\"https:\\\/\\\/www.fica.unsl.edu.ar\\\/\",\"name\":\"Facultad de Ingenier\u00eda y Ciencias Agropecuarias\",\"description\":\"\",\"publisher\":{\"@id\":\"https:\\\/\\\/www.fica.unsl.edu.ar\\\/#organization\"},\"potentialAction\":[{\"@type\":\"SearchAction\",\"target\":{\"@type\":\"EntryPoint\",\"urlTemplate\":\"https:\\\/\\\/www.fica.unsl.edu.ar\\\/?s={search_term_string}\"},\"query-input\":{\"@type\":\"PropertyValueSpecification\",\"valueRequired\":true,\"valueName\":\"search_term_string\"}}],\"inLanguage\":\"es-AR\"},{\"@type\":\"Organization\",\"@id\":\"https:\\\/\\\/www.fica.unsl.edu.ar\\\/#organization\",\"name\":\"Facultad de Ingenier\u00eda y Ciencias Agropecuarias\",\"url\":\"https:\\\/\\\/www.fica.unsl.edu.ar\\\/\",\"logo\":{\"@type\":\"ImageObject\",\"inLanguage\":\"es-AR\",\"@id\":\"https:\\\/\\\/www.fica.unsl.edu.ar\\\/#\\\/schema\\\/logo\\\/image\\\/\",\"url\":\"https:\\\/\\\/www.fica.unsl.edu.ar\\\/wp-content\\\/uploads\\\/2021\\\/03\\\/LOGO-1.jpg\",\"contentUrl\":\"https:\\\/\\\/www.fica.unsl.edu.ar\\\/wp-content\\\/uploads\\\/2021\\\/03\\\/LOGO-1.jpg\",\"width\":463,\"height\":145,\"caption\":\"Facultad de Ingenier\u00eda y Ciencias Agropecuarias\"},\"image\":{\"@id\":\"https:\\\/\\\/www.fica.unsl.edu.ar\\\/#\\\/schema\\\/logo\\\/image\\\/\"},\"sameAs\":[\"https:\\\/\\\/www.facebook.com\\\/FICA.UNSL\\\/\",\"https:\\\/\\\/x.com\\\/FICAUNSL\",\"https:\\\/\\\/www.instagram.com\\\/fica.unsl\\\/\",\"https:\\\/\\\/www.youtube.com\\\/channel\\\/UCs2MM53gb2PyBrMySdtWZDQ\"]},{\"@type\":\"Person\",\"@id\":\"https:\\\/\\\/www.fica.unsl.edu.ar\\\/#\\\/schema\\\/person\\\/6058f9c66301868d3a691b1f5d6c3544\",\"name\":\"DATI\"}]}<\/script>\n<!-- \/ Yoast SEO plugin. -->","yoast_head_json":{"title":"Asisten a docentes en el uso de tecnolog\u00edas para prop\u00f3sitos educativos - Facultad de Ingenier\u00eda y Ciencias Agropecuarias","robots":{"index":"index","follow":"follow","max-snippet":"max-snippet:-1","max-image-preview":"max-image-preview:large","max-video-preview":"max-video-preview:-1"},"canonical":"https:\/\/www.fica.unsl.edu.ar\/index.php\/asisten-a-docentes-en-el-uso-de-tecnologias-para-propositos-educativos\/","og_locale":"es_ES","og_type":"article","og_title":"Asisten a docentes en el uso de tecnolog\u00edas para prop\u00f3sitos educativos - Facultad de Ingenier\u00eda y Ciencias Agropecuarias","og_description":"A estas acciones las lleva adelante el Laboratorio de Educaci\u00f3n Mediada por Tecnolog\u00edas (LEMET) situado en el Campus Universitario sede Villa Mercedes. Existe desde el&hellip;","og_url":"https:\/\/www.fica.unsl.edu.ar\/index.php\/asisten-a-docentes-en-el-uso-de-tecnologias-para-propositos-educativos\/","og_site_name":"Facultad de Ingenier\u00eda y Ciencias Agropecuarias","article_publisher":"https:\/\/www.facebook.com\/FICA.UNSL\/","article_published_time":"2023-05-08T16:57:54+00:00","article_modified_time":"2023-05-31T12:42:21+00:00","og_image":[{"width":1061,"height":585,"url":"https:\/\/www.fica.unsl.edu.ar\/wp-content\/uploads\/2023\/05\/LEMET.jpg","type":"image\/jpeg"}],"author":"DATI","twitter_card":"summary_large_image","twitter_creator":"@FICAUNSL","twitter_site":"@FICAUNSL","twitter_misc":{"Escrito por":"DATI","Tiempo de lectura":"3 minutos"},"schema":{"@context":"https:\/\/schema.org","@graph":[{"@type":"Article","@id":"https:\/\/www.fica.unsl.edu.ar\/index.php\/asisten-a-docentes-en-el-uso-de-tecnologias-para-propositos-educativos\/#article","isPartOf":{"@id":"https:\/\/www.fica.unsl.edu.ar\/index.php\/asisten-a-docentes-en-el-uso-de-tecnologias-para-propositos-educativos\/"},"author":{"name":"DATI","@id":"https:\/\/www.fica.unsl.edu.ar\/#\/schema\/person\/6058f9c66301868d3a691b1f5d6c3544"},"headline":"Asisten a docentes en el uso de tecnolog\u00edas para prop\u00f3sitos educativos","datePublished":"2023-05-08T16:57:54+00:00","dateModified":"2023-05-31T12:42:21+00:00","mainEntityOfPage":{"@id":"https:\/\/www.fica.unsl.edu.ar\/index.php\/asisten-a-docentes-en-el-uso-de-tecnologias-para-propositos-educativos\/"},"wordCount":540,"publisher":{"@id":"https:\/\/www.fica.unsl.edu.ar\/#organization"},"image":{"@id":"https:\/\/www.fica.unsl.edu.ar\/index.php\/asisten-a-docentes-en-el-uso-de-tecnologias-para-propositos-educativos\/#primaryimage"},"thumbnailUrl":"https:\/\/www.fica.unsl.edu.ar\/wp-content\/uploads\/2023\/05\/LEMET.jpg","articleSection":["Noticias"],"inLanguage":"es-AR"},{"@type":"WebPage","@id":"https:\/\/www.fica.unsl.edu.ar\/index.php\/asisten-a-docentes-en-el-uso-de-tecnologias-para-propositos-educativos\/","url":"https:\/\/www.fica.unsl.edu.ar\/index.php\/asisten-a-docentes-en-el-uso-de-tecnologias-para-propositos-educativos\/","name":"Asisten a docentes en el uso de tecnolog\u00edas para prop\u00f3sitos educativos - Facultad de Ingenier\u00eda y Ciencias Agropecuarias","isPartOf":{"@id":"https:\/\/www.fica.unsl.edu.ar\/#website"},"primaryImageOfPage":{"@id":"https:\/\/www.fica.unsl.edu.ar\/index.php\/asisten-a-docentes-en-el-uso-de-tecnologias-para-propositos-educativos\/#primaryimage"},"image":{"@id":"https:\/\/www.fica.unsl.edu.ar\/index.php\/asisten-a-docentes-en-el-uso-de-tecnologias-para-propositos-educativos\/#primaryimage"},"thumbnailUrl":"https:\/\/www.fica.unsl.edu.ar\/wp-content\/uploads\/2023\/05\/LEMET.jpg","datePublished":"2023-05-08T16:57:54+00:00","dateModified":"2023-05-31T12:42:21+00:00","inLanguage":"es-AR","potentialAction":[{"@type":"ReadAction","target":["https:\/\/www.fica.unsl.edu.ar\/index.php\/asisten-a-docentes-en-el-uso-de-tecnologias-para-propositos-educativos\/"]}]},{"@type":"ImageObject","inLanguage":"es-AR","@id":"https:\/\/www.fica.unsl.edu.ar\/index.php\/asisten-a-docentes-en-el-uso-de-tecnologias-para-propositos-educativos\/#primaryimage","url":"https:\/\/www.fica.unsl.edu.ar\/wp-content\/uploads\/2023\/05\/LEMET.jpg","contentUrl":"https:\/\/www.fica.unsl.edu.ar\/wp-content\/uploads\/2023\/05\/LEMET.jpg","width":1061,"height":585},{"@type":"WebSite","@id":"https:\/\/www.fica.unsl.edu.ar\/#website","url":"https:\/\/www.fica.unsl.edu.ar\/","name":"Facultad de Ingenier\u00eda y Ciencias Agropecuarias","description":"","publisher":{"@id":"https:\/\/www.fica.unsl.edu.ar\/#organization"},"potentialAction":[{"@type":"SearchAction","target":{"@type":"EntryPoint","urlTemplate":"https:\/\/www.fica.unsl.edu.ar\/?s={search_term_string}"},"query-input":{"@type":"PropertyValueSpecification","valueRequired":true,"valueName":"search_term_string"}}],"inLanguage":"es-AR"},{"@type":"Organization","@id":"https:\/\/www.fica.unsl.edu.ar\/#organization","name":"Facultad de Ingenier\u00eda y Ciencias Agropecuarias","url":"https:\/\/www.fica.unsl.edu.ar\/","logo":{"@type":"ImageObject","inLanguage":"es-AR","@id":"https:\/\/www.fica.unsl.edu.ar\/#\/schema\/logo\/image\/","url":"https:\/\/www.fica.unsl.edu.ar\/wp-content\/uploads\/2021\/03\/LOGO-1.jpg","contentUrl":"https:\/\/www.fica.unsl.edu.ar\/wp-content\/uploads\/2021\/03\/LOGO-1.jpg","width":463,"height":145,"caption":"Facultad de Ingenier\u00eda y Ciencias Agropecuarias"},"image":{"@id":"https:\/\/www.fica.unsl.edu.ar\/#\/schema\/logo\/image\/"},"sameAs":["https:\/\/www.facebook.com\/FICA.UNSL\/","https:\/\/x.com\/FICAUNSL","https:\/\/www.instagram.com\/fica.unsl\/","https:\/\/www.youtube.com\/channel\/UCs2MM53gb2PyBrMySdtWZDQ"]},{"@type":"Person","@id":"https:\/\/www.fica.unsl.edu.ar\/#\/schema\/person\/6058f9c66301868d3a691b1f5d6c3544","name":"DATI"}]}},"_links":{"self":[{"href":"https:\/\/www.fica.unsl.edu.ar\/index.php\/wp-json\/wp\/v2\/posts\/13198","targetHints":{"allow":["GET"]}}],"collection":[{"href":"https:\/\/www.fica.unsl.edu.ar\/index.php\/wp-json\/wp\/v2\/posts"}],"about":[{"href":"https:\/\/www.fica.unsl.edu.ar\/index.php\/wp-json\/wp\/v2\/types\/post"}],"author":[{"embeddable":true,"href":"https:\/\/www.fica.unsl.edu.ar\/index.php\/wp-json\/wp\/v2\/users\/9"}],"replies":[{"embeddable":true,"href":"https:\/\/www.fica.unsl.edu.ar\/index.php\/wp-json\/wp\/v2\/comments?post=13198"}],"version-history":[{"count":1,"href":"https:\/\/www.fica.unsl.edu.ar\/index.php\/wp-json\/wp\/v2\/posts\/13198\/revisions"}],"predecessor-version":[{"id":13200,"href":"https:\/\/www.fica.unsl.edu.ar\/index.php\/wp-json\/wp\/v2\/posts\/13198\/revisions\/13200"}],"wp:featuredmedia":[{"embeddable":true,"href":"https:\/\/www.fica.unsl.edu.ar\/index.php\/wp-json\/wp\/v2\/media\/13199"}],"wp:attachment":[{"href":"https:\/\/www.fica.unsl.edu.ar\/index.php\/wp-json\/wp\/v2\/media?parent=13198"}],"wp:term":[{"taxonomy":"category","embeddable":true,"href":"https:\/\/www.fica.unsl.edu.ar\/index.php\/wp-json\/wp\/v2\/categories?post=13198"},{"taxonomy":"post_tag","embeddable":true,"href":"https:\/\/www.fica.unsl.edu.ar\/index.php\/wp-json\/wp\/v2\/tags?post=13198"}],"curies":[{"name":"wp","href":"https:\/\/api.w.org\/{rel}","templated":true}]}}