{"id":13264,"date":"2023-05-15T09:43:06","date_gmt":"2023-05-15T12:43:06","guid":{"rendered":"http:\/\/10.101.10.196\/www\/?p=13264"},"modified":"2023-05-15T09:43:41","modified_gmt":"2023-05-15T12:43:41","slug":"la-semana-aniversario-por-los-50-anos-de-la-unsl-cerro-con-una-noche-de-gala","status":"publish","type":"post","link":"https:\/\/www.fica.unsl.edu.ar\/index.php\/la-semana-aniversario-por-los-50-anos-de-la-unsl-cerro-con-una-noche-de-gala\/","title":{"rendered":"La semana aniversario por los 50 a\u00f1os de la UNSL cerr\u00f3 con una noche de gala"},"content":{"rendered":"<p><strong>Con una imponente puesta en escena, m\u00e1s de 30 m\u00fasicos de la secci\u00f3n cuerdas de la Orquesta Sinf\u00f3nica de la Universidad Nacional de San Juan (UNSJ) tocaron en el renovado Auditorio Mauricio L\u00f3pez. Hubo entrega de reconocimientos a entidades y asociaciones que generaron un v\u00ednculo hist\u00f3rico, social y cultural con la Universidad Nacional de San Luis (UNSL).<\/strong><\/p>\n<p>Este viernes 12 de mayo se realiz\u00f3 un evento cultural de primer nivel, que convoc\u00f3 a m\u00e1s de 400 personas que colmaron el emblem\u00e1tico Auditorio Mauricio L\u00f3pez. La noche de gala por el cincuentenario de la Instituci\u00f3n comenz\u00f3 pasadas las 20:00 horas con el reconocimiento a 21 entidades y asociaciones.<\/p>\n<p>Antes de comenzar la entrega de las distinciones, el rector C.P.N. V\u00edctor Mori\u00f1igo, expres\u00f3 que muchas de las instituciones han tenido un lazo especial con la Universidad a lo largo de estas cinco (5) d\u00e9cadas.<em>\u00a0\u00abMuchos son trabajadores de la Universidad, docentes, ex docentes, egresados, muchos han tenido alg\u00fan v\u00ednculo muy especial con la Universidad por lo que ha generado la Instituci\u00f3n en estos 50 a\u00f1os\u00bb,<\/em>\u00a0dijo.<\/p>\n<p>Se reconoci\u00f3 a: Rotary Club, PIRCAS, Junta de Historia de San Luis, Banco Naci\u00f3n Argentina, Asociaci\u00f3n Cultural Sanmartiniana, Centro de ex Combatientes 2 de abril, Centro de Jubilados Civiles Nacionales, Sociedad Rural, Asamblea Permanente por los Derechos Humanos, AJUPEN, Biblioteca e Instituto de Cultura Popular\u00a0<em>Bernardino Rivadavia<\/em>, C\u00e1mara de Comercio de San Luis, Asociaci\u00f3n Amigos de Merlo, Fundaci\u00f3n Espacios Verdes de la Villa de Merlo, Cementos Avellaneda, Dos Anclas, Fundaci\u00f3n Universidad Nacional de San Luis, ADU, ASIDIUN, APUNSL y SIDIU.<\/p>\n<p><strong>Sobre la Orquesta Sinf\u00f3nica de la Universidad Nacional de San Juan<\/strong><\/p>\n<p>Fue creada el 6 de febrero de 1974 y ha intervenido en m\u00e1s de dos (2) mil conciertos en los cuales ha presentado gran cantidad de primeras audiciones en San Juan, y varios estrenos mundiales.<\/p>\n<p>En la actualidad es una de las m\u00e1s importantes del interior del pa\u00eds, siendo solicitada por destacados directores y solistas nacionales y extranjeros para actuar en calidad de invitados\/as.<\/p>\n<figure><img fetchpriority=\"high\" decoding=\"async\" class=\"aligncenter wp-image-82740\" src=\"https:\/\/www.noticias.unsl.edu.ar\/wp-content\/uploads\/2023\/05\/230512-Noche-de-Gala-UNSL-35-de-47.jpg\" sizes=\"(max-width: 1000px) 100vw, 1000px\" srcset=\"https:\/\/www.noticias.unsl.edu.ar\/wp-content\/uploads\/2023\/05\/230512-Noche-de-Gala-UNSL-35-de-47.jpg 1000w, https:\/\/www.noticias.unsl.edu.ar\/wp-content\/uploads\/2023\/05\/230512-Noche-de-Gala-UNSL-35-de-47-300x200.jpg 300w\" alt=\"\" width=\"1000\" height=\"667\" data-id=\"82740\" data-link=\"https:\/\/www.noticias.unsl.edu.ar\/?attachment_id=82740\" \/><\/figure>\n<p>Durante la presentaci\u00f3n art\u00edstica, entre n\u00famero y n\u00famero, su director invitado, el maestro Cesar Iv\u00e1n Lara, expres\u00f3:\u00a0<em>\u00abEs una noche muy especial. Es un privilegio hacer historia con ustedes en la Universidad Nacional de San Luis\u00bb<\/em>.<\/p>\n<p><strong>El recuerdo a la memoria del Prof. Mauricio Am\u00edlcar L\u00f3pez<\/strong><\/p>\n<p>Durante la entrega de reconocimientos, dos (2) instituciones distinguidas entregaron un presente al Rector de la UNSL en homenaje al nuevo aniversario que cumpli\u00f3 la Casa de Estudios.<\/p>\n<p>Por otra parte, desde la APDH en palabras de Lilian Videla se record\u00f3 al primer rector de la UNSL, Prof. Mauricio L\u00f3pez.\u00a0<em>\u00abDesde la APDH no podemos dejar de recordar a quien dio la primera pista para encontrar el lugar donde hab\u00eda sido secuestrado nuestro Rector Mauricio Am\u00edlcar L\u00f3pez y ese es Horacio Ferrari, quien despu\u00e9s de 20 a\u00f1os se anim\u00f3 a decirnos (\u2026) Se tard\u00f3 casi dos (2) a\u00f1os en encontrar el camino, porque est\u00e1 todo cambiado, y no pod\u00edamos creer que era en plena Cordillera, y as\u00ed se encontr\u00f3 el camino y as\u00ed se empez\u00f3 la b\u00fasqueda, se present\u00f3 la querella y ac\u00e1 tambi\u00e9n debo nombrar al Dr. Pablo Salinas que es quien lleva el juicio por el cual se condena a los integrantes de la aeron\u00e1utica que son los que secuestraron y asesinaron a nuestro querido Rector\u00bb<\/em>, dijo.<\/p>\n<figure><\/figure>\n<figure><img decoding=\"async\" class=\"wp-image-82748 aligncenter\" src=\"https:\/\/www.noticias.unsl.edu.ar\/wp-content\/uploads\/2023\/05\/230512-Noche-de-Gala-UNSL-9-de-47.jpg\" sizes=\"(max-width: 1000px) 100vw, 1000px\" srcset=\"https:\/\/www.noticias.unsl.edu.ar\/wp-content\/uploads\/2023\/05\/230512-Noche-de-Gala-UNSL-9-de-47.jpg 1000w, https:\/\/www.noticias.unsl.edu.ar\/wp-content\/uploads\/2023\/05\/230512-Noche-de-Gala-UNSL-9-de-47-300x200.jpg 300w\" alt=\"\" data-id=\"82748\" data-link=\"https:\/\/www.noticias.unsl.edu.ar\/?attachment_id=82748\" \/><\/figure>\n<p>Tambi\u00e9n agradeci\u00f3 a las gestiones rectorales de los doctores Jos\u00e9 Luis Riccardo y F\u00e9lix Nieto Quintas y a todos los profesionales ge\u00f3logos y antrop\u00f3logos forenses quienes trabajaron en el centro clandestino de detenci\u00f3n Las Lajas.<\/p>\n<p><strong>Dato<\/strong><\/p>\n<p>Reviv\u00ed el espect\u00e1culo a trav\u00e9s de la transmisi\u00f3n que desde el canal web universitario UNSL TV se realiz\u00f3 del evento:\u00a0<a href=\"https:\/\/www.youtube.com\/watch?v=tqlmbaW_va4\">Actuaci\u00f3n Orquesta Sinf\u00f3nica de San Juan<\/a>.<\/p>\n<p>&nbsp;<\/p>\n<p><strong>FUENTE: PRENSA RECTORADO<\/strong><\/p>\n","protected":false},"excerpt":{"rendered":"<p>Con una imponente puesta en escena, m\u00e1s de 30 m\u00fasicos de la secci\u00f3n cuerdas de la Orquesta Sinf\u00f3nica de la Universidad Nacional de San Juan&hellip;<\/p>\n","protected":false},"author":9,"featured_media":13265,"comment_status":"closed","ping_status":"closed","sticky":false,"template":"","format":"standard","meta":{"_monsterinsights_skip_tracking":false,"_monsterinsights_sitenote_active":false,"_monsterinsights_sitenote_note":"","_monsterinsights_sitenote_category":0,"_joinchat":[],"footnotes":""},"categories":[19],"tags":[],"class_list":["post-13264","post","type-post","status-publish","format-standard","has-post-thumbnail","hentry","category-noticias"],"yoast_head":"<!-- This site is optimized with the Yoast SEO plugin v27.4 - https:\/\/yoast.com\/product\/yoast-seo-wordpress\/ -->\n<title>La semana aniversario por los 50 a\u00f1os de la UNSL cerr\u00f3 con una noche de gala - Facultad de Ingenier\u00eda y Ciencias Agropecuarias<\/title>\n<meta name=\"robots\" content=\"index, follow, max-snippet:-1, max-image-preview:large, max-video-preview:-1\" \/>\n<link rel=\"canonical\" href=\"https:\/\/www.fica.unsl.edu.ar\/index.php\/la-semana-aniversario-por-los-50-anos-de-la-unsl-cerro-con-una-noche-de-gala\/\" \/>\n<meta property=\"og:locale\" content=\"es_ES\" \/>\n<meta property=\"og:type\" content=\"article\" \/>\n<meta property=\"og:title\" content=\"La semana aniversario por los 50 a\u00f1os de la UNSL cerr\u00f3 con una noche de gala - Facultad de Ingenier\u00eda y Ciencias Agropecuarias\" \/>\n<meta property=\"og:description\" content=\"Con una imponente puesta en escena, m\u00e1s de 30 m\u00fasicos de la secci\u00f3n cuerdas de la Orquesta Sinf\u00f3nica de la Universidad Nacional de San Juan&hellip;\" \/>\n<meta property=\"og:url\" content=\"https:\/\/www.fica.unsl.edu.ar\/index.php\/la-semana-aniversario-por-los-50-anos-de-la-unsl-cerro-con-una-noche-de-gala\/\" \/>\n<meta property=\"og:site_name\" content=\"Facultad de Ingenier\u00eda y Ciencias Agropecuarias\" \/>\n<meta property=\"article:publisher\" content=\"https:\/\/www.facebook.com\/FICA.UNSL\/\" \/>\n<meta property=\"article:published_time\" content=\"2023-05-15T12:43:06+00:00\" \/>\n<meta property=\"article:modified_time\" content=\"2023-05-15T12:43:41+00:00\" \/>\n<meta property=\"og:image\" content=\"https:\/\/www.fica.unsl.edu.ar\/wp-content\/uploads\/2023\/05\/semana-aniversario-cierre-front.jpg\" \/>\n\t<meta property=\"og:image:width\" content=\"1061\" \/>\n\t<meta property=\"og:image:height\" content=\"585\" \/>\n\t<meta property=\"og:image:type\" content=\"image\/jpeg\" \/>\n<meta name=\"author\" content=\"DATI\" \/>\n<meta name=\"twitter:card\" content=\"summary_large_image\" \/>\n<meta name=\"twitter:creator\" content=\"@FICAUNSL\" \/>\n<meta name=\"twitter:site\" content=\"@FICAUNSL\" \/>\n<meta name=\"twitter:label1\" content=\"Escrito por\" \/>\n\t<meta name=\"twitter:data1\" content=\"DATI\" \/>\n\t<meta name=\"twitter:label2\" content=\"Tiempo de lectura\" \/>\n\t<meta name=\"twitter:data2\" content=\"4 minutos\" \/>\n<script type=\"application\/ld+json\" class=\"yoast-schema-graph\">{\"@context\":\"https:\\\/\\\/schema.org\",\"@graph\":[{\"@type\":\"Article\",\"@id\":\"https:\\\/\\\/www.fica.unsl.edu.ar\\\/index.php\\\/la-semana-aniversario-por-los-50-anos-de-la-unsl-cerro-con-una-noche-de-gala\\\/#article\",\"isPartOf\":{\"@id\":\"https:\\\/\\\/www.fica.unsl.edu.ar\\\/index.php\\\/la-semana-aniversario-por-los-50-anos-de-la-unsl-cerro-con-una-noche-de-gala\\\/\"},\"author\":{\"name\":\"DATI\",\"@id\":\"https:\\\/\\\/www.fica.unsl.edu.ar\\\/#\\\/schema\\\/person\\\/6058f9c66301868d3a691b1f5d6c3544\"},\"headline\":\"La semana aniversario por los 50 a\u00f1os de la UNSL cerr\u00f3 con una noche de gala\",\"datePublished\":\"2023-05-15T12:43:06+00:00\",\"dateModified\":\"2023-05-15T12:43:41+00:00\",\"mainEntityOfPage\":{\"@id\":\"https:\\\/\\\/www.fica.unsl.edu.ar\\\/index.php\\\/la-semana-aniversario-por-los-50-anos-de-la-unsl-cerro-con-una-noche-de-gala\\\/\"},\"wordCount\":670,\"publisher\":{\"@id\":\"https:\\\/\\\/www.fica.unsl.edu.ar\\\/#organization\"},\"image\":{\"@id\":\"https:\\\/\\\/www.fica.unsl.edu.ar\\\/index.php\\\/la-semana-aniversario-por-los-50-anos-de-la-unsl-cerro-con-una-noche-de-gala\\\/#primaryimage\"},\"thumbnailUrl\":\"https:\\\/\\\/www.fica.unsl.edu.ar\\\/wp-content\\\/uploads\\\/2023\\\/05\\\/semana-aniversario-cierre-front.jpg\",\"articleSection\":[\"Noticias\"],\"inLanguage\":\"es-AR\"},{\"@type\":\"WebPage\",\"@id\":\"https:\\\/\\\/www.fica.unsl.edu.ar\\\/index.php\\\/la-semana-aniversario-por-los-50-anos-de-la-unsl-cerro-con-una-noche-de-gala\\\/\",\"url\":\"https:\\\/\\\/www.fica.unsl.edu.ar\\\/index.php\\\/la-semana-aniversario-por-los-50-anos-de-la-unsl-cerro-con-una-noche-de-gala\\\/\",\"name\":\"La semana aniversario por los 50 a\u00f1os de la UNSL cerr\u00f3 con una noche de gala - Facultad de Ingenier\u00eda y Ciencias Agropecuarias\",\"isPartOf\":{\"@id\":\"https:\\\/\\\/www.fica.unsl.edu.ar\\\/#website\"},\"primaryImageOfPage\":{\"@id\":\"https:\\\/\\\/www.fica.unsl.edu.ar\\\/index.php\\\/la-semana-aniversario-por-los-50-anos-de-la-unsl-cerro-con-una-noche-de-gala\\\/#primaryimage\"},\"image\":{\"@id\":\"https:\\\/\\\/www.fica.unsl.edu.ar\\\/index.php\\\/la-semana-aniversario-por-los-50-anos-de-la-unsl-cerro-con-una-noche-de-gala\\\/#primaryimage\"},\"thumbnailUrl\":\"https:\\\/\\\/www.fica.unsl.edu.ar\\\/wp-content\\\/uploads\\\/2023\\\/05\\\/semana-aniversario-cierre-front.jpg\",\"datePublished\":\"2023-05-15T12:43:06+00:00\",\"dateModified\":\"2023-05-15T12:43:41+00:00\",\"inLanguage\":\"es-AR\",\"potentialAction\":[{\"@type\":\"ReadAction\",\"target\":[\"https:\\\/\\\/www.fica.unsl.edu.ar\\\/index.php\\\/la-semana-aniversario-por-los-50-anos-de-la-unsl-cerro-con-una-noche-de-gala\\\/\"]}]},{\"@type\":\"ImageObject\",\"inLanguage\":\"es-AR\",\"@id\":\"https:\\\/\\\/www.fica.unsl.edu.ar\\\/index.php\\\/la-semana-aniversario-por-los-50-anos-de-la-unsl-cerro-con-una-noche-de-gala\\\/#primaryimage\",\"url\":\"https:\\\/\\\/www.fica.unsl.edu.ar\\\/wp-content\\\/uploads\\\/2023\\\/05\\\/semana-aniversario-cierre-front.jpg\",\"contentUrl\":\"https:\\\/\\\/www.fica.unsl.edu.ar\\\/wp-content\\\/uploads\\\/2023\\\/05\\\/semana-aniversario-cierre-front.jpg\",\"width\":1061,\"height\":585},{\"@type\":\"WebSite\",\"@id\":\"https:\\\/\\\/www.fica.unsl.edu.ar\\\/#website\",\"url\":\"https:\\\/\\\/www.fica.unsl.edu.ar\\\/\",\"name\":\"Facultad de Ingenier\u00eda y Ciencias Agropecuarias\",\"description\":\"\",\"publisher\":{\"@id\":\"https:\\\/\\\/www.fica.unsl.edu.ar\\\/#organization\"},\"potentialAction\":[{\"@type\":\"SearchAction\",\"target\":{\"@type\":\"EntryPoint\",\"urlTemplate\":\"https:\\\/\\\/www.fica.unsl.edu.ar\\\/?s={search_term_string}\"},\"query-input\":{\"@type\":\"PropertyValueSpecification\",\"valueRequired\":true,\"valueName\":\"search_term_string\"}}],\"inLanguage\":\"es-AR\"},{\"@type\":\"Organization\",\"@id\":\"https:\\\/\\\/www.fica.unsl.edu.ar\\\/#organization\",\"name\":\"Facultad de Ingenier\u00eda y Ciencias Agropecuarias\",\"url\":\"https:\\\/\\\/www.fica.unsl.edu.ar\\\/\",\"logo\":{\"@type\":\"ImageObject\",\"inLanguage\":\"es-AR\",\"@id\":\"https:\\\/\\\/www.fica.unsl.edu.ar\\\/#\\\/schema\\\/logo\\\/image\\\/\",\"url\":\"https:\\\/\\\/www.fica.unsl.edu.ar\\\/wp-content\\\/uploads\\\/2021\\\/03\\\/LOGO-1.jpg\",\"contentUrl\":\"https:\\\/\\\/www.fica.unsl.edu.ar\\\/wp-content\\\/uploads\\\/2021\\\/03\\\/LOGO-1.jpg\",\"width\":463,\"height\":145,\"caption\":\"Facultad de Ingenier\u00eda y Ciencias Agropecuarias\"},\"image\":{\"@id\":\"https:\\\/\\\/www.fica.unsl.edu.ar\\\/#\\\/schema\\\/logo\\\/image\\\/\"},\"sameAs\":[\"https:\\\/\\\/www.facebook.com\\\/FICA.UNSL\\\/\",\"https:\\\/\\\/x.com\\\/FICAUNSL\",\"https:\\\/\\\/www.instagram.com\\\/fica.unsl\\\/\",\"https:\\\/\\\/www.youtube.com\\\/channel\\\/UCs2MM53gb2PyBrMySdtWZDQ\"]},{\"@type\":\"Person\",\"@id\":\"https:\\\/\\\/www.fica.unsl.edu.ar\\\/#\\\/schema\\\/person\\\/6058f9c66301868d3a691b1f5d6c3544\",\"name\":\"DATI\"}]}<\/script>\n<!-- \/ Yoast SEO plugin. -->","yoast_head_json":{"title":"La semana aniversario por los 50 a\u00f1os de la UNSL cerr\u00f3 con una noche de gala - Facultad de Ingenier\u00eda y Ciencias Agropecuarias","robots":{"index":"index","follow":"follow","max-snippet":"max-snippet:-1","max-image-preview":"max-image-preview:large","max-video-preview":"max-video-preview:-1"},"canonical":"https:\/\/www.fica.unsl.edu.ar\/index.php\/la-semana-aniversario-por-los-50-anos-de-la-unsl-cerro-con-una-noche-de-gala\/","og_locale":"es_ES","og_type":"article","og_title":"La semana aniversario por los 50 a\u00f1os de la UNSL cerr\u00f3 con una noche de gala - Facultad de Ingenier\u00eda y Ciencias Agropecuarias","og_description":"Con una imponente puesta en escena, m\u00e1s de 30 m\u00fasicos de la secci\u00f3n cuerdas de la Orquesta Sinf\u00f3nica de la Universidad Nacional de San Juan&hellip;","og_url":"https:\/\/www.fica.unsl.edu.ar\/index.php\/la-semana-aniversario-por-los-50-anos-de-la-unsl-cerro-con-una-noche-de-gala\/","og_site_name":"Facultad de Ingenier\u00eda y Ciencias Agropecuarias","article_publisher":"https:\/\/www.facebook.com\/FICA.UNSL\/","article_published_time":"2023-05-15T12:43:06+00:00","article_modified_time":"2023-05-15T12:43:41+00:00","og_image":[{"width":1061,"height":585,"url":"https:\/\/www.fica.unsl.edu.ar\/wp-content\/uploads\/2023\/05\/semana-aniversario-cierre-front.jpg","type":"image\/jpeg"}],"author":"DATI","twitter_card":"summary_large_image","twitter_creator":"@FICAUNSL","twitter_site":"@FICAUNSL","twitter_misc":{"Escrito por":"DATI","Tiempo de lectura":"4 minutos"},"schema":{"@context":"https:\/\/schema.org","@graph":[{"@type":"Article","@id":"https:\/\/www.fica.unsl.edu.ar\/index.php\/la-semana-aniversario-por-los-50-anos-de-la-unsl-cerro-con-una-noche-de-gala\/#article","isPartOf":{"@id":"https:\/\/www.fica.unsl.edu.ar\/index.php\/la-semana-aniversario-por-los-50-anos-de-la-unsl-cerro-con-una-noche-de-gala\/"},"author":{"name":"DATI","@id":"https:\/\/www.fica.unsl.edu.ar\/#\/schema\/person\/6058f9c66301868d3a691b1f5d6c3544"},"headline":"La semana aniversario por los 50 a\u00f1os de la UNSL cerr\u00f3 con una noche de gala","datePublished":"2023-05-15T12:43:06+00:00","dateModified":"2023-05-15T12:43:41+00:00","mainEntityOfPage":{"@id":"https:\/\/www.fica.unsl.edu.ar\/index.php\/la-semana-aniversario-por-los-50-anos-de-la-unsl-cerro-con-una-noche-de-gala\/"},"wordCount":670,"publisher":{"@id":"https:\/\/www.fica.unsl.edu.ar\/#organization"},"image":{"@id":"https:\/\/www.fica.unsl.edu.ar\/index.php\/la-semana-aniversario-por-los-50-anos-de-la-unsl-cerro-con-una-noche-de-gala\/#primaryimage"},"thumbnailUrl":"https:\/\/www.fica.unsl.edu.ar\/wp-content\/uploads\/2023\/05\/semana-aniversario-cierre-front.jpg","articleSection":["Noticias"],"inLanguage":"es-AR"},{"@type":"WebPage","@id":"https:\/\/www.fica.unsl.edu.ar\/index.php\/la-semana-aniversario-por-los-50-anos-de-la-unsl-cerro-con-una-noche-de-gala\/","url":"https:\/\/www.fica.unsl.edu.ar\/index.php\/la-semana-aniversario-por-los-50-anos-de-la-unsl-cerro-con-una-noche-de-gala\/","name":"La semana aniversario por los 50 a\u00f1os de la UNSL cerr\u00f3 con una noche de gala - Facultad de Ingenier\u00eda y Ciencias Agropecuarias","isPartOf":{"@id":"https:\/\/www.fica.unsl.edu.ar\/#website"},"primaryImageOfPage":{"@id":"https:\/\/www.fica.unsl.edu.ar\/index.php\/la-semana-aniversario-por-los-50-anos-de-la-unsl-cerro-con-una-noche-de-gala\/#primaryimage"},"image":{"@id":"https:\/\/www.fica.unsl.edu.ar\/index.php\/la-semana-aniversario-por-los-50-anos-de-la-unsl-cerro-con-una-noche-de-gala\/#primaryimage"},"thumbnailUrl":"https:\/\/www.fica.unsl.edu.ar\/wp-content\/uploads\/2023\/05\/semana-aniversario-cierre-front.jpg","datePublished":"2023-05-15T12:43:06+00:00","dateModified":"2023-05-15T12:43:41+00:00","inLanguage":"es-AR","potentialAction":[{"@type":"ReadAction","target":["https:\/\/www.fica.unsl.edu.ar\/index.php\/la-semana-aniversario-por-los-50-anos-de-la-unsl-cerro-con-una-noche-de-gala\/"]}]},{"@type":"ImageObject","inLanguage":"es-AR","@id":"https:\/\/www.fica.unsl.edu.ar\/index.php\/la-semana-aniversario-por-los-50-anos-de-la-unsl-cerro-con-una-noche-de-gala\/#primaryimage","url":"https:\/\/www.fica.unsl.edu.ar\/wp-content\/uploads\/2023\/05\/semana-aniversario-cierre-front.jpg","contentUrl":"https:\/\/www.fica.unsl.edu.ar\/wp-content\/uploads\/2023\/05\/semana-aniversario-cierre-front.jpg","width":1061,"height":585},{"@type":"WebSite","@id":"https:\/\/www.fica.unsl.edu.ar\/#website","url":"https:\/\/www.fica.unsl.edu.ar\/","name":"Facultad de Ingenier\u00eda y Ciencias Agropecuarias","description":"","publisher":{"@id":"https:\/\/www.fica.unsl.edu.ar\/#organization"},"potentialAction":[{"@type":"SearchAction","target":{"@type":"EntryPoint","urlTemplate":"https:\/\/www.fica.unsl.edu.ar\/?s={search_term_string}"},"query-input":{"@type":"PropertyValueSpecification","valueRequired":true,"valueName":"search_term_string"}}],"inLanguage":"es-AR"},{"@type":"Organization","@id":"https:\/\/www.fica.unsl.edu.ar\/#organization","name":"Facultad de Ingenier\u00eda y Ciencias Agropecuarias","url":"https:\/\/www.fica.unsl.edu.ar\/","logo":{"@type":"ImageObject","inLanguage":"es-AR","@id":"https:\/\/www.fica.unsl.edu.ar\/#\/schema\/logo\/image\/","url":"https:\/\/www.fica.unsl.edu.ar\/wp-content\/uploads\/2021\/03\/LOGO-1.jpg","contentUrl":"https:\/\/www.fica.unsl.edu.ar\/wp-content\/uploads\/2021\/03\/LOGO-1.jpg","width":463,"height":145,"caption":"Facultad de Ingenier\u00eda y Ciencias Agropecuarias"},"image":{"@id":"https:\/\/www.fica.unsl.edu.ar\/#\/schema\/logo\/image\/"},"sameAs":["https:\/\/www.facebook.com\/FICA.UNSL\/","https:\/\/x.com\/FICAUNSL","https:\/\/www.instagram.com\/fica.unsl\/","https:\/\/www.youtube.com\/channel\/UCs2MM53gb2PyBrMySdtWZDQ"]},{"@type":"Person","@id":"https:\/\/www.fica.unsl.edu.ar\/#\/schema\/person\/6058f9c66301868d3a691b1f5d6c3544","name":"DATI"}]}},"_links":{"self":[{"href":"https:\/\/www.fica.unsl.edu.ar\/index.php\/wp-json\/wp\/v2\/posts\/13264","targetHints":{"allow":["GET"]}}],"collection":[{"href":"https:\/\/www.fica.unsl.edu.ar\/index.php\/wp-json\/wp\/v2\/posts"}],"about":[{"href":"https:\/\/www.fica.unsl.edu.ar\/index.php\/wp-json\/wp\/v2\/types\/post"}],"author":[{"embeddable":true,"href":"https:\/\/www.fica.unsl.edu.ar\/index.php\/wp-json\/wp\/v2\/users\/9"}],"replies":[{"embeddable":true,"href":"https:\/\/www.fica.unsl.edu.ar\/index.php\/wp-json\/wp\/v2\/comments?post=13264"}],"version-history":[{"count":2,"href":"https:\/\/www.fica.unsl.edu.ar\/index.php\/wp-json\/wp\/v2\/posts\/13264\/revisions"}],"predecessor-version":[{"id":13267,"href":"https:\/\/www.fica.unsl.edu.ar\/index.php\/wp-json\/wp\/v2\/posts\/13264\/revisions\/13267"}],"wp:featuredmedia":[{"embeddable":true,"href":"https:\/\/www.fica.unsl.edu.ar\/index.php\/wp-json\/wp\/v2\/media\/13265"}],"wp:attachment":[{"href":"https:\/\/www.fica.unsl.edu.ar\/index.php\/wp-json\/wp\/v2\/media?parent=13264"}],"wp:term":[{"taxonomy":"category","embeddable":true,"href":"https:\/\/www.fica.unsl.edu.ar\/index.php\/wp-json\/wp\/v2\/categories?post=13264"},{"taxonomy":"post_tag","embeddable":true,"href":"https:\/\/www.fica.unsl.edu.ar\/index.php\/wp-json\/wp\/v2\/tags?post=13264"}],"curies":[{"name":"wp","href":"https:\/\/api.w.org\/{rel}","templated":true}]}}