{"id":13268,"date":"2023-05-15T09:45:11","date_gmt":"2023-05-15T12:45:11","guid":{"rendered":"http:\/\/10.101.10.196\/www\/?p=13268"},"modified":"2023-06-02T08:57:13","modified_gmt":"2023-06-02T11:57:13","slug":"prinuar-hasta-el-31-de-mayo-continua-abierta-la-convocatoria-para-la-categorizacion-de-investigadores-as","status":"publish","type":"post","link":"https:\/\/www.fica.unsl.edu.ar\/index.php\/prinuar-hasta-el-31-de-mayo-continua-abierta-la-convocatoria-para-la-categorizacion-de-investigadores-as\/","title":{"rendered":"<b>PRINUAR<\/b>: Cierre escalonado de la convocatoria a partir del 27 de mayo."},"content":{"rendered":"<p>La\u00a0<strong>Secretar\u00eda de Investigaci\u00f3n y Posgrado<\/strong>\u00a0recuerda que hasta el\u00a0<strong>31 de mayo<\/strong>\u00a0se encuentra abierta la\u00a0<strong>convocatoria<\/strong>\u00a0a categorizaci\u00f3n de los\/as docentes\/investigadores\/as para ingresar o permanecer en el\u00a0<strong>Sistema Nacional Cient\u00edfico Universitario<\/strong>. Dicha postulaci\u00f3n se realiza mediante el programa\u00a0<strong>PRINUAR<\/strong>\u00a0accediendo a\u00a0<strong><a href=\"https:\/\/prinuar.siu.edu.ar\/\" target=\"_blank\" rel=\"noopener\">https:\/\/prinuar.siu.edu.ar\/<\/a><\/strong><\/p>\n<p>As\u00ed mismo se informa que la apertura de nuevos usuarios en el sistema ser\u00e1 hasta el 26 de mayo. El cierre de la Convocatoria ser\u00e1 escalonado respetando el siguiente cronograma de acuerdo a la finalizaci\u00f3n del n\u00famero de cuil acorde con siguiente detalle:<\/p>\n<ul>\n<li>0 y 1: 27 de mayo<\/li>\n<li>2y3: 28 de mayo<\/li>\n<li>4 y 5: 29 de mayo<\/li>\n<li>6 y 7: 30 de mayo<\/li>\n<li>8 y 9: 31 de mayo.<\/li>\n<\/ul>\n<p>Se recomienda realizar la postulaci\u00f3n unos d\u00edas antes para evitar inconvenientes con el sistema. Para consultas pueden escribir a <strong><a href=\"mailto:incentivo.unsl@gmail.com\" target=\"_blank\" rel=\"noreferrer noopener\">incentivo.unsl@gmail.com<\/a><\/strong><\/p>\n<p>Tambi\u00e9n, se comparte la capacitaci\u00f3n brindada por la Secretar\u00eda de Ciencia y Tecnolog\u00eda de la UNSL sobre la presentaci\u00f3n de la\u00a0<strong>Solicitud de Categorizaci\u00f3n 2023<\/strong>\u00a0en\u00a0<strong>PRINUAR<\/strong>:<\/p>\n<figure class=\"wp-block-embed is-type-video is-provider-youtube wp-block-embed-youtube wp-embed-aspect-16-9 wp-has-aspect-ratio\">\n<div class=\"wp-block-embed__wrapper\"><iframe title=\"Capacitaci\u00f3n nociones PRINUAR\" src=\"https:\/\/www.youtube.com\/embed\/ND5pV8bv20E?feature=oembed\" width=\"843\" height=\"474\" frameborder=\"0\" allowfullscreen=\"allowfullscreen\" data-mce-fragment=\"1\"><\/iframe><\/div>\n<\/figure>\n<h4 class=\"has-text-align-center\"><strong><a href=\"https:\/\/www.fcejs.unsl.edu.ar\/wp-content\/uploads\/2023\/03\/Reglamento-PRINUAR.pdf\" target=\"_blank\" rel=\"noreferrer noopener\">REGLAMENTO<\/a><\/strong><\/h4>\n<h4 class=\"has-text-align-center\"><strong><a href=\"https:\/\/www.fcejs.unsl.edu.ar\/wp-content\/uploads\/2023\/03\/Proy-Res-PRINUAR.pdf\" target=\"_blank\" rel=\"noreferrer noopener\">RESOLUCI\u00d3N<\/a><\/strong><\/h4>\n<p>&nbsp;<\/p>\n<p>&nbsp;<\/p>\n","protected":false},"excerpt":{"rendered":"<p>La\u00a0Secretar\u00eda de Investigaci\u00f3n y Posgrado\u00a0recuerda que hasta el\u00a031 de mayo\u00a0se encuentra abierta la\u00a0convocatoria\u00a0a categorizaci\u00f3n de los\/as docentes\/investigadores\/as para ingresar o permanecer en el\u00a0Sistema Nacional Cient\u00edfico&hellip;<\/p>\n","protected":false},"author":9,"featured_media":13269,"comment_status":"closed","ping_status":"closed","sticky":false,"template":"","format":"standard","meta":{"_monsterinsights_skip_tracking":false,"_monsterinsights_sitenote_active":false,"_monsterinsights_sitenote_note":"","_monsterinsights_sitenote_category":0,"_joinchat":[],"footnotes":""},"categories":[19],"tags":[],"class_list":["post-13268","post","type-post","status-publish","format-standard","has-post-thumbnail","hentry","category-noticias"],"yoast_head":"<!-- This site is optimized with the Yoast SEO plugin v27.4 - https:\/\/yoast.com\/product\/yoast-seo-wordpress\/ -->\n<title>PRINUAR: Cierre escalonado de la convocatoria a partir del 27 de mayo. - Facultad de Ingenier\u00eda y Ciencias Agropecuarias<\/title>\n<meta name=\"robots\" content=\"index, follow, max-snippet:-1, max-image-preview:large, max-video-preview:-1\" \/>\n<link rel=\"canonical\" href=\"https:\/\/www.fica.unsl.edu.ar\/index.php\/prinuar-hasta-el-31-de-mayo-continua-abierta-la-convocatoria-para-la-categorizacion-de-investigadores-as\/\" \/>\n<meta property=\"og:locale\" content=\"es_ES\" \/>\n<meta property=\"og:type\" content=\"article\" \/>\n<meta property=\"og:title\" content=\"PRINUAR: Cierre escalonado de la convocatoria a partir del 27 de mayo. - Facultad de Ingenier\u00eda y Ciencias Agropecuarias\" \/>\n<meta property=\"og:description\" content=\"La\u00a0Secretar\u00eda de Investigaci\u00f3n y Posgrado\u00a0recuerda que hasta el\u00a031 de mayo\u00a0se encuentra abierta la\u00a0convocatoria\u00a0a categorizaci\u00f3n de los\/as docentes\/investigadores\/as para ingresar o permanecer en el\u00a0Sistema Nacional Cient\u00edfico&hellip;\" \/>\n<meta property=\"og:url\" content=\"https:\/\/www.fica.unsl.edu.ar\/index.php\/prinuar-hasta-el-31-de-mayo-continua-abierta-la-convocatoria-para-la-categorizacion-de-investigadores-as\/\" \/>\n<meta property=\"og:site_name\" content=\"Facultad de Ingenier\u00eda y Ciencias Agropecuarias\" \/>\n<meta property=\"article:publisher\" content=\"https:\/\/www.facebook.com\/FICA.UNSL\/\" \/>\n<meta property=\"article:published_time\" content=\"2023-05-15T12:45:11+00:00\" \/>\n<meta property=\"article:modified_time\" content=\"2023-06-02T11:57:13+00:00\" \/>\n<meta property=\"og:image\" content=\"https:\/\/www.fica.unsl.edu.ar\/wp-content\/uploads\/2023\/05\/prinuar-front.jpg\" \/>\n\t<meta property=\"og:image:width\" content=\"1152\" \/>\n\t<meta property=\"og:image:height\" content=\"647\" \/>\n\t<meta property=\"og:image:type\" content=\"image\/jpeg\" \/>\n<meta name=\"author\" content=\"DATI\" \/>\n<meta name=\"twitter:card\" content=\"summary_large_image\" \/>\n<meta name=\"twitter:creator\" content=\"@FICAUNSL\" \/>\n<meta name=\"twitter:site\" content=\"@FICAUNSL\" \/>\n<meta name=\"twitter:label1\" content=\"Escrito por\" \/>\n\t<meta name=\"twitter:data1\" content=\"DATI\" \/>\n\t<meta name=\"twitter:label2\" content=\"Tiempo de lectura\" \/>\n\t<meta name=\"twitter:data2\" content=\"1 minuto\" \/>\n<script type=\"application\/ld+json\" class=\"yoast-schema-graph\">{\"@context\":\"https:\\\/\\\/schema.org\",\"@graph\":[{\"@type\":\"Article\",\"@id\":\"https:\\\/\\\/www.fica.unsl.edu.ar\\\/index.php\\\/prinuar-hasta-el-31-de-mayo-continua-abierta-la-convocatoria-para-la-categorizacion-de-investigadores-as\\\/#article\",\"isPartOf\":{\"@id\":\"https:\\\/\\\/www.fica.unsl.edu.ar\\\/index.php\\\/prinuar-hasta-el-31-de-mayo-continua-abierta-la-convocatoria-para-la-categorizacion-de-investigadores-as\\\/\"},\"author\":{\"name\":\"DATI\",\"@id\":\"https:\\\/\\\/www.fica.unsl.edu.ar\\\/#\\\/schema\\\/person\\\/6058f9c66301868d3a691b1f5d6c3544\"},\"headline\":\"PRINUAR: Cierre escalonado de la convocatoria a partir del 27 de mayo.\",\"datePublished\":\"2023-05-15T12:45:11+00:00\",\"dateModified\":\"2023-06-02T11:57:13+00:00\",\"mainEntityOfPage\":{\"@id\":\"https:\\\/\\\/www.fica.unsl.edu.ar\\\/index.php\\\/prinuar-hasta-el-31-de-mayo-continua-abierta-la-convocatoria-para-la-categorizacion-de-investigadores-as\\\/\"},\"wordCount\":187,\"publisher\":{\"@id\":\"https:\\\/\\\/www.fica.unsl.edu.ar\\\/#organization\"},\"image\":{\"@id\":\"https:\\\/\\\/www.fica.unsl.edu.ar\\\/index.php\\\/prinuar-hasta-el-31-de-mayo-continua-abierta-la-convocatoria-para-la-categorizacion-de-investigadores-as\\\/#primaryimage\"},\"thumbnailUrl\":\"https:\\\/\\\/www.fica.unsl.edu.ar\\\/wp-content\\\/uploads\\\/2023\\\/05\\\/prinuar-front.jpg\",\"articleSection\":[\"Noticias\"],\"inLanguage\":\"es-AR\"},{\"@type\":\"WebPage\",\"@id\":\"https:\\\/\\\/www.fica.unsl.edu.ar\\\/index.php\\\/prinuar-hasta-el-31-de-mayo-continua-abierta-la-convocatoria-para-la-categorizacion-de-investigadores-as\\\/\",\"url\":\"https:\\\/\\\/www.fica.unsl.edu.ar\\\/index.php\\\/prinuar-hasta-el-31-de-mayo-continua-abierta-la-convocatoria-para-la-categorizacion-de-investigadores-as\\\/\",\"name\":\"PRINUAR: Cierre escalonado de la convocatoria a partir del 27 de mayo. - Facultad de Ingenier\u00eda y Ciencias Agropecuarias\",\"isPartOf\":{\"@id\":\"https:\\\/\\\/www.fica.unsl.edu.ar\\\/#website\"},\"primaryImageOfPage\":{\"@id\":\"https:\\\/\\\/www.fica.unsl.edu.ar\\\/index.php\\\/prinuar-hasta-el-31-de-mayo-continua-abierta-la-convocatoria-para-la-categorizacion-de-investigadores-as\\\/#primaryimage\"},\"image\":{\"@id\":\"https:\\\/\\\/www.fica.unsl.edu.ar\\\/index.php\\\/prinuar-hasta-el-31-de-mayo-continua-abierta-la-convocatoria-para-la-categorizacion-de-investigadores-as\\\/#primaryimage\"},\"thumbnailUrl\":\"https:\\\/\\\/www.fica.unsl.edu.ar\\\/wp-content\\\/uploads\\\/2023\\\/05\\\/prinuar-front.jpg\",\"datePublished\":\"2023-05-15T12:45:11+00:00\",\"dateModified\":\"2023-06-02T11:57:13+00:00\",\"inLanguage\":\"es-AR\",\"potentialAction\":[{\"@type\":\"ReadAction\",\"target\":[\"https:\\\/\\\/www.fica.unsl.edu.ar\\\/index.php\\\/prinuar-hasta-el-31-de-mayo-continua-abierta-la-convocatoria-para-la-categorizacion-de-investigadores-as\\\/\"]}]},{\"@type\":\"ImageObject\",\"inLanguage\":\"es-AR\",\"@id\":\"https:\\\/\\\/www.fica.unsl.edu.ar\\\/index.php\\\/prinuar-hasta-el-31-de-mayo-continua-abierta-la-convocatoria-para-la-categorizacion-de-investigadores-as\\\/#primaryimage\",\"url\":\"https:\\\/\\\/www.fica.unsl.edu.ar\\\/wp-content\\\/uploads\\\/2023\\\/05\\\/prinuar-front.jpg\",\"contentUrl\":\"https:\\\/\\\/www.fica.unsl.edu.ar\\\/wp-content\\\/uploads\\\/2023\\\/05\\\/prinuar-front.jpg\",\"width\":1152,\"height\":647},{\"@type\":\"WebSite\",\"@id\":\"https:\\\/\\\/www.fica.unsl.edu.ar\\\/#website\",\"url\":\"https:\\\/\\\/www.fica.unsl.edu.ar\\\/\",\"name\":\"Facultad de Ingenier\u00eda y Ciencias Agropecuarias\",\"description\":\"\",\"publisher\":{\"@id\":\"https:\\\/\\\/www.fica.unsl.edu.ar\\\/#organization\"},\"potentialAction\":[{\"@type\":\"SearchAction\",\"target\":{\"@type\":\"EntryPoint\",\"urlTemplate\":\"https:\\\/\\\/www.fica.unsl.edu.ar\\\/?s={search_term_string}\"},\"query-input\":{\"@type\":\"PropertyValueSpecification\",\"valueRequired\":true,\"valueName\":\"search_term_string\"}}],\"inLanguage\":\"es-AR\"},{\"@type\":\"Organization\",\"@id\":\"https:\\\/\\\/www.fica.unsl.edu.ar\\\/#organization\",\"name\":\"Facultad de Ingenier\u00eda y Ciencias Agropecuarias\",\"url\":\"https:\\\/\\\/www.fica.unsl.edu.ar\\\/\",\"logo\":{\"@type\":\"ImageObject\",\"inLanguage\":\"es-AR\",\"@id\":\"https:\\\/\\\/www.fica.unsl.edu.ar\\\/#\\\/schema\\\/logo\\\/image\\\/\",\"url\":\"https:\\\/\\\/www.fica.unsl.edu.ar\\\/wp-content\\\/uploads\\\/2021\\\/03\\\/LOGO-1.jpg\",\"contentUrl\":\"https:\\\/\\\/www.fica.unsl.edu.ar\\\/wp-content\\\/uploads\\\/2021\\\/03\\\/LOGO-1.jpg\",\"width\":463,\"height\":145,\"caption\":\"Facultad de Ingenier\u00eda y Ciencias Agropecuarias\"},\"image\":{\"@id\":\"https:\\\/\\\/www.fica.unsl.edu.ar\\\/#\\\/schema\\\/logo\\\/image\\\/\"},\"sameAs\":[\"https:\\\/\\\/www.facebook.com\\\/FICA.UNSL\\\/\",\"https:\\\/\\\/x.com\\\/FICAUNSL\",\"https:\\\/\\\/www.instagram.com\\\/fica.unsl\\\/\",\"https:\\\/\\\/www.youtube.com\\\/channel\\\/UCs2MM53gb2PyBrMySdtWZDQ\"]},{\"@type\":\"Person\",\"@id\":\"https:\\\/\\\/www.fica.unsl.edu.ar\\\/#\\\/schema\\\/person\\\/6058f9c66301868d3a691b1f5d6c3544\",\"name\":\"DATI\"}]}<\/script>\n<!-- \/ Yoast SEO plugin. -->","yoast_head_json":{"title":"PRINUAR: Cierre escalonado de la convocatoria a partir del 27 de mayo. - Facultad de Ingenier\u00eda y Ciencias Agropecuarias","robots":{"index":"index","follow":"follow","max-snippet":"max-snippet:-1","max-image-preview":"max-image-preview:large","max-video-preview":"max-video-preview:-1"},"canonical":"https:\/\/www.fica.unsl.edu.ar\/index.php\/prinuar-hasta-el-31-de-mayo-continua-abierta-la-convocatoria-para-la-categorizacion-de-investigadores-as\/","og_locale":"es_ES","og_type":"article","og_title":"PRINUAR: Cierre escalonado de la convocatoria a partir del 27 de mayo. - Facultad de Ingenier\u00eda y Ciencias Agropecuarias","og_description":"La\u00a0Secretar\u00eda de Investigaci\u00f3n y Posgrado\u00a0recuerda que hasta el\u00a031 de mayo\u00a0se encuentra abierta la\u00a0convocatoria\u00a0a categorizaci\u00f3n de los\/as docentes\/investigadores\/as para ingresar o permanecer en el\u00a0Sistema Nacional Cient\u00edfico&hellip;","og_url":"https:\/\/www.fica.unsl.edu.ar\/index.php\/prinuar-hasta-el-31-de-mayo-continua-abierta-la-convocatoria-para-la-categorizacion-de-investigadores-as\/","og_site_name":"Facultad de Ingenier\u00eda y Ciencias Agropecuarias","article_publisher":"https:\/\/www.facebook.com\/FICA.UNSL\/","article_published_time":"2023-05-15T12:45:11+00:00","article_modified_time":"2023-06-02T11:57:13+00:00","og_image":[{"width":1152,"height":647,"url":"https:\/\/www.fica.unsl.edu.ar\/wp-content\/uploads\/2023\/05\/prinuar-front.jpg","type":"image\/jpeg"}],"author":"DATI","twitter_card":"summary_large_image","twitter_creator":"@FICAUNSL","twitter_site":"@FICAUNSL","twitter_misc":{"Escrito por":"DATI","Tiempo de lectura":"1 minuto"},"schema":{"@context":"https:\/\/schema.org","@graph":[{"@type":"Article","@id":"https:\/\/www.fica.unsl.edu.ar\/index.php\/prinuar-hasta-el-31-de-mayo-continua-abierta-la-convocatoria-para-la-categorizacion-de-investigadores-as\/#article","isPartOf":{"@id":"https:\/\/www.fica.unsl.edu.ar\/index.php\/prinuar-hasta-el-31-de-mayo-continua-abierta-la-convocatoria-para-la-categorizacion-de-investigadores-as\/"},"author":{"name":"DATI","@id":"https:\/\/www.fica.unsl.edu.ar\/#\/schema\/person\/6058f9c66301868d3a691b1f5d6c3544"},"headline":"PRINUAR: Cierre escalonado de la convocatoria a partir del 27 de mayo.","datePublished":"2023-05-15T12:45:11+00:00","dateModified":"2023-06-02T11:57:13+00:00","mainEntityOfPage":{"@id":"https:\/\/www.fica.unsl.edu.ar\/index.php\/prinuar-hasta-el-31-de-mayo-continua-abierta-la-convocatoria-para-la-categorizacion-de-investigadores-as\/"},"wordCount":187,"publisher":{"@id":"https:\/\/www.fica.unsl.edu.ar\/#organization"},"image":{"@id":"https:\/\/www.fica.unsl.edu.ar\/index.php\/prinuar-hasta-el-31-de-mayo-continua-abierta-la-convocatoria-para-la-categorizacion-de-investigadores-as\/#primaryimage"},"thumbnailUrl":"https:\/\/www.fica.unsl.edu.ar\/wp-content\/uploads\/2023\/05\/prinuar-front.jpg","articleSection":["Noticias"],"inLanguage":"es-AR"},{"@type":"WebPage","@id":"https:\/\/www.fica.unsl.edu.ar\/index.php\/prinuar-hasta-el-31-de-mayo-continua-abierta-la-convocatoria-para-la-categorizacion-de-investigadores-as\/","url":"https:\/\/www.fica.unsl.edu.ar\/index.php\/prinuar-hasta-el-31-de-mayo-continua-abierta-la-convocatoria-para-la-categorizacion-de-investigadores-as\/","name":"PRINUAR: Cierre escalonado de la convocatoria a partir del 27 de mayo. - Facultad de Ingenier\u00eda y Ciencias Agropecuarias","isPartOf":{"@id":"https:\/\/www.fica.unsl.edu.ar\/#website"},"primaryImageOfPage":{"@id":"https:\/\/www.fica.unsl.edu.ar\/index.php\/prinuar-hasta-el-31-de-mayo-continua-abierta-la-convocatoria-para-la-categorizacion-de-investigadores-as\/#primaryimage"},"image":{"@id":"https:\/\/www.fica.unsl.edu.ar\/index.php\/prinuar-hasta-el-31-de-mayo-continua-abierta-la-convocatoria-para-la-categorizacion-de-investigadores-as\/#primaryimage"},"thumbnailUrl":"https:\/\/www.fica.unsl.edu.ar\/wp-content\/uploads\/2023\/05\/prinuar-front.jpg","datePublished":"2023-05-15T12:45:11+00:00","dateModified":"2023-06-02T11:57:13+00:00","inLanguage":"es-AR","potentialAction":[{"@type":"ReadAction","target":["https:\/\/www.fica.unsl.edu.ar\/index.php\/prinuar-hasta-el-31-de-mayo-continua-abierta-la-convocatoria-para-la-categorizacion-de-investigadores-as\/"]}]},{"@type":"ImageObject","inLanguage":"es-AR","@id":"https:\/\/www.fica.unsl.edu.ar\/index.php\/prinuar-hasta-el-31-de-mayo-continua-abierta-la-convocatoria-para-la-categorizacion-de-investigadores-as\/#primaryimage","url":"https:\/\/www.fica.unsl.edu.ar\/wp-content\/uploads\/2023\/05\/prinuar-front.jpg","contentUrl":"https:\/\/www.fica.unsl.edu.ar\/wp-content\/uploads\/2023\/05\/prinuar-front.jpg","width":1152,"height":647},{"@type":"WebSite","@id":"https:\/\/www.fica.unsl.edu.ar\/#website","url":"https:\/\/www.fica.unsl.edu.ar\/","name":"Facultad de Ingenier\u00eda y Ciencias Agropecuarias","description":"","publisher":{"@id":"https:\/\/www.fica.unsl.edu.ar\/#organization"},"potentialAction":[{"@type":"SearchAction","target":{"@type":"EntryPoint","urlTemplate":"https:\/\/www.fica.unsl.edu.ar\/?s={search_term_string}"},"query-input":{"@type":"PropertyValueSpecification","valueRequired":true,"valueName":"search_term_string"}}],"inLanguage":"es-AR"},{"@type":"Organization","@id":"https:\/\/www.fica.unsl.edu.ar\/#organization","name":"Facultad de Ingenier\u00eda y Ciencias Agropecuarias","url":"https:\/\/www.fica.unsl.edu.ar\/","logo":{"@type":"ImageObject","inLanguage":"es-AR","@id":"https:\/\/www.fica.unsl.edu.ar\/#\/schema\/logo\/image\/","url":"https:\/\/www.fica.unsl.edu.ar\/wp-content\/uploads\/2021\/03\/LOGO-1.jpg","contentUrl":"https:\/\/www.fica.unsl.edu.ar\/wp-content\/uploads\/2021\/03\/LOGO-1.jpg","width":463,"height":145,"caption":"Facultad de Ingenier\u00eda y Ciencias Agropecuarias"},"image":{"@id":"https:\/\/www.fica.unsl.edu.ar\/#\/schema\/logo\/image\/"},"sameAs":["https:\/\/www.facebook.com\/FICA.UNSL\/","https:\/\/x.com\/FICAUNSL","https:\/\/www.instagram.com\/fica.unsl\/","https:\/\/www.youtube.com\/channel\/UCs2MM53gb2PyBrMySdtWZDQ"]},{"@type":"Person","@id":"https:\/\/www.fica.unsl.edu.ar\/#\/schema\/person\/6058f9c66301868d3a691b1f5d6c3544","name":"DATI"}]}},"_links":{"self":[{"href":"https:\/\/www.fica.unsl.edu.ar\/index.php\/wp-json\/wp\/v2\/posts\/13268","targetHints":{"allow":["GET"]}}],"collection":[{"href":"https:\/\/www.fica.unsl.edu.ar\/index.php\/wp-json\/wp\/v2\/posts"}],"about":[{"href":"https:\/\/www.fica.unsl.edu.ar\/index.php\/wp-json\/wp\/v2\/types\/post"}],"author":[{"embeddable":true,"href":"https:\/\/www.fica.unsl.edu.ar\/index.php\/wp-json\/wp\/v2\/users\/9"}],"replies":[{"embeddable":true,"href":"https:\/\/www.fica.unsl.edu.ar\/index.php\/wp-json\/wp\/v2\/comments?post=13268"}],"version-history":[{"count":6,"href":"https:\/\/www.fica.unsl.edu.ar\/index.php\/wp-json\/wp\/v2\/posts\/13268\/revisions"}],"predecessor-version":[{"id":13275,"href":"https:\/\/www.fica.unsl.edu.ar\/index.php\/wp-json\/wp\/v2\/posts\/13268\/revisions\/13275"}],"wp:featuredmedia":[{"embeddable":true,"href":"https:\/\/www.fica.unsl.edu.ar\/index.php\/wp-json\/wp\/v2\/media\/13269"}],"wp:attachment":[{"href":"https:\/\/www.fica.unsl.edu.ar\/index.php\/wp-json\/wp\/v2\/media?parent=13268"}],"wp:term":[{"taxonomy":"category","embeddable":true,"href":"https:\/\/www.fica.unsl.edu.ar\/index.php\/wp-json\/wp\/v2\/categories?post=13268"},{"taxonomy":"post_tag","embeddable":true,"href":"https:\/\/www.fica.unsl.edu.ar\/index.php\/wp-json\/wp\/v2\/tags?post=13268"}],"curies":[{"name":"wp","href":"https:\/\/api.w.org\/{rel}","templated":true}]}}