{"id":13308,"date":"2023-05-22T11:57:34","date_gmt":"2023-05-22T14:57:34","guid":{"rendered":"http:\/\/10.101.10.196\/www\/?p=13308"},"modified":"2023-06-02T08:57:06","modified_gmt":"2023-06-02T11:57:06","slug":"el-uso-de-la-electricidad-para-reducir-la-contaminacion-ambiental","status":"publish","type":"post","link":"https:\/\/www.fica.unsl.edu.ar\/index.php\/el-uso-de-la-electricidad-para-reducir-la-contaminacion-ambiental\/","title":{"rendered":"El uso de la electricidad para reducir la contaminaci\u00f3n ambiental"},"content":{"rendered":"<div class=\"entry-thumb ripple\">\n<div class=\"ripple-effect\"><strong>Una de las premisas con las que trabaja el Laboratorio de Control Autom\u00e1tico (LCA) de la UNSL, es la transformaci\u00f3n del uso el\u00e9ctrico para el mejoramiento de la contaminaci\u00f3n ambiental y frenar el calentamiento global. Puntualmente se trabaja en prototipos experimentales de aplicaciones de conversi\u00f3n de energ\u00eda el\u00e9ctrica, energ\u00edas renovables y veh\u00edculos el\u00e9ctricos.<\/strong><\/div>\n<\/div>\n<div class=\"entry-content clearfix\">\n<p>La creaci\u00f3n del Laboratorio de la Facultad de Ingenier\u00eda y Ciencias Agropecuarias (FICA) se hace formalmente en el a\u00f1o 2013. El nombre del Laboratorio vino heredado de a\u00f1os anteriores. En el 1997 se juntan docentes de la carrera Ingenier\u00eda Electricista Electr\u00f3nica de la ex FICES, y forman un grupo que consigui\u00f3 lugar dentro de la Facultad y comenz\u00f3 a realizar proyectos junto con la Universidad Nacional de R\u00edo Cuarto, vinculados al \u00e1rea de energ\u00eda el\u00e9ctrica y de control.<\/p>\n<p>Actualmente el Laboratorio funciona en el segundo piso del Campus Universitario de la FICA y en breve se mudar\u00e1 a un nuevo edificio construido en el predio del campus universitario el cual cuenta con todas las condiciones necesarias para la instalaci\u00f3n de equipamientos, que por su naturaleza necesitan cierta potencia el\u00e9ctrica para poder realizar los ensayos.<img fetchpriority=\"high\" decoding=\"async\" class=\"alignnone wp-image-83090\" src=\"https:\/\/www.noticias.unsl.edu.ar\/wp-content\/uploads\/2023\/05\/230403-Laboratorio-de-Control-Autom%C3%A1tico-Dr.-Federico-Serra-19-de-26.jpg\" alt=\"\" width=\"839\" height=\"472\" \/><\/p>\n<p>Son alrededor de 15 los profesionales que integran el LCA y se dedican a hacer investigaci\u00f3n cient\u00edfica y tecnol\u00f3gica en el \u00e1rea de control, la electr\u00f3nica de potencia y, principalmente, en aplicaciones de conversi\u00f3n de energ\u00eda el\u00e9ctrica, energ\u00edas renovables y veh\u00edculos el\u00e9ctricos. Dentro de las actividades se hace investigaci\u00f3n cient\u00edfica y tecnol\u00f3gica, desarrollo y transferencia de tecnolog\u00eda, y tambi\u00e9n formaci\u00f3n y capacitaci\u00f3n de recursos humanos.<\/p>\n<p>B\u00e1sicamente las aplicaciones que se desarrollan se vinculan con el \u00e1rea de las microrredes y los sistemas de generaci\u00f3n distribuida, pensando principalmente sistemas e\u00f3licos y fotovoltaicos. Tambi\u00e9n se realizan cargadores de bater\u00eda para veh\u00edculos el\u00e9ctricos lo que implica mucha investigaci\u00f3n y desarrollo. En concreto, se realizan prototipos experimentales los cuales con el inter\u00e9s de alguna industria, podr\u00edan desarrollarse en prototipos definitivos.<\/p>\n<p><em>\u00abTodas nuestras aplicaciones tienen que ver con los sistemas de conversi\u00f3n de energ\u00eda el\u00e9ctrica pensando en aquellos sistemas que tienen relevancia en la actualidad, como son aquellos que est\u00e1n relacionados con la sustentabilidad\u00bb<\/em>, explic\u00f3 el Dr. Federico Serra, director del Laboratorio desde su creaci\u00f3n.\u00a0<em>\u00abNuestros objetivos y el para qu\u00e9 hacemos esto, es para mejorar la calidad de energ\u00eda y la eficiencia energ\u00e9tica, mejorar la estabilidad y regular las variables energ\u00e9ticas dentro de los sistemas\u00bb<\/em>, sostuvo.<img decoding=\"async\" class=\"wp-image-83088\" src=\"https:\/\/www.noticias.unsl.edu.ar\/wp-content\/uploads\/2023\/05\/230403-Laboratorio-de-Control-Autom%C3%A1tico-Dr.-Federico-Serra-15-de-26.jpg\" sizes=\"(max-width: 1000px) 100vw, 1000px\" srcset=\"https:\/\/www.noticias.unsl.edu.ar\/wp-content\/uploads\/2023\/05\/230403-Laboratorio-de-Control-Autom\u00e1tico-Dr.-Federico-Serra-15-de-26.jpg 1000w, https:\/\/www.noticias.unsl.edu.ar\/wp-content\/uploads\/2023\/05\/230403-Laboratorio-de-Control-Autom\u00e1tico-Dr.-Federico-Serra-15-de-26-300x169.jpg 300w\" alt=\"\" data-id=\"83088\" data-link=\"https:\/\/www.noticias.unsl.edu.ar\/?attachment_id=83088\" \/><\/p>\n<p><strong>El v\u00ednculo con la sociedad.<\/strong>\u00a0Todo el desarrollo cient\u00edfico del LCA est\u00e1 directamente pensado y desarrollado para la sociedad. Seg\u00fan expresa Serra, los avances cient\u00edficos son necesarios para el desarrollo de la sociedad y cada aporte que realiza un cient\u00edfico contribuye al desarrollo de la sociedad en todos los \u00e1mbitos.<\/p>\n<p><em>\u00abEstamos hablando de energ\u00edas renovables, veh\u00edculos el\u00e9ctricos y creo que cualquier desarrollo que se pueda hacer desde un Laboratorio de Investigaci\u00f3n para mejorar, para avanzar en la tecnolog\u00eda y que estas tecnolog\u00edas se desarrollen, son muy importantes para la sociedad. En nuestro caso para reducir la contaminaci\u00f3n ambiental, frenar el calentamiento global, y creo que la relaci\u00f3n es directa en ese sentido, pero tambi\u00e9n hay que mirar otros puntos como el desarrollo de los recursos humanos, la difusi\u00f3n y la divulgaci\u00f3n de estas tem\u00e1ticas. Nosotros hacemos mucha divulgaci\u00f3n de los temas que hacemos\u00bb<\/em>, dijo.<\/p>\n<p>A\u00f1adi\u00f3 que los profesionales siempre est\u00e1n predispuestos, pese a sus carreras cient\u00edficas, a salir a escuelas secundarias, a hablar de energ\u00eda en \u00e1mbitos que no son t\u00e9cnicos, a acompa\u00f1ar la promoci\u00f3n de carreras de la FICA, y a participar de eventos que se hacen en la ciudad de Villa Mercedes o en la Provincia, mostrando los desarrollos que se ejecutan.\u00a0<em>\u00abTenemos prototipos de bicicletas el\u00e9ctricas y cargadores de bater\u00edas para esas bicicletas, para mostrarle a la sociedad c\u00f3mo se utilizan y por qu\u00e9 son importantes\u00bb<\/em>, concluy\u00f3.<\/p>\n<p><img decoding=\"async\" src=\"https:\/\/scontent.faep6-1.fna.fbcdn.net\/v\/t39.30808-6\/348591157_643459693899332_1703627252829382765_n.jpg?_nc_cat=106&amp;cb=99be929b-3346023f&amp;ccb=1-7&amp;_nc_sid=730e14&amp;_nc_eui2=AeH1G00hzs7zXNZv_D8EF-7TIhv0EYmcslIiG_QRiZyyUj4atf6bvtmXLeaknXPcIIg&amp;_nc_ohc=O7jQzVV5gEsAX9naqab&amp;_nc_ht=scontent.faep6-1.fna&amp;oh=00_AfBBl6PB1_77tPIQrpDqf1WtvAdWWT9qcYLBD5SFNqkTsw&amp;oe=64708BFA\" \/><\/p>\n<p><strong>Dato<\/strong><\/p>\n<p>El LCA comparte actividades cient\u00edficas y colaboraciones acad\u00e9micas con universidades e institutos extranjeros de Espa\u00f1a, Colombia y Estados Unidos. En Argentina est\u00e1n estrechamente vinculados con el Instituto de Investigaciones en Tecnolog\u00edas Energ\u00e9ticas y Materiales Avanzados (IITEMA) de doble dependencia Conicet\/Universidad Nacional de R\u00edo Cuarto, y con el Instituto Tecnol\u00f3gico Buenos Aires (ITBA) a trav\u00e9s del Centro de Investigaci\u00f3n y Desarrollo en Electr\u00f3nica Industrial (CIDEI).<\/p>\n<p><em>\u00abEl LCA ha logrado resultados muy relevantes. Ha crecido exponencialmente en pocos a\u00f1os. Se ha logrado tener un volumen de proyectos, publicaciones, colaboraciones con universidades extranjeras que en el \u00e1rea nuestra son grupos de los m\u00e1s relevantes del mundo y no solo este trabajo va desde la colaboraci\u00f3n que tenemos con ellos, sino que estos grupos se han mostrado interesados en hacer colaboraciones con nosotros (\u2026) Es un Laboratorio que continuar\u00e1 creciendo y que cada vez tiene profesionales form\u00e1ndose\u00bb<\/em>, concluy\u00f3 el Director.<\/p>\n<\/div>\n<p><strong>Fuente: Prensa Rectorado<\/strong><\/p>\n","protected":false},"excerpt":{"rendered":"<p>Una de las premisas con las que trabaja el Laboratorio de Control Autom\u00e1tico (LCA) de la UNSL, es la transformaci\u00f3n del uso el\u00e9ctrico para el&hellip;<\/p>\n","protected":false},"author":9,"featured_media":13309,"comment_status":"closed","ping_status":"closed","sticky":false,"template":"","format":"standard","meta":{"_monsterinsights_skip_tracking":false,"_monsterinsights_sitenote_active":false,"_monsterinsights_sitenote_note":"","_monsterinsights_sitenote_category":0,"_joinchat":[],"footnotes":""},"categories":[19],"tags":[],"class_list":["post-13308","post","type-post","status-publish","format-standard","has-post-thumbnail","hentry","category-noticias"],"yoast_head":"<!-- This site is optimized with the Yoast SEO plugin v27.4 - https:\/\/yoast.com\/product\/yoast-seo-wordpress\/ -->\n<title>El uso de la electricidad para reducir la contaminaci\u00f3n ambiental - Facultad de Ingenier\u00eda y Ciencias Agropecuarias<\/title>\n<meta name=\"robots\" content=\"index, follow, max-snippet:-1, max-image-preview:large, max-video-preview:-1\" \/>\n<link rel=\"canonical\" href=\"https:\/\/www.fica.unsl.edu.ar\/index.php\/el-uso-de-la-electricidad-para-reducir-la-contaminacion-ambiental\/\" \/>\n<meta property=\"og:locale\" content=\"es_ES\" \/>\n<meta property=\"og:type\" content=\"article\" \/>\n<meta property=\"og:title\" content=\"El uso de la electricidad para reducir la contaminaci\u00f3n ambiental - Facultad de Ingenier\u00eda y Ciencias Agropecuarias\" \/>\n<meta property=\"og:description\" content=\"Una de las premisas con las que trabaja el Laboratorio de Control Autom\u00e1tico (LCA) de la UNSL, es la transformaci\u00f3n del uso el\u00e9ctrico para el&hellip;\" \/>\n<meta property=\"og:url\" content=\"https:\/\/www.fica.unsl.edu.ar\/index.php\/el-uso-de-la-electricidad-para-reducir-la-contaminacion-ambiental\/\" \/>\n<meta property=\"og:site_name\" content=\"Facultad de Ingenier\u00eda y Ciencias Agropecuarias\" \/>\n<meta property=\"article:publisher\" content=\"https:\/\/www.facebook.com\/FICA.UNSL\/\" \/>\n<meta property=\"article:published_time\" content=\"2023-05-22T14:57:34+00:00\" \/>\n<meta property=\"article:modified_time\" content=\"2023-06-02T11:57:06+00:00\" \/>\n<meta property=\"og:image\" content=\"https:\/\/www.fica.unsl.edu.ar\/wp-content\/uploads\/2023\/05\/nota-rectorado.jpg\" \/>\n\t<meta property=\"og:image:width\" content=\"1061\" \/>\n\t<meta property=\"og:image:height\" content=\"585\" \/>\n\t<meta property=\"og:image:type\" content=\"image\/jpeg\" \/>\n<meta name=\"author\" content=\"DATI\" \/>\n<meta name=\"twitter:card\" content=\"summary_large_image\" \/>\n<meta name=\"twitter:creator\" content=\"@FICAUNSL\" \/>\n<meta name=\"twitter:site\" content=\"@FICAUNSL\" \/>\n<meta name=\"twitter:label1\" content=\"Escrito por\" \/>\n\t<meta name=\"twitter:data1\" content=\"DATI\" \/>\n\t<meta name=\"twitter:label2\" content=\"Tiempo de lectura\" \/>\n\t<meta name=\"twitter:data2\" content=\"5 minutos\" \/>\n<script type=\"application\/ld+json\" class=\"yoast-schema-graph\">{\"@context\":\"https:\\\/\\\/schema.org\",\"@graph\":[{\"@type\":\"Article\",\"@id\":\"https:\\\/\\\/www.fica.unsl.edu.ar\\\/index.php\\\/el-uso-de-la-electricidad-para-reducir-la-contaminacion-ambiental\\\/#article\",\"isPartOf\":{\"@id\":\"https:\\\/\\\/www.fica.unsl.edu.ar\\\/index.php\\\/el-uso-de-la-electricidad-para-reducir-la-contaminacion-ambiental\\\/\"},\"author\":{\"name\":\"DATI\",\"@id\":\"https:\\\/\\\/www.fica.unsl.edu.ar\\\/#\\\/schema\\\/person\\\/6058f9c66301868d3a691b1f5d6c3544\"},\"headline\":\"El uso de la electricidad para reducir la contaminaci\u00f3n ambiental\",\"datePublished\":\"2023-05-22T14:57:34+00:00\",\"dateModified\":\"2023-06-02T11:57:06+00:00\",\"mainEntityOfPage\":{\"@id\":\"https:\\\/\\\/www.fica.unsl.edu.ar\\\/index.php\\\/el-uso-de-la-electricidad-para-reducir-la-contaminacion-ambiental\\\/\"},\"wordCount\":876,\"publisher\":{\"@id\":\"https:\\\/\\\/www.fica.unsl.edu.ar\\\/#organization\"},\"image\":{\"@id\":\"https:\\\/\\\/www.fica.unsl.edu.ar\\\/index.php\\\/el-uso-de-la-electricidad-para-reducir-la-contaminacion-ambiental\\\/#primaryimage\"},\"thumbnailUrl\":\"https:\\\/\\\/www.fica.unsl.edu.ar\\\/wp-content\\\/uploads\\\/2023\\\/05\\\/nota-rectorado.jpg\",\"articleSection\":[\"Noticias\"],\"inLanguage\":\"es-AR\"},{\"@type\":\"WebPage\",\"@id\":\"https:\\\/\\\/www.fica.unsl.edu.ar\\\/index.php\\\/el-uso-de-la-electricidad-para-reducir-la-contaminacion-ambiental\\\/\",\"url\":\"https:\\\/\\\/www.fica.unsl.edu.ar\\\/index.php\\\/el-uso-de-la-electricidad-para-reducir-la-contaminacion-ambiental\\\/\",\"name\":\"El uso de la electricidad para reducir la contaminaci\u00f3n ambiental - Facultad de Ingenier\u00eda y Ciencias Agropecuarias\",\"isPartOf\":{\"@id\":\"https:\\\/\\\/www.fica.unsl.edu.ar\\\/#website\"},\"primaryImageOfPage\":{\"@id\":\"https:\\\/\\\/www.fica.unsl.edu.ar\\\/index.php\\\/el-uso-de-la-electricidad-para-reducir-la-contaminacion-ambiental\\\/#primaryimage\"},\"image\":{\"@id\":\"https:\\\/\\\/www.fica.unsl.edu.ar\\\/index.php\\\/el-uso-de-la-electricidad-para-reducir-la-contaminacion-ambiental\\\/#primaryimage\"},\"thumbnailUrl\":\"https:\\\/\\\/www.fica.unsl.edu.ar\\\/wp-content\\\/uploads\\\/2023\\\/05\\\/nota-rectorado.jpg\",\"datePublished\":\"2023-05-22T14:57:34+00:00\",\"dateModified\":\"2023-06-02T11:57:06+00:00\",\"inLanguage\":\"es-AR\",\"potentialAction\":[{\"@type\":\"ReadAction\",\"target\":[\"https:\\\/\\\/www.fica.unsl.edu.ar\\\/index.php\\\/el-uso-de-la-electricidad-para-reducir-la-contaminacion-ambiental\\\/\"]}]},{\"@type\":\"ImageObject\",\"inLanguage\":\"es-AR\",\"@id\":\"https:\\\/\\\/www.fica.unsl.edu.ar\\\/index.php\\\/el-uso-de-la-electricidad-para-reducir-la-contaminacion-ambiental\\\/#primaryimage\",\"url\":\"https:\\\/\\\/www.fica.unsl.edu.ar\\\/wp-content\\\/uploads\\\/2023\\\/05\\\/nota-rectorado.jpg\",\"contentUrl\":\"https:\\\/\\\/www.fica.unsl.edu.ar\\\/wp-content\\\/uploads\\\/2023\\\/05\\\/nota-rectorado.jpg\",\"width\":1061,\"height\":585},{\"@type\":\"WebSite\",\"@id\":\"https:\\\/\\\/www.fica.unsl.edu.ar\\\/#website\",\"url\":\"https:\\\/\\\/www.fica.unsl.edu.ar\\\/\",\"name\":\"Facultad de Ingenier\u00eda y Ciencias Agropecuarias\",\"description\":\"\",\"publisher\":{\"@id\":\"https:\\\/\\\/www.fica.unsl.edu.ar\\\/#organization\"},\"potentialAction\":[{\"@type\":\"SearchAction\",\"target\":{\"@type\":\"EntryPoint\",\"urlTemplate\":\"https:\\\/\\\/www.fica.unsl.edu.ar\\\/?s={search_term_string}\"},\"query-input\":{\"@type\":\"PropertyValueSpecification\",\"valueRequired\":true,\"valueName\":\"search_term_string\"}}],\"inLanguage\":\"es-AR\"},{\"@type\":\"Organization\",\"@id\":\"https:\\\/\\\/www.fica.unsl.edu.ar\\\/#organization\",\"name\":\"Facultad de Ingenier\u00eda y Ciencias Agropecuarias\",\"url\":\"https:\\\/\\\/www.fica.unsl.edu.ar\\\/\",\"logo\":{\"@type\":\"ImageObject\",\"inLanguage\":\"es-AR\",\"@id\":\"https:\\\/\\\/www.fica.unsl.edu.ar\\\/#\\\/schema\\\/logo\\\/image\\\/\",\"url\":\"https:\\\/\\\/www.fica.unsl.edu.ar\\\/wp-content\\\/uploads\\\/2021\\\/03\\\/LOGO-1.jpg\",\"contentUrl\":\"https:\\\/\\\/www.fica.unsl.edu.ar\\\/wp-content\\\/uploads\\\/2021\\\/03\\\/LOGO-1.jpg\",\"width\":463,\"height\":145,\"caption\":\"Facultad de Ingenier\u00eda y Ciencias Agropecuarias\"},\"image\":{\"@id\":\"https:\\\/\\\/www.fica.unsl.edu.ar\\\/#\\\/schema\\\/logo\\\/image\\\/\"},\"sameAs\":[\"https:\\\/\\\/www.facebook.com\\\/FICA.UNSL\\\/\",\"https:\\\/\\\/x.com\\\/FICAUNSL\",\"https:\\\/\\\/www.instagram.com\\\/fica.unsl\\\/\",\"https:\\\/\\\/www.youtube.com\\\/channel\\\/UCs2MM53gb2PyBrMySdtWZDQ\"]},{\"@type\":\"Person\",\"@id\":\"https:\\\/\\\/www.fica.unsl.edu.ar\\\/#\\\/schema\\\/person\\\/6058f9c66301868d3a691b1f5d6c3544\",\"name\":\"DATI\"}]}<\/script>\n<!-- \/ Yoast SEO plugin. -->","yoast_head_json":{"title":"El uso de la electricidad para reducir la contaminaci\u00f3n ambiental - Facultad de Ingenier\u00eda y Ciencias Agropecuarias","robots":{"index":"index","follow":"follow","max-snippet":"max-snippet:-1","max-image-preview":"max-image-preview:large","max-video-preview":"max-video-preview:-1"},"canonical":"https:\/\/www.fica.unsl.edu.ar\/index.php\/el-uso-de-la-electricidad-para-reducir-la-contaminacion-ambiental\/","og_locale":"es_ES","og_type":"article","og_title":"El uso de la electricidad para reducir la contaminaci\u00f3n ambiental - Facultad de Ingenier\u00eda y Ciencias Agropecuarias","og_description":"Una de las premisas con las que trabaja el Laboratorio de Control Autom\u00e1tico (LCA) de la UNSL, es la transformaci\u00f3n del uso el\u00e9ctrico para el&hellip;","og_url":"https:\/\/www.fica.unsl.edu.ar\/index.php\/el-uso-de-la-electricidad-para-reducir-la-contaminacion-ambiental\/","og_site_name":"Facultad de Ingenier\u00eda y Ciencias Agropecuarias","article_publisher":"https:\/\/www.facebook.com\/FICA.UNSL\/","article_published_time":"2023-05-22T14:57:34+00:00","article_modified_time":"2023-06-02T11:57:06+00:00","og_image":[{"width":1061,"height":585,"url":"https:\/\/www.fica.unsl.edu.ar\/wp-content\/uploads\/2023\/05\/nota-rectorado.jpg","type":"image\/jpeg"}],"author":"DATI","twitter_card":"summary_large_image","twitter_creator":"@FICAUNSL","twitter_site":"@FICAUNSL","twitter_misc":{"Escrito por":"DATI","Tiempo de lectura":"5 minutos"},"schema":{"@context":"https:\/\/schema.org","@graph":[{"@type":"Article","@id":"https:\/\/www.fica.unsl.edu.ar\/index.php\/el-uso-de-la-electricidad-para-reducir-la-contaminacion-ambiental\/#article","isPartOf":{"@id":"https:\/\/www.fica.unsl.edu.ar\/index.php\/el-uso-de-la-electricidad-para-reducir-la-contaminacion-ambiental\/"},"author":{"name":"DATI","@id":"https:\/\/www.fica.unsl.edu.ar\/#\/schema\/person\/6058f9c66301868d3a691b1f5d6c3544"},"headline":"El uso de la electricidad para reducir la contaminaci\u00f3n ambiental","datePublished":"2023-05-22T14:57:34+00:00","dateModified":"2023-06-02T11:57:06+00:00","mainEntityOfPage":{"@id":"https:\/\/www.fica.unsl.edu.ar\/index.php\/el-uso-de-la-electricidad-para-reducir-la-contaminacion-ambiental\/"},"wordCount":876,"publisher":{"@id":"https:\/\/www.fica.unsl.edu.ar\/#organization"},"image":{"@id":"https:\/\/www.fica.unsl.edu.ar\/index.php\/el-uso-de-la-electricidad-para-reducir-la-contaminacion-ambiental\/#primaryimage"},"thumbnailUrl":"https:\/\/www.fica.unsl.edu.ar\/wp-content\/uploads\/2023\/05\/nota-rectorado.jpg","articleSection":["Noticias"],"inLanguage":"es-AR"},{"@type":"WebPage","@id":"https:\/\/www.fica.unsl.edu.ar\/index.php\/el-uso-de-la-electricidad-para-reducir-la-contaminacion-ambiental\/","url":"https:\/\/www.fica.unsl.edu.ar\/index.php\/el-uso-de-la-electricidad-para-reducir-la-contaminacion-ambiental\/","name":"El uso de la electricidad para reducir la contaminaci\u00f3n ambiental - Facultad de Ingenier\u00eda y Ciencias Agropecuarias","isPartOf":{"@id":"https:\/\/www.fica.unsl.edu.ar\/#website"},"primaryImageOfPage":{"@id":"https:\/\/www.fica.unsl.edu.ar\/index.php\/el-uso-de-la-electricidad-para-reducir-la-contaminacion-ambiental\/#primaryimage"},"image":{"@id":"https:\/\/www.fica.unsl.edu.ar\/index.php\/el-uso-de-la-electricidad-para-reducir-la-contaminacion-ambiental\/#primaryimage"},"thumbnailUrl":"https:\/\/www.fica.unsl.edu.ar\/wp-content\/uploads\/2023\/05\/nota-rectorado.jpg","datePublished":"2023-05-22T14:57:34+00:00","dateModified":"2023-06-02T11:57:06+00:00","inLanguage":"es-AR","potentialAction":[{"@type":"ReadAction","target":["https:\/\/www.fica.unsl.edu.ar\/index.php\/el-uso-de-la-electricidad-para-reducir-la-contaminacion-ambiental\/"]}]},{"@type":"ImageObject","inLanguage":"es-AR","@id":"https:\/\/www.fica.unsl.edu.ar\/index.php\/el-uso-de-la-electricidad-para-reducir-la-contaminacion-ambiental\/#primaryimage","url":"https:\/\/www.fica.unsl.edu.ar\/wp-content\/uploads\/2023\/05\/nota-rectorado.jpg","contentUrl":"https:\/\/www.fica.unsl.edu.ar\/wp-content\/uploads\/2023\/05\/nota-rectorado.jpg","width":1061,"height":585},{"@type":"WebSite","@id":"https:\/\/www.fica.unsl.edu.ar\/#website","url":"https:\/\/www.fica.unsl.edu.ar\/","name":"Facultad de Ingenier\u00eda y Ciencias Agropecuarias","description":"","publisher":{"@id":"https:\/\/www.fica.unsl.edu.ar\/#organization"},"potentialAction":[{"@type":"SearchAction","target":{"@type":"EntryPoint","urlTemplate":"https:\/\/www.fica.unsl.edu.ar\/?s={search_term_string}"},"query-input":{"@type":"PropertyValueSpecification","valueRequired":true,"valueName":"search_term_string"}}],"inLanguage":"es-AR"},{"@type":"Organization","@id":"https:\/\/www.fica.unsl.edu.ar\/#organization","name":"Facultad de Ingenier\u00eda y Ciencias Agropecuarias","url":"https:\/\/www.fica.unsl.edu.ar\/","logo":{"@type":"ImageObject","inLanguage":"es-AR","@id":"https:\/\/www.fica.unsl.edu.ar\/#\/schema\/logo\/image\/","url":"https:\/\/www.fica.unsl.edu.ar\/wp-content\/uploads\/2021\/03\/LOGO-1.jpg","contentUrl":"https:\/\/www.fica.unsl.edu.ar\/wp-content\/uploads\/2021\/03\/LOGO-1.jpg","width":463,"height":145,"caption":"Facultad de Ingenier\u00eda y Ciencias Agropecuarias"},"image":{"@id":"https:\/\/www.fica.unsl.edu.ar\/#\/schema\/logo\/image\/"},"sameAs":["https:\/\/www.facebook.com\/FICA.UNSL\/","https:\/\/x.com\/FICAUNSL","https:\/\/www.instagram.com\/fica.unsl\/","https:\/\/www.youtube.com\/channel\/UCs2MM53gb2PyBrMySdtWZDQ"]},{"@type":"Person","@id":"https:\/\/www.fica.unsl.edu.ar\/#\/schema\/person\/6058f9c66301868d3a691b1f5d6c3544","name":"DATI"}]}},"_links":{"self":[{"href":"https:\/\/www.fica.unsl.edu.ar\/index.php\/wp-json\/wp\/v2\/posts\/13308","targetHints":{"allow":["GET"]}}],"collection":[{"href":"https:\/\/www.fica.unsl.edu.ar\/index.php\/wp-json\/wp\/v2\/posts"}],"about":[{"href":"https:\/\/www.fica.unsl.edu.ar\/index.php\/wp-json\/wp\/v2\/types\/post"}],"author":[{"embeddable":true,"href":"https:\/\/www.fica.unsl.edu.ar\/index.php\/wp-json\/wp\/v2\/users\/9"}],"replies":[{"embeddable":true,"href":"https:\/\/www.fica.unsl.edu.ar\/index.php\/wp-json\/wp\/v2\/comments?post=13308"}],"version-history":[{"count":3,"href":"https:\/\/www.fica.unsl.edu.ar\/index.php\/wp-json\/wp\/v2\/posts\/13308\/revisions"}],"predecessor-version":[{"id":13338,"href":"https:\/\/www.fica.unsl.edu.ar\/index.php\/wp-json\/wp\/v2\/posts\/13308\/revisions\/13338"}],"wp:featuredmedia":[{"embeddable":true,"href":"https:\/\/www.fica.unsl.edu.ar\/index.php\/wp-json\/wp\/v2\/media\/13309"}],"wp:attachment":[{"href":"https:\/\/www.fica.unsl.edu.ar\/index.php\/wp-json\/wp\/v2\/media?parent=13308"}],"wp:term":[{"taxonomy":"category","embeddable":true,"href":"https:\/\/www.fica.unsl.edu.ar\/index.php\/wp-json\/wp\/v2\/categories?post=13308"},{"taxonomy":"post_tag","embeddable":true,"href":"https:\/\/www.fica.unsl.edu.ar\/index.php\/wp-json\/wp\/v2\/tags?post=13308"}],"curies":[{"name":"wp","href":"https:\/\/api.w.org\/{rel}","templated":true}]}}