{"id":13377,"date":"2023-06-02T00:55:34","date_gmt":"2023-06-02T03:55:34","guid":{"rendered":"http:\/\/10.101.10.196\/www\/?p=13377"},"modified":"2023-06-12T13:54:44","modified_gmt":"2023-06-12T16:54:44","slug":"5-6-semana-de-la-ingenieria-semana-fica-2023","status":"publish","type":"post","link":"https:\/\/www.fica.unsl.edu.ar\/index.php\/5-6-semana-de-la-ingenieria-semana-fica-2023\/","title":{"rendered":"El lunes 5 de junio comienza la <b>\u201cSemana de la Ingenier\u00eda \u2013 Semana FICA 2023\u201d<\/b>"},"content":{"rendered":"<p>En el marco de la conmoraci\u00f3n del D\u00eda de la Ingenier\u00eda Argentina, del <strong>5 al 9 de junio la Facultad llevar\u00e1 a cabo la \u201cSemana de la Ingenier\u00eda \u2013 Semana FICA<\/strong>\u201d <strong>edici\u00f3n 2023<\/strong>. Una semana destinada a la divulgaci\u00f3n sobre desarrollos, estudios, resultados o productos de actividades de extensi\u00f3n, vinculaci\u00f3n, investigaci\u00f3n y docencia realizadas en la FICA, con la finalidad de reunir a toda la comunidad universitaria y p\u00fablico en general.<\/p>\n<p>Cada 6 de junio, en Argentina, se celebra el D\u00eda de la Ingenier\u00eda Argentina en conmemoraci\u00f3n a los 12 primeros ingenieros que se recibieron en la Universidad de Buenos Aires, de los cuales el Ing. Luis Augusto Huergo es el m\u00e1s reconocido.\u00a0Con el objetivo de conmemorar este importante acontecimiento, la FICA desde el 2022 organiza una serie de actividades con el fin de mostrar a la comunidad cu\u00e1l es el rol social de los ingenieros, c\u00f3mo la ingenier\u00eda argentina se refleja en la vida cotidiana y porque no, despertar vocaciones tempranas para que m\u00e1s j\u00f3venes puedan ver a esta profesi\u00f3n como su propio proyecto de vida.<\/p>\n<p>Para el presente a\u00f1o, las jornadas del 5 y 6 de junio se desarrollar\u00e1n en forma conjunta con la Municipalidad de Villa Mercedes, la Universidad Nacional de Villa Mercedes y el Colegio de Ingenieros . Las actividades en conjunto se realizar\u00e1n en la Casa de la Cultura.<\/p>\n<p>El acto de apertura institucional tendr\u00e1 lugar el lunes 5 de junio a las 10 horas, en Casa de la Cultura Urquiza 33. Mientras que las actividades acad\u00e9micas organizada por integrantes de la FICA, comenzar\u00e1n a partir de las 9 horas en el Campus Universitario, con el Taller: \u201cTaller de 5S\u201d y el curso \u201cActualizaci\u00f3n de Organismos Eucariotas Fitopat\u00f3genos\u201d.<\/p>\n<p>En las tres jornadas restantes, la <strong> \u201cSemana de la Ingenier\u00eda \u2013 Semana FICA<\/strong>\u201d continuar\u00e1 en el Campus Universitario con actividades de distinto tipo entre las que se destacan la Exposici\u00f3n de ponencias por parte de docentes investigadores, extensionistas o integrantes de grupos de servicio, tesistas de posgrado o estudiantes avanzados que est\u00e9n realizando su trabajo final, pasant\u00edas o becas y que formar\u00e1n parte de la Revista IdentiFICA N\u00ba 2.<\/p>\n<p>&nbsp;<\/p>\n<h3 style=\"text-align: center;\"><span style=\"color: #333399;\"><strong><a style=\"color: #333399;\" href=\"https:\/\/si.fica.unsl.edu.ar\/index.php\/cronograma\/\" target=\"_blank\" rel=\"noopener\">CRONOGROMA DE ACTIVIDADES<\/a><\/strong><\/span><\/h3>\n","protected":false},"excerpt":{"rendered":"<p>En el marco de la conmoraci\u00f3n del D\u00eda de la Ingenier\u00eda Argentina, del 5 al 9 de junio la Facultad llevar\u00e1 a cabo la \u201cSemana&hellip;<\/p>\n","protected":false},"author":9,"featured_media":13378,"comment_status":"closed","ping_status":"closed","sticky":false,"template":"","format":"standard","meta":{"_monsterinsights_skip_tracking":false,"_monsterinsights_sitenote_active":false,"_monsterinsights_sitenote_note":"","_monsterinsights_sitenote_category":0,"_joinchat":[],"footnotes":""},"categories":[19],"tags":[],"class_list":["post-13377","post","type-post","status-publish","format-standard","has-post-thumbnail","hentry","category-noticias"],"yoast_head":"<!-- This site is optimized with the Yoast SEO plugin v27.4 - https:\/\/yoast.com\/product\/yoast-seo-wordpress\/ -->\n<title>El lunes 5 de junio comienza la \u201cSemana de la Ingenier\u00eda \u2013 Semana FICA 2023\u201d - Facultad de Ingenier\u00eda y Ciencias Agropecuarias<\/title>\n<meta name=\"robots\" content=\"index, follow, max-snippet:-1, max-image-preview:large, max-video-preview:-1\" \/>\n<link rel=\"canonical\" href=\"https:\/\/www.fica.unsl.edu.ar\/index.php\/5-6-semana-de-la-ingenieria-semana-fica-2023\/\" \/>\n<meta property=\"og:locale\" content=\"es_ES\" \/>\n<meta property=\"og:type\" content=\"article\" \/>\n<meta property=\"og:title\" content=\"El lunes 5 de junio comienza la \u201cSemana de la Ingenier\u00eda \u2013 Semana FICA 2023\u201d - Facultad de Ingenier\u00eda y Ciencias Agropecuarias\" \/>\n<meta property=\"og:description\" content=\"En el marco de la conmoraci\u00f3n del D\u00eda de la Ingenier\u00eda Argentina, del 5 al 9 de junio la Facultad llevar\u00e1 a cabo la \u201cSemana&hellip;\" \/>\n<meta property=\"og:url\" content=\"https:\/\/www.fica.unsl.edu.ar\/index.php\/5-6-semana-de-la-ingenieria-semana-fica-2023\/\" \/>\n<meta property=\"og:site_name\" content=\"Facultad de Ingenier\u00eda y Ciencias Agropecuarias\" \/>\n<meta property=\"article:publisher\" content=\"https:\/\/www.facebook.com\/FICA.UNSL\/\" \/>\n<meta property=\"article:published_time\" content=\"2023-06-02T03:55:34+00:00\" \/>\n<meta property=\"article:modified_time\" content=\"2023-06-12T16:54:44+00:00\" \/>\n<meta property=\"og:image\" content=\"https:\/\/www.fica.unsl.edu.ar\/wp-content\/uploads\/2023\/05\/sifica-front.jpg\" \/>\n\t<meta property=\"og:image:width\" content=\"1061\" \/>\n\t<meta property=\"og:image:height\" content=\"585\" \/>\n\t<meta property=\"og:image:type\" content=\"image\/jpeg\" \/>\n<meta name=\"author\" content=\"DATI\" \/>\n<meta name=\"twitter:card\" content=\"summary_large_image\" \/>\n<meta name=\"twitter:creator\" content=\"@FICAUNSL\" \/>\n<meta name=\"twitter:site\" content=\"@FICAUNSL\" \/>\n<meta name=\"twitter:label1\" content=\"Escrito por\" \/>\n\t<meta name=\"twitter:data1\" content=\"DATI\" \/>\n\t<meta name=\"twitter:label2\" content=\"Tiempo de lectura\" \/>\n\t<meta name=\"twitter:data2\" content=\"2 minutos\" \/>\n<script type=\"application\/ld+json\" class=\"yoast-schema-graph\">{\"@context\":\"https:\\\/\\\/schema.org\",\"@graph\":[{\"@type\":\"Article\",\"@id\":\"https:\\\/\\\/www.fica.unsl.edu.ar\\\/index.php\\\/5-6-semana-de-la-ingenieria-semana-fica-2023\\\/#article\",\"isPartOf\":{\"@id\":\"https:\\\/\\\/www.fica.unsl.edu.ar\\\/index.php\\\/5-6-semana-de-la-ingenieria-semana-fica-2023\\\/\"},\"author\":{\"name\":\"DATI\",\"@id\":\"https:\\\/\\\/www.fica.unsl.edu.ar\\\/#\\\/schema\\\/person\\\/6058f9c66301868d3a691b1f5d6c3544\"},\"headline\":\"El lunes 5 de junio comienza la \u201cSemana de la Ingenier\u00eda \u2013 Semana FICA 2023\u201d\",\"datePublished\":\"2023-06-02T03:55:34+00:00\",\"dateModified\":\"2023-06-12T16:54:44+00:00\",\"mainEntityOfPage\":{\"@id\":\"https:\\\/\\\/www.fica.unsl.edu.ar\\\/index.php\\\/5-6-semana-de-la-ingenieria-semana-fica-2023\\\/\"},\"wordCount\":386,\"publisher\":{\"@id\":\"https:\\\/\\\/www.fica.unsl.edu.ar\\\/#organization\"},\"image\":{\"@id\":\"https:\\\/\\\/www.fica.unsl.edu.ar\\\/index.php\\\/5-6-semana-de-la-ingenieria-semana-fica-2023\\\/#primaryimage\"},\"thumbnailUrl\":\"https:\\\/\\\/www.fica.unsl.edu.ar\\\/wp-content\\\/uploads\\\/2023\\\/05\\\/sifica-front.jpg\",\"articleSection\":[\"Noticias\"],\"inLanguage\":\"es-AR\"},{\"@type\":\"WebPage\",\"@id\":\"https:\\\/\\\/www.fica.unsl.edu.ar\\\/index.php\\\/5-6-semana-de-la-ingenieria-semana-fica-2023\\\/\",\"url\":\"https:\\\/\\\/www.fica.unsl.edu.ar\\\/index.php\\\/5-6-semana-de-la-ingenieria-semana-fica-2023\\\/\",\"name\":\"El lunes 5 de junio comienza la \u201cSemana de la Ingenier\u00eda \u2013 Semana FICA 2023\u201d - Facultad de Ingenier\u00eda y Ciencias Agropecuarias\",\"isPartOf\":{\"@id\":\"https:\\\/\\\/www.fica.unsl.edu.ar\\\/#website\"},\"primaryImageOfPage\":{\"@id\":\"https:\\\/\\\/www.fica.unsl.edu.ar\\\/index.php\\\/5-6-semana-de-la-ingenieria-semana-fica-2023\\\/#primaryimage\"},\"image\":{\"@id\":\"https:\\\/\\\/www.fica.unsl.edu.ar\\\/index.php\\\/5-6-semana-de-la-ingenieria-semana-fica-2023\\\/#primaryimage\"},\"thumbnailUrl\":\"https:\\\/\\\/www.fica.unsl.edu.ar\\\/wp-content\\\/uploads\\\/2023\\\/05\\\/sifica-front.jpg\",\"datePublished\":\"2023-06-02T03:55:34+00:00\",\"dateModified\":\"2023-06-12T16:54:44+00:00\",\"inLanguage\":\"es-AR\",\"potentialAction\":[{\"@type\":\"ReadAction\",\"target\":[\"https:\\\/\\\/www.fica.unsl.edu.ar\\\/index.php\\\/5-6-semana-de-la-ingenieria-semana-fica-2023\\\/\"]}]},{\"@type\":\"ImageObject\",\"inLanguage\":\"es-AR\",\"@id\":\"https:\\\/\\\/www.fica.unsl.edu.ar\\\/index.php\\\/5-6-semana-de-la-ingenieria-semana-fica-2023\\\/#primaryimage\",\"url\":\"https:\\\/\\\/www.fica.unsl.edu.ar\\\/wp-content\\\/uploads\\\/2023\\\/05\\\/sifica-front.jpg\",\"contentUrl\":\"https:\\\/\\\/www.fica.unsl.edu.ar\\\/wp-content\\\/uploads\\\/2023\\\/05\\\/sifica-front.jpg\",\"width\":1061,\"height\":585},{\"@type\":\"WebSite\",\"@id\":\"https:\\\/\\\/www.fica.unsl.edu.ar\\\/#website\",\"url\":\"https:\\\/\\\/www.fica.unsl.edu.ar\\\/\",\"name\":\"Facultad de Ingenier\u00eda y Ciencias Agropecuarias\",\"description\":\"\",\"publisher\":{\"@id\":\"https:\\\/\\\/www.fica.unsl.edu.ar\\\/#organization\"},\"potentialAction\":[{\"@type\":\"SearchAction\",\"target\":{\"@type\":\"EntryPoint\",\"urlTemplate\":\"https:\\\/\\\/www.fica.unsl.edu.ar\\\/?s={search_term_string}\"},\"query-input\":{\"@type\":\"PropertyValueSpecification\",\"valueRequired\":true,\"valueName\":\"search_term_string\"}}],\"inLanguage\":\"es-AR\"},{\"@type\":\"Organization\",\"@id\":\"https:\\\/\\\/www.fica.unsl.edu.ar\\\/#organization\",\"name\":\"Facultad de Ingenier\u00eda y Ciencias Agropecuarias\",\"url\":\"https:\\\/\\\/www.fica.unsl.edu.ar\\\/\",\"logo\":{\"@type\":\"ImageObject\",\"inLanguage\":\"es-AR\",\"@id\":\"https:\\\/\\\/www.fica.unsl.edu.ar\\\/#\\\/schema\\\/logo\\\/image\\\/\",\"url\":\"https:\\\/\\\/www.fica.unsl.edu.ar\\\/wp-content\\\/uploads\\\/2021\\\/03\\\/LOGO-1.jpg\",\"contentUrl\":\"https:\\\/\\\/www.fica.unsl.edu.ar\\\/wp-content\\\/uploads\\\/2021\\\/03\\\/LOGO-1.jpg\",\"width\":463,\"height\":145,\"caption\":\"Facultad de Ingenier\u00eda y Ciencias Agropecuarias\"},\"image\":{\"@id\":\"https:\\\/\\\/www.fica.unsl.edu.ar\\\/#\\\/schema\\\/logo\\\/image\\\/\"},\"sameAs\":[\"https:\\\/\\\/www.facebook.com\\\/FICA.UNSL\\\/\",\"https:\\\/\\\/x.com\\\/FICAUNSL\",\"https:\\\/\\\/www.instagram.com\\\/fica.unsl\\\/\",\"https:\\\/\\\/www.youtube.com\\\/channel\\\/UCs2MM53gb2PyBrMySdtWZDQ\"]},{\"@type\":\"Person\",\"@id\":\"https:\\\/\\\/www.fica.unsl.edu.ar\\\/#\\\/schema\\\/person\\\/6058f9c66301868d3a691b1f5d6c3544\",\"name\":\"DATI\"}]}<\/script>\n<!-- \/ Yoast SEO plugin. -->","yoast_head_json":{"title":"El lunes 5 de junio comienza la \u201cSemana de la Ingenier\u00eda \u2013 Semana FICA 2023\u201d - Facultad de Ingenier\u00eda y Ciencias Agropecuarias","robots":{"index":"index","follow":"follow","max-snippet":"max-snippet:-1","max-image-preview":"max-image-preview:large","max-video-preview":"max-video-preview:-1"},"canonical":"https:\/\/www.fica.unsl.edu.ar\/index.php\/5-6-semana-de-la-ingenieria-semana-fica-2023\/","og_locale":"es_ES","og_type":"article","og_title":"El lunes 5 de junio comienza la \u201cSemana de la Ingenier\u00eda \u2013 Semana FICA 2023\u201d - Facultad de Ingenier\u00eda y Ciencias Agropecuarias","og_description":"En el marco de la conmoraci\u00f3n del D\u00eda de la Ingenier\u00eda Argentina, del 5 al 9 de junio la Facultad llevar\u00e1 a cabo la \u201cSemana&hellip;","og_url":"https:\/\/www.fica.unsl.edu.ar\/index.php\/5-6-semana-de-la-ingenieria-semana-fica-2023\/","og_site_name":"Facultad de Ingenier\u00eda y Ciencias Agropecuarias","article_publisher":"https:\/\/www.facebook.com\/FICA.UNSL\/","article_published_time":"2023-06-02T03:55:34+00:00","article_modified_time":"2023-06-12T16:54:44+00:00","og_image":[{"width":1061,"height":585,"url":"https:\/\/www.fica.unsl.edu.ar\/wp-content\/uploads\/2023\/05\/sifica-front.jpg","type":"image\/jpeg"}],"author":"DATI","twitter_card":"summary_large_image","twitter_creator":"@FICAUNSL","twitter_site":"@FICAUNSL","twitter_misc":{"Escrito por":"DATI","Tiempo de lectura":"2 minutos"},"schema":{"@context":"https:\/\/schema.org","@graph":[{"@type":"Article","@id":"https:\/\/www.fica.unsl.edu.ar\/index.php\/5-6-semana-de-la-ingenieria-semana-fica-2023\/#article","isPartOf":{"@id":"https:\/\/www.fica.unsl.edu.ar\/index.php\/5-6-semana-de-la-ingenieria-semana-fica-2023\/"},"author":{"name":"DATI","@id":"https:\/\/www.fica.unsl.edu.ar\/#\/schema\/person\/6058f9c66301868d3a691b1f5d6c3544"},"headline":"El lunes 5 de junio comienza la \u201cSemana de la Ingenier\u00eda \u2013 Semana FICA 2023\u201d","datePublished":"2023-06-02T03:55:34+00:00","dateModified":"2023-06-12T16:54:44+00:00","mainEntityOfPage":{"@id":"https:\/\/www.fica.unsl.edu.ar\/index.php\/5-6-semana-de-la-ingenieria-semana-fica-2023\/"},"wordCount":386,"publisher":{"@id":"https:\/\/www.fica.unsl.edu.ar\/#organization"},"image":{"@id":"https:\/\/www.fica.unsl.edu.ar\/index.php\/5-6-semana-de-la-ingenieria-semana-fica-2023\/#primaryimage"},"thumbnailUrl":"https:\/\/www.fica.unsl.edu.ar\/wp-content\/uploads\/2023\/05\/sifica-front.jpg","articleSection":["Noticias"],"inLanguage":"es-AR"},{"@type":"WebPage","@id":"https:\/\/www.fica.unsl.edu.ar\/index.php\/5-6-semana-de-la-ingenieria-semana-fica-2023\/","url":"https:\/\/www.fica.unsl.edu.ar\/index.php\/5-6-semana-de-la-ingenieria-semana-fica-2023\/","name":"El lunes 5 de junio comienza la \u201cSemana de la Ingenier\u00eda \u2013 Semana FICA 2023\u201d - Facultad de Ingenier\u00eda y Ciencias Agropecuarias","isPartOf":{"@id":"https:\/\/www.fica.unsl.edu.ar\/#website"},"primaryImageOfPage":{"@id":"https:\/\/www.fica.unsl.edu.ar\/index.php\/5-6-semana-de-la-ingenieria-semana-fica-2023\/#primaryimage"},"image":{"@id":"https:\/\/www.fica.unsl.edu.ar\/index.php\/5-6-semana-de-la-ingenieria-semana-fica-2023\/#primaryimage"},"thumbnailUrl":"https:\/\/www.fica.unsl.edu.ar\/wp-content\/uploads\/2023\/05\/sifica-front.jpg","datePublished":"2023-06-02T03:55:34+00:00","dateModified":"2023-06-12T16:54:44+00:00","inLanguage":"es-AR","potentialAction":[{"@type":"ReadAction","target":["https:\/\/www.fica.unsl.edu.ar\/index.php\/5-6-semana-de-la-ingenieria-semana-fica-2023\/"]}]},{"@type":"ImageObject","inLanguage":"es-AR","@id":"https:\/\/www.fica.unsl.edu.ar\/index.php\/5-6-semana-de-la-ingenieria-semana-fica-2023\/#primaryimage","url":"https:\/\/www.fica.unsl.edu.ar\/wp-content\/uploads\/2023\/05\/sifica-front.jpg","contentUrl":"https:\/\/www.fica.unsl.edu.ar\/wp-content\/uploads\/2023\/05\/sifica-front.jpg","width":1061,"height":585},{"@type":"WebSite","@id":"https:\/\/www.fica.unsl.edu.ar\/#website","url":"https:\/\/www.fica.unsl.edu.ar\/","name":"Facultad de Ingenier\u00eda y Ciencias Agropecuarias","description":"","publisher":{"@id":"https:\/\/www.fica.unsl.edu.ar\/#organization"},"potentialAction":[{"@type":"SearchAction","target":{"@type":"EntryPoint","urlTemplate":"https:\/\/www.fica.unsl.edu.ar\/?s={search_term_string}"},"query-input":{"@type":"PropertyValueSpecification","valueRequired":true,"valueName":"search_term_string"}}],"inLanguage":"es-AR"},{"@type":"Organization","@id":"https:\/\/www.fica.unsl.edu.ar\/#organization","name":"Facultad de Ingenier\u00eda y Ciencias Agropecuarias","url":"https:\/\/www.fica.unsl.edu.ar\/","logo":{"@type":"ImageObject","inLanguage":"es-AR","@id":"https:\/\/www.fica.unsl.edu.ar\/#\/schema\/logo\/image\/","url":"https:\/\/www.fica.unsl.edu.ar\/wp-content\/uploads\/2021\/03\/LOGO-1.jpg","contentUrl":"https:\/\/www.fica.unsl.edu.ar\/wp-content\/uploads\/2021\/03\/LOGO-1.jpg","width":463,"height":145,"caption":"Facultad de Ingenier\u00eda y Ciencias Agropecuarias"},"image":{"@id":"https:\/\/www.fica.unsl.edu.ar\/#\/schema\/logo\/image\/"},"sameAs":["https:\/\/www.facebook.com\/FICA.UNSL\/","https:\/\/x.com\/FICAUNSL","https:\/\/www.instagram.com\/fica.unsl\/","https:\/\/www.youtube.com\/channel\/UCs2MM53gb2PyBrMySdtWZDQ"]},{"@type":"Person","@id":"https:\/\/www.fica.unsl.edu.ar\/#\/schema\/person\/6058f9c66301868d3a691b1f5d6c3544","name":"DATI"}]}},"_links":{"self":[{"href":"https:\/\/www.fica.unsl.edu.ar\/index.php\/wp-json\/wp\/v2\/posts\/13377","targetHints":{"allow":["GET"]}}],"collection":[{"href":"https:\/\/www.fica.unsl.edu.ar\/index.php\/wp-json\/wp\/v2\/posts"}],"about":[{"href":"https:\/\/www.fica.unsl.edu.ar\/index.php\/wp-json\/wp\/v2\/types\/post"}],"author":[{"embeddable":true,"href":"https:\/\/www.fica.unsl.edu.ar\/index.php\/wp-json\/wp\/v2\/users\/9"}],"replies":[{"embeddable":true,"href":"https:\/\/www.fica.unsl.edu.ar\/index.php\/wp-json\/wp\/v2\/comments?post=13377"}],"version-history":[{"count":6,"href":"https:\/\/www.fica.unsl.edu.ar\/index.php\/wp-json\/wp\/v2\/posts\/13377\/revisions"}],"predecessor-version":[{"id":13384,"href":"https:\/\/www.fica.unsl.edu.ar\/index.php\/wp-json\/wp\/v2\/posts\/13377\/revisions\/13384"}],"wp:featuredmedia":[{"embeddable":true,"href":"https:\/\/www.fica.unsl.edu.ar\/index.php\/wp-json\/wp\/v2\/media\/13378"}],"wp:attachment":[{"href":"https:\/\/www.fica.unsl.edu.ar\/index.php\/wp-json\/wp\/v2\/media?parent=13377"}],"wp:term":[{"taxonomy":"category","embeddable":true,"href":"https:\/\/www.fica.unsl.edu.ar\/index.php\/wp-json\/wp\/v2\/categories?post=13377"},{"taxonomy":"post_tag","embeddable":true,"href":"https:\/\/www.fica.unsl.edu.ar\/index.php\/wp-json\/wp\/v2\/tags?post=13377"}],"curies":[{"name":"wp","href":"https:\/\/api.w.org\/{rel}","templated":true}]}}