{"id":13385,"date":"2023-05-31T10:43:17","date_gmt":"2023-05-31T13:43:17","guid":{"rendered":"http:\/\/10.101.10.196\/www\/?p=13385"},"modified":"2023-06-06T09:06:44","modified_gmt":"2023-06-06T12:06:44","slug":"2-encuentro-de-ciencia-y-vino-de-san-luis","status":"publish","type":"post","link":"https:\/\/www.fica.unsl.edu.ar\/index.php\/2-encuentro-de-ciencia-y-vino-de-san-luis\/","title":{"rendered":"La Mesa Vitivin\u00edcola Provincial organiza su <b> 2\u00b0 Encuentro de Ciencia y Vino de San Luis<\/b>"},"content":{"rendered":"<p>Como en la primera edici\u00f3n, la <strong>FICA<\/strong> participar\u00e1 como representante acad\u00e9mica en el<strong> 2\u00b0 Encuentro de Ciencia y Vino de San Luis<\/strong>, que se llevar\u00e1 a cabo el pr\u00f3ximo <strong>viernes 2 de junio<\/strong> a partir de las 9 horas en el <strong>Anfiteatro de Estancia Grande<\/strong>, localidad situada a 38 km de la ciudad de San Luis.<\/p>\n<p>La docente de la FICA y representante de la UNSL en la Mesa Vitivin\u00edcola Provincial, <strong>Dra. Mariela Quiroga<\/strong> expres\u00f3 que para la segunda edici\u00f3n, \u201cen una reuni\u00f3n m\u00e1s y consolidando los avances de una San Luis vitivin\u00edcola y enol\u00f3gica\u201d, se presentar\u00e1n los resultados de la primera campa\u00f1a de calicatas realizadas en algunos de los distintos establecimientos vitivin\u00edcolas provinciales, donde la Asociaci\u00f3n Vitivin\u00edcola trabaja. En ellos fueron evaluados los perfiles, la textura, la permeabilidad y calidad de esos suelos con el fin de mapearlos a lo largo y ancho de la provincia vitivin\u00edcola.<\/p>\n<p>Tambi\u00e9n inform\u00f3 que otro de los temas centrales del encuentro, ser\u00e1 el debate entre las instituciones que conforman la Mesa Vitivin\u00edcola Provincial sobre los avances de la L\u00ednea de financiamiento Proviar II, \u201cuna posibilidad que tiene San Luis para solicitar, ya que es considerada dentro de las nuevas provincias vitivin\u00edcolas del pa\u00eds. No ser\u00e1 menos interesante para todos los asistentes hacer un recorrido por la Historia de la viticultura en San Luis, de todo el camino antes trazado por pioneros y las potencialidades que tuvo nuestra provincia y fijar el rumbo claro en el futuro productivo con una visi\u00f3n de crecimiento cultural y de un exitoso futuro enol\u00f3gico por venir para las pr\u00f3ximas d\u00e9cadas\u201d.<\/p>\n<p>Por ultimo indic\u00f3 que el productor y bodeguero pacientemente esperan el tiempo \u00f3ptimo de sus uvas para la cosecha y luego aguardan el tiempo de crianza de sus vinos en bodega con el fin de que este exprese su mejor potencialidad al ser degustado del mismo modo. \u201cEs por esto que, el tercer t\u00f3pico de este 2\u00b0 Encuentro Ciencia y Vino, los miembros de la Asociaci\u00f3n Vitivin\u00edcola Provincial junto con el Ministerio de Producci\u00f3n informar\u00e1n al sector sobre algo muy esperado por los productores vitivin\u00edcolas puntanos: los avances de la bodega de uso comunitario\u201d, puntualiz\u00f3 la Dr. Quiroga.<\/p>\n<p><img fetchpriority=\"high\" decoding=\"async\" class=\"aligncenter size-full wp-image-13387\" src=\"https:\/\/www.fica.unsl.edu.ar\/wp-content\/uploads\/2023\/05\/Encuentro-de-Ciencia-y-Vino-de-San-Luis-fler.jpg\" alt=\"\" width=\"691\" height=\"976\" srcset=\"https:\/\/www.fica.unsl.edu.ar\/wp-content\/uploads\/2023\/05\/Encuentro-de-Ciencia-y-Vino-de-San-Luis-fler.jpg 691w, https:\/\/www.fica.unsl.edu.ar\/wp-content\/uploads\/2023\/05\/Encuentro-de-Ciencia-y-Vino-de-San-Luis-fler-212x300.jpg 212w\" sizes=\"(max-width: 691px) 100vw, 691px\" \/><\/p>\n<p>&nbsp;<\/p>\n","protected":false},"excerpt":{"rendered":"<p>Como en la primera edici\u00f3n, la FICA participar\u00e1 como representante acad\u00e9mica en el 2\u00b0 Encuentro de Ciencia y Vino de San Luis, que se llevar\u00e1&hellip;<\/p>\n","protected":false},"author":9,"featured_media":13386,"comment_status":"closed","ping_status":"closed","sticky":false,"template":"","format":"standard","meta":{"_monsterinsights_skip_tracking":false,"_monsterinsights_sitenote_active":false,"_monsterinsights_sitenote_note":"","_monsterinsights_sitenote_category":0,"_joinchat":[],"footnotes":""},"categories":[19],"tags":[],"class_list":["post-13385","post","type-post","status-publish","format-standard","has-post-thumbnail","hentry","category-noticias"],"yoast_head":"<!-- This site is optimized with the Yoast SEO plugin v27.4 - https:\/\/yoast.com\/product\/yoast-seo-wordpress\/ -->\n<title>La Mesa Vitivin\u00edcola Provincial organiza su  2\u00b0 Encuentro de Ciencia y Vino de San Luis - Facultad de Ingenier\u00eda y Ciencias Agropecuarias<\/title>\n<meta name=\"robots\" content=\"index, follow, max-snippet:-1, max-image-preview:large, max-video-preview:-1\" \/>\n<link rel=\"canonical\" href=\"https:\/\/www.fica.unsl.edu.ar\/index.php\/2-encuentro-de-ciencia-y-vino-de-san-luis\/\" \/>\n<meta property=\"og:locale\" content=\"es_ES\" \/>\n<meta property=\"og:type\" content=\"article\" \/>\n<meta property=\"og:title\" content=\"La Mesa Vitivin\u00edcola Provincial organiza su  2\u00b0 Encuentro de Ciencia y Vino de San Luis - Facultad de Ingenier\u00eda y Ciencias Agropecuarias\" \/>\n<meta property=\"og:description\" content=\"Como en la primera edici\u00f3n, la FICA participar\u00e1 como representante acad\u00e9mica en el 2\u00b0 Encuentro de Ciencia y Vino de San Luis, que se llevar\u00e1&hellip;\" \/>\n<meta property=\"og:url\" content=\"https:\/\/www.fica.unsl.edu.ar\/index.php\/2-encuentro-de-ciencia-y-vino-de-san-luis\/\" \/>\n<meta property=\"og:site_name\" content=\"Facultad de Ingenier\u00eda y Ciencias Agropecuarias\" \/>\n<meta property=\"article:publisher\" content=\"https:\/\/www.facebook.com\/FICA.UNSL\/\" \/>\n<meta property=\"article:published_time\" content=\"2023-05-31T13:43:17+00:00\" \/>\n<meta property=\"article:modified_time\" content=\"2023-06-06T12:06:44+00:00\" \/>\n<meta property=\"og:image\" content=\"https:\/\/www.fica.unsl.edu.ar\/wp-content\/uploads\/2023\/05\/Encuentro-de-Ciencia-y-Vino-de-San-Luis-front.jpg\" \/>\n\t<meta property=\"og:image:width\" content=\"1061\" \/>\n\t<meta property=\"og:image:height\" content=\"585\" \/>\n\t<meta property=\"og:image:type\" content=\"image\/jpeg\" \/>\n<meta name=\"author\" content=\"DATI\" \/>\n<meta name=\"twitter:card\" content=\"summary_large_image\" \/>\n<meta name=\"twitter:creator\" content=\"@FICAUNSL\" \/>\n<meta name=\"twitter:site\" content=\"@FICAUNSL\" \/>\n<meta name=\"twitter:label1\" content=\"Escrito por\" \/>\n\t<meta name=\"twitter:data1\" content=\"DATI\" \/>\n\t<meta name=\"twitter:label2\" content=\"Tiempo de lectura\" \/>\n\t<meta name=\"twitter:data2\" content=\"2 minutos\" \/>\n<script type=\"application\/ld+json\" class=\"yoast-schema-graph\">{\"@context\":\"https:\\\/\\\/schema.org\",\"@graph\":[{\"@type\":\"Article\",\"@id\":\"https:\\\/\\\/www.fica.unsl.edu.ar\\\/index.php\\\/2-encuentro-de-ciencia-y-vino-de-san-luis\\\/#article\",\"isPartOf\":{\"@id\":\"https:\\\/\\\/www.fica.unsl.edu.ar\\\/index.php\\\/2-encuentro-de-ciencia-y-vino-de-san-luis\\\/\"},\"author\":{\"name\":\"DATI\",\"@id\":\"https:\\\/\\\/www.fica.unsl.edu.ar\\\/#\\\/schema\\\/person\\\/6058f9c66301868d3a691b1f5d6c3544\"},\"headline\":\"La Mesa Vitivin\u00edcola Provincial organiza su 2\u00b0 Encuentro de Ciencia y Vino de San Luis\",\"datePublished\":\"2023-05-31T13:43:17+00:00\",\"dateModified\":\"2023-06-06T12:06:44+00:00\",\"mainEntityOfPage\":{\"@id\":\"https:\\\/\\\/www.fica.unsl.edu.ar\\\/index.php\\\/2-encuentro-de-ciencia-y-vino-de-san-luis\\\/\"},\"wordCount\":401,\"publisher\":{\"@id\":\"https:\\\/\\\/www.fica.unsl.edu.ar\\\/#organization\"},\"image\":{\"@id\":\"https:\\\/\\\/www.fica.unsl.edu.ar\\\/index.php\\\/2-encuentro-de-ciencia-y-vino-de-san-luis\\\/#primaryimage\"},\"thumbnailUrl\":\"https:\\\/\\\/www.fica.unsl.edu.ar\\\/wp-content\\\/uploads\\\/2023\\\/05\\\/Encuentro-de-Ciencia-y-Vino-de-San-Luis-front.jpg\",\"articleSection\":[\"Noticias\"],\"inLanguage\":\"es-AR\"},{\"@type\":\"WebPage\",\"@id\":\"https:\\\/\\\/www.fica.unsl.edu.ar\\\/index.php\\\/2-encuentro-de-ciencia-y-vino-de-san-luis\\\/\",\"url\":\"https:\\\/\\\/www.fica.unsl.edu.ar\\\/index.php\\\/2-encuentro-de-ciencia-y-vino-de-san-luis\\\/\",\"name\":\"La Mesa Vitivin\u00edcola Provincial organiza su 2\u00b0 Encuentro de Ciencia y Vino de San Luis - Facultad de Ingenier\u00eda y Ciencias Agropecuarias\",\"isPartOf\":{\"@id\":\"https:\\\/\\\/www.fica.unsl.edu.ar\\\/#website\"},\"primaryImageOfPage\":{\"@id\":\"https:\\\/\\\/www.fica.unsl.edu.ar\\\/index.php\\\/2-encuentro-de-ciencia-y-vino-de-san-luis\\\/#primaryimage\"},\"image\":{\"@id\":\"https:\\\/\\\/www.fica.unsl.edu.ar\\\/index.php\\\/2-encuentro-de-ciencia-y-vino-de-san-luis\\\/#primaryimage\"},\"thumbnailUrl\":\"https:\\\/\\\/www.fica.unsl.edu.ar\\\/wp-content\\\/uploads\\\/2023\\\/05\\\/Encuentro-de-Ciencia-y-Vino-de-San-Luis-front.jpg\",\"datePublished\":\"2023-05-31T13:43:17+00:00\",\"dateModified\":\"2023-06-06T12:06:44+00:00\",\"inLanguage\":\"es-AR\",\"potentialAction\":[{\"@type\":\"ReadAction\",\"target\":[\"https:\\\/\\\/www.fica.unsl.edu.ar\\\/index.php\\\/2-encuentro-de-ciencia-y-vino-de-san-luis\\\/\"]}]},{\"@type\":\"ImageObject\",\"inLanguage\":\"es-AR\",\"@id\":\"https:\\\/\\\/www.fica.unsl.edu.ar\\\/index.php\\\/2-encuentro-de-ciencia-y-vino-de-san-luis\\\/#primaryimage\",\"url\":\"https:\\\/\\\/www.fica.unsl.edu.ar\\\/wp-content\\\/uploads\\\/2023\\\/05\\\/Encuentro-de-Ciencia-y-Vino-de-San-Luis-front.jpg\",\"contentUrl\":\"https:\\\/\\\/www.fica.unsl.edu.ar\\\/wp-content\\\/uploads\\\/2023\\\/05\\\/Encuentro-de-Ciencia-y-Vino-de-San-Luis-front.jpg\",\"width\":1061,\"height\":585},{\"@type\":\"WebSite\",\"@id\":\"https:\\\/\\\/www.fica.unsl.edu.ar\\\/#website\",\"url\":\"https:\\\/\\\/www.fica.unsl.edu.ar\\\/\",\"name\":\"Facultad de Ingenier\u00eda y Ciencias Agropecuarias\",\"description\":\"\",\"publisher\":{\"@id\":\"https:\\\/\\\/www.fica.unsl.edu.ar\\\/#organization\"},\"potentialAction\":[{\"@type\":\"SearchAction\",\"target\":{\"@type\":\"EntryPoint\",\"urlTemplate\":\"https:\\\/\\\/www.fica.unsl.edu.ar\\\/?s={search_term_string}\"},\"query-input\":{\"@type\":\"PropertyValueSpecification\",\"valueRequired\":true,\"valueName\":\"search_term_string\"}}],\"inLanguage\":\"es-AR\"},{\"@type\":\"Organization\",\"@id\":\"https:\\\/\\\/www.fica.unsl.edu.ar\\\/#organization\",\"name\":\"Facultad de Ingenier\u00eda y Ciencias Agropecuarias\",\"url\":\"https:\\\/\\\/www.fica.unsl.edu.ar\\\/\",\"logo\":{\"@type\":\"ImageObject\",\"inLanguage\":\"es-AR\",\"@id\":\"https:\\\/\\\/www.fica.unsl.edu.ar\\\/#\\\/schema\\\/logo\\\/image\\\/\",\"url\":\"https:\\\/\\\/www.fica.unsl.edu.ar\\\/wp-content\\\/uploads\\\/2021\\\/03\\\/LOGO-1.jpg\",\"contentUrl\":\"https:\\\/\\\/www.fica.unsl.edu.ar\\\/wp-content\\\/uploads\\\/2021\\\/03\\\/LOGO-1.jpg\",\"width\":463,\"height\":145,\"caption\":\"Facultad de Ingenier\u00eda y Ciencias Agropecuarias\"},\"image\":{\"@id\":\"https:\\\/\\\/www.fica.unsl.edu.ar\\\/#\\\/schema\\\/logo\\\/image\\\/\"},\"sameAs\":[\"https:\\\/\\\/www.facebook.com\\\/FICA.UNSL\\\/\",\"https:\\\/\\\/x.com\\\/FICAUNSL\",\"https:\\\/\\\/www.instagram.com\\\/fica.unsl\\\/\",\"https:\\\/\\\/www.youtube.com\\\/channel\\\/UCs2MM53gb2PyBrMySdtWZDQ\"]},{\"@type\":\"Person\",\"@id\":\"https:\\\/\\\/www.fica.unsl.edu.ar\\\/#\\\/schema\\\/person\\\/6058f9c66301868d3a691b1f5d6c3544\",\"name\":\"DATI\"}]}<\/script>\n<!-- \/ Yoast SEO plugin. -->","yoast_head_json":{"title":"La Mesa Vitivin\u00edcola Provincial organiza su  2\u00b0 Encuentro de Ciencia y Vino de San Luis - Facultad de Ingenier\u00eda y Ciencias Agropecuarias","robots":{"index":"index","follow":"follow","max-snippet":"max-snippet:-1","max-image-preview":"max-image-preview:large","max-video-preview":"max-video-preview:-1"},"canonical":"https:\/\/www.fica.unsl.edu.ar\/index.php\/2-encuentro-de-ciencia-y-vino-de-san-luis\/","og_locale":"es_ES","og_type":"article","og_title":"La Mesa Vitivin\u00edcola Provincial organiza su  2\u00b0 Encuentro de Ciencia y Vino de San Luis - Facultad de Ingenier\u00eda y Ciencias Agropecuarias","og_description":"Como en la primera edici\u00f3n, la FICA participar\u00e1 como representante acad\u00e9mica en el 2\u00b0 Encuentro de Ciencia y Vino de San Luis, que se llevar\u00e1&hellip;","og_url":"https:\/\/www.fica.unsl.edu.ar\/index.php\/2-encuentro-de-ciencia-y-vino-de-san-luis\/","og_site_name":"Facultad de Ingenier\u00eda y Ciencias Agropecuarias","article_publisher":"https:\/\/www.facebook.com\/FICA.UNSL\/","article_published_time":"2023-05-31T13:43:17+00:00","article_modified_time":"2023-06-06T12:06:44+00:00","og_image":[{"width":1061,"height":585,"url":"https:\/\/www.fica.unsl.edu.ar\/wp-content\/uploads\/2023\/05\/Encuentro-de-Ciencia-y-Vino-de-San-Luis-front.jpg","type":"image\/jpeg"}],"author":"DATI","twitter_card":"summary_large_image","twitter_creator":"@FICAUNSL","twitter_site":"@FICAUNSL","twitter_misc":{"Escrito por":"DATI","Tiempo de lectura":"2 minutos"},"schema":{"@context":"https:\/\/schema.org","@graph":[{"@type":"Article","@id":"https:\/\/www.fica.unsl.edu.ar\/index.php\/2-encuentro-de-ciencia-y-vino-de-san-luis\/#article","isPartOf":{"@id":"https:\/\/www.fica.unsl.edu.ar\/index.php\/2-encuentro-de-ciencia-y-vino-de-san-luis\/"},"author":{"name":"DATI","@id":"https:\/\/www.fica.unsl.edu.ar\/#\/schema\/person\/6058f9c66301868d3a691b1f5d6c3544"},"headline":"La Mesa Vitivin\u00edcola Provincial organiza su 2\u00b0 Encuentro de Ciencia y Vino de San Luis","datePublished":"2023-05-31T13:43:17+00:00","dateModified":"2023-06-06T12:06:44+00:00","mainEntityOfPage":{"@id":"https:\/\/www.fica.unsl.edu.ar\/index.php\/2-encuentro-de-ciencia-y-vino-de-san-luis\/"},"wordCount":401,"publisher":{"@id":"https:\/\/www.fica.unsl.edu.ar\/#organization"},"image":{"@id":"https:\/\/www.fica.unsl.edu.ar\/index.php\/2-encuentro-de-ciencia-y-vino-de-san-luis\/#primaryimage"},"thumbnailUrl":"https:\/\/www.fica.unsl.edu.ar\/wp-content\/uploads\/2023\/05\/Encuentro-de-Ciencia-y-Vino-de-San-Luis-front.jpg","articleSection":["Noticias"],"inLanguage":"es-AR"},{"@type":"WebPage","@id":"https:\/\/www.fica.unsl.edu.ar\/index.php\/2-encuentro-de-ciencia-y-vino-de-san-luis\/","url":"https:\/\/www.fica.unsl.edu.ar\/index.php\/2-encuentro-de-ciencia-y-vino-de-san-luis\/","name":"La Mesa Vitivin\u00edcola Provincial organiza su 2\u00b0 Encuentro de Ciencia y Vino de San Luis - Facultad de Ingenier\u00eda y Ciencias Agropecuarias","isPartOf":{"@id":"https:\/\/www.fica.unsl.edu.ar\/#website"},"primaryImageOfPage":{"@id":"https:\/\/www.fica.unsl.edu.ar\/index.php\/2-encuentro-de-ciencia-y-vino-de-san-luis\/#primaryimage"},"image":{"@id":"https:\/\/www.fica.unsl.edu.ar\/index.php\/2-encuentro-de-ciencia-y-vino-de-san-luis\/#primaryimage"},"thumbnailUrl":"https:\/\/www.fica.unsl.edu.ar\/wp-content\/uploads\/2023\/05\/Encuentro-de-Ciencia-y-Vino-de-San-Luis-front.jpg","datePublished":"2023-05-31T13:43:17+00:00","dateModified":"2023-06-06T12:06:44+00:00","inLanguage":"es-AR","potentialAction":[{"@type":"ReadAction","target":["https:\/\/www.fica.unsl.edu.ar\/index.php\/2-encuentro-de-ciencia-y-vino-de-san-luis\/"]}]},{"@type":"ImageObject","inLanguage":"es-AR","@id":"https:\/\/www.fica.unsl.edu.ar\/index.php\/2-encuentro-de-ciencia-y-vino-de-san-luis\/#primaryimage","url":"https:\/\/www.fica.unsl.edu.ar\/wp-content\/uploads\/2023\/05\/Encuentro-de-Ciencia-y-Vino-de-San-Luis-front.jpg","contentUrl":"https:\/\/www.fica.unsl.edu.ar\/wp-content\/uploads\/2023\/05\/Encuentro-de-Ciencia-y-Vino-de-San-Luis-front.jpg","width":1061,"height":585},{"@type":"WebSite","@id":"https:\/\/www.fica.unsl.edu.ar\/#website","url":"https:\/\/www.fica.unsl.edu.ar\/","name":"Facultad de Ingenier\u00eda y Ciencias Agropecuarias","description":"","publisher":{"@id":"https:\/\/www.fica.unsl.edu.ar\/#organization"},"potentialAction":[{"@type":"SearchAction","target":{"@type":"EntryPoint","urlTemplate":"https:\/\/www.fica.unsl.edu.ar\/?s={search_term_string}"},"query-input":{"@type":"PropertyValueSpecification","valueRequired":true,"valueName":"search_term_string"}}],"inLanguage":"es-AR"},{"@type":"Organization","@id":"https:\/\/www.fica.unsl.edu.ar\/#organization","name":"Facultad de Ingenier\u00eda y Ciencias Agropecuarias","url":"https:\/\/www.fica.unsl.edu.ar\/","logo":{"@type":"ImageObject","inLanguage":"es-AR","@id":"https:\/\/www.fica.unsl.edu.ar\/#\/schema\/logo\/image\/","url":"https:\/\/www.fica.unsl.edu.ar\/wp-content\/uploads\/2021\/03\/LOGO-1.jpg","contentUrl":"https:\/\/www.fica.unsl.edu.ar\/wp-content\/uploads\/2021\/03\/LOGO-1.jpg","width":463,"height":145,"caption":"Facultad de Ingenier\u00eda y Ciencias Agropecuarias"},"image":{"@id":"https:\/\/www.fica.unsl.edu.ar\/#\/schema\/logo\/image\/"},"sameAs":["https:\/\/www.facebook.com\/FICA.UNSL\/","https:\/\/x.com\/FICAUNSL","https:\/\/www.instagram.com\/fica.unsl\/","https:\/\/www.youtube.com\/channel\/UCs2MM53gb2PyBrMySdtWZDQ"]},{"@type":"Person","@id":"https:\/\/www.fica.unsl.edu.ar\/#\/schema\/person\/6058f9c66301868d3a691b1f5d6c3544","name":"DATI"}]}},"_links":{"self":[{"href":"https:\/\/www.fica.unsl.edu.ar\/index.php\/wp-json\/wp\/v2\/posts\/13385","targetHints":{"allow":["GET"]}}],"collection":[{"href":"https:\/\/www.fica.unsl.edu.ar\/index.php\/wp-json\/wp\/v2\/posts"}],"about":[{"href":"https:\/\/www.fica.unsl.edu.ar\/index.php\/wp-json\/wp\/v2\/types\/post"}],"author":[{"embeddable":true,"href":"https:\/\/www.fica.unsl.edu.ar\/index.php\/wp-json\/wp\/v2\/users\/9"}],"replies":[{"embeddable":true,"href":"https:\/\/www.fica.unsl.edu.ar\/index.php\/wp-json\/wp\/v2\/comments?post=13385"}],"version-history":[{"count":3,"href":"https:\/\/www.fica.unsl.edu.ar\/index.php\/wp-json\/wp\/v2\/posts\/13385\/revisions"}],"predecessor-version":[{"id":13390,"href":"https:\/\/www.fica.unsl.edu.ar\/index.php\/wp-json\/wp\/v2\/posts\/13385\/revisions\/13390"}],"wp:featuredmedia":[{"embeddable":true,"href":"https:\/\/www.fica.unsl.edu.ar\/index.php\/wp-json\/wp\/v2\/media\/13386"}],"wp:attachment":[{"href":"https:\/\/www.fica.unsl.edu.ar\/index.php\/wp-json\/wp\/v2\/media?parent=13385"}],"wp:term":[{"taxonomy":"category","embeddable":true,"href":"https:\/\/www.fica.unsl.edu.ar\/index.php\/wp-json\/wp\/v2\/categories?post=13385"},{"taxonomy":"post_tag","embeddable":true,"href":"https:\/\/www.fica.unsl.edu.ar\/index.php\/wp-json\/wp\/v2\/tags?post=13385"}],"curies":[{"name":"wp","href":"https:\/\/api.w.org\/{rel}","templated":true}]}}