{"id":13451,"date":"2023-06-07T17:50:40","date_gmt":"2023-06-07T20:50:40","guid":{"rendered":"http:\/\/10.101.10.196\/www\/?p=13451"},"modified":"2023-06-12T13:54:26","modified_gmt":"2023-06-12T16:54:26","slug":"semana-ingenieria-apertura","status":"publish","type":"post","link":"https:\/\/www.fica.unsl.edu.ar\/index.php\/semana-ingenieria-apertura\/","title":{"rendered":"\u201cLa ingenier\u00eda es un motor de transformaci\u00f3n orientado al bienestar de las personas\u201d"},"content":{"rendered":"<p>El decano de la FICA, Mgtr. Sergio Ribotta, destac\u00f3 el rol de <strong>la ingenier\u00eda como motor de cambio y desarrollo social, al tiempo que se dirigi\u00f3 a los j\u00f3venes para incentivarlos al estudio de las carreras vinculadas con las ciencias tecnol\u00f3gicas. \u201cSean protagonistas de las transformaciones del pa\u00eds y del mundo\u201d<\/strong>, se\u00f1al\u00f3.<\/p>\n<p>El Mgtr. Ribotta fue una de las autoridades que presidi\u00f3 el acto de apertura de la Semana de la Ingenier\u00eda, que tuvo lugar en el Teatro Viejo Mercado. Desde el lunes, en el sal\u00f3n principal del edificio de Casa de la Cultura, cientos de chicos y p\u00fablico en general visitaron durante 2 jornadas los stands preparados por las instituciones organizadores y gestoras de una intensa agenda de actividades.<\/p>\n<p>Este martes 6 de junio, en el D\u00eda de la Ingenier\u00eda, se hizo el Acto de Apertura de la Semana de la Ingenier\u00eda. Cont\u00f3 con la presencia de la Mgtr. Silvina Galetto, secretaria General y de Cultura de la Municipalidad; la Dra. Silvia Marcela Mir\u00f3 Erdmann, directora del departamento de Ciencias Aplicadas de la UNVIME; el Farm. Antonio Saidman, secretario de Hacienda, Administraci\u00f3n e Infraestructura de la UNSL; el Mgtr. Ing. Sergio Ribotta, decano de la FICA; Ing. Alberto Ledesma, director de la Escuela de Ingenier\u00eda y Ciencias Ambientales de la UNVIME; y el Ing. Andr\u00e9s Kaminsky, subdelegado del Cinytec (Colegio de Ingenieros y T\u00e9cnicos) San Luis.<\/p>\n<p><img fetchpriority=\"high\" decoding=\"async\" class=\"aligncenter size-full wp-image-13453\" src=\"https:\/\/www.fica.unsl.edu.ar\/wp-content\/uploads\/2023\/06\/apertura-muni-04.jpg\" alt=\"\" width=\"1061\" height=\"585\" srcset=\"https:\/\/www.fica.unsl.edu.ar\/wp-content\/uploads\/2023\/06\/apertura-muni-04.jpg 1061w, https:\/\/www.fica.unsl.edu.ar\/wp-content\/uploads\/2023\/06\/apertura-muni-04-300x165.jpg 300w, https:\/\/www.fica.unsl.edu.ar\/wp-content\/uploads\/2023\/06\/apertura-muni-04-1024x565.jpg 1024w, https:\/\/www.fica.unsl.edu.ar\/wp-content\/uploads\/2023\/06\/apertura-muni-04-768x423.jpg 768w\" sizes=\"(max-width: 1061px) 100vw, 1061px\" \/><\/p>\n<p>En la Sala de teatro de congregaron representantes de instituciones, docentes, estudiantes y p\u00fablico para seguir las instancias del acto de inauguraci\u00f3n de la Semana de la Ingenier\u00eda, que fue organizada de manera conjunto por el Programa J\u00f3venes Profesionales de la secretar\u00eda General y de Cultura de la Municipalidad; el Colegio de Ingenieros y T\u00e9cnicos de San Luis; la FICA; y la Escuela de Ingenier\u00eda Ciencias Ambientales de la UNVIME.<\/p>\n<p>El programa de actividades incluy\u00f3 una agenda que se desarrolla en Casa de la Cultura y otra en las instituciones organizadores. Se desaroll\u00f3 en el marco del D\u00eda de la Ingenier\u00eda, que se conmemora cada el 6 de junio, en recordaci\u00f3n del primer ingeniero egresado en el pa\u00eds, Luis Huergo, recibido en la UBA, en 1870.<\/p>\n<p>\u201cDesde la FICA queremos reconocer este d\u00eda como fundamental porque la ingenier\u00eda es un motor de cambio y transformaci\u00f3n, siempre buscando que los desarrollos tecnol\u00f3gicos est\u00e9n orientados hacia el bienestar de las personas\u201d, expres\u00f3 el Decano Ribotta.<\/p>\n<p>Durante su mensaje en el acto de apertura, el decano de la FICA record\u00f3 que el a\u00f1o pasado surgi\u00f3 la iniciativa de organizar la Semana de la Ingenier\u00eda en conjunto con otras instituciones: \u201c\u2026si bien cada instituci\u00f3n ven\u00eda haciendo actividades, la idea ahora era agruparnos. Entonces, desde el a\u00f1o pasado y a principios de este empezamos a trabajar junto con la Municipalidad, la UNVIME y el Colegio de Ingenieros y as\u00ed surgi\u00f3 la Semana de la Ingenier\u00eda con actividades en Casa de la Cultura\u201d.<\/p>\n<p>\u201cCreemos que es bueno poder mostrar a la sociedad qu\u00e9 est\u00e1n haciendo cada una de las instituciones. Y que las universidades puedan exponer sus carreras. Despu\u00e9s, cada una de las facultades, en el interior de sus \u00e1mbitos, continuar\u00e1 con sus programas para la Semana\u201d, explic\u00f3.<\/p>\n<p><img decoding=\"async\" class=\"aligncenter size-full wp-image-13454\" src=\"https:\/\/www.fica.unsl.edu.ar\/wp-content\/uploads\/2023\/06\/apertura-muni-02.jpg\" alt=\"\" width=\"1061\" height=\"585\" srcset=\"https:\/\/www.fica.unsl.edu.ar\/wp-content\/uploads\/2023\/06\/apertura-muni-02.jpg 1061w, https:\/\/www.fica.unsl.edu.ar\/wp-content\/uploads\/2023\/06\/apertura-muni-02-300x165.jpg 300w, https:\/\/www.fica.unsl.edu.ar\/wp-content\/uploads\/2023\/06\/apertura-muni-02-1024x565.jpg 1024w, https:\/\/www.fica.unsl.edu.ar\/wp-content\/uploads\/2023\/06\/apertura-muni-02-768x423.jpg 768w\" sizes=\"(max-width: 1061px) 100vw, 1061px\" \/><\/p>\n<p>Ribotta agradeci\u00f3 especialmente al comit\u00e9 organizador de la FICA y, tambi\u00e9n, a todos los que prepararon las actividades de una intensa agenda que incluye charlas, encuentros, ponencias, debates, muestras en stands y publicaciones. \u201cTambi\u00e9n espacios para conocer y conocernos; para que los estudiantes secundarios puedan enterarse sobre lo que est\u00e1n haciendo cada uno de los investigadores y los grupos de servicio de la facultad\u201d, resalt\u00f3.<\/p>\n<p>Remarc\u00f3 que uno de los prop\u00f3sitos fundamentales de las actividades de la Semana es despertar las vocaciones tempranas e incentivar en los estudiantes el gusto por las ciencias tecnol\u00f3gicas. \u201cEs cierto, son todas carreras dif\u00edciles, pero tambi\u00e9n es cierto que son las orientaciones m\u00e1s demandadas en el campo laboral. No se alcanza a cubrir las demandas de las instituciones y las empresas\u201d.<\/p>\n<p>A su turno, hablaron Alberto Ledesma, director de la Escuela de Ingenier\u00eda y Ciencias Ambientales de la UNVIME, quien destac\u00f3 la gran posibilidad que tiene Villa Mercedes de fomentar la ingenier\u00eda; Silvia Marcela Mir\u00f3, quien resalt\u00f3 la labor de los docentes y alab\u00f3 a los estudiantes de las carreras de ingenier\u00eda; y Silvina Galetto quien remarc\u00f3 el compromiso de la Municipalidad para generar estas instancias de di\u00e1logo entre las instituciones con el fin aportar a la transformaci\u00f3n de Villa Mercedes.<\/p>\n<p>Como \u00faltima parte del acto, el decano Ribotta y el secretario de Hacienda de la UNSL, Antonio Saidman, entregaron presentes a la secretaria general de la Municipalidad, Silvina Galetto, y al subdelegado del Colegio de Ingenieros Andr\u00e9s Kaminsky, respectivamente. Hizo lo propio la funcionaria municipal hacia cada uno de los representantes de las instituciones organizadores y gestoras de la Semana de la Ingenier\u00eda.<\/p>\n<p><img decoding=\"async\" class=\"aligncenter size-full wp-image-13455\" src=\"https:\/\/www.fica.unsl.edu.ar\/wp-content\/uploads\/2023\/06\/apertura-muni-03.jpg\" alt=\"\" width=\"1061\" height=\"585\" srcset=\"https:\/\/www.fica.unsl.edu.ar\/wp-content\/uploads\/2023\/06\/apertura-muni-03.jpg 1061w, https:\/\/www.fica.unsl.edu.ar\/wp-content\/uploads\/2023\/06\/apertura-muni-03-300x165.jpg 300w, https:\/\/www.fica.unsl.edu.ar\/wp-content\/uploads\/2023\/06\/apertura-muni-03-1024x565.jpg 1024w, https:\/\/www.fica.unsl.edu.ar\/wp-content\/uploads\/2023\/06\/apertura-muni-03-768x423.jpg 768w\" sizes=\"(max-width: 1061px) 100vw, 1061px\" \/><\/p>\n<p><strong>Nota: Jos\u00e9 Luis Baigorria. Radio UNSL Villa Mercedes<\/strong><\/p>\n","protected":false},"excerpt":{"rendered":"<p>El decano de la FICA, Mgtr. Sergio Ribotta, destac\u00f3 el rol de la ingenier\u00eda como motor de cambio y desarrollo social, al tiempo que se&hellip;<\/p>\n","protected":false},"author":9,"featured_media":13452,"comment_status":"closed","ping_status":"closed","sticky":false,"template":"","format":"standard","meta":{"_monsterinsights_skip_tracking":false,"_monsterinsights_sitenote_active":false,"_monsterinsights_sitenote_note":"","_monsterinsights_sitenote_category":0,"_joinchat":[],"footnotes":""},"categories":[19],"tags":[],"class_list":["post-13451","post","type-post","status-publish","format-standard","has-post-thumbnail","hentry","category-noticias"],"yoast_head":"<!-- This site is optimized with the Yoast SEO plugin v27.4 - https:\/\/yoast.com\/product\/yoast-seo-wordpress\/ -->\n<title>\u201cLa ingenier\u00eda es un motor de transformaci\u00f3n orientado al bienestar de las personas\u201d - Facultad de Ingenier\u00eda y Ciencias Agropecuarias<\/title>\n<meta name=\"robots\" content=\"index, follow, max-snippet:-1, max-image-preview:large, max-video-preview:-1\" \/>\n<link rel=\"canonical\" href=\"https:\/\/www.fica.unsl.edu.ar\/index.php\/semana-ingenieria-apertura\/\" \/>\n<meta property=\"og:locale\" content=\"es_ES\" \/>\n<meta property=\"og:type\" content=\"article\" \/>\n<meta property=\"og:title\" content=\"\u201cLa ingenier\u00eda es un motor de transformaci\u00f3n orientado al bienestar de las personas\u201d - Facultad de Ingenier\u00eda y Ciencias Agropecuarias\" \/>\n<meta property=\"og:description\" content=\"El decano de la FICA, Mgtr. Sergio Ribotta, destac\u00f3 el rol de la ingenier\u00eda como motor de cambio y desarrollo social, al tiempo que se&hellip;\" \/>\n<meta property=\"og:url\" content=\"https:\/\/www.fica.unsl.edu.ar\/index.php\/semana-ingenieria-apertura\/\" \/>\n<meta property=\"og:site_name\" content=\"Facultad de Ingenier\u00eda y Ciencias Agropecuarias\" \/>\n<meta property=\"article:publisher\" content=\"https:\/\/www.facebook.com\/FICA.UNSL\/\" \/>\n<meta property=\"article:published_time\" content=\"2023-06-07T20:50:40+00:00\" \/>\n<meta property=\"article:modified_time\" content=\"2023-06-12T16:54:26+00:00\" \/>\n<meta property=\"og:image\" content=\"https:\/\/www.fica.unsl.edu.ar\/wp-content\/uploads\/2023\/06\/apertura-muni-front.jpg\" \/>\n\t<meta property=\"og:image:width\" content=\"1061\" \/>\n\t<meta property=\"og:image:height\" content=\"585\" \/>\n\t<meta property=\"og:image:type\" content=\"image\/jpeg\" \/>\n<meta name=\"author\" content=\"DATI\" \/>\n<meta name=\"twitter:card\" content=\"summary_large_image\" \/>\n<meta name=\"twitter:creator\" content=\"@FICAUNSL\" \/>\n<meta name=\"twitter:site\" content=\"@FICAUNSL\" \/>\n<meta name=\"twitter:label1\" content=\"Escrito por\" \/>\n\t<meta name=\"twitter:data1\" content=\"DATI\" \/>\n\t<meta name=\"twitter:label2\" content=\"Tiempo de lectura\" \/>\n\t<meta name=\"twitter:data2\" content=\"5 minutos\" \/>\n<script type=\"application\/ld+json\" class=\"yoast-schema-graph\">{\"@context\":\"https:\\\/\\\/schema.org\",\"@graph\":[{\"@type\":\"Article\",\"@id\":\"https:\\\/\\\/www.fica.unsl.edu.ar\\\/index.php\\\/semana-ingenieria-apertura\\\/#article\",\"isPartOf\":{\"@id\":\"https:\\\/\\\/www.fica.unsl.edu.ar\\\/index.php\\\/semana-ingenieria-apertura\\\/\"},\"author\":{\"name\":\"DATI\",\"@id\":\"https:\\\/\\\/www.fica.unsl.edu.ar\\\/#\\\/schema\\\/person\\\/6058f9c66301868d3a691b1f5d6c3544\"},\"headline\":\"\u201cLa ingenier\u00eda es un motor de transformaci\u00f3n orientado al bienestar de las personas\u201d\",\"datePublished\":\"2023-06-07T20:50:40+00:00\",\"dateModified\":\"2023-06-12T16:54:26+00:00\",\"mainEntityOfPage\":{\"@id\":\"https:\\\/\\\/www.fica.unsl.edu.ar\\\/index.php\\\/semana-ingenieria-apertura\\\/\"},\"wordCount\":862,\"publisher\":{\"@id\":\"https:\\\/\\\/www.fica.unsl.edu.ar\\\/#organization\"},\"image\":{\"@id\":\"https:\\\/\\\/www.fica.unsl.edu.ar\\\/index.php\\\/semana-ingenieria-apertura\\\/#primaryimage\"},\"thumbnailUrl\":\"https:\\\/\\\/www.fica.unsl.edu.ar\\\/wp-content\\\/uploads\\\/2023\\\/06\\\/apertura-muni-front.jpg\",\"articleSection\":[\"Noticias\"],\"inLanguage\":\"es-AR\"},{\"@type\":\"WebPage\",\"@id\":\"https:\\\/\\\/www.fica.unsl.edu.ar\\\/index.php\\\/semana-ingenieria-apertura\\\/\",\"url\":\"https:\\\/\\\/www.fica.unsl.edu.ar\\\/index.php\\\/semana-ingenieria-apertura\\\/\",\"name\":\"\u201cLa ingenier\u00eda es un motor de transformaci\u00f3n orientado al bienestar de las personas\u201d - Facultad de Ingenier\u00eda y Ciencias Agropecuarias\",\"isPartOf\":{\"@id\":\"https:\\\/\\\/www.fica.unsl.edu.ar\\\/#website\"},\"primaryImageOfPage\":{\"@id\":\"https:\\\/\\\/www.fica.unsl.edu.ar\\\/index.php\\\/semana-ingenieria-apertura\\\/#primaryimage\"},\"image\":{\"@id\":\"https:\\\/\\\/www.fica.unsl.edu.ar\\\/index.php\\\/semana-ingenieria-apertura\\\/#primaryimage\"},\"thumbnailUrl\":\"https:\\\/\\\/www.fica.unsl.edu.ar\\\/wp-content\\\/uploads\\\/2023\\\/06\\\/apertura-muni-front.jpg\",\"datePublished\":\"2023-06-07T20:50:40+00:00\",\"dateModified\":\"2023-06-12T16:54:26+00:00\",\"inLanguage\":\"es-AR\",\"potentialAction\":[{\"@type\":\"ReadAction\",\"target\":[\"https:\\\/\\\/www.fica.unsl.edu.ar\\\/index.php\\\/semana-ingenieria-apertura\\\/\"]}]},{\"@type\":\"ImageObject\",\"inLanguage\":\"es-AR\",\"@id\":\"https:\\\/\\\/www.fica.unsl.edu.ar\\\/index.php\\\/semana-ingenieria-apertura\\\/#primaryimage\",\"url\":\"https:\\\/\\\/www.fica.unsl.edu.ar\\\/wp-content\\\/uploads\\\/2023\\\/06\\\/apertura-muni-front.jpg\",\"contentUrl\":\"https:\\\/\\\/www.fica.unsl.edu.ar\\\/wp-content\\\/uploads\\\/2023\\\/06\\\/apertura-muni-front.jpg\",\"width\":1061,\"height\":585},{\"@type\":\"WebSite\",\"@id\":\"https:\\\/\\\/www.fica.unsl.edu.ar\\\/#website\",\"url\":\"https:\\\/\\\/www.fica.unsl.edu.ar\\\/\",\"name\":\"Facultad de Ingenier\u00eda y Ciencias Agropecuarias\",\"description\":\"\",\"publisher\":{\"@id\":\"https:\\\/\\\/www.fica.unsl.edu.ar\\\/#organization\"},\"potentialAction\":[{\"@type\":\"SearchAction\",\"target\":{\"@type\":\"EntryPoint\",\"urlTemplate\":\"https:\\\/\\\/www.fica.unsl.edu.ar\\\/?s={search_term_string}\"},\"query-input\":{\"@type\":\"PropertyValueSpecification\",\"valueRequired\":true,\"valueName\":\"search_term_string\"}}],\"inLanguage\":\"es-AR\"},{\"@type\":\"Organization\",\"@id\":\"https:\\\/\\\/www.fica.unsl.edu.ar\\\/#organization\",\"name\":\"Facultad de Ingenier\u00eda y Ciencias Agropecuarias\",\"url\":\"https:\\\/\\\/www.fica.unsl.edu.ar\\\/\",\"logo\":{\"@type\":\"ImageObject\",\"inLanguage\":\"es-AR\",\"@id\":\"https:\\\/\\\/www.fica.unsl.edu.ar\\\/#\\\/schema\\\/logo\\\/image\\\/\",\"url\":\"https:\\\/\\\/www.fica.unsl.edu.ar\\\/wp-content\\\/uploads\\\/2021\\\/03\\\/LOGO-1.jpg\",\"contentUrl\":\"https:\\\/\\\/www.fica.unsl.edu.ar\\\/wp-content\\\/uploads\\\/2021\\\/03\\\/LOGO-1.jpg\",\"width\":463,\"height\":145,\"caption\":\"Facultad de Ingenier\u00eda y Ciencias Agropecuarias\"},\"image\":{\"@id\":\"https:\\\/\\\/www.fica.unsl.edu.ar\\\/#\\\/schema\\\/logo\\\/image\\\/\"},\"sameAs\":[\"https:\\\/\\\/www.facebook.com\\\/FICA.UNSL\\\/\",\"https:\\\/\\\/x.com\\\/FICAUNSL\",\"https:\\\/\\\/www.instagram.com\\\/fica.unsl\\\/\",\"https:\\\/\\\/www.youtube.com\\\/channel\\\/UCs2MM53gb2PyBrMySdtWZDQ\"]},{\"@type\":\"Person\",\"@id\":\"https:\\\/\\\/www.fica.unsl.edu.ar\\\/#\\\/schema\\\/person\\\/6058f9c66301868d3a691b1f5d6c3544\",\"name\":\"DATI\"}]}<\/script>\n<!-- \/ Yoast SEO plugin. -->","yoast_head_json":{"title":"\u201cLa ingenier\u00eda es un motor de transformaci\u00f3n orientado al bienestar de las personas\u201d - Facultad de Ingenier\u00eda y Ciencias Agropecuarias","robots":{"index":"index","follow":"follow","max-snippet":"max-snippet:-1","max-image-preview":"max-image-preview:large","max-video-preview":"max-video-preview:-1"},"canonical":"https:\/\/www.fica.unsl.edu.ar\/index.php\/semana-ingenieria-apertura\/","og_locale":"es_ES","og_type":"article","og_title":"\u201cLa ingenier\u00eda es un motor de transformaci\u00f3n orientado al bienestar de las personas\u201d - Facultad de Ingenier\u00eda y Ciencias Agropecuarias","og_description":"El decano de la FICA, Mgtr. Sergio Ribotta, destac\u00f3 el rol de la ingenier\u00eda como motor de cambio y desarrollo social, al tiempo que se&hellip;","og_url":"https:\/\/www.fica.unsl.edu.ar\/index.php\/semana-ingenieria-apertura\/","og_site_name":"Facultad de Ingenier\u00eda y Ciencias Agropecuarias","article_publisher":"https:\/\/www.facebook.com\/FICA.UNSL\/","article_published_time":"2023-06-07T20:50:40+00:00","article_modified_time":"2023-06-12T16:54:26+00:00","og_image":[{"width":1061,"height":585,"url":"https:\/\/www.fica.unsl.edu.ar\/wp-content\/uploads\/2023\/06\/apertura-muni-front.jpg","type":"image\/jpeg"}],"author":"DATI","twitter_card":"summary_large_image","twitter_creator":"@FICAUNSL","twitter_site":"@FICAUNSL","twitter_misc":{"Escrito por":"DATI","Tiempo de lectura":"5 minutos"},"schema":{"@context":"https:\/\/schema.org","@graph":[{"@type":"Article","@id":"https:\/\/www.fica.unsl.edu.ar\/index.php\/semana-ingenieria-apertura\/#article","isPartOf":{"@id":"https:\/\/www.fica.unsl.edu.ar\/index.php\/semana-ingenieria-apertura\/"},"author":{"name":"DATI","@id":"https:\/\/www.fica.unsl.edu.ar\/#\/schema\/person\/6058f9c66301868d3a691b1f5d6c3544"},"headline":"\u201cLa ingenier\u00eda es un motor de transformaci\u00f3n orientado al bienestar de las personas\u201d","datePublished":"2023-06-07T20:50:40+00:00","dateModified":"2023-06-12T16:54:26+00:00","mainEntityOfPage":{"@id":"https:\/\/www.fica.unsl.edu.ar\/index.php\/semana-ingenieria-apertura\/"},"wordCount":862,"publisher":{"@id":"https:\/\/www.fica.unsl.edu.ar\/#organization"},"image":{"@id":"https:\/\/www.fica.unsl.edu.ar\/index.php\/semana-ingenieria-apertura\/#primaryimage"},"thumbnailUrl":"https:\/\/www.fica.unsl.edu.ar\/wp-content\/uploads\/2023\/06\/apertura-muni-front.jpg","articleSection":["Noticias"],"inLanguage":"es-AR"},{"@type":"WebPage","@id":"https:\/\/www.fica.unsl.edu.ar\/index.php\/semana-ingenieria-apertura\/","url":"https:\/\/www.fica.unsl.edu.ar\/index.php\/semana-ingenieria-apertura\/","name":"\u201cLa ingenier\u00eda es un motor de transformaci\u00f3n orientado al bienestar de las personas\u201d - Facultad de Ingenier\u00eda y Ciencias Agropecuarias","isPartOf":{"@id":"https:\/\/www.fica.unsl.edu.ar\/#website"},"primaryImageOfPage":{"@id":"https:\/\/www.fica.unsl.edu.ar\/index.php\/semana-ingenieria-apertura\/#primaryimage"},"image":{"@id":"https:\/\/www.fica.unsl.edu.ar\/index.php\/semana-ingenieria-apertura\/#primaryimage"},"thumbnailUrl":"https:\/\/www.fica.unsl.edu.ar\/wp-content\/uploads\/2023\/06\/apertura-muni-front.jpg","datePublished":"2023-06-07T20:50:40+00:00","dateModified":"2023-06-12T16:54:26+00:00","inLanguage":"es-AR","potentialAction":[{"@type":"ReadAction","target":["https:\/\/www.fica.unsl.edu.ar\/index.php\/semana-ingenieria-apertura\/"]}]},{"@type":"ImageObject","inLanguage":"es-AR","@id":"https:\/\/www.fica.unsl.edu.ar\/index.php\/semana-ingenieria-apertura\/#primaryimage","url":"https:\/\/www.fica.unsl.edu.ar\/wp-content\/uploads\/2023\/06\/apertura-muni-front.jpg","contentUrl":"https:\/\/www.fica.unsl.edu.ar\/wp-content\/uploads\/2023\/06\/apertura-muni-front.jpg","width":1061,"height":585},{"@type":"WebSite","@id":"https:\/\/www.fica.unsl.edu.ar\/#website","url":"https:\/\/www.fica.unsl.edu.ar\/","name":"Facultad de Ingenier\u00eda y Ciencias Agropecuarias","description":"","publisher":{"@id":"https:\/\/www.fica.unsl.edu.ar\/#organization"},"potentialAction":[{"@type":"SearchAction","target":{"@type":"EntryPoint","urlTemplate":"https:\/\/www.fica.unsl.edu.ar\/?s={search_term_string}"},"query-input":{"@type":"PropertyValueSpecification","valueRequired":true,"valueName":"search_term_string"}}],"inLanguage":"es-AR"},{"@type":"Organization","@id":"https:\/\/www.fica.unsl.edu.ar\/#organization","name":"Facultad de Ingenier\u00eda y Ciencias Agropecuarias","url":"https:\/\/www.fica.unsl.edu.ar\/","logo":{"@type":"ImageObject","inLanguage":"es-AR","@id":"https:\/\/www.fica.unsl.edu.ar\/#\/schema\/logo\/image\/","url":"https:\/\/www.fica.unsl.edu.ar\/wp-content\/uploads\/2021\/03\/LOGO-1.jpg","contentUrl":"https:\/\/www.fica.unsl.edu.ar\/wp-content\/uploads\/2021\/03\/LOGO-1.jpg","width":463,"height":145,"caption":"Facultad de Ingenier\u00eda y Ciencias Agropecuarias"},"image":{"@id":"https:\/\/www.fica.unsl.edu.ar\/#\/schema\/logo\/image\/"},"sameAs":["https:\/\/www.facebook.com\/FICA.UNSL\/","https:\/\/x.com\/FICAUNSL","https:\/\/www.instagram.com\/fica.unsl\/","https:\/\/www.youtube.com\/channel\/UCs2MM53gb2PyBrMySdtWZDQ"]},{"@type":"Person","@id":"https:\/\/www.fica.unsl.edu.ar\/#\/schema\/person\/6058f9c66301868d3a691b1f5d6c3544","name":"DATI"}]}},"_links":{"self":[{"href":"https:\/\/www.fica.unsl.edu.ar\/index.php\/wp-json\/wp\/v2\/posts\/13451","targetHints":{"allow":["GET"]}}],"collection":[{"href":"https:\/\/www.fica.unsl.edu.ar\/index.php\/wp-json\/wp\/v2\/posts"}],"about":[{"href":"https:\/\/www.fica.unsl.edu.ar\/index.php\/wp-json\/wp\/v2\/types\/post"}],"author":[{"embeddable":true,"href":"https:\/\/www.fica.unsl.edu.ar\/index.php\/wp-json\/wp\/v2\/users\/9"}],"replies":[{"embeddable":true,"href":"https:\/\/www.fica.unsl.edu.ar\/index.php\/wp-json\/wp\/v2\/comments?post=13451"}],"version-history":[{"count":2,"href":"https:\/\/www.fica.unsl.edu.ar\/index.php\/wp-json\/wp\/v2\/posts\/13451\/revisions"}],"predecessor-version":[{"id":13463,"href":"https:\/\/www.fica.unsl.edu.ar\/index.php\/wp-json\/wp\/v2\/posts\/13451\/revisions\/13463"}],"wp:featuredmedia":[{"embeddable":true,"href":"https:\/\/www.fica.unsl.edu.ar\/index.php\/wp-json\/wp\/v2\/media\/13452"}],"wp:attachment":[{"href":"https:\/\/www.fica.unsl.edu.ar\/index.php\/wp-json\/wp\/v2\/media?parent=13451"}],"wp:term":[{"taxonomy":"category","embeddable":true,"href":"https:\/\/www.fica.unsl.edu.ar\/index.php\/wp-json\/wp\/v2\/categories?post=13451"},{"taxonomy":"post_tag","embeddable":true,"href":"https:\/\/www.fica.unsl.edu.ar\/index.php\/wp-json\/wp\/v2\/tags?post=13451"}],"curies":[{"name":"wp","href":"https:\/\/api.w.org\/{rel}","templated":true}]}}