{"id":13457,"date":"2023-06-06T23:25:57","date_gmt":"2023-06-07T02:25:57","guid":{"rendered":"http:\/\/10.101.10.196\/www\/?p=13457"},"modified":"2023-06-12T13:54:37","modified_gmt":"2023-06-12T16:54:37","slug":"mujeres-ingenieras-cuentan-sus-historias-de-vida","status":"publish","type":"post","link":"https:\/\/www.fica.unsl.edu.ar\/index.php\/mujeres-ingenieras-cuentan-sus-historias-de-vida\/","title":{"rendered":"Mujeres ingenieras cuentan sus historias de vida"},"content":{"rendered":"<p>Dos actividades incluidas en la <strong>\u201cSemana de la Ingenier\u00eda \u2013 Semana FICA\u201d<\/strong> se enfocaron en historias de vida. Y las que aportaron sus experiencias fueron mujeres que decidieron estudiar ingenier\u00edas y algunas de ellas ejercen cargos de liderazgo en el campo laboral. En todos los casos, el punto com\u00fan fue y es enfrentar desaf\u00edos.<\/p>\n<p>La primera actividad tuvo lugar el martes 6 de junio, el D\u00eda de la Ingenier\u00eda, en Casa de la Cultura, con el nombre de <strong>\u201cMujeres en Ingenier\u00eda\u00a0 &#8211; Ver para Creer\u201d<\/strong>, a cargo de la <strong>ingeniera, Patricia Gimeno<\/strong>, secretaria Acad\u00e9mica de la Facultad de Ingenier\u00eda y Ciencias Agropecuarias de la UNSL.<\/p>\n<p>\u201cEsta actividad estuvo asociada m\u00e1s que nada a dar visibilidad a las mujeres que estudiaron ingenier\u00eda. Hicimos una convocatoria para que se sumen a contar sus historias, por qu\u00e9 eligieron la carrera, c\u00f3mo es o fue el paso por la universidad, los desaf\u00edos personales que enfrentaron, entre otros aspectos\u201d, coment\u00f3 Gimeno.<\/p>\n<p><img fetchpriority=\"high\" decoding=\"async\" class=\"aligncenter size-full wp-image-13459\" src=\"https:\/\/www.fica.unsl.edu.ar\/wp-content\/uploads\/2023\/06\/mujer-03.jpg\" alt=\"\" width=\"1061\" height=\"585\" srcset=\"https:\/\/www.fica.unsl.edu.ar\/wp-content\/uploads\/2023\/06\/mujer-03.jpg 1061w, https:\/\/www.fica.unsl.edu.ar\/wp-content\/uploads\/2023\/06\/mujer-03-300x165.jpg 300w, https:\/\/www.fica.unsl.edu.ar\/wp-content\/uploads\/2023\/06\/mujer-03-1024x565.jpg 1024w, https:\/\/www.fica.unsl.edu.ar\/wp-content\/uploads\/2023\/06\/mujer-03-768x423.jpg 768w\" sizes=\"(max-width: 1061px) 100vw, 1061px\" \/><\/p>\n<p>La idea surgi\u00f3 de un proyecto amplio e internacional, ya que la FICA decidi\u00f3 este a\u00f1o replicar una iniciativa del Confedi (Consejo Federal de Decanos de Ingenier\u00eda), organismo que, junto con otras instituciones y consorcios de Latinoam\u00e9rica y el Caribe, plantearon la iniciativa de visibilizar el rol de la mujer en la ingenier\u00eda y trabajar por la igualdad de los derechos de las mujeres en este \u00e1mbito.<\/p>\n<p>Se trata del proyecto llamado \u201cMatilda y las Mujeres en Ingenier\u00eda\u201d, una iniciativa para el debate y la reflexi\u00f3n sobre la participaci\u00f3n de las mujeres en el \u00e1mbito de las vocaciones por la ingenier\u00eda en Am\u00e9rica Latina y el Caribe. Surge y se promueva a trav\u00e9s del CONFEDI, ACOFI y LACCEI (Latin American and Caribbean Consortium of Engineering Institutions) que se constituyen como Miembros Directivos Fundadores de este espacio acad\u00e9mico.<\/p>\n<p>En la FICA decidieron este a\u00f1o sumarse a esa propuesta por medio de las experiencias que puedan contar las ingenieras que transitaron por la facultad. Las historias de vida ser\u00e1n publicadas en la revista IndentiFICA, que saldr\u00e1 en agosto pr\u00f3ximo.<\/p>\n<p>\u201cNosotros buscamos replicar de esta manera la misma idea. Este a\u00f1o recopilamos historias de ingenierias de nuestra facultad. El prop\u00f3sito era que cuenten historias desde lo personal, porque quer\u00edamos visibilizar sus experiencias, c\u00f3mo eligieron su carrera, c\u00f3mo fue su paso por la universidad, los desaf\u00edos personales que han tenido. Creemos que eso siempre ayuda para que otras mujeres vean que esta profesi\u00f3n es algo factible\u201d, insisti\u00f3.<\/p>\n<p><img decoding=\"async\" class=\"aligncenter size-full wp-image-13458\" src=\"https:\/\/www.fica.unsl.edu.ar\/wp-content\/uploads\/2023\/06\/mujer-02.jpg\" alt=\"\" width=\"1061\" height=\"585\" srcset=\"https:\/\/www.fica.unsl.edu.ar\/wp-content\/uploads\/2023\/06\/mujer-02.jpg 1061w, https:\/\/www.fica.unsl.edu.ar\/wp-content\/uploads\/2023\/06\/mujer-02-300x165.jpg 300w, https:\/\/www.fica.unsl.edu.ar\/wp-content\/uploads\/2023\/06\/mujer-02-1024x565.jpg 1024w, https:\/\/www.fica.unsl.edu.ar\/wp-content\/uploads\/2023\/06\/mujer-02-768x423.jpg 768w\" sizes=\"(max-width: 1061px) 100vw, 1061px\" \/><\/p>\n<p>\u201cNo se sumaron tantas como esper\u00e1bamos, ya que son nueve art\u00edculos, a pesar que tenemos muchas m\u00e1s en las carreras de ingenier\u00eda, pero sabemos que siempre cuesta cuando uno empieza. No obstante, las historias son riqu\u00edsimas. Tenemos de diferentes profesiones y situaciones. Realmente son muy interesantes\u201d, indic\u00f3.<\/p>\n<p>De esa manera, junto con las ponencias que se expondr\u00e1n durante la Semana de la Ingenier\u00eda, tambi\u00e9n se podr\u00e1n conocer las nueve experiencias de las mujeres ingenieras que saldr\u00e1n en IdentiFICA. \u201cEstamos convencidas de que ser\u00e1 una motivaci\u00f3n m\u00e1s para que las chicas se decidan a estudiar estas carreras\u201d, remarc\u00f3.<\/p>\n<p>&nbsp;<\/p>\n<p><strong>Mesa Debate<\/strong><\/p>\n<p>En el mismo D\u00eda de la Ingenier\u00eda, pero en horas de la tarde y en el campus del Centro Universitario Villa Mercedes, Gimeno estuvo a cargo de la coordinaci\u00f3n de otra actividad vinculada con el rol de la mujer y las ciencias: la \u201cMesa de Debate sobre Liderazgo Femenino en Ingenier\u00eda\u201d.<\/p>\n<p>El lugar para esta actividad, tambi\u00e9n realizada en el marco de la Semana de la Ingenier\u00eda, fue el Aula 18 del campus. All\u00ec. siete ingenieras, algunas de ellas egresadas de la FICA y que actualmente ejercen liderazgos en el \u00e1mbito laboral, contaron sus experiencias.<\/p>\n<p>\u201cSon roles que muchas veces no suelen ser tan reconocidos para mujeres, por eso fue muy interante escuchar cu\u00e1les fueron los desaf\u00edos que enfrentaron y enfrentan. \u00a0Tambi\u00e9n saber si al momento de decidir una carrera, tuvieron que posponer otras cuestiones, como por ejemplo la familia. Por eso, la importancia de escuchar en primera persona a quienes est\u00e1n ejerciendo liderazgos nos pareci\u00f3 interesante e importante\u201d, se\u00f1al\u00f3 la secretaria Acad\u00e9mica de la FICA.<\/p>\n<p>Las invitadas, algunas con funciones de liderazgo en empresas como Procter &amp; Gamble, Glovocil o en la funci\u00f3n p\u00f9blica, como la Municipalidad de Villa Mercedes, se refirieron a los desaf\u00edos que enfrentan para concilar el trabajo con la vida personal. M\u00e1s a\u00fan, cuando el estilo de liderzgo \u201cexige que unicamente uno se dedique al trabajo y deje de lado otras cuestiones que le interesan en la vida\u201d, aclar\u00f3 Gimeno.<\/p>\n<p>Remarc\u00f3 que la posibilidad de escuchar estos testimonios en primera persona fue algo \u201cmuy bueno\u201d, ya que \u201clas chicas van a entender muy bien cu\u00e1les son en la realidad los desaf\u00edos que deben enfrentar y pueden superar. Tambi\u00e9n porque creemos que la identificaci\u00f3n personal es muy motivadora\u201d.<\/p>\n<p><img decoding=\"async\" class=\"aligncenter size-full wp-image-13460\" src=\"https:\/\/www.fica.unsl.edu.ar\/wp-content\/uploads\/2023\/06\/mujer-04.jpg\" alt=\"\" width=\"1061\" height=\"585\" srcset=\"https:\/\/www.fica.unsl.edu.ar\/wp-content\/uploads\/2023\/06\/mujer-04.jpg 1061w, https:\/\/www.fica.unsl.edu.ar\/wp-content\/uploads\/2023\/06\/mujer-04-300x165.jpg 300w, https:\/\/www.fica.unsl.edu.ar\/wp-content\/uploads\/2023\/06\/mujer-04-1024x565.jpg 1024w, https:\/\/www.fica.unsl.edu.ar\/wp-content\/uploads\/2023\/06\/mujer-04-768x423.jpg 768w\" sizes=\"(max-width: 1061px) 100vw, 1061px\" \/><\/p>\n<p>Nota: Jos\u00e9 Luis Baigorria. Radio UNSL Villa Mercedes<\/p>\n","protected":false},"excerpt":{"rendered":"<p>Dos actividades incluidas en la \u201cSemana de la Ingenier\u00eda \u2013 Semana FICA\u201d se enfocaron en historias de vida. Y las que aportaron sus experiencias fueron&hellip;<\/p>\n","protected":false},"author":9,"featured_media":13461,"comment_status":"closed","ping_status":"closed","sticky":false,"template":"","format":"standard","meta":{"_monsterinsights_skip_tracking":false,"_monsterinsights_sitenote_active":false,"_monsterinsights_sitenote_note":"","_monsterinsights_sitenote_category":0,"_joinchat":[],"footnotes":""},"categories":[19],"tags":[],"class_list":["post-13457","post","type-post","status-publish","format-standard","has-post-thumbnail","hentry","category-noticias"],"yoast_head":"<!-- This site is optimized with the Yoast SEO plugin v27.4 - https:\/\/yoast.com\/product\/yoast-seo-wordpress\/ -->\n<title>Mujeres ingenieras cuentan sus historias de vida - Facultad de Ingenier\u00eda y Ciencias Agropecuarias<\/title>\n<meta name=\"robots\" content=\"index, follow, max-snippet:-1, max-image-preview:large, max-video-preview:-1\" \/>\n<link rel=\"canonical\" href=\"https:\/\/www.fica.unsl.edu.ar\/index.php\/mujeres-ingenieras-cuentan-sus-historias-de-vida\/\" \/>\n<meta property=\"og:locale\" content=\"es_ES\" \/>\n<meta property=\"og:type\" content=\"article\" \/>\n<meta property=\"og:title\" content=\"Mujeres ingenieras cuentan sus historias de vida - Facultad de Ingenier\u00eda y Ciencias Agropecuarias\" \/>\n<meta property=\"og:description\" content=\"Dos actividades incluidas en la \u201cSemana de la Ingenier\u00eda \u2013 Semana FICA\u201d se enfocaron en historias de vida. Y las que aportaron sus experiencias fueron&hellip;\" \/>\n<meta property=\"og:url\" content=\"https:\/\/www.fica.unsl.edu.ar\/index.php\/mujeres-ingenieras-cuentan-sus-historias-de-vida\/\" \/>\n<meta property=\"og:site_name\" content=\"Facultad de Ingenier\u00eda y Ciencias Agropecuarias\" \/>\n<meta property=\"article:publisher\" content=\"https:\/\/www.facebook.com\/FICA.UNSL\/\" \/>\n<meta property=\"article:published_time\" content=\"2023-06-07T02:25:57+00:00\" \/>\n<meta property=\"article:modified_time\" content=\"2023-06-12T16:54:37+00:00\" \/>\n<meta property=\"og:image\" content=\"https:\/\/www.fica.unsl.edu.ar\/wp-content\/uploads\/2023\/06\/mujer-front.jpg\" \/>\n\t<meta property=\"og:image:width\" content=\"1061\" \/>\n\t<meta property=\"og:image:height\" content=\"585\" \/>\n\t<meta property=\"og:image:type\" content=\"image\/jpeg\" \/>\n<meta name=\"author\" content=\"DATI\" \/>\n<meta name=\"twitter:card\" content=\"summary_large_image\" \/>\n<meta name=\"twitter:creator\" content=\"@FICAUNSL\" \/>\n<meta name=\"twitter:site\" content=\"@FICAUNSL\" \/>\n<meta name=\"twitter:label1\" content=\"Escrito por\" \/>\n\t<meta name=\"twitter:data1\" content=\"DATI\" \/>\n\t<meta name=\"twitter:label2\" content=\"Tiempo de lectura\" \/>\n\t<meta name=\"twitter:data2\" content=\"5 minutos\" \/>\n<script type=\"application\/ld+json\" class=\"yoast-schema-graph\">{\"@context\":\"https:\\\/\\\/schema.org\",\"@graph\":[{\"@type\":\"Article\",\"@id\":\"https:\\\/\\\/www.fica.unsl.edu.ar\\\/index.php\\\/mujeres-ingenieras-cuentan-sus-historias-de-vida\\\/#article\",\"isPartOf\":{\"@id\":\"https:\\\/\\\/www.fica.unsl.edu.ar\\\/index.php\\\/mujeres-ingenieras-cuentan-sus-historias-de-vida\\\/\"},\"author\":{\"name\":\"DATI\",\"@id\":\"https:\\\/\\\/www.fica.unsl.edu.ar\\\/#\\\/schema\\\/person\\\/6058f9c66301868d3a691b1f5d6c3544\"},\"headline\":\"Mujeres ingenieras cuentan sus historias de vida\",\"datePublished\":\"2023-06-07T02:25:57+00:00\",\"dateModified\":\"2023-06-12T16:54:37+00:00\",\"mainEntityOfPage\":{\"@id\":\"https:\\\/\\\/www.fica.unsl.edu.ar\\\/index.php\\\/mujeres-ingenieras-cuentan-sus-historias-de-vida\\\/\"},\"wordCount\":860,\"publisher\":{\"@id\":\"https:\\\/\\\/www.fica.unsl.edu.ar\\\/#organization\"},\"image\":{\"@id\":\"https:\\\/\\\/www.fica.unsl.edu.ar\\\/index.php\\\/mujeres-ingenieras-cuentan-sus-historias-de-vida\\\/#primaryimage\"},\"thumbnailUrl\":\"https:\\\/\\\/www.fica.unsl.edu.ar\\\/wp-content\\\/uploads\\\/2023\\\/06\\\/mujer-front.jpg\",\"articleSection\":[\"Noticias\"],\"inLanguage\":\"es-AR\"},{\"@type\":\"WebPage\",\"@id\":\"https:\\\/\\\/www.fica.unsl.edu.ar\\\/index.php\\\/mujeres-ingenieras-cuentan-sus-historias-de-vida\\\/\",\"url\":\"https:\\\/\\\/www.fica.unsl.edu.ar\\\/index.php\\\/mujeres-ingenieras-cuentan-sus-historias-de-vida\\\/\",\"name\":\"Mujeres ingenieras cuentan sus historias de vida - Facultad de Ingenier\u00eda y Ciencias Agropecuarias\",\"isPartOf\":{\"@id\":\"https:\\\/\\\/www.fica.unsl.edu.ar\\\/#website\"},\"primaryImageOfPage\":{\"@id\":\"https:\\\/\\\/www.fica.unsl.edu.ar\\\/index.php\\\/mujeres-ingenieras-cuentan-sus-historias-de-vida\\\/#primaryimage\"},\"image\":{\"@id\":\"https:\\\/\\\/www.fica.unsl.edu.ar\\\/index.php\\\/mujeres-ingenieras-cuentan-sus-historias-de-vida\\\/#primaryimage\"},\"thumbnailUrl\":\"https:\\\/\\\/www.fica.unsl.edu.ar\\\/wp-content\\\/uploads\\\/2023\\\/06\\\/mujer-front.jpg\",\"datePublished\":\"2023-06-07T02:25:57+00:00\",\"dateModified\":\"2023-06-12T16:54:37+00:00\",\"inLanguage\":\"es-AR\",\"potentialAction\":[{\"@type\":\"ReadAction\",\"target\":[\"https:\\\/\\\/www.fica.unsl.edu.ar\\\/index.php\\\/mujeres-ingenieras-cuentan-sus-historias-de-vida\\\/\"]}]},{\"@type\":\"ImageObject\",\"inLanguage\":\"es-AR\",\"@id\":\"https:\\\/\\\/www.fica.unsl.edu.ar\\\/index.php\\\/mujeres-ingenieras-cuentan-sus-historias-de-vida\\\/#primaryimage\",\"url\":\"https:\\\/\\\/www.fica.unsl.edu.ar\\\/wp-content\\\/uploads\\\/2023\\\/06\\\/mujer-front.jpg\",\"contentUrl\":\"https:\\\/\\\/www.fica.unsl.edu.ar\\\/wp-content\\\/uploads\\\/2023\\\/06\\\/mujer-front.jpg\",\"width\":1061,\"height\":585},{\"@type\":\"WebSite\",\"@id\":\"https:\\\/\\\/www.fica.unsl.edu.ar\\\/#website\",\"url\":\"https:\\\/\\\/www.fica.unsl.edu.ar\\\/\",\"name\":\"Facultad de Ingenier\u00eda y Ciencias Agropecuarias\",\"description\":\"\",\"publisher\":{\"@id\":\"https:\\\/\\\/www.fica.unsl.edu.ar\\\/#organization\"},\"potentialAction\":[{\"@type\":\"SearchAction\",\"target\":{\"@type\":\"EntryPoint\",\"urlTemplate\":\"https:\\\/\\\/www.fica.unsl.edu.ar\\\/?s={search_term_string}\"},\"query-input\":{\"@type\":\"PropertyValueSpecification\",\"valueRequired\":true,\"valueName\":\"search_term_string\"}}],\"inLanguage\":\"es-AR\"},{\"@type\":\"Organization\",\"@id\":\"https:\\\/\\\/www.fica.unsl.edu.ar\\\/#organization\",\"name\":\"Facultad de Ingenier\u00eda y Ciencias Agropecuarias\",\"url\":\"https:\\\/\\\/www.fica.unsl.edu.ar\\\/\",\"logo\":{\"@type\":\"ImageObject\",\"inLanguage\":\"es-AR\",\"@id\":\"https:\\\/\\\/www.fica.unsl.edu.ar\\\/#\\\/schema\\\/logo\\\/image\\\/\",\"url\":\"https:\\\/\\\/www.fica.unsl.edu.ar\\\/wp-content\\\/uploads\\\/2021\\\/03\\\/LOGO-1.jpg\",\"contentUrl\":\"https:\\\/\\\/www.fica.unsl.edu.ar\\\/wp-content\\\/uploads\\\/2021\\\/03\\\/LOGO-1.jpg\",\"width\":463,\"height\":145,\"caption\":\"Facultad de Ingenier\u00eda y Ciencias Agropecuarias\"},\"image\":{\"@id\":\"https:\\\/\\\/www.fica.unsl.edu.ar\\\/#\\\/schema\\\/logo\\\/image\\\/\"},\"sameAs\":[\"https:\\\/\\\/www.facebook.com\\\/FICA.UNSL\\\/\",\"https:\\\/\\\/x.com\\\/FICAUNSL\",\"https:\\\/\\\/www.instagram.com\\\/fica.unsl\\\/\",\"https:\\\/\\\/www.youtube.com\\\/channel\\\/UCs2MM53gb2PyBrMySdtWZDQ\"]},{\"@type\":\"Person\",\"@id\":\"https:\\\/\\\/www.fica.unsl.edu.ar\\\/#\\\/schema\\\/person\\\/6058f9c66301868d3a691b1f5d6c3544\",\"name\":\"DATI\"}]}<\/script>\n<!-- \/ Yoast SEO plugin. -->","yoast_head_json":{"title":"Mujeres ingenieras cuentan sus historias de vida - Facultad de Ingenier\u00eda y Ciencias Agropecuarias","robots":{"index":"index","follow":"follow","max-snippet":"max-snippet:-1","max-image-preview":"max-image-preview:large","max-video-preview":"max-video-preview:-1"},"canonical":"https:\/\/www.fica.unsl.edu.ar\/index.php\/mujeres-ingenieras-cuentan-sus-historias-de-vida\/","og_locale":"es_ES","og_type":"article","og_title":"Mujeres ingenieras cuentan sus historias de vida - Facultad de Ingenier\u00eda y Ciencias Agropecuarias","og_description":"Dos actividades incluidas en la \u201cSemana de la Ingenier\u00eda \u2013 Semana FICA\u201d se enfocaron en historias de vida. Y las que aportaron sus experiencias fueron&hellip;","og_url":"https:\/\/www.fica.unsl.edu.ar\/index.php\/mujeres-ingenieras-cuentan-sus-historias-de-vida\/","og_site_name":"Facultad de Ingenier\u00eda y Ciencias Agropecuarias","article_publisher":"https:\/\/www.facebook.com\/FICA.UNSL\/","article_published_time":"2023-06-07T02:25:57+00:00","article_modified_time":"2023-06-12T16:54:37+00:00","og_image":[{"width":1061,"height":585,"url":"https:\/\/www.fica.unsl.edu.ar\/wp-content\/uploads\/2023\/06\/mujer-front.jpg","type":"image\/jpeg"}],"author":"DATI","twitter_card":"summary_large_image","twitter_creator":"@FICAUNSL","twitter_site":"@FICAUNSL","twitter_misc":{"Escrito por":"DATI","Tiempo de lectura":"5 minutos"},"schema":{"@context":"https:\/\/schema.org","@graph":[{"@type":"Article","@id":"https:\/\/www.fica.unsl.edu.ar\/index.php\/mujeres-ingenieras-cuentan-sus-historias-de-vida\/#article","isPartOf":{"@id":"https:\/\/www.fica.unsl.edu.ar\/index.php\/mujeres-ingenieras-cuentan-sus-historias-de-vida\/"},"author":{"name":"DATI","@id":"https:\/\/www.fica.unsl.edu.ar\/#\/schema\/person\/6058f9c66301868d3a691b1f5d6c3544"},"headline":"Mujeres ingenieras cuentan sus historias de vida","datePublished":"2023-06-07T02:25:57+00:00","dateModified":"2023-06-12T16:54:37+00:00","mainEntityOfPage":{"@id":"https:\/\/www.fica.unsl.edu.ar\/index.php\/mujeres-ingenieras-cuentan-sus-historias-de-vida\/"},"wordCount":860,"publisher":{"@id":"https:\/\/www.fica.unsl.edu.ar\/#organization"},"image":{"@id":"https:\/\/www.fica.unsl.edu.ar\/index.php\/mujeres-ingenieras-cuentan-sus-historias-de-vida\/#primaryimage"},"thumbnailUrl":"https:\/\/www.fica.unsl.edu.ar\/wp-content\/uploads\/2023\/06\/mujer-front.jpg","articleSection":["Noticias"],"inLanguage":"es-AR"},{"@type":"WebPage","@id":"https:\/\/www.fica.unsl.edu.ar\/index.php\/mujeres-ingenieras-cuentan-sus-historias-de-vida\/","url":"https:\/\/www.fica.unsl.edu.ar\/index.php\/mujeres-ingenieras-cuentan-sus-historias-de-vida\/","name":"Mujeres ingenieras cuentan sus historias de vida - Facultad de Ingenier\u00eda y Ciencias Agropecuarias","isPartOf":{"@id":"https:\/\/www.fica.unsl.edu.ar\/#website"},"primaryImageOfPage":{"@id":"https:\/\/www.fica.unsl.edu.ar\/index.php\/mujeres-ingenieras-cuentan-sus-historias-de-vida\/#primaryimage"},"image":{"@id":"https:\/\/www.fica.unsl.edu.ar\/index.php\/mujeres-ingenieras-cuentan-sus-historias-de-vida\/#primaryimage"},"thumbnailUrl":"https:\/\/www.fica.unsl.edu.ar\/wp-content\/uploads\/2023\/06\/mujer-front.jpg","datePublished":"2023-06-07T02:25:57+00:00","dateModified":"2023-06-12T16:54:37+00:00","inLanguage":"es-AR","potentialAction":[{"@type":"ReadAction","target":["https:\/\/www.fica.unsl.edu.ar\/index.php\/mujeres-ingenieras-cuentan-sus-historias-de-vida\/"]}]},{"@type":"ImageObject","inLanguage":"es-AR","@id":"https:\/\/www.fica.unsl.edu.ar\/index.php\/mujeres-ingenieras-cuentan-sus-historias-de-vida\/#primaryimage","url":"https:\/\/www.fica.unsl.edu.ar\/wp-content\/uploads\/2023\/06\/mujer-front.jpg","contentUrl":"https:\/\/www.fica.unsl.edu.ar\/wp-content\/uploads\/2023\/06\/mujer-front.jpg","width":1061,"height":585},{"@type":"WebSite","@id":"https:\/\/www.fica.unsl.edu.ar\/#website","url":"https:\/\/www.fica.unsl.edu.ar\/","name":"Facultad de Ingenier\u00eda y Ciencias Agropecuarias","description":"","publisher":{"@id":"https:\/\/www.fica.unsl.edu.ar\/#organization"},"potentialAction":[{"@type":"SearchAction","target":{"@type":"EntryPoint","urlTemplate":"https:\/\/www.fica.unsl.edu.ar\/?s={search_term_string}"},"query-input":{"@type":"PropertyValueSpecification","valueRequired":true,"valueName":"search_term_string"}}],"inLanguage":"es-AR"},{"@type":"Organization","@id":"https:\/\/www.fica.unsl.edu.ar\/#organization","name":"Facultad de Ingenier\u00eda y Ciencias Agropecuarias","url":"https:\/\/www.fica.unsl.edu.ar\/","logo":{"@type":"ImageObject","inLanguage":"es-AR","@id":"https:\/\/www.fica.unsl.edu.ar\/#\/schema\/logo\/image\/","url":"https:\/\/www.fica.unsl.edu.ar\/wp-content\/uploads\/2021\/03\/LOGO-1.jpg","contentUrl":"https:\/\/www.fica.unsl.edu.ar\/wp-content\/uploads\/2021\/03\/LOGO-1.jpg","width":463,"height":145,"caption":"Facultad de Ingenier\u00eda y Ciencias Agropecuarias"},"image":{"@id":"https:\/\/www.fica.unsl.edu.ar\/#\/schema\/logo\/image\/"},"sameAs":["https:\/\/www.facebook.com\/FICA.UNSL\/","https:\/\/x.com\/FICAUNSL","https:\/\/www.instagram.com\/fica.unsl\/","https:\/\/www.youtube.com\/channel\/UCs2MM53gb2PyBrMySdtWZDQ"]},{"@type":"Person","@id":"https:\/\/www.fica.unsl.edu.ar\/#\/schema\/person\/6058f9c66301868d3a691b1f5d6c3544","name":"DATI"}]}},"_links":{"self":[{"href":"https:\/\/www.fica.unsl.edu.ar\/index.php\/wp-json\/wp\/v2\/posts\/13457","targetHints":{"allow":["GET"]}}],"collection":[{"href":"https:\/\/www.fica.unsl.edu.ar\/index.php\/wp-json\/wp\/v2\/posts"}],"about":[{"href":"https:\/\/www.fica.unsl.edu.ar\/index.php\/wp-json\/wp\/v2\/types\/post"}],"author":[{"embeddable":true,"href":"https:\/\/www.fica.unsl.edu.ar\/index.php\/wp-json\/wp\/v2\/users\/9"}],"replies":[{"embeddable":true,"href":"https:\/\/www.fica.unsl.edu.ar\/index.php\/wp-json\/wp\/v2\/comments?post=13457"}],"version-history":[{"count":1,"href":"https:\/\/www.fica.unsl.edu.ar\/index.php\/wp-json\/wp\/v2\/posts\/13457\/revisions"}],"predecessor-version":[{"id":13462,"href":"https:\/\/www.fica.unsl.edu.ar\/index.php\/wp-json\/wp\/v2\/posts\/13457\/revisions\/13462"}],"wp:featuredmedia":[{"embeddable":true,"href":"https:\/\/www.fica.unsl.edu.ar\/index.php\/wp-json\/wp\/v2\/media\/13461"}],"wp:attachment":[{"href":"https:\/\/www.fica.unsl.edu.ar\/index.php\/wp-json\/wp\/v2\/media?parent=13457"}],"wp:term":[{"taxonomy":"category","embeddable":true,"href":"https:\/\/www.fica.unsl.edu.ar\/index.php\/wp-json\/wp\/v2\/categories?post=13457"},{"taxonomy":"post_tag","embeddable":true,"href":"https:\/\/www.fica.unsl.edu.ar\/index.php\/wp-json\/wp\/v2\/tags?post=13457"}],"curies":[{"name":"wp","href":"https:\/\/api.w.org\/{rel}","templated":true}]}}