{"id":13466,"date":"2023-06-06T08:16:53","date_gmt":"2023-06-06T11:16:53","guid":{"rendered":"http:\/\/10.101.10.196\/www\/?p=13466"},"modified":"2023-06-08T08:22:42","modified_gmt":"2023-06-08T11:22:42","slug":"el-dr-jose-luis-zamorano-gomez-recibio-el-titulo-honorifico-de-la-unsl","status":"publish","type":"post","link":"https:\/\/www.fica.unsl.edu.ar\/index.php\/el-dr-jose-luis-zamorano-gomez-recibio-el-titulo-honorifico-de-la-unsl\/","title":{"rendered":"El Dr. Jos\u00e9 Luis Zamorano G\u00f3mez recibi\u00f3 el t\u00edtulo honor\u00edfico de la UNSL"},"content":{"rendered":"<p><strong>El prestigioso cardi\u00f3logo se convirti\u00f3 en una nueva personalidad reconocida por la Universidad Nacional de San Luis (UNSL) por su amplia trayectoria y m\u00faltiples contribuciones en el campo de la cardiolog\u00eda. El acto se realiz\u00f3 en el Sal\u00f3n de la Puntanidad de Terrazas del Portezuelo, donde brind\u00f3 su conferencia magistral:\u00a0<\/strong><em><strong>Actualidad en Cardio-oncolog\u00eda<\/strong><\/em><strong>.<\/strong><\/p>\n<p>La distinci\u00f3n estuvo enmarcada en las actividades que se desarrollaron en el Simposio Internacional:<em>\u00a0Pre Congreso Federaci\u00f3n Argentina de Cardiolog\u00eda 2023<\/em>, que incluyeron las\u00a0<em>Jornadas Puntanas Multidisciplinarias en Oncolog\u00eda.<\/em><\/p>\n<p>El evento comenz\u00f3 con la conformaci\u00f3n de la mesa acad\u00e9mica, integrada por el secretario General, Dr. Ra\u00fal Gil, en representaci\u00f3n del Rector de la UNSL; por el secretario de Relaciones Interinstitucionales, Dr. F\u00e9lix Nieto Quintas y el Dr. Jos\u00e9 Luis Zamorano G\u00f3mez, vicepresidente de la Sociedad Europea de Cardiolog\u00eda.<\/p>\n<p>En un primer momento se dio lectura de la resoluci\u00f3n que materializaba la entrega del Doctorado Honoris Causa. Luego, el Secretario General de la UNSL tom\u00f3 la palabra.<\/p>\n<p><img decoding=\"async\" src=\"https:\/\/www.noticias.unsl.edu.ar\/wp-content\/uploads\/2023\/05\/WhatsApp-Image-2023-06-01-at-10.46.47-1000x600.jpeg\" \/><\/p>\n<p>En su discurso, el funcionario expres\u00f3 que era un honor estar all\u00ed en representaci\u00f3n del Rector, en el acto de mayor solemnidad para nuestra Universidad.\u00a0<em>\u00abEstoy convencido que esta es una situaci\u00f3n en la que el premiado es el que distingue a nuestra Instituci\u00f3n, aceptando el reconocimiento (\u2026) es una ocasi\u00f3n en que la Universidad Nacional de San Luis desea mostrar a nuestra comunidad a quienes queremos poner como ejemplo, queremos imitar y buscamos visibilizar\u00bb<\/em>, expres\u00f3 Gil.<\/p>\n<p>Seguidamente, se realiz\u00f3 la entrega formal del diploma y la placa al Dr. Zamorano. El distinguido brind\u00f3 unas palabras al p\u00fablico presente. En ellas expres\u00f3 su agradecimiento por el cari\u00f1o con el que fue recibido por parte de la Universidad Nacional de San Luis y por recibir la mayor distinci\u00f3n que un profesor acad\u00e9mico puede recibir.\u00a0<em>\u00abEsto implica una enorme responsabilidad (\u2026) ser profesor universitario es un compromiso de por vida, es docencia de por vida, es poder ayudar y sentir el privilegio de hacer que nuestros alumnos sean mejores de por vida y que la sociedad sea m\u00e1s justa\u00bb<\/em>, sostuvo.<\/p>\n<p>Luego, comenz\u00f3 su conferencia magistral:\u00a0<em>Actualidad en cardio-oncolog\u00eda<\/em>.<\/p>\n<p>Foto de portada: gentileza Prensa Secretar\u00eda General<br \/>\nFotos internas: gentileza UNSL TV<\/p>\n","protected":false},"excerpt":{"rendered":"<p>El prestigioso cardi\u00f3logo se convirti\u00f3 en una nueva personalidad reconocida por la Universidad Nacional de San Luis (UNSL) por su amplia trayectoria y m\u00faltiples contribuciones&hellip;<\/p>\n","protected":false},"author":9,"featured_media":13467,"comment_status":"closed","ping_status":"closed","sticky":false,"template":"","format":"standard","meta":{"_monsterinsights_skip_tracking":false,"_monsterinsights_sitenote_active":false,"_monsterinsights_sitenote_note":"","_monsterinsights_sitenote_category":0,"_joinchat":[],"footnotes":""},"categories":[19],"tags":[],"class_list":["post-13466","post","type-post","status-publish","format-standard","has-post-thumbnail","hentry","category-noticias"],"yoast_head":"<!-- This site is optimized with the Yoast SEO plugin v27.4 - https:\/\/yoast.com\/product\/yoast-seo-wordpress\/ -->\n<title>El Dr. Jos\u00e9 Luis Zamorano G\u00f3mez recibi\u00f3 el t\u00edtulo honor\u00edfico de la UNSL - Facultad de Ingenier\u00eda y Ciencias Agropecuarias<\/title>\n<meta name=\"robots\" content=\"index, follow, max-snippet:-1, max-image-preview:large, max-video-preview:-1\" \/>\n<link rel=\"canonical\" href=\"https:\/\/www.fica.unsl.edu.ar\/index.php\/el-dr-jose-luis-zamorano-gomez-recibio-el-titulo-honorifico-de-la-unsl\/\" \/>\n<meta property=\"og:locale\" content=\"es_ES\" \/>\n<meta property=\"og:type\" content=\"article\" \/>\n<meta property=\"og:title\" content=\"El Dr. Jos\u00e9 Luis Zamorano G\u00f3mez recibi\u00f3 el t\u00edtulo honor\u00edfico de la UNSL - Facultad de Ingenier\u00eda y Ciencias Agropecuarias\" \/>\n<meta property=\"og:description\" content=\"El prestigioso cardi\u00f3logo se convirti\u00f3 en una nueva personalidad reconocida por la Universidad Nacional de San Luis (UNSL) por su amplia trayectoria y m\u00faltiples contribuciones&hellip;\" \/>\n<meta property=\"og:url\" content=\"https:\/\/www.fica.unsl.edu.ar\/index.php\/el-dr-jose-luis-zamorano-gomez-recibio-el-titulo-honorifico-de-la-unsl\/\" \/>\n<meta property=\"og:site_name\" content=\"Facultad de Ingenier\u00eda y Ciencias Agropecuarias\" \/>\n<meta property=\"article:publisher\" content=\"https:\/\/www.facebook.com\/FICA.UNSL\/\" \/>\n<meta property=\"article:published_time\" content=\"2023-06-06T11:16:53+00:00\" \/>\n<meta property=\"article:modified_time\" content=\"2023-06-08T11:22:42+00:00\" \/>\n<meta property=\"og:image\" content=\"https:\/\/www.fica.unsl.edu.ar\/wp-content\/uploads\/2023\/06\/honoris.jpg\" \/>\n\t<meta property=\"og:image:width\" content=\"1061\" \/>\n\t<meta property=\"og:image:height\" content=\"585\" \/>\n\t<meta property=\"og:image:type\" content=\"image\/jpeg\" \/>\n<meta name=\"author\" content=\"DATI\" \/>\n<meta name=\"twitter:card\" content=\"summary_large_image\" \/>\n<meta name=\"twitter:creator\" content=\"@FICAUNSL\" \/>\n<meta name=\"twitter:site\" content=\"@FICAUNSL\" \/>\n<meta name=\"twitter:label1\" content=\"Escrito por\" \/>\n\t<meta name=\"twitter:data1\" content=\"DATI\" \/>\n\t<meta name=\"twitter:label2\" content=\"Tiempo de lectura\" \/>\n\t<meta name=\"twitter:data2\" content=\"2 minutos\" \/>\n<script type=\"application\/ld+json\" class=\"yoast-schema-graph\">{\"@context\":\"https:\\\/\\\/schema.org\",\"@graph\":[{\"@type\":\"Article\",\"@id\":\"https:\\\/\\\/www.fica.unsl.edu.ar\\\/index.php\\\/el-dr-jose-luis-zamorano-gomez-recibio-el-titulo-honorifico-de-la-unsl\\\/#article\",\"isPartOf\":{\"@id\":\"https:\\\/\\\/www.fica.unsl.edu.ar\\\/index.php\\\/el-dr-jose-luis-zamorano-gomez-recibio-el-titulo-honorifico-de-la-unsl\\\/\"},\"author\":{\"name\":\"DATI\",\"@id\":\"https:\\\/\\\/www.fica.unsl.edu.ar\\\/#\\\/schema\\\/person\\\/6058f9c66301868d3a691b1f5d6c3544\"},\"headline\":\"El Dr. Jos\u00e9 Luis Zamorano G\u00f3mez recibi\u00f3 el t\u00edtulo honor\u00edfico de la UNSL\",\"datePublished\":\"2023-06-06T11:16:53+00:00\",\"dateModified\":\"2023-06-08T11:22:42+00:00\",\"mainEntityOfPage\":{\"@id\":\"https:\\\/\\\/www.fica.unsl.edu.ar\\\/index.php\\\/el-dr-jose-luis-zamorano-gomez-recibio-el-titulo-honorifico-de-la-unsl\\\/\"},\"wordCount\":398,\"publisher\":{\"@id\":\"https:\\\/\\\/www.fica.unsl.edu.ar\\\/#organization\"},\"image\":{\"@id\":\"https:\\\/\\\/www.fica.unsl.edu.ar\\\/index.php\\\/el-dr-jose-luis-zamorano-gomez-recibio-el-titulo-honorifico-de-la-unsl\\\/#primaryimage\"},\"thumbnailUrl\":\"https:\\\/\\\/www.fica.unsl.edu.ar\\\/wp-content\\\/uploads\\\/2023\\\/06\\\/honoris.jpg\",\"articleSection\":[\"Noticias\"],\"inLanguage\":\"es-AR\"},{\"@type\":\"WebPage\",\"@id\":\"https:\\\/\\\/www.fica.unsl.edu.ar\\\/index.php\\\/el-dr-jose-luis-zamorano-gomez-recibio-el-titulo-honorifico-de-la-unsl\\\/\",\"url\":\"https:\\\/\\\/www.fica.unsl.edu.ar\\\/index.php\\\/el-dr-jose-luis-zamorano-gomez-recibio-el-titulo-honorifico-de-la-unsl\\\/\",\"name\":\"El Dr. Jos\u00e9 Luis Zamorano G\u00f3mez recibi\u00f3 el t\u00edtulo honor\u00edfico de la UNSL - Facultad de Ingenier\u00eda y Ciencias Agropecuarias\",\"isPartOf\":{\"@id\":\"https:\\\/\\\/www.fica.unsl.edu.ar\\\/#website\"},\"primaryImageOfPage\":{\"@id\":\"https:\\\/\\\/www.fica.unsl.edu.ar\\\/index.php\\\/el-dr-jose-luis-zamorano-gomez-recibio-el-titulo-honorifico-de-la-unsl\\\/#primaryimage\"},\"image\":{\"@id\":\"https:\\\/\\\/www.fica.unsl.edu.ar\\\/index.php\\\/el-dr-jose-luis-zamorano-gomez-recibio-el-titulo-honorifico-de-la-unsl\\\/#primaryimage\"},\"thumbnailUrl\":\"https:\\\/\\\/www.fica.unsl.edu.ar\\\/wp-content\\\/uploads\\\/2023\\\/06\\\/honoris.jpg\",\"datePublished\":\"2023-06-06T11:16:53+00:00\",\"dateModified\":\"2023-06-08T11:22:42+00:00\",\"inLanguage\":\"es-AR\",\"potentialAction\":[{\"@type\":\"ReadAction\",\"target\":[\"https:\\\/\\\/www.fica.unsl.edu.ar\\\/index.php\\\/el-dr-jose-luis-zamorano-gomez-recibio-el-titulo-honorifico-de-la-unsl\\\/\"]}]},{\"@type\":\"ImageObject\",\"inLanguage\":\"es-AR\",\"@id\":\"https:\\\/\\\/www.fica.unsl.edu.ar\\\/index.php\\\/el-dr-jose-luis-zamorano-gomez-recibio-el-titulo-honorifico-de-la-unsl\\\/#primaryimage\",\"url\":\"https:\\\/\\\/www.fica.unsl.edu.ar\\\/wp-content\\\/uploads\\\/2023\\\/06\\\/honoris.jpg\",\"contentUrl\":\"https:\\\/\\\/www.fica.unsl.edu.ar\\\/wp-content\\\/uploads\\\/2023\\\/06\\\/honoris.jpg\",\"width\":1061,\"height\":585},{\"@type\":\"WebSite\",\"@id\":\"https:\\\/\\\/www.fica.unsl.edu.ar\\\/#website\",\"url\":\"https:\\\/\\\/www.fica.unsl.edu.ar\\\/\",\"name\":\"Facultad de Ingenier\u00eda y Ciencias Agropecuarias\",\"description\":\"\",\"publisher\":{\"@id\":\"https:\\\/\\\/www.fica.unsl.edu.ar\\\/#organization\"},\"potentialAction\":[{\"@type\":\"SearchAction\",\"target\":{\"@type\":\"EntryPoint\",\"urlTemplate\":\"https:\\\/\\\/www.fica.unsl.edu.ar\\\/?s={search_term_string}\"},\"query-input\":{\"@type\":\"PropertyValueSpecification\",\"valueRequired\":true,\"valueName\":\"search_term_string\"}}],\"inLanguage\":\"es-AR\"},{\"@type\":\"Organization\",\"@id\":\"https:\\\/\\\/www.fica.unsl.edu.ar\\\/#organization\",\"name\":\"Facultad de Ingenier\u00eda y Ciencias Agropecuarias\",\"url\":\"https:\\\/\\\/www.fica.unsl.edu.ar\\\/\",\"logo\":{\"@type\":\"ImageObject\",\"inLanguage\":\"es-AR\",\"@id\":\"https:\\\/\\\/www.fica.unsl.edu.ar\\\/#\\\/schema\\\/logo\\\/image\\\/\",\"url\":\"https:\\\/\\\/www.fica.unsl.edu.ar\\\/wp-content\\\/uploads\\\/2021\\\/03\\\/LOGO-1.jpg\",\"contentUrl\":\"https:\\\/\\\/www.fica.unsl.edu.ar\\\/wp-content\\\/uploads\\\/2021\\\/03\\\/LOGO-1.jpg\",\"width\":463,\"height\":145,\"caption\":\"Facultad de Ingenier\u00eda y Ciencias Agropecuarias\"},\"image\":{\"@id\":\"https:\\\/\\\/www.fica.unsl.edu.ar\\\/#\\\/schema\\\/logo\\\/image\\\/\"},\"sameAs\":[\"https:\\\/\\\/www.facebook.com\\\/FICA.UNSL\\\/\",\"https:\\\/\\\/x.com\\\/FICAUNSL\",\"https:\\\/\\\/www.instagram.com\\\/fica.unsl\\\/\",\"https:\\\/\\\/www.youtube.com\\\/channel\\\/UCs2MM53gb2PyBrMySdtWZDQ\"]},{\"@type\":\"Person\",\"@id\":\"https:\\\/\\\/www.fica.unsl.edu.ar\\\/#\\\/schema\\\/person\\\/6058f9c66301868d3a691b1f5d6c3544\",\"name\":\"DATI\"}]}<\/script>\n<!-- \/ Yoast SEO plugin. -->","yoast_head_json":{"title":"El Dr. Jos\u00e9 Luis Zamorano G\u00f3mez recibi\u00f3 el t\u00edtulo honor\u00edfico de la UNSL - Facultad de Ingenier\u00eda y Ciencias Agropecuarias","robots":{"index":"index","follow":"follow","max-snippet":"max-snippet:-1","max-image-preview":"max-image-preview:large","max-video-preview":"max-video-preview:-1"},"canonical":"https:\/\/www.fica.unsl.edu.ar\/index.php\/el-dr-jose-luis-zamorano-gomez-recibio-el-titulo-honorifico-de-la-unsl\/","og_locale":"es_ES","og_type":"article","og_title":"El Dr. Jos\u00e9 Luis Zamorano G\u00f3mez recibi\u00f3 el t\u00edtulo honor\u00edfico de la UNSL - Facultad de Ingenier\u00eda y Ciencias Agropecuarias","og_description":"El prestigioso cardi\u00f3logo se convirti\u00f3 en una nueva personalidad reconocida por la Universidad Nacional de San Luis (UNSL) por su amplia trayectoria y m\u00faltiples contribuciones&hellip;","og_url":"https:\/\/www.fica.unsl.edu.ar\/index.php\/el-dr-jose-luis-zamorano-gomez-recibio-el-titulo-honorifico-de-la-unsl\/","og_site_name":"Facultad de Ingenier\u00eda y Ciencias Agropecuarias","article_publisher":"https:\/\/www.facebook.com\/FICA.UNSL\/","article_published_time":"2023-06-06T11:16:53+00:00","article_modified_time":"2023-06-08T11:22:42+00:00","og_image":[{"width":1061,"height":585,"url":"https:\/\/www.fica.unsl.edu.ar\/wp-content\/uploads\/2023\/06\/honoris.jpg","type":"image\/jpeg"}],"author":"DATI","twitter_card":"summary_large_image","twitter_creator":"@FICAUNSL","twitter_site":"@FICAUNSL","twitter_misc":{"Escrito por":"DATI","Tiempo de lectura":"2 minutos"},"schema":{"@context":"https:\/\/schema.org","@graph":[{"@type":"Article","@id":"https:\/\/www.fica.unsl.edu.ar\/index.php\/el-dr-jose-luis-zamorano-gomez-recibio-el-titulo-honorifico-de-la-unsl\/#article","isPartOf":{"@id":"https:\/\/www.fica.unsl.edu.ar\/index.php\/el-dr-jose-luis-zamorano-gomez-recibio-el-titulo-honorifico-de-la-unsl\/"},"author":{"name":"DATI","@id":"https:\/\/www.fica.unsl.edu.ar\/#\/schema\/person\/6058f9c66301868d3a691b1f5d6c3544"},"headline":"El Dr. Jos\u00e9 Luis Zamorano G\u00f3mez recibi\u00f3 el t\u00edtulo honor\u00edfico de la UNSL","datePublished":"2023-06-06T11:16:53+00:00","dateModified":"2023-06-08T11:22:42+00:00","mainEntityOfPage":{"@id":"https:\/\/www.fica.unsl.edu.ar\/index.php\/el-dr-jose-luis-zamorano-gomez-recibio-el-titulo-honorifico-de-la-unsl\/"},"wordCount":398,"publisher":{"@id":"https:\/\/www.fica.unsl.edu.ar\/#organization"},"image":{"@id":"https:\/\/www.fica.unsl.edu.ar\/index.php\/el-dr-jose-luis-zamorano-gomez-recibio-el-titulo-honorifico-de-la-unsl\/#primaryimage"},"thumbnailUrl":"https:\/\/www.fica.unsl.edu.ar\/wp-content\/uploads\/2023\/06\/honoris.jpg","articleSection":["Noticias"],"inLanguage":"es-AR"},{"@type":"WebPage","@id":"https:\/\/www.fica.unsl.edu.ar\/index.php\/el-dr-jose-luis-zamorano-gomez-recibio-el-titulo-honorifico-de-la-unsl\/","url":"https:\/\/www.fica.unsl.edu.ar\/index.php\/el-dr-jose-luis-zamorano-gomez-recibio-el-titulo-honorifico-de-la-unsl\/","name":"El Dr. Jos\u00e9 Luis Zamorano G\u00f3mez recibi\u00f3 el t\u00edtulo honor\u00edfico de la UNSL - Facultad de Ingenier\u00eda y Ciencias Agropecuarias","isPartOf":{"@id":"https:\/\/www.fica.unsl.edu.ar\/#website"},"primaryImageOfPage":{"@id":"https:\/\/www.fica.unsl.edu.ar\/index.php\/el-dr-jose-luis-zamorano-gomez-recibio-el-titulo-honorifico-de-la-unsl\/#primaryimage"},"image":{"@id":"https:\/\/www.fica.unsl.edu.ar\/index.php\/el-dr-jose-luis-zamorano-gomez-recibio-el-titulo-honorifico-de-la-unsl\/#primaryimage"},"thumbnailUrl":"https:\/\/www.fica.unsl.edu.ar\/wp-content\/uploads\/2023\/06\/honoris.jpg","datePublished":"2023-06-06T11:16:53+00:00","dateModified":"2023-06-08T11:22:42+00:00","inLanguage":"es-AR","potentialAction":[{"@type":"ReadAction","target":["https:\/\/www.fica.unsl.edu.ar\/index.php\/el-dr-jose-luis-zamorano-gomez-recibio-el-titulo-honorifico-de-la-unsl\/"]}]},{"@type":"ImageObject","inLanguage":"es-AR","@id":"https:\/\/www.fica.unsl.edu.ar\/index.php\/el-dr-jose-luis-zamorano-gomez-recibio-el-titulo-honorifico-de-la-unsl\/#primaryimage","url":"https:\/\/www.fica.unsl.edu.ar\/wp-content\/uploads\/2023\/06\/honoris.jpg","contentUrl":"https:\/\/www.fica.unsl.edu.ar\/wp-content\/uploads\/2023\/06\/honoris.jpg","width":1061,"height":585},{"@type":"WebSite","@id":"https:\/\/www.fica.unsl.edu.ar\/#website","url":"https:\/\/www.fica.unsl.edu.ar\/","name":"Facultad de Ingenier\u00eda y Ciencias Agropecuarias","description":"","publisher":{"@id":"https:\/\/www.fica.unsl.edu.ar\/#organization"},"potentialAction":[{"@type":"SearchAction","target":{"@type":"EntryPoint","urlTemplate":"https:\/\/www.fica.unsl.edu.ar\/?s={search_term_string}"},"query-input":{"@type":"PropertyValueSpecification","valueRequired":true,"valueName":"search_term_string"}}],"inLanguage":"es-AR"},{"@type":"Organization","@id":"https:\/\/www.fica.unsl.edu.ar\/#organization","name":"Facultad de Ingenier\u00eda y Ciencias Agropecuarias","url":"https:\/\/www.fica.unsl.edu.ar\/","logo":{"@type":"ImageObject","inLanguage":"es-AR","@id":"https:\/\/www.fica.unsl.edu.ar\/#\/schema\/logo\/image\/","url":"https:\/\/www.fica.unsl.edu.ar\/wp-content\/uploads\/2021\/03\/LOGO-1.jpg","contentUrl":"https:\/\/www.fica.unsl.edu.ar\/wp-content\/uploads\/2021\/03\/LOGO-1.jpg","width":463,"height":145,"caption":"Facultad de Ingenier\u00eda y Ciencias Agropecuarias"},"image":{"@id":"https:\/\/www.fica.unsl.edu.ar\/#\/schema\/logo\/image\/"},"sameAs":["https:\/\/www.facebook.com\/FICA.UNSL\/","https:\/\/x.com\/FICAUNSL","https:\/\/www.instagram.com\/fica.unsl\/","https:\/\/www.youtube.com\/channel\/UCs2MM53gb2PyBrMySdtWZDQ"]},{"@type":"Person","@id":"https:\/\/www.fica.unsl.edu.ar\/#\/schema\/person\/6058f9c66301868d3a691b1f5d6c3544","name":"DATI"}]}},"_links":{"self":[{"href":"https:\/\/www.fica.unsl.edu.ar\/index.php\/wp-json\/wp\/v2\/posts\/13466","targetHints":{"allow":["GET"]}}],"collection":[{"href":"https:\/\/www.fica.unsl.edu.ar\/index.php\/wp-json\/wp\/v2\/posts"}],"about":[{"href":"https:\/\/www.fica.unsl.edu.ar\/index.php\/wp-json\/wp\/v2\/types\/post"}],"author":[{"embeddable":true,"href":"https:\/\/www.fica.unsl.edu.ar\/index.php\/wp-json\/wp\/v2\/users\/9"}],"replies":[{"embeddable":true,"href":"https:\/\/www.fica.unsl.edu.ar\/index.php\/wp-json\/wp\/v2\/comments?post=13466"}],"version-history":[{"count":1,"href":"https:\/\/www.fica.unsl.edu.ar\/index.php\/wp-json\/wp\/v2\/posts\/13466\/revisions"}],"predecessor-version":[{"id":13468,"href":"https:\/\/www.fica.unsl.edu.ar\/index.php\/wp-json\/wp\/v2\/posts\/13466\/revisions\/13468"}],"wp:featuredmedia":[{"embeddable":true,"href":"https:\/\/www.fica.unsl.edu.ar\/index.php\/wp-json\/wp\/v2\/media\/13467"}],"wp:attachment":[{"href":"https:\/\/www.fica.unsl.edu.ar\/index.php\/wp-json\/wp\/v2\/media?parent=13466"}],"wp:term":[{"taxonomy":"category","embeddable":true,"href":"https:\/\/www.fica.unsl.edu.ar\/index.php\/wp-json\/wp\/v2\/categories?post=13466"},{"taxonomy":"post_tag","embeddable":true,"href":"https:\/\/www.fica.unsl.edu.ar\/index.php\/wp-json\/wp\/v2\/tags?post=13466"}],"curies":[{"name":"wp","href":"https:\/\/api.w.org\/{rel}","templated":true}]}}