{"id":13469,"date":"2023-06-06T08:42:47","date_gmt":"2023-06-06T11:42:47","guid":{"rendered":"http:\/\/10.101.10.196\/www\/?p=13469"},"modified":"2023-06-08T08:56:29","modified_gmt":"2023-06-08T11:56:29","slug":"svts-docentes-de-la-fica-participaron-en-el-i-foro-iberoamericano-transformacion-digital-para-la-calidad-academica","status":"publish","type":"post","link":"https:\/\/www.fica.unsl.edu.ar\/index.php\/svts-docentes-de-la-fica-participaron-en-el-i-foro-iberoamericano-transformacion-digital-para-la-calidad-academica\/","title":{"rendered":"SVTS: Docentes de la FICA participaron en el I Foro Iberoamericano \u201cTransformaci\u00f3n digital para la calidad acad\u00e9mica\u201d"},"content":{"rendered":"<p>El 5 y 6 de junio, se llev\u00f3 a cabo eI <strong>Foro Iberoamericano \u201cTransformaci\u00f3n digital para la calidad acad\u00e9mica\u201d<\/strong>, organizado por el <strong>Consorcio Birregional de Universidades<\/strong> coordinado por Conecta Iberoam\u00e9rica, la cual integra la<strong> Universidad Nacional de San Luis (UNSL) como \u00fanica representante argentina.<\/strong><\/p>\n<p>Las actividades de este foro, estuvieron enfocadas en conocer en profundidad la realidad de las universidades de la regi\u00f3n en esta tem\u00e1tica y sentar las bases para el dise\u00f1o de un proyecto birregional, que aporte soluciones y redunde en la mejora de la calidad acad\u00e9mica.<\/p>\n<p>Este Foro se enmarca entre las actividades a desarrollar por el Consorcio Birregional desde el pasado a\u00f1o. Un partenariado creado para la investigaci\u00f3n, dise\u00f1o y gesti\u00f3n de proyectos para el fortalecimiento de capacidades en el \u00e1mbito universitario.<\/p>\n<p>En esta oportunidad, el Ing. Daniel Morano y la Mgtr. Ing. Sonia N\u00fa\u00f1ez participaron del panel de expertos que trato la tem\u00e1tica \u201cCalidad Acad\u00e9mica: desaf\u00edos birregionales\u201d.<\/p>\n<p><img fetchpriority=\"high\" decoding=\"async\" class=\"aligncenter size-full wp-image-13470\" src=\"https:\/\/www.fica.unsl.edu.ar\/wp-content\/uploads\/2023\/06\/foro-iberoamericano-02.jpg\" alt=\"\" width=\"1080\" height=\"719\" srcset=\"https:\/\/www.fica.unsl.edu.ar\/wp-content\/uploads\/2023\/06\/foro-iberoamericano-02.jpg 1080w, https:\/\/www.fica.unsl.edu.ar\/wp-content\/uploads\/2023\/06\/foro-iberoamericano-02-300x200.jpg 300w, https:\/\/www.fica.unsl.edu.ar\/wp-content\/uploads\/2023\/06\/foro-iberoamericano-02-1024x682.jpg 1024w, https:\/\/www.fica.unsl.edu.ar\/wp-content\/uploads\/2023\/06\/foro-iberoamericano-02-768x511.jpg 768w\" sizes=\"(max-width: 1080px) 100vw, 1080px\" \/><\/p>\n","protected":false},"excerpt":{"rendered":"<p>El 5 y 6 de junio, se llev\u00f3 a cabo eI Foro Iberoamericano \u201cTransformaci\u00f3n digital para la calidad acad\u00e9mica\u201d, organizado por el Consorcio Birregional de&hellip;<\/p>\n","protected":false},"author":9,"featured_media":13471,"comment_status":"closed","ping_status":"closed","sticky":false,"template":"","format":"standard","meta":{"_monsterinsights_skip_tracking":false,"_monsterinsights_sitenote_active":false,"_monsterinsights_sitenote_note":"","_monsterinsights_sitenote_category":0,"_joinchat":[],"footnotes":""},"categories":[19],"tags":[],"class_list":["post-13469","post","type-post","status-publish","format-standard","has-post-thumbnail","hentry","category-noticias"],"yoast_head":"<!-- This site is optimized with the Yoast SEO plugin v27.4 - https:\/\/yoast.com\/product\/yoast-seo-wordpress\/ -->\n<title>SVTS: Docentes de la FICA participaron en el I Foro Iberoamericano \u201cTransformaci\u00f3n digital para la calidad acad\u00e9mica\u201d - Facultad de Ingenier\u00eda y Ciencias Agropecuarias<\/title>\n<meta name=\"robots\" content=\"index, follow, max-snippet:-1, max-image-preview:large, max-video-preview:-1\" \/>\n<link rel=\"canonical\" href=\"https:\/\/www.fica.unsl.edu.ar\/index.php\/svts-docentes-de-la-fica-participaron-en-el-i-foro-iberoamericano-transformacion-digital-para-la-calidad-academica\/\" \/>\n<meta property=\"og:locale\" content=\"es_ES\" \/>\n<meta property=\"og:type\" content=\"article\" \/>\n<meta property=\"og:title\" content=\"SVTS: Docentes de la FICA participaron en el I Foro Iberoamericano \u201cTransformaci\u00f3n digital para la calidad acad\u00e9mica\u201d - Facultad de Ingenier\u00eda y Ciencias Agropecuarias\" \/>\n<meta property=\"og:description\" content=\"El 5 y 6 de junio, se llev\u00f3 a cabo eI Foro Iberoamericano \u201cTransformaci\u00f3n digital para la calidad acad\u00e9mica\u201d, organizado por el Consorcio Birregional de&hellip;\" \/>\n<meta property=\"og:url\" content=\"https:\/\/www.fica.unsl.edu.ar\/index.php\/svts-docentes-de-la-fica-participaron-en-el-i-foro-iberoamericano-transformacion-digital-para-la-calidad-academica\/\" \/>\n<meta property=\"og:site_name\" content=\"Facultad de Ingenier\u00eda y Ciencias Agropecuarias\" \/>\n<meta property=\"article:publisher\" content=\"https:\/\/www.facebook.com\/FICA.UNSL\/\" \/>\n<meta property=\"article:published_time\" content=\"2023-06-06T11:42:47+00:00\" \/>\n<meta property=\"article:modified_time\" content=\"2023-06-08T11:56:29+00:00\" \/>\n<meta property=\"og:image\" content=\"https:\/\/www.fica.unsl.edu.ar\/wp-content\/uploads\/2023\/06\/foro-iberoamericano-front.jpg\" \/>\n\t<meta property=\"og:image:width\" content=\"1061\" \/>\n\t<meta property=\"og:image:height\" content=\"585\" \/>\n\t<meta property=\"og:image:type\" content=\"image\/jpeg\" \/>\n<meta name=\"author\" content=\"DATI\" \/>\n<meta name=\"twitter:card\" content=\"summary_large_image\" \/>\n<meta name=\"twitter:creator\" content=\"@FICAUNSL\" \/>\n<meta name=\"twitter:site\" content=\"@FICAUNSL\" \/>\n<meta name=\"twitter:label1\" content=\"Escrito por\" \/>\n\t<meta name=\"twitter:data1\" content=\"DATI\" \/>\n\t<meta name=\"twitter:label2\" content=\"Tiempo de lectura\" \/>\n\t<meta name=\"twitter:data2\" content=\"1 minuto\" \/>\n<script type=\"application\/ld+json\" class=\"yoast-schema-graph\">{\"@context\":\"https:\\\/\\\/schema.org\",\"@graph\":[{\"@type\":\"Article\",\"@id\":\"https:\\\/\\\/www.fica.unsl.edu.ar\\\/index.php\\\/svts-docentes-de-la-fica-participaron-en-el-i-foro-iberoamericano-transformacion-digital-para-la-calidad-academica\\\/#article\",\"isPartOf\":{\"@id\":\"https:\\\/\\\/www.fica.unsl.edu.ar\\\/index.php\\\/svts-docentes-de-la-fica-participaron-en-el-i-foro-iberoamericano-transformacion-digital-para-la-calidad-academica\\\/\"},\"author\":{\"name\":\"DATI\",\"@id\":\"https:\\\/\\\/www.fica.unsl.edu.ar\\\/#\\\/schema\\\/person\\\/6058f9c66301868d3a691b1f5d6c3544\"},\"headline\":\"SVTS: Docentes de la FICA participaron en el I Foro Iberoamericano \u201cTransformaci\u00f3n digital para la calidad acad\u00e9mica\u201d\",\"datePublished\":\"2023-06-06T11:42:47+00:00\",\"dateModified\":\"2023-06-08T11:56:29+00:00\",\"mainEntityOfPage\":{\"@id\":\"https:\\\/\\\/www.fica.unsl.edu.ar\\\/index.php\\\/svts-docentes-de-la-fica-participaron-en-el-i-foro-iberoamericano-transformacion-digital-para-la-calidad-academica\\\/\"},\"wordCount\":184,\"publisher\":{\"@id\":\"https:\\\/\\\/www.fica.unsl.edu.ar\\\/#organization\"},\"image\":{\"@id\":\"https:\\\/\\\/www.fica.unsl.edu.ar\\\/index.php\\\/svts-docentes-de-la-fica-participaron-en-el-i-foro-iberoamericano-transformacion-digital-para-la-calidad-academica\\\/#primaryimage\"},\"thumbnailUrl\":\"https:\\\/\\\/www.fica.unsl.edu.ar\\\/wp-content\\\/uploads\\\/2023\\\/06\\\/foro-iberoamericano-front.jpg\",\"articleSection\":[\"Noticias\"],\"inLanguage\":\"es-AR\"},{\"@type\":\"WebPage\",\"@id\":\"https:\\\/\\\/www.fica.unsl.edu.ar\\\/index.php\\\/svts-docentes-de-la-fica-participaron-en-el-i-foro-iberoamericano-transformacion-digital-para-la-calidad-academica\\\/\",\"url\":\"https:\\\/\\\/www.fica.unsl.edu.ar\\\/index.php\\\/svts-docentes-de-la-fica-participaron-en-el-i-foro-iberoamericano-transformacion-digital-para-la-calidad-academica\\\/\",\"name\":\"SVTS: Docentes de la FICA participaron en el I Foro Iberoamericano \u201cTransformaci\u00f3n digital para la calidad acad\u00e9mica\u201d - Facultad de Ingenier\u00eda y Ciencias Agropecuarias\",\"isPartOf\":{\"@id\":\"https:\\\/\\\/www.fica.unsl.edu.ar\\\/#website\"},\"primaryImageOfPage\":{\"@id\":\"https:\\\/\\\/www.fica.unsl.edu.ar\\\/index.php\\\/svts-docentes-de-la-fica-participaron-en-el-i-foro-iberoamericano-transformacion-digital-para-la-calidad-academica\\\/#primaryimage\"},\"image\":{\"@id\":\"https:\\\/\\\/www.fica.unsl.edu.ar\\\/index.php\\\/svts-docentes-de-la-fica-participaron-en-el-i-foro-iberoamericano-transformacion-digital-para-la-calidad-academica\\\/#primaryimage\"},\"thumbnailUrl\":\"https:\\\/\\\/www.fica.unsl.edu.ar\\\/wp-content\\\/uploads\\\/2023\\\/06\\\/foro-iberoamericano-front.jpg\",\"datePublished\":\"2023-06-06T11:42:47+00:00\",\"dateModified\":\"2023-06-08T11:56:29+00:00\",\"inLanguage\":\"es-AR\",\"potentialAction\":[{\"@type\":\"ReadAction\",\"target\":[\"https:\\\/\\\/www.fica.unsl.edu.ar\\\/index.php\\\/svts-docentes-de-la-fica-participaron-en-el-i-foro-iberoamericano-transformacion-digital-para-la-calidad-academica\\\/\"]}]},{\"@type\":\"ImageObject\",\"inLanguage\":\"es-AR\",\"@id\":\"https:\\\/\\\/www.fica.unsl.edu.ar\\\/index.php\\\/svts-docentes-de-la-fica-participaron-en-el-i-foro-iberoamericano-transformacion-digital-para-la-calidad-academica\\\/#primaryimage\",\"url\":\"https:\\\/\\\/www.fica.unsl.edu.ar\\\/wp-content\\\/uploads\\\/2023\\\/06\\\/foro-iberoamericano-front.jpg\",\"contentUrl\":\"https:\\\/\\\/www.fica.unsl.edu.ar\\\/wp-content\\\/uploads\\\/2023\\\/06\\\/foro-iberoamericano-front.jpg\",\"width\":1061,\"height\":585},{\"@type\":\"WebSite\",\"@id\":\"https:\\\/\\\/www.fica.unsl.edu.ar\\\/#website\",\"url\":\"https:\\\/\\\/www.fica.unsl.edu.ar\\\/\",\"name\":\"Facultad de Ingenier\u00eda y Ciencias Agropecuarias\",\"description\":\"\",\"publisher\":{\"@id\":\"https:\\\/\\\/www.fica.unsl.edu.ar\\\/#organization\"},\"potentialAction\":[{\"@type\":\"SearchAction\",\"target\":{\"@type\":\"EntryPoint\",\"urlTemplate\":\"https:\\\/\\\/www.fica.unsl.edu.ar\\\/?s={search_term_string}\"},\"query-input\":{\"@type\":\"PropertyValueSpecification\",\"valueRequired\":true,\"valueName\":\"search_term_string\"}}],\"inLanguage\":\"es-AR\"},{\"@type\":\"Organization\",\"@id\":\"https:\\\/\\\/www.fica.unsl.edu.ar\\\/#organization\",\"name\":\"Facultad de Ingenier\u00eda y Ciencias Agropecuarias\",\"url\":\"https:\\\/\\\/www.fica.unsl.edu.ar\\\/\",\"logo\":{\"@type\":\"ImageObject\",\"inLanguage\":\"es-AR\",\"@id\":\"https:\\\/\\\/www.fica.unsl.edu.ar\\\/#\\\/schema\\\/logo\\\/image\\\/\",\"url\":\"https:\\\/\\\/www.fica.unsl.edu.ar\\\/wp-content\\\/uploads\\\/2021\\\/03\\\/LOGO-1.jpg\",\"contentUrl\":\"https:\\\/\\\/www.fica.unsl.edu.ar\\\/wp-content\\\/uploads\\\/2021\\\/03\\\/LOGO-1.jpg\",\"width\":463,\"height\":145,\"caption\":\"Facultad de Ingenier\u00eda y Ciencias Agropecuarias\"},\"image\":{\"@id\":\"https:\\\/\\\/www.fica.unsl.edu.ar\\\/#\\\/schema\\\/logo\\\/image\\\/\"},\"sameAs\":[\"https:\\\/\\\/www.facebook.com\\\/FICA.UNSL\\\/\",\"https:\\\/\\\/x.com\\\/FICAUNSL\",\"https:\\\/\\\/www.instagram.com\\\/fica.unsl\\\/\",\"https:\\\/\\\/www.youtube.com\\\/channel\\\/UCs2MM53gb2PyBrMySdtWZDQ\"]},{\"@type\":\"Person\",\"@id\":\"https:\\\/\\\/www.fica.unsl.edu.ar\\\/#\\\/schema\\\/person\\\/6058f9c66301868d3a691b1f5d6c3544\",\"name\":\"DATI\"}]}<\/script>\n<!-- \/ Yoast SEO plugin. -->","yoast_head_json":{"title":"SVTS: Docentes de la FICA participaron en el I Foro Iberoamericano \u201cTransformaci\u00f3n digital para la calidad acad\u00e9mica\u201d - Facultad de Ingenier\u00eda y Ciencias Agropecuarias","robots":{"index":"index","follow":"follow","max-snippet":"max-snippet:-1","max-image-preview":"max-image-preview:large","max-video-preview":"max-video-preview:-1"},"canonical":"https:\/\/www.fica.unsl.edu.ar\/index.php\/svts-docentes-de-la-fica-participaron-en-el-i-foro-iberoamericano-transformacion-digital-para-la-calidad-academica\/","og_locale":"es_ES","og_type":"article","og_title":"SVTS: Docentes de la FICA participaron en el I Foro Iberoamericano \u201cTransformaci\u00f3n digital para la calidad acad\u00e9mica\u201d - Facultad de Ingenier\u00eda y Ciencias Agropecuarias","og_description":"El 5 y 6 de junio, se llev\u00f3 a cabo eI Foro Iberoamericano \u201cTransformaci\u00f3n digital para la calidad acad\u00e9mica\u201d, organizado por el Consorcio Birregional de&hellip;","og_url":"https:\/\/www.fica.unsl.edu.ar\/index.php\/svts-docentes-de-la-fica-participaron-en-el-i-foro-iberoamericano-transformacion-digital-para-la-calidad-academica\/","og_site_name":"Facultad de Ingenier\u00eda y Ciencias Agropecuarias","article_publisher":"https:\/\/www.facebook.com\/FICA.UNSL\/","article_published_time":"2023-06-06T11:42:47+00:00","article_modified_time":"2023-06-08T11:56:29+00:00","og_image":[{"width":1061,"height":585,"url":"https:\/\/www.fica.unsl.edu.ar\/wp-content\/uploads\/2023\/06\/foro-iberoamericano-front.jpg","type":"image\/jpeg"}],"author":"DATI","twitter_card":"summary_large_image","twitter_creator":"@FICAUNSL","twitter_site":"@FICAUNSL","twitter_misc":{"Escrito por":"DATI","Tiempo de lectura":"1 minuto"},"schema":{"@context":"https:\/\/schema.org","@graph":[{"@type":"Article","@id":"https:\/\/www.fica.unsl.edu.ar\/index.php\/svts-docentes-de-la-fica-participaron-en-el-i-foro-iberoamericano-transformacion-digital-para-la-calidad-academica\/#article","isPartOf":{"@id":"https:\/\/www.fica.unsl.edu.ar\/index.php\/svts-docentes-de-la-fica-participaron-en-el-i-foro-iberoamericano-transformacion-digital-para-la-calidad-academica\/"},"author":{"name":"DATI","@id":"https:\/\/www.fica.unsl.edu.ar\/#\/schema\/person\/6058f9c66301868d3a691b1f5d6c3544"},"headline":"SVTS: Docentes de la FICA participaron en el I Foro Iberoamericano \u201cTransformaci\u00f3n digital para la calidad acad\u00e9mica\u201d","datePublished":"2023-06-06T11:42:47+00:00","dateModified":"2023-06-08T11:56:29+00:00","mainEntityOfPage":{"@id":"https:\/\/www.fica.unsl.edu.ar\/index.php\/svts-docentes-de-la-fica-participaron-en-el-i-foro-iberoamericano-transformacion-digital-para-la-calidad-academica\/"},"wordCount":184,"publisher":{"@id":"https:\/\/www.fica.unsl.edu.ar\/#organization"},"image":{"@id":"https:\/\/www.fica.unsl.edu.ar\/index.php\/svts-docentes-de-la-fica-participaron-en-el-i-foro-iberoamericano-transformacion-digital-para-la-calidad-academica\/#primaryimage"},"thumbnailUrl":"https:\/\/www.fica.unsl.edu.ar\/wp-content\/uploads\/2023\/06\/foro-iberoamericano-front.jpg","articleSection":["Noticias"],"inLanguage":"es-AR"},{"@type":"WebPage","@id":"https:\/\/www.fica.unsl.edu.ar\/index.php\/svts-docentes-de-la-fica-participaron-en-el-i-foro-iberoamericano-transformacion-digital-para-la-calidad-academica\/","url":"https:\/\/www.fica.unsl.edu.ar\/index.php\/svts-docentes-de-la-fica-participaron-en-el-i-foro-iberoamericano-transformacion-digital-para-la-calidad-academica\/","name":"SVTS: Docentes de la FICA participaron en el I Foro Iberoamericano \u201cTransformaci\u00f3n digital para la calidad acad\u00e9mica\u201d - Facultad de Ingenier\u00eda y Ciencias Agropecuarias","isPartOf":{"@id":"https:\/\/www.fica.unsl.edu.ar\/#website"},"primaryImageOfPage":{"@id":"https:\/\/www.fica.unsl.edu.ar\/index.php\/svts-docentes-de-la-fica-participaron-en-el-i-foro-iberoamericano-transformacion-digital-para-la-calidad-academica\/#primaryimage"},"image":{"@id":"https:\/\/www.fica.unsl.edu.ar\/index.php\/svts-docentes-de-la-fica-participaron-en-el-i-foro-iberoamericano-transformacion-digital-para-la-calidad-academica\/#primaryimage"},"thumbnailUrl":"https:\/\/www.fica.unsl.edu.ar\/wp-content\/uploads\/2023\/06\/foro-iberoamericano-front.jpg","datePublished":"2023-06-06T11:42:47+00:00","dateModified":"2023-06-08T11:56:29+00:00","inLanguage":"es-AR","potentialAction":[{"@type":"ReadAction","target":["https:\/\/www.fica.unsl.edu.ar\/index.php\/svts-docentes-de-la-fica-participaron-en-el-i-foro-iberoamericano-transformacion-digital-para-la-calidad-academica\/"]}]},{"@type":"ImageObject","inLanguage":"es-AR","@id":"https:\/\/www.fica.unsl.edu.ar\/index.php\/svts-docentes-de-la-fica-participaron-en-el-i-foro-iberoamericano-transformacion-digital-para-la-calidad-academica\/#primaryimage","url":"https:\/\/www.fica.unsl.edu.ar\/wp-content\/uploads\/2023\/06\/foro-iberoamericano-front.jpg","contentUrl":"https:\/\/www.fica.unsl.edu.ar\/wp-content\/uploads\/2023\/06\/foro-iberoamericano-front.jpg","width":1061,"height":585},{"@type":"WebSite","@id":"https:\/\/www.fica.unsl.edu.ar\/#website","url":"https:\/\/www.fica.unsl.edu.ar\/","name":"Facultad de Ingenier\u00eda y Ciencias Agropecuarias","description":"","publisher":{"@id":"https:\/\/www.fica.unsl.edu.ar\/#organization"},"potentialAction":[{"@type":"SearchAction","target":{"@type":"EntryPoint","urlTemplate":"https:\/\/www.fica.unsl.edu.ar\/?s={search_term_string}"},"query-input":{"@type":"PropertyValueSpecification","valueRequired":true,"valueName":"search_term_string"}}],"inLanguage":"es-AR"},{"@type":"Organization","@id":"https:\/\/www.fica.unsl.edu.ar\/#organization","name":"Facultad de Ingenier\u00eda y Ciencias Agropecuarias","url":"https:\/\/www.fica.unsl.edu.ar\/","logo":{"@type":"ImageObject","inLanguage":"es-AR","@id":"https:\/\/www.fica.unsl.edu.ar\/#\/schema\/logo\/image\/","url":"https:\/\/www.fica.unsl.edu.ar\/wp-content\/uploads\/2021\/03\/LOGO-1.jpg","contentUrl":"https:\/\/www.fica.unsl.edu.ar\/wp-content\/uploads\/2021\/03\/LOGO-1.jpg","width":463,"height":145,"caption":"Facultad de Ingenier\u00eda y Ciencias Agropecuarias"},"image":{"@id":"https:\/\/www.fica.unsl.edu.ar\/#\/schema\/logo\/image\/"},"sameAs":["https:\/\/www.facebook.com\/FICA.UNSL\/","https:\/\/x.com\/FICAUNSL","https:\/\/www.instagram.com\/fica.unsl\/","https:\/\/www.youtube.com\/channel\/UCs2MM53gb2PyBrMySdtWZDQ"]},{"@type":"Person","@id":"https:\/\/www.fica.unsl.edu.ar\/#\/schema\/person\/6058f9c66301868d3a691b1f5d6c3544","name":"DATI"}]}},"_links":{"self":[{"href":"https:\/\/www.fica.unsl.edu.ar\/index.php\/wp-json\/wp\/v2\/posts\/13469","targetHints":{"allow":["GET"]}}],"collection":[{"href":"https:\/\/www.fica.unsl.edu.ar\/index.php\/wp-json\/wp\/v2\/posts"}],"about":[{"href":"https:\/\/www.fica.unsl.edu.ar\/index.php\/wp-json\/wp\/v2\/types\/post"}],"author":[{"embeddable":true,"href":"https:\/\/www.fica.unsl.edu.ar\/index.php\/wp-json\/wp\/v2\/users\/9"}],"replies":[{"embeddable":true,"href":"https:\/\/www.fica.unsl.edu.ar\/index.php\/wp-json\/wp\/v2\/comments?post=13469"}],"version-history":[{"count":1,"href":"https:\/\/www.fica.unsl.edu.ar\/index.php\/wp-json\/wp\/v2\/posts\/13469\/revisions"}],"predecessor-version":[{"id":13472,"href":"https:\/\/www.fica.unsl.edu.ar\/index.php\/wp-json\/wp\/v2\/posts\/13469\/revisions\/13472"}],"wp:featuredmedia":[{"embeddable":true,"href":"https:\/\/www.fica.unsl.edu.ar\/index.php\/wp-json\/wp\/v2\/media\/13471"}],"wp:attachment":[{"href":"https:\/\/www.fica.unsl.edu.ar\/index.php\/wp-json\/wp\/v2\/media?parent=13469"}],"wp:term":[{"taxonomy":"category","embeddable":true,"href":"https:\/\/www.fica.unsl.edu.ar\/index.php\/wp-json\/wp\/v2\/categories?post=13469"},{"taxonomy":"post_tag","embeddable":true,"href":"https:\/\/www.fica.unsl.edu.ar\/index.php\/wp-json\/wp\/v2\/tags?post=13469"}],"curies":[{"name":"wp","href":"https:\/\/api.w.org\/{rel}","templated":true}]}}