{"id":13473,"date":"2023-06-06T09:04:24","date_gmt":"2023-06-06T12:04:24","guid":{"rendered":"http:\/\/10.101.10.196\/www\/?p=13473"},"modified":"2023-08-07T08:22:14","modified_gmt":"2023-08-07T11:22:14","slug":"labta-se-viene-el-stem-2","status":"publish","type":"post","link":"https:\/\/www.fica.unsl.edu.ar\/index.php\/labta-se-viene-el-stem-2\/","title":{"rendered":"LabTA: Se viene el STEM 2"},"content":{"rendered":"<p>El Laboratorio de Tecnolog\u00edas Apropiadas (LabTA) comenzar\u00e1 en las pr\u00f3ximas semanas una <strong>nueva edici\u00f3n del te\u00f3rico\/pr\u00e1ctico de &#8220;Introducci\u00f3n a la Energ\u00eda Fotovoltaica&#8221;<\/strong>, que ya ha capacitado a cerca de <strong>500 alumnos de m\u00e1s de 15 escuelas y localidades de la provincia.<\/strong><\/p>\n<p>Como en ediciones anteriores, esta actividad es GRATUITA y entrega CERTIFICACION OFICIAL de la Universidad Nacional de San Luis. Es destinada a estudiantes de escuelas secundarias.<\/p>\n<h3 style=\"text-align: center;\"><a href=\"https:\/\/docs.google.com\/forms\/d\/e\/1FAIpQLScN63HTj8Sq9372672H9Pz-9Em5sF_G3ZOTY9_kaEvgoeGDmA\/viewform\" target=\"_blank\" rel=\"noopener\">INSCRIPCIONES<\/a><\/h3>\n<p><strong>NOVEDADES 2023<\/strong><\/p>\n<p>Nueva plataforma:\u00a0 Esta edici\u00f3n se trasladar\u00e1 a MOODLE 3, para ofrecer una mayor calidad y acompa\u00f1amiento de los estudiantes, con propuestas interactivas y resoluci\u00f3n de problemas. Esto es posible gracias a la colaboraci\u00f3n del Laboratorio de Educaci\u00f3n Mediada por Tecnolog\u00edas (LEMET) de la FICA-UNSL.<\/p>\n<p>Premios: Se realizar\u00e1n diferentes competencias entre los estudiantes, una de ellas, a la escuela que m\u00e1s estudiantes finalicen las actividades del curso se les donar\u00e1 un Tablero did\u00e1ctico Fotovoltaico Completo como los que utilizamos en nuestras clases.<\/p>\n<p>Nuevos cursos: en el segundo semestre se brindar\u00e1n nuevos cursos productos de nuevas alianzas y proyectos relacionados con electr\u00f3nica, sostenibilidad y blockchain.<\/p>\n<p>Estos cursos se encuentran en el marco de los proyectos &#8220;Promoting STEM Courses to Young Students for Renewable Energy with Open Source Technology 2&#8221; de IEEE-EDS y el proyecto &#8220;Promoci\u00f3n de cursos STEM para j\u00f3venes estudiantes para soluciones sostenibles&#8221; de la convocatoria PEIS-UNSL.<\/p>\n<p>Se fundamenta en un programa de educaci\u00f3n no formal, extraescolar y gratuito que fomenta en los j\u00f3venes el desarrollo de habilidades, vocaciones y talentos a trav\u00e9s de los m\u00faltiples recursos que ofrece la tecnolog\u00eda. Sus cursos tienen la tecnolog\u00eda como herramienta principal y su implementaci\u00f3n en proyectos tecnol\u00f3gicos sociales en parajes rurales, por el que han pasado ya alrededor de 600 j\u00f3venes de 10 diferentes escuelas en los dos \u00faltimos a\u00f1os. El dictado de cada curso es realizado por docentes y estudiantes de ingenier\u00eda de la FICA pertenecientes al LabTA.<\/p>\n<p>Durante este 2023, el LabTA pretende alcanzar m\u00e1s escuelas de la provincia, para esto trabajara en conjunto con el PROIPRO \u201cAn\u00e1lisis de las potencialidades de las tecnolog\u00edas de la informaci\u00f3n y comunicaci\u00f3n en estudiantes y docentes de nivel secundario y universitario\u201d que aportara el desarrollo de plataformas digitales para potenciar e dictado de los cursos en las escuelas.<\/p>\n","protected":false},"excerpt":{"rendered":"<p>El Laboratorio de Tecnolog\u00edas Apropiadas (LabTA) comenzar\u00e1 en las pr\u00f3ximas semanas una nueva edici\u00f3n del te\u00f3rico\/pr\u00e1ctico de &#8220;Introducci\u00f3n a la Energ\u00eda Fotovoltaica&#8221;, que ya ha&hellip;<\/p>\n","protected":false},"author":9,"featured_media":12490,"comment_status":"closed","ping_status":"closed","sticky":false,"template":"","format":"standard","meta":{"_monsterinsights_skip_tracking":false,"_monsterinsights_sitenote_active":false,"_monsterinsights_sitenote_note":"","_monsterinsights_sitenote_category":0,"_joinchat":[],"footnotes":""},"categories":[19],"tags":[],"class_list":["post-13473","post","type-post","status-publish","format-standard","has-post-thumbnail","hentry","category-noticias"],"yoast_head":"<!-- This site is optimized with the Yoast SEO plugin v27.4 - https:\/\/yoast.com\/product\/yoast-seo-wordpress\/ -->\n<title>LabTA: Se viene el STEM 2 - Facultad de Ingenier\u00eda y Ciencias Agropecuarias<\/title>\n<meta name=\"robots\" content=\"index, follow, max-snippet:-1, max-image-preview:large, max-video-preview:-1\" \/>\n<link rel=\"canonical\" href=\"https:\/\/www.fica.unsl.edu.ar\/index.php\/labta-se-viene-el-stem-2\/\" \/>\n<meta property=\"og:locale\" content=\"es_ES\" \/>\n<meta property=\"og:type\" content=\"article\" \/>\n<meta property=\"og:title\" content=\"LabTA: Se viene el STEM 2 - Facultad de Ingenier\u00eda y Ciencias Agropecuarias\" \/>\n<meta property=\"og:description\" content=\"El Laboratorio de Tecnolog\u00edas Apropiadas (LabTA) comenzar\u00e1 en las pr\u00f3ximas semanas una nueva edici\u00f3n del te\u00f3rico\/pr\u00e1ctico de &#8220;Introducci\u00f3n a la Energ\u00eda Fotovoltaica&#8221;, que ya ha&hellip;\" \/>\n<meta property=\"og:url\" content=\"https:\/\/www.fica.unsl.edu.ar\/index.php\/labta-se-viene-el-stem-2\/\" \/>\n<meta property=\"og:site_name\" content=\"Facultad de Ingenier\u00eda y Ciencias Agropecuarias\" \/>\n<meta property=\"article:publisher\" content=\"https:\/\/www.facebook.com\/FICA.UNSL\/\" \/>\n<meta property=\"article:published_time\" content=\"2023-06-06T12:04:24+00:00\" \/>\n<meta property=\"article:modified_time\" content=\"2023-08-07T11:22:14+00:00\" \/>\n<meta property=\"og:image\" content=\"https:\/\/www.fica.unsl.edu.ar\/wp-content\/uploads\/2023\/02\/Promoviendo-educacion-STEM-en-escuelas-secundarias-con-energias-front-.jpg\" \/>\n\t<meta property=\"og:image:width\" content=\"1061\" \/>\n\t<meta property=\"og:image:height\" content=\"585\" \/>\n\t<meta property=\"og:image:type\" content=\"image\/jpeg\" \/>\n<meta name=\"author\" content=\"DATI\" \/>\n<meta name=\"twitter:card\" content=\"summary_large_image\" \/>\n<meta name=\"twitter:creator\" content=\"@FICAUNSL\" \/>\n<meta name=\"twitter:site\" content=\"@FICAUNSL\" \/>\n<meta name=\"twitter:label1\" content=\"Escrito por\" \/>\n\t<meta name=\"twitter:data1\" content=\"DATI\" \/>\n\t<meta name=\"twitter:label2\" content=\"Tiempo de lectura\" \/>\n\t<meta name=\"twitter:data2\" content=\"2 minutos\" \/>\n<script type=\"application\/ld+json\" class=\"yoast-schema-graph\">{\"@context\":\"https:\\\/\\\/schema.org\",\"@graph\":[{\"@type\":\"Article\",\"@id\":\"https:\\\/\\\/www.fica.unsl.edu.ar\\\/index.php\\\/labta-se-viene-el-stem-2\\\/#article\",\"isPartOf\":{\"@id\":\"https:\\\/\\\/www.fica.unsl.edu.ar\\\/index.php\\\/labta-se-viene-el-stem-2\\\/\"},\"author\":{\"name\":\"DATI\",\"@id\":\"https:\\\/\\\/www.fica.unsl.edu.ar\\\/#\\\/schema\\\/person\\\/6058f9c66301868d3a691b1f5d6c3544\"},\"headline\":\"LabTA: Se viene el STEM 2\",\"datePublished\":\"2023-06-06T12:04:24+00:00\",\"dateModified\":\"2023-08-07T11:22:14+00:00\",\"mainEntityOfPage\":{\"@id\":\"https:\\\/\\\/www.fica.unsl.edu.ar\\\/index.php\\\/labta-se-viene-el-stem-2\\\/\"},\"wordCount\":399,\"publisher\":{\"@id\":\"https:\\\/\\\/www.fica.unsl.edu.ar\\\/#organization\"},\"image\":{\"@id\":\"https:\\\/\\\/www.fica.unsl.edu.ar\\\/index.php\\\/labta-se-viene-el-stem-2\\\/#primaryimage\"},\"thumbnailUrl\":\"https:\\\/\\\/www.fica.unsl.edu.ar\\\/wp-content\\\/uploads\\\/2023\\\/02\\\/Promoviendo-educacion-STEM-en-escuelas-secundarias-con-energias-front-.jpg\",\"articleSection\":[\"Noticias\"],\"inLanguage\":\"es-AR\"},{\"@type\":\"WebPage\",\"@id\":\"https:\\\/\\\/www.fica.unsl.edu.ar\\\/index.php\\\/labta-se-viene-el-stem-2\\\/\",\"url\":\"https:\\\/\\\/www.fica.unsl.edu.ar\\\/index.php\\\/labta-se-viene-el-stem-2\\\/\",\"name\":\"LabTA: Se viene el STEM 2 - Facultad de Ingenier\u00eda y Ciencias Agropecuarias\",\"isPartOf\":{\"@id\":\"https:\\\/\\\/www.fica.unsl.edu.ar\\\/#website\"},\"primaryImageOfPage\":{\"@id\":\"https:\\\/\\\/www.fica.unsl.edu.ar\\\/index.php\\\/labta-se-viene-el-stem-2\\\/#primaryimage\"},\"image\":{\"@id\":\"https:\\\/\\\/www.fica.unsl.edu.ar\\\/index.php\\\/labta-se-viene-el-stem-2\\\/#primaryimage\"},\"thumbnailUrl\":\"https:\\\/\\\/www.fica.unsl.edu.ar\\\/wp-content\\\/uploads\\\/2023\\\/02\\\/Promoviendo-educacion-STEM-en-escuelas-secundarias-con-energias-front-.jpg\",\"datePublished\":\"2023-06-06T12:04:24+00:00\",\"dateModified\":\"2023-08-07T11:22:14+00:00\",\"inLanguage\":\"es-AR\",\"potentialAction\":[{\"@type\":\"ReadAction\",\"target\":[\"https:\\\/\\\/www.fica.unsl.edu.ar\\\/index.php\\\/labta-se-viene-el-stem-2\\\/\"]}]},{\"@type\":\"ImageObject\",\"inLanguage\":\"es-AR\",\"@id\":\"https:\\\/\\\/www.fica.unsl.edu.ar\\\/index.php\\\/labta-se-viene-el-stem-2\\\/#primaryimage\",\"url\":\"https:\\\/\\\/www.fica.unsl.edu.ar\\\/wp-content\\\/uploads\\\/2023\\\/02\\\/Promoviendo-educacion-STEM-en-escuelas-secundarias-con-energias-front-.jpg\",\"contentUrl\":\"https:\\\/\\\/www.fica.unsl.edu.ar\\\/wp-content\\\/uploads\\\/2023\\\/02\\\/Promoviendo-educacion-STEM-en-escuelas-secundarias-con-energias-front-.jpg\",\"width\":1061,\"height\":585},{\"@type\":\"WebSite\",\"@id\":\"https:\\\/\\\/www.fica.unsl.edu.ar\\\/#website\",\"url\":\"https:\\\/\\\/www.fica.unsl.edu.ar\\\/\",\"name\":\"Facultad de Ingenier\u00eda y Ciencias Agropecuarias\",\"description\":\"\",\"publisher\":{\"@id\":\"https:\\\/\\\/www.fica.unsl.edu.ar\\\/#organization\"},\"potentialAction\":[{\"@type\":\"SearchAction\",\"target\":{\"@type\":\"EntryPoint\",\"urlTemplate\":\"https:\\\/\\\/www.fica.unsl.edu.ar\\\/?s={search_term_string}\"},\"query-input\":{\"@type\":\"PropertyValueSpecification\",\"valueRequired\":true,\"valueName\":\"search_term_string\"}}],\"inLanguage\":\"es-AR\"},{\"@type\":\"Organization\",\"@id\":\"https:\\\/\\\/www.fica.unsl.edu.ar\\\/#organization\",\"name\":\"Facultad de Ingenier\u00eda y Ciencias Agropecuarias\",\"url\":\"https:\\\/\\\/www.fica.unsl.edu.ar\\\/\",\"logo\":{\"@type\":\"ImageObject\",\"inLanguage\":\"es-AR\",\"@id\":\"https:\\\/\\\/www.fica.unsl.edu.ar\\\/#\\\/schema\\\/logo\\\/image\\\/\",\"url\":\"https:\\\/\\\/www.fica.unsl.edu.ar\\\/wp-content\\\/uploads\\\/2021\\\/03\\\/LOGO-1.jpg\",\"contentUrl\":\"https:\\\/\\\/www.fica.unsl.edu.ar\\\/wp-content\\\/uploads\\\/2021\\\/03\\\/LOGO-1.jpg\",\"width\":463,\"height\":145,\"caption\":\"Facultad de Ingenier\u00eda y Ciencias Agropecuarias\"},\"image\":{\"@id\":\"https:\\\/\\\/www.fica.unsl.edu.ar\\\/#\\\/schema\\\/logo\\\/image\\\/\"},\"sameAs\":[\"https:\\\/\\\/www.facebook.com\\\/FICA.UNSL\\\/\",\"https:\\\/\\\/x.com\\\/FICAUNSL\",\"https:\\\/\\\/www.instagram.com\\\/fica.unsl\\\/\",\"https:\\\/\\\/www.youtube.com\\\/channel\\\/UCs2MM53gb2PyBrMySdtWZDQ\"]},{\"@type\":\"Person\",\"@id\":\"https:\\\/\\\/www.fica.unsl.edu.ar\\\/#\\\/schema\\\/person\\\/6058f9c66301868d3a691b1f5d6c3544\",\"name\":\"DATI\"}]}<\/script>\n<!-- \/ Yoast SEO plugin. -->","yoast_head_json":{"title":"LabTA: Se viene el STEM 2 - Facultad de Ingenier\u00eda y Ciencias Agropecuarias","robots":{"index":"index","follow":"follow","max-snippet":"max-snippet:-1","max-image-preview":"max-image-preview:large","max-video-preview":"max-video-preview:-1"},"canonical":"https:\/\/www.fica.unsl.edu.ar\/index.php\/labta-se-viene-el-stem-2\/","og_locale":"es_ES","og_type":"article","og_title":"LabTA: Se viene el STEM 2 - Facultad de Ingenier\u00eda y Ciencias Agropecuarias","og_description":"El Laboratorio de Tecnolog\u00edas Apropiadas (LabTA) comenzar\u00e1 en las pr\u00f3ximas semanas una nueva edici\u00f3n del te\u00f3rico\/pr\u00e1ctico de &#8220;Introducci\u00f3n a la Energ\u00eda Fotovoltaica&#8221;, que ya ha&hellip;","og_url":"https:\/\/www.fica.unsl.edu.ar\/index.php\/labta-se-viene-el-stem-2\/","og_site_name":"Facultad de Ingenier\u00eda y Ciencias Agropecuarias","article_publisher":"https:\/\/www.facebook.com\/FICA.UNSL\/","article_published_time":"2023-06-06T12:04:24+00:00","article_modified_time":"2023-08-07T11:22:14+00:00","og_image":[{"width":1061,"height":585,"url":"https:\/\/www.fica.unsl.edu.ar\/wp-content\/uploads\/2023\/02\/Promoviendo-educacion-STEM-en-escuelas-secundarias-con-energias-front-.jpg","type":"image\/jpeg"}],"author":"DATI","twitter_card":"summary_large_image","twitter_creator":"@FICAUNSL","twitter_site":"@FICAUNSL","twitter_misc":{"Escrito por":"DATI","Tiempo de lectura":"2 minutos"},"schema":{"@context":"https:\/\/schema.org","@graph":[{"@type":"Article","@id":"https:\/\/www.fica.unsl.edu.ar\/index.php\/labta-se-viene-el-stem-2\/#article","isPartOf":{"@id":"https:\/\/www.fica.unsl.edu.ar\/index.php\/labta-se-viene-el-stem-2\/"},"author":{"name":"DATI","@id":"https:\/\/www.fica.unsl.edu.ar\/#\/schema\/person\/6058f9c66301868d3a691b1f5d6c3544"},"headline":"LabTA: Se viene el STEM 2","datePublished":"2023-06-06T12:04:24+00:00","dateModified":"2023-08-07T11:22:14+00:00","mainEntityOfPage":{"@id":"https:\/\/www.fica.unsl.edu.ar\/index.php\/labta-se-viene-el-stem-2\/"},"wordCount":399,"publisher":{"@id":"https:\/\/www.fica.unsl.edu.ar\/#organization"},"image":{"@id":"https:\/\/www.fica.unsl.edu.ar\/index.php\/labta-se-viene-el-stem-2\/#primaryimage"},"thumbnailUrl":"https:\/\/www.fica.unsl.edu.ar\/wp-content\/uploads\/2023\/02\/Promoviendo-educacion-STEM-en-escuelas-secundarias-con-energias-front-.jpg","articleSection":["Noticias"],"inLanguage":"es-AR"},{"@type":"WebPage","@id":"https:\/\/www.fica.unsl.edu.ar\/index.php\/labta-se-viene-el-stem-2\/","url":"https:\/\/www.fica.unsl.edu.ar\/index.php\/labta-se-viene-el-stem-2\/","name":"LabTA: Se viene el STEM 2 - Facultad de Ingenier\u00eda y Ciencias Agropecuarias","isPartOf":{"@id":"https:\/\/www.fica.unsl.edu.ar\/#website"},"primaryImageOfPage":{"@id":"https:\/\/www.fica.unsl.edu.ar\/index.php\/labta-se-viene-el-stem-2\/#primaryimage"},"image":{"@id":"https:\/\/www.fica.unsl.edu.ar\/index.php\/labta-se-viene-el-stem-2\/#primaryimage"},"thumbnailUrl":"https:\/\/www.fica.unsl.edu.ar\/wp-content\/uploads\/2023\/02\/Promoviendo-educacion-STEM-en-escuelas-secundarias-con-energias-front-.jpg","datePublished":"2023-06-06T12:04:24+00:00","dateModified":"2023-08-07T11:22:14+00:00","inLanguage":"es-AR","potentialAction":[{"@type":"ReadAction","target":["https:\/\/www.fica.unsl.edu.ar\/index.php\/labta-se-viene-el-stem-2\/"]}]},{"@type":"ImageObject","inLanguage":"es-AR","@id":"https:\/\/www.fica.unsl.edu.ar\/index.php\/labta-se-viene-el-stem-2\/#primaryimage","url":"https:\/\/www.fica.unsl.edu.ar\/wp-content\/uploads\/2023\/02\/Promoviendo-educacion-STEM-en-escuelas-secundarias-con-energias-front-.jpg","contentUrl":"https:\/\/www.fica.unsl.edu.ar\/wp-content\/uploads\/2023\/02\/Promoviendo-educacion-STEM-en-escuelas-secundarias-con-energias-front-.jpg","width":1061,"height":585},{"@type":"WebSite","@id":"https:\/\/www.fica.unsl.edu.ar\/#website","url":"https:\/\/www.fica.unsl.edu.ar\/","name":"Facultad de Ingenier\u00eda y Ciencias Agropecuarias","description":"","publisher":{"@id":"https:\/\/www.fica.unsl.edu.ar\/#organization"},"potentialAction":[{"@type":"SearchAction","target":{"@type":"EntryPoint","urlTemplate":"https:\/\/www.fica.unsl.edu.ar\/?s={search_term_string}"},"query-input":{"@type":"PropertyValueSpecification","valueRequired":true,"valueName":"search_term_string"}}],"inLanguage":"es-AR"},{"@type":"Organization","@id":"https:\/\/www.fica.unsl.edu.ar\/#organization","name":"Facultad de Ingenier\u00eda y Ciencias Agropecuarias","url":"https:\/\/www.fica.unsl.edu.ar\/","logo":{"@type":"ImageObject","inLanguage":"es-AR","@id":"https:\/\/www.fica.unsl.edu.ar\/#\/schema\/logo\/image\/","url":"https:\/\/www.fica.unsl.edu.ar\/wp-content\/uploads\/2021\/03\/LOGO-1.jpg","contentUrl":"https:\/\/www.fica.unsl.edu.ar\/wp-content\/uploads\/2021\/03\/LOGO-1.jpg","width":463,"height":145,"caption":"Facultad de Ingenier\u00eda y Ciencias Agropecuarias"},"image":{"@id":"https:\/\/www.fica.unsl.edu.ar\/#\/schema\/logo\/image\/"},"sameAs":["https:\/\/www.facebook.com\/FICA.UNSL\/","https:\/\/x.com\/FICAUNSL","https:\/\/www.instagram.com\/fica.unsl\/","https:\/\/www.youtube.com\/channel\/UCs2MM53gb2PyBrMySdtWZDQ"]},{"@type":"Person","@id":"https:\/\/www.fica.unsl.edu.ar\/#\/schema\/person\/6058f9c66301868d3a691b1f5d6c3544","name":"DATI"}]}},"_links":{"self":[{"href":"https:\/\/www.fica.unsl.edu.ar\/index.php\/wp-json\/wp\/v2\/posts\/13473","targetHints":{"allow":["GET"]}}],"collection":[{"href":"https:\/\/www.fica.unsl.edu.ar\/index.php\/wp-json\/wp\/v2\/posts"}],"about":[{"href":"https:\/\/www.fica.unsl.edu.ar\/index.php\/wp-json\/wp\/v2\/types\/post"}],"author":[{"embeddable":true,"href":"https:\/\/www.fica.unsl.edu.ar\/index.php\/wp-json\/wp\/v2\/users\/9"}],"replies":[{"embeddable":true,"href":"https:\/\/www.fica.unsl.edu.ar\/index.php\/wp-json\/wp\/v2\/comments?post=13473"}],"version-history":[{"count":1,"href":"https:\/\/www.fica.unsl.edu.ar\/index.php\/wp-json\/wp\/v2\/posts\/13473\/revisions"}],"predecessor-version":[{"id":13474,"href":"https:\/\/www.fica.unsl.edu.ar\/index.php\/wp-json\/wp\/v2\/posts\/13473\/revisions\/13474"}],"wp:featuredmedia":[{"embeddable":true,"href":"https:\/\/www.fica.unsl.edu.ar\/index.php\/wp-json\/wp\/v2\/media\/12490"}],"wp:attachment":[{"href":"https:\/\/www.fica.unsl.edu.ar\/index.php\/wp-json\/wp\/v2\/media?parent=13473"}],"wp:term":[{"taxonomy":"category","embeddable":true,"href":"https:\/\/www.fica.unsl.edu.ar\/index.php\/wp-json\/wp\/v2\/categories?post=13473"},{"taxonomy":"post_tag","embeddable":true,"href":"https:\/\/www.fica.unsl.edu.ar\/index.php\/wp-json\/wp\/v2\/tags?post=13473"}],"curies":[{"name":"wp","href":"https:\/\/api.w.org\/{rel}","templated":true}]}}