{"id":13523,"date":"2023-06-08T13:40:56","date_gmt":"2023-06-08T16:40:56","guid":{"rendered":"http:\/\/10.101.10.196\/www\/?p=13523"},"modified":"2023-06-09T13:44:07","modified_gmt":"2023-06-09T16:44:07","slug":"areii-se-hizo-sentir-en-la-semana-de-la-ingenieria","status":"publish","type":"post","link":"https:\/\/www.fica.unsl.edu.ar\/index.php\/areii-se-hizo-sentir-en-la-semana-de-la-ingenieria\/","title":{"rendered":"ArEII se hizo sentir en la Semana de la Ingenier\u00eda"},"content":{"rendered":"<p>Los estudiantes de la FICA no perdieron la oportunidad de formar parte de la agenda de la Semana de la Ingenier\u00eda. Con su stand en Casa de la Cultura difundieron los objetivos de la Asociaci\u00f3n Argentina de Estudiantes de Ingenier\u00eda Industrial (ArEII), San Luis, y con actividades que coodinaron en el campus del Centro Universitario hicieron sentir su presencia.<\/p>\n<p>Franco Pereira, Malena Pereira y Valentina Chac\u00f3n, estudiantes de la Facultad de Ingenier\u00eda y Ciencias Agropecuarias e integrantes de ArEII San Luis, destacaron que la posibilidad de participar de la Semana de la Ingenier\u00eda durante dos jornada en Casa de la Cultura fue una gran oportunida para mostrar lo que hace la asociaci\u00f3n a la comunidad.<\/p>\n<p>\u201cArEII es una asociaci\u00f3n sin fines de lucro, formada puramente por estudiantes, que tiene como objetivo trabajar las habilidades blandas, que el d\u00eda de ma\u00f1ana nos van a servir como futuros profesionales, que hoy se buscan mucho en las f\u00e1bricas \u00bfCu\u00e1les son esas habilidades? El liderazgo, el trabajo en equipo y la comunicaci\u00f3n efectiva\u201d, explicaron.<\/p>\n<p>La asociaci\u00f3n desarrolla una serie de actividades durante el a\u00f1o, en conjunto con estudiantes de ingenier\u00eda de todo el pa\u00eds. Entre ellas, las jornadas JOSEI (Jornadas Simult\u00e1neas de Ingenier\u00eda) que se realizan todos los a\u00f1os en cada delegaci\u00f3n. \u201cEstas jornadas se hacen generalmente una o dos veces por a\u00f1o, a mediados de cuatrimestre. Una de las principales actividades que se desarrollas consisten en charlas magistrales, a cargo de gerentes de f\u00e1bricas, que tiene historias de vida para contar y que nos pueden llegar a motivar\u201d.<\/p>\n<p>Un aspecto importante de estas actividades es la interacci\u00f3n que se promueve entre los estudiantes y las visitas t\u00e9cnicas a f\u00e1bricas. \u201cTodo nos motiva para seguir por este camino. Cuando uno vuelve de una JOSEI, lo hace con m\u00e1s \u00e1nimo e impulso para continuar con la carrera\u201d.<\/p>\n<p>Contaron que durante las primeras jornadas de la Semana recibieron en el stand la visita de cientos de alumnos de colegios secundarios: \u201clo que notamos en ellos son dudas sobre la universidad como tal y la falta de informaci\u00f3n sobre la asociaci\u00f3n. Por eso, les brindamos asesoramientos sobre lo que es ser estudiante universitario, d\u00f3nde pueden encontrar informaci\u00f3n al repecto y decirles que si bien toda carrera universitaria es un desaf\u00edo existen asociaciones de estudiantes que los apoyan, les brindan herramientas, les transmiten experiencias y les hacen m\u00e1s llevadero su desempe\u00f1o universitario y laboral\u201d.<\/p>\n<p>En el campus, los estudiantes organizaron el juego \u201cCarrera de Ingenios\u201d, que consisti\u00f3 motiviar el trabajo en equipo entre los participantes.<\/p>\n<p>&nbsp;<\/p>\n<p><strong>Nota: Jos\u00e9 Luis Baigorria &#8211; Virginia Aguilera | Radio UNSL Villa Mercedes<\/strong><\/p>\n<p>&nbsp;<\/p>\n<p>&nbsp;<\/p>\n","protected":false},"excerpt":{"rendered":"<p>Los estudiantes de la FICA no perdieron la oportunidad de formar parte de la agenda de la Semana de la Ingenier\u00eda. Con su stand en&hellip;<\/p>\n","protected":false},"author":9,"featured_media":13524,"comment_status":"closed","ping_status":"closed","sticky":false,"template":"","format":"standard","meta":{"_monsterinsights_skip_tracking":false,"_monsterinsights_sitenote_active":false,"_monsterinsights_sitenote_note":"","_monsterinsights_sitenote_category":0,"_joinchat":[],"footnotes":""},"categories":[19],"tags":[],"class_list":["post-13523","post","type-post","status-publish","format-standard","has-post-thumbnail","hentry","category-noticias"],"yoast_head":"<!-- This site is optimized with the Yoast SEO plugin v27.4 - https:\/\/yoast.com\/product\/yoast-seo-wordpress\/ -->\n<title>ArEII se hizo sentir en la Semana de la Ingenier\u00eda - Facultad de Ingenier\u00eda y Ciencias Agropecuarias<\/title>\n<meta name=\"robots\" content=\"index, follow, max-snippet:-1, max-image-preview:large, max-video-preview:-1\" \/>\n<link rel=\"canonical\" href=\"https:\/\/www.fica.unsl.edu.ar\/index.php\/areii-se-hizo-sentir-en-la-semana-de-la-ingenieria\/\" \/>\n<meta property=\"og:locale\" content=\"es_ES\" \/>\n<meta property=\"og:type\" content=\"article\" \/>\n<meta property=\"og:title\" content=\"ArEII se hizo sentir en la Semana de la Ingenier\u00eda - Facultad de Ingenier\u00eda y Ciencias Agropecuarias\" \/>\n<meta property=\"og:description\" content=\"Los estudiantes de la FICA no perdieron la oportunidad de formar parte de la agenda de la Semana de la Ingenier\u00eda. Con su stand en&hellip;\" \/>\n<meta property=\"og:url\" content=\"https:\/\/www.fica.unsl.edu.ar\/index.php\/areii-se-hizo-sentir-en-la-semana-de-la-ingenieria\/\" \/>\n<meta property=\"og:site_name\" content=\"Facultad de Ingenier\u00eda y Ciencias Agropecuarias\" \/>\n<meta property=\"article:publisher\" content=\"https:\/\/www.facebook.com\/FICA.UNSL\/\" \/>\n<meta property=\"article:published_time\" content=\"2023-06-08T16:40:56+00:00\" \/>\n<meta property=\"article:modified_time\" content=\"2023-06-09T16:44:07+00:00\" \/>\n<meta property=\"og:image\" content=\"https:\/\/www.fica.unsl.edu.ar\/wp-content\/uploads\/2023\/06\/arreii.jpg\" \/>\n\t<meta property=\"og:image:width\" content=\"1061\" \/>\n\t<meta property=\"og:image:height\" content=\"585\" \/>\n\t<meta property=\"og:image:type\" content=\"image\/jpeg\" \/>\n<meta name=\"author\" content=\"DATI\" \/>\n<meta name=\"twitter:card\" content=\"summary_large_image\" \/>\n<meta name=\"twitter:creator\" content=\"@FICAUNSL\" \/>\n<meta name=\"twitter:site\" content=\"@FICAUNSL\" \/>\n<meta name=\"twitter:label1\" content=\"Escrito por\" \/>\n\t<meta name=\"twitter:data1\" content=\"DATI\" \/>\n\t<meta name=\"twitter:label2\" content=\"Tiempo de lectura\" \/>\n\t<meta name=\"twitter:data2\" content=\"2 minutos\" \/>\n<script type=\"application\/ld+json\" class=\"yoast-schema-graph\">{\"@context\":\"https:\\\/\\\/schema.org\",\"@graph\":[{\"@type\":\"Article\",\"@id\":\"https:\\\/\\\/www.fica.unsl.edu.ar\\\/index.php\\\/areii-se-hizo-sentir-en-la-semana-de-la-ingenieria\\\/#article\",\"isPartOf\":{\"@id\":\"https:\\\/\\\/www.fica.unsl.edu.ar\\\/index.php\\\/areii-se-hizo-sentir-en-la-semana-de-la-ingenieria\\\/\"},\"author\":{\"name\":\"DATI\",\"@id\":\"https:\\\/\\\/www.fica.unsl.edu.ar\\\/#\\\/schema\\\/person\\\/6058f9c66301868d3a691b1f5d6c3544\"},\"headline\":\"ArEII se hizo sentir en la Semana de la Ingenier\u00eda\",\"datePublished\":\"2023-06-08T16:40:56+00:00\",\"dateModified\":\"2023-06-09T16:44:07+00:00\",\"mainEntityOfPage\":{\"@id\":\"https:\\\/\\\/www.fica.unsl.edu.ar\\\/index.php\\\/areii-se-hizo-sentir-en-la-semana-de-la-ingenieria\\\/\"},\"wordCount\":476,\"publisher\":{\"@id\":\"https:\\\/\\\/www.fica.unsl.edu.ar\\\/#organization\"},\"image\":{\"@id\":\"https:\\\/\\\/www.fica.unsl.edu.ar\\\/index.php\\\/areii-se-hizo-sentir-en-la-semana-de-la-ingenieria\\\/#primaryimage\"},\"thumbnailUrl\":\"https:\\\/\\\/www.fica.unsl.edu.ar\\\/wp-content\\\/uploads\\\/2023\\\/06\\\/arreii.jpg\",\"articleSection\":[\"Noticias\"],\"inLanguage\":\"es-AR\"},{\"@type\":\"WebPage\",\"@id\":\"https:\\\/\\\/www.fica.unsl.edu.ar\\\/index.php\\\/areii-se-hizo-sentir-en-la-semana-de-la-ingenieria\\\/\",\"url\":\"https:\\\/\\\/www.fica.unsl.edu.ar\\\/index.php\\\/areii-se-hizo-sentir-en-la-semana-de-la-ingenieria\\\/\",\"name\":\"ArEII se hizo sentir en la Semana de la Ingenier\u00eda - Facultad de Ingenier\u00eda y Ciencias Agropecuarias\",\"isPartOf\":{\"@id\":\"https:\\\/\\\/www.fica.unsl.edu.ar\\\/#website\"},\"primaryImageOfPage\":{\"@id\":\"https:\\\/\\\/www.fica.unsl.edu.ar\\\/index.php\\\/areii-se-hizo-sentir-en-la-semana-de-la-ingenieria\\\/#primaryimage\"},\"image\":{\"@id\":\"https:\\\/\\\/www.fica.unsl.edu.ar\\\/index.php\\\/areii-se-hizo-sentir-en-la-semana-de-la-ingenieria\\\/#primaryimage\"},\"thumbnailUrl\":\"https:\\\/\\\/www.fica.unsl.edu.ar\\\/wp-content\\\/uploads\\\/2023\\\/06\\\/arreii.jpg\",\"datePublished\":\"2023-06-08T16:40:56+00:00\",\"dateModified\":\"2023-06-09T16:44:07+00:00\",\"inLanguage\":\"es-AR\",\"potentialAction\":[{\"@type\":\"ReadAction\",\"target\":[\"https:\\\/\\\/www.fica.unsl.edu.ar\\\/index.php\\\/areii-se-hizo-sentir-en-la-semana-de-la-ingenieria\\\/\"]}]},{\"@type\":\"ImageObject\",\"inLanguage\":\"es-AR\",\"@id\":\"https:\\\/\\\/www.fica.unsl.edu.ar\\\/index.php\\\/areii-se-hizo-sentir-en-la-semana-de-la-ingenieria\\\/#primaryimage\",\"url\":\"https:\\\/\\\/www.fica.unsl.edu.ar\\\/wp-content\\\/uploads\\\/2023\\\/06\\\/arreii.jpg\",\"contentUrl\":\"https:\\\/\\\/www.fica.unsl.edu.ar\\\/wp-content\\\/uploads\\\/2023\\\/06\\\/arreii.jpg\",\"width\":1061,\"height\":585},{\"@type\":\"WebSite\",\"@id\":\"https:\\\/\\\/www.fica.unsl.edu.ar\\\/#website\",\"url\":\"https:\\\/\\\/www.fica.unsl.edu.ar\\\/\",\"name\":\"Facultad de Ingenier\u00eda y Ciencias Agropecuarias\",\"description\":\"\",\"publisher\":{\"@id\":\"https:\\\/\\\/www.fica.unsl.edu.ar\\\/#organization\"},\"potentialAction\":[{\"@type\":\"SearchAction\",\"target\":{\"@type\":\"EntryPoint\",\"urlTemplate\":\"https:\\\/\\\/www.fica.unsl.edu.ar\\\/?s={search_term_string}\"},\"query-input\":{\"@type\":\"PropertyValueSpecification\",\"valueRequired\":true,\"valueName\":\"search_term_string\"}}],\"inLanguage\":\"es-AR\"},{\"@type\":\"Organization\",\"@id\":\"https:\\\/\\\/www.fica.unsl.edu.ar\\\/#organization\",\"name\":\"Facultad de Ingenier\u00eda y Ciencias Agropecuarias\",\"url\":\"https:\\\/\\\/www.fica.unsl.edu.ar\\\/\",\"logo\":{\"@type\":\"ImageObject\",\"inLanguage\":\"es-AR\",\"@id\":\"https:\\\/\\\/www.fica.unsl.edu.ar\\\/#\\\/schema\\\/logo\\\/image\\\/\",\"url\":\"https:\\\/\\\/www.fica.unsl.edu.ar\\\/wp-content\\\/uploads\\\/2021\\\/03\\\/LOGO-1.jpg\",\"contentUrl\":\"https:\\\/\\\/www.fica.unsl.edu.ar\\\/wp-content\\\/uploads\\\/2021\\\/03\\\/LOGO-1.jpg\",\"width\":463,\"height\":145,\"caption\":\"Facultad de Ingenier\u00eda y Ciencias Agropecuarias\"},\"image\":{\"@id\":\"https:\\\/\\\/www.fica.unsl.edu.ar\\\/#\\\/schema\\\/logo\\\/image\\\/\"},\"sameAs\":[\"https:\\\/\\\/www.facebook.com\\\/FICA.UNSL\\\/\",\"https:\\\/\\\/x.com\\\/FICAUNSL\",\"https:\\\/\\\/www.instagram.com\\\/fica.unsl\\\/\",\"https:\\\/\\\/www.youtube.com\\\/channel\\\/UCs2MM53gb2PyBrMySdtWZDQ\"]},{\"@type\":\"Person\",\"@id\":\"https:\\\/\\\/www.fica.unsl.edu.ar\\\/#\\\/schema\\\/person\\\/6058f9c66301868d3a691b1f5d6c3544\",\"name\":\"DATI\"}]}<\/script>\n<!-- \/ Yoast SEO plugin. -->","yoast_head_json":{"title":"ArEII se hizo sentir en la Semana de la Ingenier\u00eda - Facultad de Ingenier\u00eda y Ciencias Agropecuarias","robots":{"index":"index","follow":"follow","max-snippet":"max-snippet:-1","max-image-preview":"max-image-preview:large","max-video-preview":"max-video-preview:-1"},"canonical":"https:\/\/www.fica.unsl.edu.ar\/index.php\/areii-se-hizo-sentir-en-la-semana-de-la-ingenieria\/","og_locale":"es_ES","og_type":"article","og_title":"ArEII se hizo sentir en la Semana de la Ingenier\u00eda - Facultad de Ingenier\u00eda y Ciencias Agropecuarias","og_description":"Los estudiantes de la FICA no perdieron la oportunidad de formar parte de la agenda de la Semana de la Ingenier\u00eda. Con su stand en&hellip;","og_url":"https:\/\/www.fica.unsl.edu.ar\/index.php\/areii-se-hizo-sentir-en-la-semana-de-la-ingenieria\/","og_site_name":"Facultad de Ingenier\u00eda y Ciencias Agropecuarias","article_publisher":"https:\/\/www.facebook.com\/FICA.UNSL\/","article_published_time":"2023-06-08T16:40:56+00:00","article_modified_time":"2023-06-09T16:44:07+00:00","og_image":[{"width":1061,"height":585,"url":"https:\/\/www.fica.unsl.edu.ar\/wp-content\/uploads\/2023\/06\/arreii.jpg","type":"image\/jpeg"}],"author":"DATI","twitter_card":"summary_large_image","twitter_creator":"@FICAUNSL","twitter_site":"@FICAUNSL","twitter_misc":{"Escrito por":"DATI","Tiempo de lectura":"2 minutos"},"schema":{"@context":"https:\/\/schema.org","@graph":[{"@type":"Article","@id":"https:\/\/www.fica.unsl.edu.ar\/index.php\/areii-se-hizo-sentir-en-la-semana-de-la-ingenieria\/#article","isPartOf":{"@id":"https:\/\/www.fica.unsl.edu.ar\/index.php\/areii-se-hizo-sentir-en-la-semana-de-la-ingenieria\/"},"author":{"name":"DATI","@id":"https:\/\/www.fica.unsl.edu.ar\/#\/schema\/person\/6058f9c66301868d3a691b1f5d6c3544"},"headline":"ArEII se hizo sentir en la Semana de la Ingenier\u00eda","datePublished":"2023-06-08T16:40:56+00:00","dateModified":"2023-06-09T16:44:07+00:00","mainEntityOfPage":{"@id":"https:\/\/www.fica.unsl.edu.ar\/index.php\/areii-se-hizo-sentir-en-la-semana-de-la-ingenieria\/"},"wordCount":476,"publisher":{"@id":"https:\/\/www.fica.unsl.edu.ar\/#organization"},"image":{"@id":"https:\/\/www.fica.unsl.edu.ar\/index.php\/areii-se-hizo-sentir-en-la-semana-de-la-ingenieria\/#primaryimage"},"thumbnailUrl":"https:\/\/www.fica.unsl.edu.ar\/wp-content\/uploads\/2023\/06\/arreii.jpg","articleSection":["Noticias"],"inLanguage":"es-AR"},{"@type":"WebPage","@id":"https:\/\/www.fica.unsl.edu.ar\/index.php\/areii-se-hizo-sentir-en-la-semana-de-la-ingenieria\/","url":"https:\/\/www.fica.unsl.edu.ar\/index.php\/areii-se-hizo-sentir-en-la-semana-de-la-ingenieria\/","name":"ArEII se hizo sentir en la Semana de la Ingenier\u00eda - Facultad de Ingenier\u00eda y Ciencias Agropecuarias","isPartOf":{"@id":"https:\/\/www.fica.unsl.edu.ar\/#website"},"primaryImageOfPage":{"@id":"https:\/\/www.fica.unsl.edu.ar\/index.php\/areii-se-hizo-sentir-en-la-semana-de-la-ingenieria\/#primaryimage"},"image":{"@id":"https:\/\/www.fica.unsl.edu.ar\/index.php\/areii-se-hizo-sentir-en-la-semana-de-la-ingenieria\/#primaryimage"},"thumbnailUrl":"https:\/\/www.fica.unsl.edu.ar\/wp-content\/uploads\/2023\/06\/arreii.jpg","datePublished":"2023-06-08T16:40:56+00:00","dateModified":"2023-06-09T16:44:07+00:00","inLanguage":"es-AR","potentialAction":[{"@type":"ReadAction","target":["https:\/\/www.fica.unsl.edu.ar\/index.php\/areii-se-hizo-sentir-en-la-semana-de-la-ingenieria\/"]}]},{"@type":"ImageObject","inLanguage":"es-AR","@id":"https:\/\/www.fica.unsl.edu.ar\/index.php\/areii-se-hizo-sentir-en-la-semana-de-la-ingenieria\/#primaryimage","url":"https:\/\/www.fica.unsl.edu.ar\/wp-content\/uploads\/2023\/06\/arreii.jpg","contentUrl":"https:\/\/www.fica.unsl.edu.ar\/wp-content\/uploads\/2023\/06\/arreii.jpg","width":1061,"height":585},{"@type":"WebSite","@id":"https:\/\/www.fica.unsl.edu.ar\/#website","url":"https:\/\/www.fica.unsl.edu.ar\/","name":"Facultad de Ingenier\u00eda y Ciencias Agropecuarias","description":"","publisher":{"@id":"https:\/\/www.fica.unsl.edu.ar\/#organization"},"potentialAction":[{"@type":"SearchAction","target":{"@type":"EntryPoint","urlTemplate":"https:\/\/www.fica.unsl.edu.ar\/?s={search_term_string}"},"query-input":{"@type":"PropertyValueSpecification","valueRequired":true,"valueName":"search_term_string"}}],"inLanguage":"es-AR"},{"@type":"Organization","@id":"https:\/\/www.fica.unsl.edu.ar\/#organization","name":"Facultad de Ingenier\u00eda y Ciencias Agropecuarias","url":"https:\/\/www.fica.unsl.edu.ar\/","logo":{"@type":"ImageObject","inLanguage":"es-AR","@id":"https:\/\/www.fica.unsl.edu.ar\/#\/schema\/logo\/image\/","url":"https:\/\/www.fica.unsl.edu.ar\/wp-content\/uploads\/2021\/03\/LOGO-1.jpg","contentUrl":"https:\/\/www.fica.unsl.edu.ar\/wp-content\/uploads\/2021\/03\/LOGO-1.jpg","width":463,"height":145,"caption":"Facultad de Ingenier\u00eda y Ciencias Agropecuarias"},"image":{"@id":"https:\/\/www.fica.unsl.edu.ar\/#\/schema\/logo\/image\/"},"sameAs":["https:\/\/www.facebook.com\/FICA.UNSL\/","https:\/\/x.com\/FICAUNSL","https:\/\/www.instagram.com\/fica.unsl\/","https:\/\/www.youtube.com\/channel\/UCs2MM53gb2PyBrMySdtWZDQ"]},{"@type":"Person","@id":"https:\/\/www.fica.unsl.edu.ar\/#\/schema\/person\/6058f9c66301868d3a691b1f5d6c3544","name":"DATI"}]}},"_links":{"self":[{"href":"https:\/\/www.fica.unsl.edu.ar\/index.php\/wp-json\/wp\/v2\/posts\/13523","targetHints":{"allow":["GET"]}}],"collection":[{"href":"https:\/\/www.fica.unsl.edu.ar\/index.php\/wp-json\/wp\/v2\/posts"}],"about":[{"href":"https:\/\/www.fica.unsl.edu.ar\/index.php\/wp-json\/wp\/v2\/types\/post"}],"author":[{"embeddable":true,"href":"https:\/\/www.fica.unsl.edu.ar\/index.php\/wp-json\/wp\/v2\/users\/9"}],"replies":[{"embeddable":true,"href":"https:\/\/www.fica.unsl.edu.ar\/index.php\/wp-json\/wp\/v2\/comments?post=13523"}],"version-history":[{"count":1,"href":"https:\/\/www.fica.unsl.edu.ar\/index.php\/wp-json\/wp\/v2\/posts\/13523\/revisions"}],"predecessor-version":[{"id":13525,"href":"https:\/\/www.fica.unsl.edu.ar\/index.php\/wp-json\/wp\/v2\/posts\/13523\/revisions\/13525"}],"wp:featuredmedia":[{"embeddable":true,"href":"https:\/\/www.fica.unsl.edu.ar\/index.php\/wp-json\/wp\/v2\/media\/13524"}],"wp:attachment":[{"href":"https:\/\/www.fica.unsl.edu.ar\/index.php\/wp-json\/wp\/v2\/media?parent=13523"}],"wp:term":[{"taxonomy":"category","embeddable":true,"href":"https:\/\/www.fica.unsl.edu.ar\/index.php\/wp-json\/wp\/v2\/categories?post=13523"},{"taxonomy":"post_tag","embeddable":true,"href":"https:\/\/www.fica.unsl.edu.ar\/index.php\/wp-json\/wp\/v2\/tags?post=13523"}],"curies":[{"name":"wp","href":"https:\/\/api.w.org\/{rel}","templated":true}]}}