{"id":13554,"date":"2023-06-14T12:07:30","date_gmt":"2023-06-14T15:07:30","guid":{"rendered":"http:\/\/10.101.10.196\/www\/?p=13554"},"modified":"2023-06-29T11:36:32","modified_gmt":"2023-06-29T14:36:32","slug":"tres-proyectos-de-la-fica-fueron-seleccionados-por-la-fundacion-acindar","status":"publish","type":"post","link":"https:\/\/www.fica.unsl.edu.ar\/index.php\/tres-proyectos-de-la-fica-fueron-seleccionados-por-la-fundacion-acindar\/","title":{"rendered":"Tres proyectos de la FICA fueron seleccionados por la Fundaci\u00f3n Acindar"},"content":{"rendered":"<p>El Instituto EENYTT y la Coordinaci\u00f3n de SVTS, tiene el agrado de informar que <strong>3 proyectos presentados por docentes investigadores\/as de la FICA<\/strong>, fueron seleccionados por la <strong>&#8220;Fundaci\u00f3n Acindar&#8221;<\/strong> en el marco de las convocatorias <strong>\u201cIngeniamos 2023\u201d y \u201cRedProyectos 2023\u201d.<\/strong><\/p>\n<p>Acindar mediante la convocatoria \u201cRedProyectos 2023\u201d seleccion\u00f3 el proyecto dirigido por la Mgtr. Johana Sanoguera, \u201cPromoviendo Ingenios en el Laboratorio CIEM\u201d, mientras que en el marco de \u201cIngeniamos 2023\u201d, seleccion\u00f3 las propuestas dirigidas por el Dr. Guillermo Catuogno, \u201cOpenHope\u201d y por las Doctoras Mar\u00eda de los \u00c1ngeles Cangiano y Cecilia de los \u00c1ngeles Fern\u00e1ndez, \u201cLaboratorio Micro y Nanoestructuras, NanoAGROtec\u201d.<\/p>\n<p><strong>\u201cPromoviendo Ingenios en el Laboratorio CIEM\u201d<\/strong><\/p>\n<p>Este proyecto tiene como finalidad generar espacios en las escuelas para acercarse a la Universidad, articular e interactuar, llegar al alumno teniendo como premisa que, las sociedades requieren profesionales de ingenier\u00eda de alta calidad para desarrollar m\u00e9todos de producci\u00f3n m\u00e1s sostenibles. La importancia es fomentar el ingreso a las facultades de ingenier\u00eda, a modo de experimentar y aprender diversos ensayos para ser parte de los desaf\u00edos en los proyectos del laboratorio de investigaci\u00f3n. Esto es llevado a cabo por la docente investigadas, Mgtr. Johana Sanoguera y equipo.<\/p>\n<p><strong>\u201cOpenHope\u201d<\/strong><\/p>\n<p>Es un proyecto tecnol\u00f3gico educativo social que busca una soluci\u00f3n para mitigar la pobreza energ\u00e9tica y promover el acceso a la energ\u00eda con tecnolog\u00eda apropiada. Los trabajos ser\u00e1n orientados por docentes de la FICA e ingenieros de la empresa Acindar. Este proyecto es dirigido por el Dr. Guillermo Catuogno.<\/p>\n<p><strong>\u201cLaboratorio Micro y Nanoestructuras, NanoAGROtec\u201d<\/strong><\/p>\n<p>Esta propuesta tiene como objetivo general desarrollar un aula taller de nanotecnolog\u00eda en la Escuela T\u00e9cnica N\u00ba 14, se llevar\u00e1 a cabo como primera instancia desarrollar una pintura antimicrobiana a base de nanopart\u00edculas, para ser utilizada en diferentes superficies de contacto como m\u00e9todo preventivo para el crecimiento de bacterias pat\u00f3genas. Este proyecto lo dirige la Dra. Mar\u00eda de los Angeles Cangiano y la Dra. Cecilia de los \u00c1ngeles Fern\u00e1ndez.<\/p>\n<p>La fundaci\u00f3n con la iniciativa \u201cIngeniamos 2023\u201d, busca despertar vocaciones tempranas por la ingenier\u00eda. Difundir la profesi\u00f3n ingenieril y el rol de la ingenier\u00eda como respuesta a las problem\u00e1ticas actuales, colaborar en una mejor articulaci\u00f3n curricular entre universidades y escuelas secundarias (que permita mayores posibilidades de ingreso y permanencia de los estudiantes universitarios en los primeros a\u00f1os) y promover la igualdad de g\u00e9nero en las ciencias e ingenier\u00edas.<\/p>\n<p>Mientras que con la Convocatoria RedProyectos 2023, su objetivo es involucrar a las empresas de cadena de distribuci\u00f3n Red Acindar en proyectos educativos de impacto en sus comunidades, alentando mayor articulaci\u00f3n entre escuelas t\u00e9cnicas y empresas que a su vez promueva una formaci\u00f3n integral de profesionales t\u00e9cnicos.<\/p>\n<p>&nbsp;<\/p>\n","protected":false},"excerpt":{"rendered":"<p>El Instituto EENYTT y la Coordinaci\u00f3n de SVTS, tiene el agrado de informar que 3 proyectos presentados por docentes investigadores\/as de la FICA, fueron seleccionados&hellip;<\/p>\n","protected":false},"author":9,"featured_media":13555,"comment_status":"closed","ping_status":"closed","sticky":false,"template":"","format":"standard","meta":{"_monsterinsights_skip_tracking":false,"_monsterinsights_sitenote_active":false,"_monsterinsights_sitenote_note":"","_monsterinsights_sitenote_category":0,"_joinchat":[],"footnotes":""},"categories":[19],"tags":[],"class_list":["post-13554","post","type-post","status-publish","format-standard","has-post-thumbnail","hentry","category-noticias"],"yoast_head":"<!-- This site is optimized with the Yoast SEO plugin v27.4 - https:\/\/yoast.com\/product\/yoast-seo-wordpress\/ -->\n<title>Tres proyectos de la FICA fueron seleccionados por la Fundaci\u00f3n Acindar - Facultad de Ingenier\u00eda y Ciencias Agropecuarias<\/title>\n<meta name=\"robots\" content=\"index, follow, max-snippet:-1, max-image-preview:large, max-video-preview:-1\" \/>\n<link rel=\"canonical\" href=\"https:\/\/www.fica.unsl.edu.ar\/index.php\/tres-proyectos-de-la-fica-fueron-seleccionados-por-la-fundacion-acindar\/\" \/>\n<meta property=\"og:locale\" content=\"es_ES\" \/>\n<meta property=\"og:type\" content=\"article\" \/>\n<meta property=\"og:title\" content=\"Tres proyectos de la FICA fueron seleccionados por la Fundaci\u00f3n Acindar - Facultad de Ingenier\u00eda y Ciencias Agropecuarias\" \/>\n<meta property=\"og:description\" content=\"El Instituto EENYTT y la Coordinaci\u00f3n de SVTS, tiene el agrado de informar que 3 proyectos presentados por docentes investigadores\/as de la FICA, fueron seleccionados&hellip;\" \/>\n<meta property=\"og:url\" content=\"https:\/\/www.fica.unsl.edu.ar\/index.php\/tres-proyectos-de-la-fica-fueron-seleccionados-por-la-fundacion-acindar\/\" \/>\n<meta property=\"og:site_name\" content=\"Facultad de Ingenier\u00eda y Ciencias Agropecuarias\" \/>\n<meta property=\"article:publisher\" content=\"https:\/\/www.facebook.com\/FICA.UNSL\/\" \/>\n<meta property=\"article:published_time\" content=\"2023-06-14T15:07:30+00:00\" \/>\n<meta property=\"article:modified_time\" content=\"2023-06-29T14:36:32+00:00\" \/>\n<meta property=\"og:image\" content=\"https:\/\/www.fica.unsl.edu.ar\/wp-content\/uploads\/2023\/06\/acindar-front.jpg\" \/>\n\t<meta property=\"og:image:width\" content=\"1061\" \/>\n\t<meta property=\"og:image:height\" content=\"585\" \/>\n\t<meta property=\"og:image:type\" content=\"image\/jpeg\" \/>\n<meta name=\"author\" content=\"DATI\" \/>\n<meta name=\"twitter:card\" content=\"summary_large_image\" \/>\n<meta name=\"twitter:creator\" content=\"@FICAUNSL\" \/>\n<meta name=\"twitter:site\" content=\"@FICAUNSL\" \/>\n<meta name=\"twitter:label1\" content=\"Escrito por\" \/>\n\t<meta name=\"twitter:data1\" content=\"DATI\" \/>\n\t<meta name=\"twitter:label2\" content=\"Tiempo de lectura\" \/>\n\t<meta name=\"twitter:data2\" content=\"2 minutos\" \/>\n<script type=\"application\/ld+json\" class=\"yoast-schema-graph\">{\"@context\":\"https:\\\/\\\/schema.org\",\"@graph\":[{\"@type\":\"Article\",\"@id\":\"https:\\\/\\\/www.fica.unsl.edu.ar\\\/index.php\\\/tres-proyectos-de-la-fica-fueron-seleccionados-por-la-fundacion-acindar\\\/#article\",\"isPartOf\":{\"@id\":\"https:\\\/\\\/www.fica.unsl.edu.ar\\\/index.php\\\/tres-proyectos-de-la-fica-fueron-seleccionados-por-la-fundacion-acindar\\\/\"},\"author\":{\"name\":\"DATI\",\"@id\":\"https:\\\/\\\/www.fica.unsl.edu.ar\\\/#\\\/schema\\\/person\\\/6058f9c66301868d3a691b1f5d6c3544\"},\"headline\":\"Tres proyectos de la FICA fueron seleccionados por la Fundaci\u00f3n Acindar\",\"datePublished\":\"2023-06-14T15:07:30+00:00\",\"dateModified\":\"2023-06-29T14:36:32+00:00\",\"mainEntityOfPage\":{\"@id\":\"https:\\\/\\\/www.fica.unsl.edu.ar\\\/index.php\\\/tres-proyectos-de-la-fica-fueron-seleccionados-por-la-fundacion-acindar\\\/\"},\"wordCount\":475,\"publisher\":{\"@id\":\"https:\\\/\\\/www.fica.unsl.edu.ar\\\/#organization\"},\"image\":{\"@id\":\"https:\\\/\\\/www.fica.unsl.edu.ar\\\/index.php\\\/tres-proyectos-de-la-fica-fueron-seleccionados-por-la-fundacion-acindar\\\/#primaryimage\"},\"thumbnailUrl\":\"https:\\\/\\\/www.fica.unsl.edu.ar\\\/wp-content\\\/uploads\\\/2023\\\/06\\\/acindar-front.jpg\",\"articleSection\":[\"Noticias\"],\"inLanguage\":\"es-AR\"},{\"@type\":\"WebPage\",\"@id\":\"https:\\\/\\\/www.fica.unsl.edu.ar\\\/index.php\\\/tres-proyectos-de-la-fica-fueron-seleccionados-por-la-fundacion-acindar\\\/\",\"url\":\"https:\\\/\\\/www.fica.unsl.edu.ar\\\/index.php\\\/tres-proyectos-de-la-fica-fueron-seleccionados-por-la-fundacion-acindar\\\/\",\"name\":\"Tres proyectos de la FICA fueron seleccionados por la Fundaci\u00f3n Acindar - Facultad de Ingenier\u00eda y Ciencias Agropecuarias\",\"isPartOf\":{\"@id\":\"https:\\\/\\\/www.fica.unsl.edu.ar\\\/#website\"},\"primaryImageOfPage\":{\"@id\":\"https:\\\/\\\/www.fica.unsl.edu.ar\\\/index.php\\\/tres-proyectos-de-la-fica-fueron-seleccionados-por-la-fundacion-acindar\\\/#primaryimage\"},\"image\":{\"@id\":\"https:\\\/\\\/www.fica.unsl.edu.ar\\\/index.php\\\/tres-proyectos-de-la-fica-fueron-seleccionados-por-la-fundacion-acindar\\\/#primaryimage\"},\"thumbnailUrl\":\"https:\\\/\\\/www.fica.unsl.edu.ar\\\/wp-content\\\/uploads\\\/2023\\\/06\\\/acindar-front.jpg\",\"datePublished\":\"2023-06-14T15:07:30+00:00\",\"dateModified\":\"2023-06-29T14:36:32+00:00\",\"inLanguage\":\"es-AR\",\"potentialAction\":[{\"@type\":\"ReadAction\",\"target\":[\"https:\\\/\\\/www.fica.unsl.edu.ar\\\/index.php\\\/tres-proyectos-de-la-fica-fueron-seleccionados-por-la-fundacion-acindar\\\/\"]}]},{\"@type\":\"ImageObject\",\"inLanguage\":\"es-AR\",\"@id\":\"https:\\\/\\\/www.fica.unsl.edu.ar\\\/index.php\\\/tres-proyectos-de-la-fica-fueron-seleccionados-por-la-fundacion-acindar\\\/#primaryimage\",\"url\":\"https:\\\/\\\/www.fica.unsl.edu.ar\\\/wp-content\\\/uploads\\\/2023\\\/06\\\/acindar-front.jpg\",\"contentUrl\":\"https:\\\/\\\/www.fica.unsl.edu.ar\\\/wp-content\\\/uploads\\\/2023\\\/06\\\/acindar-front.jpg\",\"width\":1061,\"height\":585},{\"@type\":\"WebSite\",\"@id\":\"https:\\\/\\\/www.fica.unsl.edu.ar\\\/#website\",\"url\":\"https:\\\/\\\/www.fica.unsl.edu.ar\\\/\",\"name\":\"Facultad de Ingenier\u00eda y Ciencias Agropecuarias\",\"description\":\"\",\"publisher\":{\"@id\":\"https:\\\/\\\/www.fica.unsl.edu.ar\\\/#organization\"},\"potentialAction\":[{\"@type\":\"SearchAction\",\"target\":{\"@type\":\"EntryPoint\",\"urlTemplate\":\"https:\\\/\\\/www.fica.unsl.edu.ar\\\/?s={search_term_string}\"},\"query-input\":{\"@type\":\"PropertyValueSpecification\",\"valueRequired\":true,\"valueName\":\"search_term_string\"}}],\"inLanguage\":\"es-AR\"},{\"@type\":\"Organization\",\"@id\":\"https:\\\/\\\/www.fica.unsl.edu.ar\\\/#organization\",\"name\":\"Facultad de Ingenier\u00eda y Ciencias Agropecuarias\",\"url\":\"https:\\\/\\\/www.fica.unsl.edu.ar\\\/\",\"logo\":{\"@type\":\"ImageObject\",\"inLanguage\":\"es-AR\",\"@id\":\"https:\\\/\\\/www.fica.unsl.edu.ar\\\/#\\\/schema\\\/logo\\\/image\\\/\",\"url\":\"https:\\\/\\\/www.fica.unsl.edu.ar\\\/wp-content\\\/uploads\\\/2021\\\/03\\\/LOGO-1.jpg\",\"contentUrl\":\"https:\\\/\\\/www.fica.unsl.edu.ar\\\/wp-content\\\/uploads\\\/2021\\\/03\\\/LOGO-1.jpg\",\"width\":463,\"height\":145,\"caption\":\"Facultad de Ingenier\u00eda y Ciencias Agropecuarias\"},\"image\":{\"@id\":\"https:\\\/\\\/www.fica.unsl.edu.ar\\\/#\\\/schema\\\/logo\\\/image\\\/\"},\"sameAs\":[\"https:\\\/\\\/www.facebook.com\\\/FICA.UNSL\\\/\",\"https:\\\/\\\/x.com\\\/FICAUNSL\",\"https:\\\/\\\/www.instagram.com\\\/fica.unsl\\\/\",\"https:\\\/\\\/www.youtube.com\\\/channel\\\/UCs2MM53gb2PyBrMySdtWZDQ\"]},{\"@type\":\"Person\",\"@id\":\"https:\\\/\\\/www.fica.unsl.edu.ar\\\/#\\\/schema\\\/person\\\/6058f9c66301868d3a691b1f5d6c3544\",\"name\":\"DATI\"}]}<\/script>\n<!-- \/ Yoast SEO plugin. -->","yoast_head_json":{"title":"Tres proyectos de la FICA fueron seleccionados por la Fundaci\u00f3n Acindar - Facultad de Ingenier\u00eda y Ciencias Agropecuarias","robots":{"index":"index","follow":"follow","max-snippet":"max-snippet:-1","max-image-preview":"max-image-preview:large","max-video-preview":"max-video-preview:-1"},"canonical":"https:\/\/www.fica.unsl.edu.ar\/index.php\/tres-proyectos-de-la-fica-fueron-seleccionados-por-la-fundacion-acindar\/","og_locale":"es_ES","og_type":"article","og_title":"Tres proyectos de la FICA fueron seleccionados por la Fundaci\u00f3n Acindar - Facultad de Ingenier\u00eda y Ciencias Agropecuarias","og_description":"El Instituto EENYTT y la Coordinaci\u00f3n de SVTS, tiene el agrado de informar que 3 proyectos presentados por docentes investigadores\/as de la FICA, fueron seleccionados&hellip;","og_url":"https:\/\/www.fica.unsl.edu.ar\/index.php\/tres-proyectos-de-la-fica-fueron-seleccionados-por-la-fundacion-acindar\/","og_site_name":"Facultad de Ingenier\u00eda y Ciencias Agropecuarias","article_publisher":"https:\/\/www.facebook.com\/FICA.UNSL\/","article_published_time":"2023-06-14T15:07:30+00:00","article_modified_time":"2023-06-29T14:36:32+00:00","og_image":[{"width":1061,"height":585,"url":"https:\/\/www.fica.unsl.edu.ar\/wp-content\/uploads\/2023\/06\/acindar-front.jpg","type":"image\/jpeg"}],"author":"DATI","twitter_card":"summary_large_image","twitter_creator":"@FICAUNSL","twitter_site":"@FICAUNSL","twitter_misc":{"Escrito por":"DATI","Tiempo de lectura":"2 minutos"},"schema":{"@context":"https:\/\/schema.org","@graph":[{"@type":"Article","@id":"https:\/\/www.fica.unsl.edu.ar\/index.php\/tres-proyectos-de-la-fica-fueron-seleccionados-por-la-fundacion-acindar\/#article","isPartOf":{"@id":"https:\/\/www.fica.unsl.edu.ar\/index.php\/tres-proyectos-de-la-fica-fueron-seleccionados-por-la-fundacion-acindar\/"},"author":{"name":"DATI","@id":"https:\/\/www.fica.unsl.edu.ar\/#\/schema\/person\/6058f9c66301868d3a691b1f5d6c3544"},"headline":"Tres proyectos de la FICA fueron seleccionados por la Fundaci\u00f3n Acindar","datePublished":"2023-06-14T15:07:30+00:00","dateModified":"2023-06-29T14:36:32+00:00","mainEntityOfPage":{"@id":"https:\/\/www.fica.unsl.edu.ar\/index.php\/tres-proyectos-de-la-fica-fueron-seleccionados-por-la-fundacion-acindar\/"},"wordCount":475,"publisher":{"@id":"https:\/\/www.fica.unsl.edu.ar\/#organization"},"image":{"@id":"https:\/\/www.fica.unsl.edu.ar\/index.php\/tres-proyectos-de-la-fica-fueron-seleccionados-por-la-fundacion-acindar\/#primaryimage"},"thumbnailUrl":"https:\/\/www.fica.unsl.edu.ar\/wp-content\/uploads\/2023\/06\/acindar-front.jpg","articleSection":["Noticias"],"inLanguage":"es-AR"},{"@type":"WebPage","@id":"https:\/\/www.fica.unsl.edu.ar\/index.php\/tres-proyectos-de-la-fica-fueron-seleccionados-por-la-fundacion-acindar\/","url":"https:\/\/www.fica.unsl.edu.ar\/index.php\/tres-proyectos-de-la-fica-fueron-seleccionados-por-la-fundacion-acindar\/","name":"Tres proyectos de la FICA fueron seleccionados por la Fundaci\u00f3n Acindar - Facultad de Ingenier\u00eda y Ciencias Agropecuarias","isPartOf":{"@id":"https:\/\/www.fica.unsl.edu.ar\/#website"},"primaryImageOfPage":{"@id":"https:\/\/www.fica.unsl.edu.ar\/index.php\/tres-proyectos-de-la-fica-fueron-seleccionados-por-la-fundacion-acindar\/#primaryimage"},"image":{"@id":"https:\/\/www.fica.unsl.edu.ar\/index.php\/tres-proyectos-de-la-fica-fueron-seleccionados-por-la-fundacion-acindar\/#primaryimage"},"thumbnailUrl":"https:\/\/www.fica.unsl.edu.ar\/wp-content\/uploads\/2023\/06\/acindar-front.jpg","datePublished":"2023-06-14T15:07:30+00:00","dateModified":"2023-06-29T14:36:32+00:00","inLanguage":"es-AR","potentialAction":[{"@type":"ReadAction","target":["https:\/\/www.fica.unsl.edu.ar\/index.php\/tres-proyectos-de-la-fica-fueron-seleccionados-por-la-fundacion-acindar\/"]}]},{"@type":"ImageObject","inLanguage":"es-AR","@id":"https:\/\/www.fica.unsl.edu.ar\/index.php\/tres-proyectos-de-la-fica-fueron-seleccionados-por-la-fundacion-acindar\/#primaryimage","url":"https:\/\/www.fica.unsl.edu.ar\/wp-content\/uploads\/2023\/06\/acindar-front.jpg","contentUrl":"https:\/\/www.fica.unsl.edu.ar\/wp-content\/uploads\/2023\/06\/acindar-front.jpg","width":1061,"height":585},{"@type":"WebSite","@id":"https:\/\/www.fica.unsl.edu.ar\/#website","url":"https:\/\/www.fica.unsl.edu.ar\/","name":"Facultad de Ingenier\u00eda y Ciencias Agropecuarias","description":"","publisher":{"@id":"https:\/\/www.fica.unsl.edu.ar\/#organization"},"potentialAction":[{"@type":"SearchAction","target":{"@type":"EntryPoint","urlTemplate":"https:\/\/www.fica.unsl.edu.ar\/?s={search_term_string}"},"query-input":{"@type":"PropertyValueSpecification","valueRequired":true,"valueName":"search_term_string"}}],"inLanguage":"es-AR"},{"@type":"Organization","@id":"https:\/\/www.fica.unsl.edu.ar\/#organization","name":"Facultad de Ingenier\u00eda y Ciencias Agropecuarias","url":"https:\/\/www.fica.unsl.edu.ar\/","logo":{"@type":"ImageObject","inLanguage":"es-AR","@id":"https:\/\/www.fica.unsl.edu.ar\/#\/schema\/logo\/image\/","url":"https:\/\/www.fica.unsl.edu.ar\/wp-content\/uploads\/2021\/03\/LOGO-1.jpg","contentUrl":"https:\/\/www.fica.unsl.edu.ar\/wp-content\/uploads\/2021\/03\/LOGO-1.jpg","width":463,"height":145,"caption":"Facultad de Ingenier\u00eda y Ciencias Agropecuarias"},"image":{"@id":"https:\/\/www.fica.unsl.edu.ar\/#\/schema\/logo\/image\/"},"sameAs":["https:\/\/www.facebook.com\/FICA.UNSL\/","https:\/\/x.com\/FICAUNSL","https:\/\/www.instagram.com\/fica.unsl\/","https:\/\/www.youtube.com\/channel\/UCs2MM53gb2PyBrMySdtWZDQ"]},{"@type":"Person","@id":"https:\/\/www.fica.unsl.edu.ar\/#\/schema\/person\/6058f9c66301868d3a691b1f5d6c3544","name":"DATI"}]}},"_links":{"self":[{"href":"https:\/\/www.fica.unsl.edu.ar\/index.php\/wp-json\/wp\/v2\/posts\/13554","targetHints":{"allow":["GET"]}}],"collection":[{"href":"https:\/\/www.fica.unsl.edu.ar\/index.php\/wp-json\/wp\/v2\/posts"}],"about":[{"href":"https:\/\/www.fica.unsl.edu.ar\/index.php\/wp-json\/wp\/v2\/types\/post"}],"author":[{"embeddable":true,"href":"https:\/\/www.fica.unsl.edu.ar\/index.php\/wp-json\/wp\/v2\/users\/9"}],"replies":[{"embeddable":true,"href":"https:\/\/www.fica.unsl.edu.ar\/index.php\/wp-json\/wp\/v2\/comments?post=13554"}],"version-history":[{"count":1,"href":"https:\/\/www.fica.unsl.edu.ar\/index.php\/wp-json\/wp\/v2\/posts\/13554\/revisions"}],"predecessor-version":[{"id":13556,"href":"https:\/\/www.fica.unsl.edu.ar\/index.php\/wp-json\/wp\/v2\/posts\/13554\/revisions\/13556"}],"wp:featuredmedia":[{"embeddable":true,"href":"https:\/\/www.fica.unsl.edu.ar\/index.php\/wp-json\/wp\/v2\/media\/13555"}],"wp:attachment":[{"href":"https:\/\/www.fica.unsl.edu.ar\/index.php\/wp-json\/wp\/v2\/media?parent=13554"}],"wp:term":[{"taxonomy":"category","embeddable":true,"href":"https:\/\/www.fica.unsl.edu.ar\/index.php\/wp-json\/wp\/v2\/categories?post=13554"},{"taxonomy":"post_tag","embeddable":true,"href":"https:\/\/www.fica.unsl.edu.ar\/index.php\/wp-json\/wp\/v2\/tags?post=13554"}],"curies":[{"name":"wp","href":"https:\/\/api.w.org\/{rel}","templated":true}]}}