{"id":13561,"date":"2023-06-13T11:23:15","date_gmt":"2023-06-13T14:23:15","guid":{"rendered":"http:\/\/10.101.10.196\/www\/?p=13561"},"modified":"2023-06-15T11:25:04","modified_gmt":"2023-06-15T14:25:04","slug":"se-aproxima-la-pre-jornada-de-jovenes-investigadores","status":"publish","type":"post","link":"https:\/\/www.fica.unsl.edu.ar\/index.php\/se-aproxima-la-pre-jornada-de-jovenes-investigadores\/","title":{"rendered":"Se aproxima la pre jornada de j\u00f3venes investigadores"},"content":{"rendered":"<p><strong>El 29 de junio en el Microcine de la UNSL tendr\u00e1 lugar esta instancia, en la que se seleccionar\u00e1n los trabajos que se presentar\u00e1n en la Jornada de J\u00f3venes Investigadores de la Asociaci\u00f3n de Universidades Grupo Montevideo (AUGM) a realizarse en el mes de octubre en Paraguay. Hasta el 23 de junio se recibir\u00e1n las propuestas.<\/strong><\/p>\n<p>El evento, que es llevado a cabo conjuntamente por las Secretar\u00edas de Relaciones Interinstitucionales (SRI) y de Ciencia y Tecnolog\u00eda (SCyT) de la UNSL, consiste en un encuentro de las mismas caracter\u00edsticas que las Jornadas, pero en San Luis. En esta primera etapa se seleccionar\u00e1n las presentaciones m\u00e1s destacadas para representar a la Universidad en el pa\u00eds vecino.<\/p>\n<p>Con respecto a la organizaci\u00f3n, el<em>\u00a0<\/em>secretario de CyT, Dr. Fabricio Cid, sostuvo que desde ambas \u00e1reas est\u00e1n trabajando activamente, con muchas expectativas y ganas de conocer los trabajos que se presentar\u00e1n:<em>\u00a0\u00absobre todo alentando a nuestros\/as j\u00f3venes investigadores\/as a que se presenten y participen, ya que no solo les permitir\u00e1 exponer su trabajo, si no tambi\u00e9n conocer los trabajos que desarrollan otros\/as estudiantes en las distintas Unidades Acad\u00e9micas, lo que sin duda redundar\u00e1 en una mejor integraci\u00f3n futura en la generaci\u00f3n de conocimientos\u00bb<\/em>, expres\u00f3.<\/p>\n<figure class=\"wp-block-image\"><img decoding=\"async\" class=\"wp-image-84594\" src=\"https:\/\/www.noticias.unsl.edu.ar\/wp-content\/uploads\/2023\/06\/211116-Lab-de-suelos-y-geoqu%C3%ADmica-Humberto-Ulaco-Franco-Icazatti-11-11.jpg\" sizes=\"(max-width: 1000px) 100vw, 1000px\" srcset=\"https:\/\/www.noticias.unsl.edu.ar\/wp-content\/uploads\/2023\/06\/211116-Lab-de-suelos-y-geoqu\u00edmica-Humberto-Ulaco-Franco-Icazatti-11-11.jpg 1000w, https:\/\/www.noticias.unsl.edu.ar\/wp-content\/uploads\/2023\/06\/211116-Lab-de-suelos-y-geoqu\u00edmica-Humberto-Ulaco-Franco-Icazatti-11-11-300x200.jpg 300w\" alt=\"\" \/><\/figure>\n<p><strong>Sobre las Jornadas de J\u00f3venes Investigadores<\/strong><\/p>\n<p>Este a\u00f1o la 30\u00b0 Jornadas de J\u00f3venes Investigadores (JJI) se realizar\u00e1 los d\u00edas 11, 12 y 13 de octubre, de forma presencial, bajo la consigna\u00a0<em>Investigaci\u00f3n cient\u00edfica sustentable para una mejor calidad de vida<\/em>, en la Universidad Nacional de Asunci\u00f3n (Paraguay).<\/p>\n<p>Se trata de un evento anual que re\u00fane a cientos de j\u00f3venes investigadores\/as de las 40 universidades p\u00fablicas, aut\u00f3nomas y autogobernadas de Argentina, Brasil, Bolivia, Chile, Paraguay y Uruguay, que componen la Asociaci\u00f3n.<\/p>\n<p>Sobre esto, el secretario de Relaciones Interinstitucionales, Dr. F\u00e9lix Nieto Quintas, manifest\u00f3 que este encuentro re\u00fane a todo el estudiantado que hace sus primeras experiencias en investigaci\u00f3n cient\u00edfica. En este sentido, les brinda la oportunidad en un espacio abierto y pertinente de nuclearse y tener las primeras experiencias de presentar sus investigaciones realizadas en torno a sus trabajos de tesis o tesinas.\u00a0<em>\u00abEstas jornadas permiten encontrar espacios comunes, interactuar, compartir experiencias, ideas y actividades sobre la investigaci\u00f3n cient\u00edfica. Es un evento muy particular porque es el \u00fanico que hay a ese nivel\u00bb<\/em>, explic\u00f3.<\/p>\n<figure class=\"wp-block-image\"><img decoding=\"async\" class=\"wp-image-84624\" src=\"https:\/\/www.noticias.unsl.edu.ar\/wp-content\/uploads\/2023\/06\/230605-Jornada-de-Jovenes-Investigadores-2-de-3-1.jpg\" sizes=\"(max-width: 1000px) 100vw, 1000px\" srcset=\"https:\/\/www.noticias.unsl.edu.ar\/wp-content\/uploads\/2023\/06\/230605-Jornada-de-Jovenes-Investigadores-2-de-3-1.jpg 1000w, https:\/\/www.noticias.unsl.edu.ar\/wp-content\/uploads\/2023\/06\/230605-Jornada-de-Jovenes-Investigadores-2-de-3-1-300x200.jpg 300w\" alt=\"\" \/><figcaption>Dr. F\u00e9lix Nieto Quintas y Dr. Fabricio Cid<\/figcaption><\/figure>\n<p>Por su parte, Cid resalt\u00f3 que esta actividad tiene un fuerte impacto en la formaci\u00f3n de los\/as j\u00f3venes investigadores\/as que participan, y contribuye a la formaci\u00f3n de profesionales id\u00f3neos y ciudadanos comprometidos con la realidad actual de Am\u00e9rica Latina.\u00a0<em>\u00abEs fundamental que nuestros\/as j\u00f3venes investigadores\/as participen de este evento para crear redes interpersonales y de car\u00e1cter cient\u00edfico-acad\u00e9micas, y sobre todo interactuar con sus pares y tomar contacto con la realidad de Am\u00e9rica Latina\u00bb<\/em>, sostuvo.<\/p>\n<p>Finalmente, Nieto Quintas remarc\u00f3 que para la Universidad es muy importante ser parte de estos eventos, porque le da una vinculaci\u00f3n a los\/as j\u00f3venes investigadores\/as que no podr\u00edan tener de otra manera:\u00a0<em>\u00abes un paso adelante muy importante en sus carreras universitarias. Es un evento muy trascendente que cambia miradas, \u00f3pticas y miradas sobre la ciencia en Am\u00e9rica Latina\u00bb<\/em>.<\/p>\n<p><strong>Nota relacionada<\/strong><br \/>\n<a href=\"https:\/\/www.noticias.unsl.edu.ar\/19\/05\/2023\/inscriben-a-una-nueva-edicion-de-la-pre-jornada-de-jovenes-investigadores\/\">Inscriben a una nueva edici\u00f3n de la pre jornada de j\u00f3venes investigadores<\/a><\/p>\n<p>Foto de portada y foto 1: archivo Prensa UNSL<\/p>\n<p><strong>FUENTE: PRENSA RECTORADO<\/strong><\/p>\n","protected":false},"excerpt":{"rendered":"<p>El 29 de junio en el Microcine de la UNSL tendr\u00e1 lugar esta instancia, en la que se seleccionar\u00e1n los trabajos que se presentar\u00e1n en&hellip;<\/p>\n","protected":false},"author":9,"featured_media":13562,"comment_status":"closed","ping_status":"closed","sticky":false,"template":"","format":"standard","meta":{"_monsterinsights_skip_tracking":false,"_monsterinsights_sitenote_active":false,"_monsterinsights_sitenote_note":"","_monsterinsights_sitenote_category":0,"_joinchat":[],"footnotes":""},"categories":[19],"tags":[],"class_list":["post-13561","post","type-post","status-publish","format-standard","has-post-thumbnail","hentry","category-noticias"],"yoast_head":"<!-- This site is optimized with the Yoast SEO plugin v27.4 - https:\/\/yoast.com\/product\/yoast-seo-wordpress\/ -->\n<title>Se aproxima la pre jornada de j\u00f3venes investigadores - Facultad de Ingenier\u00eda y Ciencias Agropecuarias<\/title>\n<meta name=\"robots\" content=\"index, follow, max-snippet:-1, max-image-preview:large, max-video-preview:-1\" \/>\n<link rel=\"canonical\" href=\"https:\/\/www.fica.unsl.edu.ar\/index.php\/se-aproxima-la-pre-jornada-de-jovenes-investigadores\/\" \/>\n<meta property=\"og:locale\" content=\"es_ES\" \/>\n<meta property=\"og:type\" content=\"article\" \/>\n<meta property=\"og:title\" content=\"Se aproxima la pre jornada de j\u00f3venes investigadores - Facultad de Ingenier\u00eda y Ciencias Agropecuarias\" \/>\n<meta property=\"og:description\" content=\"El 29 de junio en el Microcine de la UNSL tendr\u00e1 lugar esta instancia, en la que se seleccionar\u00e1n los trabajos que se presentar\u00e1n en&hellip;\" \/>\n<meta property=\"og:url\" content=\"https:\/\/www.fica.unsl.edu.ar\/index.php\/se-aproxima-la-pre-jornada-de-jovenes-investigadores\/\" \/>\n<meta property=\"og:site_name\" content=\"Facultad de Ingenier\u00eda y Ciencias Agropecuarias\" \/>\n<meta property=\"article:publisher\" content=\"https:\/\/www.facebook.com\/FICA.UNSL\/\" \/>\n<meta property=\"article:published_time\" content=\"2023-06-13T14:23:15+00:00\" \/>\n<meta property=\"article:modified_time\" content=\"2023-06-15T14:25:04+00:00\" \/>\n<meta property=\"og:image\" content=\"https:\/\/www.fica.unsl.edu.ar\/wp-content\/uploads\/2023\/06\/jornada-de-jovenes-investigadores-FRONT.jpg\" \/>\n\t<meta property=\"og:image:width\" content=\"1152\" \/>\n\t<meta property=\"og:image:height\" content=\"647\" \/>\n\t<meta property=\"og:image:type\" content=\"image\/jpeg\" \/>\n<meta name=\"author\" content=\"DATI\" \/>\n<meta name=\"twitter:card\" content=\"summary_large_image\" \/>\n<meta name=\"twitter:creator\" content=\"@FICAUNSL\" \/>\n<meta name=\"twitter:site\" content=\"@FICAUNSL\" \/>\n<meta name=\"twitter:label1\" content=\"Escrito por\" \/>\n\t<meta name=\"twitter:data1\" content=\"DATI\" \/>\n\t<meta name=\"twitter:label2\" content=\"Tiempo de lectura\" \/>\n\t<meta name=\"twitter:data2\" content=\"3 minutos\" \/>\n<script type=\"application\/ld+json\" class=\"yoast-schema-graph\">{\"@context\":\"https:\\\/\\\/schema.org\",\"@graph\":[{\"@type\":\"Article\",\"@id\":\"https:\\\/\\\/www.fica.unsl.edu.ar\\\/index.php\\\/se-aproxima-la-pre-jornada-de-jovenes-investigadores\\\/#article\",\"isPartOf\":{\"@id\":\"https:\\\/\\\/www.fica.unsl.edu.ar\\\/index.php\\\/se-aproxima-la-pre-jornada-de-jovenes-investigadores\\\/\"},\"author\":{\"name\":\"DATI\",\"@id\":\"https:\\\/\\\/www.fica.unsl.edu.ar\\\/#\\\/schema\\\/person\\\/6058f9c66301868d3a691b1f5d6c3544\"},\"headline\":\"Se aproxima la pre jornada de j\u00f3venes investigadores\",\"datePublished\":\"2023-06-13T14:23:15+00:00\",\"dateModified\":\"2023-06-15T14:25:04+00:00\",\"mainEntityOfPage\":{\"@id\":\"https:\\\/\\\/www.fica.unsl.edu.ar\\\/index.php\\\/se-aproxima-la-pre-jornada-de-jovenes-investigadores\\\/\"},\"wordCount\":604,\"publisher\":{\"@id\":\"https:\\\/\\\/www.fica.unsl.edu.ar\\\/#organization\"},\"image\":{\"@id\":\"https:\\\/\\\/www.fica.unsl.edu.ar\\\/index.php\\\/se-aproxima-la-pre-jornada-de-jovenes-investigadores\\\/#primaryimage\"},\"thumbnailUrl\":\"https:\\\/\\\/www.fica.unsl.edu.ar\\\/wp-content\\\/uploads\\\/2023\\\/06\\\/jornada-de-jovenes-investigadores-FRONT.jpg\",\"articleSection\":[\"Noticias\"],\"inLanguage\":\"es-AR\"},{\"@type\":\"WebPage\",\"@id\":\"https:\\\/\\\/www.fica.unsl.edu.ar\\\/index.php\\\/se-aproxima-la-pre-jornada-de-jovenes-investigadores\\\/\",\"url\":\"https:\\\/\\\/www.fica.unsl.edu.ar\\\/index.php\\\/se-aproxima-la-pre-jornada-de-jovenes-investigadores\\\/\",\"name\":\"Se aproxima la pre jornada de j\u00f3venes investigadores - Facultad de Ingenier\u00eda y Ciencias Agropecuarias\",\"isPartOf\":{\"@id\":\"https:\\\/\\\/www.fica.unsl.edu.ar\\\/#website\"},\"primaryImageOfPage\":{\"@id\":\"https:\\\/\\\/www.fica.unsl.edu.ar\\\/index.php\\\/se-aproxima-la-pre-jornada-de-jovenes-investigadores\\\/#primaryimage\"},\"image\":{\"@id\":\"https:\\\/\\\/www.fica.unsl.edu.ar\\\/index.php\\\/se-aproxima-la-pre-jornada-de-jovenes-investigadores\\\/#primaryimage\"},\"thumbnailUrl\":\"https:\\\/\\\/www.fica.unsl.edu.ar\\\/wp-content\\\/uploads\\\/2023\\\/06\\\/jornada-de-jovenes-investigadores-FRONT.jpg\",\"datePublished\":\"2023-06-13T14:23:15+00:00\",\"dateModified\":\"2023-06-15T14:25:04+00:00\",\"inLanguage\":\"es-AR\",\"potentialAction\":[{\"@type\":\"ReadAction\",\"target\":[\"https:\\\/\\\/www.fica.unsl.edu.ar\\\/index.php\\\/se-aproxima-la-pre-jornada-de-jovenes-investigadores\\\/\"]}]},{\"@type\":\"ImageObject\",\"inLanguage\":\"es-AR\",\"@id\":\"https:\\\/\\\/www.fica.unsl.edu.ar\\\/index.php\\\/se-aproxima-la-pre-jornada-de-jovenes-investigadores\\\/#primaryimage\",\"url\":\"https:\\\/\\\/www.fica.unsl.edu.ar\\\/wp-content\\\/uploads\\\/2023\\\/06\\\/jornada-de-jovenes-investigadores-FRONT.jpg\",\"contentUrl\":\"https:\\\/\\\/www.fica.unsl.edu.ar\\\/wp-content\\\/uploads\\\/2023\\\/06\\\/jornada-de-jovenes-investigadores-FRONT.jpg\",\"width\":1152,\"height\":647},{\"@type\":\"WebSite\",\"@id\":\"https:\\\/\\\/www.fica.unsl.edu.ar\\\/#website\",\"url\":\"https:\\\/\\\/www.fica.unsl.edu.ar\\\/\",\"name\":\"Facultad de Ingenier\u00eda y Ciencias Agropecuarias\",\"description\":\"\",\"publisher\":{\"@id\":\"https:\\\/\\\/www.fica.unsl.edu.ar\\\/#organization\"},\"potentialAction\":[{\"@type\":\"SearchAction\",\"target\":{\"@type\":\"EntryPoint\",\"urlTemplate\":\"https:\\\/\\\/www.fica.unsl.edu.ar\\\/?s={search_term_string}\"},\"query-input\":{\"@type\":\"PropertyValueSpecification\",\"valueRequired\":true,\"valueName\":\"search_term_string\"}}],\"inLanguage\":\"es-AR\"},{\"@type\":\"Organization\",\"@id\":\"https:\\\/\\\/www.fica.unsl.edu.ar\\\/#organization\",\"name\":\"Facultad de Ingenier\u00eda y Ciencias Agropecuarias\",\"url\":\"https:\\\/\\\/www.fica.unsl.edu.ar\\\/\",\"logo\":{\"@type\":\"ImageObject\",\"inLanguage\":\"es-AR\",\"@id\":\"https:\\\/\\\/www.fica.unsl.edu.ar\\\/#\\\/schema\\\/logo\\\/image\\\/\",\"url\":\"https:\\\/\\\/www.fica.unsl.edu.ar\\\/wp-content\\\/uploads\\\/2021\\\/03\\\/LOGO-1.jpg\",\"contentUrl\":\"https:\\\/\\\/www.fica.unsl.edu.ar\\\/wp-content\\\/uploads\\\/2021\\\/03\\\/LOGO-1.jpg\",\"width\":463,\"height\":145,\"caption\":\"Facultad de Ingenier\u00eda y Ciencias Agropecuarias\"},\"image\":{\"@id\":\"https:\\\/\\\/www.fica.unsl.edu.ar\\\/#\\\/schema\\\/logo\\\/image\\\/\"},\"sameAs\":[\"https:\\\/\\\/www.facebook.com\\\/FICA.UNSL\\\/\",\"https:\\\/\\\/x.com\\\/FICAUNSL\",\"https:\\\/\\\/www.instagram.com\\\/fica.unsl\\\/\",\"https:\\\/\\\/www.youtube.com\\\/channel\\\/UCs2MM53gb2PyBrMySdtWZDQ\"]},{\"@type\":\"Person\",\"@id\":\"https:\\\/\\\/www.fica.unsl.edu.ar\\\/#\\\/schema\\\/person\\\/6058f9c66301868d3a691b1f5d6c3544\",\"name\":\"DATI\"}]}<\/script>\n<!-- \/ Yoast SEO plugin. -->","yoast_head_json":{"title":"Se aproxima la pre jornada de j\u00f3venes investigadores - Facultad de Ingenier\u00eda y Ciencias Agropecuarias","robots":{"index":"index","follow":"follow","max-snippet":"max-snippet:-1","max-image-preview":"max-image-preview:large","max-video-preview":"max-video-preview:-1"},"canonical":"https:\/\/www.fica.unsl.edu.ar\/index.php\/se-aproxima-la-pre-jornada-de-jovenes-investigadores\/","og_locale":"es_ES","og_type":"article","og_title":"Se aproxima la pre jornada de j\u00f3venes investigadores - Facultad de Ingenier\u00eda y Ciencias Agropecuarias","og_description":"El 29 de junio en el Microcine de la UNSL tendr\u00e1 lugar esta instancia, en la que se seleccionar\u00e1n los trabajos que se presentar\u00e1n en&hellip;","og_url":"https:\/\/www.fica.unsl.edu.ar\/index.php\/se-aproxima-la-pre-jornada-de-jovenes-investigadores\/","og_site_name":"Facultad de Ingenier\u00eda y Ciencias Agropecuarias","article_publisher":"https:\/\/www.facebook.com\/FICA.UNSL\/","article_published_time":"2023-06-13T14:23:15+00:00","article_modified_time":"2023-06-15T14:25:04+00:00","og_image":[{"width":1152,"height":647,"url":"https:\/\/www.fica.unsl.edu.ar\/wp-content\/uploads\/2023\/06\/jornada-de-jovenes-investigadores-FRONT.jpg","type":"image\/jpeg"}],"author":"DATI","twitter_card":"summary_large_image","twitter_creator":"@FICAUNSL","twitter_site":"@FICAUNSL","twitter_misc":{"Escrito por":"DATI","Tiempo de lectura":"3 minutos"},"schema":{"@context":"https:\/\/schema.org","@graph":[{"@type":"Article","@id":"https:\/\/www.fica.unsl.edu.ar\/index.php\/se-aproxima-la-pre-jornada-de-jovenes-investigadores\/#article","isPartOf":{"@id":"https:\/\/www.fica.unsl.edu.ar\/index.php\/se-aproxima-la-pre-jornada-de-jovenes-investigadores\/"},"author":{"name":"DATI","@id":"https:\/\/www.fica.unsl.edu.ar\/#\/schema\/person\/6058f9c66301868d3a691b1f5d6c3544"},"headline":"Se aproxima la pre jornada de j\u00f3venes investigadores","datePublished":"2023-06-13T14:23:15+00:00","dateModified":"2023-06-15T14:25:04+00:00","mainEntityOfPage":{"@id":"https:\/\/www.fica.unsl.edu.ar\/index.php\/se-aproxima-la-pre-jornada-de-jovenes-investigadores\/"},"wordCount":604,"publisher":{"@id":"https:\/\/www.fica.unsl.edu.ar\/#organization"},"image":{"@id":"https:\/\/www.fica.unsl.edu.ar\/index.php\/se-aproxima-la-pre-jornada-de-jovenes-investigadores\/#primaryimage"},"thumbnailUrl":"https:\/\/www.fica.unsl.edu.ar\/wp-content\/uploads\/2023\/06\/jornada-de-jovenes-investigadores-FRONT.jpg","articleSection":["Noticias"],"inLanguage":"es-AR"},{"@type":"WebPage","@id":"https:\/\/www.fica.unsl.edu.ar\/index.php\/se-aproxima-la-pre-jornada-de-jovenes-investigadores\/","url":"https:\/\/www.fica.unsl.edu.ar\/index.php\/se-aproxima-la-pre-jornada-de-jovenes-investigadores\/","name":"Se aproxima la pre jornada de j\u00f3venes investigadores - Facultad de Ingenier\u00eda y Ciencias Agropecuarias","isPartOf":{"@id":"https:\/\/www.fica.unsl.edu.ar\/#website"},"primaryImageOfPage":{"@id":"https:\/\/www.fica.unsl.edu.ar\/index.php\/se-aproxima-la-pre-jornada-de-jovenes-investigadores\/#primaryimage"},"image":{"@id":"https:\/\/www.fica.unsl.edu.ar\/index.php\/se-aproxima-la-pre-jornada-de-jovenes-investigadores\/#primaryimage"},"thumbnailUrl":"https:\/\/www.fica.unsl.edu.ar\/wp-content\/uploads\/2023\/06\/jornada-de-jovenes-investigadores-FRONT.jpg","datePublished":"2023-06-13T14:23:15+00:00","dateModified":"2023-06-15T14:25:04+00:00","inLanguage":"es-AR","potentialAction":[{"@type":"ReadAction","target":["https:\/\/www.fica.unsl.edu.ar\/index.php\/se-aproxima-la-pre-jornada-de-jovenes-investigadores\/"]}]},{"@type":"ImageObject","inLanguage":"es-AR","@id":"https:\/\/www.fica.unsl.edu.ar\/index.php\/se-aproxima-la-pre-jornada-de-jovenes-investigadores\/#primaryimage","url":"https:\/\/www.fica.unsl.edu.ar\/wp-content\/uploads\/2023\/06\/jornada-de-jovenes-investigadores-FRONT.jpg","contentUrl":"https:\/\/www.fica.unsl.edu.ar\/wp-content\/uploads\/2023\/06\/jornada-de-jovenes-investigadores-FRONT.jpg","width":1152,"height":647},{"@type":"WebSite","@id":"https:\/\/www.fica.unsl.edu.ar\/#website","url":"https:\/\/www.fica.unsl.edu.ar\/","name":"Facultad de Ingenier\u00eda y Ciencias Agropecuarias","description":"","publisher":{"@id":"https:\/\/www.fica.unsl.edu.ar\/#organization"},"potentialAction":[{"@type":"SearchAction","target":{"@type":"EntryPoint","urlTemplate":"https:\/\/www.fica.unsl.edu.ar\/?s={search_term_string}"},"query-input":{"@type":"PropertyValueSpecification","valueRequired":true,"valueName":"search_term_string"}}],"inLanguage":"es-AR"},{"@type":"Organization","@id":"https:\/\/www.fica.unsl.edu.ar\/#organization","name":"Facultad de Ingenier\u00eda y Ciencias Agropecuarias","url":"https:\/\/www.fica.unsl.edu.ar\/","logo":{"@type":"ImageObject","inLanguage":"es-AR","@id":"https:\/\/www.fica.unsl.edu.ar\/#\/schema\/logo\/image\/","url":"https:\/\/www.fica.unsl.edu.ar\/wp-content\/uploads\/2021\/03\/LOGO-1.jpg","contentUrl":"https:\/\/www.fica.unsl.edu.ar\/wp-content\/uploads\/2021\/03\/LOGO-1.jpg","width":463,"height":145,"caption":"Facultad de Ingenier\u00eda y Ciencias Agropecuarias"},"image":{"@id":"https:\/\/www.fica.unsl.edu.ar\/#\/schema\/logo\/image\/"},"sameAs":["https:\/\/www.facebook.com\/FICA.UNSL\/","https:\/\/x.com\/FICAUNSL","https:\/\/www.instagram.com\/fica.unsl\/","https:\/\/www.youtube.com\/channel\/UCs2MM53gb2PyBrMySdtWZDQ"]},{"@type":"Person","@id":"https:\/\/www.fica.unsl.edu.ar\/#\/schema\/person\/6058f9c66301868d3a691b1f5d6c3544","name":"DATI"}]}},"_links":{"self":[{"href":"https:\/\/www.fica.unsl.edu.ar\/index.php\/wp-json\/wp\/v2\/posts\/13561","targetHints":{"allow":["GET"]}}],"collection":[{"href":"https:\/\/www.fica.unsl.edu.ar\/index.php\/wp-json\/wp\/v2\/posts"}],"about":[{"href":"https:\/\/www.fica.unsl.edu.ar\/index.php\/wp-json\/wp\/v2\/types\/post"}],"author":[{"embeddable":true,"href":"https:\/\/www.fica.unsl.edu.ar\/index.php\/wp-json\/wp\/v2\/users\/9"}],"replies":[{"embeddable":true,"href":"https:\/\/www.fica.unsl.edu.ar\/index.php\/wp-json\/wp\/v2\/comments?post=13561"}],"version-history":[{"count":1,"href":"https:\/\/www.fica.unsl.edu.ar\/index.php\/wp-json\/wp\/v2\/posts\/13561\/revisions"}],"predecessor-version":[{"id":13563,"href":"https:\/\/www.fica.unsl.edu.ar\/index.php\/wp-json\/wp\/v2\/posts\/13561\/revisions\/13563"}],"wp:featuredmedia":[{"embeddable":true,"href":"https:\/\/www.fica.unsl.edu.ar\/index.php\/wp-json\/wp\/v2\/media\/13562"}],"wp:attachment":[{"href":"https:\/\/www.fica.unsl.edu.ar\/index.php\/wp-json\/wp\/v2\/media?parent=13561"}],"wp:term":[{"taxonomy":"category","embeddable":true,"href":"https:\/\/www.fica.unsl.edu.ar\/index.php\/wp-json\/wp\/v2\/categories?post=13561"},{"taxonomy":"post_tag","embeddable":true,"href":"https:\/\/www.fica.unsl.edu.ar\/index.php\/wp-json\/wp\/v2\/tags?post=13561"}],"curies":[{"name":"wp","href":"https:\/\/api.w.org\/{rel}","templated":true}]}}