{"id":13577,"date":"2023-06-19T10:10:03","date_gmt":"2023-06-19T13:10:03","guid":{"rendered":"http:\/\/10.101.10.196\/www\/?p=13577"},"modified":"2023-06-21T10:10:37","modified_gmt":"2023-06-21T13:10:37","slug":"la-unsl-recibira-a-mas-de-1-200-estudiantes-que-disputaran-los-juar-2023","status":"publish","type":"post","link":"https:\/\/www.fica.unsl.edu.ar\/index.php\/la-unsl-recibira-a-mas-de-1-200-estudiantes-que-disputaran-los-juar-2023\/","title":{"rendered":"La UNSL recibir\u00e1 a m\u00e1s de 1.200 estudiantes que disputar\u00e1n los JUAR 2023"},"content":{"rendered":"<p><strong>Este jueves 22 de junio d 2023, la Universidad Nacional de San Luis (UNSL) recibir\u00e1 a m\u00e1s de 1.200 estudiantes, integrantes de las delegaciones de 16 instituciones de la Regi\u00f3n Cuyo, que disputar\u00e1n los Juegos Universitarios Argentinos (JUAR).\u00a0<\/strong><\/p>\n<p>En total se competir\u00e1 en 17 disciplinas. Sobre el evento, el secretario de Asuntos Estudiantiles y Bienestar Universitario (Saebu) expres\u00f3 que se est\u00e1 trabajando de forma activa en toda la log\u00edstica que conlleva albergar a los\/as representantes de las universidades de la regi\u00f3n y ser sede de una competencia tan importante. <strong>La competencia se desarrollar\u00e1 del 22 al 25 de junio.<\/strong><\/p>\n<p><em>\u00abEsto implica un trabajo articulado desde muchas secretar\u00edas de la Universidad, no solamente la Saebu en cuanto a lo deportivo, sino tambi\u00e9n al inicio de tr\u00e1mites de contrataci\u00f3n de distintos servicios que est\u00e1 llevando la Secretar\u00eda de Hacienda y Administraci\u00f3n e Infraestructura, o las tareas de la Secretar\u00eda de Log\u00edstica y Servicios\u00bb,<\/em>\u00a0expres\u00f3.<\/p>\n<p>La Saebu y el \u00e1rea de Deporte cuentan con m\u00e1s de 300 voluntarios\/as que trabajar\u00e1n en la log\u00edstica y organizaci\u00f3n del evento. Adem\u00e1s, la Facultad de Ciencias de la Salud (FCS) tendr\u00e1 postas con estudiantes y personal de las carreras de enfermer\u00eda y kinesiolog\u00eda y fisiatr\u00eda.<\/p>\n<figure class=\"wp-block-image\"><img decoding=\"async\" class=\"wp-image-84872\" src=\"https:\/\/www.noticias.unsl.edu.ar\/wp-content\/uploads\/2023\/06\/211116-Bruno-De-Genaro-Centro-de-Desarrollo-Deportivo-Pedro-Presti-2-2.jpg\" sizes=\"(max-width: 1000px) 100vw, 1000px\" srcset=\"https:\/\/www.noticias.unsl.edu.ar\/wp-content\/uploads\/2023\/06\/211116-Bruno-De-Genaro-Centro-de-Desarrollo-Deportivo-Pedro-Presti-2-2.jpg 1000w, https:\/\/www.noticias.unsl.edu.ar\/wp-content\/uploads\/2023\/06\/211116-Bruno-De-Genaro-Centro-de-Desarrollo-Deportivo-Pedro-Presti-2-2-300x200.jpg 300w\" alt=\"\" \/><\/figure>\n<p>Los\/as estudiantes visitantes estar\u00e1n hospedados en diferentes hoteles o alojamientos, como las residencias de la Universidad de La Punta (ULP). Desde el Comedor Universitario se les brindar\u00e1 el servicio de desayuno, almuerzo y cena.<\/p>\n<p>La competencia se desarrollar\u00e1 en 17 disciplinas: ajedrez, atletismo (femenino y masculino), b\u00e1squetbol (masculino, femenino, 3\u00d73 masculino y femenino), futsal (femenino y masculino), f\u00fatbol 11 (femenino y masculino), handball (femenino y masculino), hockey (femenino y masculino), nataci\u00f3n (femenino y masculino), rugby (femenino y masculino seven), tenis (femenino y masculino), tenis de mesa, voleibol (femenino y masculino), esports, paddle mixto, karate mixto y tiro ol\u00edmpico mixto.<\/p>\n<p><em>\u00abNosotros no ten\u00edamos algunas disciplinas, entonces tuvimos que salir a formar algunos equipos, esto ha llevado a un gran trabajo de los\/as profesores que est\u00e1n afectados\/as a cada una de esas \u00e1reas y hoy podemos decir que tenemos todas las disciplinas, como le corresponde a los locales\u00bb<\/em>, expres\u00f3 Paez, destacando que los equipos dar\u00e1n lo mejor para estar primeros en el medallero y que el gran objetivo es pasar a la gran final nacional, que se juega todos los a\u00f1os en Mar del Plata.<\/p>\n<p><em>\u00abEs un evento netamente institucional donde intervienen todas las Secretar\u00edas, as\u00ed que invitamos a toda la comunidad universitaria, a todos los claustros a acompa\u00f1ar a la Universidad\u00bb,<\/em>\u00a0expres\u00f3.<\/p>\n<figure class=\"wp-block-image\"><img decoding=\"async\" class=\"wp-image-84874\" src=\"https:\/\/www.noticias.unsl.edu.ar\/wp-content\/uploads\/2023\/06\/211116-Bruno-De-Genaro-Centro-de-Desarrollo-Deportivo-Pedro-Presti-14-12.jpg\" sizes=\"(max-width: 1000px) 100vw, 1000px\" srcset=\"https:\/\/www.noticias.unsl.edu.ar\/wp-content\/uploads\/2023\/06\/211116-Bruno-De-Genaro-Centro-de-Desarrollo-Deportivo-Pedro-Presti-14-12.jpg 1000w, https:\/\/www.noticias.unsl.edu.ar\/wp-content\/uploads\/2023\/06\/211116-Bruno-De-Genaro-Centro-de-Desarrollo-Deportivo-Pedro-Presti-14-12-300x200.jpg 300w\" alt=\"\" \/><\/figure>\n<p><strong>Agenda<\/strong><\/p>\n<p>El pr\u00f3ximo jueves 22 de junio de 09:00 a 14:00 horas se realizar\u00e1 la acreditaci\u00f3n de las diferentes delegaciones en el Polideportivo Universitario (Lavalle 957). A las 16:00 horas ser\u00e1 el acto inaugural en el Complejo Deportivo\u00a0<em>Pedro Presti<\/em>\u00a0(25 de Mayo esquina Neuqu\u00e9n). Por la noche, se realizar\u00e1 una cena de bienvenida en el Comedor Universitario, a las 20:30 horas.<\/p>\n<p>La competencia deportiva se desarrollar\u00e1 los d\u00edas 23 y 24 de junio en diferentes predios de San Luis, Juana Koslay y Villa Mercedes, de 8:30 a 20:00 horas. El d\u00eda viernes, a las 21:00 horas habr\u00e1 una cena y reuni\u00f3n de Directores y Coordinadores de las Instituciones visitantes en el Comedor Universitario. El s\u00e1bado, se realizar\u00e1 una fiesta para los\/as estudiantes, a las 23:00 horas en el Comedor.<\/p>\n<p>Finalmente, el domingo 25 de junio ser\u00e1n las finales de las competencias deportivas, de 8:30 a 12:00 horas. Luego, se desarrollar\u00e1n las premiaciones en cada sede de juego y el cierre de los JUAR.<\/p>\n<p>Los actos de apertura y cierre contar\u00e1n con la presencia de autoridades de la Secretar\u00eda de Pol\u00edticas Universitarias (SPU) y de titulares de las secretar\u00edas de bienestar estudiantil de las diferentes instituciones. Adem\u00e1s, se espera contar con visitas importantes referidas al deporte.\u00a0<em>\u00abEso nos va a dar otro estatus, porque no hay precedentes en ninguno a nivel nacional, entonces eso tambi\u00e9n jerarquiza un poco a la Universidad\u00bb<\/em>, finaliz\u00f3 P\u00e1ez.<\/p>\n<p>Foto portada: extra\u00edda de la web<br \/>\nFoto 2 y 3: archivo Prensa UNSL<\/p>\n","protected":false},"excerpt":{"rendered":"<p>Este jueves 22 de junio d 2023, la Universidad Nacional de San Luis (UNSL) recibir\u00e1 a m\u00e1s de 1.200 estudiantes, integrantes de las delegaciones de&hellip;<\/p>\n","protected":false},"author":9,"featured_media":13578,"comment_status":"closed","ping_status":"closed","sticky":false,"template":"","format":"standard","meta":{"_monsterinsights_skip_tracking":false,"_monsterinsights_sitenote_active":false,"_monsterinsights_sitenote_note":"","_monsterinsights_sitenote_category":0,"_joinchat":[],"footnotes":""},"categories":[19],"tags":[],"class_list":["post-13577","post","type-post","status-publish","format-standard","has-post-thumbnail","hentry","category-noticias"],"yoast_head":"<!-- This site is optimized with the Yoast SEO plugin v27.4 - https:\/\/yoast.com\/product\/yoast-seo-wordpress\/ -->\n<title>La UNSL recibir\u00e1 a m\u00e1s de 1.200 estudiantes que disputar\u00e1n los JUAR 2023 - Facultad de Ingenier\u00eda y Ciencias Agropecuarias<\/title>\n<meta name=\"robots\" content=\"index, follow, max-snippet:-1, max-image-preview:large, max-video-preview:-1\" \/>\n<link rel=\"canonical\" href=\"https:\/\/www.fica.unsl.edu.ar\/index.php\/la-unsl-recibira-a-mas-de-1-200-estudiantes-que-disputaran-los-juar-2023\/\" \/>\n<meta property=\"og:locale\" content=\"es_ES\" \/>\n<meta property=\"og:type\" content=\"article\" \/>\n<meta property=\"og:title\" content=\"La UNSL recibir\u00e1 a m\u00e1s de 1.200 estudiantes que disputar\u00e1n los JUAR 2023 - Facultad de Ingenier\u00eda y Ciencias Agropecuarias\" \/>\n<meta property=\"og:description\" content=\"Este jueves 22 de junio d 2023, la Universidad Nacional de San Luis (UNSL) recibir\u00e1 a m\u00e1s de 1.200 estudiantes, integrantes de las delegaciones de&hellip;\" \/>\n<meta property=\"og:url\" content=\"https:\/\/www.fica.unsl.edu.ar\/index.php\/la-unsl-recibira-a-mas-de-1-200-estudiantes-que-disputaran-los-juar-2023\/\" \/>\n<meta property=\"og:site_name\" content=\"Facultad de Ingenier\u00eda y Ciencias Agropecuarias\" \/>\n<meta property=\"article:publisher\" content=\"https:\/\/www.facebook.com\/FICA.UNSL\/\" \/>\n<meta property=\"article:published_time\" content=\"2023-06-19T13:10:03+00:00\" \/>\n<meta property=\"article:modified_time\" content=\"2023-06-21T13:10:37+00:00\" \/>\n<meta property=\"og:image\" content=\"https:\/\/www.fica.unsl.edu.ar\/wp-content\/uploads\/2023\/06\/juar-2023.jpg\" \/>\n\t<meta property=\"og:image:width\" content=\"1152\" \/>\n\t<meta property=\"og:image:height\" content=\"647\" \/>\n\t<meta property=\"og:image:type\" content=\"image\/jpeg\" \/>\n<meta name=\"author\" content=\"DATI\" \/>\n<meta name=\"twitter:card\" content=\"summary_large_image\" \/>\n<meta name=\"twitter:creator\" content=\"@FICAUNSL\" \/>\n<meta name=\"twitter:site\" content=\"@FICAUNSL\" \/>\n<meta name=\"twitter:label1\" content=\"Escrito por\" \/>\n\t<meta name=\"twitter:data1\" content=\"DATI\" \/>\n\t<meta name=\"twitter:label2\" content=\"Tiempo de lectura\" \/>\n\t<meta name=\"twitter:data2\" content=\"4 minutos\" \/>\n<script type=\"application\/ld+json\" class=\"yoast-schema-graph\">{\"@context\":\"https:\\\/\\\/schema.org\",\"@graph\":[{\"@type\":\"Article\",\"@id\":\"https:\\\/\\\/www.fica.unsl.edu.ar\\\/index.php\\\/la-unsl-recibira-a-mas-de-1-200-estudiantes-que-disputaran-los-juar-2023\\\/#article\",\"isPartOf\":{\"@id\":\"https:\\\/\\\/www.fica.unsl.edu.ar\\\/index.php\\\/la-unsl-recibira-a-mas-de-1-200-estudiantes-que-disputaran-los-juar-2023\\\/\"},\"author\":{\"name\":\"DATI\",\"@id\":\"https:\\\/\\\/www.fica.unsl.edu.ar\\\/#\\\/schema\\\/person\\\/6058f9c66301868d3a691b1f5d6c3544\"},\"headline\":\"La UNSL recibir\u00e1 a m\u00e1s de 1.200 estudiantes que disputar\u00e1n los JUAR 2023\",\"datePublished\":\"2023-06-19T13:10:03+00:00\",\"dateModified\":\"2023-06-21T13:10:37+00:00\",\"mainEntityOfPage\":{\"@id\":\"https:\\\/\\\/www.fica.unsl.edu.ar\\\/index.php\\\/la-unsl-recibira-a-mas-de-1-200-estudiantes-que-disputaran-los-juar-2023\\\/\"},\"wordCount\":694,\"publisher\":{\"@id\":\"https:\\\/\\\/www.fica.unsl.edu.ar\\\/#organization\"},\"image\":{\"@id\":\"https:\\\/\\\/www.fica.unsl.edu.ar\\\/index.php\\\/la-unsl-recibira-a-mas-de-1-200-estudiantes-que-disputaran-los-juar-2023\\\/#primaryimage\"},\"thumbnailUrl\":\"https:\\\/\\\/www.fica.unsl.edu.ar\\\/wp-content\\\/uploads\\\/2023\\\/06\\\/juar-2023.jpg\",\"articleSection\":[\"Noticias\"],\"inLanguage\":\"es-AR\"},{\"@type\":\"WebPage\",\"@id\":\"https:\\\/\\\/www.fica.unsl.edu.ar\\\/index.php\\\/la-unsl-recibira-a-mas-de-1-200-estudiantes-que-disputaran-los-juar-2023\\\/\",\"url\":\"https:\\\/\\\/www.fica.unsl.edu.ar\\\/index.php\\\/la-unsl-recibira-a-mas-de-1-200-estudiantes-que-disputaran-los-juar-2023\\\/\",\"name\":\"La UNSL recibir\u00e1 a m\u00e1s de 1.200 estudiantes que disputar\u00e1n los JUAR 2023 - Facultad de Ingenier\u00eda y Ciencias Agropecuarias\",\"isPartOf\":{\"@id\":\"https:\\\/\\\/www.fica.unsl.edu.ar\\\/#website\"},\"primaryImageOfPage\":{\"@id\":\"https:\\\/\\\/www.fica.unsl.edu.ar\\\/index.php\\\/la-unsl-recibira-a-mas-de-1-200-estudiantes-que-disputaran-los-juar-2023\\\/#primaryimage\"},\"image\":{\"@id\":\"https:\\\/\\\/www.fica.unsl.edu.ar\\\/index.php\\\/la-unsl-recibira-a-mas-de-1-200-estudiantes-que-disputaran-los-juar-2023\\\/#primaryimage\"},\"thumbnailUrl\":\"https:\\\/\\\/www.fica.unsl.edu.ar\\\/wp-content\\\/uploads\\\/2023\\\/06\\\/juar-2023.jpg\",\"datePublished\":\"2023-06-19T13:10:03+00:00\",\"dateModified\":\"2023-06-21T13:10:37+00:00\",\"inLanguage\":\"es-AR\",\"potentialAction\":[{\"@type\":\"ReadAction\",\"target\":[\"https:\\\/\\\/www.fica.unsl.edu.ar\\\/index.php\\\/la-unsl-recibira-a-mas-de-1-200-estudiantes-que-disputaran-los-juar-2023\\\/\"]}]},{\"@type\":\"ImageObject\",\"inLanguage\":\"es-AR\",\"@id\":\"https:\\\/\\\/www.fica.unsl.edu.ar\\\/index.php\\\/la-unsl-recibira-a-mas-de-1-200-estudiantes-que-disputaran-los-juar-2023\\\/#primaryimage\",\"url\":\"https:\\\/\\\/www.fica.unsl.edu.ar\\\/wp-content\\\/uploads\\\/2023\\\/06\\\/juar-2023.jpg\",\"contentUrl\":\"https:\\\/\\\/www.fica.unsl.edu.ar\\\/wp-content\\\/uploads\\\/2023\\\/06\\\/juar-2023.jpg\",\"width\":1152,\"height\":647},{\"@type\":\"WebSite\",\"@id\":\"https:\\\/\\\/www.fica.unsl.edu.ar\\\/#website\",\"url\":\"https:\\\/\\\/www.fica.unsl.edu.ar\\\/\",\"name\":\"Facultad de Ingenier\u00eda y Ciencias Agropecuarias\",\"description\":\"\",\"publisher\":{\"@id\":\"https:\\\/\\\/www.fica.unsl.edu.ar\\\/#organization\"},\"potentialAction\":[{\"@type\":\"SearchAction\",\"target\":{\"@type\":\"EntryPoint\",\"urlTemplate\":\"https:\\\/\\\/www.fica.unsl.edu.ar\\\/?s={search_term_string}\"},\"query-input\":{\"@type\":\"PropertyValueSpecification\",\"valueRequired\":true,\"valueName\":\"search_term_string\"}}],\"inLanguage\":\"es-AR\"},{\"@type\":\"Organization\",\"@id\":\"https:\\\/\\\/www.fica.unsl.edu.ar\\\/#organization\",\"name\":\"Facultad de Ingenier\u00eda y Ciencias Agropecuarias\",\"url\":\"https:\\\/\\\/www.fica.unsl.edu.ar\\\/\",\"logo\":{\"@type\":\"ImageObject\",\"inLanguage\":\"es-AR\",\"@id\":\"https:\\\/\\\/www.fica.unsl.edu.ar\\\/#\\\/schema\\\/logo\\\/image\\\/\",\"url\":\"https:\\\/\\\/www.fica.unsl.edu.ar\\\/wp-content\\\/uploads\\\/2021\\\/03\\\/LOGO-1.jpg\",\"contentUrl\":\"https:\\\/\\\/www.fica.unsl.edu.ar\\\/wp-content\\\/uploads\\\/2021\\\/03\\\/LOGO-1.jpg\",\"width\":463,\"height\":145,\"caption\":\"Facultad de Ingenier\u00eda y Ciencias Agropecuarias\"},\"image\":{\"@id\":\"https:\\\/\\\/www.fica.unsl.edu.ar\\\/#\\\/schema\\\/logo\\\/image\\\/\"},\"sameAs\":[\"https:\\\/\\\/www.facebook.com\\\/FICA.UNSL\\\/\",\"https:\\\/\\\/x.com\\\/FICAUNSL\",\"https:\\\/\\\/www.instagram.com\\\/fica.unsl\\\/\",\"https:\\\/\\\/www.youtube.com\\\/channel\\\/UCs2MM53gb2PyBrMySdtWZDQ\"]},{\"@type\":\"Person\",\"@id\":\"https:\\\/\\\/www.fica.unsl.edu.ar\\\/#\\\/schema\\\/person\\\/6058f9c66301868d3a691b1f5d6c3544\",\"name\":\"DATI\"}]}<\/script>\n<!-- \/ Yoast SEO plugin. -->","yoast_head_json":{"title":"La UNSL recibir\u00e1 a m\u00e1s de 1.200 estudiantes que disputar\u00e1n los JUAR 2023 - Facultad de Ingenier\u00eda y Ciencias Agropecuarias","robots":{"index":"index","follow":"follow","max-snippet":"max-snippet:-1","max-image-preview":"max-image-preview:large","max-video-preview":"max-video-preview:-1"},"canonical":"https:\/\/www.fica.unsl.edu.ar\/index.php\/la-unsl-recibira-a-mas-de-1-200-estudiantes-que-disputaran-los-juar-2023\/","og_locale":"es_ES","og_type":"article","og_title":"La UNSL recibir\u00e1 a m\u00e1s de 1.200 estudiantes que disputar\u00e1n los JUAR 2023 - Facultad de Ingenier\u00eda y Ciencias Agropecuarias","og_description":"Este jueves 22 de junio d 2023, la Universidad Nacional de San Luis (UNSL) recibir\u00e1 a m\u00e1s de 1.200 estudiantes, integrantes de las delegaciones de&hellip;","og_url":"https:\/\/www.fica.unsl.edu.ar\/index.php\/la-unsl-recibira-a-mas-de-1-200-estudiantes-que-disputaran-los-juar-2023\/","og_site_name":"Facultad de Ingenier\u00eda y Ciencias Agropecuarias","article_publisher":"https:\/\/www.facebook.com\/FICA.UNSL\/","article_published_time":"2023-06-19T13:10:03+00:00","article_modified_time":"2023-06-21T13:10:37+00:00","og_image":[{"width":1152,"height":647,"url":"https:\/\/www.fica.unsl.edu.ar\/wp-content\/uploads\/2023\/06\/juar-2023.jpg","type":"image\/jpeg"}],"author":"DATI","twitter_card":"summary_large_image","twitter_creator":"@FICAUNSL","twitter_site":"@FICAUNSL","twitter_misc":{"Escrito por":"DATI","Tiempo de lectura":"4 minutos"},"schema":{"@context":"https:\/\/schema.org","@graph":[{"@type":"Article","@id":"https:\/\/www.fica.unsl.edu.ar\/index.php\/la-unsl-recibira-a-mas-de-1-200-estudiantes-que-disputaran-los-juar-2023\/#article","isPartOf":{"@id":"https:\/\/www.fica.unsl.edu.ar\/index.php\/la-unsl-recibira-a-mas-de-1-200-estudiantes-que-disputaran-los-juar-2023\/"},"author":{"name":"DATI","@id":"https:\/\/www.fica.unsl.edu.ar\/#\/schema\/person\/6058f9c66301868d3a691b1f5d6c3544"},"headline":"La UNSL recibir\u00e1 a m\u00e1s de 1.200 estudiantes que disputar\u00e1n los JUAR 2023","datePublished":"2023-06-19T13:10:03+00:00","dateModified":"2023-06-21T13:10:37+00:00","mainEntityOfPage":{"@id":"https:\/\/www.fica.unsl.edu.ar\/index.php\/la-unsl-recibira-a-mas-de-1-200-estudiantes-que-disputaran-los-juar-2023\/"},"wordCount":694,"publisher":{"@id":"https:\/\/www.fica.unsl.edu.ar\/#organization"},"image":{"@id":"https:\/\/www.fica.unsl.edu.ar\/index.php\/la-unsl-recibira-a-mas-de-1-200-estudiantes-que-disputaran-los-juar-2023\/#primaryimage"},"thumbnailUrl":"https:\/\/www.fica.unsl.edu.ar\/wp-content\/uploads\/2023\/06\/juar-2023.jpg","articleSection":["Noticias"],"inLanguage":"es-AR"},{"@type":"WebPage","@id":"https:\/\/www.fica.unsl.edu.ar\/index.php\/la-unsl-recibira-a-mas-de-1-200-estudiantes-que-disputaran-los-juar-2023\/","url":"https:\/\/www.fica.unsl.edu.ar\/index.php\/la-unsl-recibira-a-mas-de-1-200-estudiantes-que-disputaran-los-juar-2023\/","name":"La UNSL recibir\u00e1 a m\u00e1s de 1.200 estudiantes que disputar\u00e1n los JUAR 2023 - Facultad de Ingenier\u00eda y Ciencias Agropecuarias","isPartOf":{"@id":"https:\/\/www.fica.unsl.edu.ar\/#website"},"primaryImageOfPage":{"@id":"https:\/\/www.fica.unsl.edu.ar\/index.php\/la-unsl-recibira-a-mas-de-1-200-estudiantes-que-disputaran-los-juar-2023\/#primaryimage"},"image":{"@id":"https:\/\/www.fica.unsl.edu.ar\/index.php\/la-unsl-recibira-a-mas-de-1-200-estudiantes-que-disputaran-los-juar-2023\/#primaryimage"},"thumbnailUrl":"https:\/\/www.fica.unsl.edu.ar\/wp-content\/uploads\/2023\/06\/juar-2023.jpg","datePublished":"2023-06-19T13:10:03+00:00","dateModified":"2023-06-21T13:10:37+00:00","inLanguage":"es-AR","potentialAction":[{"@type":"ReadAction","target":["https:\/\/www.fica.unsl.edu.ar\/index.php\/la-unsl-recibira-a-mas-de-1-200-estudiantes-que-disputaran-los-juar-2023\/"]}]},{"@type":"ImageObject","inLanguage":"es-AR","@id":"https:\/\/www.fica.unsl.edu.ar\/index.php\/la-unsl-recibira-a-mas-de-1-200-estudiantes-que-disputaran-los-juar-2023\/#primaryimage","url":"https:\/\/www.fica.unsl.edu.ar\/wp-content\/uploads\/2023\/06\/juar-2023.jpg","contentUrl":"https:\/\/www.fica.unsl.edu.ar\/wp-content\/uploads\/2023\/06\/juar-2023.jpg","width":1152,"height":647},{"@type":"WebSite","@id":"https:\/\/www.fica.unsl.edu.ar\/#website","url":"https:\/\/www.fica.unsl.edu.ar\/","name":"Facultad de Ingenier\u00eda y Ciencias Agropecuarias","description":"","publisher":{"@id":"https:\/\/www.fica.unsl.edu.ar\/#organization"},"potentialAction":[{"@type":"SearchAction","target":{"@type":"EntryPoint","urlTemplate":"https:\/\/www.fica.unsl.edu.ar\/?s={search_term_string}"},"query-input":{"@type":"PropertyValueSpecification","valueRequired":true,"valueName":"search_term_string"}}],"inLanguage":"es-AR"},{"@type":"Organization","@id":"https:\/\/www.fica.unsl.edu.ar\/#organization","name":"Facultad de Ingenier\u00eda y Ciencias Agropecuarias","url":"https:\/\/www.fica.unsl.edu.ar\/","logo":{"@type":"ImageObject","inLanguage":"es-AR","@id":"https:\/\/www.fica.unsl.edu.ar\/#\/schema\/logo\/image\/","url":"https:\/\/www.fica.unsl.edu.ar\/wp-content\/uploads\/2021\/03\/LOGO-1.jpg","contentUrl":"https:\/\/www.fica.unsl.edu.ar\/wp-content\/uploads\/2021\/03\/LOGO-1.jpg","width":463,"height":145,"caption":"Facultad de Ingenier\u00eda y Ciencias Agropecuarias"},"image":{"@id":"https:\/\/www.fica.unsl.edu.ar\/#\/schema\/logo\/image\/"},"sameAs":["https:\/\/www.facebook.com\/FICA.UNSL\/","https:\/\/x.com\/FICAUNSL","https:\/\/www.instagram.com\/fica.unsl\/","https:\/\/www.youtube.com\/channel\/UCs2MM53gb2PyBrMySdtWZDQ"]},{"@type":"Person","@id":"https:\/\/www.fica.unsl.edu.ar\/#\/schema\/person\/6058f9c66301868d3a691b1f5d6c3544","name":"DATI"}]}},"_links":{"self":[{"href":"https:\/\/www.fica.unsl.edu.ar\/index.php\/wp-json\/wp\/v2\/posts\/13577","targetHints":{"allow":["GET"]}}],"collection":[{"href":"https:\/\/www.fica.unsl.edu.ar\/index.php\/wp-json\/wp\/v2\/posts"}],"about":[{"href":"https:\/\/www.fica.unsl.edu.ar\/index.php\/wp-json\/wp\/v2\/types\/post"}],"author":[{"embeddable":true,"href":"https:\/\/www.fica.unsl.edu.ar\/index.php\/wp-json\/wp\/v2\/users\/9"}],"replies":[{"embeddable":true,"href":"https:\/\/www.fica.unsl.edu.ar\/index.php\/wp-json\/wp\/v2\/comments?post=13577"}],"version-history":[{"count":1,"href":"https:\/\/www.fica.unsl.edu.ar\/index.php\/wp-json\/wp\/v2\/posts\/13577\/revisions"}],"predecessor-version":[{"id":13579,"href":"https:\/\/www.fica.unsl.edu.ar\/index.php\/wp-json\/wp\/v2\/posts\/13577\/revisions\/13579"}],"wp:featuredmedia":[{"embeddable":true,"href":"https:\/\/www.fica.unsl.edu.ar\/index.php\/wp-json\/wp\/v2\/media\/13578"}],"wp:attachment":[{"href":"https:\/\/www.fica.unsl.edu.ar\/index.php\/wp-json\/wp\/v2\/media?parent=13577"}],"wp:term":[{"taxonomy":"category","embeddable":true,"href":"https:\/\/www.fica.unsl.edu.ar\/index.php\/wp-json\/wp\/v2\/categories?post=13577"},{"taxonomy":"post_tag","embeddable":true,"href":"https:\/\/www.fica.unsl.edu.ar\/index.php\/wp-json\/wp\/v2\/tags?post=13577"}],"curies":[{"name":"wp","href":"https:\/\/api.w.org\/{rel}","templated":true}]}}