{"id":13607,"date":"2023-06-23T09:35:06","date_gmt":"2023-06-23T12:35:06","guid":{"rendered":"http:\/\/10.101.10.196\/www\/?p=13607"},"modified":"2023-06-29T11:36:08","modified_gmt":"2023-06-29T14:36:08","slug":"23-de-junio-dia-internacional-de-la-mujer-en-la-ingenieria-2023","status":"publish","type":"post","link":"https:\/\/www.fica.unsl.edu.ar\/index.php\/23-de-junio-dia-internacional-de-la-mujer-en-la-ingenieria-2023\/","title":{"rendered":"23 de junio: D\u00eda Internacional de la Mujer en la Ingenier\u00eda"},"content":{"rendered":"<p>El Decano, Mgtr. Sergio Ribotta, el Vicedecano, Dr. Federico Serra y equipo de gesti\u00f3n, saludan a todas las ingenieras, especialmente a quienes trabajan e integran la FICA, al celebrarse este<strong> viernes 23 de junio el d\u00eda Internacional de la Mujer en la Ingenier\u00eda.<\/strong><\/p>\n<p>Cada 23 de junio, se celebra el D\u00eda Internacional de la Mujer en la Ingenier\u00eda, desde que la Women\u2019s Engineering Society lo realizara por primera vez en 2014 con el objetivo de conmemorar a las mujeres por su papel en un sector que tradicionalmente ha estado dominado por los hombres.<\/p>\n<p>El D\u00eda Internacional de la Mujer en la Ingenier\u00eda es una campa\u00f1a internacional de concienciaci\u00f3n para elevar el perfil de la mujer en la ingenier\u00eda y centrar la atenci\u00f3n en las incre\u00edbles oportunidades profesionales disponibles para las ni\u00f1as en esta apasionante industria. De esta forma, celebra los logros sobresalientes de las mujeres ingenieras de todo el mundo.<\/p>\n<p>La ciencia de la ingenier\u00eda ha sido responsable de un enorme desarrollo en la forma en que vivimos hoy en d\u00eda. Los saltos y los l\u00edmites en el campo de la ingenier\u00eda nos han dado el beneficio de vivir vidas m\u00e1s f\u00e1ciles, vivir en mejores hogares y usar mejores medios de transporte, y eso es s\u00f3lo unos ejemplos para nombrar algunos desarrollos.<\/p>\n<h4><strong>Construyendo la Inclusi\u00f3n: Experiencias Transformadoras en Perspectiva de G\u00e9nero<\/strong><\/h4>\n<p>Con el objetivo de socializar y promover el impacto positivo de la formaci\u00f3n en perspectiva de g\u00e9nero recibida por las unidades acad\u00e9micas en el marco del programa \u00abFormaci\u00f3n de capacitadoras\/es en tem\u00e1tica de g\u00e9nero y en la implementaci\u00f3n de la Ley Micaela para las facultades de ingenier\u00eda\u00bb, el Consejo Federal de Decanos de Ingenier\u00eda (CONFEDI) invita a participar del conversatorio Construyendo la Inclusi\u00f3n: Experiencias Transformadoras en Perspectiva de G\u00e9nero, que se llevar\u00e1 a cabo de forma virtual el 29 de junio a las 17.30 horas.<\/p>\n<p>Esta actividad buscar\u00e1 destacar las experiencias transformadoras y los logros alcanzados por las instituciones educativas en la implementaci\u00f3n y el fortalecimiento de buenas pr\u00e1cticas y pol\u00edticas institucionales relacionadas con la perspectiva de g\u00e9nero.<br \/>\nEste conversatorio reunir\u00e1 a integrantes de la comunidad acad\u00e9mica de las facultades de Ingenier\u00eda, con el objetivo de compartir conocimientos, buenas pr\u00e1cticas y desaf\u00edos. Tambi\u00e9n se analizar\u00e1 el impacto de las herramientas pr\u00e1cticas y recursos te\u00f3ricos, abordados en el curso, para fomentar la sensibilizaci\u00f3n y la construcci\u00f3n de equipos locales comprometidos con la igualdad de g\u00e9nero.<\/p>\n<p>El evento ofrecer\u00e1 una plataforma de intercambio de ideas y experiencias, con el fin de fortalecer la red de capacitadoras y capacitadores y promover la replicaci\u00f3n de la formaci\u00f3n en perspectiva de g\u00e9nero en todas las unidades acad\u00e9micas socias de CONFEDI. Asimismo, se destacar\u00e1 la importancia de la formaci\u00f3n en la implementaci\u00f3n efectiva de pol\u00edticas inclusivas y equitativas en el \u00e1mbito educativo y profesional de la ingenier\u00eda.<\/p>\n<h3 style=\"text-align: center;\"><strong><span style=\"color: #0000ff;\"><a style=\"color: #0000ff;\" href=\"https:\/\/us02web.zoom.us\/meeting\/register\/tZIkduCorT8jGt24taqhPpT39eiWmeBwubu4\" target=\"_blank\" rel=\"noopener\">REGISTRARSE<\/a><\/span><\/strong><\/h3>\n<p>&nbsp;<\/p>\n","protected":false},"excerpt":{"rendered":"<p>El Decano, Mgtr. Sergio Ribotta, el Vicedecano, Dr. Federico Serra y equipo de gesti\u00f3n, saludan a todas las ingenieras, especialmente a quienes trabajan e integran&hellip;<\/p>\n","protected":false},"author":9,"featured_media":13608,"comment_status":"closed","ping_status":"closed","sticky":false,"template":"","format":"standard","meta":{"_monsterinsights_skip_tracking":false,"_monsterinsights_sitenote_active":false,"_monsterinsights_sitenote_note":"","_monsterinsights_sitenote_category":0,"_joinchat":[],"footnotes":""},"categories":[19],"tags":[],"class_list":["post-13607","post","type-post","status-publish","format-standard","has-post-thumbnail","hentry","category-noticias"],"yoast_head":"<!-- This site is optimized with the Yoast SEO plugin v27.4 - https:\/\/yoast.com\/product\/yoast-seo-wordpress\/ -->\n<title>23 de junio: D\u00eda Internacional de la Mujer en la Ingenier\u00eda - Facultad de Ingenier\u00eda y Ciencias Agropecuarias<\/title>\n<meta name=\"robots\" content=\"index, follow, max-snippet:-1, max-image-preview:large, max-video-preview:-1\" \/>\n<link rel=\"canonical\" href=\"https:\/\/www.fica.unsl.edu.ar\/index.php\/23-de-junio-dia-internacional-de-la-mujer-en-la-ingenieria-2023\/\" \/>\n<meta property=\"og:locale\" content=\"es_ES\" \/>\n<meta property=\"og:type\" content=\"article\" \/>\n<meta property=\"og:title\" content=\"23 de junio: D\u00eda Internacional de la Mujer en la Ingenier\u00eda - Facultad de Ingenier\u00eda y Ciencias Agropecuarias\" \/>\n<meta property=\"og:description\" content=\"El Decano, Mgtr. Sergio Ribotta, el Vicedecano, Dr. Federico Serra y equipo de gesti\u00f3n, saludan a todas las ingenieras, especialmente a quienes trabajan e integran&hellip;\" \/>\n<meta property=\"og:url\" content=\"https:\/\/www.fica.unsl.edu.ar\/index.php\/23-de-junio-dia-internacional-de-la-mujer-en-la-ingenieria-2023\/\" \/>\n<meta property=\"og:site_name\" content=\"Facultad de Ingenier\u00eda y Ciencias Agropecuarias\" \/>\n<meta property=\"article:publisher\" content=\"https:\/\/www.facebook.com\/FICA.UNSL\/\" \/>\n<meta property=\"article:published_time\" content=\"2023-06-23T12:35:06+00:00\" \/>\n<meta property=\"article:modified_time\" content=\"2023-06-29T14:36:08+00:00\" \/>\n<meta property=\"og:image\" content=\"https:\/\/www.fica.unsl.edu.ar\/wp-content\/uploads\/2023\/06\/dia-de-la-ingeniera.jpg\" \/>\n\t<meta property=\"og:image:width\" content=\"1061\" \/>\n\t<meta property=\"og:image:height\" content=\"585\" \/>\n\t<meta property=\"og:image:type\" content=\"image\/jpeg\" \/>\n<meta name=\"author\" content=\"DATI\" \/>\n<meta name=\"twitter:card\" content=\"summary_large_image\" \/>\n<meta name=\"twitter:creator\" content=\"@FICAUNSL\" \/>\n<meta name=\"twitter:site\" content=\"@FICAUNSL\" \/>\n<meta name=\"twitter:label1\" content=\"Escrito por\" \/>\n\t<meta name=\"twitter:data1\" content=\"DATI\" \/>\n\t<meta name=\"twitter:label2\" content=\"Tiempo de lectura\" \/>\n\t<meta name=\"twitter:data2\" content=\"3 minutos\" \/>\n<script type=\"application\/ld+json\" class=\"yoast-schema-graph\">{\"@context\":\"https:\\\/\\\/schema.org\",\"@graph\":[{\"@type\":\"Article\",\"@id\":\"https:\\\/\\\/www.fica.unsl.edu.ar\\\/index.php\\\/23-de-junio-dia-internacional-de-la-mujer-en-la-ingenieria-2023\\\/#article\",\"isPartOf\":{\"@id\":\"https:\\\/\\\/www.fica.unsl.edu.ar\\\/index.php\\\/23-de-junio-dia-internacional-de-la-mujer-en-la-ingenieria-2023\\\/\"},\"author\":{\"name\":\"DATI\",\"@id\":\"https:\\\/\\\/www.fica.unsl.edu.ar\\\/#\\\/schema\\\/person\\\/6058f9c66301868d3a691b1f5d6c3544\"},\"headline\":\"23 de junio: D\u00eda Internacional de la Mujer en la Ingenier\u00eda\",\"datePublished\":\"2023-06-23T12:35:06+00:00\",\"dateModified\":\"2023-06-29T14:36:08+00:00\",\"mainEntityOfPage\":{\"@id\":\"https:\\\/\\\/www.fica.unsl.edu.ar\\\/index.php\\\/23-de-junio-dia-internacional-de-la-mujer-en-la-ingenieria-2023\\\/\"},\"wordCount\":528,\"publisher\":{\"@id\":\"https:\\\/\\\/www.fica.unsl.edu.ar\\\/#organization\"},\"image\":{\"@id\":\"https:\\\/\\\/www.fica.unsl.edu.ar\\\/index.php\\\/23-de-junio-dia-internacional-de-la-mujer-en-la-ingenieria-2023\\\/#primaryimage\"},\"thumbnailUrl\":\"https:\\\/\\\/www.fica.unsl.edu.ar\\\/wp-content\\\/uploads\\\/2023\\\/06\\\/dia-de-la-ingeniera.jpg\",\"articleSection\":[\"Noticias\"],\"inLanguage\":\"es-AR\"},{\"@type\":\"WebPage\",\"@id\":\"https:\\\/\\\/www.fica.unsl.edu.ar\\\/index.php\\\/23-de-junio-dia-internacional-de-la-mujer-en-la-ingenieria-2023\\\/\",\"url\":\"https:\\\/\\\/www.fica.unsl.edu.ar\\\/index.php\\\/23-de-junio-dia-internacional-de-la-mujer-en-la-ingenieria-2023\\\/\",\"name\":\"23 de junio: D\u00eda Internacional de la Mujer en la Ingenier\u00eda - Facultad de Ingenier\u00eda y Ciencias Agropecuarias\",\"isPartOf\":{\"@id\":\"https:\\\/\\\/www.fica.unsl.edu.ar\\\/#website\"},\"primaryImageOfPage\":{\"@id\":\"https:\\\/\\\/www.fica.unsl.edu.ar\\\/index.php\\\/23-de-junio-dia-internacional-de-la-mujer-en-la-ingenieria-2023\\\/#primaryimage\"},\"image\":{\"@id\":\"https:\\\/\\\/www.fica.unsl.edu.ar\\\/index.php\\\/23-de-junio-dia-internacional-de-la-mujer-en-la-ingenieria-2023\\\/#primaryimage\"},\"thumbnailUrl\":\"https:\\\/\\\/www.fica.unsl.edu.ar\\\/wp-content\\\/uploads\\\/2023\\\/06\\\/dia-de-la-ingeniera.jpg\",\"datePublished\":\"2023-06-23T12:35:06+00:00\",\"dateModified\":\"2023-06-29T14:36:08+00:00\",\"inLanguage\":\"es-AR\",\"potentialAction\":[{\"@type\":\"ReadAction\",\"target\":[\"https:\\\/\\\/www.fica.unsl.edu.ar\\\/index.php\\\/23-de-junio-dia-internacional-de-la-mujer-en-la-ingenieria-2023\\\/\"]}]},{\"@type\":\"ImageObject\",\"inLanguage\":\"es-AR\",\"@id\":\"https:\\\/\\\/www.fica.unsl.edu.ar\\\/index.php\\\/23-de-junio-dia-internacional-de-la-mujer-en-la-ingenieria-2023\\\/#primaryimage\",\"url\":\"https:\\\/\\\/www.fica.unsl.edu.ar\\\/wp-content\\\/uploads\\\/2023\\\/06\\\/dia-de-la-ingeniera.jpg\",\"contentUrl\":\"https:\\\/\\\/www.fica.unsl.edu.ar\\\/wp-content\\\/uploads\\\/2023\\\/06\\\/dia-de-la-ingeniera.jpg\",\"width\":1061,\"height\":585},{\"@type\":\"WebSite\",\"@id\":\"https:\\\/\\\/www.fica.unsl.edu.ar\\\/#website\",\"url\":\"https:\\\/\\\/www.fica.unsl.edu.ar\\\/\",\"name\":\"Facultad de Ingenier\u00eda y Ciencias Agropecuarias\",\"description\":\"\",\"publisher\":{\"@id\":\"https:\\\/\\\/www.fica.unsl.edu.ar\\\/#organization\"},\"potentialAction\":[{\"@type\":\"SearchAction\",\"target\":{\"@type\":\"EntryPoint\",\"urlTemplate\":\"https:\\\/\\\/www.fica.unsl.edu.ar\\\/?s={search_term_string}\"},\"query-input\":{\"@type\":\"PropertyValueSpecification\",\"valueRequired\":true,\"valueName\":\"search_term_string\"}}],\"inLanguage\":\"es-AR\"},{\"@type\":\"Organization\",\"@id\":\"https:\\\/\\\/www.fica.unsl.edu.ar\\\/#organization\",\"name\":\"Facultad de Ingenier\u00eda y Ciencias Agropecuarias\",\"url\":\"https:\\\/\\\/www.fica.unsl.edu.ar\\\/\",\"logo\":{\"@type\":\"ImageObject\",\"inLanguage\":\"es-AR\",\"@id\":\"https:\\\/\\\/www.fica.unsl.edu.ar\\\/#\\\/schema\\\/logo\\\/image\\\/\",\"url\":\"https:\\\/\\\/www.fica.unsl.edu.ar\\\/wp-content\\\/uploads\\\/2021\\\/03\\\/LOGO-1.jpg\",\"contentUrl\":\"https:\\\/\\\/www.fica.unsl.edu.ar\\\/wp-content\\\/uploads\\\/2021\\\/03\\\/LOGO-1.jpg\",\"width\":463,\"height\":145,\"caption\":\"Facultad de Ingenier\u00eda y Ciencias Agropecuarias\"},\"image\":{\"@id\":\"https:\\\/\\\/www.fica.unsl.edu.ar\\\/#\\\/schema\\\/logo\\\/image\\\/\"},\"sameAs\":[\"https:\\\/\\\/www.facebook.com\\\/FICA.UNSL\\\/\",\"https:\\\/\\\/x.com\\\/FICAUNSL\",\"https:\\\/\\\/www.instagram.com\\\/fica.unsl\\\/\",\"https:\\\/\\\/www.youtube.com\\\/channel\\\/UCs2MM53gb2PyBrMySdtWZDQ\"]},{\"@type\":\"Person\",\"@id\":\"https:\\\/\\\/www.fica.unsl.edu.ar\\\/#\\\/schema\\\/person\\\/6058f9c66301868d3a691b1f5d6c3544\",\"name\":\"DATI\"}]}<\/script>\n<!-- \/ Yoast SEO plugin. -->","yoast_head_json":{"title":"23 de junio: D\u00eda Internacional de la Mujer en la Ingenier\u00eda - Facultad de Ingenier\u00eda y Ciencias Agropecuarias","robots":{"index":"index","follow":"follow","max-snippet":"max-snippet:-1","max-image-preview":"max-image-preview:large","max-video-preview":"max-video-preview:-1"},"canonical":"https:\/\/www.fica.unsl.edu.ar\/index.php\/23-de-junio-dia-internacional-de-la-mujer-en-la-ingenieria-2023\/","og_locale":"es_ES","og_type":"article","og_title":"23 de junio: D\u00eda Internacional de la Mujer en la Ingenier\u00eda - Facultad de Ingenier\u00eda y Ciencias Agropecuarias","og_description":"El Decano, Mgtr. Sergio Ribotta, el Vicedecano, Dr. Federico Serra y equipo de gesti\u00f3n, saludan a todas las ingenieras, especialmente a quienes trabajan e integran&hellip;","og_url":"https:\/\/www.fica.unsl.edu.ar\/index.php\/23-de-junio-dia-internacional-de-la-mujer-en-la-ingenieria-2023\/","og_site_name":"Facultad de Ingenier\u00eda y Ciencias Agropecuarias","article_publisher":"https:\/\/www.facebook.com\/FICA.UNSL\/","article_published_time":"2023-06-23T12:35:06+00:00","article_modified_time":"2023-06-29T14:36:08+00:00","og_image":[{"width":1061,"height":585,"url":"https:\/\/www.fica.unsl.edu.ar\/wp-content\/uploads\/2023\/06\/dia-de-la-ingeniera.jpg","type":"image\/jpeg"}],"author":"DATI","twitter_card":"summary_large_image","twitter_creator":"@FICAUNSL","twitter_site":"@FICAUNSL","twitter_misc":{"Escrito por":"DATI","Tiempo de lectura":"3 minutos"},"schema":{"@context":"https:\/\/schema.org","@graph":[{"@type":"Article","@id":"https:\/\/www.fica.unsl.edu.ar\/index.php\/23-de-junio-dia-internacional-de-la-mujer-en-la-ingenieria-2023\/#article","isPartOf":{"@id":"https:\/\/www.fica.unsl.edu.ar\/index.php\/23-de-junio-dia-internacional-de-la-mujer-en-la-ingenieria-2023\/"},"author":{"name":"DATI","@id":"https:\/\/www.fica.unsl.edu.ar\/#\/schema\/person\/6058f9c66301868d3a691b1f5d6c3544"},"headline":"23 de junio: D\u00eda Internacional de la Mujer en la Ingenier\u00eda","datePublished":"2023-06-23T12:35:06+00:00","dateModified":"2023-06-29T14:36:08+00:00","mainEntityOfPage":{"@id":"https:\/\/www.fica.unsl.edu.ar\/index.php\/23-de-junio-dia-internacional-de-la-mujer-en-la-ingenieria-2023\/"},"wordCount":528,"publisher":{"@id":"https:\/\/www.fica.unsl.edu.ar\/#organization"},"image":{"@id":"https:\/\/www.fica.unsl.edu.ar\/index.php\/23-de-junio-dia-internacional-de-la-mujer-en-la-ingenieria-2023\/#primaryimage"},"thumbnailUrl":"https:\/\/www.fica.unsl.edu.ar\/wp-content\/uploads\/2023\/06\/dia-de-la-ingeniera.jpg","articleSection":["Noticias"],"inLanguage":"es-AR"},{"@type":"WebPage","@id":"https:\/\/www.fica.unsl.edu.ar\/index.php\/23-de-junio-dia-internacional-de-la-mujer-en-la-ingenieria-2023\/","url":"https:\/\/www.fica.unsl.edu.ar\/index.php\/23-de-junio-dia-internacional-de-la-mujer-en-la-ingenieria-2023\/","name":"23 de junio: D\u00eda Internacional de la Mujer en la Ingenier\u00eda - Facultad de Ingenier\u00eda y Ciencias Agropecuarias","isPartOf":{"@id":"https:\/\/www.fica.unsl.edu.ar\/#website"},"primaryImageOfPage":{"@id":"https:\/\/www.fica.unsl.edu.ar\/index.php\/23-de-junio-dia-internacional-de-la-mujer-en-la-ingenieria-2023\/#primaryimage"},"image":{"@id":"https:\/\/www.fica.unsl.edu.ar\/index.php\/23-de-junio-dia-internacional-de-la-mujer-en-la-ingenieria-2023\/#primaryimage"},"thumbnailUrl":"https:\/\/www.fica.unsl.edu.ar\/wp-content\/uploads\/2023\/06\/dia-de-la-ingeniera.jpg","datePublished":"2023-06-23T12:35:06+00:00","dateModified":"2023-06-29T14:36:08+00:00","inLanguage":"es-AR","potentialAction":[{"@type":"ReadAction","target":["https:\/\/www.fica.unsl.edu.ar\/index.php\/23-de-junio-dia-internacional-de-la-mujer-en-la-ingenieria-2023\/"]}]},{"@type":"ImageObject","inLanguage":"es-AR","@id":"https:\/\/www.fica.unsl.edu.ar\/index.php\/23-de-junio-dia-internacional-de-la-mujer-en-la-ingenieria-2023\/#primaryimage","url":"https:\/\/www.fica.unsl.edu.ar\/wp-content\/uploads\/2023\/06\/dia-de-la-ingeniera.jpg","contentUrl":"https:\/\/www.fica.unsl.edu.ar\/wp-content\/uploads\/2023\/06\/dia-de-la-ingeniera.jpg","width":1061,"height":585},{"@type":"WebSite","@id":"https:\/\/www.fica.unsl.edu.ar\/#website","url":"https:\/\/www.fica.unsl.edu.ar\/","name":"Facultad de Ingenier\u00eda y Ciencias Agropecuarias","description":"","publisher":{"@id":"https:\/\/www.fica.unsl.edu.ar\/#organization"},"potentialAction":[{"@type":"SearchAction","target":{"@type":"EntryPoint","urlTemplate":"https:\/\/www.fica.unsl.edu.ar\/?s={search_term_string}"},"query-input":{"@type":"PropertyValueSpecification","valueRequired":true,"valueName":"search_term_string"}}],"inLanguage":"es-AR"},{"@type":"Organization","@id":"https:\/\/www.fica.unsl.edu.ar\/#organization","name":"Facultad de Ingenier\u00eda y Ciencias Agropecuarias","url":"https:\/\/www.fica.unsl.edu.ar\/","logo":{"@type":"ImageObject","inLanguage":"es-AR","@id":"https:\/\/www.fica.unsl.edu.ar\/#\/schema\/logo\/image\/","url":"https:\/\/www.fica.unsl.edu.ar\/wp-content\/uploads\/2021\/03\/LOGO-1.jpg","contentUrl":"https:\/\/www.fica.unsl.edu.ar\/wp-content\/uploads\/2021\/03\/LOGO-1.jpg","width":463,"height":145,"caption":"Facultad de Ingenier\u00eda y Ciencias Agropecuarias"},"image":{"@id":"https:\/\/www.fica.unsl.edu.ar\/#\/schema\/logo\/image\/"},"sameAs":["https:\/\/www.facebook.com\/FICA.UNSL\/","https:\/\/x.com\/FICAUNSL","https:\/\/www.instagram.com\/fica.unsl\/","https:\/\/www.youtube.com\/channel\/UCs2MM53gb2PyBrMySdtWZDQ"]},{"@type":"Person","@id":"https:\/\/www.fica.unsl.edu.ar\/#\/schema\/person\/6058f9c66301868d3a691b1f5d6c3544","name":"DATI"}]}},"_links":{"self":[{"href":"https:\/\/www.fica.unsl.edu.ar\/index.php\/wp-json\/wp\/v2\/posts\/13607","targetHints":{"allow":["GET"]}}],"collection":[{"href":"https:\/\/www.fica.unsl.edu.ar\/index.php\/wp-json\/wp\/v2\/posts"}],"about":[{"href":"https:\/\/www.fica.unsl.edu.ar\/index.php\/wp-json\/wp\/v2\/types\/post"}],"author":[{"embeddable":true,"href":"https:\/\/www.fica.unsl.edu.ar\/index.php\/wp-json\/wp\/v2\/users\/9"}],"replies":[{"embeddable":true,"href":"https:\/\/www.fica.unsl.edu.ar\/index.php\/wp-json\/wp\/v2\/comments?post=13607"}],"version-history":[{"count":3,"href":"https:\/\/www.fica.unsl.edu.ar\/index.php\/wp-json\/wp\/v2\/posts\/13607\/revisions"}],"predecessor-version":[{"id":13611,"href":"https:\/\/www.fica.unsl.edu.ar\/index.php\/wp-json\/wp\/v2\/posts\/13607\/revisions\/13611"}],"wp:featuredmedia":[{"embeddable":true,"href":"https:\/\/www.fica.unsl.edu.ar\/index.php\/wp-json\/wp\/v2\/media\/13608"}],"wp:attachment":[{"href":"https:\/\/www.fica.unsl.edu.ar\/index.php\/wp-json\/wp\/v2\/media?parent=13607"}],"wp:term":[{"taxonomy":"category","embeddable":true,"href":"https:\/\/www.fica.unsl.edu.ar\/index.php\/wp-json\/wp\/v2\/categories?post=13607"},{"taxonomy":"post_tag","embeddable":true,"href":"https:\/\/www.fica.unsl.edu.ar\/index.php\/wp-json\/wp\/v2\/tags?post=13607"}],"curies":[{"name":"wp","href":"https:\/\/api.w.org\/{rel}","templated":true}]}}