{"id":13615,"date":"2023-06-23T11:12:16","date_gmt":"2023-06-23T14:12:16","guid":{"rendered":"http:\/\/10.101.10.196\/www\/?p=13615"},"modified":"2023-06-23T13:49:20","modified_gmt":"2023-06-23T16:49:20","slug":"juar-2023","status":"publish","type":"post","link":"https:\/\/www.fica.unsl.edu.ar\/index.php\/juar-2023\/","title":{"rendered":"La UNSL dio la bienvenida a los JUAR a j\u00f3venes deportistas cuyanos"},"content":{"rendered":"<div class=\"entry-thumb\"><strong>En la tarde del jueves 22 de junio, el predio <\/strong><em><strong>Pedro Presti<\/strong><\/em><strong>\u00a0recibi\u00f3 a m\u00e1s de mil estudiantes atletas para dar inicio a una nueva edici\u00f3n de los Juegos Universitarios Argentinos (JUAR), en la que las distintas delegaciones de la regi\u00f3n cuyo, competir\u00e1n en 17 disciplinas por conseguir el medallero.<\/strong><\/div>\n<div class=\"entry-content clearfix\">\n<p>Los JUAR iniciaron en el 2014 en la provincia de San Juan como una pol\u00edtica de incentivo al deporte universitario que fomenta la inclusi\u00f3n, la participaci\u00f3n y el desarrollo del estudiantado universitario deportista. Este a\u00f1o, la Universidad Nacional de San Luis (UNSL), con motivo de conmemorar su 50 aniversario de creaci\u00f3n, ha conseguido ser sede anfitriona.<\/p>\n<p>El acto inaugural, que se desarroll\u00f3 en el marco del D\u00eda Ol\u00edmpico que se celebra este 23 de junio, inici\u00f3 con un desfile de la totalidad de las delegaciones por la pista del centro deportivo\u00a0<em>Pedro Presti<\/em>. En este sentido se aplaudi\u00f3 a los y las participantes de las universidades nacionales de: Cuyo, San Juan, La Rioja, Villa Mercedes, Los Comechingones, Chilecito, Tecnol\u00f3gica (sede Mendoza), Mendoza, San Luis; Juan Agust\u00edn Mazza; e Institutos Superiores de Educaci\u00f3n F\u00edsica de San Juan y\u00a0<em>Jorge Coll<\/em>\u00a0de Mendoza.<\/p>\n<p><img fetchpriority=\"high\" decoding=\"async\" class=\"aligncenter size-large wp-image-12239\" src=\"https:\/\/www.fcejs.unsl.edu.ar\/wp-content\/uploads\/2023\/06\/apertura-jur-2023-01-1024x691.jpg\" alt=\"\" width=\"843\" height=\"569\" \/><\/p>\n<p>El evento continu\u00f3 con una muestra de expresi\u00f3n corporal, gimn\u00e1stica, y baile urbano. Seguidamente se pudo apreciar a trav\u00e9s de un audiovisual la representaci\u00f3n de lo que ha sido la historia de estos 50 a\u00f1os de la UNSL, mostrando el recorrido de la antorcha ol\u00edmpica por los edificios emblem\u00e1ticos de nuestra Instituci\u00f3n para hacer su ingreso presencial a la pista, portada por la estudiante Valentina F\u00fanez Gez, deportista de voleibol femenino.<\/p>\n<p>Asimismo se proyect\u00f3 un video donde estuvieron presentes cada una de las disciplinas deportivas de la Universidad Nacional de San Luis, que a lo largo de la historia han formado parte de propuestas formativas, recreativas y competitivas, y nos han situado en el marco del deporte provincial.<\/p>\n<p>El secretario de Asuntos Estudiantiles y Bienestar Universitario (Saebu), Lic. Raul Rafael Paez, expres\u00f3 ante las personas presentes su felicidad de recibirlos como sede.\u00a0<em>\u00abMuy felices de esto que hacemos todos los d\u00edas de brindar sost\u00e9n y permanencia con las actividades como el deporte, becas, salud y comedor universitario. (\u2026) Much\u00edsimas gracias y sean bienvenidos a la Universidad y a la provincia de San Luis\u00bb<\/em>, dijo.<\/p>\n<figure><img decoding=\"async\" class=\"wp-image-85282\" src=\"https:\/\/www.noticias.unsl.edu.ar\/wp-content\/uploads\/2023\/06\/230622-Acto-inaugural-JUAR-65-de-94-64-1.jpg\" sizes=\"(max-width: 1000px) 100vw, 1000px\" srcset=\"https:\/\/www.noticias.unsl.edu.ar\/wp-content\/uploads\/2023\/06\/230622-Acto-inaugural-JUAR-65-de-94-64-1.jpg 1000w, https:\/\/www.noticias.unsl.edu.ar\/wp-content\/uploads\/2023\/06\/230622-Acto-inaugural-JUAR-65-de-94-64-1-300x200.jpg 300w\" alt=\"\" data-id=\"85282\" data-link=\"https:\/\/www.noticias.unsl.edu.ar\/?attachment_id=85282\" \/><\/figure>\n<p>Por su parte, Emiliano Ojea, presidente de la Federaci\u00f3n del Deporte Universitario Argentino (FeDUA), en el marco de un a\u00f1o electoral, manifest\u00f3 el pedido de defensa de los JUAR, nacidos como una pol\u00edtica para garantizar el derecho al deporte universitario.<\/p>\n<p><em>\u00abTenemos que defender esta pol\u00edtica p\u00fablica y necesitamos el compromiso de todos y de todas. Tenemos que garantizar esa continuidad. Tenemos que pujar para que ustedes puedan tambi\u00e9n practicar deportes en la universidad y puedan estudiar y puedan proyectarse deportivamente. (\u2026) Sepan que aparte de competir en estos juegos, de divertirse, de integrarse y pasarla bien, tambi\u00e9n tienen una posibilidad de competir y de proyectarse a nivel internacional\u00bb<\/em>, expres\u00f3.<\/p>\n<p>Por otro lado, el medallista ol\u00edmpico Sebasti\u00e1n Crismanich, aconsej\u00f3 a los y las j\u00f3venes que disfruten de este momento:\u00a0<em>\u00absin dudas ser\u00e1 el m\u00e1s glorioso de todas sus vidas, porque est\u00e1n en plena edad de poder compartir y conocer. Vivan al m\u00e1ximo, disfruten, s\u00e1quenle el mayor provecho y que tengan la mejor experiencia posible ac\u00e1 en San Luis\u00bb<\/em>.<\/p>\n<p>Para dar por inaugurado formalmente el inicio de los Juegos, el rector de la UNSL, C.P.N. V\u00edctor Mori\u00f1igo dio la bienvenida y dijo que la Casa de Estudios se dispone a recibirlos de la mejor manera.\u00a0<em>\u00abOjal\u00e1 que gane el mejor y que hagan mucho esfuerzo, y hagan muchos amigos. (\u2026) Esto tambi\u00e9n es educaci\u00f3n p\u00fablica y necesitamos que nos ayuden a defenderla. (\u2026) Que gane el mejor y much\u00edsima suerte\u00bb<\/em>, concluy\u00f3.<\/p>\n<p><strong>Datos<\/strong><\/p>\n<p>Walter Merkis, secretario General de la Federaci\u00f3n Argentina del Trabajador de las Universidades Nacionales (FATUN) y presidente de la Confederaci\u00f3n de Trabajadores y Trabajadoras de las Universidades Nacionales de las Am\u00e9ricas (CONTUA), junto al Profesor Omar Fen\u00e1ndez, director del \u00e1rea de Deportes de la UNSL, entregaron una placa conmemorativa a Emiliano Ojea de la FeDUA.<\/p>\n<p>Tambi\u00e9n, el Rector de la Universidad Nacional de San Luis, entreg\u00f3 un presente a integrantes de la Asociaci\u00f3n de Participantes de la Academia Ol\u00edmpica Argentina\u00a0(APAOA), y un reconocimiento especial a Sebasti\u00e1n Crismanich.<\/p>\n<p>Luego de haber compartido el acto formal, los presentes pudieron disfrutar, cantando y bailando con la <em>SuperBand<\/em>\u00a0de la provincia de C\u00f3rdoba.<\/p>\n<p><img decoding=\"async\" class=\"aligncenter size-full wp-image-13625\" src=\"https:\/\/www.fica.unsl.edu.ar\/wp-content\/uploads\/2023\/06\/Imagen-de-WhatsApp-2023-06-23-a-las-13.25.59.jpg\" alt=\"\" width=\"1600\" height=\"1200\" srcset=\"https:\/\/www.fica.unsl.edu.ar\/wp-content\/uploads\/2023\/06\/Imagen-de-WhatsApp-2023-06-23-a-las-13.25.59.jpg 1600w, https:\/\/www.fica.unsl.edu.ar\/wp-content\/uploads\/2023\/06\/Imagen-de-WhatsApp-2023-06-23-a-las-13.25.59-300x225.jpg 300w, https:\/\/www.fica.unsl.edu.ar\/wp-content\/uploads\/2023\/06\/Imagen-de-WhatsApp-2023-06-23-a-las-13.25.59-1024x768.jpg 1024w, https:\/\/www.fica.unsl.edu.ar\/wp-content\/uploads\/2023\/06\/Imagen-de-WhatsApp-2023-06-23-a-las-13.25.59-768x576.jpg 768w, https:\/\/www.fica.unsl.edu.ar\/wp-content\/uploads\/2023\/06\/Imagen-de-WhatsApp-2023-06-23-a-las-13.25.59-1536x1152.jpg 1536w\" sizes=\"(max-width: 1600px) 100vw, 1600px\" \/><\/p>\n<\/div>\n<p>Acced\u00e9 al \u00e1lbum completo desde <a href=\"https:\/\/www.facebook.com\/noticias.unsl\/\">facebook<\/a>.<\/p>\n<p><strong>FUENTE: PRENSA RECTORADO<\/strong><\/p>\n","protected":false},"excerpt":{"rendered":"<p>En la tarde del jueves 22 de junio, el predio Pedro Presti\u00a0recibi\u00f3 a m\u00e1s de mil estudiantes atletas para dar inicio a una nueva edici\u00f3n&hellip;<\/p>\n","protected":false},"author":9,"featured_media":13616,"comment_status":"closed","ping_status":"closed","sticky":false,"template":"","format":"standard","meta":{"_monsterinsights_skip_tracking":false,"_monsterinsights_sitenote_active":false,"_monsterinsights_sitenote_note":"","_monsterinsights_sitenote_category":0,"_joinchat":[],"footnotes":""},"categories":[19],"tags":[],"class_list":["post-13615","post","type-post","status-publish","format-standard","has-post-thumbnail","hentry","category-noticias"],"yoast_head":"<!-- This site is optimized with the Yoast SEO plugin v27.4 - https:\/\/yoast.com\/product\/yoast-seo-wordpress\/ -->\n<title>La UNSL dio la bienvenida a los JUAR a j\u00f3venes deportistas cuyanos - Facultad de Ingenier\u00eda y Ciencias Agropecuarias<\/title>\n<meta name=\"robots\" content=\"index, follow, max-snippet:-1, max-image-preview:large, max-video-preview:-1\" \/>\n<link rel=\"canonical\" href=\"https:\/\/www.fica.unsl.edu.ar\/index.php\/juar-2023\/\" \/>\n<meta property=\"og:locale\" content=\"es_ES\" \/>\n<meta property=\"og:type\" content=\"article\" \/>\n<meta property=\"og:title\" content=\"La UNSL dio la bienvenida a los JUAR a j\u00f3venes deportistas cuyanos - Facultad de Ingenier\u00eda y Ciencias Agropecuarias\" \/>\n<meta property=\"og:description\" content=\"En la tarde del jueves 22 de junio, el predio Pedro Presti\u00a0recibi\u00f3 a m\u00e1s de mil estudiantes atletas para dar inicio a una nueva edici\u00f3n&hellip;\" \/>\n<meta property=\"og:url\" content=\"https:\/\/www.fica.unsl.edu.ar\/index.php\/juar-2023\/\" \/>\n<meta property=\"og:site_name\" content=\"Facultad de Ingenier\u00eda y Ciencias Agropecuarias\" \/>\n<meta property=\"article:publisher\" content=\"https:\/\/www.facebook.com\/FICA.UNSL\/\" \/>\n<meta property=\"article:published_time\" content=\"2023-06-23T14:12:16+00:00\" \/>\n<meta property=\"article:modified_time\" content=\"2023-06-23T16:49:20+00:00\" \/>\n<meta property=\"og:image\" content=\"https:\/\/www.fica.unsl.edu.ar\/wp-content\/uploads\/2023\/06\/apertura-jur-2023-front.jpg\" \/>\n\t<meta property=\"og:image:width\" content=\"1152\" \/>\n\t<meta property=\"og:image:height\" content=\"647\" \/>\n\t<meta property=\"og:image:type\" content=\"image\/jpeg\" \/>\n<meta name=\"author\" content=\"DATI\" \/>\n<meta name=\"twitter:card\" content=\"summary_large_image\" \/>\n<meta name=\"twitter:creator\" content=\"@FICAUNSL\" \/>\n<meta name=\"twitter:site\" content=\"@FICAUNSL\" \/>\n<meta name=\"twitter:label1\" content=\"Escrito por\" \/>\n\t<meta name=\"twitter:data1\" content=\"DATI\" \/>\n\t<meta name=\"twitter:label2\" content=\"Tiempo de lectura\" \/>\n\t<meta name=\"twitter:data2\" content=\"4 minutos\" \/>\n<script type=\"application\/ld+json\" class=\"yoast-schema-graph\">{\"@context\":\"https:\\\/\\\/schema.org\",\"@graph\":[{\"@type\":\"Article\",\"@id\":\"https:\\\/\\\/www.fica.unsl.edu.ar\\\/index.php\\\/juar-2023\\\/#article\",\"isPartOf\":{\"@id\":\"https:\\\/\\\/www.fica.unsl.edu.ar\\\/index.php\\\/juar-2023\\\/\"},\"author\":{\"name\":\"DATI\",\"@id\":\"https:\\\/\\\/www.fica.unsl.edu.ar\\\/#\\\/schema\\\/person\\\/6058f9c66301868d3a691b1f5d6c3544\"},\"headline\":\"La UNSL dio la bienvenida a los JUAR a j\u00f3venes deportistas cuyanos\",\"datePublished\":\"2023-06-23T14:12:16+00:00\",\"dateModified\":\"2023-06-23T16:49:20+00:00\",\"mainEntityOfPage\":{\"@id\":\"https:\\\/\\\/www.fica.unsl.edu.ar\\\/index.php\\\/juar-2023\\\/\"},\"wordCount\":795,\"publisher\":{\"@id\":\"https:\\\/\\\/www.fica.unsl.edu.ar\\\/#organization\"},\"image\":{\"@id\":\"https:\\\/\\\/www.fica.unsl.edu.ar\\\/index.php\\\/juar-2023\\\/#primaryimage\"},\"thumbnailUrl\":\"https:\\\/\\\/www.fica.unsl.edu.ar\\\/wp-content\\\/uploads\\\/2023\\\/06\\\/apertura-jur-2023-front.jpg\",\"articleSection\":[\"Noticias\"],\"inLanguage\":\"es-AR\"},{\"@type\":\"WebPage\",\"@id\":\"https:\\\/\\\/www.fica.unsl.edu.ar\\\/index.php\\\/juar-2023\\\/\",\"url\":\"https:\\\/\\\/www.fica.unsl.edu.ar\\\/index.php\\\/juar-2023\\\/\",\"name\":\"La UNSL dio la bienvenida a los JUAR a j\u00f3venes deportistas cuyanos - Facultad de Ingenier\u00eda y Ciencias Agropecuarias\",\"isPartOf\":{\"@id\":\"https:\\\/\\\/www.fica.unsl.edu.ar\\\/#website\"},\"primaryImageOfPage\":{\"@id\":\"https:\\\/\\\/www.fica.unsl.edu.ar\\\/index.php\\\/juar-2023\\\/#primaryimage\"},\"image\":{\"@id\":\"https:\\\/\\\/www.fica.unsl.edu.ar\\\/index.php\\\/juar-2023\\\/#primaryimage\"},\"thumbnailUrl\":\"https:\\\/\\\/www.fica.unsl.edu.ar\\\/wp-content\\\/uploads\\\/2023\\\/06\\\/apertura-jur-2023-front.jpg\",\"datePublished\":\"2023-06-23T14:12:16+00:00\",\"dateModified\":\"2023-06-23T16:49:20+00:00\",\"inLanguage\":\"es-AR\",\"potentialAction\":[{\"@type\":\"ReadAction\",\"target\":[\"https:\\\/\\\/www.fica.unsl.edu.ar\\\/index.php\\\/juar-2023\\\/\"]}]},{\"@type\":\"ImageObject\",\"inLanguage\":\"es-AR\",\"@id\":\"https:\\\/\\\/www.fica.unsl.edu.ar\\\/index.php\\\/juar-2023\\\/#primaryimage\",\"url\":\"https:\\\/\\\/www.fica.unsl.edu.ar\\\/wp-content\\\/uploads\\\/2023\\\/06\\\/apertura-jur-2023-front.jpg\",\"contentUrl\":\"https:\\\/\\\/www.fica.unsl.edu.ar\\\/wp-content\\\/uploads\\\/2023\\\/06\\\/apertura-jur-2023-front.jpg\",\"width\":1152,\"height\":647},{\"@type\":\"WebSite\",\"@id\":\"https:\\\/\\\/www.fica.unsl.edu.ar\\\/#website\",\"url\":\"https:\\\/\\\/www.fica.unsl.edu.ar\\\/\",\"name\":\"Facultad de Ingenier\u00eda y Ciencias Agropecuarias\",\"description\":\"\",\"publisher\":{\"@id\":\"https:\\\/\\\/www.fica.unsl.edu.ar\\\/#organization\"},\"potentialAction\":[{\"@type\":\"SearchAction\",\"target\":{\"@type\":\"EntryPoint\",\"urlTemplate\":\"https:\\\/\\\/www.fica.unsl.edu.ar\\\/?s={search_term_string}\"},\"query-input\":{\"@type\":\"PropertyValueSpecification\",\"valueRequired\":true,\"valueName\":\"search_term_string\"}}],\"inLanguage\":\"es-AR\"},{\"@type\":\"Organization\",\"@id\":\"https:\\\/\\\/www.fica.unsl.edu.ar\\\/#organization\",\"name\":\"Facultad de Ingenier\u00eda y Ciencias Agropecuarias\",\"url\":\"https:\\\/\\\/www.fica.unsl.edu.ar\\\/\",\"logo\":{\"@type\":\"ImageObject\",\"inLanguage\":\"es-AR\",\"@id\":\"https:\\\/\\\/www.fica.unsl.edu.ar\\\/#\\\/schema\\\/logo\\\/image\\\/\",\"url\":\"https:\\\/\\\/www.fica.unsl.edu.ar\\\/wp-content\\\/uploads\\\/2021\\\/03\\\/LOGO-1.jpg\",\"contentUrl\":\"https:\\\/\\\/www.fica.unsl.edu.ar\\\/wp-content\\\/uploads\\\/2021\\\/03\\\/LOGO-1.jpg\",\"width\":463,\"height\":145,\"caption\":\"Facultad de Ingenier\u00eda y Ciencias Agropecuarias\"},\"image\":{\"@id\":\"https:\\\/\\\/www.fica.unsl.edu.ar\\\/#\\\/schema\\\/logo\\\/image\\\/\"},\"sameAs\":[\"https:\\\/\\\/www.facebook.com\\\/FICA.UNSL\\\/\",\"https:\\\/\\\/x.com\\\/FICAUNSL\",\"https:\\\/\\\/www.instagram.com\\\/fica.unsl\\\/\",\"https:\\\/\\\/www.youtube.com\\\/channel\\\/UCs2MM53gb2PyBrMySdtWZDQ\"]},{\"@type\":\"Person\",\"@id\":\"https:\\\/\\\/www.fica.unsl.edu.ar\\\/#\\\/schema\\\/person\\\/6058f9c66301868d3a691b1f5d6c3544\",\"name\":\"DATI\"}]}<\/script>\n<!-- \/ Yoast SEO plugin. -->","yoast_head_json":{"title":"La UNSL dio la bienvenida a los JUAR a j\u00f3venes deportistas cuyanos - Facultad de Ingenier\u00eda y Ciencias Agropecuarias","robots":{"index":"index","follow":"follow","max-snippet":"max-snippet:-1","max-image-preview":"max-image-preview:large","max-video-preview":"max-video-preview:-1"},"canonical":"https:\/\/www.fica.unsl.edu.ar\/index.php\/juar-2023\/","og_locale":"es_ES","og_type":"article","og_title":"La UNSL dio la bienvenida a los JUAR a j\u00f3venes deportistas cuyanos - Facultad de Ingenier\u00eda y Ciencias Agropecuarias","og_description":"En la tarde del jueves 22 de junio, el predio Pedro Presti\u00a0recibi\u00f3 a m\u00e1s de mil estudiantes atletas para dar inicio a una nueva edici\u00f3n&hellip;","og_url":"https:\/\/www.fica.unsl.edu.ar\/index.php\/juar-2023\/","og_site_name":"Facultad de Ingenier\u00eda y Ciencias Agropecuarias","article_publisher":"https:\/\/www.facebook.com\/FICA.UNSL\/","article_published_time":"2023-06-23T14:12:16+00:00","article_modified_time":"2023-06-23T16:49:20+00:00","og_image":[{"width":1152,"height":647,"url":"https:\/\/www.fica.unsl.edu.ar\/wp-content\/uploads\/2023\/06\/apertura-jur-2023-front.jpg","type":"image\/jpeg"}],"author":"DATI","twitter_card":"summary_large_image","twitter_creator":"@FICAUNSL","twitter_site":"@FICAUNSL","twitter_misc":{"Escrito por":"DATI","Tiempo de lectura":"4 minutos"},"schema":{"@context":"https:\/\/schema.org","@graph":[{"@type":"Article","@id":"https:\/\/www.fica.unsl.edu.ar\/index.php\/juar-2023\/#article","isPartOf":{"@id":"https:\/\/www.fica.unsl.edu.ar\/index.php\/juar-2023\/"},"author":{"name":"DATI","@id":"https:\/\/www.fica.unsl.edu.ar\/#\/schema\/person\/6058f9c66301868d3a691b1f5d6c3544"},"headline":"La UNSL dio la bienvenida a los JUAR a j\u00f3venes deportistas cuyanos","datePublished":"2023-06-23T14:12:16+00:00","dateModified":"2023-06-23T16:49:20+00:00","mainEntityOfPage":{"@id":"https:\/\/www.fica.unsl.edu.ar\/index.php\/juar-2023\/"},"wordCount":795,"publisher":{"@id":"https:\/\/www.fica.unsl.edu.ar\/#organization"},"image":{"@id":"https:\/\/www.fica.unsl.edu.ar\/index.php\/juar-2023\/#primaryimage"},"thumbnailUrl":"https:\/\/www.fica.unsl.edu.ar\/wp-content\/uploads\/2023\/06\/apertura-jur-2023-front.jpg","articleSection":["Noticias"],"inLanguage":"es-AR"},{"@type":"WebPage","@id":"https:\/\/www.fica.unsl.edu.ar\/index.php\/juar-2023\/","url":"https:\/\/www.fica.unsl.edu.ar\/index.php\/juar-2023\/","name":"La UNSL dio la bienvenida a los JUAR a j\u00f3venes deportistas cuyanos - Facultad de Ingenier\u00eda y Ciencias Agropecuarias","isPartOf":{"@id":"https:\/\/www.fica.unsl.edu.ar\/#website"},"primaryImageOfPage":{"@id":"https:\/\/www.fica.unsl.edu.ar\/index.php\/juar-2023\/#primaryimage"},"image":{"@id":"https:\/\/www.fica.unsl.edu.ar\/index.php\/juar-2023\/#primaryimage"},"thumbnailUrl":"https:\/\/www.fica.unsl.edu.ar\/wp-content\/uploads\/2023\/06\/apertura-jur-2023-front.jpg","datePublished":"2023-06-23T14:12:16+00:00","dateModified":"2023-06-23T16:49:20+00:00","inLanguage":"es-AR","potentialAction":[{"@type":"ReadAction","target":["https:\/\/www.fica.unsl.edu.ar\/index.php\/juar-2023\/"]}]},{"@type":"ImageObject","inLanguage":"es-AR","@id":"https:\/\/www.fica.unsl.edu.ar\/index.php\/juar-2023\/#primaryimage","url":"https:\/\/www.fica.unsl.edu.ar\/wp-content\/uploads\/2023\/06\/apertura-jur-2023-front.jpg","contentUrl":"https:\/\/www.fica.unsl.edu.ar\/wp-content\/uploads\/2023\/06\/apertura-jur-2023-front.jpg","width":1152,"height":647},{"@type":"WebSite","@id":"https:\/\/www.fica.unsl.edu.ar\/#website","url":"https:\/\/www.fica.unsl.edu.ar\/","name":"Facultad de Ingenier\u00eda y Ciencias Agropecuarias","description":"","publisher":{"@id":"https:\/\/www.fica.unsl.edu.ar\/#organization"},"potentialAction":[{"@type":"SearchAction","target":{"@type":"EntryPoint","urlTemplate":"https:\/\/www.fica.unsl.edu.ar\/?s={search_term_string}"},"query-input":{"@type":"PropertyValueSpecification","valueRequired":true,"valueName":"search_term_string"}}],"inLanguage":"es-AR"},{"@type":"Organization","@id":"https:\/\/www.fica.unsl.edu.ar\/#organization","name":"Facultad de Ingenier\u00eda y Ciencias Agropecuarias","url":"https:\/\/www.fica.unsl.edu.ar\/","logo":{"@type":"ImageObject","inLanguage":"es-AR","@id":"https:\/\/www.fica.unsl.edu.ar\/#\/schema\/logo\/image\/","url":"https:\/\/www.fica.unsl.edu.ar\/wp-content\/uploads\/2021\/03\/LOGO-1.jpg","contentUrl":"https:\/\/www.fica.unsl.edu.ar\/wp-content\/uploads\/2021\/03\/LOGO-1.jpg","width":463,"height":145,"caption":"Facultad de Ingenier\u00eda y Ciencias Agropecuarias"},"image":{"@id":"https:\/\/www.fica.unsl.edu.ar\/#\/schema\/logo\/image\/"},"sameAs":["https:\/\/www.facebook.com\/FICA.UNSL\/","https:\/\/x.com\/FICAUNSL","https:\/\/www.instagram.com\/fica.unsl\/","https:\/\/www.youtube.com\/channel\/UCs2MM53gb2PyBrMySdtWZDQ"]},{"@type":"Person","@id":"https:\/\/www.fica.unsl.edu.ar\/#\/schema\/person\/6058f9c66301868d3a691b1f5d6c3544","name":"DATI"}]}},"_links":{"self":[{"href":"https:\/\/www.fica.unsl.edu.ar\/index.php\/wp-json\/wp\/v2\/posts\/13615","targetHints":{"allow":["GET"]}}],"collection":[{"href":"https:\/\/www.fica.unsl.edu.ar\/index.php\/wp-json\/wp\/v2\/posts"}],"about":[{"href":"https:\/\/www.fica.unsl.edu.ar\/index.php\/wp-json\/wp\/v2\/types\/post"}],"author":[{"embeddable":true,"href":"https:\/\/www.fica.unsl.edu.ar\/index.php\/wp-json\/wp\/v2\/users\/9"}],"replies":[{"embeddable":true,"href":"https:\/\/www.fica.unsl.edu.ar\/index.php\/wp-json\/wp\/v2\/comments?post=13615"}],"version-history":[{"count":2,"href":"https:\/\/www.fica.unsl.edu.ar\/index.php\/wp-json\/wp\/v2\/posts\/13615\/revisions"}],"predecessor-version":[{"id":13626,"href":"https:\/\/www.fica.unsl.edu.ar\/index.php\/wp-json\/wp\/v2\/posts\/13615\/revisions\/13626"}],"wp:featuredmedia":[{"embeddable":true,"href":"https:\/\/www.fica.unsl.edu.ar\/index.php\/wp-json\/wp\/v2\/media\/13616"}],"wp:attachment":[{"href":"https:\/\/www.fica.unsl.edu.ar\/index.php\/wp-json\/wp\/v2\/media?parent=13615"}],"wp:term":[{"taxonomy":"category","embeddable":true,"href":"https:\/\/www.fica.unsl.edu.ar\/index.php\/wp-json\/wp\/v2\/categories?post=13615"},{"taxonomy":"post_tag","embeddable":true,"href":"https:\/\/www.fica.unsl.edu.ar\/index.php\/wp-json\/wp\/v2\/tags?post=13615"}],"curies":[{"name":"wp","href":"https:\/\/api.w.org\/{rel}","templated":true}]}}