{"id":13792,"date":"2023-07-04T11:11:35","date_gmt":"2023-07-04T14:11:35","guid":{"rendered":"http:\/\/10.101.10.196\/www\/?p=13792"},"modified":"2023-07-24T09:56:41","modified_gmt":"2023-07-24T12:56:41","slug":"audeas-2023-fica","status":"publish","type":"post","link":"https:\/\/www.fica.unsl.edu.ar\/index.php\/audeas-2023-fica\/","title":{"rendered":"La FICA presente en la 2\u00aa Reuni\u00f3n Anual de la AUDEAS"},"content":{"rendered":"<p>El decano de la FICA, Mgtr. Sergio Ribotta form\u00f3 parte de la 2\u00aa Reuni\u00f3n Anual de la Asociaci\u00f3n Universitaria de Educaci\u00f3n Agropecuaria Superior (AUDEAS). Este encuentro se llev\u00f3 a cabo del 29 y 30 de junio, en la sede Zanj\u00f3n de la Facultad de Agronom\u00eda y Agroindustrias de la Universidad Nacional de Santiago del Estero.<\/p>\n<p>En el nuevo encuentro participaron decanos\/as, secretarios acad\u00e9micos\/as y directores de carrera de las treinta y cuatro (34) Unidades Acad\u00e9micas que integran el consorcio. El acto de apertura que se llev\u00f3 a cabo en el auditorio de la biblioteca, cont\u00f3 con la presencia del rector de la UNSE, Ing. H\u00e9ctor Paz; la vicerrectora de la UNSE, Lic. Marcela Ju\u00e1rez; el decano de la Facultad de Ciencias Forestales del UNSE, Dr. Juan Carlos Medina; el director de la Estaci\u00f3n Experimental Sgo. del Estero del INTA y vicepresidente del Consejo Profesional de Ingenier\u00eda y Afines, Ing. Mario Mondino; la presidente del Colegio de Ingenier\u00eda Agron\u00f3mica de Sgo. del Estero, Ing. Leyla Ledesma Har\u00f3n; el presidente del Colegio de Graduados de Ingenier\u00eda Forestal, Ing. Roberto Slawycz; el presidente de la Asociaci\u00f3n Panamericana de Ingenieros Agr\u00f3nomos, Ing. Octavio P\u00e9rez Pardo; y el director de la Escuela de Agricultura, Ganader\u00eda y Granja, Ing. Manuel S\u00e1ndez.<img fetchpriority=\"high\" decoding=\"async\" class=\"aligncenter size-full wp-image-13793\" src=\"https:\/\/www.fica.unsl.edu.ar\/wp-content\/uploads\/2023\/07\/2a-Reunion-AUDEAS-02.jpg\" alt=\"\" width=\"1061\" height=\"585\" srcset=\"https:\/\/www.fica.unsl.edu.ar\/wp-content\/uploads\/2023\/07\/2a-Reunion-AUDEAS-02.jpg 1061w, https:\/\/www.fica.unsl.edu.ar\/wp-content\/uploads\/2023\/07\/2a-Reunion-AUDEAS-02-300x165.jpg 300w, https:\/\/www.fica.unsl.edu.ar\/wp-content\/uploads\/2023\/07\/2a-Reunion-AUDEAS-02-1024x565.jpg 1024w, https:\/\/www.fica.unsl.edu.ar\/wp-content\/uploads\/2023\/07\/2a-Reunion-AUDEAS-02-768x423.jpg 768w\" sizes=\"(max-width: 1061px) 100vw, 1061px\" \/><\/p>\n<p>En estas jornadas de trabajo se abordaron m\u00faltiples temas de inter\u00e9s para las UUAA, tal como viene sucediendo desde reuniones anteriores, el eje central estuvo enfocado en las reestructuraciones, modificaciones y redacci\u00f3n de nuevos Planes de Estudio y los procesos de Acreditaci\u00f3n de las carreras. En este sentido, es que fueron invitados los presidentes de<br \/>\nlos colegios profesionales de ingenier\u00eda agron\u00f3mica y forestal y de APIA, porque forman parte activa de los procesos de cambios en los planes de estudio ya que acercan la mirada de nuestros graduados en el ejercicio de la profesi\u00f3n.<\/p>\n<p>La Asociaci\u00f3n Universitaria de Educaci\u00f3n Agropecuaria Superior es una entidad que agrupa a las instituciones Universitarias p\u00fablicas nacionales de Argentina. Entre otros, sus fines son los de promover la colaboraci\u00f3n de las instituciones afiliadas; coordinar la planificaci\u00f3n y desarrollo de la ense\u00f1anza agropecuaria y forestal superior; asesorar en problemas de<br \/>\npol\u00edtica educativa; actualizaci\u00f3n de los planes de estudio; organizaci\u00f3n de los servicios estudiantiles; promover el establecimiento de acuerdos, normas, reglamentaciones o legislaci\u00f3n para el reconocimiento de estudios y t\u00edtulos; promover la ense\u00f1anza para graduados de ciencias agropecuarias y forestales; entre otros aspectos inherentes a las<br \/>\ninstituciones parte.<\/p>\n<p><img decoding=\"async\" class=\"aligncenter size-full wp-image-13794\" src=\"https:\/\/www.fica.unsl.edu.ar\/wp-content\/uploads\/2023\/07\/2a-Reunion-AUDEAS-03.jpg\" alt=\"\" width=\"1061\" height=\"585\" srcset=\"https:\/\/www.fica.unsl.edu.ar\/wp-content\/uploads\/2023\/07\/2a-Reunion-AUDEAS-03.jpg 1061w, https:\/\/www.fica.unsl.edu.ar\/wp-content\/uploads\/2023\/07\/2a-Reunion-AUDEAS-03-300x165.jpg 300w, https:\/\/www.fica.unsl.edu.ar\/wp-content\/uploads\/2023\/07\/2a-Reunion-AUDEAS-03-1024x565.jpg 1024w, https:\/\/www.fica.unsl.edu.ar\/wp-content\/uploads\/2023\/07\/2a-Reunion-AUDEAS-03-768x423.jpg 768w\" sizes=\"(max-width: 1061px) 100vw, 1061px\" \/><\/p>\n","protected":false},"excerpt":{"rendered":"<p>El decano de la FICA, Mgtr. Sergio Ribotta form\u00f3 parte de la 2\u00aa Reuni\u00f3n Anual de la Asociaci\u00f3n Universitaria de Educaci\u00f3n Agropecuaria Superior (AUDEAS). Este&hellip;<\/p>\n","protected":false},"author":9,"featured_media":13795,"comment_status":"closed","ping_status":"closed","sticky":false,"template":"","format":"standard","meta":{"_monsterinsights_skip_tracking":false,"_monsterinsights_sitenote_active":false,"_monsterinsights_sitenote_note":"","_monsterinsights_sitenote_category":0,"_joinchat":[],"footnotes":""},"categories":[19],"tags":[],"class_list":["post-13792","post","type-post","status-publish","format-standard","has-post-thumbnail","hentry","category-noticias"],"yoast_head":"<!-- This site is optimized with the Yoast SEO plugin v27.4 - https:\/\/yoast.com\/product\/yoast-seo-wordpress\/ -->\n<title>La FICA presente en la 2\u00aa Reuni\u00f3n Anual de la AUDEAS - Facultad de Ingenier\u00eda y Ciencias Agropecuarias<\/title>\n<meta name=\"robots\" content=\"index, follow, max-snippet:-1, max-image-preview:large, max-video-preview:-1\" \/>\n<link rel=\"canonical\" href=\"https:\/\/www.fica.unsl.edu.ar\/index.php\/audeas-2023-fica\/\" \/>\n<meta property=\"og:locale\" content=\"es_ES\" \/>\n<meta property=\"og:type\" content=\"article\" \/>\n<meta property=\"og:title\" content=\"La FICA presente en la 2\u00aa Reuni\u00f3n Anual de la AUDEAS - Facultad de Ingenier\u00eda y Ciencias Agropecuarias\" \/>\n<meta property=\"og:description\" content=\"El decano de la FICA, Mgtr. Sergio Ribotta form\u00f3 parte de la 2\u00aa Reuni\u00f3n Anual de la Asociaci\u00f3n Universitaria de Educaci\u00f3n Agropecuaria Superior (AUDEAS). Este&hellip;\" \/>\n<meta property=\"og:url\" content=\"https:\/\/www.fica.unsl.edu.ar\/index.php\/audeas-2023-fica\/\" \/>\n<meta property=\"og:site_name\" content=\"Facultad de Ingenier\u00eda y Ciencias Agropecuarias\" \/>\n<meta property=\"article:publisher\" content=\"https:\/\/www.facebook.com\/FICA.UNSL\/\" \/>\n<meta property=\"article:published_time\" content=\"2023-07-04T14:11:35+00:00\" \/>\n<meta property=\"article:modified_time\" content=\"2023-07-24T12:56:41+00:00\" \/>\n<meta property=\"og:image\" content=\"https:\/\/www.fica.unsl.edu.ar\/wp-content\/uploads\/2023\/07\/2a-Reunion-AUDEAS-front.jpg\" \/>\n\t<meta property=\"og:image:width\" content=\"1061\" \/>\n\t<meta property=\"og:image:height\" content=\"585\" \/>\n\t<meta property=\"og:image:type\" content=\"image\/jpeg\" \/>\n<meta name=\"author\" content=\"DATI\" \/>\n<meta name=\"twitter:card\" content=\"summary_large_image\" \/>\n<meta name=\"twitter:creator\" content=\"@FICAUNSL\" \/>\n<meta name=\"twitter:site\" content=\"@FICAUNSL\" \/>\n<meta name=\"twitter:label1\" content=\"Escrito por\" \/>\n\t<meta name=\"twitter:data1\" content=\"DATI\" \/>\n\t<meta name=\"twitter:label2\" content=\"Tiempo de lectura\" \/>\n\t<meta name=\"twitter:data2\" content=\"3 minutos\" \/>\n<script type=\"application\/ld+json\" class=\"yoast-schema-graph\">{\"@context\":\"https:\\\/\\\/schema.org\",\"@graph\":[{\"@type\":\"Article\",\"@id\":\"https:\\\/\\\/www.fica.unsl.edu.ar\\\/index.php\\\/audeas-2023-fica\\\/#article\",\"isPartOf\":{\"@id\":\"https:\\\/\\\/www.fica.unsl.edu.ar\\\/index.php\\\/audeas-2023-fica\\\/\"},\"author\":{\"name\":\"DATI\",\"@id\":\"https:\\\/\\\/www.fica.unsl.edu.ar\\\/#\\\/schema\\\/person\\\/6058f9c66301868d3a691b1f5d6c3544\"},\"headline\":\"La FICA presente en la 2\u00aa Reuni\u00f3n Anual de la AUDEAS\",\"datePublished\":\"2023-07-04T14:11:35+00:00\",\"dateModified\":\"2023-07-24T12:56:41+00:00\",\"mainEntityOfPage\":{\"@id\":\"https:\\\/\\\/www.fica.unsl.edu.ar\\\/index.php\\\/audeas-2023-fica\\\/\"},\"wordCount\":444,\"publisher\":{\"@id\":\"https:\\\/\\\/www.fica.unsl.edu.ar\\\/#organization\"},\"image\":{\"@id\":\"https:\\\/\\\/www.fica.unsl.edu.ar\\\/index.php\\\/audeas-2023-fica\\\/#primaryimage\"},\"thumbnailUrl\":\"https:\\\/\\\/www.fica.unsl.edu.ar\\\/wp-content\\\/uploads\\\/2023\\\/07\\\/2a-Reunion-AUDEAS-front.jpg\",\"articleSection\":[\"Noticias\"],\"inLanguage\":\"es-AR\"},{\"@type\":\"WebPage\",\"@id\":\"https:\\\/\\\/www.fica.unsl.edu.ar\\\/index.php\\\/audeas-2023-fica\\\/\",\"url\":\"https:\\\/\\\/www.fica.unsl.edu.ar\\\/index.php\\\/audeas-2023-fica\\\/\",\"name\":\"La FICA presente en la 2\u00aa Reuni\u00f3n Anual de la AUDEAS - Facultad de Ingenier\u00eda y Ciencias Agropecuarias\",\"isPartOf\":{\"@id\":\"https:\\\/\\\/www.fica.unsl.edu.ar\\\/#website\"},\"primaryImageOfPage\":{\"@id\":\"https:\\\/\\\/www.fica.unsl.edu.ar\\\/index.php\\\/audeas-2023-fica\\\/#primaryimage\"},\"image\":{\"@id\":\"https:\\\/\\\/www.fica.unsl.edu.ar\\\/index.php\\\/audeas-2023-fica\\\/#primaryimage\"},\"thumbnailUrl\":\"https:\\\/\\\/www.fica.unsl.edu.ar\\\/wp-content\\\/uploads\\\/2023\\\/07\\\/2a-Reunion-AUDEAS-front.jpg\",\"datePublished\":\"2023-07-04T14:11:35+00:00\",\"dateModified\":\"2023-07-24T12:56:41+00:00\",\"inLanguage\":\"es-AR\",\"potentialAction\":[{\"@type\":\"ReadAction\",\"target\":[\"https:\\\/\\\/www.fica.unsl.edu.ar\\\/index.php\\\/audeas-2023-fica\\\/\"]}]},{\"@type\":\"ImageObject\",\"inLanguage\":\"es-AR\",\"@id\":\"https:\\\/\\\/www.fica.unsl.edu.ar\\\/index.php\\\/audeas-2023-fica\\\/#primaryimage\",\"url\":\"https:\\\/\\\/www.fica.unsl.edu.ar\\\/wp-content\\\/uploads\\\/2023\\\/07\\\/2a-Reunion-AUDEAS-front.jpg\",\"contentUrl\":\"https:\\\/\\\/www.fica.unsl.edu.ar\\\/wp-content\\\/uploads\\\/2023\\\/07\\\/2a-Reunion-AUDEAS-front.jpg\",\"width\":1061,\"height\":585},{\"@type\":\"WebSite\",\"@id\":\"https:\\\/\\\/www.fica.unsl.edu.ar\\\/#website\",\"url\":\"https:\\\/\\\/www.fica.unsl.edu.ar\\\/\",\"name\":\"Facultad de Ingenier\u00eda y Ciencias Agropecuarias\",\"description\":\"\",\"publisher\":{\"@id\":\"https:\\\/\\\/www.fica.unsl.edu.ar\\\/#organization\"},\"potentialAction\":[{\"@type\":\"SearchAction\",\"target\":{\"@type\":\"EntryPoint\",\"urlTemplate\":\"https:\\\/\\\/www.fica.unsl.edu.ar\\\/?s={search_term_string}\"},\"query-input\":{\"@type\":\"PropertyValueSpecification\",\"valueRequired\":true,\"valueName\":\"search_term_string\"}}],\"inLanguage\":\"es-AR\"},{\"@type\":\"Organization\",\"@id\":\"https:\\\/\\\/www.fica.unsl.edu.ar\\\/#organization\",\"name\":\"Facultad de Ingenier\u00eda y Ciencias Agropecuarias\",\"url\":\"https:\\\/\\\/www.fica.unsl.edu.ar\\\/\",\"logo\":{\"@type\":\"ImageObject\",\"inLanguage\":\"es-AR\",\"@id\":\"https:\\\/\\\/www.fica.unsl.edu.ar\\\/#\\\/schema\\\/logo\\\/image\\\/\",\"url\":\"https:\\\/\\\/www.fica.unsl.edu.ar\\\/wp-content\\\/uploads\\\/2021\\\/03\\\/LOGO-1.jpg\",\"contentUrl\":\"https:\\\/\\\/www.fica.unsl.edu.ar\\\/wp-content\\\/uploads\\\/2021\\\/03\\\/LOGO-1.jpg\",\"width\":463,\"height\":145,\"caption\":\"Facultad de Ingenier\u00eda y Ciencias Agropecuarias\"},\"image\":{\"@id\":\"https:\\\/\\\/www.fica.unsl.edu.ar\\\/#\\\/schema\\\/logo\\\/image\\\/\"},\"sameAs\":[\"https:\\\/\\\/www.facebook.com\\\/FICA.UNSL\\\/\",\"https:\\\/\\\/x.com\\\/FICAUNSL\",\"https:\\\/\\\/www.instagram.com\\\/fica.unsl\\\/\",\"https:\\\/\\\/www.youtube.com\\\/channel\\\/UCs2MM53gb2PyBrMySdtWZDQ\"]},{\"@type\":\"Person\",\"@id\":\"https:\\\/\\\/www.fica.unsl.edu.ar\\\/#\\\/schema\\\/person\\\/6058f9c66301868d3a691b1f5d6c3544\",\"name\":\"DATI\"}]}<\/script>\n<!-- \/ Yoast SEO plugin. -->","yoast_head_json":{"title":"La FICA presente en la 2\u00aa Reuni\u00f3n Anual de la AUDEAS - Facultad de Ingenier\u00eda y Ciencias Agropecuarias","robots":{"index":"index","follow":"follow","max-snippet":"max-snippet:-1","max-image-preview":"max-image-preview:large","max-video-preview":"max-video-preview:-1"},"canonical":"https:\/\/www.fica.unsl.edu.ar\/index.php\/audeas-2023-fica\/","og_locale":"es_ES","og_type":"article","og_title":"La FICA presente en la 2\u00aa Reuni\u00f3n Anual de la AUDEAS - Facultad de Ingenier\u00eda y Ciencias Agropecuarias","og_description":"El decano de la FICA, Mgtr. Sergio Ribotta form\u00f3 parte de la 2\u00aa Reuni\u00f3n Anual de la Asociaci\u00f3n Universitaria de Educaci\u00f3n Agropecuaria Superior (AUDEAS). Este&hellip;","og_url":"https:\/\/www.fica.unsl.edu.ar\/index.php\/audeas-2023-fica\/","og_site_name":"Facultad de Ingenier\u00eda y Ciencias Agropecuarias","article_publisher":"https:\/\/www.facebook.com\/FICA.UNSL\/","article_published_time":"2023-07-04T14:11:35+00:00","article_modified_time":"2023-07-24T12:56:41+00:00","og_image":[{"width":1061,"height":585,"url":"https:\/\/www.fica.unsl.edu.ar\/wp-content\/uploads\/2023\/07\/2a-Reunion-AUDEAS-front.jpg","type":"image\/jpeg"}],"author":"DATI","twitter_card":"summary_large_image","twitter_creator":"@FICAUNSL","twitter_site":"@FICAUNSL","twitter_misc":{"Escrito por":"DATI","Tiempo de lectura":"3 minutos"},"schema":{"@context":"https:\/\/schema.org","@graph":[{"@type":"Article","@id":"https:\/\/www.fica.unsl.edu.ar\/index.php\/audeas-2023-fica\/#article","isPartOf":{"@id":"https:\/\/www.fica.unsl.edu.ar\/index.php\/audeas-2023-fica\/"},"author":{"name":"DATI","@id":"https:\/\/www.fica.unsl.edu.ar\/#\/schema\/person\/6058f9c66301868d3a691b1f5d6c3544"},"headline":"La FICA presente en la 2\u00aa Reuni\u00f3n Anual de la AUDEAS","datePublished":"2023-07-04T14:11:35+00:00","dateModified":"2023-07-24T12:56:41+00:00","mainEntityOfPage":{"@id":"https:\/\/www.fica.unsl.edu.ar\/index.php\/audeas-2023-fica\/"},"wordCount":444,"publisher":{"@id":"https:\/\/www.fica.unsl.edu.ar\/#organization"},"image":{"@id":"https:\/\/www.fica.unsl.edu.ar\/index.php\/audeas-2023-fica\/#primaryimage"},"thumbnailUrl":"https:\/\/www.fica.unsl.edu.ar\/wp-content\/uploads\/2023\/07\/2a-Reunion-AUDEAS-front.jpg","articleSection":["Noticias"],"inLanguage":"es-AR"},{"@type":"WebPage","@id":"https:\/\/www.fica.unsl.edu.ar\/index.php\/audeas-2023-fica\/","url":"https:\/\/www.fica.unsl.edu.ar\/index.php\/audeas-2023-fica\/","name":"La FICA presente en la 2\u00aa Reuni\u00f3n Anual de la AUDEAS - Facultad de Ingenier\u00eda y Ciencias Agropecuarias","isPartOf":{"@id":"https:\/\/www.fica.unsl.edu.ar\/#website"},"primaryImageOfPage":{"@id":"https:\/\/www.fica.unsl.edu.ar\/index.php\/audeas-2023-fica\/#primaryimage"},"image":{"@id":"https:\/\/www.fica.unsl.edu.ar\/index.php\/audeas-2023-fica\/#primaryimage"},"thumbnailUrl":"https:\/\/www.fica.unsl.edu.ar\/wp-content\/uploads\/2023\/07\/2a-Reunion-AUDEAS-front.jpg","datePublished":"2023-07-04T14:11:35+00:00","dateModified":"2023-07-24T12:56:41+00:00","inLanguage":"es-AR","potentialAction":[{"@type":"ReadAction","target":["https:\/\/www.fica.unsl.edu.ar\/index.php\/audeas-2023-fica\/"]}]},{"@type":"ImageObject","inLanguage":"es-AR","@id":"https:\/\/www.fica.unsl.edu.ar\/index.php\/audeas-2023-fica\/#primaryimage","url":"https:\/\/www.fica.unsl.edu.ar\/wp-content\/uploads\/2023\/07\/2a-Reunion-AUDEAS-front.jpg","contentUrl":"https:\/\/www.fica.unsl.edu.ar\/wp-content\/uploads\/2023\/07\/2a-Reunion-AUDEAS-front.jpg","width":1061,"height":585},{"@type":"WebSite","@id":"https:\/\/www.fica.unsl.edu.ar\/#website","url":"https:\/\/www.fica.unsl.edu.ar\/","name":"Facultad de Ingenier\u00eda y Ciencias Agropecuarias","description":"","publisher":{"@id":"https:\/\/www.fica.unsl.edu.ar\/#organization"},"potentialAction":[{"@type":"SearchAction","target":{"@type":"EntryPoint","urlTemplate":"https:\/\/www.fica.unsl.edu.ar\/?s={search_term_string}"},"query-input":{"@type":"PropertyValueSpecification","valueRequired":true,"valueName":"search_term_string"}}],"inLanguage":"es-AR"},{"@type":"Organization","@id":"https:\/\/www.fica.unsl.edu.ar\/#organization","name":"Facultad de Ingenier\u00eda y Ciencias Agropecuarias","url":"https:\/\/www.fica.unsl.edu.ar\/","logo":{"@type":"ImageObject","inLanguage":"es-AR","@id":"https:\/\/www.fica.unsl.edu.ar\/#\/schema\/logo\/image\/","url":"https:\/\/www.fica.unsl.edu.ar\/wp-content\/uploads\/2021\/03\/LOGO-1.jpg","contentUrl":"https:\/\/www.fica.unsl.edu.ar\/wp-content\/uploads\/2021\/03\/LOGO-1.jpg","width":463,"height":145,"caption":"Facultad de Ingenier\u00eda y Ciencias Agropecuarias"},"image":{"@id":"https:\/\/www.fica.unsl.edu.ar\/#\/schema\/logo\/image\/"},"sameAs":["https:\/\/www.facebook.com\/FICA.UNSL\/","https:\/\/x.com\/FICAUNSL","https:\/\/www.instagram.com\/fica.unsl\/","https:\/\/www.youtube.com\/channel\/UCs2MM53gb2PyBrMySdtWZDQ"]},{"@type":"Person","@id":"https:\/\/www.fica.unsl.edu.ar\/#\/schema\/person\/6058f9c66301868d3a691b1f5d6c3544","name":"DATI"}]}},"_links":{"self":[{"href":"https:\/\/www.fica.unsl.edu.ar\/index.php\/wp-json\/wp\/v2\/posts\/13792","targetHints":{"allow":["GET"]}}],"collection":[{"href":"https:\/\/www.fica.unsl.edu.ar\/index.php\/wp-json\/wp\/v2\/posts"}],"about":[{"href":"https:\/\/www.fica.unsl.edu.ar\/index.php\/wp-json\/wp\/v2\/types\/post"}],"author":[{"embeddable":true,"href":"https:\/\/www.fica.unsl.edu.ar\/index.php\/wp-json\/wp\/v2\/users\/9"}],"replies":[{"embeddable":true,"href":"https:\/\/www.fica.unsl.edu.ar\/index.php\/wp-json\/wp\/v2\/comments?post=13792"}],"version-history":[{"count":1,"href":"https:\/\/www.fica.unsl.edu.ar\/index.php\/wp-json\/wp\/v2\/posts\/13792\/revisions"}],"predecessor-version":[{"id":13796,"href":"https:\/\/www.fica.unsl.edu.ar\/index.php\/wp-json\/wp\/v2\/posts\/13792\/revisions\/13796"}],"wp:featuredmedia":[{"embeddable":true,"href":"https:\/\/www.fica.unsl.edu.ar\/index.php\/wp-json\/wp\/v2\/media\/13795"}],"wp:attachment":[{"href":"https:\/\/www.fica.unsl.edu.ar\/index.php\/wp-json\/wp\/v2\/media?parent=13792"}],"wp:term":[{"taxonomy":"category","embeddable":true,"href":"https:\/\/www.fica.unsl.edu.ar\/index.php\/wp-json\/wp\/v2\/categories?post=13792"},{"taxonomy":"post_tag","embeddable":true,"href":"https:\/\/www.fica.unsl.edu.ar\/index.php\/wp-json\/wp\/v2\/tags?post=13792"}],"curies":[{"name":"wp","href":"https:\/\/api.w.org\/{rel}","templated":true}]}}