{"id":13842,"date":"2023-07-04T09:10:14","date_gmt":"2023-07-04T12:10:14","guid":{"rendered":"http:\/\/10.101.10.196\/www\/?p=13842"},"modified":"2023-08-07T08:22:32","modified_gmt":"2023-08-07T11:22:32","slug":"un-proyecto-socioeducativo-del-labta-fue-seleccionado-por-la-fundacion-acindar","status":"publish","type":"post","link":"https:\/\/www.fica.unsl.edu.ar\/index.php\/un-proyecto-socioeducativo-del-labta-fue-seleccionado-por-la-fundacion-acindar\/","title":{"rendered":"Un proyecto socioeducativo del LabTA fue seleccionado por la Fundaci\u00f3n Acindar"},"content":{"rendered":"<p>En el marco de la l\u00ednea program\u00e1tica <strong>Construir Comunidad 2023<\/strong>, la <strong>Fundaci\u00f3n Acindar<\/strong> seleccion\u00f3 un proyecto de la FICA. Se trata de la propuesta <strong>\u201cPuesta en Valor del Comedor Mis Peques\u201d, presentada por el docente e integrante del Laboratorio de Tecnolog\u00edas Apropiadas (LabTA), Ing. Gast\u00f3n Fr\u00edas. \u00a0<\/strong><\/p>\n<p>A trav\u00e9s de esta l\u00ednea, la Fundaci\u00f3n financia proyectos socioeducativos de organizaciones de la sociedad civil y municipios donde ArcelorMittal Acindar tiene plantas productivas. Busca promover la educaci\u00f3n y la inclusi\u00f3n social apoyando iniciativas originadas en problem\u00e1ticas reales, con el objetivo de fortalecer el tejido comunitario e incentivar la educaci\u00f3n en las comunidades donde la empresa est\u00e1 presente. La convocatoria busca tambi\u00e9n apoyar iniciativas que trabajen con perspectiva de g\u00e9nero y diversidad.<\/p>\n<p><img fetchpriority=\"high\" decoding=\"async\" class=\"aligncenter size-full wp-image-13843\" src=\"https:\/\/www.fica.unsl.edu.ar\/wp-content\/uploads\/2023\/07\/construir-comunidad-02.jpg\" alt=\"\" width=\"1599\" height=\"1200\" srcset=\"https:\/\/www.fica.unsl.edu.ar\/wp-content\/uploads\/2023\/07\/construir-comunidad-02.jpg 1599w, https:\/\/www.fica.unsl.edu.ar\/wp-content\/uploads\/2023\/07\/construir-comunidad-02-300x225.jpg 300w, https:\/\/www.fica.unsl.edu.ar\/wp-content\/uploads\/2023\/07\/construir-comunidad-02-1024x768.jpg 1024w, https:\/\/www.fica.unsl.edu.ar\/wp-content\/uploads\/2023\/07\/construir-comunidad-02-768x576.jpg 768w, https:\/\/www.fica.unsl.edu.ar\/wp-content\/uploads\/2023\/07\/construir-comunidad-02-1536x1153.jpg 1536w\" sizes=\"(max-width: 1599px) 100vw, 1599px\" \/><\/p>\n<p>El proyecto presentado por el Ing. Gast\u00f3n Fr\u00edas, se centra en la puesta en valor del comedor comunitario \u201cMis peques\u201d, ubicado en el Barrio San Jos\u00e9 (TALLAFERRO 227 &#8211; EXTREMO SUR). Este comedor presta asistencia a 180 personas, de las cuales 104 son ni\u00f1os, que concurren a almorzar los d\u00edas s\u00e1bados y se les brinda desayuno a ni\u00f1os y ni\u00f1as, los d\u00edas mi\u00e9rcoles y s\u00e1bados por la ma\u00f1ana. Tambi\u00e9n, proporcionan apoyo escolar y alfabetizaci\u00f3n a trav\u00e9s de un movimiento social.<\/p>\n<p>Este proyecto busca continuar con una iniciativa ya en curso, de promover la transmisi\u00f3n del conocimiento generado en instituciones educativas (universidades y escuelas t\u00e9cnicas) hacia la sociedad, donde \u00e9sta lo necesite. M\u00e1s espec\u00edficamente, desde el LabTA de la FICA se han llevado a cabo proyectos en conjunto con el \u00e1rea de procesos qu\u00edmicos (alimentos), en las que se instal\u00f3 un calef\u00f3n solar para que cuenten con agua caliente durante todo el a\u00f1o y de aproximadamente 300 Kg de guiso deshidratado.<\/p>\n<p><img decoding=\"async\" class=\"aligncenter size-full wp-image-13844\" src=\"https:\/\/www.fica.unsl.edu.ar\/wp-content\/uploads\/2023\/07\/construir-comunidad-03.jpg\" alt=\"\" width=\"1344\" height=\"875\" srcset=\"https:\/\/www.fica.unsl.edu.ar\/wp-content\/uploads\/2023\/07\/construir-comunidad-03.jpg 1344w, https:\/\/www.fica.unsl.edu.ar\/wp-content\/uploads\/2023\/07\/construir-comunidad-03-300x195.jpg 300w, https:\/\/www.fica.unsl.edu.ar\/wp-content\/uploads\/2023\/07\/construir-comunidad-03-1024x667.jpg 1024w, https:\/\/www.fica.unsl.edu.ar\/wp-content\/uploads\/2023\/07\/construir-comunidad-03-768x500.jpg 768w\" sizes=\"(max-width: 1344px) 100vw, 1344px\" \/><\/p>\n<p>Debido a un temporal de granizo que afect\u00f3 a\u00a0 la ciudad de Villa Mercedes el pasado verano, el comedor sufri\u00f3 da\u00f1os en el calef\u00f3n solar, por lo que actualmente se encuentra fuera de servicio. Debido a ello, esta propuesta busca recuperar el calef\u00f3n solar y fabricar un enrejado de protecci\u00f3n para que los tubos de vidrio.<\/p>\n<p>Desde el LabTA se realizan proyectos tecnol\u00f3gicos-sociales, en conjunto con escuelas secundarias, en su mayor\u00eda t\u00e9cnicas, para despertar vocaciones tempranas en los j\u00f3venes que participan de los proyectos, los cuales ser\u00e1n los que realicen la estructura de protecci\u00f3n y dem\u00e1s trabajos que el comedor necesita, como mantenimiento a los bancos y mesas, a las bibliotecas, construcci\u00f3n de una pizarra y verificaci\u00f3n de las condiciones de la instalaci\u00f3n el\u00e9ctrica, todos estos trabajos se realizan siempre bajo supervisi\u00f3n de los docentes. Adem\u00e1s, recibir\u00e1n una charla t\u00e9cnica sobre el LabTA, el funcionamiento del calef\u00f3n solar y tecnolog\u00edas apropiadas.<\/p>\n","protected":false},"excerpt":{"rendered":"<p>En el marco de la l\u00ednea program\u00e1tica Construir Comunidad 2023, la Fundaci\u00f3n Acindar seleccion\u00f3 un proyecto de la FICA. Se trata de la propuesta \u201cPuesta&hellip;<\/p>\n","protected":false},"author":9,"featured_media":13845,"comment_status":"closed","ping_status":"closed","sticky":false,"template":"","format":"standard","meta":{"_monsterinsights_skip_tracking":false,"_monsterinsights_sitenote_active":false,"_monsterinsights_sitenote_note":"","_monsterinsights_sitenote_category":0,"_joinchat":[],"footnotes":""},"categories":[19],"tags":[],"class_list":["post-13842","post","type-post","status-publish","format-standard","has-post-thumbnail","hentry","category-noticias"],"yoast_head":"<!-- This site is optimized with the Yoast SEO plugin v27.4 - https:\/\/yoast.com\/product\/yoast-seo-wordpress\/ -->\n<title>Un proyecto socioeducativo del LabTA fue seleccionado por la Fundaci\u00f3n Acindar - Facultad de Ingenier\u00eda y Ciencias Agropecuarias<\/title>\n<meta name=\"robots\" content=\"index, follow, max-snippet:-1, max-image-preview:large, max-video-preview:-1\" \/>\n<link rel=\"canonical\" href=\"https:\/\/www.fica.unsl.edu.ar\/index.php\/un-proyecto-socioeducativo-del-labta-fue-seleccionado-por-la-fundacion-acindar\/\" \/>\n<meta property=\"og:locale\" content=\"es_ES\" \/>\n<meta property=\"og:type\" content=\"article\" \/>\n<meta property=\"og:title\" content=\"Un proyecto socioeducativo del LabTA fue seleccionado por la Fundaci\u00f3n Acindar - Facultad de Ingenier\u00eda y Ciencias Agropecuarias\" \/>\n<meta property=\"og:description\" content=\"En el marco de la l\u00ednea program\u00e1tica Construir Comunidad 2023, la Fundaci\u00f3n Acindar seleccion\u00f3 un proyecto de la FICA. Se trata de la propuesta \u201cPuesta&hellip;\" \/>\n<meta property=\"og:url\" content=\"https:\/\/www.fica.unsl.edu.ar\/index.php\/un-proyecto-socioeducativo-del-labta-fue-seleccionado-por-la-fundacion-acindar\/\" \/>\n<meta property=\"og:site_name\" content=\"Facultad de Ingenier\u00eda y Ciencias Agropecuarias\" \/>\n<meta property=\"article:publisher\" content=\"https:\/\/www.facebook.com\/FICA.UNSL\/\" \/>\n<meta property=\"article:published_time\" content=\"2023-07-04T12:10:14+00:00\" \/>\n<meta property=\"article:modified_time\" content=\"2023-08-07T11:22:32+00:00\" \/>\n<meta property=\"og:image\" content=\"https:\/\/www.fica.unsl.edu.ar\/wp-content\/uploads\/2023\/07\/construir-comunidad-front.jpg\" \/>\n\t<meta property=\"og:image:width\" content=\"1061\" \/>\n\t<meta property=\"og:image:height\" content=\"585\" \/>\n\t<meta property=\"og:image:type\" content=\"image\/jpeg\" \/>\n<meta name=\"author\" content=\"DATI\" \/>\n<meta name=\"twitter:card\" content=\"summary_large_image\" \/>\n<meta name=\"twitter:creator\" content=\"@FICAUNSL\" \/>\n<meta name=\"twitter:site\" content=\"@FICAUNSL\" \/>\n<meta name=\"twitter:label1\" content=\"Escrito por\" \/>\n\t<meta name=\"twitter:data1\" content=\"DATI\" \/>\n\t<meta name=\"twitter:label2\" content=\"Tiempo de lectura\" \/>\n\t<meta name=\"twitter:data2\" content=\"3 minutos\" \/>\n<script type=\"application\/ld+json\" class=\"yoast-schema-graph\">{\"@context\":\"https:\\\/\\\/schema.org\",\"@graph\":[{\"@type\":\"Article\",\"@id\":\"https:\\\/\\\/www.fica.unsl.edu.ar\\\/index.php\\\/un-proyecto-socioeducativo-del-labta-fue-seleccionado-por-la-fundacion-acindar\\\/#article\",\"isPartOf\":{\"@id\":\"https:\\\/\\\/www.fica.unsl.edu.ar\\\/index.php\\\/un-proyecto-socioeducativo-del-labta-fue-seleccionado-por-la-fundacion-acindar\\\/\"},\"author\":{\"name\":\"DATI\",\"@id\":\"https:\\\/\\\/www.fica.unsl.edu.ar\\\/#\\\/schema\\\/person\\\/6058f9c66301868d3a691b1f5d6c3544\"},\"headline\":\"Un proyecto socioeducativo del LabTA fue seleccionado por la Fundaci\u00f3n Acindar\",\"datePublished\":\"2023-07-04T12:10:14+00:00\",\"dateModified\":\"2023-08-07T11:22:32+00:00\",\"mainEntityOfPage\":{\"@id\":\"https:\\\/\\\/www.fica.unsl.edu.ar\\\/index.php\\\/un-proyecto-socioeducativo-del-labta-fue-seleccionado-por-la-fundacion-acindar\\\/\"},\"wordCount\":493,\"publisher\":{\"@id\":\"https:\\\/\\\/www.fica.unsl.edu.ar\\\/#organization\"},\"image\":{\"@id\":\"https:\\\/\\\/www.fica.unsl.edu.ar\\\/index.php\\\/un-proyecto-socioeducativo-del-labta-fue-seleccionado-por-la-fundacion-acindar\\\/#primaryimage\"},\"thumbnailUrl\":\"https:\\\/\\\/www.fica.unsl.edu.ar\\\/wp-content\\\/uploads\\\/2023\\\/07\\\/construir-comunidad-front.jpg\",\"articleSection\":[\"Noticias\"],\"inLanguage\":\"es-AR\"},{\"@type\":\"WebPage\",\"@id\":\"https:\\\/\\\/www.fica.unsl.edu.ar\\\/index.php\\\/un-proyecto-socioeducativo-del-labta-fue-seleccionado-por-la-fundacion-acindar\\\/\",\"url\":\"https:\\\/\\\/www.fica.unsl.edu.ar\\\/index.php\\\/un-proyecto-socioeducativo-del-labta-fue-seleccionado-por-la-fundacion-acindar\\\/\",\"name\":\"Un proyecto socioeducativo del LabTA fue seleccionado por la Fundaci\u00f3n Acindar - Facultad de Ingenier\u00eda y Ciencias Agropecuarias\",\"isPartOf\":{\"@id\":\"https:\\\/\\\/www.fica.unsl.edu.ar\\\/#website\"},\"primaryImageOfPage\":{\"@id\":\"https:\\\/\\\/www.fica.unsl.edu.ar\\\/index.php\\\/un-proyecto-socioeducativo-del-labta-fue-seleccionado-por-la-fundacion-acindar\\\/#primaryimage\"},\"image\":{\"@id\":\"https:\\\/\\\/www.fica.unsl.edu.ar\\\/index.php\\\/un-proyecto-socioeducativo-del-labta-fue-seleccionado-por-la-fundacion-acindar\\\/#primaryimage\"},\"thumbnailUrl\":\"https:\\\/\\\/www.fica.unsl.edu.ar\\\/wp-content\\\/uploads\\\/2023\\\/07\\\/construir-comunidad-front.jpg\",\"datePublished\":\"2023-07-04T12:10:14+00:00\",\"dateModified\":\"2023-08-07T11:22:32+00:00\",\"inLanguage\":\"es-AR\",\"potentialAction\":[{\"@type\":\"ReadAction\",\"target\":[\"https:\\\/\\\/www.fica.unsl.edu.ar\\\/index.php\\\/un-proyecto-socioeducativo-del-labta-fue-seleccionado-por-la-fundacion-acindar\\\/\"]}]},{\"@type\":\"ImageObject\",\"inLanguage\":\"es-AR\",\"@id\":\"https:\\\/\\\/www.fica.unsl.edu.ar\\\/index.php\\\/un-proyecto-socioeducativo-del-labta-fue-seleccionado-por-la-fundacion-acindar\\\/#primaryimage\",\"url\":\"https:\\\/\\\/www.fica.unsl.edu.ar\\\/wp-content\\\/uploads\\\/2023\\\/07\\\/construir-comunidad-front.jpg\",\"contentUrl\":\"https:\\\/\\\/www.fica.unsl.edu.ar\\\/wp-content\\\/uploads\\\/2023\\\/07\\\/construir-comunidad-front.jpg\",\"width\":1061,\"height\":585},{\"@type\":\"WebSite\",\"@id\":\"https:\\\/\\\/www.fica.unsl.edu.ar\\\/#website\",\"url\":\"https:\\\/\\\/www.fica.unsl.edu.ar\\\/\",\"name\":\"Facultad de Ingenier\u00eda y Ciencias Agropecuarias\",\"description\":\"\",\"publisher\":{\"@id\":\"https:\\\/\\\/www.fica.unsl.edu.ar\\\/#organization\"},\"potentialAction\":[{\"@type\":\"SearchAction\",\"target\":{\"@type\":\"EntryPoint\",\"urlTemplate\":\"https:\\\/\\\/www.fica.unsl.edu.ar\\\/?s={search_term_string}\"},\"query-input\":{\"@type\":\"PropertyValueSpecification\",\"valueRequired\":true,\"valueName\":\"search_term_string\"}}],\"inLanguage\":\"es-AR\"},{\"@type\":\"Organization\",\"@id\":\"https:\\\/\\\/www.fica.unsl.edu.ar\\\/#organization\",\"name\":\"Facultad de Ingenier\u00eda y Ciencias Agropecuarias\",\"url\":\"https:\\\/\\\/www.fica.unsl.edu.ar\\\/\",\"logo\":{\"@type\":\"ImageObject\",\"inLanguage\":\"es-AR\",\"@id\":\"https:\\\/\\\/www.fica.unsl.edu.ar\\\/#\\\/schema\\\/logo\\\/image\\\/\",\"url\":\"https:\\\/\\\/www.fica.unsl.edu.ar\\\/wp-content\\\/uploads\\\/2021\\\/03\\\/LOGO-1.jpg\",\"contentUrl\":\"https:\\\/\\\/www.fica.unsl.edu.ar\\\/wp-content\\\/uploads\\\/2021\\\/03\\\/LOGO-1.jpg\",\"width\":463,\"height\":145,\"caption\":\"Facultad de Ingenier\u00eda y Ciencias Agropecuarias\"},\"image\":{\"@id\":\"https:\\\/\\\/www.fica.unsl.edu.ar\\\/#\\\/schema\\\/logo\\\/image\\\/\"},\"sameAs\":[\"https:\\\/\\\/www.facebook.com\\\/FICA.UNSL\\\/\",\"https:\\\/\\\/x.com\\\/FICAUNSL\",\"https:\\\/\\\/www.instagram.com\\\/fica.unsl\\\/\",\"https:\\\/\\\/www.youtube.com\\\/channel\\\/UCs2MM53gb2PyBrMySdtWZDQ\"]},{\"@type\":\"Person\",\"@id\":\"https:\\\/\\\/www.fica.unsl.edu.ar\\\/#\\\/schema\\\/person\\\/6058f9c66301868d3a691b1f5d6c3544\",\"name\":\"DATI\"}]}<\/script>\n<!-- \/ Yoast SEO plugin. -->","yoast_head_json":{"title":"Un proyecto socioeducativo del LabTA fue seleccionado por la Fundaci\u00f3n Acindar - Facultad de Ingenier\u00eda y Ciencias Agropecuarias","robots":{"index":"index","follow":"follow","max-snippet":"max-snippet:-1","max-image-preview":"max-image-preview:large","max-video-preview":"max-video-preview:-1"},"canonical":"https:\/\/www.fica.unsl.edu.ar\/index.php\/un-proyecto-socioeducativo-del-labta-fue-seleccionado-por-la-fundacion-acindar\/","og_locale":"es_ES","og_type":"article","og_title":"Un proyecto socioeducativo del LabTA fue seleccionado por la Fundaci\u00f3n Acindar - Facultad de Ingenier\u00eda y Ciencias Agropecuarias","og_description":"En el marco de la l\u00ednea program\u00e1tica Construir Comunidad 2023, la Fundaci\u00f3n Acindar seleccion\u00f3 un proyecto de la FICA. Se trata de la propuesta \u201cPuesta&hellip;","og_url":"https:\/\/www.fica.unsl.edu.ar\/index.php\/un-proyecto-socioeducativo-del-labta-fue-seleccionado-por-la-fundacion-acindar\/","og_site_name":"Facultad de Ingenier\u00eda y Ciencias Agropecuarias","article_publisher":"https:\/\/www.facebook.com\/FICA.UNSL\/","article_published_time":"2023-07-04T12:10:14+00:00","article_modified_time":"2023-08-07T11:22:32+00:00","og_image":[{"width":1061,"height":585,"url":"https:\/\/www.fica.unsl.edu.ar\/wp-content\/uploads\/2023\/07\/construir-comunidad-front.jpg","type":"image\/jpeg"}],"author":"DATI","twitter_card":"summary_large_image","twitter_creator":"@FICAUNSL","twitter_site":"@FICAUNSL","twitter_misc":{"Escrito por":"DATI","Tiempo de lectura":"3 minutos"},"schema":{"@context":"https:\/\/schema.org","@graph":[{"@type":"Article","@id":"https:\/\/www.fica.unsl.edu.ar\/index.php\/un-proyecto-socioeducativo-del-labta-fue-seleccionado-por-la-fundacion-acindar\/#article","isPartOf":{"@id":"https:\/\/www.fica.unsl.edu.ar\/index.php\/un-proyecto-socioeducativo-del-labta-fue-seleccionado-por-la-fundacion-acindar\/"},"author":{"name":"DATI","@id":"https:\/\/www.fica.unsl.edu.ar\/#\/schema\/person\/6058f9c66301868d3a691b1f5d6c3544"},"headline":"Un proyecto socioeducativo del LabTA fue seleccionado por la Fundaci\u00f3n Acindar","datePublished":"2023-07-04T12:10:14+00:00","dateModified":"2023-08-07T11:22:32+00:00","mainEntityOfPage":{"@id":"https:\/\/www.fica.unsl.edu.ar\/index.php\/un-proyecto-socioeducativo-del-labta-fue-seleccionado-por-la-fundacion-acindar\/"},"wordCount":493,"publisher":{"@id":"https:\/\/www.fica.unsl.edu.ar\/#organization"},"image":{"@id":"https:\/\/www.fica.unsl.edu.ar\/index.php\/un-proyecto-socioeducativo-del-labta-fue-seleccionado-por-la-fundacion-acindar\/#primaryimage"},"thumbnailUrl":"https:\/\/www.fica.unsl.edu.ar\/wp-content\/uploads\/2023\/07\/construir-comunidad-front.jpg","articleSection":["Noticias"],"inLanguage":"es-AR"},{"@type":"WebPage","@id":"https:\/\/www.fica.unsl.edu.ar\/index.php\/un-proyecto-socioeducativo-del-labta-fue-seleccionado-por-la-fundacion-acindar\/","url":"https:\/\/www.fica.unsl.edu.ar\/index.php\/un-proyecto-socioeducativo-del-labta-fue-seleccionado-por-la-fundacion-acindar\/","name":"Un proyecto socioeducativo del LabTA fue seleccionado por la Fundaci\u00f3n Acindar - Facultad de Ingenier\u00eda y Ciencias Agropecuarias","isPartOf":{"@id":"https:\/\/www.fica.unsl.edu.ar\/#website"},"primaryImageOfPage":{"@id":"https:\/\/www.fica.unsl.edu.ar\/index.php\/un-proyecto-socioeducativo-del-labta-fue-seleccionado-por-la-fundacion-acindar\/#primaryimage"},"image":{"@id":"https:\/\/www.fica.unsl.edu.ar\/index.php\/un-proyecto-socioeducativo-del-labta-fue-seleccionado-por-la-fundacion-acindar\/#primaryimage"},"thumbnailUrl":"https:\/\/www.fica.unsl.edu.ar\/wp-content\/uploads\/2023\/07\/construir-comunidad-front.jpg","datePublished":"2023-07-04T12:10:14+00:00","dateModified":"2023-08-07T11:22:32+00:00","inLanguage":"es-AR","potentialAction":[{"@type":"ReadAction","target":["https:\/\/www.fica.unsl.edu.ar\/index.php\/un-proyecto-socioeducativo-del-labta-fue-seleccionado-por-la-fundacion-acindar\/"]}]},{"@type":"ImageObject","inLanguage":"es-AR","@id":"https:\/\/www.fica.unsl.edu.ar\/index.php\/un-proyecto-socioeducativo-del-labta-fue-seleccionado-por-la-fundacion-acindar\/#primaryimage","url":"https:\/\/www.fica.unsl.edu.ar\/wp-content\/uploads\/2023\/07\/construir-comunidad-front.jpg","contentUrl":"https:\/\/www.fica.unsl.edu.ar\/wp-content\/uploads\/2023\/07\/construir-comunidad-front.jpg","width":1061,"height":585},{"@type":"WebSite","@id":"https:\/\/www.fica.unsl.edu.ar\/#website","url":"https:\/\/www.fica.unsl.edu.ar\/","name":"Facultad de Ingenier\u00eda y Ciencias Agropecuarias","description":"","publisher":{"@id":"https:\/\/www.fica.unsl.edu.ar\/#organization"},"potentialAction":[{"@type":"SearchAction","target":{"@type":"EntryPoint","urlTemplate":"https:\/\/www.fica.unsl.edu.ar\/?s={search_term_string}"},"query-input":{"@type":"PropertyValueSpecification","valueRequired":true,"valueName":"search_term_string"}}],"inLanguage":"es-AR"},{"@type":"Organization","@id":"https:\/\/www.fica.unsl.edu.ar\/#organization","name":"Facultad de Ingenier\u00eda y Ciencias Agropecuarias","url":"https:\/\/www.fica.unsl.edu.ar\/","logo":{"@type":"ImageObject","inLanguage":"es-AR","@id":"https:\/\/www.fica.unsl.edu.ar\/#\/schema\/logo\/image\/","url":"https:\/\/www.fica.unsl.edu.ar\/wp-content\/uploads\/2021\/03\/LOGO-1.jpg","contentUrl":"https:\/\/www.fica.unsl.edu.ar\/wp-content\/uploads\/2021\/03\/LOGO-1.jpg","width":463,"height":145,"caption":"Facultad de Ingenier\u00eda y Ciencias Agropecuarias"},"image":{"@id":"https:\/\/www.fica.unsl.edu.ar\/#\/schema\/logo\/image\/"},"sameAs":["https:\/\/www.facebook.com\/FICA.UNSL\/","https:\/\/x.com\/FICAUNSL","https:\/\/www.instagram.com\/fica.unsl\/","https:\/\/www.youtube.com\/channel\/UCs2MM53gb2PyBrMySdtWZDQ"]},{"@type":"Person","@id":"https:\/\/www.fica.unsl.edu.ar\/#\/schema\/person\/6058f9c66301868d3a691b1f5d6c3544","name":"DATI"}]}},"_links":{"self":[{"href":"https:\/\/www.fica.unsl.edu.ar\/index.php\/wp-json\/wp\/v2\/posts\/13842","targetHints":{"allow":["GET"]}}],"collection":[{"href":"https:\/\/www.fica.unsl.edu.ar\/index.php\/wp-json\/wp\/v2\/posts"}],"about":[{"href":"https:\/\/www.fica.unsl.edu.ar\/index.php\/wp-json\/wp\/v2\/types\/post"}],"author":[{"embeddable":true,"href":"https:\/\/www.fica.unsl.edu.ar\/index.php\/wp-json\/wp\/v2\/users\/9"}],"replies":[{"embeddable":true,"href":"https:\/\/www.fica.unsl.edu.ar\/index.php\/wp-json\/wp\/v2\/comments?post=13842"}],"version-history":[{"count":3,"href":"https:\/\/www.fica.unsl.edu.ar\/index.php\/wp-json\/wp\/v2\/posts\/13842\/revisions"}],"predecessor-version":[{"id":13848,"href":"https:\/\/www.fica.unsl.edu.ar\/index.php\/wp-json\/wp\/v2\/posts\/13842\/revisions\/13848"}],"wp:featuredmedia":[{"embeddable":true,"href":"https:\/\/www.fica.unsl.edu.ar\/index.php\/wp-json\/wp\/v2\/media\/13845"}],"wp:attachment":[{"href":"https:\/\/www.fica.unsl.edu.ar\/index.php\/wp-json\/wp\/v2\/media?parent=13842"}],"wp:term":[{"taxonomy":"category","embeddable":true,"href":"https:\/\/www.fica.unsl.edu.ar\/index.php\/wp-json\/wp\/v2\/categories?post=13842"},{"taxonomy":"post_tag","embeddable":true,"href":"https:\/\/www.fica.unsl.edu.ar\/index.php\/wp-json\/wp\/v2\/tags?post=13842"}],"curies":[{"name":"wp","href":"https:\/\/api.w.org\/{rel}","templated":true}]}}