{"id":13936,"date":"2023-07-06T20:21:15","date_gmt":"2023-07-06T23:21:15","guid":{"rendered":"http:\/\/10.101.10.196\/www\/?p=13936"},"modified":"2023-07-07T19:17:58","modified_gmt":"2023-07-07T22:17:58","slug":"promocion-de-carreras-en-la-toma-y-villa-mercedes","status":"publish","type":"post","link":"https:\/\/www.fica.unsl.edu.ar\/index.php\/promocion-de-carreras-en-la-toma-y-villa-mercedes\/","title":{"rendered":"Promoci\u00f3n de la oferta educativa de la FICA en La Toma y Villa Mercedes"},"content":{"rendered":"<p>En las jornadas del martes 4 y mi\u00e9rcoles 5 de julio, se llevaron adelante diferentes <strong>actividades de difusi\u00f3n de la oferta educativa de la FICA<\/strong>, en la que participaron estudiantes de <strong>escuelas de Villa Mercedes y de la localidad de La Toma<\/strong>.<\/p>\n<p>Durante la ma\u00f1ana del martes, la FICA recibi\u00f3 la visita de alumnos de 6\u00ba a\u00f1o de la Esc. N.\u00ba 8 \u201cLeonardo Da Vinci\u201d de Villa Mercedes. Fueron recibidos por las responsables de Ingreso de ambas facultades, Ing. Soledad Rocha (FICA) y la Sra. Silvina Becerra (FCEJS).<\/p>\n<p><img fetchpriority=\"high\" decoding=\"async\" class=\"aligncenter size-full wp-image-13938\" src=\"https:\/\/www.fica.unsl.edu.ar\/wp-content\/uploads\/2023\/07\/promocio-carreras-vm-la-toma-1.jpg\" alt=\"\" width=\"1024\" height=\"675\" srcset=\"https:\/\/www.fica.unsl.edu.ar\/wp-content\/uploads\/2023\/07\/promocio-carreras-vm-la-toma-1.jpg 1024w, https:\/\/www.fica.unsl.edu.ar\/wp-content\/uploads\/2023\/07\/promocio-carreras-vm-la-toma-1-300x198.jpg 300w, https:\/\/www.fica.unsl.edu.ar\/wp-content\/uploads\/2023\/07\/promocio-carreras-vm-la-toma-1-768x506.jpg 768w\" sizes=\"(max-width: 1024px) 100vw, 1024px\" \/><\/p>\n<p>Despu\u00e9s de la charla de ingreso por parte de ambas facultades, se realiz\u00f3 el recorrido por la biblioteca, donde se les brind\u00f3 una charla informativa sobre todos los beneficios universitarios que proporciona la SsAEBU. Seguidamente se los acompa\u00f1\u00f3 a las instalaciones de Radio Universidad Villa Mercedes y finalmente a los laboratorios de Mecatr\u00f3nica, y de Control Autom\u00e1tico, donde docentes explicaron los trabajos de investigaci\u00f3n que en ambos lugares se llevan a cabo.<\/p>\n<p>La Toma<\/p>\n<p>Por la tarde del mi\u00e9rcoles 5, la FICA particip\u00f3 de una nueva promoci\u00f3n de carrera realizada en la Escuela T\u00e9cnica N\u00b0 28 General Juan Mart\u00edn de Pueyrred\u00f3n en La Toma (San Luis), la cual tiene orientaci\u00f3n en inform\u00e1tica.<\/p>\n<p>Esta promoci\u00f3n surgi\u00f3 en el marco de las actividades de divulgaci\u00f3n tecnol\u00f3gica organizadas por INTEQUI (INTEQUI explora) al cumplirse 40 a\u00f1os de la creaci\u00f3n de dicho Instituto.<\/p>\n<div class=\"gmedia_gallery phantom_module is_bot\" id=\"GmediaGallery_158\" data-gmid=\"158\" data-module=\"phantom\"><style type='text\/css' class='gmedia_module_style_import'>@import url('https:\/\/www.fica.unsl.edu.ar\/wp-content\/plugins\/grand-media\/module\/phantom\/css\/style.css') all;<\/style>    <div class=\"gmPhantom_Container noLightbox\" >\r\n                <div class=\"gmPhantom_thumbsWrapper gmPhantom_ThumbScale gmPhantom_LabelHover\">\r\n                        <div class=\"gmPhantom_ThumbContainer gmPhantom_ThumbLoader\" data-id=\"2236\" data-post_id=\"13958\" data-ratio=\"1.3333333333333\" data-type=\"image\" data-ext=\"jpg\" data-views=\"3\" data-likes=\"0\" data-cc=\"0\" data-post_link=\"https:\/\/www.fica.unsl.edu.ar\/index.php\/gmedia\/promocio_carreras_vm_la_toma_12_-jpg\/\">\r\n                <a href=\"https:\/\/www.fica.unsl.edu.ar\/wp-content\/grand-media\/image\/promocio_carreras_vm_la_toma_12_.jpg\" class=\"gmPhantom_Thumb\"><img decoding=\"async\" src=\"https:\/\/www.fica.unsl.edu.ar\/wp-content\/grand-media\/image\/thumb\/promocio_carreras_vm_la_toma_12_.jpg\" data-src=\"https:\/\/www.fica.unsl.edu.ar\/wp-content\/grand-media\/image\/promocio_carreras_vm_la_toma_12_.jpg\" alt=\"Promocio Carreras Vm La Toma (12)\"\/><\/a>\r\n                                    <div class=\"gmPhantom_ThumbLabel\"><span class=\"gmPhantom_ThumbLabel_title\">Promocio Carreras Vm La Toma (12)<\/span><\/div>\r\n                                    <div style=\"display:none;\" class=\"gmPhantom_Details\">\r\n                                            <div class=\"gmPhantom_description\">\r\n                            <div class=\"gmPhantom_title\">Promocio Carreras Vm La Toma (12)<\/div>\r\n                            <div class=\"gmPhantom_text\"><\/div>\r\n                        <\/div>\r\n                                                            <div class=\"gmPhantom_terms\">\r\n                                                    <div class=\"gmPhantom_other_terms\">\r\n                                <table class=\"gmPhantom_other_terms_table\">\r\n                                                                            <tr class=\"gmPhantom_term_row_album\">\r\n                                            <td class=\"gmPhantom_term_key\">Album<\/td>\r\n                                            <td class=\"gmPhantom_term_value\"><a href=\"\/index.php\/wp-json\/wp\/v2\/posts\/13936?gm158[album__in]=158\" class=\"gmPhantom_alb\">oferta-educativa-vm-latoma-2023<\/a><\/td>\r\n                                        <\/tr>\r\n                                                                    <\/table>\r\n                            <\/div>\r\n                                                <\/div>\r\n                <\/div>\r\n                <\/div>            <div class=\"gmPhantom_ThumbContainer gmPhantom_ThumbLoader\" data-id=\"2235\" data-post_id=\"13956\" data-ratio=\"1.3333333333333\" data-type=\"image\" data-ext=\"jpg\" data-views=\"3\" data-likes=\"0\" data-cc=\"0\" data-post_link=\"https:\/\/www.fica.unsl.edu.ar\/index.php\/gmedia\/promocio_carreras_vm_la_toma_11_-jpg\/\">\r\n                <a href=\"https:\/\/www.fica.unsl.edu.ar\/wp-content\/grand-media\/image\/promocio_carreras_vm_la_toma_11_.jpg\" class=\"gmPhantom_Thumb\"><img decoding=\"async\" src=\"https:\/\/www.fica.unsl.edu.ar\/wp-content\/grand-media\/image\/thumb\/promocio_carreras_vm_la_toma_11_.jpg\" data-src=\"https:\/\/www.fica.unsl.edu.ar\/wp-content\/grand-media\/image\/promocio_carreras_vm_la_toma_11_.jpg\" alt=\"Promocio Carreras Vm La Toma (11)\"\/><\/a>\r\n                                    <div class=\"gmPhantom_ThumbLabel\"><span class=\"gmPhantom_ThumbLabel_title\">Promocio Carreras Vm La Toma (11)<\/span><\/div>\r\n                                    <div style=\"display:none;\" class=\"gmPhantom_Details\">\r\n                                            <div class=\"gmPhantom_description\">\r\n                            <div class=\"gmPhantom_title\">Promocio Carreras Vm La Toma (11)<\/div>\r\n                            <div class=\"gmPhantom_text\"><\/div>\r\n                        <\/div>\r\n                                                            <div class=\"gmPhantom_terms\">\r\n                                                    <div class=\"gmPhantom_other_terms\">\r\n                                <table class=\"gmPhantom_other_terms_table\">\r\n                                                                            <tr class=\"gmPhantom_term_row_album\">\r\n                                            <td class=\"gmPhantom_term_key\">Album<\/td>\r\n                                            <td class=\"gmPhantom_term_value\"><a href=\"\/index.php\/wp-json\/wp\/v2\/posts\/13936?gm158[album__in]=158\" class=\"gmPhantom_alb\">oferta-educativa-vm-latoma-2023<\/a><\/td>\r\n                                        <\/tr>\r\n                                                                    <\/table>\r\n                            <\/div>\r\n                                                <\/div>\r\n                <\/div>\r\n                <\/div>            <div class=\"gmPhantom_ThumbContainer gmPhantom_ThumbLoader\" data-id=\"2234\" data-post_id=\"13955\" data-ratio=\"1.5033333333333\" data-type=\"image\" data-ext=\"jpg\" data-views=\"3\" data-likes=\"0\" data-cc=\"0\" data-post_link=\"https:\/\/www.fica.unsl.edu.ar\/index.php\/gmedia\/promocio_carreras_vm_la_toma_10_-jpg\/\">\r\n                <a href=\"https:\/\/www.fica.unsl.edu.ar\/wp-content\/grand-media\/image\/promocio_carreras_vm_la_toma_10_.jpg\" class=\"gmPhantom_Thumb\"><img decoding=\"async\" src=\"https:\/\/www.fica.unsl.edu.ar\/wp-content\/grand-media\/image\/thumb\/promocio_carreras_vm_la_toma_10_.jpg\" data-src=\"https:\/\/www.fica.unsl.edu.ar\/wp-content\/grand-media\/image\/promocio_carreras_vm_la_toma_10_.jpg\" alt=\"Promocio Carreras Vm La Toma (10)\"\/><\/a>\r\n                                    <div class=\"gmPhantom_ThumbLabel\"><span class=\"gmPhantom_ThumbLabel_title\">Promocio Carreras Vm La Toma (10)<\/span><\/div>\r\n                                    <div style=\"display:none;\" class=\"gmPhantom_Details\">\r\n                                            <div class=\"gmPhantom_description\">\r\n                            <div class=\"gmPhantom_title\">Promocio Carreras Vm La Toma (10)<\/div>\r\n                            <div class=\"gmPhantom_text\"><\/div>\r\n                        <\/div>\r\n                                                            <div class=\"gmPhantom_terms\">\r\n                                                    <div class=\"gmPhantom_other_terms\">\r\n                                <table class=\"gmPhantom_other_terms_table\">\r\n                                                                            <tr class=\"gmPhantom_term_row_album\">\r\n                                            <td class=\"gmPhantom_term_key\">Album<\/td>\r\n                                            <td class=\"gmPhantom_term_value\"><a href=\"\/index.php\/wp-json\/wp\/v2\/posts\/13936?gm158[album__in]=158\" class=\"gmPhantom_alb\">oferta-educativa-vm-latoma-2023<\/a><\/td>\r\n                                        <\/tr>\r\n                                                                    <\/table>\r\n                            <\/div>\r\n                                                <\/div>\r\n                <\/div>\r\n                <\/div>            <div class=\"gmPhantom_ThumbContainer gmPhantom_ThumbLoader\" data-id=\"2233\" data-post_id=\"13954\" data-ratio=\"1.3333333333333\" data-type=\"image\" data-ext=\"jpg\" data-views=\"3\" data-likes=\"0\" data-cc=\"0\" data-post_link=\"https:\/\/www.fica.unsl.edu.ar\/index.php\/gmedia\/promocio_carreras_vm_la_toma_9_-jpg\/\">\r\n                <a href=\"https:\/\/www.fica.unsl.edu.ar\/wp-content\/grand-media\/image\/promocio_carreras_vm_la_toma_9_.jpg\" class=\"gmPhantom_Thumb\"><img decoding=\"async\" src=\"https:\/\/www.fica.unsl.edu.ar\/wp-content\/grand-media\/image\/thumb\/promocio_carreras_vm_la_toma_9_.jpg\" data-src=\"https:\/\/www.fica.unsl.edu.ar\/wp-content\/grand-media\/image\/promocio_carreras_vm_la_toma_9_.jpg\" alt=\"Promocio Carreras Vm La Toma (9)\"\/><\/a>\r\n                                    <div class=\"gmPhantom_ThumbLabel\"><span class=\"gmPhantom_ThumbLabel_title\">Promocio Carreras Vm La Toma (9)<\/span><\/div>\r\n                                    <div style=\"display:none;\" class=\"gmPhantom_Details\">\r\n                                            <div class=\"gmPhantom_description\">\r\n                            <div class=\"gmPhantom_title\">Promocio Carreras Vm La Toma (9)<\/div>\r\n                            <div class=\"gmPhantom_text\"><\/div>\r\n                        <\/div>\r\n                                                            <div class=\"gmPhantom_terms\">\r\n                                                    <div class=\"gmPhantom_other_terms\">\r\n                                <table class=\"gmPhantom_other_terms_table\">\r\n                                                                            <tr class=\"gmPhantom_term_row_album\">\r\n                                            <td class=\"gmPhantom_term_key\">Album<\/td>\r\n                                            <td class=\"gmPhantom_term_value\"><a href=\"\/index.php\/wp-json\/wp\/v2\/posts\/13936?gm158[album__in]=158\" class=\"gmPhantom_alb\">oferta-educativa-vm-latoma-2023<\/a><\/td>\r\n                                        <\/tr>\r\n                                                                    <\/table>\r\n                            <\/div>\r\n                                                <\/div>\r\n                <\/div>\r\n                <\/div>            <div class=\"gmPhantom_ThumbContainer gmPhantom_ThumbLoader\" data-id=\"2232\" data-post_id=\"13953\" data-ratio=\"1.7766666666667\" data-type=\"image\" data-ext=\"jpg\" data-views=\"3\" data-likes=\"0\" data-cc=\"0\" data-post_link=\"https:\/\/www.fica.unsl.edu.ar\/index.php\/gmedia\/promocio_carreras_vm_la_toma_8_-jpg\/\">\r\n                <a href=\"https:\/\/www.fica.unsl.edu.ar\/wp-content\/grand-media\/image\/promocio_carreras_vm_la_toma_8_.jpg\" class=\"gmPhantom_Thumb\"><img decoding=\"async\" src=\"https:\/\/www.fica.unsl.edu.ar\/wp-content\/grand-media\/image\/thumb\/promocio_carreras_vm_la_toma_8_.jpg\" data-src=\"https:\/\/www.fica.unsl.edu.ar\/wp-content\/grand-media\/image\/promocio_carreras_vm_la_toma_8_.jpg\" alt=\"Promocio Carreras Vm La Toma (8)\"\/><\/a>\r\n                                    <div class=\"gmPhantom_ThumbLabel\"><span class=\"gmPhantom_ThumbLabel_title\">Promocio Carreras Vm La Toma (8)<\/span><\/div>\r\n                                    <div style=\"display:none;\" class=\"gmPhantom_Details\">\r\n                                            <div class=\"gmPhantom_description\">\r\n                            <div class=\"gmPhantom_title\">Promocio Carreras Vm La Toma (8)<\/div>\r\n                            <div class=\"gmPhantom_text\"><\/div>\r\n                        <\/div>\r\n                                                            <div class=\"gmPhantom_terms\">\r\n                                                    <div class=\"gmPhantom_other_terms\">\r\n                                <table class=\"gmPhantom_other_terms_table\">\r\n                                                                            <tr class=\"gmPhantom_term_row_album\">\r\n                                            <td class=\"gmPhantom_term_key\">Album<\/td>\r\n                                            <td class=\"gmPhantom_term_value\"><a href=\"\/index.php\/wp-json\/wp\/v2\/posts\/13936?gm158[album__in]=158\" class=\"gmPhantom_alb\">oferta-educativa-vm-latoma-2023<\/a><\/td>\r\n                                        <\/tr>\r\n                                                                    <\/table>\r\n                            <\/div>\r\n                                                <\/div>\r\n                <\/div>\r\n                <\/div>            <div class=\"gmPhantom_ThumbContainer gmPhantom_ThumbLoader\" data-id=\"2231\" data-post_id=\"13952\" data-ratio=\"1.5066666666667\" data-type=\"image\" data-ext=\"jpg\" data-views=\"3\" data-likes=\"0\" data-cc=\"0\" data-post_link=\"https:\/\/www.fica.unsl.edu.ar\/index.php\/gmedia\/promocio_carreras_vm_la_toma_7_-jpg\/\">\r\n                <a href=\"https:\/\/www.fica.unsl.edu.ar\/wp-content\/grand-media\/image\/promocio_carreras_vm_la_toma_7_.jpg\" class=\"gmPhantom_Thumb\"><img decoding=\"async\" src=\"https:\/\/www.fica.unsl.edu.ar\/wp-content\/grand-media\/image\/thumb\/promocio_carreras_vm_la_toma_7_.jpg\" data-src=\"https:\/\/www.fica.unsl.edu.ar\/wp-content\/grand-media\/image\/promocio_carreras_vm_la_toma_7_.jpg\" alt=\"Promocio Carreras Vm La Toma (7)\"\/><\/a>\r\n                                    <div class=\"gmPhantom_ThumbLabel\"><span class=\"gmPhantom_ThumbLabel_title\">Promocio Carreras Vm La Toma (7)<\/span><\/div>\r\n                                    <div style=\"display:none;\" class=\"gmPhantom_Details\">\r\n                                            <div class=\"gmPhantom_description\">\r\n                            <div class=\"gmPhantom_title\">Promocio Carreras Vm La Toma (7)<\/div>\r\n                            <div class=\"gmPhantom_text\"><\/div>\r\n                        <\/div>\r\n                                                            <div class=\"gmPhantom_terms\">\r\n                                                    <div class=\"gmPhantom_other_terms\">\r\n                                <table class=\"gmPhantom_other_terms_table\">\r\n                                                                            <tr class=\"gmPhantom_term_row_album\">\r\n                                            <td class=\"gmPhantom_term_key\">Album<\/td>\r\n                                            <td class=\"gmPhantom_term_value\"><a href=\"\/index.php\/wp-json\/wp\/v2\/posts\/13936?gm158[album__in]=158\" class=\"gmPhantom_alb\">oferta-educativa-vm-latoma-2023<\/a><\/td>\r\n                                        <\/tr>\r\n                                                                    <\/table>\r\n                            <\/div>\r\n                                                <\/div>\r\n                <\/div>\r\n                <\/div>            <div class=\"gmPhantom_ThumbContainer gmPhantom_ThumbLoader\" data-id=\"2230\" data-post_id=\"13951\" data-ratio=\"0.75187969924812\" data-type=\"image\" data-ext=\"jpeg\" data-views=\"3\" data-likes=\"0\" data-cc=\"0\" data-post_link=\"https:\/\/www.fica.unsl.edu.ar\/index.php\/gmedia\/promocio_carreras_vm_la_toma_7_-jpeg\/\">\r\n                <a href=\"https:\/\/www.fica.unsl.edu.ar\/wp-content\/grand-media\/image\/promocio_carreras_vm_la_toma_7_.jpeg\" class=\"gmPhantom_Thumb\"><img decoding=\"async\" src=\"https:\/\/www.fica.unsl.edu.ar\/wp-content\/grand-media\/image\/thumb\/promocio_carreras_vm_la_toma_7_.jpeg\" data-src=\"https:\/\/www.fica.unsl.edu.ar\/wp-content\/grand-media\/image\/promocio_carreras_vm_la_toma_7_.jpeg\" alt=\"Promocio Carreras Vm La Toma (7)\"\/><\/a>\r\n                                    <div class=\"gmPhantom_ThumbLabel\"><span class=\"gmPhantom_ThumbLabel_title\">Promocio Carreras Vm La Toma (7)<\/span><\/div>\r\n                                    <div style=\"display:none;\" class=\"gmPhantom_Details\">\r\n                                            <div class=\"gmPhantom_description\">\r\n                            <div class=\"gmPhantom_title\">Promocio Carreras Vm La Toma (7)<\/div>\r\n                            <div class=\"gmPhantom_text\"><\/div>\r\n                        <\/div>\r\n                                                            <div class=\"gmPhantom_terms\">\r\n                                                    <div class=\"gmPhantom_other_terms\">\r\n                                <table class=\"gmPhantom_other_terms_table\">\r\n                                                                            <tr class=\"gmPhantom_term_row_album\">\r\n                                            <td class=\"gmPhantom_term_key\">Album<\/td>\r\n                                            <td class=\"gmPhantom_term_value\"><a href=\"\/index.php\/wp-json\/wp\/v2\/posts\/13936?gm158[album__in]=158\" class=\"gmPhantom_alb\">oferta-educativa-vm-latoma-2023<\/a><\/td>\r\n                                        <\/tr>\r\n                                                                    <\/table>\r\n                            <\/div>\r\n                                                <\/div>\r\n                <\/div>\r\n                <\/div>            <div class=\"gmPhantom_ThumbContainer gmPhantom_ThumbLoader\" data-id=\"2229\" data-post_id=\"13950\" data-ratio=\"1.3333333333333\" data-type=\"image\" data-ext=\"jpg\" data-views=\"2\" data-likes=\"0\" data-cc=\"0\" data-post_link=\"https:\/\/www.fica.unsl.edu.ar\/index.php\/gmedia\/promocio_carreras_vm_la_toma_6_-jpg\/\">\r\n                <a href=\"https:\/\/www.fica.unsl.edu.ar\/wp-content\/grand-media\/image\/promocio_carreras_vm_la_toma_6_.jpg\" class=\"gmPhantom_Thumb\"><img decoding=\"async\" src=\"https:\/\/www.fica.unsl.edu.ar\/wp-content\/grand-media\/image\/thumb\/promocio_carreras_vm_la_toma_6_.jpg\" data-src=\"https:\/\/www.fica.unsl.edu.ar\/wp-content\/grand-media\/image\/promocio_carreras_vm_la_toma_6_.jpg\" alt=\"Promocio Carreras Vm La Toma (6)\"\/><\/a>\r\n                                    <div class=\"gmPhantom_ThumbLabel\"><span class=\"gmPhantom_ThumbLabel_title\">Promocio Carreras Vm La Toma (6)<\/span><\/div>\r\n                                    <div style=\"display:none;\" class=\"gmPhantom_Details\">\r\n                                            <div class=\"gmPhantom_description\">\r\n                            <div class=\"gmPhantom_title\">Promocio Carreras Vm La Toma (6)<\/div>\r\n                            <div class=\"gmPhantom_text\"><\/div>\r\n                        <\/div>\r\n                                                            <div class=\"gmPhantom_terms\">\r\n                                                    <div class=\"gmPhantom_other_terms\">\r\n                                <table class=\"gmPhantom_other_terms_table\">\r\n                                                                            <tr class=\"gmPhantom_term_row_album\">\r\n                                            <td class=\"gmPhantom_term_key\">Album<\/td>\r\n                                            <td class=\"gmPhantom_term_value\"><a href=\"\/index.php\/wp-json\/wp\/v2\/posts\/13936?gm158[album__in]=158\" class=\"gmPhantom_alb\">oferta-educativa-vm-latoma-2023<\/a><\/td>\r\n                                        <\/tr>\r\n                                                                    <\/table>\r\n                            <\/div>\r\n                                                <\/div>\r\n                <\/div>\r\n                <\/div>            <div class=\"gmPhantom_ThumbContainer gmPhantom_ThumbLoader\" data-id=\"2228\" data-post_id=\"13949\" data-ratio=\"1.3333333333333\" data-type=\"image\" data-ext=\"jpeg\" data-views=\"4\" data-likes=\"0\" data-cc=\"0\" data-post_link=\"https:\/\/www.fica.unsl.edu.ar\/index.php\/gmedia\/promocio_carreras_vm_la_toma_6_-jpeg\/\">\r\n                <a href=\"https:\/\/www.fica.unsl.edu.ar\/wp-content\/grand-media\/image\/promocio_carreras_vm_la_toma_6_.jpeg\" class=\"gmPhantom_Thumb\"><img decoding=\"async\" src=\"https:\/\/www.fica.unsl.edu.ar\/wp-content\/grand-media\/image\/thumb\/promocio_carreras_vm_la_toma_6_.jpeg\" data-src=\"https:\/\/www.fica.unsl.edu.ar\/wp-content\/grand-media\/image\/promocio_carreras_vm_la_toma_6_.jpeg\" alt=\"Promocio Carreras Vm La Toma (6)\"\/><\/a>\r\n                                    <div class=\"gmPhantom_ThumbLabel\"><span class=\"gmPhantom_ThumbLabel_title\">Promocio Carreras Vm La Toma (6)<\/span><\/div>\r\n                                    <div style=\"display:none;\" class=\"gmPhantom_Details\">\r\n                                            <div class=\"gmPhantom_description\">\r\n                            <div class=\"gmPhantom_title\">Promocio Carreras Vm La Toma (6)<\/div>\r\n                            <div class=\"gmPhantom_text\"><\/div>\r\n                        <\/div>\r\n                                                            <div class=\"gmPhantom_terms\">\r\n                                                    <div class=\"gmPhantom_other_terms\">\r\n                                <table class=\"gmPhantom_other_terms_table\">\r\n                                                                            <tr class=\"gmPhantom_term_row_album\">\r\n                                            <td class=\"gmPhantom_term_key\">Album<\/td>\r\n                                            <td class=\"gmPhantom_term_value\"><a href=\"\/index.php\/wp-json\/wp\/v2\/posts\/13936?gm158[album__in]=158\" class=\"gmPhantom_alb\">oferta-educativa-vm-latoma-2023<\/a><\/td>\r\n                                        <\/tr>\r\n                                                                    <\/table>\r\n                            <\/div>\r\n                                                <\/div>\r\n                <\/div>\r\n                <\/div>            <div class=\"gmPhantom_ThumbContainer gmPhantom_ThumbLoader\" data-id=\"2227\" data-post_id=\"13947\" data-ratio=\"1.3333333333333\" data-type=\"image\" data-ext=\"jpg\" data-views=\"3\" data-likes=\"0\" data-cc=\"0\" data-post_link=\"https:\/\/www.fica.unsl.edu.ar\/index.php\/gmedia\/promocio_carreras_vm_la_toma_5_-jpg\/\">\r\n                <a href=\"https:\/\/www.fica.unsl.edu.ar\/wp-content\/grand-media\/image\/promocio_carreras_vm_la_toma_5_.jpg\" class=\"gmPhantom_Thumb\"><img decoding=\"async\" src=\"https:\/\/www.fica.unsl.edu.ar\/wp-content\/grand-media\/image\/thumb\/promocio_carreras_vm_la_toma_5_.jpg\" data-src=\"https:\/\/www.fica.unsl.edu.ar\/wp-content\/grand-media\/image\/promocio_carreras_vm_la_toma_5_.jpg\" alt=\"Promocio Carreras Vm La Toma (5)\"\/><\/a>\r\n                                    <div class=\"gmPhantom_ThumbLabel\"><span class=\"gmPhantom_ThumbLabel_title\">Promocio Carreras Vm La Toma (5)<\/span><\/div>\r\n                                    <div style=\"display:none;\" class=\"gmPhantom_Details\">\r\n                                            <div class=\"gmPhantom_description\">\r\n                            <div class=\"gmPhantom_title\">Promocio Carreras Vm La Toma (5)<\/div>\r\n                            <div class=\"gmPhantom_text\"><\/div>\r\n                        <\/div>\r\n                                                            <div class=\"gmPhantom_terms\">\r\n                                                    <div class=\"gmPhantom_other_terms\">\r\n                                <table class=\"gmPhantom_other_terms_table\">\r\n                                                                            <tr class=\"gmPhantom_term_row_album\">\r\n                                            <td class=\"gmPhantom_term_key\">Album<\/td>\r\n                                            <td class=\"gmPhantom_term_value\"><a href=\"\/index.php\/wp-json\/wp\/v2\/posts\/13936?gm158[album__in]=158\" class=\"gmPhantom_alb\">oferta-educativa-vm-latoma-2023<\/a><\/td>\r\n                                        <\/tr>\r\n                                                                    <\/table>\r\n                            <\/div>\r\n                                                <\/div>\r\n                <\/div>\r\n                <\/div>            <div class=\"gmPhantom_ThumbContainer gmPhantom_ThumbLoader\" data-id=\"2226\" data-post_id=\"13946\" data-ratio=\"1.3333333333333\" data-type=\"image\" data-ext=\"jpg\" data-views=\"4\" data-likes=\"0\" data-cc=\"0\" data-post_link=\"https:\/\/www.fica.unsl.edu.ar\/index.php\/gmedia\/promocio_carreras_vm_la_toma_4_-jpg\/\">\r\n                <a href=\"https:\/\/www.fica.unsl.edu.ar\/wp-content\/grand-media\/image\/promocio_carreras_vm_la_toma_4_.jpg\" class=\"gmPhantom_Thumb\"><img decoding=\"async\" src=\"https:\/\/www.fica.unsl.edu.ar\/wp-content\/grand-media\/image\/thumb\/promocio_carreras_vm_la_toma_4_.jpg\" data-src=\"https:\/\/www.fica.unsl.edu.ar\/wp-content\/grand-media\/image\/promocio_carreras_vm_la_toma_4_.jpg\" alt=\"Promocio Carreras Vm La Toma (4)\"\/><\/a>\r\n                                    <div class=\"gmPhantom_ThumbLabel\"><span class=\"gmPhantom_ThumbLabel_title\">Promocio Carreras Vm La Toma (4)<\/span><\/div>\r\n                                    <div style=\"display:none;\" class=\"gmPhantom_Details\">\r\n                                            <div class=\"gmPhantom_description\">\r\n                            <div class=\"gmPhantom_title\">Promocio Carreras Vm La Toma (4)<\/div>\r\n                            <div class=\"gmPhantom_text\"><\/div>\r\n                        <\/div>\r\n                                                            <div class=\"gmPhantom_terms\">\r\n                                                    <div class=\"gmPhantom_other_terms\">\r\n                                <table class=\"gmPhantom_other_terms_table\">\r\n                                                                            <tr class=\"gmPhantom_term_row_album\">\r\n                                            <td class=\"gmPhantom_term_key\">Album<\/td>\r\n                                            <td class=\"gmPhantom_term_value\"><a href=\"\/index.php\/wp-json\/wp\/v2\/posts\/13936?gm158[album__in]=158\" class=\"gmPhantom_alb\">oferta-educativa-vm-latoma-2023<\/a><\/td>\r\n                                        <\/tr>\r\n                                                                    <\/table>\r\n                            <\/div>\r\n                                                <\/div>\r\n                <\/div>\r\n                <\/div>            <div class=\"gmPhantom_ThumbContainer gmPhantom_ThumbLoader\" data-id=\"2225\" data-post_id=\"13945\" data-ratio=\"1.33\" data-type=\"image\" data-ext=\"jpeg\" data-views=\"3\" data-likes=\"0\" data-cc=\"0\" data-post_link=\"https:\/\/www.fica.unsl.edu.ar\/index.php\/gmedia\/promocio_carreras_vm_la_toma_4_-jpeg\/\">\r\n                <a href=\"https:\/\/www.fica.unsl.edu.ar\/wp-content\/grand-media\/image\/promocio_carreras_vm_la_toma_4_.jpeg\" class=\"gmPhantom_Thumb\"><img decoding=\"async\" src=\"https:\/\/www.fica.unsl.edu.ar\/wp-content\/grand-media\/image\/thumb\/promocio_carreras_vm_la_toma_4_.jpeg\" data-src=\"https:\/\/www.fica.unsl.edu.ar\/wp-content\/grand-media\/image\/promocio_carreras_vm_la_toma_4_.jpeg\" alt=\"Promocio Carreras Vm La Toma (4)\"\/><\/a>\r\n                                    <div class=\"gmPhantom_ThumbLabel\"><span class=\"gmPhantom_ThumbLabel_title\">Promocio Carreras Vm La Toma (4)<\/span><\/div>\r\n                                    <div style=\"display:none;\" class=\"gmPhantom_Details\">\r\n                                            <div class=\"gmPhantom_description\">\r\n                            <div class=\"gmPhantom_title\">Promocio Carreras Vm La Toma (4)<\/div>\r\n                            <div class=\"gmPhantom_text\"><\/div>\r\n                        <\/div>\r\n                                                            <div class=\"gmPhantom_terms\">\r\n                                                    <div class=\"gmPhantom_other_terms\">\r\n                                <table class=\"gmPhantom_other_terms_table\">\r\n                                                                            <tr class=\"gmPhantom_term_row_album\">\r\n                                            <td class=\"gmPhantom_term_key\">Album<\/td>\r\n                                            <td class=\"gmPhantom_term_value\"><a href=\"\/index.php\/wp-json\/wp\/v2\/posts\/13936?gm158[album__in]=158\" class=\"gmPhantom_alb\">oferta-educativa-vm-latoma-2023<\/a><\/td>\r\n                                        <\/tr>\r\n                                                                    <\/table>\r\n                            <\/div>\r\n                                                <\/div>\r\n                <\/div>\r\n                <\/div>            <div class=\"gmPhantom_ThumbContainer gmPhantom_ThumbLoader\" data-id=\"2224\" data-post_id=\"13944\" data-ratio=\"1.3333333333333\" data-type=\"image\" data-ext=\"jpg\" data-views=\"3\" data-likes=\"0\" data-cc=\"0\" data-post_link=\"https:\/\/www.fica.unsl.edu.ar\/index.php\/gmedia\/promocio_carreras_vm_la_toma_3_-jpg\/\">\r\n                <a href=\"https:\/\/www.fica.unsl.edu.ar\/wp-content\/grand-media\/image\/promocio_carreras_vm_la_toma_3_.jpg\" class=\"gmPhantom_Thumb\"><img decoding=\"async\" src=\"https:\/\/www.fica.unsl.edu.ar\/wp-content\/grand-media\/image\/thumb\/promocio_carreras_vm_la_toma_3_.jpg\" data-src=\"https:\/\/www.fica.unsl.edu.ar\/wp-content\/grand-media\/image\/promocio_carreras_vm_la_toma_3_.jpg\" alt=\"Promocio Carreras Vm La Toma (3)\"\/><\/a>\r\n                                    <div class=\"gmPhantom_ThumbLabel\"><span class=\"gmPhantom_ThumbLabel_title\">Promocio Carreras Vm La Toma (3)<\/span><\/div>\r\n                                    <div style=\"display:none;\" class=\"gmPhantom_Details\">\r\n                                            <div class=\"gmPhantom_description\">\r\n                            <div class=\"gmPhantom_title\">Promocio Carreras Vm La Toma (3)<\/div>\r\n                            <div class=\"gmPhantom_text\"><\/div>\r\n                        <\/div>\r\n                                                            <div class=\"gmPhantom_terms\">\r\n                                                    <div class=\"gmPhantom_other_terms\">\r\n                                <table class=\"gmPhantom_other_terms_table\">\r\n                                                                            <tr class=\"gmPhantom_term_row_album\">\r\n                                            <td class=\"gmPhantom_term_key\">Album<\/td>\r\n                                            <td class=\"gmPhantom_term_value\"><a href=\"\/index.php\/wp-json\/wp\/v2\/posts\/13936?gm158[album__in]=158\" class=\"gmPhantom_alb\">oferta-educativa-vm-latoma-2023<\/a><\/td>\r\n                                        <\/tr>\r\n                                                                    <\/table>\r\n                            <\/div>\r\n                                                <\/div>\r\n                <\/div>\r\n                <\/div>            <div class=\"gmPhantom_ThumbContainer gmPhantom_ThumbLoader\" data-id=\"2223\" data-post_id=\"13943\" data-ratio=\"0.75\" data-type=\"image\" data-ext=\"jpeg\" data-views=\"2\" data-likes=\"0\" data-cc=\"0\" data-post_link=\"https:\/\/www.fica.unsl.edu.ar\/index.php\/gmedia\/promocio_carreras_vm_la_toma_3_-jpeg\/\">\r\n                <a href=\"https:\/\/www.fica.unsl.edu.ar\/wp-content\/grand-media\/image\/promocio_carreras_vm_la_toma_3_.jpeg\" class=\"gmPhantom_Thumb\"><img decoding=\"async\" src=\"https:\/\/www.fica.unsl.edu.ar\/wp-content\/grand-media\/image\/thumb\/promocio_carreras_vm_la_toma_3_.jpeg\" data-src=\"https:\/\/www.fica.unsl.edu.ar\/wp-content\/grand-media\/image\/promocio_carreras_vm_la_toma_3_.jpeg\" alt=\"Promocio Carreras Vm La Toma (3)\"\/><\/a>\r\n                                    <div class=\"gmPhantom_ThumbLabel\"><span class=\"gmPhantom_ThumbLabel_title\">Promocio Carreras Vm La Toma (3)<\/span><\/div>\r\n                                    <div style=\"display:none;\" class=\"gmPhantom_Details\">\r\n                                            <div class=\"gmPhantom_description\">\r\n                            <div class=\"gmPhantom_title\">Promocio Carreras Vm La Toma (3)<\/div>\r\n                            <div class=\"gmPhantom_text\"><\/div>\r\n                        <\/div>\r\n                                                            <div class=\"gmPhantom_terms\">\r\n                                                    <div class=\"gmPhantom_other_terms\">\r\n                                <table class=\"gmPhantom_other_terms_table\">\r\n                                                                            <tr class=\"gmPhantom_term_row_album\">\r\n                                            <td class=\"gmPhantom_term_key\">Album<\/td>\r\n                                            <td class=\"gmPhantom_term_value\"><a href=\"\/index.php\/wp-json\/wp\/v2\/posts\/13936?gm158[album__in]=158\" class=\"gmPhantom_alb\">oferta-educativa-vm-latoma-2023<\/a><\/td>\r\n                                        <\/tr>\r\n                                                                    <\/table>\r\n                            <\/div>\r\n                                                <\/div>\r\n                <\/div>\r\n                <\/div>            <div class=\"gmPhantom_ThumbContainer gmPhantom_ThumbLoader\" data-id=\"2222\" data-post_id=\"13942\" data-ratio=\"1.3333333333333\" data-type=\"image\" data-ext=\"jpg\" data-views=\"4\" data-likes=\"0\" data-cc=\"0\" data-post_link=\"https:\/\/www.fica.unsl.edu.ar\/index.php\/gmedia\/promocio_carreras_vm_la_toma_2_-jpg\/\">\r\n                <a href=\"https:\/\/www.fica.unsl.edu.ar\/wp-content\/grand-media\/image\/promocio_carreras_vm_la_toma_2_.jpg\" class=\"gmPhantom_Thumb\"><img decoding=\"async\" src=\"https:\/\/www.fica.unsl.edu.ar\/wp-content\/grand-media\/image\/thumb\/promocio_carreras_vm_la_toma_2_.jpg\" data-src=\"https:\/\/www.fica.unsl.edu.ar\/wp-content\/grand-media\/image\/promocio_carreras_vm_la_toma_2_.jpg\" alt=\"Promocio Carreras Vm La Toma (2)\"\/><\/a>\r\n                                    <div class=\"gmPhantom_ThumbLabel\"><span class=\"gmPhantom_ThumbLabel_title\">Promocio Carreras Vm La Toma (2)<\/span><\/div>\r\n                                    <div style=\"display:none;\" class=\"gmPhantom_Details\">\r\n                                            <div class=\"gmPhantom_description\">\r\n                            <div class=\"gmPhantom_title\">Promocio Carreras Vm La Toma (2)<\/div>\r\n                            <div class=\"gmPhantom_text\"><\/div>\r\n                        <\/div>\r\n                                                            <div class=\"gmPhantom_terms\">\r\n                                                    <div class=\"gmPhantom_other_terms\">\r\n                                <table class=\"gmPhantom_other_terms_table\">\r\n                                                                            <tr class=\"gmPhantom_term_row_album\">\r\n                                            <td class=\"gmPhantom_term_key\">Album<\/td>\r\n                                            <td class=\"gmPhantom_term_value\"><a href=\"\/index.php\/wp-json\/wp\/v2\/posts\/13936?gm158[album__in]=158\" class=\"gmPhantom_alb\">oferta-educativa-vm-latoma-2023<\/a><\/td>\r\n                                        <\/tr>\r\n                                                                    <\/table>\r\n                            <\/div>\r\n                                                <\/div>\r\n                <\/div>\r\n                <\/div>            <div class=\"gmPhantom_ThumbContainer gmPhantom_ThumbLoader\" data-id=\"2221\" data-post_id=\"13941\" data-ratio=\"0.75\" data-type=\"image\" data-ext=\"jpeg\" data-views=\"5\" data-likes=\"0\" data-cc=\"0\" data-post_link=\"https:\/\/www.fica.unsl.edu.ar\/index.php\/gmedia\/promocio_carreras_vm_la_toma_2_-jpeg\/\">\r\n                <a href=\"https:\/\/www.fica.unsl.edu.ar\/wp-content\/grand-media\/image\/promocio_carreras_vm_la_toma_2_.jpeg\" class=\"gmPhantom_Thumb\"><img decoding=\"async\" src=\"https:\/\/www.fica.unsl.edu.ar\/wp-content\/grand-media\/image\/thumb\/promocio_carreras_vm_la_toma_2_.jpeg\" data-src=\"https:\/\/www.fica.unsl.edu.ar\/wp-content\/grand-media\/image\/promocio_carreras_vm_la_toma_2_.jpeg\" alt=\"Promocio Carreras Vm La Toma (2)\"\/><\/a>\r\n                                    <div class=\"gmPhantom_ThumbLabel\"><span class=\"gmPhantom_ThumbLabel_title\">Promocio Carreras Vm La Toma (2)<\/span><\/div>\r\n                                    <div style=\"display:none;\" class=\"gmPhantom_Details\">\r\n                                            <div class=\"gmPhantom_description\">\r\n                            <div class=\"gmPhantom_title\">Promocio Carreras Vm La Toma (2)<\/div>\r\n                            <div class=\"gmPhantom_text\"><\/div>\r\n                        <\/div>\r\n                                                            <div class=\"gmPhantom_terms\">\r\n                                                    <div class=\"gmPhantom_other_terms\">\r\n                                <table class=\"gmPhantom_other_terms_table\">\r\n                                                                            <tr class=\"gmPhantom_term_row_album\">\r\n                                            <td class=\"gmPhantom_term_key\">Album<\/td>\r\n                                            <td class=\"gmPhantom_term_value\"><a href=\"\/index.php\/wp-json\/wp\/v2\/posts\/13936?gm158[album__in]=158\" class=\"gmPhantom_alb\">oferta-educativa-vm-latoma-2023<\/a><\/td>\r\n                                        <\/tr>\r\n                                                                    <\/table>\r\n                            <\/div>\r\n                                                <\/div>\r\n                <\/div>\r\n                <\/div>            <div class=\"gmPhantom_ThumbContainer gmPhantom_ThumbLoader\" data-id=\"2220\" data-post_id=\"13940\" data-ratio=\"1.3333333333333\" data-type=\"image\" data-ext=\"jpeg\" data-views=\"4\" data-likes=\"0\" data-cc=\"0\" data-post_link=\"https:\/\/www.fica.unsl.edu.ar\/index.php\/gmedia\/promocio_carreras_vm_la_toma_1_-jpeg\/\">\r\n                <a href=\"https:\/\/www.fica.unsl.edu.ar\/wp-content\/grand-media\/image\/promocio_carreras_vm_la_toma_1_.jpeg\" class=\"gmPhantom_Thumb\"><img decoding=\"async\" src=\"https:\/\/www.fica.unsl.edu.ar\/wp-content\/grand-media\/image\/thumb\/promocio_carreras_vm_la_toma_1_.jpeg\" data-src=\"https:\/\/www.fica.unsl.edu.ar\/wp-content\/grand-media\/image\/promocio_carreras_vm_la_toma_1_.jpeg\" alt=\"Promocio Carreras Vm La Toma (1)\"\/><\/a>\r\n                                    <div class=\"gmPhantom_ThumbLabel\"><span class=\"gmPhantom_ThumbLabel_title\">Promocio Carreras Vm La Toma (1)<\/span><\/div>\r\n                                    <div style=\"display:none;\" class=\"gmPhantom_Details\">\r\n                                            <div class=\"gmPhantom_description\">\r\n                            <div class=\"gmPhantom_title\">Promocio Carreras Vm La Toma (1)<\/div>\r\n                            <div class=\"gmPhantom_text\"><\/div>\r\n                        <\/div>\r\n                                                            <div class=\"gmPhantom_terms\">\r\n                                                    <div class=\"gmPhantom_other_terms\">\r\n                                <table class=\"gmPhantom_other_terms_table\">\r\n                                                                            <tr class=\"gmPhantom_term_row_album\">\r\n                                            <td class=\"gmPhantom_term_key\">Album<\/td>\r\n                                            <td class=\"gmPhantom_term_value\"><a href=\"\/index.php\/wp-json\/wp\/v2\/posts\/13936?gm158[album__in]=158\" class=\"gmPhantom_alb\">oferta-educativa-vm-latoma-2023<\/a><\/td>\r\n                                        <\/tr>\r\n                                                                    <\/table>\r\n                            <\/div>\r\n                                                <\/div>\r\n                <\/div>\r\n                <\/div>        <\/div>\r\n    <\/div>\r\n<\/div>\n","protected":false},"excerpt":{"rendered":"<p>En las jornadas del martes 4 y mi\u00e9rcoles 5 de julio, se llevaron adelante diferentes actividades de difusi\u00f3n de la oferta educativa de la FICA,&hellip;<\/p>\n","protected":false},"author":9,"featured_media":13937,"comment_status":"closed","ping_status":"closed","sticky":false,"template":"","format":"standard","meta":{"_monsterinsights_skip_tracking":false,"_monsterinsights_sitenote_active":false,"_monsterinsights_sitenote_note":"","_monsterinsights_sitenote_category":0,"_joinchat":[],"footnotes":""},"categories":[19],"tags":[],"class_list":["post-13936","post","type-post","status-publish","format-standard","has-post-thumbnail","hentry","category-noticias"],"yoast_head":"<!-- This site is optimized with the Yoast SEO plugin v27.4 - https:\/\/yoast.com\/product\/yoast-seo-wordpress\/ -->\n<title>Promoci\u00f3n de la oferta educativa de la FICA en La Toma y Villa Mercedes - Facultad de Ingenier\u00eda y Ciencias Agropecuarias<\/title>\n<meta name=\"robots\" content=\"index, follow, max-snippet:-1, max-image-preview:large, max-video-preview:-1\" \/>\n<link rel=\"canonical\" href=\"https:\/\/www.fica.unsl.edu.ar\/index.php\/promocion-de-carreras-en-la-toma-y-villa-mercedes\/\" \/>\n<meta property=\"og:locale\" content=\"es_ES\" \/>\n<meta property=\"og:type\" content=\"article\" \/>\n<meta property=\"og:title\" content=\"Promoci\u00f3n de la oferta educativa de la FICA en La Toma y Villa Mercedes - Facultad de Ingenier\u00eda y Ciencias Agropecuarias\" \/>\n<meta property=\"og:description\" content=\"En las jornadas del martes 4 y mi\u00e9rcoles 5 de julio, se llevaron adelante diferentes actividades de difusi\u00f3n de la oferta educativa de la FICA,&hellip;\" \/>\n<meta property=\"og:url\" content=\"https:\/\/www.fica.unsl.edu.ar\/index.php\/promocion-de-carreras-en-la-toma-y-villa-mercedes\/\" \/>\n<meta property=\"og:site_name\" content=\"Facultad de Ingenier\u00eda y Ciencias Agropecuarias\" \/>\n<meta property=\"article:publisher\" content=\"https:\/\/www.facebook.com\/FICA.UNSL\/\" \/>\n<meta property=\"article:published_time\" content=\"2023-07-06T23:21:15+00:00\" \/>\n<meta property=\"article:modified_time\" content=\"2023-07-07T22:17:58+00:00\" \/>\n<meta property=\"og:image\" content=\"https:\/\/www.fica.unsl.edu.ar\/wp-content\/uploads\/2023\/07\/fica-promo.jpg\" \/>\n\t<meta property=\"og:image:width\" content=\"1024\" \/>\n\t<meta property=\"og:image:height\" content=\"681\" \/>\n\t<meta property=\"og:image:type\" content=\"image\/jpeg\" \/>\n<meta name=\"author\" content=\"DATI\" \/>\n<meta name=\"twitter:card\" content=\"summary_large_image\" \/>\n<meta name=\"twitter:creator\" content=\"@FICAUNSL\" \/>\n<meta name=\"twitter:site\" content=\"@FICAUNSL\" \/>\n<meta name=\"twitter:label1\" content=\"Escrito por\" \/>\n\t<meta name=\"twitter:data1\" content=\"DATI\" \/>\n\t<meta name=\"twitter:label2\" content=\"Tiempo de lectura\" \/>\n\t<meta name=\"twitter:data2\" content=\"2 minutos\" \/>\n<script type=\"application\/ld+json\" class=\"yoast-schema-graph\">{\"@context\":\"https:\\\/\\\/schema.org\",\"@graph\":[{\"@type\":\"Article\",\"@id\":\"https:\\\/\\\/www.fica.unsl.edu.ar\\\/index.php\\\/promocion-de-carreras-en-la-toma-y-villa-mercedes\\\/#article\",\"isPartOf\":{\"@id\":\"https:\\\/\\\/www.fica.unsl.edu.ar\\\/index.php\\\/promocion-de-carreras-en-la-toma-y-villa-mercedes\\\/\"},\"author\":{\"name\":\"DATI\",\"@id\":\"https:\\\/\\\/www.fica.unsl.edu.ar\\\/#\\\/schema\\\/person\\\/6058f9c66301868d3a691b1f5d6c3544\"},\"headline\":\"Promoci\u00f3n de la oferta educativa de la FICA en La Toma y Villa Mercedes\",\"datePublished\":\"2023-07-06T23:21:15+00:00\",\"dateModified\":\"2023-07-07T22:17:58+00:00\",\"mainEntityOfPage\":{\"@id\":\"https:\\\/\\\/www.fica.unsl.edu.ar\\\/index.php\\\/promocion-de-carreras-en-la-toma-y-villa-mercedes\\\/\"},\"wordCount\":257,\"publisher\":{\"@id\":\"https:\\\/\\\/www.fica.unsl.edu.ar\\\/#organization\"},\"image\":{\"@id\":\"https:\\\/\\\/www.fica.unsl.edu.ar\\\/index.php\\\/promocion-de-carreras-en-la-toma-y-villa-mercedes\\\/#primaryimage\"},\"thumbnailUrl\":\"https:\\\/\\\/www.fica.unsl.edu.ar\\\/wp-content\\\/uploads\\\/2023\\\/07\\\/fica-promo.jpg\",\"articleSection\":[\"Noticias\"],\"inLanguage\":\"es-AR\"},{\"@type\":\"WebPage\",\"@id\":\"https:\\\/\\\/www.fica.unsl.edu.ar\\\/index.php\\\/promocion-de-carreras-en-la-toma-y-villa-mercedes\\\/\",\"url\":\"https:\\\/\\\/www.fica.unsl.edu.ar\\\/index.php\\\/promocion-de-carreras-en-la-toma-y-villa-mercedes\\\/\",\"name\":\"Promoci\u00f3n de la oferta educativa de la FICA en La Toma y Villa Mercedes - Facultad de Ingenier\u00eda y Ciencias Agropecuarias\",\"isPartOf\":{\"@id\":\"https:\\\/\\\/www.fica.unsl.edu.ar\\\/#website\"},\"primaryImageOfPage\":{\"@id\":\"https:\\\/\\\/www.fica.unsl.edu.ar\\\/index.php\\\/promocion-de-carreras-en-la-toma-y-villa-mercedes\\\/#primaryimage\"},\"image\":{\"@id\":\"https:\\\/\\\/www.fica.unsl.edu.ar\\\/index.php\\\/promocion-de-carreras-en-la-toma-y-villa-mercedes\\\/#primaryimage\"},\"thumbnailUrl\":\"https:\\\/\\\/www.fica.unsl.edu.ar\\\/wp-content\\\/uploads\\\/2023\\\/07\\\/fica-promo.jpg\",\"datePublished\":\"2023-07-06T23:21:15+00:00\",\"dateModified\":\"2023-07-07T22:17:58+00:00\",\"inLanguage\":\"es-AR\",\"potentialAction\":[{\"@type\":\"ReadAction\",\"target\":[\"https:\\\/\\\/www.fica.unsl.edu.ar\\\/index.php\\\/promocion-de-carreras-en-la-toma-y-villa-mercedes\\\/\"]}]},{\"@type\":\"ImageObject\",\"inLanguage\":\"es-AR\",\"@id\":\"https:\\\/\\\/www.fica.unsl.edu.ar\\\/index.php\\\/promocion-de-carreras-en-la-toma-y-villa-mercedes\\\/#primaryimage\",\"url\":\"https:\\\/\\\/www.fica.unsl.edu.ar\\\/wp-content\\\/uploads\\\/2023\\\/07\\\/fica-promo.jpg\",\"contentUrl\":\"https:\\\/\\\/www.fica.unsl.edu.ar\\\/wp-content\\\/uploads\\\/2023\\\/07\\\/fica-promo.jpg\",\"width\":1024,\"height\":681},{\"@type\":\"WebSite\",\"@id\":\"https:\\\/\\\/www.fica.unsl.edu.ar\\\/#website\",\"url\":\"https:\\\/\\\/www.fica.unsl.edu.ar\\\/\",\"name\":\"Facultad de Ingenier\u00eda y Ciencias Agropecuarias\",\"description\":\"\",\"publisher\":{\"@id\":\"https:\\\/\\\/www.fica.unsl.edu.ar\\\/#organization\"},\"potentialAction\":[{\"@type\":\"SearchAction\",\"target\":{\"@type\":\"EntryPoint\",\"urlTemplate\":\"https:\\\/\\\/www.fica.unsl.edu.ar\\\/?s={search_term_string}\"},\"query-input\":{\"@type\":\"PropertyValueSpecification\",\"valueRequired\":true,\"valueName\":\"search_term_string\"}}],\"inLanguage\":\"es-AR\"},{\"@type\":\"Organization\",\"@id\":\"https:\\\/\\\/www.fica.unsl.edu.ar\\\/#organization\",\"name\":\"Facultad de Ingenier\u00eda y Ciencias Agropecuarias\",\"url\":\"https:\\\/\\\/www.fica.unsl.edu.ar\\\/\",\"logo\":{\"@type\":\"ImageObject\",\"inLanguage\":\"es-AR\",\"@id\":\"https:\\\/\\\/www.fica.unsl.edu.ar\\\/#\\\/schema\\\/logo\\\/image\\\/\",\"url\":\"https:\\\/\\\/www.fica.unsl.edu.ar\\\/wp-content\\\/uploads\\\/2021\\\/03\\\/LOGO-1.jpg\",\"contentUrl\":\"https:\\\/\\\/www.fica.unsl.edu.ar\\\/wp-content\\\/uploads\\\/2021\\\/03\\\/LOGO-1.jpg\",\"width\":463,\"height\":145,\"caption\":\"Facultad de Ingenier\u00eda y Ciencias Agropecuarias\"},\"image\":{\"@id\":\"https:\\\/\\\/www.fica.unsl.edu.ar\\\/#\\\/schema\\\/logo\\\/image\\\/\"},\"sameAs\":[\"https:\\\/\\\/www.facebook.com\\\/FICA.UNSL\\\/\",\"https:\\\/\\\/x.com\\\/FICAUNSL\",\"https:\\\/\\\/www.instagram.com\\\/fica.unsl\\\/\",\"https:\\\/\\\/www.youtube.com\\\/channel\\\/UCs2MM53gb2PyBrMySdtWZDQ\"]},{\"@type\":\"Person\",\"@id\":\"https:\\\/\\\/www.fica.unsl.edu.ar\\\/#\\\/schema\\\/person\\\/6058f9c66301868d3a691b1f5d6c3544\",\"name\":\"DATI\"}]}<\/script>\n<!-- \/ Yoast SEO plugin. -->","yoast_head_json":{"title":"Promoci\u00f3n de la oferta educativa de la FICA en La Toma y Villa Mercedes - Facultad de Ingenier\u00eda y Ciencias Agropecuarias","robots":{"index":"index","follow":"follow","max-snippet":"max-snippet:-1","max-image-preview":"max-image-preview:large","max-video-preview":"max-video-preview:-1"},"canonical":"https:\/\/www.fica.unsl.edu.ar\/index.php\/promocion-de-carreras-en-la-toma-y-villa-mercedes\/","og_locale":"es_ES","og_type":"article","og_title":"Promoci\u00f3n de la oferta educativa de la FICA en La Toma y Villa Mercedes - Facultad de Ingenier\u00eda y Ciencias Agropecuarias","og_description":"En las jornadas del martes 4 y mi\u00e9rcoles 5 de julio, se llevaron adelante diferentes actividades de difusi\u00f3n de la oferta educativa de la FICA,&hellip;","og_url":"https:\/\/www.fica.unsl.edu.ar\/index.php\/promocion-de-carreras-en-la-toma-y-villa-mercedes\/","og_site_name":"Facultad de Ingenier\u00eda y Ciencias Agropecuarias","article_publisher":"https:\/\/www.facebook.com\/FICA.UNSL\/","article_published_time":"2023-07-06T23:21:15+00:00","article_modified_time":"2023-07-07T22:17:58+00:00","og_image":[{"width":1024,"height":681,"url":"https:\/\/www.fica.unsl.edu.ar\/wp-content\/uploads\/2023\/07\/fica-promo.jpg","type":"image\/jpeg"}],"author":"DATI","twitter_card":"summary_large_image","twitter_creator":"@FICAUNSL","twitter_site":"@FICAUNSL","twitter_misc":{"Escrito por":"DATI","Tiempo de lectura":"2 minutos"},"schema":{"@context":"https:\/\/schema.org","@graph":[{"@type":"Article","@id":"https:\/\/www.fica.unsl.edu.ar\/index.php\/promocion-de-carreras-en-la-toma-y-villa-mercedes\/#article","isPartOf":{"@id":"https:\/\/www.fica.unsl.edu.ar\/index.php\/promocion-de-carreras-en-la-toma-y-villa-mercedes\/"},"author":{"name":"DATI","@id":"https:\/\/www.fica.unsl.edu.ar\/#\/schema\/person\/6058f9c66301868d3a691b1f5d6c3544"},"headline":"Promoci\u00f3n de la oferta educativa de la FICA en La Toma y Villa Mercedes","datePublished":"2023-07-06T23:21:15+00:00","dateModified":"2023-07-07T22:17:58+00:00","mainEntityOfPage":{"@id":"https:\/\/www.fica.unsl.edu.ar\/index.php\/promocion-de-carreras-en-la-toma-y-villa-mercedes\/"},"wordCount":257,"publisher":{"@id":"https:\/\/www.fica.unsl.edu.ar\/#organization"},"image":{"@id":"https:\/\/www.fica.unsl.edu.ar\/index.php\/promocion-de-carreras-en-la-toma-y-villa-mercedes\/#primaryimage"},"thumbnailUrl":"https:\/\/www.fica.unsl.edu.ar\/wp-content\/uploads\/2023\/07\/fica-promo.jpg","articleSection":["Noticias"],"inLanguage":"es-AR"},{"@type":"WebPage","@id":"https:\/\/www.fica.unsl.edu.ar\/index.php\/promocion-de-carreras-en-la-toma-y-villa-mercedes\/","url":"https:\/\/www.fica.unsl.edu.ar\/index.php\/promocion-de-carreras-en-la-toma-y-villa-mercedes\/","name":"Promoci\u00f3n de la oferta educativa de la FICA en La Toma y Villa Mercedes - Facultad de Ingenier\u00eda y Ciencias Agropecuarias","isPartOf":{"@id":"https:\/\/www.fica.unsl.edu.ar\/#website"},"primaryImageOfPage":{"@id":"https:\/\/www.fica.unsl.edu.ar\/index.php\/promocion-de-carreras-en-la-toma-y-villa-mercedes\/#primaryimage"},"image":{"@id":"https:\/\/www.fica.unsl.edu.ar\/index.php\/promocion-de-carreras-en-la-toma-y-villa-mercedes\/#primaryimage"},"thumbnailUrl":"https:\/\/www.fica.unsl.edu.ar\/wp-content\/uploads\/2023\/07\/fica-promo.jpg","datePublished":"2023-07-06T23:21:15+00:00","dateModified":"2023-07-07T22:17:58+00:00","inLanguage":"es-AR","potentialAction":[{"@type":"ReadAction","target":["https:\/\/www.fica.unsl.edu.ar\/index.php\/promocion-de-carreras-en-la-toma-y-villa-mercedes\/"]}]},{"@type":"ImageObject","inLanguage":"es-AR","@id":"https:\/\/www.fica.unsl.edu.ar\/index.php\/promocion-de-carreras-en-la-toma-y-villa-mercedes\/#primaryimage","url":"https:\/\/www.fica.unsl.edu.ar\/wp-content\/uploads\/2023\/07\/fica-promo.jpg","contentUrl":"https:\/\/www.fica.unsl.edu.ar\/wp-content\/uploads\/2023\/07\/fica-promo.jpg","width":1024,"height":681},{"@type":"WebSite","@id":"https:\/\/www.fica.unsl.edu.ar\/#website","url":"https:\/\/www.fica.unsl.edu.ar\/","name":"Facultad de Ingenier\u00eda y Ciencias Agropecuarias","description":"","publisher":{"@id":"https:\/\/www.fica.unsl.edu.ar\/#organization"},"potentialAction":[{"@type":"SearchAction","target":{"@type":"EntryPoint","urlTemplate":"https:\/\/www.fica.unsl.edu.ar\/?s={search_term_string}"},"query-input":{"@type":"PropertyValueSpecification","valueRequired":true,"valueName":"search_term_string"}}],"inLanguage":"es-AR"},{"@type":"Organization","@id":"https:\/\/www.fica.unsl.edu.ar\/#organization","name":"Facultad de Ingenier\u00eda y Ciencias Agropecuarias","url":"https:\/\/www.fica.unsl.edu.ar\/","logo":{"@type":"ImageObject","inLanguage":"es-AR","@id":"https:\/\/www.fica.unsl.edu.ar\/#\/schema\/logo\/image\/","url":"https:\/\/www.fica.unsl.edu.ar\/wp-content\/uploads\/2021\/03\/LOGO-1.jpg","contentUrl":"https:\/\/www.fica.unsl.edu.ar\/wp-content\/uploads\/2021\/03\/LOGO-1.jpg","width":463,"height":145,"caption":"Facultad de Ingenier\u00eda y Ciencias Agropecuarias"},"image":{"@id":"https:\/\/www.fica.unsl.edu.ar\/#\/schema\/logo\/image\/"},"sameAs":["https:\/\/www.facebook.com\/FICA.UNSL\/","https:\/\/x.com\/FICAUNSL","https:\/\/www.instagram.com\/fica.unsl\/","https:\/\/www.youtube.com\/channel\/UCs2MM53gb2PyBrMySdtWZDQ"]},{"@type":"Person","@id":"https:\/\/www.fica.unsl.edu.ar\/#\/schema\/person\/6058f9c66301868d3a691b1f5d6c3544","name":"DATI"}]}},"_links":{"self":[{"href":"https:\/\/www.fica.unsl.edu.ar\/index.php\/wp-json\/wp\/v2\/posts\/13936","targetHints":{"allow":["GET"]}}],"collection":[{"href":"https:\/\/www.fica.unsl.edu.ar\/index.php\/wp-json\/wp\/v2\/posts"}],"about":[{"href":"https:\/\/www.fica.unsl.edu.ar\/index.php\/wp-json\/wp\/v2\/types\/post"}],"author":[{"embeddable":true,"href":"https:\/\/www.fica.unsl.edu.ar\/index.php\/wp-json\/wp\/v2\/users\/9"}],"replies":[{"embeddable":true,"href":"https:\/\/www.fica.unsl.edu.ar\/index.php\/wp-json\/wp\/v2\/comments?post=13936"}],"version-history":[{"count":4,"href":"https:\/\/www.fica.unsl.edu.ar\/index.php\/wp-json\/wp\/v2\/posts\/13936\/revisions"}],"predecessor-version":[{"id":13962,"href":"https:\/\/www.fica.unsl.edu.ar\/index.php\/wp-json\/wp\/v2\/posts\/13936\/revisions\/13962"}],"wp:featuredmedia":[{"embeddable":true,"href":"https:\/\/www.fica.unsl.edu.ar\/index.php\/wp-json\/wp\/v2\/media\/13937"}],"wp:attachment":[{"href":"https:\/\/www.fica.unsl.edu.ar\/index.php\/wp-json\/wp\/v2\/media?parent=13936"}],"wp:term":[{"taxonomy":"category","embeddable":true,"href":"https:\/\/www.fica.unsl.edu.ar\/index.php\/wp-json\/wp\/v2\/categories?post=13936"},{"taxonomy":"post_tag","embeddable":true,"href":"https:\/\/www.fica.unsl.edu.ar\/index.php\/wp-json\/wp\/v2\/tags?post=13936"}],"curies":[{"name":"wp","href":"https:\/\/api.w.org\/{rel}","templated":true}]}}