{"id":14166,"date":"2023-08-09T11:53:11","date_gmt":"2023-08-09T14:53:11","guid":{"rendered":"http:\/\/10.101.10.196\/www\/?p=14166"},"modified":"2023-08-18T09:30:33","modified_gmt":"2023-08-18T12:30:33","slug":"lirpac-fica-intequi-recibe-un-importante-subsidio-mincyt","status":"publish","type":"post","link":"https:\/\/www.fica.unsl.edu.ar\/index.php\/lirpac-fica-intequi-recibe-un-importante-subsidio-mincyt\/","title":{"rendered":"Grupo de investigaci\u00f3n de la FICA y del INTEQUI recibe un importante subsidio del MinCyT"},"content":{"rendered":"<p>En el contexto de la convocatoria &#8220;Proyectos de Redes Federales de Alto Impacto&#8221;, el Ministerio de Ciencia, Tecnolog\u00eda e Innovaci\u00f3n financiar\u00e1 un proyecto en red presentado por un grupo de <strong>investigaci\u00f3n perteneciente a la FICA y a INTEQUI- UNSL\/CONICET<\/strong> junto a investigadores\/as de tres instituciones cient\u00edficas de relevancia nacional. <strong>El monto total del subsidio es de un mill\u00f3n de d\u00f3lares en cuatro a\u00f1os, y los recursos se distribuir\u00e1n en partes iguales para cada grupo de la red.<\/strong><\/p>\n<p>Se trata de la propuesta de proyecto en red titulada CapCO2 Reducci\u00f3n de las emisiones de di\u00f3xido de carbono mediante su captura y conversi\u00f3n a combustibles sint\u00e9ticos, realizada por investigadores del Instituto de Investigaciones en Cat\u00e1lisis y Petroqu\u00edmica de Santa Fe (INCAPE, UNL\/CONICET), del Centro At\u00f3mico Bariloche de R\u00edo Negro (CAB\/CNEA), de la Planta Piloto de Ingenier\u00eda Quimica en Bah\u00eda Blanca, Bs. As. (PLAPIQUI, UNS\/CONICET) y del Laboratorio de Ingenier\u00eda de Reactores y Procesos Asistido por Computadora (LIRPAC) de la FICA y del Instituto de Investigaci\u00f3n en Tecnolog\u00eda Qu\u00edmica (INTEQUI- UNSL\/CONICET).<\/p>\n<p>De los 149 proyectos presentados se premiaron a 23 de distintas provincias de Argentina, con un total de 6.320 millones de pesos en financiamiento. El anuncio oficial se realiz\u00f3 el pasado 7 de agosto en el Centro Cultural de la Ciencia en la ciudad de Buenos Aires, en la que asisti\u00f3 la Dra. Mar\u00eda Laura Rodriguez (LIRPAC-INTEQUI-UNSL\/CONICET, Villa Mercedes) junto a la coordinadora del proyecto, Dra. Laura Cornaglia (INCAPE, UNL\/CONICET, Santa F\u00e9) y los restantes Investigadores Responsables de la red, Dra. Fabiana Gennari (CAB\/CNEA, Bariloche) y Dr. Eduardo L\u00f3pez (PLAPIQUI, UNS\/CONICET, Bah\u00eda Blanca).<\/p>\n<p><img fetchpriority=\"high\" decoding=\"async\" class=\"aligncenter size-full wp-image-14167\" src=\"https:\/\/www.fica.unsl.edu.ar\/wp-content\/uploads\/2023\/08\/LIRPAC-02.jpg\" alt=\"\" width=\"1600\" height=\"1200\" srcset=\"https:\/\/www.fica.unsl.edu.ar\/wp-content\/uploads\/2023\/08\/LIRPAC-02.jpg 1600w, https:\/\/www.fica.unsl.edu.ar\/wp-content\/uploads\/2023\/08\/LIRPAC-02-300x225.jpg 300w, https:\/\/www.fica.unsl.edu.ar\/wp-content\/uploads\/2023\/08\/LIRPAC-02-1024x768.jpg 1024w, https:\/\/www.fica.unsl.edu.ar\/wp-content\/uploads\/2023\/08\/LIRPAC-02-768x576.jpg 768w, https:\/\/www.fica.unsl.edu.ar\/wp-content\/uploads\/2023\/08\/LIRPAC-02-1536x1152.jpg 1536w\" sizes=\"(max-width: 1600px) 100vw, 1600px\" \/><\/p>\n<p>Con la presencia del ministro de ciencia, tecnolog\u00eda e innovaci\u00f3n, Daniel Filmus, el panel de la ceremonia estuvo conformado por el secretario de Articulaci\u00f3n Cient\u00edfico Tecnol\u00f3gica del Ministerio de Ciencia, Juan Pablo Paz; la subsecretaria de Evaluaci\u00f3n Institucional, Gabriela Dranovsky; la directora nacional de Objetivos y Procesos Institucionales, Laura Martinez Porta; y el Investigador Principal del CONICET y profesor titular en la Universidad Nacional de Cuyo, Carlos Balseiro, quien coordin\u00f3 el jurado que evalu\u00f3 los proyectos.<\/p>\n<p>La convocatoria &#8220;Proyectos de Redes Federales de Alto Impacto&#8221;, tuvo como objetivo promover el fortalecimiento de las instituciones del Sistema Nacional de Ciencia, Tecnolog\u00eda e Innovaci\u00f3n (SNCTI) a trav\u00e9s de la conformaci\u00f3n de redes de investigaci\u00f3n de la m\u00e1s alta calificaci\u00f3n abocadas a temas identificados como prioritarios para el desarrollo nacional en el Plan Nacional de Ciencia, Tecnolog\u00eda e Innovaci\u00f3n 2030.<\/p>\n<p>Las redes abarcan instituciones en 17 provincias y los temas de investigaci\u00f3n seleccionados en esta oportunidad fueron: salud y biotecnologia aplicada a la salud; biodiversidad y desarrollo sostenible; transici\u00f3n energ\u00e9tica; agrobiotecnolog\u00eda; memoria, verdad y justicia; atm\u00f3sfera, tierra y espacio; h\u00e1bitat y desarrollo social; y desarrollos en micro y nanotecnologia.<\/p>\n<p><img decoding=\"async\" class=\"aligncenter size-full wp-image-14169\" src=\"https:\/\/www.fica.unsl.edu.ar\/wp-content\/uploads\/2023\/08\/LIRPAC-04.jpg\" alt=\"\" width=\"1920\" height=\"1080\" srcset=\"https:\/\/www.fica.unsl.edu.ar\/wp-content\/uploads\/2023\/08\/LIRPAC-04.jpg 1920w, https:\/\/www.fica.unsl.edu.ar\/wp-content\/uploads\/2023\/08\/LIRPAC-04-300x169.jpg 300w, https:\/\/www.fica.unsl.edu.ar\/wp-content\/uploads\/2023\/08\/LIRPAC-04-1024x576.jpg 1024w, https:\/\/www.fica.unsl.edu.ar\/wp-content\/uploads\/2023\/08\/LIRPAC-04-768x432.jpg 768w, https:\/\/www.fica.unsl.edu.ar\/wp-content\/uploads\/2023\/08\/LIRPAC-04-1536x864.jpg 1536w\" sizes=\"(max-width: 1920px) 100vw, 1920px\" \/><\/p>\n<h4><strong>Proyecto en red CapCO2: Reducci\u00f3n de las emisiones de di\u00f3xido de carbono mediante su captura y conversi\u00f3n a combustibles sint\u00e9ticos<\/strong><\/h4>\n<p>El proyecto aborda la problem\u00e1tica de las emisiones CO2 en la atm\u00f3sfera, mediante el desarrollo de tecnolog\u00edas que posibilitan su captura selectiva en el sitio de generaci\u00f3n y la posterior transformaci\u00f3n en productos con valor agregado, principalmente combustibles sint\u00e9ticos. Para ese prop\u00f3sito se considera el estudio de solidos absorbentes reactivos capaces de capturar selectivamente CO2 en forma reversible, empleando columnas de absorci\u00f3n\/regeneraci\u00f3n bajo diferentes alternativas de contacto gas\/s\u00f3lido, y de catalizadores mejorados para su conversi\u00f3n a combustibles, empleando reactores adiab\u00e1ticos y otras configuraciones.<\/p>\n<p>El proyecto contempla la integraci\u00f3n de ambos procesos para reutilizar el CO2, desde el desarrollo de materiales y estudio de procesos en el laboratorio hasta la aplicaci\u00f3n industrial, mediante el modelado y la simulaci\u00f3n.<\/p>\n<p>La Dra. Mar\u00eda Laura Rodriguez, Investigadora Responsable de la RED CapCO2, expres\u00f3 que el financiamiento recibido \u201cnos permitir\u00e1 adquirir equipamiento y software especifico, especializarnos junto a grupos de excelencia en tem\u00e1ticas de dise\u00f1o, modelado y simulaci\u00f3n tanto de columnas de absorci\u00f3n\/desorci\u00f3n, como en la s\u00edntesis del proceso de captura de CO2.<\/p>\n<p><img decoding=\"async\" class=\"aligncenter size-full wp-image-14168\" src=\"https:\/\/www.fica.unsl.edu.ar\/wp-content\/uploads\/2023\/08\/LIRPAC-03.jpg\" alt=\"\" width=\"1600\" height=\"1200\" srcset=\"https:\/\/www.fica.unsl.edu.ar\/wp-content\/uploads\/2023\/08\/LIRPAC-03.jpg 1600w, https:\/\/www.fica.unsl.edu.ar\/wp-content\/uploads\/2023\/08\/LIRPAC-03-300x225.jpg 300w, https:\/\/www.fica.unsl.edu.ar\/wp-content\/uploads\/2023\/08\/LIRPAC-03-1024x768.jpg 1024w, https:\/\/www.fica.unsl.edu.ar\/wp-content\/uploads\/2023\/08\/LIRPAC-03-768x576.jpg 768w, https:\/\/www.fica.unsl.edu.ar\/wp-content\/uploads\/2023\/08\/LIRPAC-03-1536x1152.jpg 1536w\" sizes=\"(max-width: 1600px) 100vw, 1600px\" \/><\/p>\n<p>&#8220;Haber sido convocados para integrar esta red federal de alto impacto por investigadores de trayectoria internacional, nos enorgullece y nos anima a seguir trabajando con renovadas energias en este desafio que ser\u00e1 un motor de crecimiento para el LIRPAC, as\u00ed como para cada uno de los que conformamos el laboratorio.\u00a0El proyecto persigue un objetivo tecnol\u00f3gico concreto con la finalidad de disminuir las emisiones de CO2 provenientes de fuentes estacionarias. Los avances que se logren contribuir\u00e1n a resolver un problema medioambiental as\u00ed como fortalecer las capacidades docentes-investigadores y estudiantes de la FICA&#8221;, destac\u00f3 la Investigadora Responsable.<\/p>\n<p>La Dra. Mar\u00eda Laura Rodriguez, es Investigadora Adjunta de CONICET en el Instituto de Investigaci\u00f3n en Tecnolog\u00eda Qu\u00edmica (INTEQUI, San Luis) y encabeza el Laboratorio de Ingenier\u00eda de Reactores y Procesos Asistido por Computadora de la Facultad de Ingenier\u00eda y Ciencias Agropecuarias (UNSL) en Villa Mercedes. Su equipo de trabajo est\u00e1 conformado por:<\/p>\n<ul>\n<li>Dr. Pablo Santiago Belzunce (Becario Posdoctoral de CONICET, INTEQUI, Profesor Adjunto de la UNSL)<\/li>\n<li>Ing. Federico Miranda (Becario Doctoral de CONICET, PLAPIQUI, Auxiliar 1\u00ba de la UNSL)<\/li>\n<li>Ing. Mar\u00eda Jos\u00e9 Orozco (Becaria Doctoral de CONICET, INTEQUI\/INSTITUTO BALSEIRO)<\/li>\n<li>Alan Shortrede (Becario Est\u00edmulo CIN\/SPU, Estudiante avanzado de Ingenier\u00eda Qu\u00edmica)<\/li>\n<li>Pablo Panelo (Estudiante avanzado de Ingenier\u00eda Qu\u00edmica)<\/li>\n<\/ul>\n","protected":false},"excerpt":{"rendered":"<p>En el contexto de la convocatoria &#8220;Proyectos de Redes Federales de Alto Impacto&#8221;, el Ministerio de Ciencia, Tecnolog\u00eda e Innovaci\u00f3n financiar\u00e1 un proyecto en red&hellip;<\/p>\n","protected":false},"author":9,"featured_media":14170,"comment_status":"closed","ping_status":"closed","sticky":false,"template":"","format":"standard","meta":{"_monsterinsights_skip_tracking":false,"_monsterinsights_sitenote_active":false,"_monsterinsights_sitenote_note":"","_monsterinsights_sitenote_category":0,"_joinchat":[],"footnotes":""},"categories":[19],"tags":[],"class_list":["post-14166","post","type-post","status-publish","format-standard","has-post-thumbnail","hentry","category-noticias"],"yoast_head":"<!-- This site is optimized with the Yoast SEO plugin v27.4 - https:\/\/yoast.com\/product\/yoast-seo-wordpress\/ -->\n<title>Grupo de investigaci\u00f3n de la FICA y del INTEQUI recibe un importante subsidio del MinCyT - Facultad de Ingenier\u00eda y Ciencias Agropecuarias<\/title>\n<meta name=\"robots\" content=\"index, follow, max-snippet:-1, max-image-preview:large, max-video-preview:-1\" \/>\n<link rel=\"canonical\" href=\"https:\/\/www.fica.unsl.edu.ar\/index.php\/lirpac-fica-intequi-recibe-un-importante-subsidio-mincyt\/\" \/>\n<meta property=\"og:locale\" content=\"es_ES\" \/>\n<meta property=\"og:type\" content=\"article\" \/>\n<meta property=\"og:title\" content=\"Grupo de investigaci\u00f3n de la FICA y del INTEQUI recibe un importante subsidio del MinCyT - Facultad de Ingenier\u00eda y Ciencias Agropecuarias\" \/>\n<meta property=\"og:description\" content=\"En el contexto de la convocatoria &#8220;Proyectos de Redes Federales de Alto Impacto&#8221;, el Ministerio de Ciencia, Tecnolog\u00eda e Innovaci\u00f3n financiar\u00e1 un proyecto en red&hellip;\" \/>\n<meta property=\"og:url\" content=\"https:\/\/www.fica.unsl.edu.ar\/index.php\/lirpac-fica-intequi-recibe-un-importante-subsidio-mincyt\/\" \/>\n<meta property=\"og:site_name\" content=\"Facultad de Ingenier\u00eda y Ciencias Agropecuarias\" \/>\n<meta property=\"article:publisher\" content=\"https:\/\/www.facebook.com\/FICA.UNSL\/\" \/>\n<meta property=\"article:published_time\" content=\"2023-08-09T14:53:11+00:00\" \/>\n<meta property=\"article:modified_time\" content=\"2023-08-18T12:30:33+00:00\" \/>\n<meta property=\"og:image\" content=\"https:\/\/www.fica.unsl.edu.ar\/wp-content\/uploads\/2023\/08\/LIRPAC-front.jpg\" \/>\n\t<meta property=\"og:image:width\" content=\"1061\" \/>\n\t<meta property=\"og:image:height\" content=\"585\" \/>\n\t<meta property=\"og:image:type\" content=\"image\/jpeg\" \/>\n<meta name=\"author\" content=\"DATI\" \/>\n<meta name=\"twitter:card\" content=\"summary_large_image\" \/>\n<meta name=\"twitter:creator\" content=\"@FICAUNSL\" \/>\n<meta name=\"twitter:site\" content=\"@FICAUNSL\" \/>\n<meta name=\"twitter:label1\" content=\"Escrito por\" \/>\n\t<meta name=\"twitter:data1\" content=\"DATI\" \/>\n\t<meta name=\"twitter:label2\" content=\"Tiempo de lectura\" \/>\n\t<meta name=\"twitter:data2\" content=\"5 minutos\" \/>\n<script type=\"application\/ld+json\" class=\"yoast-schema-graph\">{\"@context\":\"https:\\\/\\\/schema.org\",\"@graph\":[{\"@type\":\"Article\",\"@id\":\"https:\\\/\\\/www.fica.unsl.edu.ar\\\/index.php\\\/lirpac-fica-intequi-recibe-un-importante-subsidio-mincyt\\\/#article\",\"isPartOf\":{\"@id\":\"https:\\\/\\\/www.fica.unsl.edu.ar\\\/index.php\\\/lirpac-fica-intequi-recibe-un-importante-subsidio-mincyt\\\/\"},\"author\":{\"name\":\"DATI\",\"@id\":\"https:\\\/\\\/www.fica.unsl.edu.ar\\\/#\\\/schema\\\/person\\\/6058f9c66301868d3a691b1f5d6c3544\"},\"headline\":\"Grupo de investigaci\u00f3n de la FICA y del INTEQUI recibe un importante subsidio del MinCyT\",\"datePublished\":\"2023-08-09T14:53:11+00:00\",\"dateModified\":\"2023-08-18T12:30:33+00:00\",\"mainEntityOfPage\":{\"@id\":\"https:\\\/\\\/www.fica.unsl.edu.ar\\\/index.php\\\/lirpac-fica-intequi-recibe-un-importante-subsidio-mincyt\\\/\"},\"wordCount\":948,\"publisher\":{\"@id\":\"https:\\\/\\\/www.fica.unsl.edu.ar\\\/#organization\"},\"image\":{\"@id\":\"https:\\\/\\\/www.fica.unsl.edu.ar\\\/index.php\\\/lirpac-fica-intequi-recibe-un-importante-subsidio-mincyt\\\/#primaryimage\"},\"thumbnailUrl\":\"https:\\\/\\\/www.fica.unsl.edu.ar\\\/wp-content\\\/uploads\\\/2023\\\/08\\\/LIRPAC-front.jpg\",\"articleSection\":[\"Noticias\"],\"inLanguage\":\"es-AR\"},{\"@type\":\"WebPage\",\"@id\":\"https:\\\/\\\/www.fica.unsl.edu.ar\\\/index.php\\\/lirpac-fica-intequi-recibe-un-importante-subsidio-mincyt\\\/\",\"url\":\"https:\\\/\\\/www.fica.unsl.edu.ar\\\/index.php\\\/lirpac-fica-intequi-recibe-un-importante-subsidio-mincyt\\\/\",\"name\":\"Grupo de investigaci\u00f3n de la FICA y del INTEQUI recibe un importante subsidio del MinCyT - Facultad de Ingenier\u00eda y Ciencias Agropecuarias\",\"isPartOf\":{\"@id\":\"https:\\\/\\\/www.fica.unsl.edu.ar\\\/#website\"},\"primaryImageOfPage\":{\"@id\":\"https:\\\/\\\/www.fica.unsl.edu.ar\\\/index.php\\\/lirpac-fica-intequi-recibe-un-importante-subsidio-mincyt\\\/#primaryimage\"},\"image\":{\"@id\":\"https:\\\/\\\/www.fica.unsl.edu.ar\\\/index.php\\\/lirpac-fica-intequi-recibe-un-importante-subsidio-mincyt\\\/#primaryimage\"},\"thumbnailUrl\":\"https:\\\/\\\/www.fica.unsl.edu.ar\\\/wp-content\\\/uploads\\\/2023\\\/08\\\/LIRPAC-front.jpg\",\"datePublished\":\"2023-08-09T14:53:11+00:00\",\"dateModified\":\"2023-08-18T12:30:33+00:00\",\"inLanguage\":\"es-AR\",\"potentialAction\":[{\"@type\":\"ReadAction\",\"target\":[\"https:\\\/\\\/www.fica.unsl.edu.ar\\\/index.php\\\/lirpac-fica-intequi-recibe-un-importante-subsidio-mincyt\\\/\"]}]},{\"@type\":\"ImageObject\",\"inLanguage\":\"es-AR\",\"@id\":\"https:\\\/\\\/www.fica.unsl.edu.ar\\\/index.php\\\/lirpac-fica-intequi-recibe-un-importante-subsidio-mincyt\\\/#primaryimage\",\"url\":\"https:\\\/\\\/www.fica.unsl.edu.ar\\\/wp-content\\\/uploads\\\/2023\\\/08\\\/LIRPAC-front.jpg\",\"contentUrl\":\"https:\\\/\\\/www.fica.unsl.edu.ar\\\/wp-content\\\/uploads\\\/2023\\\/08\\\/LIRPAC-front.jpg\",\"width\":1061,\"height\":585},{\"@type\":\"WebSite\",\"@id\":\"https:\\\/\\\/www.fica.unsl.edu.ar\\\/#website\",\"url\":\"https:\\\/\\\/www.fica.unsl.edu.ar\\\/\",\"name\":\"Facultad de Ingenier\u00eda y Ciencias Agropecuarias\",\"description\":\"\",\"publisher\":{\"@id\":\"https:\\\/\\\/www.fica.unsl.edu.ar\\\/#organization\"},\"potentialAction\":[{\"@type\":\"SearchAction\",\"target\":{\"@type\":\"EntryPoint\",\"urlTemplate\":\"https:\\\/\\\/www.fica.unsl.edu.ar\\\/?s={search_term_string}\"},\"query-input\":{\"@type\":\"PropertyValueSpecification\",\"valueRequired\":true,\"valueName\":\"search_term_string\"}}],\"inLanguage\":\"es-AR\"},{\"@type\":\"Organization\",\"@id\":\"https:\\\/\\\/www.fica.unsl.edu.ar\\\/#organization\",\"name\":\"Facultad de Ingenier\u00eda y Ciencias Agropecuarias\",\"url\":\"https:\\\/\\\/www.fica.unsl.edu.ar\\\/\",\"logo\":{\"@type\":\"ImageObject\",\"inLanguage\":\"es-AR\",\"@id\":\"https:\\\/\\\/www.fica.unsl.edu.ar\\\/#\\\/schema\\\/logo\\\/image\\\/\",\"url\":\"https:\\\/\\\/www.fica.unsl.edu.ar\\\/wp-content\\\/uploads\\\/2021\\\/03\\\/LOGO-1.jpg\",\"contentUrl\":\"https:\\\/\\\/www.fica.unsl.edu.ar\\\/wp-content\\\/uploads\\\/2021\\\/03\\\/LOGO-1.jpg\",\"width\":463,\"height\":145,\"caption\":\"Facultad de Ingenier\u00eda y Ciencias Agropecuarias\"},\"image\":{\"@id\":\"https:\\\/\\\/www.fica.unsl.edu.ar\\\/#\\\/schema\\\/logo\\\/image\\\/\"},\"sameAs\":[\"https:\\\/\\\/www.facebook.com\\\/FICA.UNSL\\\/\",\"https:\\\/\\\/x.com\\\/FICAUNSL\",\"https:\\\/\\\/www.instagram.com\\\/fica.unsl\\\/\",\"https:\\\/\\\/www.youtube.com\\\/channel\\\/UCs2MM53gb2PyBrMySdtWZDQ\"]},{\"@type\":\"Person\",\"@id\":\"https:\\\/\\\/www.fica.unsl.edu.ar\\\/#\\\/schema\\\/person\\\/6058f9c66301868d3a691b1f5d6c3544\",\"name\":\"DATI\"}]}<\/script>\n<!-- \/ Yoast SEO plugin. -->","yoast_head_json":{"title":"Grupo de investigaci\u00f3n de la FICA y del INTEQUI recibe un importante subsidio del MinCyT - Facultad de Ingenier\u00eda y Ciencias Agropecuarias","robots":{"index":"index","follow":"follow","max-snippet":"max-snippet:-1","max-image-preview":"max-image-preview:large","max-video-preview":"max-video-preview:-1"},"canonical":"https:\/\/www.fica.unsl.edu.ar\/index.php\/lirpac-fica-intequi-recibe-un-importante-subsidio-mincyt\/","og_locale":"es_ES","og_type":"article","og_title":"Grupo de investigaci\u00f3n de la FICA y del INTEQUI recibe un importante subsidio del MinCyT - Facultad de Ingenier\u00eda y Ciencias Agropecuarias","og_description":"En el contexto de la convocatoria &#8220;Proyectos de Redes Federales de Alto Impacto&#8221;, el Ministerio de Ciencia, Tecnolog\u00eda e Innovaci\u00f3n financiar\u00e1 un proyecto en red&hellip;","og_url":"https:\/\/www.fica.unsl.edu.ar\/index.php\/lirpac-fica-intequi-recibe-un-importante-subsidio-mincyt\/","og_site_name":"Facultad de Ingenier\u00eda y Ciencias Agropecuarias","article_publisher":"https:\/\/www.facebook.com\/FICA.UNSL\/","article_published_time":"2023-08-09T14:53:11+00:00","article_modified_time":"2023-08-18T12:30:33+00:00","og_image":[{"width":1061,"height":585,"url":"https:\/\/www.fica.unsl.edu.ar\/wp-content\/uploads\/2023\/08\/LIRPAC-front.jpg","type":"image\/jpeg"}],"author":"DATI","twitter_card":"summary_large_image","twitter_creator":"@FICAUNSL","twitter_site":"@FICAUNSL","twitter_misc":{"Escrito por":"DATI","Tiempo de lectura":"5 minutos"},"schema":{"@context":"https:\/\/schema.org","@graph":[{"@type":"Article","@id":"https:\/\/www.fica.unsl.edu.ar\/index.php\/lirpac-fica-intequi-recibe-un-importante-subsidio-mincyt\/#article","isPartOf":{"@id":"https:\/\/www.fica.unsl.edu.ar\/index.php\/lirpac-fica-intequi-recibe-un-importante-subsidio-mincyt\/"},"author":{"name":"DATI","@id":"https:\/\/www.fica.unsl.edu.ar\/#\/schema\/person\/6058f9c66301868d3a691b1f5d6c3544"},"headline":"Grupo de investigaci\u00f3n de la FICA y del INTEQUI recibe un importante subsidio del MinCyT","datePublished":"2023-08-09T14:53:11+00:00","dateModified":"2023-08-18T12:30:33+00:00","mainEntityOfPage":{"@id":"https:\/\/www.fica.unsl.edu.ar\/index.php\/lirpac-fica-intequi-recibe-un-importante-subsidio-mincyt\/"},"wordCount":948,"publisher":{"@id":"https:\/\/www.fica.unsl.edu.ar\/#organization"},"image":{"@id":"https:\/\/www.fica.unsl.edu.ar\/index.php\/lirpac-fica-intequi-recibe-un-importante-subsidio-mincyt\/#primaryimage"},"thumbnailUrl":"https:\/\/www.fica.unsl.edu.ar\/wp-content\/uploads\/2023\/08\/LIRPAC-front.jpg","articleSection":["Noticias"],"inLanguage":"es-AR"},{"@type":"WebPage","@id":"https:\/\/www.fica.unsl.edu.ar\/index.php\/lirpac-fica-intequi-recibe-un-importante-subsidio-mincyt\/","url":"https:\/\/www.fica.unsl.edu.ar\/index.php\/lirpac-fica-intequi-recibe-un-importante-subsidio-mincyt\/","name":"Grupo de investigaci\u00f3n de la FICA y del INTEQUI recibe un importante subsidio del MinCyT - Facultad de Ingenier\u00eda y Ciencias Agropecuarias","isPartOf":{"@id":"https:\/\/www.fica.unsl.edu.ar\/#website"},"primaryImageOfPage":{"@id":"https:\/\/www.fica.unsl.edu.ar\/index.php\/lirpac-fica-intequi-recibe-un-importante-subsidio-mincyt\/#primaryimage"},"image":{"@id":"https:\/\/www.fica.unsl.edu.ar\/index.php\/lirpac-fica-intequi-recibe-un-importante-subsidio-mincyt\/#primaryimage"},"thumbnailUrl":"https:\/\/www.fica.unsl.edu.ar\/wp-content\/uploads\/2023\/08\/LIRPAC-front.jpg","datePublished":"2023-08-09T14:53:11+00:00","dateModified":"2023-08-18T12:30:33+00:00","inLanguage":"es-AR","potentialAction":[{"@type":"ReadAction","target":["https:\/\/www.fica.unsl.edu.ar\/index.php\/lirpac-fica-intequi-recibe-un-importante-subsidio-mincyt\/"]}]},{"@type":"ImageObject","inLanguage":"es-AR","@id":"https:\/\/www.fica.unsl.edu.ar\/index.php\/lirpac-fica-intequi-recibe-un-importante-subsidio-mincyt\/#primaryimage","url":"https:\/\/www.fica.unsl.edu.ar\/wp-content\/uploads\/2023\/08\/LIRPAC-front.jpg","contentUrl":"https:\/\/www.fica.unsl.edu.ar\/wp-content\/uploads\/2023\/08\/LIRPAC-front.jpg","width":1061,"height":585},{"@type":"WebSite","@id":"https:\/\/www.fica.unsl.edu.ar\/#website","url":"https:\/\/www.fica.unsl.edu.ar\/","name":"Facultad de Ingenier\u00eda y Ciencias Agropecuarias","description":"","publisher":{"@id":"https:\/\/www.fica.unsl.edu.ar\/#organization"},"potentialAction":[{"@type":"SearchAction","target":{"@type":"EntryPoint","urlTemplate":"https:\/\/www.fica.unsl.edu.ar\/?s={search_term_string}"},"query-input":{"@type":"PropertyValueSpecification","valueRequired":true,"valueName":"search_term_string"}}],"inLanguage":"es-AR"},{"@type":"Organization","@id":"https:\/\/www.fica.unsl.edu.ar\/#organization","name":"Facultad de Ingenier\u00eda y Ciencias Agropecuarias","url":"https:\/\/www.fica.unsl.edu.ar\/","logo":{"@type":"ImageObject","inLanguage":"es-AR","@id":"https:\/\/www.fica.unsl.edu.ar\/#\/schema\/logo\/image\/","url":"https:\/\/www.fica.unsl.edu.ar\/wp-content\/uploads\/2021\/03\/LOGO-1.jpg","contentUrl":"https:\/\/www.fica.unsl.edu.ar\/wp-content\/uploads\/2021\/03\/LOGO-1.jpg","width":463,"height":145,"caption":"Facultad de Ingenier\u00eda y Ciencias Agropecuarias"},"image":{"@id":"https:\/\/www.fica.unsl.edu.ar\/#\/schema\/logo\/image\/"},"sameAs":["https:\/\/www.facebook.com\/FICA.UNSL\/","https:\/\/x.com\/FICAUNSL","https:\/\/www.instagram.com\/fica.unsl\/","https:\/\/www.youtube.com\/channel\/UCs2MM53gb2PyBrMySdtWZDQ"]},{"@type":"Person","@id":"https:\/\/www.fica.unsl.edu.ar\/#\/schema\/person\/6058f9c66301868d3a691b1f5d6c3544","name":"DATI"}]}},"_links":{"self":[{"href":"https:\/\/www.fica.unsl.edu.ar\/index.php\/wp-json\/wp\/v2\/posts\/14166","targetHints":{"allow":["GET"]}}],"collection":[{"href":"https:\/\/www.fica.unsl.edu.ar\/index.php\/wp-json\/wp\/v2\/posts"}],"about":[{"href":"https:\/\/www.fica.unsl.edu.ar\/index.php\/wp-json\/wp\/v2\/types\/post"}],"author":[{"embeddable":true,"href":"https:\/\/www.fica.unsl.edu.ar\/index.php\/wp-json\/wp\/v2\/users\/9"}],"replies":[{"embeddable":true,"href":"https:\/\/www.fica.unsl.edu.ar\/index.php\/wp-json\/wp\/v2\/comments?post=14166"}],"version-history":[{"count":5,"href":"https:\/\/www.fica.unsl.edu.ar\/index.php\/wp-json\/wp\/v2\/posts\/14166\/revisions"}],"predecessor-version":[{"id":14202,"href":"https:\/\/www.fica.unsl.edu.ar\/index.php\/wp-json\/wp\/v2\/posts\/14166\/revisions\/14202"}],"wp:featuredmedia":[{"embeddable":true,"href":"https:\/\/www.fica.unsl.edu.ar\/index.php\/wp-json\/wp\/v2\/media\/14170"}],"wp:attachment":[{"href":"https:\/\/www.fica.unsl.edu.ar\/index.php\/wp-json\/wp\/v2\/media?parent=14166"}],"wp:term":[{"taxonomy":"category","embeddable":true,"href":"https:\/\/www.fica.unsl.edu.ar\/index.php\/wp-json\/wp\/v2\/categories?post=14166"},{"taxonomy":"post_tag","embeddable":true,"href":"https:\/\/www.fica.unsl.edu.ar\/index.php\/wp-json\/wp\/v2\/tags?post=14166"}],"curies":[{"name":"wp","href":"https:\/\/api.w.org\/{rel}","templated":true}]}}