{"id":14179,"date":"2023-08-09T00:39:58","date_gmt":"2023-08-09T03:39:58","guid":{"rendered":"http:\/\/10.101.10.196\/www\/?p=14179"},"modified":"2023-08-09T13:44:20","modified_gmt":"2023-08-09T16:44:20","slug":"becas-de-formacion-en-extension-universitaria-de-la-seu-2023","status":"publish","type":"post","link":"https:\/\/www.fica.unsl.edu.ar\/index.php\/becas-de-formacion-en-extension-universitaria-de-la-seu-2023\/","title":{"rendered":"Inscripciones abiertas al Programa de Becas de Formaci\u00f3n en Extensi\u00f3n Universitaria de la SEU"},"content":{"rendered":"<p>La Coordinaci\u00f3n de Extensi\u00f3n, Vinculaci\u00f3n y Transferencia informa que, hasta el viernes 18 de agosto, permanecer\u00e1 estar\u00e1 abierta la convocatoria de postulaciones al Programa de Becas de Formaci\u00f3n en Extensi\u00f3n Universitaria de la SEU, destinadas a estudiantes de la UNSL que cursen desde segundo a\u00f1o en adelante.<\/p>\n<p>Las postulaciones se deber realizar presentando la documentaci\u00f3n requerida por Mesa General de Entradas de Rectorado. Las mismas se efect\u00faan en el marco de un Proyecto de Extensi\u00f3n de Inter\u00e9s Social (PEIS) o de Docencia (PED).<\/p>\n<p>Este programa tiene como finalidad fomentar la formaci\u00f3n en extensi\u00f3n de los y las estudiantes desde el inicio de los trayectos formativos, fortalecer la formaci\u00f3n de grado y las experiencias de extensi\u00f3n, potenciando la integralidad de funciones sustantivas de la Universidad.<\/p>\n<p>Para conocer en detalle las bases y aclarar toda duda deben comunicarse a <a href=\"mailto:seu.unsl@gmail.com\">seu.unsl@gmail.com<\/a>.<\/p>\n<div>Link a Proyectos existentes:<\/div>\n<div><a href=\"https:\/\/seu.unsl.edu.ar\/index.php\/menu\/proyectos\/proyectosPrincipal\" target=\"_blank\" rel=\"noopener\" data-saferedirecturl=\"https:\/\/www.google.com\/url?q=https:\/\/seu.unsl.edu.ar\/index.php\/menu\/proyectos\/proyectosPrincipal&amp;source=gmail&amp;ust=1691684531530000&amp;usg=AOvVaw0EUPVUAn1ORG_IIxW91KUH\">https:\/\/seu.unsl.edu.ar\/index.<wbr \/>php\/menu\/proyectos\/<wbr \/>proyectosPrincipal<\/a><\/div>\n<div><\/div>\n<div>A estos Proyectos se agregar\u00edan los Proyectos PEIS y PED recientemente aprobados por el Consejo Superior.<\/div>\n<div>Atentamente.<\/div>\n<p><img fetchpriority=\"high\" decoding=\"async\" class=\"aligncenter size-full wp-image-14180\" src=\"https:\/\/www.fica.unsl.edu.ar\/wp-content\/uploads\/2023\/08\/image.png\" alt=\"\" width=\"1080\" height=\"1080\" srcset=\"https:\/\/www.fica.unsl.edu.ar\/wp-content\/uploads\/2023\/08\/image.png 1080w, https:\/\/www.fica.unsl.edu.ar\/wp-content\/uploads\/2023\/08\/image-300x300.png 300w, https:\/\/www.fica.unsl.edu.ar\/wp-content\/uploads\/2023\/08\/image-1024x1024.png 1024w, https:\/\/www.fica.unsl.edu.ar\/wp-content\/uploads\/2023\/08\/image-150x150.png 150w, https:\/\/www.fica.unsl.edu.ar\/wp-content\/uploads\/2023\/08\/image-768x768.png 768w\" sizes=\"(max-width: 1080px) 100vw, 1080px\" \/><\/p>\n","protected":false},"excerpt":{"rendered":"<p>La Coordinaci\u00f3n de Extensi\u00f3n, Vinculaci\u00f3n y Transferencia informa que, hasta el viernes 18 de agosto, permanecer\u00e1 estar\u00e1 abierta la convocatoria de postulaciones al Programa de&hellip;<\/p>\n","protected":false},"author":9,"featured_media":14181,"comment_status":"closed","ping_status":"closed","sticky":false,"template":"","format":"standard","meta":{"_monsterinsights_skip_tracking":false,"_monsterinsights_sitenote_active":false,"_monsterinsights_sitenote_note":"","_monsterinsights_sitenote_category":0,"_joinchat":[],"footnotes":""},"categories":[19],"tags":[],"class_list":["post-14179","post","type-post","status-publish","format-standard","has-post-thumbnail","hentry","category-noticias"],"yoast_head":"<!-- This site is optimized with the Yoast SEO plugin v27.4 - https:\/\/yoast.com\/product\/yoast-seo-wordpress\/ -->\n<title>Inscripciones abiertas al Programa de Becas de Formaci\u00f3n en Extensi\u00f3n Universitaria de la SEU - Facultad de Ingenier\u00eda y Ciencias Agropecuarias<\/title>\n<meta name=\"robots\" content=\"index, follow, max-snippet:-1, max-image-preview:large, max-video-preview:-1\" \/>\n<link rel=\"canonical\" href=\"https:\/\/www.fica.unsl.edu.ar\/index.php\/becas-de-formacion-en-extension-universitaria-de-la-seu-2023\/\" \/>\n<meta property=\"og:locale\" content=\"es_ES\" \/>\n<meta property=\"og:type\" content=\"article\" \/>\n<meta property=\"og:title\" content=\"Inscripciones abiertas al Programa de Becas de Formaci\u00f3n en Extensi\u00f3n Universitaria de la SEU - Facultad de Ingenier\u00eda y Ciencias Agropecuarias\" \/>\n<meta property=\"og:description\" content=\"La Coordinaci\u00f3n de Extensi\u00f3n, Vinculaci\u00f3n y Transferencia informa que, hasta el viernes 18 de agosto, permanecer\u00e1 estar\u00e1 abierta la convocatoria de postulaciones al Programa de&hellip;\" \/>\n<meta property=\"og:url\" content=\"https:\/\/www.fica.unsl.edu.ar\/index.php\/becas-de-formacion-en-extension-universitaria-de-la-seu-2023\/\" \/>\n<meta property=\"og:site_name\" content=\"Facultad de Ingenier\u00eda y Ciencias Agropecuarias\" \/>\n<meta property=\"article:publisher\" content=\"https:\/\/www.facebook.com\/FICA.UNSL\/\" \/>\n<meta property=\"article:published_time\" content=\"2023-08-09T03:39:58+00:00\" \/>\n<meta property=\"article:modified_time\" content=\"2023-08-09T16:44:20+00:00\" \/>\n<meta property=\"og:image\" content=\"https:\/\/www.fica.unsl.edu.ar\/wp-content\/uploads\/2023\/08\/seu-becas.jpg\" \/>\n\t<meta property=\"og:image:width\" content=\"1061\" \/>\n\t<meta property=\"og:image:height\" content=\"585\" \/>\n\t<meta property=\"og:image:type\" content=\"image\/jpeg\" \/>\n<meta name=\"author\" content=\"DATI\" \/>\n<meta name=\"twitter:card\" content=\"summary_large_image\" \/>\n<meta name=\"twitter:creator\" content=\"@FICAUNSL\" \/>\n<meta name=\"twitter:site\" content=\"@FICAUNSL\" \/>\n<meta name=\"twitter:label1\" content=\"Escrito por\" \/>\n\t<meta name=\"twitter:data1\" content=\"DATI\" \/>\n\t<meta name=\"twitter:label2\" content=\"Tiempo de lectura\" \/>\n\t<meta name=\"twitter:data2\" content=\"1 minuto\" \/>\n<script type=\"application\/ld+json\" class=\"yoast-schema-graph\">{\"@context\":\"https:\\\/\\\/schema.org\",\"@graph\":[{\"@type\":\"Article\",\"@id\":\"https:\\\/\\\/www.fica.unsl.edu.ar\\\/index.php\\\/becas-de-formacion-en-extension-universitaria-de-la-seu-2023\\\/#article\",\"isPartOf\":{\"@id\":\"https:\\\/\\\/www.fica.unsl.edu.ar\\\/index.php\\\/becas-de-formacion-en-extension-universitaria-de-la-seu-2023\\\/\"},\"author\":{\"name\":\"DATI\",\"@id\":\"https:\\\/\\\/www.fica.unsl.edu.ar\\\/#\\\/schema\\\/person\\\/6058f9c66301868d3a691b1f5d6c3544\"},\"headline\":\"Inscripciones abiertas al Programa de Becas de Formaci\u00f3n en Extensi\u00f3n Universitaria de la SEU\",\"datePublished\":\"2023-08-09T03:39:58+00:00\",\"dateModified\":\"2023-08-09T16:44:20+00:00\",\"mainEntityOfPage\":{\"@id\":\"https:\\\/\\\/www.fica.unsl.edu.ar\\\/index.php\\\/becas-de-formacion-en-extension-universitaria-de-la-seu-2023\\\/\"},\"wordCount\":202,\"publisher\":{\"@id\":\"https:\\\/\\\/www.fica.unsl.edu.ar\\\/#organization\"},\"image\":{\"@id\":\"https:\\\/\\\/www.fica.unsl.edu.ar\\\/index.php\\\/becas-de-formacion-en-extension-universitaria-de-la-seu-2023\\\/#primaryimage\"},\"thumbnailUrl\":\"https:\\\/\\\/www.fica.unsl.edu.ar\\\/wp-content\\\/uploads\\\/2023\\\/08\\\/seu-becas.jpg\",\"articleSection\":[\"Noticias\"],\"inLanguage\":\"es-AR\"},{\"@type\":\"WebPage\",\"@id\":\"https:\\\/\\\/www.fica.unsl.edu.ar\\\/index.php\\\/becas-de-formacion-en-extension-universitaria-de-la-seu-2023\\\/\",\"url\":\"https:\\\/\\\/www.fica.unsl.edu.ar\\\/index.php\\\/becas-de-formacion-en-extension-universitaria-de-la-seu-2023\\\/\",\"name\":\"Inscripciones abiertas al Programa de Becas de Formaci\u00f3n en Extensi\u00f3n Universitaria de la SEU - Facultad de Ingenier\u00eda y Ciencias Agropecuarias\",\"isPartOf\":{\"@id\":\"https:\\\/\\\/www.fica.unsl.edu.ar\\\/#website\"},\"primaryImageOfPage\":{\"@id\":\"https:\\\/\\\/www.fica.unsl.edu.ar\\\/index.php\\\/becas-de-formacion-en-extension-universitaria-de-la-seu-2023\\\/#primaryimage\"},\"image\":{\"@id\":\"https:\\\/\\\/www.fica.unsl.edu.ar\\\/index.php\\\/becas-de-formacion-en-extension-universitaria-de-la-seu-2023\\\/#primaryimage\"},\"thumbnailUrl\":\"https:\\\/\\\/www.fica.unsl.edu.ar\\\/wp-content\\\/uploads\\\/2023\\\/08\\\/seu-becas.jpg\",\"datePublished\":\"2023-08-09T03:39:58+00:00\",\"dateModified\":\"2023-08-09T16:44:20+00:00\",\"inLanguage\":\"es-AR\",\"potentialAction\":[{\"@type\":\"ReadAction\",\"target\":[\"https:\\\/\\\/www.fica.unsl.edu.ar\\\/index.php\\\/becas-de-formacion-en-extension-universitaria-de-la-seu-2023\\\/\"]}]},{\"@type\":\"ImageObject\",\"inLanguage\":\"es-AR\",\"@id\":\"https:\\\/\\\/www.fica.unsl.edu.ar\\\/index.php\\\/becas-de-formacion-en-extension-universitaria-de-la-seu-2023\\\/#primaryimage\",\"url\":\"https:\\\/\\\/www.fica.unsl.edu.ar\\\/wp-content\\\/uploads\\\/2023\\\/08\\\/seu-becas.jpg\",\"contentUrl\":\"https:\\\/\\\/www.fica.unsl.edu.ar\\\/wp-content\\\/uploads\\\/2023\\\/08\\\/seu-becas.jpg\",\"width\":1061,\"height\":585},{\"@type\":\"WebSite\",\"@id\":\"https:\\\/\\\/www.fica.unsl.edu.ar\\\/#website\",\"url\":\"https:\\\/\\\/www.fica.unsl.edu.ar\\\/\",\"name\":\"Facultad de Ingenier\u00eda y Ciencias Agropecuarias\",\"description\":\"\",\"publisher\":{\"@id\":\"https:\\\/\\\/www.fica.unsl.edu.ar\\\/#organization\"},\"potentialAction\":[{\"@type\":\"SearchAction\",\"target\":{\"@type\":\"EntryPoint\",\"urlTemplate\":\"https:\\\/\\\/www.fica.unsl.edu.ar\\\/?s={search_term_string}\"},\"query-input\":{\"@type\":\"PropertyValueSpecification\",\"valueRequired\":true,\"valueName\":\"search_term_string\"}}],\"inLanguage\":\"es-AR\"},{\"@type\":\"Organization\",\"@id\":\"https:\\\/\\\/www.fica.unsl.edu.ar\\\/#organization\",\"name\":\"Facultad de Ingenier\u00eda y Ciencias Agropecuarias\",\"url\":\"https:\\\/\\\/www.fica.unsl.edu.ar\\\/\",\"logo\":{\"@type\":\"ImageObject\",\"inLanguage\":\"es-AR\",\"@id\":\"https:\\\/\\\/www.fica.unsl.edu.ar\\\/#\\\/schema\\\/logo\\\/image\\\/\",\"url\":\"https:\\\/\\\/www.fica.unsl.edu.ar\\\/wp-content\\\/uploads\\\/2021\\\/03\\\/LOGO-1.jpg\",\"contentUrl\":\"https:\\\/\\\/www.fica.unsl.edu.ar\\\/wp-content\\\/uploads\\\/2021\\\/03\\\/LOGO-1.jpg\",\"width\":463,\"height\":145,\"caption\":\"Facultad de Ingenier\u00eda y Ciencias Agropecuarias\"},\"image\":{\"@id\":\"https:\\\/\\\/www.fica.unsl.edu.ar\\\/#\\\/schema\\\/logo\\\/image\\\/\"},\"sameAs\":[\"https:\\\/\\\/www.facebook.com\\\/FICA.UNSL\\\/\",\"https:\\\/\\\/x.com\\\/FICAUNSL\",\"https:\\\/\\\/www.instagram.com\\\/fica.unsl\\\/\",\"https:\\\/\\\/www.youtube.com\\\/channel\\\/UCs2MM53gb2PyBrMySdtWZDQ\"]},{\"@type\":\"Person\",\"@id\":\"https:\\\/\\\/www.fica.unsl.edu.ar\\\/#\\\/schema\\\/person\\\/6058f9c66301868d3a691b1f5d6c3544\",\"name\":\"DATI\"}]}<\/script>\n<!-- \/ Yoast SEO plugin. -->","yoast_head_json":{"title":"Inscripciones abiertas al Programa de Becas de Formaci\u00f3n en Extensi\u00f3n Universitaria de la SEU - Facultad de Ingenier\u00eda y Ciencias Agropecuarias","robots":{"index":"index","follow":"follow","max-snippet":"max-snippet:-1","max-image-preview":"max-image-preview:large","max-video-preview":"max-video-preview:-1"},"canonical":"https:\/\/www.fica.unsl.edu.ar\/index.php\/becas-de-formacion-en-extension-universitaria-de-la-seu-2023\/","og_locale":"es_ES","og_type":"article","og_title":"Inscripciones abiertas al Programa de Becas de Formaci\u00f3n en Extensi\u00f3n Universitaria de la SEU - Facultad de Ingenier\u00eda y Ciencias Agropecuarias","og_description":"La Coordinaci\u00f3n de Extensi\u00f3n, Vinculaci\u00f3n y Transferencia informa que, hasta el viernes 18 de agosto, permanecer\u00e1 estar\u00e1 abierta la convocatoria de postulaciones al Programa de&hellip;","og_url":"https:\/\/www.fica.unsl.edu.ar\/index.php\/becas-de-formacion-en-extension-universitaria-de-la-seu-2023\/","og_site_name":"Facultad de Ingenier\u00eda y Ciencias Agropecuarias","article_publisher":"https:\/\/www.facebook.com\/FICA.UNSL\/","article_published_time":"2023-08-09T03:39:58+00:00","article_modified_time":"2023-08-09T16:44:20+00:00","og_image":[{"width":1061,"height":585,"url":"https:\/\/www.fica.unsl.edu.ar\/wp-content\/uploads\/2023\/08\/seu-becas.jpg","type":"image\/jpeg"}],"author":"DATI","twitter_card":"summary_large_image","twitter_creator":"@FICAUNSL","twitter_site":"@FICAUNSL","twitter_misc":{"Escrito por":"DATI","Tiempo de lectura":"1 minuto"},"schema":{"@context":"https:\/\/schema.org","@graph":[{"@type":"Article","@id":"https:\/\/www.fica.unsl.edu.ar\/index.php\/becas-de-formacion-en-extension-universitaria-de-la-seu-2023\/#article","isPartOf":{"@id":"https:\/\/www.fica.unsl.edu.ar\/index.php\/becas-de-formacion-en-extension-universitaria-de-la-seu-2023\/"},"author":{"name":"DATI","@id":"https:\/\/www.fica.unsl.edu.ar\/#\/schema\/person\/6058f9c66301868d3a691b1f5d6c3544"},"headline":"Inscripciones abiertas al Programa de Becas de Formaci\u00f3n en Extensi\u00f3n Universitaria de la SEU","datePublished":"2023-08-09T03:39:58+00:00","dateModified":"2023-08-09T16:44:20+00:00","mainEntityOfPage":{"@id":"https:\/\/www.fica.unsl.edu.ar\/index.php\/becas-de-formacion-en-extension-universitaria-de-la-seu-2023\/"},"wordCount":202,"publisher":{"@id":"https:\/\/www.fica.unsl.edu.ar\/#organization"},"image":{"@id":"https:\/\/www.fica.unsl.edu.ar\/index.php\/becas-de-formacion-en-extension-universitaria-de-la-seu-2023\/#primaryimage"},"thumbnailUrl":"https:\/\/www.fica.unsl.edu.ar\/wp-content\/uploads\/2023\/08\/seu-becas.jpg","articleSection":["Noticias"],"inLanguage":"es-AR"},{"@type":"WebPage","@id":"https:\/\/www.fica.unsl.edu.ar\/index.php\/becas-de-formacion-en-extension-universitaria-de-la-seu-2023\/","url":"https:\/\/www.fica.unsl.edu.ar\/index.php\/becas-de-formacion-en-extension-universitaria-de-la-seu-2023\/","name":"Inscripciones abiertas al Programa de Becas de Formaci\u00f3n en Extensi\u00f3n Universitaria de la SEU - Facultad de Ingenier\u00eda y Ciencias Agropecuarias","isPartOf":{"@id":"https:\/\/www.fica.unsl.edu.ar\/#website"},"primaryImageOfPage":{"@id":"https:\/\/www.fica.unsl.edu.ar\/index.php\/becas-de-formacion-en-extension-universitaria-de-la-seu-2023\/#primaryimage"},"image":{"@id":"https:\/\/www.fica.unsl.edu.ar\/index.php\/becas-de-formacion-en-extension-universitaria-de-la-seu-2023\/#primaryimage"},"thumbnailUrl":"https:\/\/www.fica.unsl.edu.ar\/wp-content\/uploads\/2023\/08\/seu-becas.jpg","datePublished":"2023-08-09T03:39:58+00:00","dateModified":"2023-08-09T16:44:20+00:00","inLanguage":"es-AR","potentialAction":[{"@type":"ReadAction","target":["https:\/\/www.fica.unsl.edu.ar\/index.php\/becas-de-formacion-en-extension-universitaria-de-la-seu-2023\/"]}]},{"@type":"ImageObject","inLanguage":"es-AR","@id":"https:\/\/www.fica.unsl.edu.ar\/index.php\/becas-de-formacion-en-extension-universitaria-de-la-seu-2023\/#primaryimage","url":"https:\/\/www.fica.unsl.edu.ar\/wp-content\/uploads\/2023\/08\/seu-becas.jpg","contentUrl":"https:\/\/www.fica.unsl.edu.ar\/wp-content\/uploads\/2023\/08\/seu-becas.jpg","width":1061,"height":585},{"@type":"WebSite","@id":"https:\/\/www.fica.unsl.edu.ar\/#website","url":"https:\/\/www.fica.unsl.edu.ar\/","name":"Facultad de Ingenier\u00eda y Ciencias Agropecuarias","description":"","publisher":{"@id":"https:\/\/www.fica.unsl.edu.ar\/#organization"},"potentialAction":[{"@type":"SearchAction","target":{"@type":"EntryPoint","urlTemplate":"https:\/\/www.fica.unsl.edu.ar\/?s={search_term_string}"},"query-input":{"@type":"PropertyValueSpecification","valueRequired":true,"valueName":"search_term_string"}}],"inLanguage":"es-AR"},{"@type":"Organization","@id":"https:\/\/www.fica.unsl.edu.ar\/#organization","name":"Facultad de Ingenier\u00eda y Ciencias Agropecuarias","url":"https:\/\/www.fica.unsl.edu.ar\/","logo":{"@type":"ImageObject","inLanguage":"es-AR","@id":"https:\/\/www.fica.unsl.edu.ar\/#\/schema\/logo\/image\/","url":"https:\/\/www.fica.unsl.edu.ar\/wp-content\/uploads\/2021\/03\/LOGO-1.jpg","contentUrl":"https:\/\/www.fica.unsl.edu.ar\/wp-content\/uploads\/2021\/03\/LOGO-1.jpg","width":463,"height":145,"caption":"Facultad de Ingenier\u00eda y Ciencias Agropecuarias"},"image":{"@id":"https:\/\/www.fica.unsl.edu.ar\/#\/schema\/logo\/image\/"},"sameAs":["https:\/\/www.facebook.com\/FICA.UNSL\/","https:\/\/x.com\/FICAUNSL","https:\/\/www.instagram.com\/fica.unsl\/","https:\/\/www.youtube.com\/channel\/UCs2MM53gb2PyBrMySdtWZDQ"]},{"@type":"Person","@id":"https:\/\/www.fica.unsl.edu.ar\/#\/schema\/person\/6058f9c66301868d3a691b1f5d6c3544","name":"DATI"}]}},"_links":{"self":[{"href":"https:\/\/www.fica.unsl.edu.ar\/index.php\/wp-json\/wp\/v2\/posts\/14179","targetHints":{"allow":["GET"]}}],"collection":[{"href":"https:\/\/www.fica.unsl.edu.ar\/index.php\/wp-json\/wp\/v2\/posts"}],"about":[{"href":"https:\/\/www.fica.unsl.edu.ar\/index.php\/wp-json\/wp\/v2\/types\/post"}],"author":[{"embeddable":true,"href":"https:\/\/www.fica.unsl.edu.ar\/index.php\/wp-json\/wp\/v2\/users\/9"}],"replies":[{"embeddable":true,"href":"https:\/\/www.fica.unsl.edu.ar\/index.php\/wp-json\/wp\/v2\/comments?post=14179"}],"version-history":[{"count":3,"href":"https:\/\/www.fica.unsl.edu.ar\/index.php\/wp-json\/wp\/v2\/posts\/14179\/revisions"}],"predecessor-version":[{"id":14184,"href":"https:\/\/www.fica.unsl.edu.ar\/index.php\/wp-json\/wp\/v2\/posts\/14179\/revisions\/14184"}],"wp:featuredmedia":[{"embeddable":true,"href":"https:\/\/www.fica.unsl.edu.ar\/index.php\/wp-json\/wp\/v2\/media\/14181"}],"wp:attachment":[{"href":"https:\/\/www.fica.unsl.edu.ar\/index.php\/wp-json\/wp\/v2\/media?parent=14179"}],"wp:term":[{"taxonomy":"category","embeddable":true,"href":"https:\/\/www.fica.unsl.edu.ar\/index.php\/wp-json\/wp\/v2\/categories?post=14179"},{"taxonomy":"post_tag","embeddable":true,"href":"https:\/\/www.fica.unsl.edu.ar\/index.php\/wp-json\/wp\/v2\/tags?post=14179"}],"curies":[{"name":"wp","href":"https:\/\/api.w.org\/{rel}","templated":true}]}}