{"id":14271,"date":"2023-08-22T10:18:32","date_gmt":"2023-08-22T13:18:32","guid":{"rendered":"http:\/\/10.101.10.196\/www\/?p=14271"},"modified":"2023-08-31T08:32:02","modified_gmt":"2023-08-31T11:32:02","slug":"fica-senasa","status":"publish","type":"post","link":"https:\/\/www.fica.unsl.edu.ar\/index.php\/fica-senasa\/","title":{"rendered":"La FICA se suma a los planes de protecci\u00f3n y sanidad de la producci\u00f3n frutihort\u00edcola"},"content":{"rendered":"<p>A trav\u00e9s de sus funciones espec\u00edficas como formadora de profesionales y por medio de los aportes vinculados con la investigaci\u00f3n cient\u00edfica, la Facultad de Ingenier\u00eda y Ciencias Agropecuarias se suma a los programas del Servicio Nacional de Sanidad y Calidad Agroalimentaria (SENASA) y el Ministerio de Producci\u00f3n de San Luis, destinados a brindar protecci\u00f3n y control de sanidad a la producci\u00f3n frutihort\u00edcola de la regi\u00f3n.<\/p>\n<p>El mi\u00e9rcoles 16 de agosto pasado, en el Aula Magna del edificio del Departamento de Agronom\u00eda del campus universitario, funcionarios del SENASA; de la delegaci\u00f3n de Protecci\u00f3n Vegetal, formada por San Luis y la Pampa; del ministerio de Producci\u00f3n del gobierno de San Luis se reunieron con docentes del departamento de Ciencias Agropecuarias con el fin de plantear cu\u00e1les son las principales plagas que afectan a la producci\u00f3n frutihort\u00edcola y trazar l\u00edneas de acci\u00f3n.<\/p>\n<p>\u201cEs la primera vez que nos han convocado como instituci\u00f3n que formamos a los futuros ingenieros agr\u00f3nomos y porque vinculados con los trabajos de laboratorio en todo lo relacionado con la protecci\u00f3n y sanidad vegetal\u201d, explic\u00f3 la Esp. Patricia Baz\u00e1n. \u201cSiempre es muy interesante saber cu\u00e1les son las principales plagas y enfermedades que afectan a los cultivos. En este caso se est\u00e1 tratando sobre todo de cultivos de tipo intensivo, es decir, estamos hablando de todo lo que es la producci\u00f3n hort\u00edcola y la producci\u00f3n frutihort\u00edcola\u00a0 \u201d, agreg\u00f3 la ingeniera.<\/p>\n<p><img fetchpriority=\"high\" decoding=\"async\" class=\"aligncenter size-full wp-image-14273\" src=\"https:\/\/www.fica.unsl.edu.ar\/wp-content\/uploads\/2023\/08\/senasa-front.jpg\" alt=\"\" width=\"1061\" height=\"585\" srcset=\"https:\/\/www.fica.unsl.edu.ar\/wp-content\/uploads\/2023\/08\/senasa-front.jpg 1061w, https:\/\/www.fica.unsl.edu.ar\/wp-content\/uploads\/2023\/08\/senasa-front-300x165.jpg 300w, https:\/\/www.fica.unsl.edu.ar\/wp-content\/uploads\/2023\/08\/senasa-front-1024x565.jpg 1024w, https:\/\/www.fica.unsl.edu.ar\/wp-content\/uploads\/2023\/08\/senasa-front-768x423.jpg 768w\" sizes=\"(max-width: 1061px) 100vw, 1061px\" \/><\/p>\n<p>Baz\u00e1n se refiri\u00f3 a la presencia de funcionarios del Ministerio Producci\u00f3n de la provincia y a la recientemente aprobada Ley de Promoci\u00f3n Frutihort\u00edcola , que tiene como objetivo recuperar y fortalecer al sector. \u201cEntonces, Senasa busca divulgar entre las instituciones involucradas en la tem\u00e1tica, cu\u00e1les ser\u00edan aquellas plagas o problem\u00e1ticas que deber\u00edamos tener en cuenta, porque se tendr\u00eda que formar una red de informaci\u00f3n para exponerlas ante los productores\u201d, se\u00f1al\u00f3 Baz\u00e1n.<\/p>\n<p>En los laboratorios de la FICA \u201ccontamos con la infraestructura para identificar a aquellas problem\u00e1ticas y poder difundirlas\u201d, por eso destac\u00f3 que la importancia de poner en com\u00fan con las instituciones los temas que afectan a toda la producci\u00f3n. \u201cNosotros, desde nuestro rol como ingenieros agr\u00f3nomos, necesitamos garantizar la producci\u00f3n de alimentos y una de las problem\u00e1ticas que tenemos actualmente es la aparici\u00f3n de plagas y enfermedades que afectan la producci\u00f3n\u201d, indic\u00f3.<\/p>\n<p>\u201cEl productor, cuando encuentra algo distinto, una cuesti\u00f3n que le genera dudas o ve que puede afectar su producci\u00f3n, generalmente nos viene a consultar a nosotros, como tambi\u00e9n a otras instituciones como el INTA, y ac\u00e1 se hacen las determinaciones. Sobre lo que ahora se est\u00e1 trabaja es en c\u00f3mo deber\u00edan ser esos protocolos, la forma de identificar las problem\u00e1tica y la manera de dar avisos\u201d, remarc\u00f3.<\/p>\n<p>Mencion\u00f3 al llamado virus rugoso del tomate como una de las principales plagas actuales que m\u00e1s da\u00f1o est\u00e1 produciendo. \u201cNo debemos olvidar que el tomate es uno de los productos m\u00e1s difundidos y, dentro de las hortalizas, es una de las que m\u00e1s consumimos junto con la papa. Por eso, se promueve un gran movimiento y capacitaciones desde el SENASA con el fin de alertar e informar\u201d, afirm\u00f3 Baz\u00e1n.<\/p>\n<p>En ese aspecto en particular, explic\u00f3 que, si bien San Luis no se caracteriza por ser una provincia productora de tomate, es una hortaliza que se cultiva cada vez m\u00e1s \u201cpor eso estamos aconsejando que se tenga mucho cuidado en el tipo de semilla o en el plant\u00edn que se utilizan, que deben tener una sanidad controlada\u201d.<\/p>\n<p>Tambi\u00e9n se plantearon otras plagas que siempre forman parte de las problem\u00e1ticas de la producci\u00f3n, como la mosca de la fruta. \u201cTodas las tem\u00e1ticas se pusieron en com\u00fan para trabajarlas de manera organizada en esta primera reuni\u00f3n. Seguramente vamos a continuar con estos encuentros con el fin de cumplir con el objetivo que se traz\u00f3 el Senasa, que es garantizar la sanidad de la producci\u00f3n frutihort\u00edcola\u201d.<\/p>\n<p>Nota: Jos\u00e9 Luis Baigorria. Radio UNSL Villa Mercedes<\/p>\n<p>&nbsp;<\/p>\n","protected":false},"excerpt":{"rendered":"<p>A trav\u00e9s de sus funciones espec\u00edficas como formadora de profesionales y por medio de los aportes vinculados con la investigaci\u00f3n cient\u00edfica, la Facultad de Ingenier\u00eda&hellip;<\/p>\n","protected":false},"author":9,"featured_media":14273,"comment_status":"closed","ping_status":"closed","sticky":false,"template":"","format":"standard","meta":{"_monsterinsights_skip_tracking":false,"_monsterinsights_sitenote_active":false,"_monsterinsights_sitenote_note":"","_monsterinsights_sitenote_category":0,"_joinchat":[],"footnotes":""},"categories":[19],"tags":[],"class_list":["post-14271","post","type-post","status-publish","format-standard","has-post-thumbnail","hentry","category-noticias"],"yoast_head":"<!-- This site is optimized with the Yoast SEO plugin v27.4 - https:\/\/yoast.com\/product\/yoast-seo-wordpress\/ -->\n<title>La FICA se suma a los planes de protecci\u00f3n y sanidad de la producci\u00f3n frutihort\u00edcola - Facultad de Ingenier\u00eda y Ciencias Agropecuarias<\/title>\n<meta name=\"robots\" content=\"index, follow, max-snippet:-1, max-image-preview:large, max-video-preview:-1\" \/>\n<link rel=\"canonical\" href=\"https:\/\/www.fica.unsl.edu.ar\/index.php\/fica-senasa\/\" \/>\n<meta property=\"og:locale\" content=\"es_ES\" \/>\n<meta property=\"og:type\" content=\"article\" \/>\n<meta property=\"og:title\" content=\"La FICA se suma a los planes de protecci\u00f3n y sanidad de la producci\u00f3n frutihort\u00edcola - Facultad de Ingenier\u00eda y Ciencias Agropecuarias\" \/>\n<meta property=\"og:description\" content=\"A trav\u00e9s de sus funciones espec\u00edficas como formadora de profesionales y por medio de los aportes vinculados con la investigaci\u00f3n cient\u00edfica, la Facultad de Ingenier\u00eda&hellip;\" \/>\n<meta property=\"og:url\" content=\"https:\/\/www.fica.unsl.edu.ar\/index.php\/fica-senasa\/\" \/>\n<meta property=\"og:site_name\" content=\"Facultad de Ingenier\u00eda y Ciencias Agropecuarias\" \/>\n<meta property=\"article:publisher\" content=\"https:\/\/www.facebook.com\/FICA.UNSL\/\" \/>\n<meta property=\"article:published_time\" content=\"2023-08-22T13:18:32+00:00\" \/>\n<meta property=\"article:modified_time\" content=\"2023-08-31T11:32:02+00:00\" \/>\n<meta property=\"og:image\" content=\"https:\/\/www.fica.unsl.edu.ar\/wp-content\/uploads\/2023\/08\/senasa-front.jpg\" \/>\n\t<meta property=\"og:image:width\" content=\"1061\" \/>\n\t<meta property=\"og:image:height\" content=\"585\" \/>\n\t<meta property=\"og:image:type\" content=\"image\/jpeg\" \/>\n<meta name=\"author\" content=\"DATI\" \/>\n<meta name=\"twitter:card\" content=\"summary_large_image\" \/>\n<meta name=\"twitter:creator\" content=\"@FICAUNSL\" \/>\n<meta name=\"twitter:site\" content=\"@FICAUNSL\" \/>\n<meta name=\"twitter:label1\" content=\"Escrito por\" \/>\n\t<meta name=\"twitter:data1\" content=\"DATI\" \/>\n\t<meta name=\"twitter:label2\" content=\"Tiempo de lectura\" \/>\n\t<meta name=\"twitter:data2\" content=\"4 minutos\" \/>\n<script type=\"application\/ld+json\" class=\"yoast-schema-graph\">{\"@context\":\"https:\\\/\\\/schema.org\",\"@graph\":[{\"@type\":\"Article\",\"@id\":\"https:\\\/\\\/www.fica.unsl.edu.ar\\\/index.php\\\/fica-senasa\\\/#article\",\"isPartOf\":{\"@id\":\"https:\\\/\\\/www.fica.unsl.edu.ar\\\/index.php\\\/fica-senasa\\\/\"},\"author\":{\"name\":\"DATI\",\"@id\":\"https:\\\/\\\/www.fica.unsl.edu.ar\\\/#\\\/schema\\\/person\\\/6058f9c66301868d3a691b1f5d6c3544\"},\"headline\":\"La FICA se suma a los planes de protecci\u00f3n y sanidad de la producci\u00f3n frutihort\u00edcola\",\"datePublished\":\"2023-08-22T13:18:32+00:00\",\"dateModified\":\"2023-08-31T11:32:02+00:00\",\"mainEntityOfPage\":{\"@id\":\"https:\\\/\\\/www.fica.unsl.edu.ar\\\/index.php\\\/fica-senasa\\\/\"},\"wordCount\":726,\"publisher\":{\"@id\":\"https:\\\/\\\/www.fica.unsl.edu.ar\\\/#organization\"},\"image\":{\"@id\":\"https:\\\/\\\/www.fica.unsl.edu.ar\\\/index.php\\\/fica-senasa\\\/#primaryimage\"},\"thumbnailUrl\":\"https:\\\/\\\/www.fica.unsl.edu.ar\\\/wp-content\\\/uploads\\\/2023\\\/08\\\/senasa-front.jpg\",\"articleSection\":[\"Noticias\"],\"inLanguage\":\"es-AR\"},{\"@type\":\"WebPage\",\"@id\":\"https:\\\/\\\/www.fica.unsl.edu.ar\\\/index.php\\\/fica-senasa\\\/\",\"url\":\"https:\\\/\\\/www.fica.unsl.edu.ar\\\/index.php\\\/fica-senasa\\\/\",\"name\":\"La FICA se suma a los planes de protecci\u00f3n y sanidad de la producci\u00f3n frutihort\u00edcola - Facultad de Ingenier\u00eda y Ciencias Agropecuarias\",\"isPartOf\":{\"@id\":\"https:\\\/\\\/www.fica.unsl.edu.ar\\\/#website\"},\"primaryImageOfPage\":{\"@id\":\"https:\\\/\\\/www.fica.unsl.edu.ar\\\/index.php\\\/fica-senasa\\\/#primaryimage\"},\"image\":{\"@id\":\"https:\\\/\\\/www.fica.unsl.edu.ar\\\/index.php\\\/fica-senasa\\\/#primaryimage\"},\"thumbnailUrl\":\"https:\\\/\\\/www.fica.unsl.edu.ar\\\/wp-content\\\/uploads\\\/2023\\\/08\\\/senasa-front.jpg\",\"datePublished\":\"2023-08-22T13:18:32+00:00\",\"dateModified\":\"2023-08-31T11:32:02+00:00\",\"inLanguage\":\"es-AR\",\"potentialAction\":[{\"@type\":\"ReadAction\",\"target\":[\"https:\\\/\\\/www.fica.unsl.edu.ar\\\/index.php\\\/fica-senasa\\\/\"]}]},{\"@type\":\"ImageObject\",\"inLanguage\":\"es-AR\",\"@id\":\"https:\\\/\\\/www.fica.unsl.edu.ar\\\/index.php\\\/fica-senasa\\\/#primaryimage\",\"url\":\"https:\\\/\\\/www.fica.unsl.edu.ar\\\/wp-content\\\/uploads\\\/2023\\\/08\\\/senasa-front.jpg\",\"contentUrl\":\"https:\\\/\\\/www.fica.unsl.edu.ar\\\/wp-content\\\/uploads\\\/2023\\\/08\\\/senasa-front.jpg\",\"width\":1061,\"height\":585},{\"@type\":\"WebSite\",\"@id\":\"https:\\\/\\\/www.fica.unsl.edu.ar\\\/#website\",\"url\":\"https:\\\/\\\/www.fica.unsl.edu.ar\\\/\",\"name\":\"Facultad de Ingenier\u00eda y Ciencias Agropecuarias\",\"description\":\"\",\"publisher\":{\"@id\":\"https:\\\/\\\/www.fica.unsl.edu.ar\\\/#organization\"},\"potentialAction\":[{\"@type\":\"SearchAction\",\"target\":{\"@type\":\"EntryPoint\",\"urlTemplate\":\"https:\\\/\\\/www.fica.unsl.edu.ar\\\/?s={search_term_string}\"},\"query-input\":{\"@type\":\"PropertyValueSpecification\",\"valueRequired\":true,\"valueName\":\"search_term_string\"}}],\"inLanguage\":\"es-AR\"},{\"@type\":\"Organization\",\"@id\":\"https:\\\/\\\/www.fica.unsl.edu.ar\\\/#organization\",\"name\":\"Facultad de Ingenier\u00eda y Ciencias Agropecuarias\",\"url\":\"https:\\\/\\\/www.fica.unsl.edu.ar\\\/\",\"logo\":{\"@type\":\"ImageObject\",\"inLanguage\":\"es-AR\",\"@id\":\"https:\\\/\\\/www.fica.unsl.edu.ar\\\/#\\\/schema\\\/logo\\\/image\\\/\",\"url\":\"https:\\\/\\\/www.fica.unsl.edu.ar\\\/wp-content\\\/uploads\\\/2021\\\/03\\\/LOGO-1.jpg\",\"contentUrl\":\"https:\\\/\\\/www.fica.unsl.edu.ar\\\/wp-content\\\/uploads\\\/2021\\\/03\\\/LOGO-1.jpg\",\"width\":463,\"height\":145,\"caption\":\"Facultad de Ingenier\u00eda y Ciencias Agropecuarias\"},\"image\":{\"@id\":\"https:\\\/\\\/www.fica.unsl.edu.ar\\\/#\\\/schema\\\/logo\\\/image\\\/\"},\"sameAs\":[\"https:\\\/\\\/www.facebook.com\\\/FICA.UNSL\\\/\",\"https:\\\/\\\/x.com\\\/FICAUNSL\",\"https:\\\/\\\/www.instagram.com\\\/fica.unsl\\\/\",\"https:\\\/\\\/www.youtube.com\\\/channel\\\/UCs2MM53gb2PyBrMySdtWZDQ\"]},{\"@type\":\"Person\",\"@id\":\"https:\\\/\\\/www.fica.unsl.edu.ar\\\/#\\\/schema\\\/person\\\/6058f9c66301868d3a691b1f5d6c3544\",\"name\":\"DATI\"}]}<\/script>\n<!-- \/ Yoast SEO plugin. -->","yoast_head_json":{"title":"La FICA se suma a los planes de protecci\u00f3n y sanidad de la producci\u00f3n frutihort\u00edcola - Facultad de Ingenier\u00eda y Ciencias Agropecuarias","robots":{"index":"index","follow":"follow","max-snippet":"max-snippet:-1","max-image-preview":"max-image-preview:large","max-video-preview":"max-video-preview:-1"},"canonical":"https:\/\/www.fica.unsl.edu.ar\/index.php\/fica-senasa\/","og_locale":"es_ES","og_type":"article","og_title":"La FICA se suma a los planes de protecci\u00f3n y sanidad de la producci\u00f3n frutihort\u00edcola - Facultad de Ingenier\u00eda y Ciencias Agropecuarias","og_description":"A trav\u00e9s de sus funciones espec\u00edficas como formadora de profesionales y por medio de los aportes vinculados con la investigaci\u00f3n cient\u00edfica, la Facultad de Ingenier\u00eda&hellip;","og_url":"https:\/\/www.fica.unsl.edu.ar\/index.php\/fica-senasa\/","og_site_name":"Facultad de Ingenier\u00eda y Ciencias Agropecuarias","article_publisher":"https:\/\/www.facebook.com\/FICA.UNSL\/","article_published_time":"2023-08-22T13:18:32+00:00","article_modified_time":"2023-08-31T11:32:02+00:00","og_image":[{"width":1061,"height":585,"url":"https:\/\/www.fica.unsl.edu.ar\/wp-content\/uploads\/2023\/08\/senasa-front.jpg","type":"image\/jpeg"}],"author":"DATI","twitter_card":"summary_large_image","twitter_creator":"@FICAUNSL","twitter_site":"@FICAUNSL","twitter_misc":{"Escrito por":"DATI","Tiempo de lectura":"4 minutos"},"schema":{"@context":"https:\/\/schema.org","@graph":[{"@type":"Article","@id":"https:\/\/www.fica.unsl.edu.ar\/index.php\/fica-senasa\/#article","isPartOf":{"@id":"https:\/\/www.fica.unsl.edu.ar\/index.php\/fica-senasa\/"},"author":{"name":"DATI","@id":"https:\/\/www.fica.unsl.edu.ar\/#\/schema\/person\/6058f9c66301868d3a691b1f5d6c3544"},"headline":"La FICA se suma a los planes de protecci\u00f3n y sanidad de la producci\u00f3n frutihort\u00edcola","datePublished":"2023-08-22T13:18:32+00:00","dateModified":"2023-08-31T11:32:02+00:00","mainEntityOfPage":{"@id":"https:\/\/www.fica.unsl.edu.ar\/index.php\/fica-senasa\/"},"wordCount":726,"publisher":{"@id":"https:\/\/www.fica.unsl.edu.ar\/#organization"},"image":{"@id":"https:\/\/www.fica.unsl.edu.ar\/index.php\/fica-senasa\/#primaryimage"},"thumbnailUrl":"https:\/\/www.fica.unsl.edu.ar\/wp-content\/uploads\/2023\/08\/senasa-front.jpg","articleSection":["Noticias"],"inLanguage":"es-AR"},{"@type":"WebPage","@id":"https:\/\/www.fica.unsl.edu.ar\/index.php\/fica-senasa\/","url":"https:\/\/www.fica.unsl.edu.ar\/index.php\/fica-senasa\/","name":"La FICA se suma a los planes de protecci\u00f3n y sanidad de la producci\u00f3n frutihort\u00edcola - Facultad de Ingenier\u00eda y Ciencias Agropecuarias","isPartOf":{"@id":"https:\/\/www.fica.unsl.edu.ar\/#website"},"primaryImageOfPage":{"@id":"https:\/\/www.fica.unsl.edu.ar\/index.php\/fica-senasa\/#primaryimage"},"image":{"@id":"https:\/\/www.fica.unsl.edu.ar\/index.php\/fica-senasa\/#primaryimage"},"thumbnailUrl":"https:\/\/www.fica.unsl.edu.ar\/wp-content\/uploads\/2023\/08\/senasa-front.jpg","datePublished":"2023-08-22T13:18:32+00:00","dateModified":"2023-08-31T11:32:02+00:00","inLanguage":"es-AR","potentialAction":[{"@type":"ReadAction","target":["https:\/\/www.fica.unsl.edu.ar\/index.php\/fica-senasa\/"]}]},{"@type":"ImageObject","inLanguage":"es-AR","@id":"https:\/\/www.fica.unsl.edu.ar\/index.php\/fica-senasa\/#primaryimage","url":"https:\/\/www.fica.unsl.edu.ar\/wp-content\/uploads\/2023\/08\/senasa-front.jpg","contentUrl":"https:\/\/www.fica.unsl.edu.ar\/wp-content\/uploads\/2023\/08\/senasa-front.jpg","width":1061,"height":585},{"@type":"WebSite","@id":"https:\/\/www.fica.unsl.edu.ar\/#website","url":"https:\/\/www.fica.unsl.edu.ar\/","name":"Facultad de Ingenier\u00eda y Ciencias Agropecuarias","description":"","publisher":{"@id":"https:\/\/www.fica.unsl.edu.ar\/#organization"},"potentialAction":[{"@type":"SearchAction","target":{"@type":"EntryPoint","urlTemplate":"https:\/\/www.fica.unsl.edu.ar\/?s={search_term_string}"},"query-input":{"@type":"PropertyValueSpecification","valueRequired":true,"valueName":"search_term_string"}}],"inLanguage":"es-AR"},{"@type":"Organization","@id":"https:\/\/www.fica.unsl.edu.ar\/#organization","name":"Facultad de Ingenier\u00eda y Ciencias Agropecuarias","url":"https:\/\/www.fica.unsl.edu.ar\/","logo":{"@type":"ImageObject","inLanguage":"es-AR","@id":"https:\/\/www.fica.unsl.edu.ar\/#\/schema\/logo\/image\/","url":"https:\/\/www.fica.unsl.edu.ar\/wp-content\/uploads\/2021\/03\/LOGO-1.jpg","contentUrl":"https:\/\/www.fica.unsl.edu.ar\/wp-content\/uploads\/2021\/03\/LOGO-1.jpg","width":463,"height":145,"caption":"Facultad de Ingenier\u00eda y Ciencias Agropecuarias"},"image":{"@id":"https:\/\/www.fica.unsl.edu.ar\/#\/schema\/logo\/image\/"},"sameAs":["https:\/\/www.facebook.com\/FICA.UNSL\/","https:\/\/x.com\/FICAUNSL","https:\/\/www.instagram.com\/fica.unsl\/","https:\/\/www.youtube.com\/channel\/UCs2MM53gb2PyBrMySdtWZDQ"]},{"@type":"Person","@id":"https:\/\/www.fica.unsl.edu.ar\/#\/schema\/person\/6058f9c66301868d3a691b1f5d6c3544","name":"DATI"}]}},"_links":{"self":[{"href":"https:\/\/www.fica.unsl.edu.ar\/index.php\/wp-json\/wp\/v2\/posts\/14271","targetHints":{"allow":["GET"]}}],"collection":[{"href":"https:\/\/www.fica.unsl.edu.ar\/index.php\/wp-json\/wp\/v2\/posts"}],"about":[{"href":"https:\/\/www.fica.unsl.edu.ar\/index.php\/wp-json\/wp\/v2\/types\/post"}],"author":[{"embeddable":true,"href":"https:\/\/www.fica.unsl.edu.ar\/index.php\/wp-json\/wp\/v2\/users\/9"}],"replies":[{"embeddable":true,"href":"https:\/\/www.fica.unsl.edu.ar\/index.php\/wp-json\/wp\/v2\/comments?post=14271"}],"version-history":[{"count":2,"href":"https:\/\/www.fica.unsl.edu.ar\/index.php\/wp-json\/wp\/v2\/posts\/14271\/revisions"}],"predecessor-version":[{"id":14276,"href":"https:\/\/www.fica.unsl.edu.ar\/index.php\/wp-json\/wp\/v2\/posts\/14271\/revisions\/14276"}],"wp:featuredmedia":[{"embeddable":true,"href":"https:\/\/www.fica.unsl.edu.ar\/index.php\/wp-json\/wp\/v2\/media\/14273"}],"wp:attachment":[{"href":"https:\/\/www.fica.unsl.edu.ar\/index.php\/wp-json\/wp\/v2\/media?parent=14271"}],"wp:term":[{"taxonomy":"category","embeddable":true,"href":"https:\/\/www.fica.unsl.edu.ar\/index.php\/wp-json\/wp\/v2\/categories?post=14271"},{"taxonomy":"post_tag","embeddable":true,"href":"https:\/\/www.fica.unsl.edu.ar\/index.php\/wp-json\/wp\/v2\/tags?post=14271"}],"curies":[{"name":"wp","href":"https:\/\/api.w.org\/{rel}","templated":true}]}}