{"id":14294,"date":"2023-08-28T11:11:13","date_gmt":"2023-08-28T14:11:13","guid":{"rendered":"http:\/\/10.101.10.196\/www\/?p=14294"},"modified":"2023-08-31T08:31:46","modified_gmt":"2023-08-31T11:31:46","slug":"la-fica-inicio-el-curso-virtual-de-nivelacion-de-matematica","status":"publish","type":"post","link":"https:\/\/www.fica.unsl.edu.ar\/index.php\/la-fica-inicio-el-curso-virtual-de-nivelacion-de-matematica\/","title":{"rendered":"La FICA inici\u00f3 el Curso Virtual de Nivelaci\u00f3n de Matem\u00e1tica"},"content":{"rendered":"<p>Con una gran cantidad de inscriptos, el \u00c1rea de Matem\u00e1tica de la FICA inici\u00f3 el pasado 22 de agosto al Curso Virtual de Nivelaci\u00f3n de Matem\u00e1tica, mediante un acto de apertura que se realiz\u00f3 en el aula 16 del campus universitario, con la presencia del Decano, Mgtr. Sergio Ribotta y la Secretaria Acad\u00e9mica, Ing. Patricia Gimeno.<\/p>\n<p>Este curso busca brindar la posibilidad a los estudiantes de prepararse con antelaci\u00f3n para el ingreso 2024 a la UNSL o a otras universidades que soliciten ingreso de Matem\u00e1tica. La modalidad es virtual, con clases en vivo los d\u00edas lunes y martes de 19hrs a 21.30hrs. Tambi\u00e9n se utiliza el campus virtual de la UNSL, donde los estudiantes podr\u00e1n acceder a material Te\u00f3rico Pr\u00e1ctico de matem\u00e1tica, pizarras digitales, videos did\u00e1cticos, pr\u00e1cticos y modelo de evaluaci\u00f3n. Las consultas virtuales se realizar\u00e1n por medio de Telegram para facilitar la comunicaci\u00f3n con los docentes.<\/p>\n<p><img fetchpriority=\"high\" decoding=\"async\" class=\"aligncenter size-full wp-image-14295\" src=\"https:\/\/www.fica.unsl.edu.ar\/wp-content\/uploads\/2023\/08\/matematica-02.jpg\" alt=\"\" width=\"1600\" height=\"990\" srcset=\"https:\/\/www.fica.unsl.edu.ar\/wp-content\/uploads\/2023\/08\/matematica-02.jpg 1600w, https:\/\/www.fica.unsl.edu.ar\/wp-content\/uploads\/2023\/08\/matematica-02-300x186.jpg 300w, https:\/\/www.fica.unsl.edu.ar\/wp-content\/uploads\/2023\/08\/matematica-02-1024x634.jpg 1024w, https:\/\/www.fica.unsl.edu.ar\/wp-content\/uploads\/2023\/08\/matematica-02-768x475.jpg 768w, https:\/\/www.fica.unsl.edu.ar\/wp-content\/uploads\/2023\/08\/matematica-02-1536x950.jpg 1536w\" sizes=\"(max-width: 1600px) 100vw, 1600px\" \/><\/p>\n<p>El alcance del curso no se limita \u00fanicamente a la provincia de San Luis, tambi\u00e9n est\u00e1 destinado para estudiantes de otras provincias e incluso para interesados que est\u00e9n en el exterior. La aprobaci\u00f3n tiene validez para el ingreso a la universidad en el a\u00f1o 2024. Con esta iniciativa, se busca fortalecer la formaci\u00f3n acad\u00e9mica de los estudiantes y facilitar su ingreso a la carrera\u00a0de\u00a0su\u00a0elecci\u00f3n.<\/p>\n<p>Este curso es dictado por Paola V\u00edlchez, Graciela Echevarr\u00eda, Vanina Bianciotti, Agostina Cagnina, Fernanda Uvieta, Giuliano Ardissone, Martin Garciarena y Sergio\u00a0Bertoli<\/p>\n","protected":false},"excerpt":{"rendered":"<p>Con una gran cantidad de inscriptos, el \u00c1rea de Matem\u00e1tica de la FICA inici\u00f3 el pasado 22 de agosto al Curso Virtual de Nivelaci\u00f3n de&hellip;<\/p>\n","protected":false},"author":9,"featured_media":14296,"comment_status":"closed","ping_status":"closed","sticky":false,"template":"","format":"standard","meta":{"_monsterinsights_skip_tracking":false,"_monsterinsights_sitenote_active":false,"_monsterinsights_sitenote_note":"","_monsterinsights_sitenote_category":0,"_joinchat":[],"footnotes":""},"categories":[19],"tags":[],"class_list":["post-14294","post","type-post","status-publish","format-standard","has-post-thumbnail","hentry","category-noticias"],"yoast_head":"<!-- This site is optimized with the Yoast SEO plugin v27.4 - https:\/\/yoast.com\/product\/yoast-seo-wordpress\/ -->\n<title>La FICA inici\u00f3 el Curso Virtual de Nivelaci\u00f3n de Matem\u00e1tica - Facultad de Ingenier\u00eda y Ciencias Agropecuarias<\/title>\n<meta name=\"robots\" content=\"index, follow, max-snippet:-1, max-image-preview:large, max-video-preview:-1\" \/>\n<link rel=\"canonical\" href=\"https:\/\/www.fica.unsl.edu.ar\/index.php\/la-fica-inicio-el-curso-virtual-de-nivelacion-de-matematica\/\" \/>\n<meta property=\"og:locale\" content=\"es_ES\" \/>\n<meta property=\"og:type\" content=\"article\" \/>\n<meta property=\"og:title\" content=\"La FICA inici\u00f3 el Curso Virtual de Nivelaci\u00f3n de Matem\u00e1tica - Facultad de Ingenier\u00eda y Ciencias Agropecuarias\" \/>\n<meta property=\"og:description\" content=\"Con una gran cantidad de inscriptos, el \u00c1rea de Matem\u00e1tica de la FICA inici\u00f3 el pasado 22 de agosto al Curso Virtual de Nivelaci\u00f3n de&hellip;\" \/>\n<meta property=\"og:url\" content=\"https:\/\/www.fica.unsl.edu.ar\/index.php\/la-fica-inicio-el-curso-virtual-de-nivelacion-de-matematica\/\" \/>\n<meta property=\"og:site_name\" content=\"Facultad de Ingenier\u00eda y Ciencias Agropecuarias\" \/>\n<meta property=\"article:publisher\" content=\"https:\/\/www.facebook.com\/FICA.UNSL\/\" \/>\n<meta property=\"article:published_time\" content=\"2023-08-28T14:11:13+00:00\" \/>\n<meta property=\"article:modified_time\" content=\"2023-08-31T11:31:46+00:00\" \/>\n<meta property=\"og:image\" content=\"https:\/\/www.fica.unsl.edu.ar\/wp-content\/uploads\/2023\/08\/matematica-front.jpg\" \/>\n\t<meta property=\"og:image:width\" content=\"1061\" \/>\n\t<meta property=\"og:image:height\" content=\"585\" \/>\n\t<meta property=\"og:image:type\" content=\"image\/jpeg\" \/>\n<meta name=\"author\" content=\"DATI\" \/>\n<meta name=\"twitter:card\" content=\"summary_large_image\" \/>\n<meta name=\"twitter:creator\" content=\"@FICAUNSL\" \/>\n<meta name=\"twitter:site\" content=\"@FICAUNSL\" \/>\n<meta name=\"twitter:label1\" content=\"Escrito por\" \/>\n\t<meta name=\"twitter:data1\" content=\"DATI\" \/>\n\t<meta name=\"twitter:label2\" content=\"Tiempo de lectura\" \/>\n\t<meta name=\"twitter:data2\" content=\"2 minutos\" \/>\n<script type=\"application\/ld+json\" class=\"yoast-schema-graph\">{\"@context\":\"https:\\\/\\\/schema.org\",\"@graph\":[{\"@type\":\"Article\",\"@id\":\"https:\\\/\\\/www.fica.unsl.edu.ar\\\/index.php\\\/la-fica-inicio-el-curso-virtual-de-nivelacion-de-matematica\\\/#article\",\"isPartOf\":{\"@id\":\"https:\\\/\\\/www.fica.unsl.edu.ar\\\/index.php\\\/la-fica-inicio-el-curso-virtual-de-nivelacion-de-matematica\\\/\"},\"author\":{\"name\":\"DATI\",\"@id\":\"https:\\\/\\\/www.fica.unsl.edu.ar\\\/#\\\/schema\\\/person\\\/6058f9c66301868d3a691b1f5d6c3544\"},\"headline\":\"La FICA inici\u00f3 el Curso Virtual de Nivelaci\u00f3n de Matem\u00e1tica\",\"datePublished\":\"2023-08-28T14:11:13+00:00\",\"dateModified\":\"2023-08-31T11:31:46+00:00\",\"mainEntityOfPage\":{\"@id\":\"https:\\\/\\\/www.fica.unsl.edu.ar\\\/index.php\\\/la-fica-inicio-el-curso-virtual-de-nivelacion-de-matematica\\\/\"},\"wordCount\":270,\"publisher\":{\"@id\":\"https:\\\/\\\/www.fica.unsl.edu.ar\\\/#organization\"},\"image\":{\"@id\":\"https:\\\/\\\/www.fica.unsl.edu.ar\\\/index.php\\\/la-fica-inicio-el-curso-virtual-de-nivelacion-de-matematica\\\/#primaryimage\"},\"thumbnailUrl\":\"https:\\\/\\\/www.fica.unsl.edu.ar\\\/wp-content\\\/uploads\\\/2023\\\/08\\\/matematica-front.jpg\",\"articleSection\":[\"Noticias\"],\"inLanguage\":\"es-AR\"},{\"@type\":\"WebPage\",\"@id\":\"https:\\\/\\\/www.fica.unsl.edu.ar\\\/index.php\\\/la-fica-inicio-el-curso-virtual-de-nivelacion-de-matematica\\\/\",\"url\":\"https:\\\/\\\/www.fica.unsl.edu.ar\\\/index.php\\\/la-fica-inicio-el-curso-virtual-de-nivelacion-de-matematica\\\/\",\"name\":\"La FICA inici\u00f3 el Curso Virtual de Nivelaci\u00f3n de Matem\u00e1tica - Facultad de Ingenier\u00eda y Ciencias Agropecuarias\",\"isPartOf\":{\"@id\":\"https:\\\/\\\/www.fica.unsl.edu.ar\\\/#website\"},\"primaryImageOfPage\":{\"@id\":\"https:\\\/\\\/www.fica.unsl.edu.ar\\\/index.php\\\/la-fica-inicio-el-curso-virtual-de-nivelacion-de-matematica\\\/#primaryimage\"},\"image\":{\"@id\":\"https:\\\/\\\/www.fica.unsl.edu.ar\\\/index.php\\\/la-fica-inicio-el-curso-virtual-de-nivelacion-de-matematica\\\/#primaryimage\"},\"thumbnailUrl\":\"https:\\\/\\\/www.fica.unsl.edu.ar\\\/wp-content\\\/uploads\\\/2023\\\/08\\\/matematica-front.jpg\",\"datePublished\":\"2023-08-28T14:11:13+00:00\",\"dateModified\":\"2023-08-31T11:31:46+00:00\",\"inLanguage\":\"es-AR\",\"potentialAction\":[{\"@type\":\"ReadAction\",\"target\":[\"https:\\\/\\\/www.fica.unsl.edu.ar\\\/index.php\\\/la-fica-inicio-el-curso-virtual-de-nivelacion-de-matematica\\\/\"]}]},{\"@type\":\"ImageObject\",\"inLanguage\":\"es-AR\",\"@id\":\"https:\\\/\\\/www.fica.unsl.edu.ar\\\/index.php\\\/la-fica-inicio-el-curso-virtual-de-nivelacion-de-matematica\\\/#primaryimage\",\"url\":\"https:\\\/\\\/www.fica.unsl.edu.ar\\\/wp-content\\\/uploads\\\/2023\\\/08\\\/matematica-front.jpg\",\"contentUrl\":\"https:\\\/\\\/www.fica.unsl.edu.ar\\\/wp-content\\\/uploads\\\/2023\\\/08\\\/matematica-front.jpg\",\"width\":1061,\"height\":585},{\"@type\":\"WebSite\",\"@id\":\"https:\\\/\\\/www.fica.unsl.edu.ar\\\/#website\",\"url\":\"https:\\\/\\\/www.fica.unsl.edu.ar\\\/\",\"name\":\"Facultad de Ingenier\u00eda y Ciencias Agropecuarias\",\"description\":\"\",\"publisher\":{\"@id\":\"https:\\\/\\\/www.fica.unsl.edu.ar\\\/#organization\"},\"potentialAction\":[{\"@type\":\"SearchAction\",\"target\":{\"@type\":\"EntryPoint\",\"urlTemplate\":\"https:\\\/\\\/www.fica.unsl.edu.ar\\\/?s={search_term_string}\"},\"query-input\":{\"@type\":\"PropertyValueSpecification\",\"valueRequired\":true,\"valueName\":\"search_term_string\"}}],\"inLanguage\":\"es-AR\"},{\"@type\":\"Organization\",\"@id\":\"https:\\\/\\\/www.fica.unsl.edu.ar\\\/#organization\",\"name\":\"Facultad de Ingenier\u00eda y Ciencias Agropecuarias\",\"url\":\"https:\\\/\\\/www.fica.unsl.edu.ar\\\/\",\"logo\":{\"@type\":\"ImageObject\",\"inLanguage\":\"es-AR\",\"@id\":\"https:\\\/\\\/www.fica.unsl.edu.ar\\\/#\\\/schema\\\/logo\\\/image\\\/\",\"url\":\"https:\\\/\\\/www.fica.unsl.edu.ar\\\/wp-content\\\/uploads\\\/2021\\\/03\\\/LOGO-1.jpg\",\"contentUrl\":\"https:\\\/\\\/www.fica.unsl.edu.ar\\\/wp-content\\\/uploads\\\/2021\\\/03\\\/LOGO-1.jpg\",\"width\":463,\"height\":145,\"caption\":\"Facultad de Ingenier\u00eda y Ciencias Agropecuarias\"},\"image\":{\"@id\":\"https:\\\/\\\/www.fica.unsl.edu.ar\\\/#\\\/schema\\\/logo\\\/image\\\/\"},\"sameAs\":[\"https:\\\/\\\/www.facebook.com\\\/FICA.UNSL\\\/\",\"https:\\\/\\\/x.com\\\/FICAUNSL\",\"https:\\\/\\\/www.instagram.com\\\/fica.unsl\\\/\",\"https:\\\/\\\/www.youtube.com\\\/channel\\\/UCs2MM53gb2PyBrMySdtWZDQ\"]},{\"@type\":\"Person\",\"@id\":\"https:\\\/\\\/www.fica.unsl.edu.ar\\\/#\\\/schema\\\/person\\\/6058f9c66301868d3a691b1f5d6c3544\",\"name\":\"DATI\"}]}<\/script>\n<!-- \/ Yoast SEO plugin. -->","yoast_head_json":{"title":"La FICA inici\u00f3 el Curso Virtual de Nivelaci\u00f3n de Matem\u00e1tica - Facultad de Ingenier\u00eda y Ciencias Agropecuarias","robots":{"index":"index","follow":"follow","max-snippet":"max-snippet:-1","max-image-preview":"max-image-preview:large","max-video-preview":"max-video-preview:-1"},"canonical":"https:\/\/www.fica.unsl.edu.ar\/index.php\/la-fica-inicio-el-curso-virtual-de-nivelacion-de-matematica\/","og_locale":"es_ES","og_type":"article","og_title":"La FICA inici\u00f3 el Curso Virtual de Nivelaci\u00f3n de Matem\u00e1tica - Facultad de Ingenier\u00eda y Ciencias Agropecuarias","og_description":"Con una gran cantidad de inscriptos, el \u00c1rea de Matem\u00e1tica de la FICA inici\u00f3 el pasado 22 de agosto al Curso Virtual de Nivelaci\u00f3n de&hellip;","og_url":"https:\/\/www.fica.unsl.edu.ar\/index.php\/la-fica-inicio-el-curso-virtual-de-nivelacion-de-matematica\/","og_site_name":"Facultad de Ingenier\u00eda y Ciencias Agropecuarias","article_publisher":"https:\/\/www.facebook.com\/FICA.UNSL\/","article_published_time":"2023-08-28T14:11:13+00:00","article_modified_time":"2023-08-31T11:31:46+00:00","og_image":[{"width":1061,"height":585,"url":"https:\/\/www.fica.unsl.edu.ar\/wp-content\/uploads\/2023\/08\/matematica-front.jpg","type":"image\/jpeg"}],"author":"DATI","twitter_card":"summary_large_image","twitter_creator":"@FICAUNSL","twitter_site":"@FICAUNSL","twitter_misc":{"Escrito por":"DATI","Tiempo de lectura":"2 minutos"},"schema":{"@context":"https:\/\/schema.org","@graph":[{"@type":"Article","@id":"https:\/\/www.fica.unsl.edu.ar\/index.php\/la-fica-inicio-el-curso-virtual-de-nivelacion-de-matematica\/#article","isPartOf":{"@id":"https:\/\/www.fica.unsl.edu.ar\/index.php\/la-fica-inicio-el-curso-virtual-de-nivelacion-de-matematica\/"},"author":{"name":"DATI","@id":"https:\/\/www.fica.unsl.edu.ar\/#\/schema\/person\/6058f9c66301868d3a691b1f5d6c3544"},"headline":"La FICA inici\u00f3 el Curso Virtual de Nivelaci\u00f3n de Matem\u00e1tica","datePublished":"2023-08-28T14:11:13+00:00","dateModified":"2023-08-31T11:31:46+00:00","mainEntityOfPage":{"@id":"https:\/\/www.fica.unsl.edu.ar\/index.php\/la-fica-inicio-el-curso-virtual-de-nivelacion-de-matematica\/"},"wordCount":270,"publisher":{"@id":"https:\/\/www.fica.unsl.edu.ar\/#organization"},"image":{"@id":"https:\/\/www.fica.unsl.edu.ar\/index.php\/la-fica-inicio-el-curso-virtual-de-nivelacion-de-matematica\/#primaryimage"},"thumbnailUrl":"https:\/\/www.fica.unsl.edu.ar\/wp-content\/uploads\/2023\/08\/matematica-front.jpg","articleSection":["Noticias"],"inLanguage":"es-AR"},{"@type":"WebPage","@id":"https:\/\/www.fica.unsl.edu.ar\/index.php\/la-fica-inicio-el-curso-virtual-de-nivelacion-de-matematica\/","url":"https:\/\/www.fica.unsl.edu.ar\/index.php\/la-fica-inicio-el-curso-virtual-de-nivelacion-de-matematica\/","name":"La FICA inici\u00f3 el Curso Virtual de Nivelaci\u00f3n de Matem\u00e1tica - Facultad de Ingenier\u00eda y Ciencias Agropecuarias","isPartOf":{"@id":"https:\/\/www.fica.unsl.edu.ar\/#website"},"primaryImageOfPage":{"@id":"https:\/\/www.fica.unsl.edu.ar\/index.php\/la-fica-inicio-el-curso-virtual-de-nivelacion-de-matematica\/#primaryimage"},"image":{"@id":"https:\/\/www.fica.unsl.edu.ar\/index.php\/la-fica-inicio-el-curso-virtual-de-nivelacion-de-matematica\/#primaryimage"},"thumbnailUrl":"https:\/\/www.fica.unsl.edu.ar\/wp-content\/uploads\/2023\/08\/matematica-front.jpg","datePublished":"2023-08-28T14:11:13+00:00","dateModified":"2023-08-31T11:31:46+00:00","inLanguage":"es-AR","potentialAction":[{"@type":"ReadAction","target":["https:\/\/www.fica.unsl.edu.ar\/index.php\/la-fica-inicio-el-curso-virtual-de-nivelacion-de-matematica\/"]}]},{"@type":"ImageObject","inLanguage":"es-AR","@id":"https:\/\/www.fica.unsl.edu.ar\/index.php\/la-fica-inicio-el-curso-virtual-de-nivelacion-de-matematica\/#primaryimage","url":"https:\/\/www.fica.unsl.edu.ar\/wp-content\/uploads\/2023\/08\/matematica-front.jpg","contentUrl":"https:\/\/www.fica.unsl.edu.ar\/wp-content\/uploads\/2023\/08\/matematica-front.jpg","width":1061,"height":585},{"@type":"WebSite","@id":"https:\/\/www.fica.unsl.edu.ar\/#website","url":"https:\/\/www.fica.unsl.edu.ar\/","name":"Facultad de Ingenier\u00eda y Ciencias Agropecuarias","description":"","publisher":{"@id":"https:\/\/www.fica.unsl.edu.ar\/#organization"},"potentialAction":[{"@type":"SearchAction","target":{"@type":"EntryPoint","urlTemplate":"https:\/\/www.fica.unsl.edu.ar\/?s={search_term_string}"},"query-input":{"@type":"PropertyValueSpecification","valueRequired":true,"valueName":"search_term_string"}}],"inLanguage":"es-AR"},{"@type":"Organization","@id":"https:\/\/www.fica.unsl.edu.ar\/#organization","name":"Facultad de Ingenier\u00eda y Ciencias Agropecuarias","url":"https:\/\/www.fica.unsl.edu.ar\/","logo":{"@type":"ImageObject","inLanguage":"es-AR","@id":"https:\/\/www.fica.unsl.edu.ar\/#\/schema\/logo\/image\/","url":"https:\/\/www.fica.unsl.edu.ar\/wp-content\/uploads\/2021\/03\/LOGO-1.jpg","contentUrl":"https:\/\/www.fica.unsl.edu.ar\/wp-content\/uploads\/2021\/03\/LOGO-1.jpg","width":463,"height":145,"caption":"Facultad de Ingenier\u00eda y Ciencias Agropecuarias"},"image":{"@id":"https:\/\/www.fica.unsl.edu.ar\/#\/schema\/logo\/image\/"},"sameAs":["https:\/\/www.facebook.com\/FICA.UNSL\/","https:\/\/x.com\/FICAUNSL","https:\/\/www.instagram.com\/fica.unsl\/","https:\/\/www.youtube.com\/channel\/UCs2MM53gb2PyBrMySdtWZDQ"]},{"@type":"Person","@id":"https:\/\/www.fica.unsl.edu.ar\/#\/schema\/person\/6058f9c66301868d3a691b1f5d6c3544","name":"DATI"}]}},"_links":{"self":[{"href":"https:\/\/www.fica.unsl.edu.ar\/index.php\/wp-json\/wp\/v2\/posts\/14294","targetHints":{"allow":["GET"]}}],"collection":[{"href":"https:\/\/www.fica.unsl.edu.ar\/index.php\/wp-json\/wp\/v2\/posts"}],"about":[{"href":"https:\/\/www.fica.unsl.edu.ar\/index.php\/wp-json\/wp\/v2\/types\/post"}],"author":[{"embeddable":true,"href":"https:\/\/www.fica.unsl.edu.ar\/index.php\/wp-json\/wp\/v2\/users\/9"}],"replies":[{"embeddable":true,"href":"https:\/\/www.fica.unsl.edu.ar\/index.php\/wp-json\/wp\/v2\/comments?post=14294"}],"version-history":[{"count":1,"href":"https:\/\/www.fica.unsl.edu.ar\/index.php\/wp-json\/wp\/v2\/posts\/14294\/revisions"}],"predecessor-version":[{"id":14297,"href":"https:\/\/www.fica.unsl.edu.ar\/index.php\/wp-json\/wp\/v2\/posts\/14294\/revisions\/14297"}],"wp:featuredmedia":[{"embeddable":true,"href":"https:\/\/www.fica.unsl.edu.ar\/index.php\/wp-json\/wp\/v2\/media\/14296"}],"wp:attachment":[{"href":"https:\/\/www.fica.unsl.edu.ar\/index.php\/wp-json\/wp\/v2\/media?parent=14294"}],"wp:term":[{"taxonomy":"category","embeddable":true,"href":"https:\/\/www.fica.unsl.edu.ar\/index.php\/wp-json\/wp\/v2\/categories?post=14294"},{"taxonomy":"post_tag","embeddable":true,"href":"https:\/\/www.fica.unsl.edu.ar\/index.php\/wp-json\/wp\/v2\/tags?post=14294"}],"curies":[{"name":"wp","href":"https:\/\/api.w.org\/{rel}","templated":true}]}}