{"id":14301,"date":"2023-08-28T12:13:35","date_gmt":"2023-08-28T15:13:35","guid":{"rendered":"http:\/\/10.101.10.196\/www\/?p=14301"},"modified":"2023-08-28T12:13:35","modified_gmt":"2023-08-28T15:13:35","slug":"la-sanidad-vegetal-como-eje-de-investigacion","status":"publish","type":"post","link":"https:\/\/www.fica.unsl.edu.ar\/index.php\/la-sanidad-vegetal-como-eje-de-investigacion\/","title":{"rendered":"La sanidad vegetal como eje de investigaci\u00f3n"},"content":{"rendered":"<p><strong>\u00bfSab\u00edas que la UNSL cuenta con un Laboratorio para el Manejo Integrado de Problemas Fitosanitarios?. Se cre\u00f3 en el a\u00f1o 2006 y desde all\u00ed se realiza el diagn\u00f3stico de problemas fitosanitarios, actualizaci\u00f3n, especializaci\u00f3n, perfeccionamiento y\/o capacitaci\u00f3n de profesionales y no profesionales de los sectores p\u00fablicos y privados.<\/strong><\/p>\n<p>Estudiar los problemas fitosanitarios constituye una herramienta para prevenir y controlar plagas o enfermedades, y hacer m\u00e1s eficiente la producci\u00f3n. Su directora es la Ing. Mar\u00eda Bel\u00e9n Funes, docente e investigadora de la Facultad de Ingenier\u00eda y Ciencias Agropecuarias (FICA) quien explic\u00f3 que no realizan diagn\u00f3sticos de herb\u00e1ceas nativas, ni de enfermedades en semillas y granos.<\/p>\n<p><em>\u00abPara nuestro equipo de trabajo es imperioso volcar el conocimiento cient\u00edfico en las distintas realidades del sector, de manera tal, que se genere un beneficio para ambas partes (\u2026) La tem\u00e1tica que abordamos es muy requerida por el medio, raz\u00f3n por lo cual creemos que es de suma importancia su creaci\u00f3n, mantenimiento y actualizaci\u00f3n en todos sus aspectos, lo que permite brindar resultados de excelencia\u00bb<\/em>, expres\u00f3.<\/p>\n<p>&nbsp;<\/p>\n<figure><img decoding=\"async\" class=\"wp-image-85096 alignnone\" src=\"https:\/\/www.noticias.unsl.edu.ar\/wp-content\/uploads\/2023\/06\/230615-Lab.-de-manejo-integrado-de-problemas-fitosanitarios-9-de-21-7.jpg\" sizes=\"(max-width: 1000px) 100vw, 1000px\" srcset=\"https:\/\/www.noticias.unsl.edu.ar\/wp-content\/uploads\/2023\/06\/230615-Lab.-de-manejo-integrado-de-problemas-fitosanitarios-9-de-21-7.jpg 1000w, https:\/\/www.noticias.unsl.edu.ar\/wp-content\/uploads\/2023\/06\/230615-Lab.-de-manejo-integrado-de-problemas-fitosanitarios-9-de-21-7-300x169.jpg 300w\" alt=\"\" data-id=\"85096\" data-link=\"https:\/\/www.noticias.unsl.edu.ar\/230615-lab-de-manejo-integrado-de-problemas-fitosanitarios-9-de-21-7\/\" \/><\/figure>\n<p>En este sentido, la investigadora se refiri\u00f3 a la normativa universitaria que expresa que los grupos de trabajos constituyen una instancia operativa que concentra recursos humanos y materiales y que se conforman a partir de una demanda espec\u00edfica proveniente del medio o por propia iniciativa de sus integrantes y aclar\u00f3:\u00a0<em>\u00abambas razones dieron origen al Laboratorio\u00bb.<\/em><\/p>\n<p>Entre los aportes sociales que se desprenden del lugar uno de ellos estuvo vinculado a la presentaci\u00f3n de un Informe T\u00e9cnico al Municipio de la ciudad de Villa Mercedes, acerca del estado sanitario del Eucaliptal del Parque Costanera R\u00edo Quinto.<\/p>\n<p>La actividad fue realizada por integrantes del Laboratorio junto a otros docentes de la FICA, integrantes de un proyecto de extensi\u00f3n y estudiantes avanzados de la carrera Ingenier\u00eda Agron\u00f3mica. Esto permiti\u00f3 recabar informaci\u00f3n valiosa que le permitir\u00e1 al Municipio tomar decisiones acerca del manejo del mismo, lo que traer\u00e1 aparejado un beneficio social, ambiental y paisaj\u00edstico para la sociedad en todo su conjunto.<\/p>\n<figure><img decoding=\"async\" class=\"wp-image-85098\" src=\"https:\/\/www.noticias.unsl.edu.ar\/wp-content\/uploads\/2023\/06\/230615-Lab.-de-manejo-integrado-de-problemas-fitosanitarios-15-de-21-12.jpg\" sizes=\"(max-width: 1000px) 100vw, 1000px\" srcset=\"https:\/\/www.noticias.unsl.edu.ar\/wp-content\/uploads\/2023\/06\/230615-Lab.-de-manejo-integrado-de-problemas-fitosanitarios-15-de-21-12.jpg 1000w, https:\/\/www.noticias.unsl.edu.ar\/wp-content\/uploads\/2023\/06\/230615-Lab.-de-manejo-integrado-de-problemas-fitosanitarios-15-de-21-12-300x169.jpg 300w\" alt=\"\" data-id=\"85098\" data-link=\"https:\/\/www.noticias.unsl.edu.ar\/230615-lab-de-manejo-integrado-de-problemas-fitosanitarios-15-de-21-12\/\" \/><\/figure>\n<p>&nbsp;<\/p>\n<p><strong>Equipamiento.<\/strong>\u00a0Para sus tareas los\/as cient\u00edficos\/as y estudiantes utilizan equipos especiales para realizar diagn\u00f3sticos, entre ellos se destaca una c\u00e1mara de flujo laminar, microscopio y lupas binoculares con equipo de fotograf\u00eda, incubadora, estufas de cultivo, horno pasteur de esterilizaci\u00f3n, heladera, freezer, computadoras con programas estad\u00edsticos, drogas e insumos varios.\u00a0<em>\u00abSe planifica reparar y poner en valor los sectores del invern\u00e1culo, pertenecientes a Zoolog\u00eda Agr\u00edcola y Fitopatolog\u00eda. Una vez realizado ello, se proyecta modernizarlo y ampliarlo con el fin de adquirir otros equipamientos para control biol\u00f3gico, cr\u00eda de insectos, diagn\u00f3sticos moleculares, entre otros\u00bb<\/em>, concluy\u00f3 Funes.<\/p>\n<p><strong>Grupo de trabajo<\/strong>. Lo integran 12 profesionales de diversas disciplinas: zoolog\u00eda agr\u00edcola, fitopatolog\u00eda, protecci\u00f3n vegetal, malezas, terap\u00e9utica vegetal y bot\u00e1nica sist\u00e9mica.<\/p>\n<p><strong>Dato<\/strong><\/p>\n<p>Le dieron su origen las ingenieras Susana Larrusse y Nora Mart\u00ednez. Desde esa \u00e9poca y en la actualidad funciona con car\u00e1cter permanente en los laboratorios de las asignaturas Fitopatolog\u00eda, Zoolog\u00eda Agr\u00edcola y Bot\u00e1nica Sistem\u00e1tica, del Departamento de Ciencias Agropecuarias de la FICA.<\/p>\n","protected":false},"excerpt":{"rendered":"<p>\u00bfSab\u00edas que la UNSL cuenta con un Laboratorio para el Manejo Integrado de Problemas Fitosanitarios?. Se cre\u00f3 en el a\u00f1o 2006 y desde all\u00ed se&hellip;<\/p>\n","protected":false},"author":9,"featured_media":14302,"comment_status":"closed","ping_status":"closed","sticky":false,"template":"","format":"standard","meta":{"_monsterinsights_skip_tracking":false,"_monsterinsights_sitenote_active":false,"_monsterinsights_sitenote_note":"","_monsterinsights_sitenote_category":0,"_joinchat":[],"footnotes":""},"categories":[19],"tags":[],"class_list":["post-14301","post","type-post","status-publish","format-standard","has-post-thumbnail","hentry","category-noticias"],"yoast_head":"<!-- This site is optimized with the Yoast SEO plugin v27.4 - https:\/\/yoast.com\/product\/yoast-seo-wordpress\/ -->\n<title>La sanidad vegetal como eje de investigaci\u00f3n - Facultad de Ingenier\u00eda y Ciencias Agropecuarias<\/title>\n<meta name=\"robots\" content=\"index, follow, max-snippet:-1, max-image-preview:large, max-video-preview:-1\" \/>\n<link rel=\"canonical\" href=\"https:\/\/www.fica.unsl.edu.ar\/index.php\/la-sanidad-vegetal-como-eje-de-investigacion\/\" \/>\n<meta property=\"og:locale\" content=\"es_ES\" \/>\n<meta property=\"og:type\" content=\"article\" \/>\n<meta property=\"og:title\" content=\"La sanidad vegetal como eje de investigaci\u00f3n - Facultad de Ingenier\u00eda y Ciencias Agropecuarias\" \/>\n<meta property=\"og:description\" content=\"\u00bfSab\u00edas que la UNSL cuenta con un Laboratorio para el Manejo Integrado de Problemas Fitosanitarios?. Se cre\u00f3 en el a\u00f1o 2006 y desde all\u00ed se&hellip;\" \/>\n<meta property=\"og:url\" content=\"https:\/\/www.fica.unsl.edu.ar\/index.php\/la-sanidad-vegetal-como-eje-de-investigacion\/\" \/>\n<meta property=\"og:site_name\" content=\"Facultad de Ingenier\u00eda y Ciencias Agropecuarias\" \/>\n<meta property=\"article:publisher\" content=\"https:\/\/www.facebook.com\/FICA.UNSL\/\" \/>\n<meta property=\"article:published_time\" content=\"2023-08-28T15:13:35+00:00\" \/>\n<meta property=\"og:image\" content=\"https:\/\/www.fica.unsl.edu.ar\/wp-content\/uploads\/2023\/08\/sanidad-vegetal.jpg\" \/>\n\t<meta property=\"og:image:width\" content=\"1061\" \/>\n\t<meta property=\"og:image:height\" content=\"585\" \/>\n\t<meta property=\"og:image:type\" content=\"image\/jpeg\" \/>\n<meta name=\"author\" content=\"DATI\" \/>\n<meta name=\"twitter:card\" content=\"summary_large_image\" \/>\n<meta name=\"twitter:creator\" content=\"@FICAUNSL\" \/>\n<meta name=\"twitter:site\" content=\"@FICAUNSL\" \/>\n<meta name=\"twitter:label1\" content=\"Escrito por\" \/>\n\t<meta name=\"twitter:data1\" content=\"DATI\" \/>\n\t<meta name=\"twitter:label2\" content=\"Tiempo de lectura\" \/>\n\t<meta name=\"twitter:data2\" content=\"3 minutos\" \/>\n<script type=\"application\/ld+json\" class=\"yoast-schema-graph\">{\"@context\":\"https:\\\/\\\/schema.org\",\"@graph\":[{\"@type\":\"Article\",\"@id\":\"https:\\\/\\\/www.fica.unsl.edu.ar\\\/index.php\\\/la-sanidad-vegetal-como-eje-de-investigacion\\\/#article\",\"isPartOf\":{\"@id\":\"https:\\\/\\\/www.fica.unsl.edu.ar\\\/index.php\\\/la-sanidad-vegetal-como-eje-de-investigacion\\\/\"},\"author\":{\"name\":\"DATI\",\"@id\":\"https:\\\/\\\/www.fica.unsl.edu.ar\\\/#\\\/schema\\\/person\\\/6058f9c66301868d3a691b1f5d6c3544\"},\"headline\":\"La sanidad vegetal como eje de investigaci\u00f3n\",\"datePublished\":\"2023-08-28T15:13:35+00:00\",\"mainEntityOfPage\":{\"@id\":\"https:\\\/\\\/www.fica.unsl.edu.ar\\\/index.php\\\/la-sanidad-vegetal-como-eje-de-investigacion\\\/\"},\"wordCount\":551,\"publisher\":{\"@id\":\"https:\\\/\\\/www.fica.unsl.edu.ar\\\/#organization\"},\"image\":{\"@id\":\"https:\\\/\\\/www.fica.unsl.edu.ar\\\/index.php\\\/la-sanidad-vegetal-como-eje-de-investigacion\\\/#primaryimage\"},\"thumbnailUrl\":\"https:\\\/\\\/www.fica.unsl.edu.ar\\\/wp-content\\\/uploads\\\/2023\\\/08\\\/sanidad-vegetal.jpg\",\"articleSection\":[\"Noticias\"],\"inLanguage\":\"es-AR\"},{\"@type\":\"WebPage\",\"@id\":\"https:\\\/\\\/www.fica.unsl.edu.ar\\\/index.php\\\/la-sanidad-vegetal-como-eje-de-investigacion\\\/\",\"url\":\"https:\\\/\\\/www.fica.unsl.edu.ar\\\/index.php\\\/la-sanidad-vegetal-como-eje-de-investigacion\\\/\",\"name\":\"La sanidad vegetal como eje de investigaci\u00f3n - Facultad de Ingenier\u00eda y Ciencias Agropecuarias\",\"isPartOf\":{\"@id\":\"https:\\\/\\\/www.fica.unsl.edu.ar\\\/#website\"},\"primaryImageOfPage\":{\"@id\":\"https:\\\/\\\/www.fica.unsl.edu.ar\\\/index.php\\\/la-sanidad-vegetal-como-eje-de-investigacion\\\/#primaryimage\"},\"image\":{\"@id\":\"https:\\\/\\\/www.fica.unsl.edu.ar\\\/index.php\\\/la-sanidad-vegetal-como-eje-de-investigacion\\\/#primaryimage\"},\"thumbnailUrl\":\"https:\\\/\\\/www.fica.unsl.edu.ar\\\/wp-content\\\/uploads\\\/2023\\\/08\\\/sanidad-vegetal.jpg\",\"datePublished\":\"2023-08-28T15:13:35+00:00\",\"inLanguage\":\"es-AR\",\"potentialAction\":[{\"@type\":\"ReadAction\",\"target\":[\"https:\\\/\\\/www.fica.unsl.edu.ar\\\/index.php\\\/la-sanidad-vegetal-como-eje-de-investigacion\\\/\"]}]},{\"@type\":\"ImageObject\",\"inLanguage\":\"es-AR\",\"@id\":\"https:\\\/\\\/www.fica.unsl.edu.ar\\\/index.php\\\/la-sanidad-vegetal-como-eje-de-investigacion\\\/#primaryimage\",\"url\":\"https:\\\/\\\/www.fica.unsl.edu.ar\\\/wp-content\\\/uploads\\\/2023\\\/08\\\/sanidad-vegetal.jpg\",\"contentUrl\":\"https:\\\/\\\/www.fica.unsl.edu.ar\\\/wp-content\\\/uploads\\\/2023\\\/08\\\/sanidad-vegetal.jpg\",\"width\":1061,\"height\":585},{\"@type\":\"WebSite\",\"@id\":\"https:\\\/\\\/www.fica.unsl.edu.ar\\\/#website\",\"url\":\"https:\\\/\\\/www.fica.unsl.edu.ar\\\/\",\"name\":\"Facultad de Ingenier\u00eda y Ciencias Agropecuarias\",\"description\":\"\",\"publisher\":{\"@id\":\"https:\\\/\\\/www.fica.unsl.edu.ar\\\/#organization\"},\"potentialAction\":[{\"@type\":\"SearchAction\",\"target\":{\"@type\":\"EntryPoint\",\"urlTemplate\":\"https:\\\/\\\/www.fica.unsl.edu.ar\\\/?s={search_term_string}\"},\"query-input\":{\"@type\":\"PropertyValueSpecification\",\"valueRequired\":true,\"valueName\":\"search_term_string\"}}],\"inLanguage\":\"es-AR\"},{\"@type\":\"Organization\",\"@id\":\"https:\\\/\\\/www.fica.unsl.edu.ar\\\/#organization\",\"name\":\"Facultad de Ingenier\u00eda y Ciencias Agropecuarias\",\"url\":\"https:\\\/\\\/www.fica.unsl.edu.ar\\\/\",\"logo\":{\"@type\":\"ImageObject\",\"inLanguage\":\"es-AR\",\"@id\":\"https:\\\/\\\/www.fica.unsl.edu.ar\\\/#\\\/schema\\\/logo\\\/image\\\/\",\"url\":\"https:\\\/\\\/www.fica.unsl.edu.ar\\\/wp-content\\\/uploads\\\/2021\\\/03\\\/LOGO-1.jpg\",\"contentUrl\":\"https:\\\/\\\/www.fica.unsl.edu.ar\\\/wp-content\\\/uploads\\\/2021\\\/03\\\/LOGO-1.jpg\",\"width\":463,\"height\":145,\"caption\":\"Facultad de Ingenier\u00eda y Ciencias Agropecuarias\"},\"image\":{\"@id\":\"https:\\\/\\\/www.fica.unsl.edu.ar\\\/#\\\/schema\\\/logo\\\/image\\\/\"},\"sameAs\":[\"https:\\\/\\\/www.facebook.com\\\/FICA.UNSL\\\/\",\"https:\\\/\\\/x.com\\\/FICAUNSL\",\"https:\\\/\\\/www.instagram.com\\\/fica.unsl\\\/\",\"https:\\\/\\\/www.youtube.com\\\/channel\\\/UCs2MM53gb2PyBrMySdtWZDQ\"]},{\"@type\":\"Person\",\"@id\":\"https:\\\/\\\/www.fica.unsl.edu.ar\\\/#\\\/schema\\\/person\\\/6058f9c66301868d3a691b1f5d6c3544\",\"name\":\"DATI\"}]}<\/script>\n<!-- \/ Yoast SEO plugin. -->","yoast_head_json":{"title":"La sanidad vegetal como eje de investigaci\u00f3n - Facultad de Ingenier\u00eda y Ciencias Agropecuarias","robots":{"index":"index","follow":"follow","max-snippet":"max-snippet:-1","max-image-preview":"max-image-preview:large","max-video-preview":"max-video-preview:-1"},"canonical":"https:\/\/www.fica.unsl.edu.ar\/index.php\/la-sanidad-vegetal-como-eje-de-investigacion\/","og_locale":"es_ES","og_type":"article","og_title":"La sanidad vegetal como eje de investigaci\u00f3n - Facultad de Ingenier\u00eda y Ciencias Agropecuarias","og_description":"\u00bfSab\u00edas que la UNSL cuenta con un Laboratorio para el Manejo Integrado de Problemas Fitosanitarios?. Se cre\u00f3 en el a\u00f1o 2006 y desde all\u00ed se&hellip;","og_url":"https:\/\/www.fica.unsl.edu.ar\/index.php\/la-sanidad-vegetal-como-eje-de-investigacion\/","og_site_name":"Facultad de Ingenier\u00eda y Ciencias Agropecuarias","article_publisher":"https:\/\/www.facebook.com\/FICA.UNSL\/","article_published_time":"2023-08-28T15:13:35+00:00","og_image":[{"width":1061,"height":585,"url":"https:\/\/www.fica.unsl.edu.ar\/wp-content\/uploads\/2023\/08\/sanidad-vegetal.jpg","type":"image\/jpeg"}],"author":"DATI","twitter_card":"summary_large_image","twitter_creator":"@FICAUNSL","twitter_site":"@FICAUNSL","twitter_misc":{"Escrito por":"DATI","Tiempo de lectura":"3 minutos"},"schema":{"@context":"https:\/\/schema.org","@graph":[{"@type":"Article","@id":"https:\/\/www.fica.unsl.edu.ar\/index.php\/la-sanidad-vegetal-como-eje-de-investigacion\/#article","isPartOf":{"@id":"https:\/\/www.fica.unsl.edu.ar\/index.php\/la-sanidad-vegetal-como-eje-de-investigacion\/"},"author":{"name":"DATI","@id":"https:\/\/www.fica.unsl.edu.ar\/#\/schema\/person\/6058f9c66301868d3a691b1f5d6c3544"},"headline":"La sanidad vegetal como eje de investigaci\u00f3n","datePublished":"2023-08-28T15:13:35+00:00","mainEntityOfPage":{"@id":"https:\/\/www.fica.unsl.edu.ar\/index.php\/la-sanidad-vegetal-como-eje-de-investigacion\/"},"wordCount":551,"publisher":{"@id":"https:\/\/www.fica.unsl.edu.ar\/#organization"},"image":{"@id":"https:\/\/www.fica.unsl.edu.ar\/index.php\/la-sanidad-vegetal-como-eje-de-investigacion\/#primaryimage"},"thumbnailUrl":"https:\/\/www.fica.unsl.edu.ar\/wp-content\/uploads\/2023\/08\/sanidad-vegetal.jpg","articleSection":["Noticias"],"inLanguage":"es-AR"},{"@type":"WebPage","@id":"https:\/\/www.fica.unsl.edu.ar\/index.php\/la-sanidad-vegetal-como-eje-de-investigacion\/","url":"https:\/\/www.fica.unsl.edu.ar\/index.php\/la-sanidad-vegetal-como-eje-de-investigacion\/","name":"La sanidad vegetal como eje de investigaci\u00f3n - Facultad de Ingenier\u00eda y Ciencias Agropecuarias","isPartOf":{"@id":"https:\/\/www.fica.unsl.edu.ar\/#website"},"primaryImageOfPage":{"@id":"https:\/\/www.fica.unsl.edu.ar\/index.php\/la-sanidad-vegetal-como-eje-de-investigacion\/#primaryimage"},"image":{"@id":"https:\/\/www.fica.unsl.edu.ar\/index.php\/la-sanidad-vegetal-como-eje-de-investigacion\/#primaryimage"},"thumbnailUrl":"https:\/\/www.fica.unsl.edu.ar\/wp-content\/uploads\/2023\/08\/sanidad-vegetal.jpg","datePublished":"2023-08-28T15:13:35+00:00","inLanguage":"es-AR","potentialAction":[{"@type":"ReadAction","target":["https:\/\/www.fica.unsl.edu.ar\/index.php\/la-sanidad-vegetal-como-eje-de-investigacion\/"]}]},{"@type":"ImageObject","inLanguage":"es-AR","@id":"https:\/\/www.fica.unsl.edu.ar\/index.php\/la-sanidad-vegetal-como-eje-de-investigacion\/#primaryimage","url":"https:\/\/www.fica.unsl.edu.ar\/wp-content\/uploads\/2023\/08\/sanidad-vegetal.jpg","contentUrl":"https:\/\/www.fica.unsl.edu.ar\/wp-content\/uploads\/2023\/08\/sanidad-vegetal.jpg","width":1061,"height":585},{"@type":"WebSite","@id":"https:\/\/www.fica.unsl.edu.ar\/#website","url":"https:\/\/www.fica.unsl.edu.ar\/","name":"Facultad de Ingenier\u00eda y Ciencias Agropecuarias","description":"","publisher":{"@id":"https:\/\/www.fica.unsl.edu.ar\/#organization"},"potentialAction":[{"@type":"SearchAction","target":{"@type":"EntryPoint","urlTemplate":"https:\/\/www.fica.unsl.edu.ar\/?s={search_term_string}"},"query-input":{"@type":"PropertyValueSpecification","valueRequired":true,"valueName":"search_term_string"}}],"inLanguage":"es-AR"},{"@type":"Organization","@id":"https:\/\/www.fica.unsl.edu.ar\/#organization","name":"Facultad de Ingenier\u00eda y Ciencias Agropecuarias","url":"https:\/\/www.fica.unsl.edu.ar\/","logo":{"@type":"ImageObject","inLanguage":"es-AR","@id":"https:\/\/www.fica.unsl.edu.ar\/#\/schema\/logo\/image\/","url":"https:\/\/www.fica.unsl.edu.ar\/wp-content\/uploads\/2021\/03\/LOGO-1.jpg","contentUrl":"https:\/\/www.fica.unsl.edu.ar\/wp-content\/uploads\/2021\/03\/LOGO-1.jpg","width":463,"height":145,"caption":"Facultad de Ingenier\u00eda y Ciencias Agropecuarias"},"image":{"@id":"https:\/\/www.fica.unsl.edu.ar\/#\/schema\/logo\/image\/"},"sameAs":["https:\/\/www.facebook.com\/FICA.UNSL\/","https:\/\/x.com\/FICAUNSL","https:\/\/www.instagram.com\/fica.unsl\/","https:\/\/www.youtube.com\/channel\/UCs2MM53gb2PyBrMySdtWZDQ"]},{"@type":"Person","@id":"https:\/\/www.fica.unsl.edu.ar\/#\/schema\/person\/6058f9c66301868d3a691b1f5d6c3544","name":"DATI"}]}},"_links":{"self":[{"href":"https:\/\/www.fica.unsl.edu.ar\/index.php\/wp-json\/wp\/v2\/posts\/14301","targetHints":{"allow":["GET"]}}],"collection":[{"href":"https:\/\/www.fica.unsl.edu.ar\/index.php\/wp-json\/wp\/v2\/posts"}],"about":[{"href":"https:\/\/www.fica.unsl.edu.ar\/index.php\/wp-json\/wp\/v2\/types\/post"}],"author":[{"embeddable":true,"href":"https:\/\/www.fica.unsl.edu.ar\/index.php\/wp-json\/wp\/v2\/users\/9"}],"replies":[{"embeddable":true,"href":"https:\/\/www.fica.unsl.edu.ar\/index.php\/wp-json\/wp\/v2\/comments?post=14301"}],"version-history":[{"count":1,"href":"https:\/\/www.fica.unsl.edu.ar\/index.php\/wp-json\/wp\/v2\/posts\/14301\/revisions"}],"predecessor-version":[{"id":14303,"href":"https:\/\/www.fica.unsl.edu.ar\/index.php\/wp-json\/wp\/v2\/posts\/14301\/revisions\/14303"}],"wp:featuredmedia":[{"embeddable":true,"href":"https:\/\/www.fica.unsl.edu.ar\/index.php\/wp-json\/wp\/v2\/media\/14302"}],"wp:attachment":[{"href":"https:\/\/www.fica.unsl.edu.ar\/index.php\/wp-json\/wp\/v2\/media?parent=14301"}],"wp:term":[{"taxonomy":"category","embeddable":true,"href":"https:\/\/www.fica.unsl.edu.ar\/index.php\/wp-json\/wp\/v2\/categories?post=14301"},{"taxonomy":"post_tag","embeddable":true,"href":"https:\/\/www.fica.unsl.edu.ar\/index.php\/wp-json\/wp\/v2\/tags?post=14301"}],"curies":[{"name":"wp","href":"https:\/\/api.w.org\/{rel}","templated":true}]}}