{"id":14307,"date":"2023-08-28T12:37:18","date_gmt":"2023-08-28T15:37:18","guid":{"rendered":"http:\/\/10.101.10.196\/www\/?p=14307"},"modified":"2023-10-04T10:57:03","modified_gmt":"2023-10-04T13:57:03","slug":"ssaebu-a-pedido-de-los-estudiantes-se-reabrio-el-buffet-de-agronomia","status":"publish","type":"post","link":"https:\/\/www.fica.unsl.edu.ar\/index.php\/ssaebu-a-pedido-de-los-estudiantes-se-reabrio-el-buffet-de-agronomia\/","title":{"rendered":"SsAEBU: A pedido de los estudiantes se reabri\u00f3 el buffet de Agronom\u00eda"},"content":{"rendered":"<p>Impulsado por la Subsecretar\u00eda de Asuntos Estudiantiles y Bienestar Universitario (SsAEBU), el pasado jueves 24 reabri\u00f3 sus puertas el buffet del Edificio del Departamento de Ciencias Agropecuarias, cerrado desde la pandemia.<br \/>\nA pedido de los estudiantes de la FICA, este espacio reabri\u00f3 vuelve a brindar los servicios de cafeter\u00eda, panader\u00eda, bazar, librer\u00eda y fotocopiadora.<\/p>\n<p>El acto de reapertura se llev\u00f3 a cabo al mediod\u00eda del jueves, con la presencia del Vicedecano, Dr. Federico Serra, el Secretario de Infraestructura, Inform\u00e1tica, y Servicios Comunes, Ing. Guillermo Mart\u00ednez, el Director de Departamento de Ingenier\u00eda, Esp. Guillermo Magaldi, la Directora de Departamento de Ciencias Agropecuarias, Esp. Patricia Verdes, la Subdirectora, Esp. Cecilia Lartigue; profesores, estudiantes y presidentes de los centros de estudiantes de la FICA, Sr Franco Debortoli y Sof\u00eda Calder\u00f3n.<\/p>\n<p><img fetchpriority=\"high\" decoding=\"async\" class=\"aligncenter size-full wp-image-14308\" src=\"https:\/\/www.fica.unsl.edu.ar\/wp-content\/uploads\/2023\/08\/BUFFET-AGRO-02.jpg\" alt=\"\" width=\"1032\" height=\"674\" srcset=\"https:\/\/www.fica.unsl.edu.ar\/wp-content\/uploads\/2023\/08\/BUFFET-AGRO-02.jpg 1032w, https:\/\/www.fica.unsl.edu.ar\/wp-content\/uploads\/2023\/08\/BUFFET-AGRO-02-300x196.jpg 300w, https:\/\/www.fica.unsl.edu.ar\/wp-content\/uploads\/2023\/08\/BUFFET-AGRO-02-1024x669.jpg 1024w, https:\/\/www.fica.unsl.edu.ar\/wp-content\/uploads\/2023\/08\/BUFFET-AGRO-02-768x502.jpg 768w\" sizes=\"(max-width: 1032px) 100vw, 1032px\" \/><\/p>\n<p>\u201cEstamos muy contentos de haber reinaugurado el buffet de Agronom\u00eda. Era una necesidad que nos planteaba toda la comunidad universitaria, porque el edificio de Ciencias Agropecuarias est\u00e1 retirado del otro campus, como tambi\u00e9n de la ciudad\u201d, coment\u00f3 Mat\u00edas Funes, a cargo de la Subsecretar\u00eda de Asuntos Estudiantiles y Bienestar Universitario.<br \/>\nEl subsecretario destac\u00f3 que se tuvo en cuenta principalmente a los estudiantes de Agronom\u00eda, como tambi\u00e9n a los de Residencia, al momento de tomar la decisi\u00f3n de reabrir el buffet. \u201cTambi\u00e9n hay que se\u00f1alar a los docentes y nodocentes que pasan muchas horas en el edificio, en actividades acad\u00e9micas y laborales\u201d, a\u00f1adi\u00f3.<\/p>\n<p>El buffet, ubicado en el costado sur del edificio de Agronom\u00eda, hab\u00eda cerrado poco antes de la pandemia. La Subsecretar\u00eda, luego de los pedidos de sectores de la comunidad universitaria, especialmente del Centro de Estudiantes, \u201ccomenz\u00f3 a gestionar para agilizar los procesos administrativos correspondientes con el fin de reabrirlo\u201d.<\/p>\n<p>Coment\u00f3 Funes que el buffet est\u00e1 concesionado y brinda amplios servicios, entre ellos, panader\u00eda, cafeter\u00eda, bazar, librer\u00eda y fotocopiadora. Trabaja de lunes a viernes desde las 8 hasta las 22, aunque los d\u00edas y horarios podr\u00edan ampliarse, seg\u00fan las necesidades de la comunidad. \u201cLa intenci\u00f3n es abrir fuera del horario acad\u00e9mico, ya que mucha gente transita por el sector. Es decir, ponerlo tambi\u00e9n a disposici\u00f3n del p\u00fablico en general\u201d, adelant\u00f3.<\/p>\n<p><img decoding=\"async\" class=\"aligncenter size-full wp-image-14309\" src=\"https:\/\/www.fica.unsl.edu.ar\/wp-content\/uploads\/2023\/08\/BUFFET-AGRO-03.jpg\" alt=\"\" width=\"1600\" height=\"1071\" srcset=\"https:\/\/www.fica.unsl.edu.ar\/wp-content\/uploads\/2023\/08\/BUFFET-AGRO-03.jpg 1600w, https:\/\/www.fica.unsl.edu.ar\/wp-content\/uploads\/2023\/08\/BUFFET-AGRO-03-300x201.jpg 300w, https:\/\/www.fica.unsl.edu.ar\/wp-content\/uploads\/2023\/08\/BUFFET-AGRO-03-1024x685.jpg 1024w, https:\/\/www.fica.unsl.edu.ar\/wp-content\/uploads\/2023\/08\/BUFFET-AGRO-03-768x514.jpg 768w, https:\/\/www.fica.unsl.edu.ar\/wp-content\/uploads\/2023\/08\/BUFFET-AGRO-03-1536x1028.jpg 1536w\" sizes=\"(max-width: 1600px) 100vw, 1600px\" \/><\/p>\n<p>&nbsp;<\/p>\n<p><strong>Nota: Jos\u00e9 Luis Baigorria. Radio UNSL Villa Mercedes<\/strong><\/p>\n","protected":false},"excerpt":{"rendered":"<p>Impulsado por la Subsecretar\u00eda de Asuntos Estudiantiles y Bienestar Universitario (SsAEBU), el pasado jueves 24 reabri\u00f3 sus puertas el buffet del Edificio del Departamento de&hellip;<\/p>\n","protected":false},"author":9,"featured_media":14310,"comment_status":"closed","ping_status":"closed","sticky":false,"template":"","format":"standard","meta":{"_monsterinsights_skip_tracking":false,"_monsterinsights_sitenote_active":false,"_monsterinsights_sitenote_note":"","_monsterinsights_sitenote_category":0,"_joinchat":[],"footnotes":""},"categories":[19],"tags":[],"class_list":["post-14307","post","type-post","status-publish","format-standard","has-post-thumbnail","hentry","category-noticias"],"yoast_head":"<!-- This site is optimized with the Yoast SEO plugin v27.4 - https:\/\/yoast.com\/product\/yoast-seo-wordpress\/ -->\n<title>SsAEBU: A pedido de los estudiantes se reabri\u00f3 el buffet de Agronom\u00eda - Facultad de Ingenier\u00eda y Ciencias Agropecuarias<\/title>\n<meta name=\"robots\" content=\"index, follow, max-snippet:-1, max-image-preview:large, max-video-preview:-1\" \/>\n<link rel=\"canonical\" href=\"https:\/\/www.fica.unsl.edu.ar\/index.php\/ssaebu-a-pedido-de-los-estudiantes-se-reabrio-el-buffet-de-agronomia\/\" \/>\n<meta property=\"og:locale\" content=\"es_ES\" \/>\n<meta property=\"og:type\" content=\"article\" \/>\n<meta property=\"og:title\" content=\"SsAEBU: A pedido de los estudiantes se reabri\u00f3 el buffet de Agronom\u00eda - Facultad de Ingenier\u00eda y Ciencias Agropecuarias\" \/>\n<meta property=\"og:description\" content=\"Impulsado por la Subsecretar\u00eda de Asuntos Estudiantiles y Bienestar Universitario (SsAEBU), el pasado jueves 24 reabri\u00f3 sus puertas el buffet del Edificio del Departamento de&hellip;\" \/>\n<meta property=\"og:url\" content=\"https:\/\/www.fica.unsl.edu.ar\/index.php\/ssaebu-a-pedido-de-los-estudiantes-se-reabrio-el-buffet-de-agronomia\/\" \/>\n<meta property=\"og:site_name\" content=\"Facultad de Ingenier\u00eda y Ciencias Agropecuarias\" \/>\n<meta property=\"article:publisher\" content=\"https:\/\/www.facebook.com\/FICA.UNSL\/\" \/>\n<meta property=\"article:published_time\" content=\"2023-08-28T15:37:18+00:00\" \/>\n<meta property=\"article:modified_time\" content=\"2023-10-04T13:57:03+00:00\" \/>\n<meta property=\"og:image\" content=\"https:\/\/www.fica.unsl.edu.ar\/wp-content\/uploads\/2023\/08\/BUFFET-AGRO-FRONT.jpg\" \/>\n\t<meta property=\"og:image:width\" content=\"1061\" \/>\n\t<meta property=\"og:image:height\" content=\"585\" \/>\n\t<meta property=\"og:image:type\" content=\"image\/jpeg\" \/>\n<meta name=\"author\" content=\"DATI\" \/>\n<meta name=\"twitter:card\" content=\"summary_large_image\" \/>\n<meta name=\"twitter:creator\" content=\"@FICAUNSL\" \/>\n<meta name=\"twitter:site\" content=\"@FICAUNSL\" \/>\n<meta name=\"twitter:label1\" content=\"Escrito por\" \/>\n\t<meta name=\"twitter:data1\" content=\"DATI\" \/>\n\t<meta name=\"twitter:label2\" content=\"Tiempo de lectura\" \/>\n\t<meta name=\"twitter:data2\" content=\"2 minutos\" \/>\n<script type=\"application\/ld+json\" class=\"yoast-schema-graph\">{\"@context\":\"https:\\\/\\\/schema.org\",\"@graph\":[{\"@type\":\"Article\",\"@id\":\"https:\\\/\\\/www.fica.unsl.edu.ar\\\/index.php\\\/ssaebu-a-pedido-de-los-estudiantes-se-reabrio-el-buffet-de-agronomia\\\/#article\",\"isPartOf\":{\"@id\":\"https:\\\/\\\/www.fica.unsl.edu.ar\\\/index.php\\\/ssaebu-a-pedido-de-los-estudiantes-se-reabrio-el-buffet-de-agronomia\\\/\"},\"author\":{\"name\":\"DATI\",\"@id\":\"https:\\\/\\\/www.fica.unsl.edu.ar\\\/#\\\/schema\\\/person\\\/6058f9c66301868d3a691b1f5d6c3544\"},\"headline\":\"SsAEBU: A pedido de los estudiantes se reabri\u00f3 el buffet de Agronom\u00eda\",\"datePublished\":\"2023-08-28T15:37:18+00:00\",\"dateModified\":\"2023-10-04T13:57:03+00:00\",\"mainEntityOfPage\":{\"@id\":\"https:\\\/\\\/www.fica.unsl.edu.ar\\\/index.php\\\/ssaebu-a-pedido-de-los-estudiantes-se-reabrio-el-buffet-de-agronomia\\\/\"},\"wordCount\":402,\"publisher\":{\"@id\":\"https:\\\/\\\/www.fica.unsl.edu.ar\\\/#organization\"},\"image\":{\"@id\":\"https:\\\/\\\/www.fica.unsl.edu.ar\\\/index.php\\\/ssaebu-a-pedido-de-los-estudiantes-se-reabrio-el-buffet-de-agronomia\\\/#primaryimage\"},\"thumbnailUrl\":\"https:\\\/\\\/www.fica.unsl.edu.ar\\\/wp-content\\\/uploads\\\/2023\\\/08\\\/BUFFET-AGRO-FRONT.jpg\",\"articleSection\":[\"Noticias\"],\"inLanguage\":\"es-AR\"},{\"@type\":\"WebPage\",\"@id\":\"https:\\\/\\\/www.fica.unsl.edu.ar\\\/index.php\\\/ssaebu-a-pedido-de-los-estudiantes-se-reabrio-el-buffet-de-agronomia\\\/\",\"url\":\"https:\\\/\\\/www.fica.unsl.edu.ar\\\/index.php\\\/ssaebu-a-pedido-de-los-estudiantes-se-reabrio-el-buffet-de-agronomia\\\/\",\"name\":\"SsAEBU: A pedido de los estudiantes se reabri\u00f3 el buffet de Agronom\u00eda - Facultad de Ingenier\u00eda y Ciencias Agropecuarias\",\"isPartOf\":{\"@id\":\"https:\\\/\\\/www.fica.unsl.edu.ar\\\/#website\"},\"primaryImageOfPage\":{\"@id\":\"https:\\\/\\\/www.fica.unsl.edu.ar\\\/index.php\\\/ssaebu-a-pedido-de-los-estudiantes-se-reabrio-el-buffet-de-agronomia\\\/#primaryimage\"},\"image\":{\"@id\":\"https:\\\/\\\/www.fica.unsl.edu.ar\\\/index.php\\\/ssaebu-a-pedido-de-los-estudiantes-se-reabrio-el-buffet-de-agronomia\\\/#primaryimage\"},\"thumbnailUrl\":\"https:\\\/\\\/www.fica.unsl.edu.ar\\\/wp-content\\\/uploads\\\/2023\\\/08\\\/BUFFET-AGRO-FRONT.jpg\",\"datePublished\":\"2023-08-28T15:37:18+00:00\",\"dateModified\":\"2023-10-04T13:57:03+00:00\",\"inLanguage\":\"es-AR\",\"potentialAction\":[{\"@type\":\"ReadAction\",\"target\":[\"https:\\\/\\\/www.fica.unsl.edu.ar\\\/index.php\\\/ssaebu-a-pedido-de-los-estudiantes-se-reabrio-el-buffet-de-agronomia\\\/\"]}]},{\"@type\":\"ImageObject\",\"inLanguage\":\"es-AR\",\"@id\":\"https:\\\/\\\/www.fica.unsl.edu.ar\\\/index.php\\\/ssaebu-a-pedido-de-los-estudiantes-se-reabrio-el-buffet-de-agronomia\\\/#primaryimage\",\"url\":\"https:\\\/\\\/www.fica.unsl.edu.ar\\\/wp-content\\\/uploads\\\/2023\\\/08\\\/BUFFET-AGRO-FRONT.jpg\",\"contentUrl\":\"https:\\\/\\\/www.fica.unsl.edu.ar\\\/wp-content\\\/uploads\\\/2023\\\/08\\\/BUFFET-AGRO-FRONT.jpg\",\"width\":1061,\"height\":585},{\"@type\":\"WebSite\",\"@id\":\"https:\\\/\\\/www.fica.unsl.edu.ar\\\/#website\",\"url\":\"https:\\\/\\\/www.fica.unsl.edu.ar\\\/\",\"name\":\"Facultad de Ingenier\u00eda y Ciencias Agropecuarias\",\"description\":\"\",\"publisher\":{\"@id\":\"https:\\\/\\\/www.fica.unsl.edu.ar\\\/#organization\"},\"potentialAction\":[{\"@type\":\"SearchAction\",\"target\":{\"@type\":\"EntryPoint\",\"urlTemplate\":\"https:\\\/\\\/www.fica.unsl.edu.ar\\\/?s={search_term_string}\"},\"query-input\":{\"@type\":\"PropertyValueSpecification\",\"valueRequired\":true,\"valueName\":\"search_term_string\"}}],\"inLanguage\":\"es-AR\"},{\"@type\":\"Organization\",\"@id\":\"https:\\\/\\\/www.fica.unsl.edu.ar\\\/#organization\",\"name\":\"Facultad de Ingenier\u00eda y Ciencias Agropecuarias\",\"url\":\"https:\\\/\\\/www.fica.unsl.edu.ar\\\/\",\"logo\":{\"@type\":\"ImageObject\",\"inLanguage\":\"es-AR\",\"@id\":\"https:\\\/\\\/www.fica.unsl.edu.ar\\\/#\\\/schema\\\/logo\\\/image\\\/\",\"url\":\"https:\\\/\\\/www.fica.unsl.edu.ar\\\/wp-content\\\/uploads\\\/2021\\\/03\\\/LOGO-1.jpg\",\"contentUrl\":\"https:\\\/\\\/www.fica.unsl.edu.ar\\\/wp-content\\\/uploads\\\/2021\\\/03\\\/LOGO-1.jpg\",\"width\":463,\"height\":145,\"caption\":\"Facultad de Ingenier\u00eda y Ciencias Agropecuarias\"},\"image\":{\"@id\":\"https:\\\/\\\/www.fica.unsl.edu.ar\\\/#\\\/schema\\\/logo\\\/image\\\/\"},\"sameAs\":[\"https:\\\/\\\/www.facebook.com\\\/FICA.UNSL\\\/\",\"https:\\\/\\\/x.com\\\/FICAUNSL\",\"https:\\\/\\\/www.instagram.com\\\/fica.unsl\\\/\",\"https:\\\/\\\/www.youtube.com\\\/channel\\\/UCs2MM53gb2PyBrMySdtWZDQ\"]},{\"@type\":\"Person\",\"@id\":\"https:\\\/\\\/www.fica.unsl.edu.ar\\\/#\\\/schema\\\/person\\\/6058f9c66301868d3a691b1f5d6c3544\",\"name\":\"DATI\"}]}<\/script>\n<!-- \/ Yoast SEO plugin. -->","yoast_head_json":{"title":"SsAEBU: A pedido de los estudiantes se reabri\u00f3 el buffet de Agronom\u00eda - Facultad de Ingenier\u00eda y Ciencias Agropecuarias","robots":{"index":"index","follow":"follow","max-snippet":"max-snippet:-1","max-image-preview":"max-image-preview:large","max-video-preview":"max-video-preview:-1"},"canonical":"https:\/\/www.fica.unsl.edu.ar\/index.php\/ssaebu-a-pedido-de-los-estudiantes-se-reabrio-el-buffet-de-agronomia\/","og_locale":"es_ES","og_type":"article","og_title":"SsAEBU: A pedido de los estudiantes se reabri\u00f3 el buffet de Agronom\u00eda - Facultad de Ingenier\u00eda y Ciencias Agropecuarias","og_description":"Impulsado por la Subsecretar\u00eda de Asuntos Estudiantiles y Bienestar Universitario (SsAEBU), el pasado jueves 24 reabri\u00f3 sus puertas el buffet del Edificio del Departamento de&hellip;","og_url":"https:\/\/www.fica.unsl.edu.ar\/index.php\/ssaebu-a-pedido-de-los-estudiantes-se-reabrio-el-buffet-de-agronomia\/","og_site_name":"Facultad de Ingenier\u00eda y Ciencias Agropecuarias","article_publisher":"https:\/\/www.facebook.com\/FICA.UNSL\/","article_published_time":"2023-08-28T15:37:18+00:00","article_modified_time":"2023-10-04T13:57:03+00:00","og_image":[{"width":1061,"height":585,"url":"https:\/\/www.fica.unsl.edu.ar\/wp-content\/uploads\/2023\/08\/BUFFET-AGRO-FRONT.jpg","type":"image\/jpeg"}],"author":"DATI","twitter_card":"summary_large_image","twitter_creator":"@FICAUNSL","twitter_site":"@FICAUNSL","twitter_misc":{"Escrito por":"DATI","Tiempo de lectura":"2 minutos"},"schema":{"@context":"https:\/\/schema.org","@graph":[{"@type":"Article","@id":"https:\/\/www.fica.unsl.edu.ar\/index.php\/ssaebu-a-pedido-de-los-estudiantes-se-reabrio-el-buffet-de-agronomia\/#article","isPartOf":{"@id":"https:\/\/www.fica.unsl.edu.ar\/index.php\/ssaebu-a-pedido-de-los-estudiantes-se-reabrio-el-buffet-de-agronomia\/"},"author":{"name":"DATI","@id":"https:\/\/www.fica.unsl.edu.ar\/#\/schema\/person\/6058f9c66301868d3a691b1f5d6c3544"},"headline":"SsAEBU: A pedido de los estudiantes se reabri\u00f3 el buffet de Agronom\u00eda","datePublished":"2023-08-28T15:37:18+00:00","dateModified":"2023-10-04T13:57:03+00:00","mainEntityOfPage":{"@id":"https:\/\/www.fica.unsl.edu.ar\/index.php\/ssaebu-a-pedido-de-los-estudiantes-se-reabrio-el-buffet-de-agronomia\/"},"wordCount":402,"publisher":{"@id":"https:\/\/www.fica.unsl.edu.ar\/#organization"},"image":{"@id":"https:\/\/www.fica.unsl.edu.ar\/index.php\/ssaebu-a-pedido-de-los-estudiantes-se-reabrio-el-buffet-de-agronomia\/#primaryimage"},"thumbnailUrl":"https:\/\/www.fica.unsl.edu.ar\/wp-content\/uploads\/2023\/08\/BUFFET-AGRO-FRONT.jpg","articleSection":["Noticias"],"inLanguage":"es-AR"},{"@type":"WebPage","@id":"https:\/\/www.fica.unsl.edu.ar\/index.php\/ssaebu-a-pedido-de-los-estudiantes-se-reabrio-el-buffet-de-agronomia\/","url":"https:\/\/www.fica.unsl.edu.ar\/index.php\/ssaebu-a-pedido-de-los-estudiantes-se-reabrio-el-buffet-de-agronomia\/","name":"SsAEBU: A pedido de los estudiantes se reabri\u00f3 el buffet de Agronom\u00eda - Facultad de Ingenier\u00eda y Ciencias Agropecuarias","isPartOf":{"@id":"https:\/\/www.fica.unsl.edu.ar\/#website"},"primaryImageOfPage":{"@id":"https:\/\/www.fica.unsl.edu.ar\/index.php\/ssaebu-a-pedido-de-los-estudiantes-se-reabrio-el-buffet-de-agronomia\/#primaryimage"},"image":{"@id":"https:\/\/www.fica.unsl.edu.ar\/index.php\/ssaebu-a-pedido-de-los-estudiantes-se-reabrio-el-buffet-de-agronomia\/#primaryimage"},"thumbnailUrl":"https:\/\/www.fica.unsl.edu.ar\/wp-content\/uploads\/2023\/08\/BUFFET-AGRO-FRONT.jpg","datePublished":"2023-08-28T15:37:18+00:00","dateModified":"2023-10-04T13:57:03+00:00","inLanguage":"es-AR","potentialAction":[{"@type":"ReadAction","target":["https:\/\/www.fica.unsl.edu.ar\/index.php\/ssaebu-a-pedido-de-los-estudiantes-se-reabrio-el-buffet-de-agronomia\/"]}]},{"@type":"ImageObject","inLanguage":"es-AR","@id":"https:\/\/www.fica.unsl.edu.ar\/index.php\/ssaebu-a-pedido-de-los-estudiantes-se-reabrio-el-buffet-de-agronomia\/#primaryimage","url":"https:\/\/www.fica.unsl.edu.ar\/wp-content\/uploads\/2023\/08\/BUFFET-AGRO-FRONT.jpg","contentUrl":"https:\/\/www.fica.unsl.edu.ar\/wp-content\/uploads\/2023\/08\/BUFFET-AGRO-FRONT.jpg","width":1061,"height":585},{"@type":"WebSite","@id":"https:\/\/www.fica.unsl.edu.ar\/#website","url":"https:\/\/www.fica.unsl.edu.ar\/","name":"Facultad de Ingenier\u00eda y Ciencias Agropecuarias","description":"","publisher":{"@id":"https:\/\/www.fica.unsl.edu.ar\/#organization"},"potentialAction":[{"@type":"SearchAction","target":{"@type":"EntryPoint","urlTemplate":"https:\/\/www.fica.unsl.edu.ar\/?s={search_term_string}"},"query-input":{"@type":"PropertyValueSpecification","valueRequired":true,"valueName":"search_term_string"}}],"inLanguage":"es-AR"},{"@type":"Organization","@id":"https:\/\/www.fica.unsl.edu.ar\/#organization","name":"Facultad de Ingenier\u00eda y Ciencias Agropecuarias","url":"https:\/\/www.fica.unsl.edu.ar\/","logo":{"@type":"ImageObject","inLanguage":"es-AR","@id":"https:\/\/www.fica.unsl.edu.ar\/#\/schema\/logo\/image\/","url":"https:\/\/www.fica.unsl.edu.ar\/wp-content\/uploads\/2021\/03\/LOGO-1.jpg","contentUrl":"https:\/\/www.fica.unsl.edu.ar\/wp-content\/uploads\/2021\/03\/LOGO-1.jpg","width":463,"height":145,"caption":"Facultad de Ingenier\u00eda y Ciencias Agropecuarias"},"image":{"@id":"https:\/\/www.fica.unsl.edu.ar\/#\/schema\/logo\/image\/"},"sameAs":["https:\/\/www.facebook.com\/FICA.UNSL\/","https:\/\/x.com\/FICAUNSL","https:\/\/www.instagram.com\/fica.unsl\/","https:\/\/www.youtube.com\/channel\/UCs2MM53gb2PyBrMySdtWZDQ"]},{"@type":"Person","@id":"https:\/\/www.fica.unsl.edu.ar\/#\/schema\/person\/6058f9c66301868d3a691b1f5d6c3544","name":"DATI"}]}},"_links":{"self":[{"href":"https:\/\/www.fica.unsl.edu.ar\/index.php\/wp-json\/wp\/v2\/posts\/14307","targetHints":{"allow":["GET"]}}],"collection":[{"href":"https:\/\/www.fica.unsl.edu.ar\/index.php\/wp-json\/wp\/v2\/posts"}],"about":[{"href":"https:\/\/www.fica.unsl.edu.ar\/index.php\/wp-json\/wp\/v2\/types\/post"}],"author":[{"embeddable":true,"href":"https:\/\/www.fica.unsl.edu.ar\/index.php\/wp-json\/wp\/v2\/users\/9"}],"replies":[{"embeddable":true,"href":"https:\/\/www.fica.unsl.edu.ar\/index.php\/wp-json\/wp\/v2\/comments?post=14307"}],"version-history":[{"count":1,"href":"https:\/\/www.fica.unsl.edu.ar\/index.php\/wp-json\/wp\/v2\/posts\/14307\/revisions"}],"predecessor-version":[{"id":14311,"href":"https:\/\/www.fica.unsl.edu.ar\/index.php\/wp-json\/wp\/v2\/posts\/14307\/revisions\/14311"}],"wp:featuredmedia":[{"embeddable":true,"href":"https:\/\/www.fica.unsl.edu.ar\/index.php\/wp-json\/wp\/v2\/media\/14310"}],"wp:attachment":[{"href":"https:\/\/www.fica.unsl.edu.ar\/index.php\/wp-json\/wp\/v2\/media?parent=14307"}],"wp:term":[{"taxonomy":"category","embeddable":true,"href":"https:\/\/www.fica.unsl.edu.ar\/index.php\/wp-json\/wp\/v2\/categories?post=14307"},{"taxonomy":"post_tag","embeddable":true,"href":"https:\/\/www.fica.unsl.edu.ar\/index.php\/wp-json\/wp\/v2\/tags?post=14307"}],"curies":[{"name":"wp","href":"https:\/\/api.w.org\/{rel}","templated":true}]}}