{"id":14414,"date":"2023-09-07T09:26:20","date_gmt":"2023-09-07T12:26:20","guid":{"rendered":"http:\/\/10.101.10.196\/www\/?p=14414"},"modified":"2023-09-07T09:26:45","modified_gmt":"2023-09-07T12:26:45","slug":"14414","status":"publish","type":"post","link":"https:\/\/www.fica.unsl.edu.ar\/index.php\/14414\/","title":{"rendered":"Apertura de la convocatoria \u201cPICTO 2023 Regi\u00f3n de Cuyo\u201d."},"content":{"rendered":"<p><strong>A trav\u00e9s de\u00a0<em>PICTO 2023 Regi\u00f3n de Cuyo<\/em>, convocan a docentes e investigadores de la Universidad Nacional de San Luis (UNSL) para financiar sus proyectos. La convocatoria que estar\u00e1 habilitada hasta el 1 de noviembre, contar\u00e1 con un presupuesto de $668.400.000 durante dos (2) a\u00f1os. Se trata de la inversi\u00f3n regional m\u00e1s grande de los PICTO.<\/strong><\/p>\n<p>En la tarde del lunes 4 de septiembre, en el Polo Cient\u00edfico y Tecnol\u00f3gico de la ciudad de Buenos Aires, se realiz\u00f3 la firma del Convenio y convocatoria <em>PICTO 2023 Regi\u00f3n de Cuyo<\/em>, iniciativa que representa un apoyo significativo a la investigaci\u00f3n cient\u00edfica y tecnol\u00f3gica en nuestra regi\u00f3n, en la que participan junto a la Agencia Nacional de Promoci\u00f3n Cient\u00edfica y Tecnol\u00f3gica (Agencia I+D+i), la Universidad Nacional de San Luis (UNSL), la Universidad Nacional de Cuyo (UNCUYO), la Universidad Nacional de San Juan (UNSJ) y la Universidad Nacional de Villa Mercedes (UNViMe).<\/p>\n<p>A partir del 4 de septiembre, hasta el mi\u00e9rcoles 1 de noviembre del 2023, la Agencia I+D+i, a trav\u00e9s del Fondo para la Investigaci\u00f3n Cient\u00edfica y Tecnol\u00f3gica (FONCyT) y en colaboraci\u00f3n con las universidades anteriormente mencionadas, convoca a la presentaci\u00f3n de proyectos de Investigaci\u00f3n Cient\u00edfica y Tecnol\u00f3gica.<\/p>\n<p>El objetivo principal es otorgar subsidios a grupos de investigadores\/as consolidados\/as y activos\/as en \u00e1reas de investigaci\u00f3n espec\u00edficas, orientadas por intereses comunes entre las instituciones co-financiadoras. La convocatoria contar\u00e1 con un presupuesto de $668.400.000 durante dos (2) a\u00f1os.<\/p>\n<figure class=\"wp-block-image\"><img decoding=\"async\" class=\"wp-image-89307\" src=\"https:\/\/www.noticias.unsl.edu.ar\/wp-content\/uploads\/2023\/09\/375759010_698423865658245_7128661812004967625_n.jpg\" sizes=\"(max-width: 1000px) 100vw, 1000px\" srcset=\"https:\/\/www.noticias.unsl.edu.ar\/wp-content\/uploads\/2023\/09\/375759010_698423865658245_7128661812004967625_n.jpg 1000w, https:\/\/www.noticias.unsl.edu.ar\/wp-content\/uploads\/2023\/09\/375759010_698423865658245_7128661812004967625_n-300x225.jpg 300w\" alt=\"\" \/><\/figure>\n<p>En la firma representaron a nuestra Instituci\u00f3n el rector, C.P.N. V\u00edctor Mori\u00f1igo y el secretario de Ciencia y Tecnolog\u00eda UNSL, Dr. Fabricio Cid. Mori\u00f1igo sostuvo que\u00a0<em>\u00abeste financiamiento va a ser muy trascendente para la vida de la investigaci\u00f3n en nuestras provincias\u00bb<\/em>. Por su parte, el Secretario afirm\u00f3 que este Convenio\u00a0<em>\u00absin duda representar\u00e1 un impulso significativo para que nuestros grupos de investigaci\u00f3n y de la regi\u00f3n puedan avanzar en la generaci\u00f3n de nuevo conocimiento\u00bb<\/em>.<\/p>\n<p><strong>Sobre\u00a0<em>PICTO 2023 Regi\u00f3n de Cuyo<\/em><\/strong><\/p>\n<p>Este extraordinario convenio de inversi\u00f3n en ciencia y tecnolog\u00eda ha sido impulsado desde la Secretar\u00eda de CyT de la UNSL y el Rectorado, y promete un impacto significativo tanto para la Universidad como para toda la regi\u00f3n. Los\u00a0<em>PICTO Regi\u00f3n de Cuyo<\/em>\u00a0representan una convocatoria abierta a docentes e investigadores\/as con financiamiento sustancial disponible en tres (3) categor\u00edas clave:<\/p>\n<ul>\n<li>Proyectos para investigador\/a inicial.<\/li>\n<li>Grupos de reciente formaci\u00f3n.<\/li>\n<li>Equipos de trabajo para proyectos en red.<\/li>\n<\/ul>\n<p><strong>Ejes de la convocatoria<\/strong><\/p>\n<p>Se establecen los siguientes ejes tem\u00e1ticos en los cuales existe inter\u00e9s de las instituciones participantes y a los que los proyectos deber\u00e1n ajustarse:<\/p>\n<ul>\n<li>Salud.<\/li>\n<li>Ambiente \/ Energ\u00eda.<\/li>\n<li>Econom\u00eda \/ Sociedad \/ Producci\u00f3n.<\/li>\n<li>Educaci\u00f3n \/ Pol\u00edtica \/ Cultura \/ Sociedad.<\/li>\n<li>Tecnolog\u00edas aplicadas.<\/li>\n<li>Econom\u00eda del conocimiento \/ Innovaci\u00f3n.<\/li>\n<li>Alimentos \/ Desarrollo sostenible.<\/li>\n<li>Ciencias de la tierra y el espacio.<\/li>\n<\/ul>\n<figure class=\"wp-block-image\"><img decoding=\"async\" class=\"wp-image-89308\" src=\"https:\/\/www.noticias.unsl.edu.ar\/wp-content\/uploads\/2023\/09\/375818329_698423428991622_6859876029286872987_n.jpg\" sizes=\"(max-width: 1000px) 100vw, 1000px\" srcset=\"https:\/\/www.noticias.unsl.edu.ar\/wp-content\/uploads\/2023\/09\/375818329_698423428991622_6859876029286872987_n.jpg 1000w, https:\/\/www.noticias.unsl.edu.ar\/wp-content\/uploads\/2023\/09\/375818329_698423428991622_6859876029286872987_n-300x225.jpg 300w\" alt=\"\" \/><\/figure>\n<p><strong>Ejes transversales<\/strong><\/p>\n<p>Adem\u00e1s, se establecen tres (3) ejes transversales que deber\u00e1n ser trabajados en red:<\/p>\n<ul>\n<li>Eje transversal 1: Agua: An\u00e1lisis y gesti\u00f3n del recurso h\u00eddrico.<\/li>\n<li>Eje transversal 2: Una Salud: salud humana, animal y del ambiente.<\/li>\n<li>Eje transversal 3: Inclusi\u00f3n y empleo.<\/li>\n<\/ul>\n<p>Para m\u00e1s informaci\u00f3n, consultar las bases disponibles en este<a href=\"https:\/\/www.argentina.gob.ar\/sites\/default\/files\/2023\/08\/bases_-_picto_2023_region_de_cuyo.pdf\">\u00a0link<\/a>. Para acceder al instructivo, haga\u00a0<a href=\"https:\/\/www.youtube.com\/watch?v=2k1UbB7e11E\">clic aqu\u00ed<\/a>.<\/p>\n<p>Para aclarar dudas o realizar consultas en la UNSL, pueden comunicarse al interno 5558 en horario de 8:00 a 12:00 horas o enviar un correo electr\u00f3nico a\u00a0<a href=\"https:\/\/www.noticias.unsl.edu.ar\/05\/09\/2023\/se-presento-la-nueva-convocatoria-picto-region-de-cuyo\/foncyt.unsl@gmail.com\">foncyt.unsl@gmail.com<\/a>.<\/p>\n<p>Fuente: SCyT UNSL<br \/>\nFotos: Agencia I+D+i<\/p>\n","protected":false},"excerpt":{"rendered":"<p>A trav\u00e9s de\u00a0PICTO 2023 Regi\u00f3n de Cuyo, convocan a docentes e investigadores de la Universidad Nacional de San Luis (UNSL) para financiar sus proyectos. La&hellip;<\/p>\n","protected":false},"author":9,"featured_media":14415,"comment_status":"closed","ping_status":"closed","sticky":false,"template":"","format":"standard","meta":{"_monsterinsights_skip_tracking":false,"_monsterinsights_sitenote_active":false,"_monsterinsights_sitenote_note":"","_monsterinsights_sitenote_category":0,"_joinchat":[],"footnotes":""},"categories":[22],"tags":[],"class_list":["post-14414","post","type-post","status-publish","format-standard","has-post-thumbnail","hentry","category-archivadas"],"yoast_head":"<!-- This site is optimized with the Yoast SEO plugin v27.4 - https:\/\/yoast.com\/product\/yoast-seo-wordpress\/ -->\n<title>Apertura de la convocatoria \u201cPICTO 2023 Regi\u00f3n de Cuyo\u201d. - Facultad de Ingenier\u00eda y Ciencias Agropecuarias<\/title>\n<meta name=\"robots\" content=\"index, follow, max-snippet:-1, max-image-preview:large, max-video-preview:-1\" \/>\n<link rel=\"canonical\" href=\"https:\/\/www.fica.unsl.edu.ar\/index.php\/14414\/\" \/>\n<meta property=\"og:locale\" content=\"es_ES\" \/>\n<meta property=\"og:type\" content=\"article\" \/>\n<meta property=\"og:title\" content=\"Apertura de la convocatoria \u201cPICTO 2023 Regi\u00f3n de Cuyo\u201d. - Facultad de Ingenier\u00eda y Ciencias Agropecuarias\" \/>\n<meta property=\"og:description\" content=\"A trav\u00e9s de\u00a0PICTO 2023 Regi\u00f3n de Cuyo, convocan a docentes e investigadores de la Universidad Nacional de San Luis (UNSL) para financiar sus proyectos. La&hellip;\" \/>\n<meta property=\"og:url\" content=\"https:\/\/www.fica.unsl.edu.ar\/index.php\/14414\/\" \/>\n<meta property=\"og:site_name\" content=\"Facultad de Ingenier\u00eda y Ciencias Agropecuarias\" \/>\n<meta property=\"article:publisher\" content=\"https:\/\/www.facebook.com\/FICA.UNSL\/\" \/>\n<meta property=\"article:published_time\" content=\"2023-09-07T12:26:20+00:00\" \/>\n<meta property=\"article:modified_time\" content=\"2023-09-07T12:26:45+00:00\" \/>\n<meta property=\"og:image\" content=\"https:\/\/www.fica.unsl.edu.ar\/wp-content\/uploads\/2023\/09\/picto-regioncuyo-lanzamiento.jpg\" \/>\n\t<meta property=\"og:image:width\" content=\"1061\" \/>\n\t<meta property=\"og:image:height\" content=\"585\" \/>\n\t<meta property=\"og:image:type\" content=\"image\/jpeg\" \/>\n<meta name=\"author\" content=\"DATI\" \/>\n<meta name=\"twitter:card\" content=\"summary_large_image\" \/>\n<meta name=\"twitter:creator\" content=\"@FICAUNSL\" \/>\n<meta name=\"twitter:site\" content=\"@FICAUNSL\" \/>\n<meta name=\"twitter:label1\" content=\"Escrito por\" \/>\n\t<meta name=\"twitter:data1\" content=\"DATI\" \/>\n\t<meta name=\"twitter:label2\" content=\"Tiempo de lectura\" \/>\n\t<meta name=\"twitter:data2\" content=\"3 minutos\" \/>\n<script type=\"application\/ld+json\" class=\"yoast-schema-graph\">{\"@context\":\"https:\\\/\\\/schema.org\",\"@graph\":[{\"@type\":\"Article\",\"@id\":\"https:\\\/\\\/www.fica.unsl.edu.ar\\\/index.php\\\/14414\\\/#article\",\"isPartOf\":{\"@id\":\"https:\\\/\\\/www.fica.unsl.edu.ar\\\/index.php\\\/14414\\\/\"},\"author\":{\"name\":\"DATI\",\"@id\":\"https:\\\/\\\/www.fica.unsl.edu.ar\\\/#\\\/schema\\\/person\\\/6058f9c66301868d3a691b1f5d6c3544\"},\"headline\":\"Apertura de la convocatoria \u201cPICTO 2023 Regi\u00f3n de Cuyo\u201d.\",\"datePublished\":\"2023-09-07T12:26:20+00:00\",\"dateModified\":\"2023-09-07T12:26:45+00:00\",\"mainEntityOfPage\":{\"@id\":\"https:\\\/\\\/www.fica.unsl.edu.ar\\\/index.php\\\/14414\\\/\"},\"wordCount\":604,\"publisher\":{\"@id\":\"https:\\\/\\\/www.fica.unsl.edu.ar\\\/#organization\"},\"image\":{\"@id\":\"https:\\\/\\\/www.fica.unsl.edu.ar\\\/index.php\\\/14414\\\/#primaryimage\"},\"thumbnailUrl\":\"https:\\\/\\\/www.fica.unsl.edu.ar\\\/wp-content\\\/uploads\\\/2023\\\/09\\\/picto-regioncuyo-lanzamiento.jpg\",\"articleSection\":[\"Archivadas\"],\"inLanguage\":\"es-AR\"},{\"@type\":\"WebPage\",\"@id\":\"https:\\\/\\\/www.fica.unsl.edu.ar\\\/index.php\\\/14414\\\/\",\"url\":\"https:\\\/\\\/www.fica.unsl.edu.ar\\\/index.php\\\/14414\\\/\",\"name\":\"Apertura de la convocatoria \u201cPICTO 2023 Regi\u00f3n de Cuyo\u201d. - Facultad de Ingenier\u00eda y Ciencias Agropecuarias\",\"isPartOf\":{\"@id\":\"https:\\\/\\\/www.fica.unsl.edu.ar\\\/#website\"},\"primaryImageOfPage\":{\"@id\":\"https:\\\/\\\/www.fica.unsl.edu.ar\\\/index.php\\\/14414\\\/#primaryimage\"},\"image\":{\"@id\":\"https:\\\/\\\/www.fica.unsl.edu.ar\\\/index.php\\\/14414\\\/#primaryimage\"},\"thumbnailUrl\":\"https:\\\/\\\/www.fica.unsl.edu.ar\\\/wp-content\\\/uploads\\\/2023\\\/09\\\/picto-regioncuyo-lanzamiento.jpg\",\"datePublished\":\"2023-09-07T12:26:20+00:00\",\"dateModified\":\"2023-09-07T12:26:45+00:00\",\"inLanguage\":\"es-AR\",\"potentialAction\":[{\"@type\":\"ReadAction\",\"target\":[\"https:\\\/\\\/www.fica.unsl.edu.ar\\\/index.php\\\/14414\\\/\"]}]},{\"@type\":\"ImageObject\",\"inLanguage\":\"es-AR\",\"@id\":\"https:\\\/\\\/www.fica.unsl.edu.ar\\\/index.php\\\/14414\\\/#primaryimage\",\"url\":\"https:\\\/\\\/www.fica.unsl.edu.ar\\\/wp-content\\\/uploads\\\/2023\\\/09\\\/picto-regioncuyo-lanzamiento.jpg\",\"contentUrl\":\"https:\\\/\\\/www.fica.unsl.edu.ar\\\/wp-content\\\/uploads\\\/2023\\\/09\\\/picto-regioncuyo-lanzamiento.jpg\",\"width\":1061,\"height\":585},{\"@type\":\"WebSite\",\"@id\":\"https:\\\/\\\/www.fica.unsl.edu.ar\\\/#website\",\"url\":\"https:\\\/\\\/www.fica.unsl.edu.ar\\\/\",\"name\":\"Facultad de Ingenier\u00eda y Ciencias Agropecuarias\",\"description\":\"\",\"publisher\":{\"@id\":\"https:\\\/\\\/www.fica.unsl.edu.ar\\\/#organization\"},\"potentialAction\":[{\"@type\":\"SearchAction\",\"target\":{\"@type\":\"EntryPoint\",\"urlTemplate\":\"https:\\\/\\\/www.fica.unsl.edu.ar\\\/?s={search_term_string}\"},\"query-input\":{\"@type\":\"PropertyValueSpecification\",\"valueRequired\":true,\"valueName\":\"search_term_string\"}}],\"inLanguage\":\"es-AR\"},{\"@type\":\"Organization\",\"@id\":\"https:\\\/\\\/www.fica.unsl.edu.ar\\\/#organization\",\"name\":\"Facultad de Ingenier\u00eda y Ciencias Agropecuarias\",\"url\":\"https:\\\/\\\/www.fica.unsl.edu.ar\\\/\",\"logo\":{\"@type\":\"ImageObject\",\"inLanguage\":\"es-AR\",\"@id\":\"https:\\\/\\\/www.fica.unsl.edu.ar\\\/#\\\/schema\\\/logo\\\/image\\\/\",\"url\":\"https:\\\/\\\/www.fica.unsl.edu.ar\\\/wp-content\\\/uploads\\\/2021\\\/03\\\/LOGO-1.jpg\",\"contentUrl\":\"https:\\\/\\\/www.fica.unsl.edu.ar\\\/wp-content\\\/uploads\\\/2021\\\/03\\\/LOGO-1.jpg\",\"width\":463,\"height\":145,\"caption\":\"Facultad de Ingenier\u00eda y Ciencias Agropecuarias\"},\"image\":{\"@id\":\"https:\\\/\\\/www.fica.unsl.edu.ar\\\/#\\\/schema\\\/logo\\\/image\\\/\"},\"sameAs\":[\"https:\\\/\\\/www.facebook.com\\\/FICA.UNSL\\\/\",\"https:\\\/\\\/x.com\\\/FICAUNSL\",\"https:\\\/\\\/www.instagram.com\\\/fica.unsl\\\/\",\"https:\\\/\\\/www.youtube.com\\\/channel\\\/UCs2MM53gb2PyBrMySdtWZDQ\"]},{\"@type\":\"Person\",\"@id\":\"https:\\\/\\\/www.fica.unsl.edu.ar\\\/#\\\/schema\\\/person\\\/6058f9c66301868d3a691b1f5d6c3544\",\"name\":\"DATI\"}]}<\/script>\n<!-- \/ Yoast SEO plugin. -->","yoast_head_json":{"title":"Apertura de la convocatoria \u201cPICTO 2023 Regi\u00f3n de Cuyo\u201d. - Facultad de Ingenier\u00eda y Ciencias Agropecuarias","robots":{"index":"index","follow":"follow","max-snippet":"max-snippet:-1","max-image-preview":"max-image-preview:large","max-video-preview":"max-video-preview:-1"},"canonical":"https:\/\/www.fica.unsl.edu.ar\/index.php\/14414\/","og_locale":"es_ES","og_type":"article","og_title":"Apertura de la convocatoria \u201cPICTO 2023 Regi\u00f3n de Cuyo\u201d. - Facultad de Ingenier\u00eda y Ciencias Agropecuarias","og_description":"A trav\u00e9s de\u00a0PICTO 2023 Regi\u00f3n de Cuyo, convocan a docentes e investigadores de la Universidad Nacional de San Luis (UNSL) para financiar sus proyectos. La&hellip;","og_url":"https:\/\/www.fica.unsl.edu.ar\/index.php\/14414\/","og_site_name":"Facultad de Ingenier\u00eda y Ciencias Agropecuarias","article_publisher":"https:\/\/www.facebook.com\/FICA.UNSL\/","article_published_time":"2023-09-07T12:26:20+00:00","article_modified_time":"2023-09-07T12:26:45+00:00","og_image":[{"width":1061,"height":585,"url":"https:\/\/www.fica.unsl.edu.ar\/wp-content\/uploads\/2023\/09\/picto-regioncuyo-lanzamiento.jpg","type":"image\/jpeg"}],"author":"DATI","twitter_card":"summary_large_image","twitter_creator":"@FICAUNSL","twitter_site":"@FICAUNSL","twitter_misc":{"Escrito por":"DATI","Tiempo de lectura":"3 minutos"},"schema":{"@context":"https:\/\/schema.org","@graph":[{"@type":"Article","@id":"https:\/\/www.fica.unsl.edu.ar\/index.php\/14414\/#article","isPartOf":{"@id":"https:\/\/www.fica.unsl.edu.ar\/index.php\/14414\/"},"author":{"name":"DATI","@id":"https:\/\/www.fica.unsl.edu.ar\/#\/schema\/person\/6058f9c66301868d3a691b1f5d6c3544"},"headline":"Apertura de la convocatoria \u201cPICTO 2023 Regi\u00f3n de Cuyo\u201d.","datePublished":"2023-09-07T12:26:20+00:00","dateModified":"2023-09-07T12:26:45+00:00","mainEntityOfPage":{"@id":"https:\/\/www.fica.unsl.edu.ar\/index.php\/14414\/"},"wordCount":604,"publisher":{"@id":"https:\/\/www.fica.unsl.edu.ar\/#organization"},"image":{"@id":"https:\/\/www.fica.unsl.edu.ar\/index.php\/14414\/#primaryimage"},"thumbnailUrl":"https:\/\/www.fica.unsl.edu.ar\/wp-content\/uploads\/2023\/09\/picto-regioncuyo-lanzamiento.jpg","articleSection":["Archivadas"],"inLanguage":"es-AR"},{"@type":"WebPage","@id":"https:\/\/www.fica.unsl.edu.ar\/index.php\/14414\/","url":"https:\/\/www.fica.unsl.edu.ar\/index.php\/14414\/","name":"Apertura de la convocatoria \u201cPICTO 2023 Regi\u00f3n de Cuyo\u201d. - Facultad de Ingenier\u00eda y Ciencias Agropecuarias","isPartOf":{"@id":"https:\/\/www.fica.unsl.edu.ar\/#website"},"primaryImageOfPage":{"@id":"https:\/\/www.fica.unsl.edu.ar\/index.php\/14414\/#primaryimage"},"image":{"@id":"https:\/\/www.fica.unsl.edu.ar\/index.php\/14414\/#primaryimage"},"thumbnailUrl":"https:\/\/www.fica.unsl.edu.ar\/wp-content\/uploads\/2023\/09\/picto-regioncuyo-lanzamiento.jpg","datePublished":"2023-09-07T12:26:20+00:00","dateModified":"2023-09-07T12:26:45+00:00","inLanguage":"es-AR","potentialAction":[{"@type":"ReadAction","target":["https:\/\/www.fica.unsl.edu.ar\/index.php\/14414\/"]}]},{"@type":"ImageObject","inLanguage":"es-AR","@id":"https:\/\/www.fica.unsl.edu.ar\/index.php\/14414\/#primaryimage","url":"https:\/\/www.fica.unsl.edu.ar\/wp-content\/uploads\/2023\/09\/picto-regioncuyo-lanzamiento.jpg","contentUrl":"https:\/\/www.fica.unsl.edu.ar\/wp-content\/uploads\/2023\/09\/picto-regioncuyo-lanzamiento.jpg","width":1061,"height":585},{"@type":"WebSite","@id":"https:\/\/www.fica.unsl.edu.ar\/#website","url":"https:\/\/www.fica.unsl.edu.ar\/","name":"Facultad de Ingenier\u00eda y Ciencias Agropecuarias","description":"","publisher":{"@id":"https:\/\/www.fica.unsl.edu.ar\/#organization"},"potentialAction":[{"@type":"SearchAction","target":{"@type":"EntryPoint","urlTemplate":"https:\/\/www.fica.unsl.edu.ar\/?s={search_term_string}"},"query-input":{"@type":"PropertyValueSpecification","valueRequired":true,"valueName":"search_term_string"}}],"inLanguage":"es-AR"},{"@type":"Organization","@id":"https:\/\/www.fica.unsl.edu.ar\/#organization","name":"Facultad de Ingenier\u00eda y Ciencias Agropecuarias","url":"https:\/\/www.fica.unsl.edu.ar\/","logo":{"@type":"ImageObject","inLanguage":"es-AR","@id":"https:\/\/www.fica.unsl.edu.ar\/#\/schema\/logo\/image\/","url":"https:\/\/www.fica.unsl.edu.ar\/wp-content\/uploads\/2021\/03\/LOGO-1.jpg","contentUrl":"https:\/\/www.fica.unsl.edu.ar\/wp-content\/uploads\/2021\/03\/LOGO-1.jpg","width":463,"height":145,"caption":"Facultad de Ingenier\u00eda y Ciencias Agropecuarias"},"image":{"@id":"https:\/\/www.fica.unsl.edu.ar\/#\/schema\/logo\/image\/"},"sameAs":["https:\/\/www.facebook.com\/FICA.UNSL\/","https:\/\/x.com\/FICAUNSL","https:\/\/www.instagram.com\/fica.unsl\/","https:\/\/www.youtube.com\/channel\/UCs2MM53gb2PyBrMySdtWZDQ"]},{"@type":"Person","@id":"https:\/\/www.fica.unsl.edu.ar\/#\/schema\/person\/6058f9c66301868d3a691b1f5d6c3544","name":"DATI"}]}},"_links":{"self":[{"href":"https:\/\/www.fica.unsl.edu.ar\/index.php\/wp-json\/wp\/v2\/posts\/14414","targetHints":{"allow":["GET"]}}],"collection":[{"href":"https:\/\/www.fica.unsl.edu.ar\/index.php\/wp-json\/wp\/v2\/posts"}],"about":[{"href":"https:\/\/www.fica.unsl.edu.ar\/index.php\/wp-json\/wp\/v2\/types\/post"}],"author":[{"embeddable":true,"href":"https:\/\/www.fica.unsl.edu.ar\/index.php\/wp-json\/wp\/v2\/users\/9"}],"replies":[{"embeddable":true,"href":"https:\/\/www.fica.unsl.edu.ar\/index.php\/wp-json\/wp\/v2\/comments?post=14414"}],"version-history":[{"count":2,"href":"https:\/\/www.fica.unsl.edu.ar\/index.php\/wp-json\/wp\/v2\/posts\/14414\/revisions"}],"predecessor-version":[{"id":14417,"href":"https:\/\/www.fica.unsl.edu.ar\/index.php\/wp-json\/wp\/v2\/posts\/14414\/revisions\/14417"}],"wp:featuredmedia":[{"embeddable":true,"href":"https:\/\/www.fica.unsl.edu.ar\/index.php\/wp-json\/wp\/v2\/media\/14415"}],"wp:attachment":[{"href":"https:\/\/www.fica.unsl.edu.ar\/index.php\/wp-json\/wp\/v2\/media?parent=14414"}],"wp:term":[{"taxonomy":"category","embeddable":true,"href":"https:\/\/www.fica.unsl.edu.ar\/index.php\/wp-json\/wp\/v2\/categories?post=14414"},{"taxonomy":"post_tag","embeddable":true,"href":"https:\/\/www.fica.unsl.edu.ar\/index.php\/wp-json\/wp\/v2\/tags?post=14414"}],"curies":[{"name":"wp","href":"https:\/\/api.w.org\/{rel}","templated":true}]}}