{"id":14567,"date":"2023-09-15T09:35:50","date_gmt":"2023-09-15T12:35:50","guid":{"rendered":"http:\/\/10.101.10.196\/www\/?p=14567"},"modified":"2023-09-18T09:38:54","modified_gmt":"2023-09-18T12:38:54","slug":"asumieron-las-primeras-autoridades-electas-de-ftu","status":"publish","type":"post","link":"https:\/\/www.fica.unsl.edu.ar\/index.php\/asumieron-las-primeras-autoridades-electas-de-ftu\/","title":{"rendered":"Asumieron las primeras autoridades electas de la Facultad de Turismo y Urbanismo"},"content":{"rendered":"<p>El evento se realiz\u00f3 el pasado 14 de septiembre, en el Campus de Barranca Colorada de la Villa de Merlo. En un acto hist\u00f3rico, Agustina Generoso y Pablo Perepelezin asumieron como las primeras autoridades electas de la Facultad tras su normalizaci\u00f3n.<\/p>\n<p>El acto comenz\u00f3 con la proyecci\u00f3n de un video con testimonios de autoridades y protagonistas de la historia de la Facultad. Luego, se entonaron las estrofas del himno nacional.<\/p>\n<p>Posteriormente, se invit\u00f3 al rector de la UNSL, C.P.N. V\u00edctor Mori\u00f1igo a tomar juramente a la Esp. Agustina Generoso y al Dr. Pablo Perepelizin. Seguidamente, el escribano Juan Jos\u00e9 Laborda Ibarra ley\u00f3 el acta correspondiente a cada autoridad y se realiz\u00f3 la r\u00fabrica correspondiente.<\/p>\n<p>Tras las firmas, la flamante Decana tom\u00f3 la palabra. En su discurso, la Especialista agradeci\u00f3 a todas las personas presentes y sostuvo que este acto de asunci\u00f3n fue muy ansiado y esperado por toda la comunidad de la FTU y de la UNSL. \u00abHoy empezamos a transitar una nueva etapa, un nuevo camino (\u2026) hoy no solo iniciamos nuestras funciones las autoridades unipersonales, sino que tambi\u00e9n nos fortalecemos en la participaci\u00f3n del cogobierno de nuestra Facultad y Universidad con voz y voto\u00bb, dijo, haciendo referencia al inicio de actividades de los\/as representantes de los Consejos Directivos y Superior.<\/p>\n<p><img fetchpriority=\"high\" decoding=\"async\" class=\"aligncenter size-full wp-image-14571\" src=\"https:\/\/www.fica.unsl.edu.ar\/wp-content\/uploads\/2023\/09\/ftu-decana-04.jpg\" alt=\"\" width=\"1152\" height=\"647\" srcset=\"https:\/\/www.fica.unsl.edu.ar\/wp-content\/uploads\/2023\/09\/ftu-decana-04.jpg 1152w, https:\/\/www.fica.unsl.edu.ar\/wp-content\/uploads\/2023\/09\/ftu-decana-04-300x168.jpg 300w, https:\/\/www.fica.unsl.edu.ar\/wp-content\/uploads\/2023\/09\/ftu-decana-04-1024x575.jpg 1024w, https:\/\/www.fica.unsl.edu.ar\/wp-content\/uploads\/2023\/09\/ftu-decana-04-768x431.jpg 768w\" sizes=\"(max-width: 1152px) 100vw, 1152px\" \/><\/p>\n<p>Adem\u00e1s, agradeciendo al Rector de la UNSL por su decisi\u00f3n de apoyar y lograr la normalizaci\u00f3n de la Facultad y por haber designado a la Dra. Liliana Mentasty como decana normalizadora, Generoso, dijo: \u00abestaremos siempre agradecidos a Liliana, porque supo identificar lo que necesit\u00e1bamos para normalizar la Facultad y generar las pol\u00edticas y acciones para llevarlo adelante\u00bb.<\/p>\n<p>Finalmente, la Decana agradeci\u00f3 a todas las personas que hicieron posible este momento y que los\/as acompa\u00f1aron y acompa\u00f1an en este camino. Destacando la importancia del trabajo en equipo, expres\u00f3: \u00abpropongo que caminemos por los objetivos en com\u00fan, en el entendimiento y respeto mutuo compromet\u00e1monos, proyectemos, hagamos y fortalezcamos nuestra instituci\u00f3n (\u2026) potenciemos los logros alcanzados y sigamos caminando, los logros de estos tres (3) pr\u00f3ximos a\u00f1os ser\u00e1n de toda la comunidad de la FTU\u00bb.<\/p>\n<p>Como cierre del evento, tom\u00f3 la palabra Mori\u00f1igo. \u00abHoy, llegar a cumplir el objetivo que nos propusimos en el inicio de la gesti\u00f3n es una sensaci\u00f3n fant\u00e1stica (\u2026) esta democracia joven que se empieza a transitar es una gran responsabilidad y un gran compromiso\u00bb. Adem\u00e1s, agradeci\u00f3 la presencia de los\/as Decanos\/as de los distintos Centros Universitarios, que acompa\u00f1aron a Agustina y a Pablo en el compromiso de desarrollo y crecimiento de la FTU.<\/p>\n<p>Al finalizar su discurso, el Rector anunci\u00f3 la firma digital de la licitaci\u00f3n N\u00ba 02 y el decreto 599\/2023 y se realiz\u00f3 en el evento la r\u00fabrica de la adjudicaci\u00f3n de la obra: Aulas y boxes de docentes de la FTU, por 67 millones de pesos.<\/p>\n<p>El acto culmin\u00f3 con la realizaci\u00f3n de una foto institucional, con todas las autoridades de los Centros Universitarios de la UNSL.<\/p>\n<p><img decoding=\"async\" class=\"aligncenter size-full wp-image-14570\" src=\"https:\/\/www.fica.unsl.edu.ar\/wp-content\/uploads\/2023\/09\/ftu-decana-03.jpg\" alt=\"\" width=\"1000\" height=\"667\" srcset=\"https:\/\/www.fica.unsl.edu.ar\/wp-content\/uploads\/2023\/09\/ftu-decana-03.jpg 1000w, https:\/\/www.fica.unsl.edu.ar\/wp-content\/uploads\/2023\/09\/ftu-decana-03-300x200.jpg 300w, https:\/\/www.fica.unsl.edu.ar\/wp-content\/uploads\/2023\/09\/ftu-decana-03-768x512.jpg 768w\" sizes=\"(max-width: 1000px) 100vw, 1000px\" \/><\/p>\n<p><strong>Sobre la normalizaci\u00f3n de la FTU<\/strong><\/p>\n<p>En septiembre de 2022 se present\u00f3 el plan estrat\u00e9gico de normalizaci\u00f3n de la Facultad de Turismo y Urbanismo, logrando posteriormente en marzo de 2023 y de la mano de Liliana Mentasty, la aprobaci\u00f3n un\u00e1nime del Consejo Superior para su normalizaci\u00f3n.<\/p>\n<p>De esta manera, la Facultad creada en julio de 2012 cuenta con autoridades unipersonales (Decana y Vicedecano) y representes en Consejo Directivo y Superior.<\/p>\n<p>&nbsp;<\/p>\n<p><strong>Nota: Prensa Rectorado<\/strong><\/p>\n","protected":false},"excerpt":{"rendered":"<p>El evento se realiz\u00f3 el pasado 14 de septiembre, en el Campus de Barranca Colorada de la Villa de Merlo. En un acto hist\u00f3rico, Agustina&hellip;<\/p>\n","protected":false},"author":9,"featured_media":14569,"comment_status":"closed","ping_status":"closed","sticky":false,"template":"","format":"standard","meta":{"_monsterinsights_skip_tracking":false,"_monsterinsights_sitenote_active":false,"_monsterinsights_sitenote_note":"","_monsterinsights_sitenote_category":0,"_joinchat":[],"footnotes":""},"categories":[19],"tags":[],"class_list":["post-14567","post","type-post","status-publish","format-standard","has-post-thumbnail","hentry","category-noticias"],"yoast_head":"<!-- This site is optimized with the Yoast SEO plugin v27.4 - https:\/\/yoast.com\/product\/yoast-seo-wordpress\/ -->\n<title>Asumieron las primeras autoridades electas de la Facultad de Turismo y Urbanismo - Facultad de Ingenier\u00eda y Ciencias Agropecuarias<\/title>\n<meta name=\"robots\" content=\"index, follow, max-snippet:-1, max-image-preview:large, max-video-preview:-1\" \/>\n<link rel=\"canonical\" href=\"https:\/\/www.fica.unsl.edu.ar\/index.php\/asumieron-las-primeras-autoridades-electas-de-ftu\/\" \/>\n<meta property=\"og:locale\" content=\"es_ES\" \/>\n<meta property=\"og:type\" content=\"article\" \/>\n<meta property=\"og:title\" content=\"Asumieron las primeras autoridades electas de la Facultad de Turismo y Urbanismo - Facultad de Ingenier\u00eda y Ciencias Agropecuarias\" \/>\n<meta property=\"og:description\" content=\"El evento se realiz\u00f3 el pasado 14 de septiembre, en el Campus de Barranca Colorada de la Villa de Merlo. En un acto hist\u00f3rico, Agustina&hellip;\" \/>\n<meta property=\"og:url\" content=\"https:\/\/www.fica.unsl.edu.ar\/index.php\/asumieron-las-primeras-autoridades-electas-de-ftu\/\" \/>\n<meta property=\"og:site_name\" content=\"Facultad de Ingenier\u00eda y Ciencias Agropecuarias\" \/>\n<meta property=\"article:publisher\" content=\"https:\/\/www.facebook.com\/FICA.UNSL\/\" \/>\n<meta property=\"article:published_time\" content=\"2023-09-15T12:35:50+00:00\" \/>\n<meta property=\"article:modified_time\" content=\"2023-09-18T12:38:54+00:00\" \/>\n<meta property=\"og:image\" content=\"https:\/\/www.fica.unsl.edu.ar\/wp-content\/uploads\/2023\/09\/ftu-decana-02.jpg\" \/>\n\t<meta property=\"og:image:width\" content=\"1152\" \/>\n\t<meta property=\"og:image:height\" content=\"647\" \/>\n\t<meta property=\"og:image:type\" content=\"image\/jpeg\" \/>\n<meta name=\"author\" content=\"DATI\" \/>\n<meta name=\"twitter:card\" content=\"summary_large_image\" \/>\n<meta name=\"twitter:creator\" content=\"@FICAUNSL\" \/>\n<meta name=\"twitter:site\" content=\"@FICAUNSL\" \/>\n<meta name=\"twitter:label1\" content=\"Escrito por\" \/>\n\t<meta name=\"twitter:data1\" content=\"DATI\" \/>\n\t<meta name=\"twitter:label2\" content=\"Tiempo de lectura\" \/>\n\t<meta name=\"twitter:data2\" content=\"3 minutos\" \/>\n<script type=\"application\/ld+json\" class=\"yoast-schema-graph\">{\"@context\":\"https:\\\/\\\/schema.org\",\"@graph\":[{\"@type\":\"Article\",\"@id\":\"https:\\\/\\\/www.fica.unsl.edu.ar\\\/index.php\\\/asumieron-las-primeras-autoridades-electas-de-ftu\\\/#article\",\"isPartOf\":{\"@id\":\"https:\\\/\\\/www.fica.unsl.edu.ar\\\/index.php\\\/asumieron-las-primeras-autoridades-electas-de-ftu\\\/\"},\"author\":{\"name\":\"DATI\",\"@id\":\"https:\\\/\\\/www.fica.unsl.edu.ar\\\/#\\\/schema\\\/person\\\/6058f9c66301868d3a691b1f5d6c3544\"},\"headline\":\"Asumieron las primeras autoridades electas de la Facultad de Turismo y Urbanismo\",\"datePublished\":\"2023-09-15T12:35:50+00:00\",\"dateModified\":\"2023-09-18T12:38:54+00:00\",\"mainEntityOfPage\":{\"@id\":\"https:\\\/\\\/www.fica.unsl.edu.ar\\\/index.php\\\/asumieron-las-primeras-autoridades-electas-de-ftu\\\/\"},\"wordCount\":603,\"publisher\":{\"@id\":\"https:\\\/\\\/www.fica.unsl.edu.ar\\\/#organization\"},\"image\":{\"@id\":\"https:\\\/\\\/www.fica.unsl.edu.ar\\\/index.php\\\/asumieron-las-primeras-autoridades-electas-de-ftu\\\/#primaryimage\"},\"thumbnailUrl\":\"https:\\\/\\\/www.fica.unsl.edu.ar\\\/wp-content\\\/uploads\\\/2023\\\/09\\\/ftu-decana-02.jpg\",\"articleSection\":[\"Noticias\"],\"inLanguage\":\"es-AR\"},{\"@type\":\"WebPage\",\"@id\":\"https:\\\/\\\/www.fica.unsl.edu.ar\\\/index.php\\\/asumieron-las-primeras-autoridades-electas-de-ftu\\\/\",\"url\":\"https:\\\/\\\/www.fica.unsl.edu.ar\\\/index.php\\\/asumieron-las-primeras-autoridades-electas-de-ftu\\\/\",\"name\":\"Asumieron las primeras autoridades electas de la Facultad de Turismo y Urbanismo - Facultad de Ingenier\u00eda y Ciencias Agropecuarias\",\"isPartOf\":{\"@id\":\"https:\\\/\\\/www.fica.unsl.edu.ar\\\/#website\"},\"primaryImageOfPage\":{\"@id\":\"https:\\\/\\\/www.fica.unsl.edu.ar\\\/index.php\\\/asumieron-las-primeras-autoridades-electas-de-ftu\\\/#primaryimage\"},\"image\":{\"@id\":\"https:\\\/\\\/www.fica.unsl.edu.ar\\\/index.php\\\/asumieron-las-primeras-autoridades-electas-de-ftu\\\/#primaryimage\"},\"thumbnailUrl\":\"https:\\\/\\\/www.fica.unsl.edu.ar\\\/wp-content\\\/uploads\\\/2023\\\/09\\\/ftu-decana-02.jpg\",\"datePublished\":\"2023-09-15T12:35:50+00:00\",\"dateModified\":\"2023-09-18T12:38:54+00:00\",\"inLanguage\":\"es-AR\",\"potentialAction\":[{\"@type\":\"ReadAction\",\"target\":[\"https:\\\/\\\/www.fica.unsl.edu.ar\\\/index.php\\\/asumieron-las-primeras-autoridades-electas-de-ftu\\\/\"]}]},{\"@type\":\"ImageObject\",\"inLanguage\":\"es-AR\",\"@id\":\"https:\\\/\\\/www.fica.unsl.edu.ar\\\/index.php\\\/asumieron-las-primeras-autoridades-electas-de-ftu\\\/#primaryimage\",\"url\":\"https:\\\/\\\/www.fica.unsl.edu.ar\\\/wp-content\\\/uploads\\\/2023\\\/09\\\/ftu-decana-02.jpg\",\"contentUrl\":\"https:\\\/\\\/www.fica.unsl.edu.ar\\\/wp-content\\\/uploads\\\/2023\\\/09\\\/ftu-decana-02.jpg\",\"width\":1152,\"height\":647},{\"@type\":\"WebSite\",\"@id\":\"https:\\\/\\\/www.fica.unsl.edu.ar\\\/#website\",\"url\":\"https:\\\/\\\/www.fica.unsl.edu.ar\\\/\",\"name\":\"Facultad de Ingenier\u00eda y Ciencias Agropecuarias\",\"description\":\"\",\"publisher\":{\"@id\":\"https:\\\/\\\/www.fica.unsl.edu.ar\\\/#organization\"},\"potentialAction\":[{\"@type\":\"SearchAction\",\"target\":{\"@type\":\"EntryPoint\",\"urlTemplate\":\"https:\\\/\\\/www.fica.unsl.edu.ar\\\/?s={search_term_string}\"},\"query-input\":{\"@type\":\"PropertyValueSpecification\",\"valueRequired\":true,\"valueName\":\"search_term_string\"}}],\"inLanguage\":\"es-AR\"},{\"@type\":\"Organization\",\"@id\":\"https:\\\/\\\/www.fica.unsl.edu.ar\\\/#organization\",\"name\":\"Facultad de Ingenier\u00eda y Ciencias Agropecuarias\",\"url\":\"https:\\\/\\\/www.fica.unsl.edu.ar\\\/\",\"logo\":{\"@type\":\"ImageObject\",\"inLanguage\":\"es-AR\",\"@id\":\"https:\\\/\\\/www.fica.unsl.edu.ar\\\/#\\\/schema\\\/logo\\\/image\\\/\",\"url\":\"https:\\\/\\\/www.fica.unsl.edu.ar\\\/wp-content\\\/uploads\\\/2021\\\/03\\\/LOGO-1.jpg\",\"contentUrl\":\"https:\\\/\\\/www.fica.unsl.edu.ar\\\/wp-content\\\/uploads\\\/2021\\\/03\\\/LOGO-1.jpg\",\"width\":463,\"height\":145,\"caption\":\"Facultad de Ingenier\u00eda y Ciencias Agropecuarias\"},\"image\":{\"@id\":\"https:\\\/\\\/www.fica.unsl.edu.ar\\\/#\\\/schema\\\/logo\\\/image\\\/\"},\"sameAs\":[\"https:\\\/\\\/www.facebook.com\\\/FICA.UNSL\\\/\",\"https:\\\/\\\/x.com\\\/FICAUNSL\",\"https:\\\/\\\/www.instagram.com\\\/fica.unsl\\\/\",\"https:\\\/\\\/www.youtube.com\\\/channel\\\/UCs2MM53gb2PyBrMySdtWZDQ\"]},{\"@type\":\"Person\",\"@id\":\"https:\\\/\\\/www.fica.unsl.edu.ar\\\/#\\\/schema\\\/person\\\/6058f9c66301868d3a691b1f5d6c3544\",\"name\":\"DATI\"}]}<\/script>\n<!-- \/ Yoast SEO plugin. -->","yoast_head_json":{"title":"Asumieron las primeras autoridades electas de la Facultad de Turismo y Urbanismo - Facultad de Ingenier\u00eda y Ciencias Agropecuarias","robots":{"index":"index","follow":"follow","max-snippet":"max-snippet:-1","max-image-preview":"max-image-preview:large","max-video-preview":"max-video-preview:-1"},"canonical":"https:\/\/www.fica.unsl.edu.ar\/index.php\/asumieron-las-primeras-autoridades-electas-de-ftu\/","og_locale":"es_ES","og_type":"article","og_title":"Asumieron las primeras autoridades electas de la Facultad de Turismo y Urbanismo - Facultad de Ingenier\u00eda y Ciencias Agropecuarias","og_description":"El evento se realiz\u00f3 el pasado 14 de septiembre, en el Campus de Barranca Colorada de la Villa de Merlo. En un acto hist\u00f3rico, Agustina&hellip;","og_url":"https:\/\/www.fica.unsl.edu.ar\/index.php\/asumieron-las-primeras-autoridades-electas-de-ftu\/","og_site_name":"Facultad de Ingenier\u00eda y Ciencias Agropecuarias","article_publisher":"https:\/\/www.facebook.com\/FICA.UNSL\/","article_published_time":"2023-09-15T12:35:50+00:00","article_modified_time":"2023-09-18T12:38:54+00:00","og_image":[{"width":1152,"height":647,"url":"https:\/\/www.fica.unsl.edu.ar\/wp-content\/uploads\/2023\/09\/ftu-decana-02.jpg","type":"image\/jpeg"}],"author":"DATI","twitter_card":"summary_large_image","twitter_creator":"@FICAUNSL","twitter_site":"@FICAUNSL","twitter_misc":{"Escrito por":"DATI","Tiempo de lectura":"3 minutos"},"schema":{"@context":"https:\/\/schema.org","@graph":[{"@type":"Article","@id":"https:\/\/www.fica.unsl.edu.ar\/index.php\/asumieron-las-primeras-autoridades-electas-de-ftu\/#article","isPartOf":{"@id":"https:\/\/www.fica.unsl.edu.ar\/index.php\/asumieron-las-primeras-autoridades-electas-de-ftu\/"},"author":{"name":"DATI","@id":"https:\/\/www.fica.unsl.edu.ar\/#\/schema\/person\/6058f9c66301868d3a691b1f5d6c3544"},"headline":"Asumieron las primeras autoridades electas de la Facultad de Turismo y Urbanismo","datePublished":"2023-09-15T12:35:50+00:00","dateModified":"2023-09-18T12:38:54+00:00","mainEntityOfPage":{"@id":"https:\/\/www.fica.unsl.edu.ar\/index.php\/asumieron-las-primeras-autoridades-electas-de-ftu\/"},"wordCount":603,"publisher":{"@id":"https:\/\/www.fica.unsl.edu.ar\/#organization"},"image":{"@id":"https:\/\/www.fica.unsl.edu.ar\/index.php\/asumieron-las-primeras-autoridades-electas-de-ftu\/#primaryimage"},"thumbnailUrl":"https:\/\/www.fica.unsl.edu.ar\/wp-content\/uploads\/2023\/09\/ftu-decana-02.jpg","articleSection":["Noticias"],"inLanguage":"es-AR"},{"@type":"WebPage","@id":"https:\/\/www.fica.unsl.edu.ar\/index.php\/asumieron-las-primeras-autoridades-electas-de-ftu\/","url":"https:\/\/www.fica.unsl.edu.ar\/index.php\/asumieron-las-primeras-autoridades-electas-de-ftu\/","name":"Asumieron las primeras autoridades electas de la Facultad de Turismo y Urbanismo - Facultad de Ingenier\u00eda y Ciencias Agropecuarias","isPartOf":{"@id":"https:\/\/www.fica.unsl.edu.ar\/#website"},"primaryImageOfPage":{"@id":"https:\/\/www.fica.unsl.edu.ar\/index.php\/asumieron-las-primeras-autoridades-electas-de-ftu\/#primaryimage"},"image":{"@id":"https:\/\/www.fica.unsl.edu.ar\/index.php\/asumieron-las-primeras-autoridades-electas-de-ftu\/#primaryimage"},"thumbnailUrl":"https:\/\/www.fica.unsl.edu.ar\/wp-content\/uploads\/2023\/09\/ftu-decana-02.jpg","datePublished":"2023-09-15T12:35:50+00:00","dateModified":"2023-09-18T12:38:54+00:00","inLanguage":"es-AR","potentialAction":[{"@type":"ReadAction","target":["https:\/\/www.fica.unsl.edu.ar\/index.php\/asumieron-las-primeras-autoridades-electas-de-ftu\/"]}]},{"@type":"ImageObject","inLanguage":"es-AR","@id":"https:\/\/www.fica.unsl.edu.ar\/index.php\/asumieron-las-primeras-autoridades-electas-de-ftu\/#primaryimage","url":"https:\/\/www.fica.unsl.edu.ar\/wp-content\/uploads\/2023\/09\/ftu-decana-02.jpg","contentUrl":"https:\/\/www.fica.unsl.edu.ar\/wp-content\/uploads\/2023\/09\/ftu-decana-02.jpg","width":1152,"height":647},{"@type":"WebSite","@id":"https:\/\/www.fica.unsl.edu.ar\/#website","url":"https:\/\/www.fica.unsl.edu.ar\/","name":"Facultad de Ingenier\u00eda y Ciencias Agropecuarias","description":"","publisher":{"@id":"https:\/\/www.fica.unsl.edu.ar\/#organization"},"potentialAction":[{"@type":"SearchAction","target":{"@type":"EntryPoint","urlTemplate":"https:\/\/www.fica.unsl.edu.ar\/?s={search_term_string}"},"query-input":{"@type":"PropertyValueSpecification","valueRequired":true,"valueName":"search_term_string"}}],"inLanguage":"es-AR"},{"@type":"Organization","@id":"https:\/\/www.fica.unsl.edu.ar\/#organization","name":"Facultad de Ingenier\u00eda y Ciencias Agropecuarias","url":"https:\/\/www.fica.unsl.edu.ar\/","logo":{"@type":"ImageObject","inLanguage":"es-AR","@id":"https:\/\/www.fica.unsl.edu.ar\/#\/schema\/logo\/image\/","url":"https:\/\/www.fica.unsl.edu.ar\/wp-content\/uploads\/2021\/03\/LOGO-1.jpg","contentUrl":"https:\/\/www.fica.unsl.edu.ar\/wp-content\/uploads\/2021\/03\/LOGO-1.jpg","width":463,"height":145,"caption":"Facultad de Ingenier\u00eda y Ciencias Agropecuarias"},"image":{"@id":"https:\/\/www.fica.unsl.edu.ar\/#\/schema\/logo\/image\/"},"sameAs":["https:\/\/www.facebook.com\/FICA.UNSL\/","https:\/\/x.com\/FICAUNSL","https:\/\/www.instagram.com\/fica.unsl\/","https:\/\/www.youtube.com\/channel\/UCs2MM53gb2PyBrMySdtWZDQ"]},{"@type":"Person","@id":"https:\/\/www.fica.unsl.edu.ar\/#\/schema\/person\/6058f9c66301868d3a691b1f5d6c3544","name":"DATI"}]}},"_links":{"self":[{"href":"https:\/\/www.fica.unsl.edu.ar\/index.php\/wp-json\/wp\/v2\/posts\/14567","targetHints":{"allow":["GET"]}}],"collection":[{"href":"https:\/\/www.fica.unsl.edu.ar\/index.php\/wp-json\/wp\/v2\/posts"}],"about":[{"href":"https:\/\/www.fica.unsl.edu.ar\/index.php\/wp-json\/wp\/v2\/types\/post"}],"author":[{"embeddable":true,"href":"https:\/\/www.fica.unsl.edu.ar\/index.php\/wp-json\/wp\/v2\/users\/9"}],"replies":[{"embeddable":true,"href":"https:\/\/www.fica.unsl.edu.ar\/index.php\/wp-json\/wp\/v2\/comments?post=14567"}],"version-history":[{"count":3,"href":"https:\/\/www.fica.unsl.edu.ar\/index.php\/wp-json\/wp\/v2\/posts\/14567\/revisions"}],"predecessor-version":[{"id":14574,"href":"https:\/\/www.fica.unsl.edu.ar\/index.php\/wp-json\/wp\/v2\/posts\/14567\/revisions\/14574"}],"wp:featuredmedia":[{"embeddable":true,"href":"https:\/\/www.fica.unsl.edu.ar\/index.php\/wp-json\/wp\/v2\/media\/14569"}],"wp:attachment":[{"href":"https:\/\/www.fica.unsl.edu.ar\/index.php\/wp-json\/wp\/v2\/media?parent=14567"}],"wp:term":[{"taxonomy":"category","embeddable":true,"href":"https:\/\/www.fica.unsl.edu.ar\/index.php\/wp-json\/wp\/v2\/categories?post=14567"},{"taxonomy":"post_tag","embeddable":true,"href":"https:\/\/www.fica.unsl.edu.ar\/index.php\/wp-json\/wp\/v2\/tags?post=14567"}],"curies":[{"name":"wp","href":"https:\/\/api.w.org\/{rel}","templated":true}]}}