{"id":14589,"date":"2023-09-19T12:25:41","date_gmt":"2023-09-19T15:25:41","guid":{"rendered":"http:\/\/10.101.10.196\/www\/?p=14589"},"modified":"2023-09-19T12:30:12","modified_gmt":"2023-09-19T15:30:12","slug":"viaje-de-complementacion-practica-a-la-planta-agroindustrial-agrozal-sapem","status":"publish","type":"post","link":"https:\/\/www.fica.unsl.edu.ar\/index.php\/viaje-de-complementacion-practica-a-la-planta-agroindustrial-agrozal-sapem\/","title":{"rendered":"Viaje de Complementaci\u00f3n Pr\u00e1ctica a la planta agroindustrial AGROZAL SAPEM"},"content":{"rendered":"<p>En la primera semana de septiembre, docentes y estudiantes avanzados de la carrera Ingenier\u00eda Agron\u00f3mica, visitaron las instalaciones de la empresa AGROZAL SAPEM, situada en el Parque industrial de Villa Mercedes.<\/p>\n<p>Esta actividad tuvo la finalidad de complementar los conocimientos te\u00f3rico-pr\u00e1cticos adquiridos en clases de la asignatura &#8220;Cereales y Oleaginosas&#8221;, tales como: &#8220;Capacidad de almacenaje de granos&#8221;; &#8220;Conservaci\u00f3n de granos almacenados&#8221;; &#8220;Calidad de industrial de granos&#8221;; &#8220;Comercializaci\u00f3n de granos&#8221;; &#8220;Liquidaci\u00f3n de mercader\u00eda&#8221; y &#8220;Buenas pr\u00e1cticas en poscosecha&#8221;.<\/p>\n<p>Agrozal cuenta con una planta agroindustrial utilizada para el almacenamiento y transferencia granar\u00eda, que opera en su gran mayor\u00eda con productores agr\u00edcolas de la provincia. En el transcurso de la visita, los estudiantes pudieron observar el circuito de carga de camiones que transportan grano de ma\u00edz almacenado en los silos hasta el puerto de Rosario para su exportaci\u00f3n.<\/p>\n<p>El responsable del \u00c1rea Contable, Cristian Aguirre, explic\u00f3 sobre las diferentes normativas que rigen en un establecimiento que acopia cereales y detall\u00f3 el proceso para generar la documentaci\u00f3n necesaria que acompa\u00f1a a la mercader\u00eda.<\/p>\n<p>Paso seguido el encargado del sector \u201cSilos\u201d, Mat\u00edas Bini, brind\u00f3 un recorrido completo por las instalaciones, donde los estudiantes pudieron observar el funcionamiento de las balanzas para camiones y bitrenes, la plataforma de descarga, elevadores, norias y redlers, silos para distintas calidades, secadora y zaranda de granos y por \u00faltimo la carga de vagones de ferrocarril.<\/p>\n<p>En el laboratorio de calidad y an\u00e1lisis, Mariela Della Costa realiz\u00f3 demostraciones con el instrumental necesario para determinar el \u201cgrado\u201d de la mercader\u00eda y su ajuste a los est\u00e1ndares de comercializaci\u00f3n vigentes.<\/p>\n<p>Para finalizar la jornada, el responsable de \u201cOperaciones Comerciales\u201d, Mart\u00edn Pereyra, coment\u00f3 cuales son los servicios que brinda Agrozal a los productores agropecuarios de la regi\u00f3n, entre los que se destacan el almacenaje, acondicionamiento y compra-venta de cereales.<\/p>\n<div class=\"gmedia_gallery phantom_module is_bot\" id=\"GmediaGallery_170\" data-gmid=\"170\" data-module=\"phantom\"><style type='text\/css' class='gmedia_module_style_import'>@import url('https:\/\/www.fica.unsl.edu.ar\/wp-content\/plugins\/grand-media\/module\/phantom\/css\/style.css') all;<\/style>    <div class=\"gmPhantom_Container noLightbox\" >\r\n                <div class=\"gmPhantom_thumbsWrapper gmPhantom_ThumbScale gmPhantom_LabelHover\">\r\n                        <div class=\"gmPhantom_ThumbContainer gmPhantom_ThumbLoader\" data-id=\"2435\" data-post_id=\"14596\" data-ratio=\"0.75\" data-type=\"image\" data-ext=\"jpg\" data-views=\"5\" data-likes=\"0\" data-cc=\"0\" data-post_link=\"https:\/\/www.fica.unsl.edu.ar\/index.php\/gmedia\/agrozal-sapem-_6_-jpg\/\">\r\n                <a href=\"https:\/\/www.fica.unsl.edu.ar\/wp-content\/grand-media\/image\/agrozal-sapem-_6_.jpg\" class=\"gmPhantom_Thumb\"><img decoding=\"async\" src=\"https:\/\/www.fica.unsl.edu.ar\/wp-content\/grand-media\/image\/thumb\/agrozal-sapem-_6_.jpg\" data-src=\"https:\/\/www.fica.unsl.edu.ar\/wp-content\/grand-media\/image\/agrozal-sapem-_6_.jpg\" alt=\"Agrozal-sapem- (6)\"\/><\/a>\r\n                                    <div class=\"gmPhantom_ThumbLabel\"><span class=\"gmPhantom_ThumbLabel_title\">Agrozal-sapem- (6)<\/span><\/div>\r\n                                    <div style=\"display:none;\" class=\"gmPhantom_Details\">\r\n                                            <div class=\"gmPhantom_description\">\r\n                            <div class=\"gmPhantom_title\">Agrozal-sapem- (6)<\/div>\r\n                            <div class=\"gmPhantom_text\"><\/div>\r\n                        <\/div>\r\n                                                            <div class=\"gmPhantom_terms\">\r\n                                                    <div class=\"gmPhantom_other_terms\">\r\n                                <table class=\"gmPhantom_other_terms_table\">\r\n                                                                            <tr class=\"gmPhantom_term_row_album\">\r\n                                            <td class=\"gmPhantom_term_key\">Album<\/td>\r\n                                            <td class=\"gmPhantom_term_value\"><a href=\"\/index.php\/wp-json\/wp\/v2\/posts\/14589?gm170[album__in]=170\" class=\"gmPhantom_alb\">agrozal-sapem-2023<\/a><\/td>\r\n                                        <\/tr>\r\n                                                                    <\/table>\r\n                            <\/div>\r\n                                                <\/div>\r\n                <\/div>\r\n                <\/div>            <div class=\"gmPhantom_ThumbContainer gmPhantom_ThumbLoader\" data-id=\"2434\" data-post_id=\"14595\" data-ratio=\"0.75\" data-type=\"image\" data-ext=\"jpg\" data-views=\"4\" data-likes=\"0\" data-cc=\"0\" data-post_link=\"https:\/\/www.fica.unsl.edu.ar\/index.php\/gmedia\/agrozal-sapem-_5_-jpg\/\">\r\n                <a href=\"https:\/\/www.fica.unsl.edu.ar\/wp-content\/grand-media\/image\/agrozal-sapem-_5_.jpg\" class=\"gmPhantom_Thumb\"><img decoding=\"async\" src=\"https:\/\/www.fica.unsl.edu.ar\/wp-content\/grand-media\/image\/thumb\/agrozal-sapem-_5_.jpg\" data-src=\"https:\/\/www.fica.unsl.edu.ar\/wp-content\/grand-media\/image\/agrozal-sapem-_5_.jpg\" alt=\"Agrozal-sapem- (5)\"\/><\/a>\r\n                                    <div class=\"gmPhantom_ThumbLabel\"><span class=\"gmPhantom_ThumbLabel_title\">Agrozal-sapem- (5)<\/span><\/div>\r\n                                    <div style=\"display:none;\" class=\"gmPhantom_Details\">\r\n                                            <div class=\"gmPhantom_description\">\r\n                            <div class=\"gmPhantom_title\">Agrozal-sapem- (5)<\/div>\r\n                            <div class=\"gmPhantom_text\"><\/div>\r\n                        <\/div>\r\n                                                            <div class=\"gmPhantom_terms\">\r\n                                                    <div class=\"gmPhantom_other_terms\">\r\n                                <table class=\"gmPhantom_other_terms_table\">\r\n                                                                            <tr class=\"gmPhantom_term_row_album\">\r\n                                            <td class=\"gmPhantom_term_key\">Album<\/td>\r\n                                            <td class=\"gmPhantom_term_value\"><a href=\"\/index.php\/wp-json\/wp\/v2\/posts\/14589?gm170[album__in]=170\" class=\"gmPhantom_alb\">agrozal-sapem-2023<\/a><\/td>\r\n                                        <\/tr>\r\n                                                                    <\/table>\r\n                            <\/div>\r\n                                                <\/div>\r\n                <\/div>\r\n                <\/div>            <div class=\"gmPhantom_ThumbContainer gmPhantom_ThumbLoader\" data-id=\"2433\" data-post_id=\"14594\" data-ratio=\"1.3333333333333\" data-type=\"image\" data-ext=\"jpg\" data-views=\"9\" data-likes=\"0\" data-cc=\"0\" data-post_link=\"https:\/\/www.fica.unsl.edu.ar\/index.php\/gmedia\/agrozal-sapem-_4_-jpg\/\">\r\n                <a href=\"https:\/\/www.fica.unsl.edu.ar\/wp-content\/grand-media\/image\/agrozal-sapem-_4_.jpg\" class=\"gmPhantom_Thumb\"><img decoding=\"async\" src=\"https:\/\/www.fica.unsl.edu.ar\/wp-content\/grand-media\/image\/thumb\/agrozal-sapem-_4_.jpg\" data-src=\"https:\/\/www.fica.unsl.edu.ar\/wp-content\/grand-media\/image\/agrozal-sapem-_4_.jpg\" alt=\"Agrozal-sapem- (4)\"\/><\/a>\r\n                                    <div class=\"gmPhantom_ThumbLabel\"><span class=\"gmPhantom_ThumbLabel_title\">Agrozal-sapem- (4)<\/span><\/div>\r\n                                    <div style=\"display:none;\" class=\"gmPhantom_Details\">\r\n                                            <div class=\"gmPhantom_description\">\r\n                            <div class=\"gmPhantom_title\">Agrozal-sapem- (4)<\/div>\r\n                            <div class=\"gmPhantom_text\"><\/div>\r\n                        <\/div>\r\n                                                            <div class=\"gmPhantom_terms\">\r\n                                                    <div class=\"gmPhantom_other_terms\">\r\n                                <table class=\"gmPhantom_other_terms_table\">\r\n                                                                            <tr class=\"gmPhantom_term_row_album\">\r\n                                            <td class=\"gmPhantom_term_key\">Album<\/td>\r\n                                            <td class=\"gmPhantom_term_value\"><a href=\"\/index.php\/wp-json\/wp\/v2\/posts\/14589?gm170[album__in]=170\" class=\"gmPhantom_alb\">agrozal-sapem-2023<\/a><\/td>\r\n                                        <\/tr>\r\n                                                                    <\/table>\r\n                            <\/div>\r\n                                                <\/div>\r\n                <\/div>\r\n                <\/div>            <div class=\"gmPhantom_ThumbContainer gmPhantom_ThumbLoader\" data-id=\"2432\" data-post_id=\"14593\" data-ratio=\"1.3333333333333\" data-type=\"image\" data-ext=\"jpg\" data-views=\"9\" data-likes=\"0\" data-cc=\"0\" data-post_link=\"https:\/\/www.fica.unsl.edu.ar\/index.php\/gmedia\/agrozal-sapem-_3_-jpg\/\">\r\n                <a href=\"https:\/\/www.fica.unsl.edu.ar\/wp-content\/grand-media\/image\/agrozal-sapem-_3_.jpg\" class=\"gmPhantom_Thumb\"><img decoding=\"async\" src=\"https:\/\/www.fica.unsl.edu.ar\/wp-content\/grand-media\/image\/thumb\/agrozal-sapem-_3_.jpg\" data-src=\"https:\/\/www.fica.unsl.edu.ar\/wp-content\/grand-media\/image\/agrozal-sapem-_3_.jpg\" alt=\"Agrozal-sapem- (3)\"\/><\/a>\r\n                                    <div class=\"gmPhantom_ThumbLabel\"><span class=\"gmPhantom_ThumbLabel_title\">Agrozal-sapem- (3)<\/span><\/div>\r\n                                    <div style=\"display:none;\" class=\"gmPhantom_Details\">\r\n                                            <div class=\"gmPhantom_description\">\r\n                            <div class=\"gmPhantom_title\">Agrozal-sapem- (3)<\/div>\r\n                            <div class=\"gmPhantom_text\"><\/div>\r\n                        <\/div>\r\n                                                            <div class=\"gmPhantom_terms\">\r\n                                                    <div class=\"gmPhantom_other_terms\">\r\n                                <table class=\"gmPhantom_other_terms_table\">\r\n                                                                            <tr class=\"gmPhantom_term_row_album\">\r\n                                            <td class=\"gmPhantom_term_key\">Album<\/td>\r\n                                            <td class=\"gmPhantom_term_value\"><a href=\"\/index.php\/wp-json\/wp\/v2\/posts\/14589?gm170[album__in]=170\" class=\"gmPhantom_alb\">agrozal-sapem-2023<\/a><\/td>\r\n                                        <\/tr>\r\n                                                                    <\/table>\r\n                            <\/div>\r\n                                                <\/div>\r\n                <\/div>\r\n                <\/div>            <div class=\"gmPhantom_ThumbContainer gmPhantom_ThumbLoader\" data-id=\"2431\" data-post_id=\"14592\" data-ratio=\"0.75\" data-type=\"image\" data-ext=\"jpg\" data-views=\"8\" data-likes=\"0\" data-cc=\"0\" data-post_link=\"https:\/\/www.fica.unsl.edu.ar\/index.php\/gmedia\/agrozal-sapem-_1_-jpg\/\">\r\n                <a href=\"https:\/\/www.fica.unsl.edu.ar\/wp-content\/grand-media\/image\/agrozal-sapem-_1_.jpg\" class=\"gmPhantom_Thumb\"><img decoding=\"async\" src=\"https:\/\/www.fica.unsl.edu.ar\/wp-content\/grand-media\/image\/thumb\/agrozal-sapem-_1_.jpg\" data-src=\"https:\/\/www.fica.unsl.edu.ar\/wp-content\/grand-media\/image\/agrozal-sapem-_1_.jpg\" alt=\"Agrozal-sapem- (1)\"\/><\/a>\r\n                                    <div class=\"gmPhantom_ThumbLabel\"><span class=\"gmPhantom_ThumbLabel_title\">Agrozal-sapem- (1)<\/span><\/div>\r\n                                    <div style=\"display:none;\" class=\"gmPhantom_Details\">\r\n                                            <div class=\"gmPhantom_description\">\r\n                            <div class=\"gmPhantom_title\">Agrozal-sapem- (1)<\/div>\r\n                            <div class=\"gmPhantom_text\"><\/div>\r\n                        <\/div>\r\n                                                            <div class=\"gmPhantom_terms\">\r\n                                                    <div class=\"gmPhantom_other_terms\">\r\n                                <table class=\"gmPhantom_other_terms_table\">\r\n                                                                            <tr class=\"gmPhantom_term_row_album\">\r\n                                            <td class=\"gmPhantom_term_key\">Album<\/td>\r\n                                            <td class=\"gmPhantom_term_value\"><a href=\"\/index.php\/wp-json\/wp\/v2\/posts\/14589?gm170[album__in]=170\" class=\"gmPhantom_alb\">agrozal-sapem-2023<\/a><\/td>\r\n                                        <\/tr>\r\n                                                                    <\/table>\r\n                            <\/div>\r\n                                                <\/div>\r\n                <\/div>\r\n                <\/div>        <\/div>\r\n    <\/div>\r\n<\/div>\n<p>&nbsp;<\/p>\n","protected":false},"excerpt":{"rendered":"<p>En la primera semana de septiembre, docentes y estudiantes avanzados de la carrera Ingenier\u00eda Agron\u00f3mica, visitaron las instalaciones de la empresa AGROZAL SAPEM, situada en&hellip;<\/p>\n","protected":false},"author":9,"featured_media":14590,"comment_status":"closed","ping_status":"closed","sticky":false,"template":"","format":"standard","meta":{"_monsterinsights_skip_tracking":false,"_monsterinsights_sitenote_active":false,"_monsterinsights_sitenote_note":"","_monsterinsights_sitenote_category":0,"_joinchat":[],"footnotes":""},"categories":[19],"tags":[],"class_list":["post-14589","post","type-post","status-publish","format-standard","has-post-thumbnail","hentry","category-noticias"],"yoast_head":"<!-- This site is optimized with the Yoast SEO plugin v27.4 - https:\/\/yoast.com\/product\/yoast-seo-wordpress\/ -->\n<title>Viaje de Complementaci\u00f3n Pr\u00e1ctica a la planta agroindustrial AGROZAL SAPEM - Facultad de Ingenier\u00eda y Ciencias Agropecuarias<\/title>\n<meta name=\"robots\" content=\"index, follow, max-snippet:-1, max-image-preview:large, max-video-preview:-1\" \/>\n<link rel=\"canonical\" href=\"https:\/\/www.fica.unsl.edu.ar\/index.php\/viaje-de-complementacion-practica-a-la-planta-agroindustrial-agrozal-sapem\/\" \/>\n<meta property=\"og:locale\" content=\"es_ES\" \/>\n<meta property=\"og:type\" content=\"article\" \/>\n<meta property=\"og:title\" content=\"Viaje de Complementaci\u00f3n Pr\u00e1ctica a la planta agroindustrial AGROZAL SAPEM - Facultad de Ingenier\u00eda y Ciencias Agropecuarias\" \/>\n<meta property=\"og:description\" content=\"En la primera semana de septiembre, docentes y estudiantes avanzados de la carrera Ingenier\u00eda Agron\u00f3mica, visitaron las instalaciones de la empresa AGROZAL SAPEM, situada en&hellip;\" \/>\n<meta property=\"og:url\" content=\"https:\/\/www.fica.unsl.edu.ar\/index.php\/viaje-de-complementacion-practica-a-la-planta-agroindustrial-agrozal-sapem\/\" \/>\n<meta property=\"og:site_name\" content=\"Facultad de Ingenier\u00eda y Ciencias Agropecuarias\" \/>\n<meta property=\"article:publisher\" content=\"https:\/\/www.facebook.com\/FICA.UNSL\/\" \/>\n<meta property=\"article:published_time\" content=\"2023-09-19T15:25:41+00:00\" \/>\n<meta property=\"article:modified_time\" content=\"2023-09-19T15:30:12+00:00\" \/>\n<meta property=\"og:image\" content=\"https:\/\/www.fica.unsl.edu.ar\/wp-content\/uploads\/2023\/09\/agrozal-sapem-front.jpg\" \/>\n\t<meta property=\"og:image:width\" content=\"1061\" \/>\n\t<meta property=\"og:image:height\" content=\"585\" \/>\n\t<meta property=\"og:image:type\" content=\"image\/jpeg\" \/>\n<meta name=\"author\" content=\"DATI\" \/>\n<meta name=\"twitter:card\" content=\"summary_large_image\" \/>\n<meta name=\"twitter:creator\" content=\"@FICAUNSL\" \/>\n<meta name=\"twitter:site\" content=\"@FICAUNSL\" \/>\n<meta name=\"twitter:label1\" content=\"Escrito por\" \/>\n\t<meta name=\"twitter:data1\" content=\"DATI\" \/>\n\t<meta name=\"twitter:label2\" content=\"Tiempo de lectura\" \/>\n\t<meta name=\"twitter:data2\" content=\"2 minutos\" \/>\n<script type=\"application\/ld+json\" class=\"yoast-schema-graph\">{\"@context\":\"https:\\\/\\\/schema.org\",\"@graph\":[{\"@type\":\"Article\",\"@id\":\"https:\\\/\\\/www.fica.unsl.edu.ar\\\/index.php\\\/viaje-de-complementacion-practica-a-la-planta-agroindustrial-agrozal-sapem\\\/#article\",\"isPartOf\":{\"@id\":\"https:\\\/\\\/www.fica.unsl.edu.ar\\\/index.php\\\/viaje-de-complementacion-practica-a-la-planta-agroindustrial-agrozal-sapem\\\/\"},\"author\":{\"name\":\"DATI\",\"@id\":\"https:\\\/\\\/www.fica.unsl.edu.ar\\\/#\\\/schema\\\/person\\\/6058f9c66301868d3a691b1f5d6c3544\"},\"headline\":\"Viaje de Complementaci\u00f3n Pr\u00e1ctica a la planta agroindustrial AGROZAL SAPEM\",\"datePublished\":\"2023-09-19T15:25:41+00:00\",\"dateModified\":\"2023-09-19T15:30:12+00:00\",\"mainEntityOfPage\":{\"@id\":\"https:\\\/\\\/www.fica.unsl.edu.ar\\\/index.php\\\/viaje-de-complementacion-practica-a-la-planta-agroindustrial-agrozal-sapem\\\/\"},\"wordCount\":334,\"publisher\":{\"@id\":\"https:\\\/\\\/www.fica.unsl.edu.ar\\\/#organization\"},\"image\":{\"@id\":\"https:\\\/\\\/www.fica.unsl.edu.ar\\\/index.php\\\/viaje-de-complementacion-practica-a-la-planta-agroindustrial-agrozal-sapem\\\/#primaryimage\"},\"thumbnailUrl\":\"https:\\\/\\\/www.fica.unsl.edu.ar\\\/wp-content\\\/uploads\\\/2023\\\/09\\\/agrozal-sapem-front.jpg\",\"articleSection\":[\"Noticias\"],\"inLanguage\":\"es-AR\"},{\"@type\":\"WebPage\",\"@id\":\"https:\\\/\\\/www.fica.unsl.edu.ar\\\/index.php\\\/viaje-de-complementacion-practica-a-la-planta-agroindustrial-agrozal-sapem\\\/\",\"url\":\"https:\\\/\\\/www.fica.unsl.edu.ar\\\/index.php\\\/viaje-de-complementacion-practica-a-la-planta-agroindustrial-agrozal-sapem\\\/\",\"name\":\"Viaje de Complementaci\u00f3n Pr\u00e1ctica a la planta agroindustrial AGROZAL SAPEM - Facultad de Ingenier\u00eda y Ciencias Agropecuarias\",\"isPartOf\":{\"@id\":\"https:\\\/\\\/www.fica.unsl.edu.ar\\\/#website\"},\"primaryImageOfPage\":{\"@id\":\"https:\\\/\\\/www.fica.unsl.edu.ar\\\/index.php\\\/viaje-de-complementacion-practica-a-la-planta-agroindustrial-agrozal-sapem\\\/#primaryimage\"},\"image\":{\"@id\":\"https:\\\/\\\/www.fica.unsl.edu.ar\\\/index.php\\\/viaje-de-complementacion-practica-a-la-planta-agroindustrial-agrozal-sapem\\\/#primaryimage\"},\"thumbnailUrl\":\"https:\\\/\\\/www.fica.unsl.edu.ar\\\/wp-content\\\/uploads\\\/2023\\\/09\\\/agrozal-sapem-front.jpg\",\"datePublished\":\"2023-09-19T15:25:41+00:00\",\"dateModified\":\"2023-09-19T15:30:12+00:00\",\"inLanguage\":\"es-AR\",\"potentialAction\":[{\"@type\":\"ReadAction\",\"target\":[\"https:\\\/\\\/www.fica.unsl.edu.ar\\\/index.php\\\/viaje-de-complementacion-practica-a-la-planta-agroindustrial-agrozal-sapem\\\/\"]}]},{\"@type\":\"ImageObject\",\"inLanguage\":\"es-AR\",\"@id\":\"https:\\\/\\\/www.fica.unsl.edu.ar\\\/index.php\\\/viaje-de-complementacion-practica-a-la-planta-agroindustrial-agrozal-sapem\\\/#primaryimage\",\"url\":\"https:\\\/\\\/www.fica.unsl.edu.ar\\\/wp-content\\\/uploads\\\/2023\\\/09\\\/agrozal-sapem-front.jpg\",\"contentUrl\":\"https:\\\/\\\/www.fica.unsl.edu.ar\\\/wp-content\\\/uploads\\\/2023\\\/09\\\/agrozal-sapem-front.jpg\",\"width\":1061,\"height\":585},{\"@type\":\"WebSite\",\"@id\":\"https:\\\/\\\/www.fica.unsl.edu.ar\\\/#website\",\"url\":\"https:\\\/\\\/www.fica.unsl.edu.ar\\\/\",\"name\":\"Facultad de Ingenier\u00eda y Ciencias Agropecuarias\",\"description\":\"\",\"publisher\":{\"@id\":\"https:\\\/\\\/www.fica.unsl.edu.ar\\\/#organization\"},\"potentialAction\":[{\"@type\":\"SearchAction\",\"target\":{\"@type\":\"EntryPoint\",\"urlTemplate\":\"https:\\\/\\\/www.fica.unsl.edu.ar\\\/?s={search_term_string}\"},\"query-input\":{\"@type\":\"PropertyValueSpecification\",\"valueRequired\":true,\"valueName\":\"search_term_string\"}}],\"inLanguage\":\"es-AR\"},{\"@type\":\"Organization\",\"@id\":\"https:\\\/\\\/www.fica.unsl.edu.ar\\\/#organization\",\"name\":\"Facultad de Ingenier\u00eda y Ciencias Agropecuarias\",\"url\":\"https:\\\/\\\/www.fica.unsl.edu.ar\\\/\",\"logo\":{\"@type\":\"ImageObject\",\"inLanguage\":\"es-AR\",\"@id\":\"https:\\\/\\\/www.fica.unsl.edu.ar\\\/#\\\/schema\\\/logo\\\/image\\\/\",\"url\":\"https:\\\/\\\/www.fica.unsl.edu.ar\\\/wp-content\\\/uploads\\\/2021\\\/03\\\/LOGO-1.jpg\",\"contentUrl\":\"https:\\\/\\\/www.fica.unsl.edu.ar\\\/wp-content\\\/uploads\\\/2021\\\/03\\\/LOGO-1.jpg\",\"width\":463,\"height\":145,\"caption\":\"Facultad de Ingenier\u00eda y Ciencias Agropecuarias\"},\"image\":{\"@id\":\"https:\\\/\\\/www.fica.unsl.edu.ar\\\/#\\\/schema\\\/logo\\\/image\\\/\"},\"sameAs\":[\"https:\\\/\\\/www.facebook.com\\\/FICA.UNSL\\\/\",\"https:\\\/\\\/x.com\\\/FICAUNSL\",\"https:\\\/\\\/www.instagram.com\\\/fica.unsl\\\/\",\"https:\\\/\\\/www.youtube.com\\\/channel\\\/UCs2MM53gb2PyBrMySdtWZDQ\"]},{\"@type\":\"Person\",\"@id\":\"https:\\\/\\\/www.fica.unsl.edu.ar\\\/#\\\/schema\\\/person\\\/6058f9c66301868d3a691b1f5d6c3544\",\"name\":\"DATI\"}]}<\/script>\n<!-- \/ Yoast SEO plugin. -->","yoast_head_json":{"title":"Viaje de Complementaci\u00f3n Pr\u00e1ctica a la planta agroindustrial AGROZAL SAPEM - Facultad de Ingenier\u00eda y Ciencias Agropecuarias","robots":{"index":"index","follow":"follow","max-snippet":"max-snippet:-1","max-image-preview":"max-image-preview:large","max-video-preview":"max-video-preview:-1"},"canonical":"https:\/\/www.fica.unsl.edu.ar\/index.php\/viaje-de-complementacion-practica-a-la-planta-agroindustrial-agrozal-sapem\/","og_locale":"es_ES","og_type":"article","og_title":"Viaje de Complementaci\u00f3n Pr\u00e1ctica a la planta agroindustrial AGROZAL SAPEM - Facultad de Ingenier\u00eda y Ciencias Agropecuarias","og_description":"En la primera semana de septiembre, docentes y estudiantes avanzados de la carrera Ingenier\u00eda Agron\u00f3mica, visitaron las instalaciones de la empresa AGROZAL SAPEM, situada en&hellip;","og_url":"https:\/\/www.fica.unsl.edu.ar\/index.php\/viaje-de-complementacion-practica-a-la-planta-agroindustrial-agrozal-sapem\/","og_site_name":"Facultad de Ingenier\u00eda y Ciencias Agropecuarias","article_publisher":"https:\/\/www.facebook.com\/FICA.UNSL\/","article_published_time":"2023-09-19T15:25:41+00:00","article_modified_time":"2023-09-19T15:30:12+00:00","og_image":[{"width":1061,"height":585,"url":"https:\/\/www.fica.unsl.edu.ar\/wp-content\/uploads\/2023\/09\/agrozal-sapem-front.jpg","type":"image\/jpeg"}],"author":"DATI","twitter_card":"summary_large_image","twitter_creator":"@FICAUNSL","twitter_site":"@FICAUNSL","twitter_misc":{"Escrito por":"DATI","Tiempo de lectura":"2 minutos"},"schema":{"@context":"https:\/\/schema.org","@graph":[{"@type":"Article","@id":"https:\/\/www.fica.unsl.edu.ar\/index.php\/viaje-de-complementacion-practica-a-la-planta-agroindustrial-agrozal-sapem\/#article","isPartOf":{"@id":"https:\/\/www.fica.unsl.edu.ar\/index.php\/viaje-de-complementacion-practica-a-la-planta-agroindustrial-agrozal-sapem\/"},"author":{"name":"DATI","@id":"https:\/\/www.fica.unsl.edu.ar\/#\/schema\/person\/6058f9c66301868d3a691b1f5d6c3544"},"headline":"Viaje de Complementaci\u00f3n Pr\u00e1ctica a la planta agroindustrial AGROZAL SAPEM","datePublished":"2023-09-19T15:25:41+00:00","dateModified":"2023-09-19T15:30:12+00:00","mainEntityOfPage":{"@id":"https:\/\/www.fica.unsl.edu.ar\/index.php\/viaje-de-complementacion-practica-a-la-planta-agroindustrial-agrozal-sapem\/"},"wordCount":334,"publisher":{"@id":"https:\/\/www.fica.unsl.edu.ar\/#organization"},"image":{"@id":"https:\/\/www.fica.unsl.edu.ar\/index.php\/viaje-de-complementacion-practica-a-la-planta-agroindustrial-agrozal-sapem\/#primaryimage"},"thumbnailUrl":"https:\/\/www.fica.unsl.edu.ar\/wp-content\/uploads\/2023\/09\/agrozal-sapem-front.jpg","articleSection":["Noticias"],"inLanguage":"es-AR"},{"@type":"WebPage","@id":"https:\/\/www.fica.unsl.edu.ar\/index.php\/viaje-de-complementacion-practica-a-la-planta-agroindustrial-agrozal-sapem\/","url":"https:\/\/www.fica.unsl.edu.ar\/index.php\/viaje-de-complementacion-practica-a-la-planta-agroindustrial-agrozal-sapem\/","name":"Viaje de Complementaci\u00f3n Pr\u00e1ctica a la planta agroindustrial AGROZAL SAPEM - Facultad de Ingenier\u00eda y Ciencias Agropecuarias","isPartOf":{"@id":"https:\/\/www.fica.unsl.edu.ar\/#website"},"primaryImageOfPage":{"@id":"https:\/\/www.fica.unsl.edu.ar\/index.php\/viaje-de-complementacion-practica-a-la-planta-agroindustrial-agrozal-sapem\/#primaryimage"},"image":{"@id":"https:\/\/www.fica.unsl.edu.ar\/index.php\/viaje-de-complementacion-practica-a-la-planta-agroindustrial-agrozal-sapem\/#primaryimage"},"thumbnailUrl":"https:\/\/www.fica.unsl.edu.ar\/wp-content\/uploads\/2023\/09\/agrozal-sapem-front.jpg","datePublished":"2023-09-19T15:25:41+00:00","dateModified":"2023-09-19T15:30:12+00:00","inLanguage":"es-AR","potentialAction":[{"@type":"ReadAction","target":["https:\/\/www.fica.unsl.edu.ar\/index.php\/viaje-de-complementacion-practica-a-la-planta-agroindustrial-agrozal-sapem\/"]}]},{"@type":"ImageObject","inLanguage":"es-AR","@id":"https:\/\/www.fica.unsl.edu.ar\/index.php\/viaje-de-complementacion-practica-a-la-planta-agroindustrial-agrozal-sapem\/#primaryimage","url":"https:\/\/www.fica.unsl.edu.ar\/wp-content\/uploads\/2023\/09\/agrozal-sapem-front.jpg","contentUrl":"https:\/\/www.fica.unsl.edu.ar\/wp-content\/uploads\/2023\/09\/agrozal-sapem-front.jpg","width":1061,"height":585},{"@type":"WebSite","@id":"https:\/\/www.fica.unsl.edu.ar\/#website","url":"https:\/\/www.fica.unsl.edu.ar\/","name":"Facultad de Ingenier\u00eda y Ciencias Agropecuarias","description":"","publisher":{"@id":"https:\/\/www.fica.unsl.edu.ar\/#organization"},"potentialAction":[{"@type":"SearchAction","target":{"@type":"EntryPoint","urlTemplate":"https:\/\/www.fica.unsl.edu.ar\/?s={search_term_string}"},"query-input":{"@type":"PropertyValueSpecification","valueRequired":true,"valueName":"search_term_string"}}],"inLanguage":"es-AR"},{"@type":"Organization","@id":"https:\/\/www.fica.unsl.edu.ar\/#organization","name":"Facultad de Ingenier\u00eda y Ciencias Agropecuarias","url":"https:\/\/www.fica.unsl.edu.ar\/","logo":{"@type":"ImageObject","inLanguage":"es-AR","@id":"https:\/\/www.fica.unsl.edu.ar\/#\/schema\/logo\/image\/","url":"https:\/\/www.fica.unsl.edu.ar\/wp-content\/uploads\/2021\/03\/LOGO-1.jpg","contentUrl":"https:\/\/www.fica.unsl.edu.ar\/wp-content\/uploads\/2021\/03\/LOGO-1.jpg","width":463,"height":145,"caption":"Facultad de Ingenier\u00eda y Ciencias Agropecuarias"},"image":{"@id":"https:\/\/www.fica.unsl.edu.ar\/#\/schema\/logo\/image\/"},"sameAs":["https:\/\/www.facebook.com\/FICA.UNSL\/","https:\/\/x.com\/FICAUNSL","https:\/\/www.instagram.com\/fica.unsl\/","https:\/\/www.youtube.com\/channel\/UCs2MM53gb2PyBrMySdtWZDQ"]},{"@type":"Person","@id":"https:\/\/www.fica.unsl.edu.ar\/#\/schema\/person\/6058f9c66301868d3a691b1f5d6c3544","name":"DATI"}]}},"_links":{"self":[{"href":"https:\/\/www.fica.unsl.edu.ar\/index.php\/wp-json\/wp\/v2\/posts\/14589","targetHints":{"allow":["GET"]}}],"collection":[{"href":"https:\/\/www.fica.unsl.edu.ar\/index.php\/wp-json\/wp\/v2\/posts"}],"about":[{"href":"https:\/\/www.fica.unsl.edu.ar\/index.php\/wp-json\/wp\/v2\/types\/post"}],"author":[{"embeddable":true,"href":"https:\/\/www.fica.unsl.edu.ar\/index.php\/wp-json\/wp\/v2\/users\/9"}],"replies":[{"embeddable":true,"href":"https:\/\/www.fica.unsl.edu.ar\/index.php\/wp-json\/wp\/v2\/comments?post=14589"}],"version-history":[{"count":1,"href":"https:\/\/www.fica.unsl.edu.ar\/index.php\/wp-json\/wp\/v2\/posts\/14589\/revisions"}],"predecessor-version":[{"id":14597,"href":"https:\/\/www.fica.unsl.edu.ar\/index.php\/wp-json\/wp\/v2\/posts\/14589\/revisions\/14597"}],"wp:featuredmedia":[{"embeddable":true,"href":"https:\/\/www.fica.unsl.edu.ar\/index.php\/wp-json\/wp\/v2\/media\/14590"}],"wp:attachment":[{"href":"https:\/\/www.fica.unsl.edu.ar\/index.php\/wp-json\/wp\/v2\/media?parent=14589"}],"wp:term":[{"taxonomy":"category","embeddable":true,"href":"https:\/\/www.fica.unsl.edu.ar\/index.php\/wp-json\/wp\/v2\/categories?post=14589"},{"taxonomy":"post_tag","embeddable":true,"href":"https:\/\/www.fica.unsl.edu.ar\/index.php\/wp-json\/wp\/v2\/tags?post=14589"}],"curies":[{"name":"wp","href":"https:\/\/api.w.org\/{rel}","templated":true}]}}