{"id":14632,"date":"2023-09-27T10:43:11","date_gmt":"2023-09-27T13:43:11","guid":{"rendered":"http:\/\/10.101.10.196\/www\/?p=14632"},"modified":"2023-10-09T09:01:27","modified_gmt":"2023-10-09T12:01:27","slug":"identifica-2-100-ponencias-dos-capitulos-especiales-y-una-reflexion-sobre-la-ia","status":"publish","type":"post","link":"https:\/\/www.fica.unsl.edu.ar\/index.php\/identifica-2-100-ponencias-dos-capitulos-especiales-y-una-reflexion-sobre-la-ia\/","title":{"rendered":"IdentiFICA 2: 100 ponencias, dos cap\u00edtulos especiales y una reflexi\u00f3n sobre la IA"},"content":{"rendered":"<p>La 2\u00aa edici\u00f3n de la revista IdentiFICA ya est\u00e1 en la web para que los lectores puedan acceder, de manera libre y gratuita, a sus 200 p\u00e1ginas destinadas a la divulgaci\u00f3n de las investigaciones que realiza la FICA vinculadas con la ciencia y la t\u00e9cnica. \u201cEsta vez se han superado casi el doble de las ponencias con relaci\u00f3n a la primera edici\u00f3n\u2026 Es un dato que indica un incremento en la participaci\u00f3n en los proyectos de investigaci\u00f3n, como tambi\u00e9n en la difusi\u00f3n cient\u00edfica\u201d, cont\u00f3 el secretario de Planeamiento y director de la revista, Mgtr. Javier Carletto.<\/p>\n<p>Explic\u00f3 que la publicaci\u00f3n, que puede leerse por internet desde a la p\u00e1gina de la FICA o bien ingresando a la direcci\u00f3n indenti.fica.unsl.edu.ar, es, b\u00e1sicamente, un resumen de la Semana de la Ingenier\u00eda, que se celebra en junio -en conmemoraci\u00f3n del D\u00eda de la Ingenier\u00eda en la Argentina- con una serie de actividades dentro de las cuales estudiantes y docentes \u201cpresentan distintas ponencias sobre las tem\u00e1ticas que estamos abordando. Los compendios de esas investigaciones forman parte de la revista\u201d.<\/p>\n<p>En esta segunda edici\u00f3n se publican alrededor de 100 ponencias, casi el doble de la 1\u00aa edici\u00f3n. \u201cAdem\u00e1s incluye un cap\u00edtulo especial dedicado a Mujeres en Ingenier\u00eda, llamado &#8220;Matilde en FICA&#8221;, que son relatos de nuestras ingenieras, sus historias y vivencias durante la formaci\u00f3n acad\u00e9mica y en la actividad profesional. Otra novedad es la incorporaci\u00f3n de un cap\u00edtulo relacionado con el Seminario de Investigaci\u00f3n y Vinculaci\u00f3n en Ciencias de la Ingenier\u00eda, que se hizo durante el a\u00f1o 2022 a nivel de capacitaci\u00f3n de posgrado\u201d, destac\u00f3 Carletto.<\/p>\n<p>Por la participaci\u00f3n de las ponencias y la inclusi\u00f3n de los dos cap\u00edtulos especiales, la revista se agrand\u00f3: tiene m\u00e1s de 200 p\u00e1ginas. \u201cHa quedado un volumen bastante interesante de informaci\u00f3n en las distintas \u00e1reas\u2026, el formato es de f\u00e1cil lectura y liviano para descargar. La publicaci\u00f3n es de acceso libre y gratuito\u201d, aclar\u00f3.<\/p>\n<p>Remarc\u00f3 que en cada uno de los trabajos que se difunden \u201cest\u00e1n publicados los autores, las dependencias donde trabajan, como tambi\u00e9n direcciones de correo electr\u00f3nico para que los interesados en cada una de las tem\u00e1ticas desarrolladas puedan contactarse directamente con los responsables de las investigaciones\u201d.<\/p>\n<p>La imagen de la portada de la 2\u00aa edici\u00f3n es ocurrente e incitante para presentar el tema inicial de la revista, que es la Inteligencia Artificial: un cerebro humano (o no); dividido en dos partes, una aparentemente natural y la otra artificial, que es observado desde abajo por una persona. En parte inferior, cinco letreros, oct\u00f3gonos negros con letras en blanco que imitan a los etiquetados frontales de los envases de alimentos, de esos que advierten sobre los excesos de productos cuyo consumo es perjudicial para la salud.<\/p>\n<p>En el caso de la revista, las \u201calertas\u201d de los cinco etiquetados se refieren a excesos en: Electromec\u00e1nica, Electr\u00f3nica, Mecatr\u00f3nica; Ingenier\u00eda Industrial; Ciencias Agropecuarias; Qu\u00edmica y Alimentos; y Extensi\u00f3n, Vinculaci\u00f3n y Educaci\u00f3n en Ingenier\u00eda. Son, justamente, las cinco \u00e1reas en las que se organizaron las 100 ponencias que estudiantes y docentes expusieron durante la Semana de la Ingenier\u00eda, en junio pasado, y que difunde la publicaci\u00f3n en esta segunda edici\u00f3n.<\/p>\n<p>Con ese juego de im\u00e1genes y mensajes se presenta la tem\u00e1tica que aborda la revista en sus primeras p\u00e1ginas. Primero, a trav\u00e9s de un ejemplo concreto sobre el comportamiento de la IA ante un juego de instrucciones: c\u00f3mo aprende y qu\u00e9 respuesta da ante una situaci\u00f3n sobre la cual no tiene conocimiento. Luego, se profundiza el tema en una entrevista a un referente en el campo de la IA de la propia FICA, el Dr. Lu\u00eds Avila.<\/p>\n<p>En el Pr\u00f3logo de la revista, el Decano de la FICA, Mgtr. Sergio Ribotta agradeci\u00f3 a todos los que contribuyeron en la edici\u00f3n \u201cdesde los autores y sus valiosas contribuciones, hasta los revisores que han dedicado su tiempo y experiencia, y al equipo editorial que ha trabajado incansablemente para dar vida a esta publicaci\u00f3n. Tambi\u00e9n extendemos nuestro agradecimiento a todos los que, de una u otra manera, han apoyado este proyecto y han hecho posible que IdentiFICA contin\u00fae su desarrollo\u201d.<\/p>\n<p>&nbsp;<\/p>\n<p><strong>Nota: Jos\u00e9 Luis Baigorria. Radio UNSL Villa Mercedes<\/strong><\/p>\n<p><strong>Imagen: Subsecretar\u00eda de Comunicaci\u00f3n, Ceremonial y Protocolo<\/strong><\/p>\n","protected":false},"excerpt":{"rendered":"<p>La 2\u00aa edici\u00f3n de la revista IdentiFICA ya est\u00e1 en la web para que los lectores puedan acceder, de manera libre y gratuita, a sus&hellip;<\/p>\n","protected":false},"author":9,"featured_media":14633,"comment_status":"closed","ping_status":"closed","sticky":false,"template":"","format":"standard","meta":{"_monsterinsights_skip_tracking":false,"_monsterinsights_sitenote_active":false,"_monsterinsights_sitenote_note":"","_monsterinsights_sitenote_category":0,"_joinchat":[],"footnotes":""},"categories":[19],"tags":[],"class_list":["post-14632","post","type-post","status-publish","format-standard","has-post-thumbnail","hentry","category-noticias"],"yoast_head":"<!-- This site is optimized with the Yoast SEO plugin v27.4 - https:\/\/yoast.com\/product\/yoast-seo-wordpress\/ -->\n<title>IdentiFICA 2: 100 ponencias, dos cap\u00edtulos especiales y una reflexi\u00f3n sobre la IA - Facultad de Ingenier\u00eda y Ciencias Agropecuarias<\/title>\n<meta name=\"robots\" content=\"index, follow, max-snippet:-1, max-image-preview:large, max-video-preview:-1\" \/>\n<link rel=\"canonical\" href=\"https:\/\/www.fica.unsl.edu.ar\/index.php\/identifica-2-100-ponencias-dos-capitulos-especiales-y-una-reflexion-sobre-la-ia\/\" \/>\n<meta property=\"og:locale\" content=\"es_ES\" \/>\n<meta property=\"og:type\" content=\"article\" \/>\n<meta property=\"og:title\" content=\"IdentiFICA 2: 100 ponencias, dos cap\u00edtulos especiales y una reflexi\u00f3n sobre la IA - Facultad de Ingenier\u00eda y Ciencias Agropecuarias\" \/>\n<meta property=\"og:description\" content=\"La 2\u00aa edici\u00f3n de la revista IdentiFICA ya est\u00e1 en la web para que los lectores puedan acceder, de manera libre y gratuita, a sus&hellip;\" \/>\n<meta property=\"og:url\" content=\"https:\/\/www.fica.unsl.edu.ar\/index.php\/identifica-2-100-ponencias-dos-capitulos-especiales-y-una-reflexion-sobre-la-ia\/\" \/>\n<meta property=\"og:site_name\" content=\"Facultad de Ingenier\u00eda y Ciencias Agropecuarias\" \/>\n<meta property=\"article:publisher\" content=\"https:\/\/www.facebook.com\/FICA.UNSL\/\" \/>\n<meta property=\"article:published_time\" content=\"2023-09-27T13:43:11+00:00\" \/>\n<meta property=\"article:modified_time\" content=\"2023-10-09T12:01:27+00:00\" \/>\n<meta property=\"og:image\" content=\"https:\/\/www.fica.unsl.edu.ar\/wp-content\/uploads\/2023\/09\/identifica-carletto.jpg\" \/>\n\t<meta property=\"og:image:width\" content=\"1061\" \/>\n\t<meta property=\"og:image:height\" content=\"585\" \/>\n\t<meta property=\"og:image:type\" content=\"image\/jpeg\" \/>\n<meta name=\"author\" content=\"DATI\" \/>\n<meta name=\"twitter:card\" content=\"summary_large_image\" \/>\n<meta name=\"twitter:creator\" content=\"@FICAUNSL\" \/>\n<meta name=\"twitter:site\" content=\"@FICAUNSL\" \/>\n<meta name=\"twitter:label1\" content=\"Escrito por\" \/>\n\t<meta name=\"twitter:data1\" content=\"DATI\" \/>\n\t<meta name=\"twitter:label2\" content=\"Tiempo de lectura\" \/>\n\t<meta name=\"twitter:data2\" content=\"4 minutos\" \/>\n<script type=\"application\/ld+json\" class=\"yoast-schema-graph\">{\"@context\":\"https:\\\/\\\/schema.org\",\"@graph\":[{\"@type\":\"Article\",\"@id\":\"https:\\\/\\\/www.fica.unsl.edu.ar\\\/index.php\\\/identifica-2-100-ponencias-dos-capitulos-especiales-y-una-reflexion-sobre-la-ia\\\/#article\",\"isPartOf\":{\"@id\":\"https:\\\/\\\/www.fica.unsl.edu.ar\\\/index.php\\\/identifica-2-100-ponencias-dos-capitulos-especiales-y-una-reflexion-sobre-la-ia\\\/\"},\"author\":{\"name\":\"DATI\",\"@id\":\"https:\\\/\\\/www.fica.unsl.edu.ar\\\/#\\\/schema\\\/person\\\/6058f9c66301868d3a691b1f5d6c3544\"},\"headline\":\"IdentiFICA 2: 100 ponencias, dos cap\u00edtulos especiales y una reflexi\u00f3n sobre la IA\",\"datePublished\":\"2023-09-27T13:43:11+00:00\",\"dateModified\":\"2023-10-09T12:01:27+00:00\",\"mainEntityOfPage\":{\"@id\":\"https:\\\/\\\/www.fica.unsl.edu.ar\\\/index.php\\\/identifica-2-100-ponencias-dos-capitulos-especiales-y-una-reflexion-sobre-la-ia\\\/\"},\"wordCount\":774,\"publisher\":{\"@id\":\"https:\\\/\\\/www.fica.unsl.edu.ar\\\/#organization\"},\"image\":{\"@id\":\"https:\\\/\\\/www.fica.unsl.edu.ar\\\/index.php\\\/identifica-2-100-ponencias-dos-capitulos-especiales-y-una-reflexion-sobre-la-ia\\\/#primaryimage\"},\"thumbnailUrl\":\"https:\\\/\\\/www.fica.unsl.edu.ar\\\/wp-content\\\/uploads\\\/2023\\\/09\\\/identifica-carletto.jpg\",\"articleSection\":[\"Noticias\"],\"inLanguage\":\"es-AR\"},{\"@type\":\"WebPage\",\"@id\":\"https:\\\/\\\/www.fica.unsl.edu.ar\\\/index.php\\\/identifica-2-100-ponencias-dos-capitulos-especiales-y-una-reflexion-sobre-la-ia\\\/\",\"url\":\"https:\\\/\\\/www.fica.unsl.edu.ar\\\/index.php\\\/identifica-2-100-ponencias-dos-capitulos-especiales-y-una-reflexion-sobre-la-ia\\\/\",\"name\":\"IdentiFICA 2: 100 ponencias, dos cap\u00edtulos especiales y una reflexi\u00f3n sobre la IA - Facultad de Ingenier\u00eda y Ciencias Agropecuarias\",\"isPartOf\":{\"@id\":\"https:\\\/\\\/www.fica.unsl.edu.ar\\\/#website\"},\"primaryImageOfPage\":{\"@id\":\"https:\\\/\\\/www.fica.unsl.edu.ar\\\/index.php\\\/identifica-2-100-ponencias-dos-capitulos-especiales-y-una-reflexion-sobre-la-ia\\\/#primaryimage\"},\"image\":{\"@id\":\"https:\\\/\\\/www.fica.unsl.edu.ar\\\/index.php\\\/identifica-2-100-ponencias-dos-capitulos-especiales-y-una-reflexion-sobre-la-ia\\\/#primaryimage\"},\"thumbnailUrl\":\"https:\\\/\\\/www.fica.unsl.edu.ar\\\/wp-content\\\/uploads\\\/2023\\\/09\\\/identifica-carletto.jpg\",\"datePublished\":\"2023-09-27T13:43:11+00:00\",\"dateModified\":\"2023-10-09T12:01:27+00:00\",\"inLanguage\":\"es-AR\",\"potentialAction\":[{\"@type\":\"ReadAction\",\"target\":[\"https:\\\/\\\/www.fica.unsl.edu.ar\\\/index.php\\\/identifica-2-100-ponencias-dos-capitulos-especiales-y-una-reflexion-sobre-la-ia\\\/\"]}]},{\"@type\":\"ImageObject\",\"inLanguage\":\"es-AR\",\"@id\":\"https:\\\/\\\/www.fica.unsl.edu.ar\\\/index.php\\\/identifica-2-100-ponencias-dos-capitulos-especiales-y-una-reflexion-sobre-la-ia\\\/#primaryimage\",\"url\":\"https:\\\/\\\/www.fica.unsl.edu.ar\\\/wp-content\\\/uploads\\\/2023\\\/09\\\/identifica-carletto.jpg\",\"contentUrl\":\"https:\\\/\\\/www.fica.unsl.edu.ar\\\/wp-content\\\/uploads\\\/2023\\\/09\\\/identifica-carletto.jpg\",\"width\":1061,\"height\":585},{\"@type\":\"WebSite\",\"@id\":\"https:\\\/\\\/www.fica.unsl.edu.ar\\\/#website\",\"url\":\"https:\\\/\\\/www.fica.unsl.edu.ar\\\/\",\"name\":\"Facultad de Ingenier\u00eda y Ciencias Agropecuarias\",\"description\":\"\",\"publisher\":{\"@id\":\"https:\\\/\\\/www.fica.unsl.edu.ar\\\/#organization\"},\"potentialAction\":[{\"@type\":\"SearchAction\",\"target\":{\"@type\":\"EntryPoint\",\"urlTemplate\":\"https:\\\/\\\/www.fica.unsl.edu.ar\\\/?s={search_term_string}\"},\"query-input\":{\"@type\":\"PropertyValueSpecification\",\"valueRequired\":true,\"valueName\":\"search_term_string\"}}],\"inLanguage\":\"es-AR\"},{\"@type\":\"Organization\",\"@id\":\"https:\\\/\\\/www.fica.unsl.edu.ar\\\/#organization\",\"name\":\"Facultad de Ingenier\u00eda y Ciencias Agropecuarias\",\"url\":\"https:\\\/\\\/www.fica.unsl.edu.ar\\\/\",\"logo\":{\"@type\":\"ImageObject\",\"inLanguage\":\"es-AR\",\"@id\":\"https:\\\/\\\/www.fica.unsl.edu.ar\\\/#\\\/schema\\\/logo\\\/image\\\/\",\"url\":\"https:\\\/\\\/www.fica.unsl.edu.ar\\\/wp-content\\\/uploads\\\/2021\\\/03\\\/LOGO-1.jpg\",\"contentUrl\":\"https:\\\/\\\/www.fica.unsl.edu.ar\\\/wp-content\\\/uploads\\\/2021\\\/03\\\/LOGO-1.jpg\",\"width\":463,\"height\":145,\"caption\":\"Facultad de Ingenier\u00eda y Ciencias Agropecuarias\"},\"image\":{\"@id\":\"https:\\\/\\\/www.fica.unsl.edu.ar\\\/#\\\/schema\\\/logo\\\/image\\\/\"},\"sameAs\":[\"https:\\\/\\\/www.facebook.com\\\/FICA.UNSL\\\/\",\"https:\\\/\\\/x.com\\\/FICAUNSL\",\"https:\\\/\\\/www.instagram.com\\\/fica.unsl\\\/\",\"https:\\\/\\\/www.youtube.com\\\/channel\\\/UCs2MM53gb2PyBrMySdtWZDQ\"]},{\"@type\":\"Person\",\"@id\":\"https:\\\/\\\/www.fica.unsl.edu.ar\\\/#\\\/schema\\\/person\\\/6058f9c66301868d3a691b1f5d6c3544\",\"name\":\"DATI\"}]}<\/script>\n<!-- \/ Yoast SEO plugin. -->","yoast_head_json":{"title":"IdentiFICA 2: 100 ponencias, dos cap\u00edtulos especiales y una reflexi\u00f3n sobre la IA - Facultad de Ingenier\u00eda y Ciencias Agropecuarias","robots":{"index":"index","follow":"follow","max-snippet":"max-snippet:-1","max-image-preview":"max-image-preview:large","max-video-preview":"max-video-preview:-1"},"canonical":"https:\/\/www.fica.unsl.edu.ar\/index.php\/identifica-2-100-ponencias-dos-capitulos-especiales-y-una-reflexion-sobre-la-ia\/","og_locale":"es_ES","og_type":"article","og_title":"IdentiFICA 2: 100 ponencias, dos cap\u00edtulos especiales y una reflexi\u00f3n sobre la IA - Facultad de Ingenier\u00eda y Ciencias Agropecuarias","og_description":"La 2\u00aa edici\u00f3n de la revista IdentiFICA ya est\u00e1 en la web para que los lectores puedan acceder, de manera libre y gratuita, a sus&hellip;","og_url":"https:\/\/www.fica.unsl.edu.ar\/index.php\/identifica-2-100-ponencias-dos-capitulos-especiales-y-una-reflexion-sobre-la-ia\/","og_site_name":"Facultad de Ingenier\u00eda y Ciencias Agropecuarias","article_publisher":"https:\/\/www.facebook.com\/FICA.UNSL\/","article_published_time":"2023-09-27T13:43:11+00:00","article_modified_time":"2023-10-09T12:01:27+00:00","og_image":[{"width":1061,"height":585,"url":"https:\/\/www.fica.unsl.edu.ar\/wp-content\/uploads\/2023\/09\/identifica-carletto.jpg","type":"image\/jpeg"}],"author":"DATI","twitter_card":"summary_large_image","twitter_creator":"@FICAUNSL","twitter_site":"@FICAUNSL","twitter_misc":{"Escrito por":"DATI","Tiempo de lectura":"4 minutos"},"schema":{"@context":"https:\/\/schema.org","@graph":[{"@type":"Article","@id":"https:\/\/www.fica.unsl.edu.ar\/index.php\/identifica-2-100-ponencias-dos-capitulos-especiales-y-una-reflexion-sobre-la-ia\/#article","isPartOf":{"@id":"https:\/\/www.fica.unsl.edu.ar\/index.php\/identifica-2-100-ponencias-dos-capitulos-especiales-y-una-reflexion-sobre-la-ia\/"},"author":{"name":"DATI","@id":"https:\/\/www.fica.unsl.edu.ar\/#\/schema\/person\/6058f9c66301868d3a691b1f5d6c3544"},"headline":"IdentiFICA 2: 100 ponencias, dos cap\u00edtulos especiales y una reflexi\u00f3n sobre la IA","datePublished":"2023-09-27T13:43:11+00:00","dateModified":"2023-10-09T12:01:27+00:00","mainEntityOfPage":{"@id":"https:\/\/www.fica.unsl.edu.ar\/index.php\/identifica-2-100-ponencias-dos-capitulos-especiales-y-una-reflexion-sobre-la-ia\/"},"wordCount":774,"publisher":{"@id":"https:\/\/www.fica.unsl.edu.ar\/#organization"},"image":{"@id":"https:\/\/www.fica.unsl.edu.ar\/index.php\/identifica-2-100-ponencias-dos-capitulos-especiales-y-una-reflexion-sobre-la-ia\/#primaryimage"},"thumbnailUrl":"https:\/\/www.fica.unsl.edu.ar\/wp-content\/uploads\/2023\/09\/identifica-carletto.jpg","articleSection":["Noticias"],"inLanguage":"es-AR"},{"@type":"WebPage","@id":"https:\/\/www.fica.unsl.edu.ar\/index.php\/identifica-2-100-ponencias-dos-capitulos-especiales-y-una-reflexion-sobre-la-ia\/","url":"https:\/\/www.fica.unsl.edu.ar\/index.php\/identifica-2-100-ponencias-dos-capitulos-especiales-y-una-reflexion-sobre-la-ia\/","name":"IdentiFICA 2: 100 ponencias, dos cap\u00edtulos especiales y una reflexi\u00f3n sobre la IA - Facultad de Ingenier\u00eda y Ciencias Agropecuarias","isPartOf":{"@id":"https:\/\/www.fica.unsl.edu.ar\/#website"},"primaryImageOfPage":{"@id":"https:\/\/www.fica.unsl.edu.ar\/index.php\/identifica-2-100-ponencias-dos-capitulos-especiales-y-una-reflexion-sobre-la-ia\/#primaryimage"},"image":{"@id":"https:\/\/www.fica.unsl.edu.ar\/index.php\/identifica-2-100-ponencias-dos-capitulos-especiales-y-una-reflexion-sobre-la-ia\/#primaryimage"},"thumbnailUrl":"https:\/\/www.fica.unsl.edu.ar\/wp-content\/uploads\/2023\/09\/identifica-carletto.jpg","datePublished":"2023-09-27T13:43:11+00:00","dateModified":"2023-10-09T12:01:27+00:00","inLanguage":"es-AR","potentialAction":[{"@type":"ReadAction","target":["https:\/\/www.fica.unsl.edu.ar\/index.php\/identifica-2-100-ponencias-dos-capitulos-especiales-y-una-reflexion-sobre-la-ia\/"]}]},{"@type":"ImageObject","inLanguage":"es-AR","@id":"https:\/\/www.fica.unsl.edu.ar\/index.php\/identifica-2-100-ponencias-dos-capitulos-especiales-y-una-reflexion-sobre-la-ia\/#primaryimage","url":"https:\/\/www.fica.unsl.edu.ar\/wp-content\/uploads\/2023\/09\/identifica-carletto.jpg","contentUrl":"https:\/\/www.fica.unsl.edu.ar\/wp-content\/uploads\/2023\/09\/identifica-carletto.jpg","width":1061,"height":585},{"@type":"WebSite","@id":"https:\/\/www.fica.unsl.edu.ar\/#website","url":"https:\/\/www.fica.unsl.edu.ar\/","name":"Facultad de Ingenier\u00eda y Ciencias Agropecuarias","description":"","publisher":{"@id":"https:\/\/www.fica.unsl.edu.ar\/#organization"},"potentialAction":[{"@type":"SearchAction","target":{"@type":"EntryPoint","urlTemplate":"https:\/\/www.fica.unsl.edu.ar\/?s={search_term_string}"},"query-input":{"@type":"PropertyValueSpecification","valueRequired":true,"valueName":"search_term_string"}}],"inLanguage":"es-AR"},{"@type":"Organization","@id":"https:\/\/www.fica.unsl.edu.ar\/#organization","name":"Facultad de Ingenier\u00eda y Ciencias Agropecuarias","url":"https:\/\/www.fica.unsl.edu.ar\/","logo":{"@type":"ImageObject","inLanguage":"es-AR","@id":"https:\/\/www.fica.unsl.edu.ar\/#\/schema\/logo\/image\/","url":"https:\/\/www.fica.unsl.edu.ar\/wp-content\/uploads\/2021\/03\/LOGO-1.jpg","contentUrl":"https:\/\/www.fica.unsl.edu.ar\/wp-content\/uploads\/2021\/03\/LOGO-1.jpg","width":463,"height":145,"caption":"Facultad de Ingenier\u00eda y Ciencias Agropecuarias"},"image":{"@id":"https:\/\/www.fica.unsl.edu.ar\/#\/schema\/logo\/image\/"},"sameAs":["https:\/\/www.facebook.com\/FICA.UNSL\/","https:\/\/x.com\/FICAUNSL","https:\/\/www.instagram.com\/fica.unsl\/","https:\/\/www.youtube.com\/channel\/UCs2MM53gb2PyBrMySdtWZDQ"]},{"@type":"Person","@id":"https:\/\/www.fica.unsl.edu.ar\/#\/schema\/person\/6058f9c66301868d3a691b1f5d6c3544","name":"DATI"}]}},"_links":{"self":[{"href":"https:\/\/www.fica.unsl.edu.ar\/index.php\/wp-json\/wp\/v2\/posts\/14632","targetHints":{"allow":["GET"]}}],"collection":[{"href":"https:\/\/www.fica.unsl.edu.ar\/index.php\/wp-json\/wp\/v2\/posts"}],"about":[{"href":"https:\/\/www.fica.unsl.edu.ar\/index.php\/wp-json\/wp\/v2\/types\/post"}],"author":[{"embeddable":true,"href":"https:\/\/www.fica.unsl.edu.ar\/index.php\/wp-json\/wp\/v2\/users\/9"}],"replies":[{"embeddable":true,"href":"https:\/\/www.fica.unsl.edu.ar\/index.php\/wp-json\/wp\/v2\/comments?post=14632"}],"version-history":[{"count":3,"href":"https:\/\/www.fica.unsl.edu.ar\/index.php\/wp-json\/wp\/v2\/posts\/14632\/revisions"}],"predecessor-version":[{"id":14636,"href":"https:\/\/www.fica.unsl.edu.ar\/index.php\/wp-json\/wp\/v2\/posts\/14632\/revisions\/14636"}],"wp:featuredmedia":[{"embeddable":true,"href":"https:\/\/www.fica.unsl.edu.ar\/index.php\/wp-json\/wp\/v2\/media\/14633"}],"wp:attachment":[{"href":"https:\/\/www.fica.unsl.edu.ar\/index.php\/wp-json\/wp\/v2\/media?parent=14632"}],"wp:term":[{"taxonomy":"category","embeddable":true,"href":"https:\/\/www.fica.unsl.edu.ar\/index.php\/wp-json\/wp\/v2\/categories?post=14632"},{"taxonomy":"post_tag","embeddable":true,"href":"https:\/\/www.fica.unsl.edu.ar\/index.php\/wp-json\/wp\/v2\/tags?post=14632"}],"curies":[{"name":"wp","href":"https:\/\/api.w.org\/{rel}","templated":true}]}}